{"id":389310,"date":"2022-04-29T09:35:00","date_gmt":"2022-04-29T08:35:00","guid":{"rendered":"http:\/\/kapitalis.com\/tunisie\/?p=389310"},"modified":"2022-04-29T09:38:42","modified_gmt":"2022-04-29T08:38:42","slug":"tunisie-japon-mohamed-ghannouchi-decore-du-grand-cordon-de-lordre-du-soleil-levant","status":"publish","type":"post","link":"https:\/\/kapitalis.com\/tunisie\/2022\/04\/29\/tunisie-japon-mohamed-ghannouchi-decore-du-grand-cordon-de-lordre-du-soleil-levant\/","title":{"rendered":"Tunisie\u00a0&#8211; Japon : Mohamed Ghannouchi d\u00e9cor\u00e9 du Grand Cordon de l&rsquo;Ordre du Soleil Levant"},"content":{"rendered":"\n<div class=\"wp-block-image\"><figure class=\"aligncenter size-full\"><img decoding=\"async\" src=\"http:\/\/kapitalis.com\/tunisie\/wp-content\/uploads\/2019\/01\/Mohamed-Ghannouchi.jpg\" alt=\"\" class=\"wp-image-193710\"\/><\/figure><\/div>\n\n\n\n<p><strong><em>Le 29 avril 2022, le gouvernement du Japon a publi\u00e9 sa liste de remise des d\u00e9corations \u00abPrintemps 2022\u00bb. Parmi les laur\u00e9ats figure l&rsquo;ancien Premier ministre tunisien Mohamed Ghannouchi, distingu\u00e9 pour sa contribution au d\u00e9veloppement de la relation et la compr\u00e9hension mutuelle entre le Japon et la Tunisie.<\/em><\/strong><\/p>\n\n\n\n<!--more-->\n\n\n\n<p><em><u>\u00abL&rsquo;a<\/u>ncien Premier ministre et ancien ministre de la Coop\u00e9ration internationale et des investissements \u00e9trangers a \u00e9t\u00e9 d\u00e9cor\u00e9 du Grand Cordon de l&rsquo;Ordre du Soleil Levant<\/em> <em>pour sa contribution au d\u00e9veloppement de la relation et la compr\u00e9hension mutuelle entre le Japon et la Tunisie\u00bb<\/em>, indique l&rsquo;ambassade du Japon \u00e0 Tunis dans un communiqu\u00e9 publi\u00e9 \u00e0 cette occasion.<\/p>\n\n\n\n<p><em>\u00abLorsqu&rsquo;il \u00e9tait \u00e9tait ministre de la Coop\u00e9ration internationale et des Investissement \u00e9trangers de 1991 \u00e0 1999, M. Ghannouchi a donn\u00e9 la priorit\u00e9 \u00e0 la diversification du partenariat de coop\u00e9ration \u00e9conomique et a activement promu des projets avec le Japon dans les domaines des infrastructures, des sciences et technologies et des technologies de l&rsquo;information\u00bb<\/em>, pr\u00e9cise le communiqu\u00e9. Et ajoute\u00a0: <em>\u00abAu cours de son service en tant que ministre de la Coop\u00e9ration internationale et des Investissements \u00e9trangers, 10 projets de l&rsquo;aide publique au d\u00e9veloppement ont \u00e9t\u00e9 sign\u00e9s, pour un total de 66 milliards de yens en coop\u00e9ration \u00e9conomique. Parmi eux le premier grand projet de coop\u00e9ration de la Jica en Tunisie, le projet d&rsquo;am\u00e9lioration et d&rsquo;expansion du r\u00e9seau de transmission interurbain en 1993, a contribu\u00e9 \u00e0 une am\u00e9lioration significative du niveau des services de t\u00e9l\u00e9communication dans toute la Tunisie et a jet\u00e9 les bases de la num\u00e9risation et du d\u00e9veloppement ult\u00e9rieurs du pays comme un pays \u00e0 forte capacit\u00e9 technologie. Par ailleurs, le projet de construction du pont de Rades-La Goulette, pour lequel un accord de pr\u00eat a \u00e9t\u00e9 sign\u00e9 en 1999, est devenu un symbole des relations amicales entre le Japon et la Tunisie, au point qu\u2019il a \u00e9t\u00e9 adopt\u00e9 comme motif d&rsquo;un timbre postal comm\u00e9moratif c\u00e9l\u00e9brant l&rsquo;\u00e9tablissement des relations diplomatiques bilat\u00e9rales entre le Japon et la Tunisie.\u00bb<\/em><\/p>\n\n\n\n<p>M. Ghannouchi, en tant que Premier ministre de 1999 \u00e0 2011, a \u0153uvr\u00e9 pour e d\u00e9veloppement de la coop\u00e9ration scientifique et technologique entre le Japon et la Tunisie, et lors d&rsquo;une visite au Japon en 2003, il a propos\u00e9 au Premier ministre Koizumi un projet de construction du Technoparc de Borj Cedria. Depuis lors, le parc s&rsquo;est d\u00e9velopp\u00e9 en un centre de coop\u00e9ration de recherche, y compris le partenariat avec l&rsquo;Universit\u00e9 de Tsukuba en 2008.<\/p>\n\n\n\n<p>En outre, M. Ghannouchi a d\u00e9velopp\u00e9 la coop\u00e9ration triangulaire Afrique-Japon-Tunisie. Le projet d&rsquo;\u00e9ducation \u00e0 la sant\u00e9 reproductive et \u200b\u200ble projet Kaizen eu sont de bons exemples.<\/p>\n\n\n\n<p><a><\/a> <em>\u00abAinsi M. Ghannouchi a fond\u00e9 la base de l\u2019initiative triangulaire, qui devrait \u00eatre davantage d\u00e9velopp\u00e9e lors de la Tica 8 qui se tiendra cet \u00e9t\u00e9 en Tunisie\u00bb<\/em>, conclut le communiqu\u00e9 de l&rsquo;ambassade.<\/p>\n","protected":false},"excerpt":{"rendered":"<p>Le 29 avril 2022, le gouvernement du Japon a publi\u00e9 sa liste de remise des d\u00e9corations \u00abPrintemps 2022\u00bb. Parmi les laur\u00e9ats figure l&rsquo;ancien Premier ministre tunisien Mohamed Ghannouchi, distingu\u00e9 pour sa contribution au d\u00e9veloppement de la relation et la compr\u00e9hension mutuelle entre le Japon et la Tunisie.<\/p>\n","protected":false},"author":8,"featured_media":0,"comment_status":"open","ping_status":"open","sticky":false,"template":"","format":"standard","meta":{"footnotes":""},"categories":[997,2433],"tags":[4855,24777,2299,99290,99292,62643,99291],"class_list":["post-389310","post","type-post","status-publish","format-standard","hentry","category-politique","category-tunisie","tag-japon","tag-jica","tag-mohamed-ghannouchi","tag-pont-de-rades-la-goulette","tag-technoparc-de-borj-cedria","tag-tunisie","tag-universite-de-tsukuba"],"yoast_head":"<!-- This site is optimized with the Yoast SEO plugin v26.6 - https:\/\/yoast.com\/wordpress\/plugins\/seo\/ -->\n<title>Tunisie\u00a0- Japon : Mohamed Ghannouchi d\u00e9cor\u00e9 du Grand Cordon de l&#039;Ordre du Soleil Levant - Kapitalis<\/title>\n<meta name=\"robots\" content=\"index, follow, max-snippet:-1, max-image-preview:large, max-video-preview:-1\" \/>\n<link rel=\"canonical\" href=\"https:\/\/kapitalis.com\/tunisie\/2022\/04\/29\/tunisie-japon-mohamed-ghannouchi-decore-du-grand-cordon-de-lordre-du-soleil-levant\/\" \/>\n<meta property=\"og:locale\" content=\"fr_FR\" \/>\n<meta property=\"og:type\" content=\"article\" \/>\n<meta property=\"og:title\" content=\"Tunisie\u00a0- Japon : Mohamed Ghannouchi d\u00e9cor\u00e9 du Grand Cordon de l&#039;Ordre du Soleil Levant - Kapitalis\" \/>\n<meta property=\"og:description\" content=\"Le 29 avril 2022, le gouvernement du Japon a publi\u00e9 sa liste de remise des d\u00e9corations \u00abPrintemps 2022\u00bb. Parmi les laur\u00e9ats figure l&rsquo;ancien Premier ministre tunisien Mohamed Ghannouchi, distingu\u00e9 pour sa contribution au d\u00e9veloppement de la relation et la compr\u00e9hension mutuelle entre le Japon et la Tunisie.\" \/>\n<meta property=\"og:url\" content=\"https:\/\/kapitalis.com\/tunisie\/2022\/04\/29\/tunisie-japon-mohamed-ghannouchi-decore-du-grand-cordon-de-lordre-du-soleil-levant\/\" \/>\n<meta property=\"og:site_name\" content=\"Kapitalis\" \/>\n<meta property=\"article:publisher\" content=\"https:\/\/www.facebook.com\/KapitalisInfo\/\" \/>\n<meta property=\"article:published_time\" content=\"2022-04-29T08:35:00+00:00\" \/>\n<meta property=\"article:modified_time\" content=\"2022-04-29T08:38:42+00:00\" \/>\n<meta property=\"og:image\" content=\"http:\/\/kapitalis.com\/tunisie\/wp-content\/uploads\/2019\/01\/Mohamed-Ghannouchi.jpg\" \/>\n<meta name=\"author\" content=\"webmaster kapitalis\" \/>\n<meta name=\"twitter:card\" content=\"summary_large_image\" \/>\n<meta name=\"twitter:creator\" content=\"@KapitalisInfo\" \/>\n<meta name=\"twitter:site\" content=\"@KapitalisInfo\" \/>\n<meta name=\"twitter:label1\" content=\"\u00c9crit par\" \/>\n\t<meta name=\"twitter:data1\" content=\"webmaster kapitalis\" \/>\n\t<meta name=\"twitter:label2\" content=\"Dur\u00e9e de lecture estim\u00e9e\" \/>\n\t<meta name=\"twitter:data2\" content=\"2 minutes\" \/>\n<script type=\"application\/ld+json\" class=\"yoast-schema-graph\">{\"@context\":\"https:\/\/schema.org\",\"@graph\":[{\"@type\":\"Article\",\"@id\":\"https:\/\/kapitalis.com\/tunisie\/2022\/04\/29\/tunisie-japon-mohamed-ghannouchi-decore-du-grand-cordon-de-lordre-du-soleil-levant\/#article\",\"isPartOf\":{\"@id\":\"https:\/\/kapitalis.com\/tunisie\/2022\/04\/29\/tunisie-japon-mohamed-ghannouchi-decore-du-grand-cordon-de-lordre-du-soleil-levant\/\"},\"author\":{\"name\":\"webmaster kapitalis\",\"@id\":\"https:\/\/kapitalis.com\/tunisie\/#\/schema\/person\/d71f33a9ca44f7bad4698210b480c8e9\"},\"headline\":\"Tunisie\u00a0&#8211; Japon : Mohamed Ghannouchi d\u00e9cor\u00e9 du Grand Cordon de l&rsquo;Ordre du Soleil Levant\",\"datePublished\":\"2022-04-29T08:35:00+00:00\",\"dateModified\":\"2022-04-29T08:38:42+00:00\",\"mainEntityOfPage\":{\"@id\":\"https:\/\/kapitalis.com\/tunisie\/2022\/04\/29\/tunisie-japon-mohamed-ghannouchi-decore-du-grand-cordon-de-lordre-du-soleil-levant\/\"},\"wordCount\":487,\"commentCount\":1,\"publisher\":{\"@id\":\"https:\/\/kapitalis.com\/tunisie\/#organization\"},\"image\":{\"@id\":\"https:\/\/kapitalis.com\/tunisie\/2022\/04\/29\/tunisie-japon-mohamed-ghannouchi-decore-du-grand-cordon-de-lordre-du-soleil-levant\/#primaryimage\"},\"thumbnailUrl\":\"http:\/\/kapitalis.com\/tunisie\/wp-content\/uploads\/2019\/01\/Mohamed-Ghannouchi.jpg\",\"keywords\":[\"Japon\",\"Jica\",\"Mohamed Ghannouchi\",\"pont de Rades-La Goulette\",\"Technoparc de Borj Cedria\",\"Tunisie\",\"Universit\u00e9 de Tsukuba\"],\"articleSection\":[\"POLITIQUE\",\"Tunisie\"],\"inLanguage\":\"fr-FR\",\"potentialAction\":[{\"@type\":\"CommentAction\",\"name\":\"Comment\",\"target\":[\"https:\/\/kapitalis.com\/tunisie\/2022\/04\/29\/tunisie-japon-mohamed-ghannouchi-decore-du-grand-cordon-de-lordre-du-soleil-levant\/#respond\"]}]},{\"@type\":\"WebPage\",\"@id\":\"https:\/\/kapitalis.com\/tunisie\/2022\/04\/29\/tunisie-japon-mohamed-ghannouchi-decore-du-grand-cordon-de-lordre-du-soleil-levant\/\",\"url\":\"https:\/\/kapitalis.com\/tunisie\/2022\/04\/29\/tunisie-japon-mohamed-ghannouchi-decore-du-grand-cordon-de-lordre-du-soleil-levant\/\",\"name\":\"Tunisie\u00a0- Japon : Mohamed Ghannouchi d\u00e9cor\u00e9 du Grand Cordon de l'Ordre du Soleil Levant - Kapitalis\",\"isPartOf\":{\"@id\":\"https:\/\/kapitalis.com\/tunisie\/#website\"},\"primaryImageOfPage\":{\"@id\":\"https:\/\/kapitalis.com\/tunisie\/2022\/04\/29\/tunisie-japon-mohamed-ghannouchi-decore-du-grand-cordon-de-lordre-du-soleil-levant\/#primaryimage\"},\"image\":{\"@id\":\"https:\/\/kapitalis.com\/tunisie\/2022\/04\/29\/tunisie-japon-mohamed-ghannouchi-decore-du-grand-cordon-de-lordre-du-soleil-levant\/#primaryimage\"},\"thumbnailUrl\":\"http:\/\/kapitalis.com\/tunisie\/wp-content\/uploads\/2019\/01\/Mohamed-Ghannouchi.jpg\",\"datePublished\":\"2022-04-29T08:35:00+00:00\",\"dateModified\":\"2022-04-29T08:38:42+00:00\",\"breadcrumb\":{\"@id\":\"https:\/\/kapitalis.com\/tunisie\/2022\/04\/29\/tunisie-japon-mohamed-ghannouchi-decore-du-grand-cordon-de-lordre-du-soleil-levant\/#breadcrumb\"},\"inLanguage\":\"fr-FR\",\"potentialAction\":[{\"@type\":\"ReadAction\",\"target\":[\"https:\/\/kapitalis.com\/tunisie\/2022\/04\/29\/tunisie-japon-mohamed-ghannouchi-decore-du-grand-cordon-de-lordre-du-soleil-levant\/\"]}]},{\"@type\":\"ImageObject\",\"inLanguage\":\"fr-FR\",\"@id\":\"https:\/\/kapitalis.com\/tunisie\/2022\/04\/29\/tunisie-japon-mohamed-ghannouchi-decore-du-grand-cordon-de-lordre-du-soleil-levant\/#primaryimage\",\"url\":\"http:\/\/kapitalis.com\/tunisie\/wp-content\/uploads\/2019\/01\/Mohamed-Ghannouchi.jpg\",\"contentUrl\":\"http:\/\/kapitalis.com\/tunisie\/wp-content\/uploads\/2019\/01\/Mohamed-Ghannouchi.jpg\"},{\"@type\":\"BreadcrumbList\",\"@id\":\"https:\/\/kapitalis.com\/tunisie\/2022\/04\/29\/tunisie-japon-mohamed-ghannouchi-decore-du-grand-cordon-de-lordre-du-soleil-levant\/#breadcrumb\",\"itemListElement\":[{\"@type\":\"ListItem\",\"position\":1,\"name\":\"Accueil\",\"item\":\"https:\/\/kapitalis.com\/tunisie\/\"},{\"@type\":\"ListItem\",\"position\":2,\"name\":\"Tunisie\u00a0&#8211; Japon : Mohamed Ghannouchi d\u00e9cor\u00e9 du Grand Cordon de l&rsquo;Ordre du Soleil Levant\"}]},{\"@type\":\"WebSite\",\"@id\":\"https:\/\/kapitalis.com\/tunisie\/#website\",\"url\":\"https:\/\/kapitalis.com\/tunisie\/\",\"name\":\"Kapitalis\",\"description\":\"L&#039;actualit\u00e9 en Tunisie et dans le monde\",\"publisher\":{\"@id\":\"https:\/\/kapitalis.com\/tunisie\/#organization\"},\"potentialAction\":[{\"@type\":\"SearchAction\",\"target\":{\"@type\":\"EntryPoint\",\"urlTemplate\":\"https:\/\/kapitalis.com\/tunisie\/?s={search_term_string}\"},\"query-input\":{\"@type\":\"PropertyValueSpecification\",\"valueRequired\":true,\"valueName\":\"search_term_string\"}}],\"inLanguage\":\"fr-FR\"},{\"@type\":\"Organization\",\"@id\":\"https:\/\/kapitalis.com\/tunisie\/#organization\",\"name\":\"Kapitalis\",\"url\":\"https:\/\/kapitalis.com\/tunisie\/\",\"logo\":{\"@type\":\"ImageObject\",\"inLanguage\":\"fr-FR\",\"@id\":\"https:\/\/kapitalis.com\/tunisie\/#\/schema\/logo\/image\/\",\"url\":\"https:\/\/kapitalis.com\/tunisie\/wp-content\/uploads\/2022\/05\/Kapitalis-big-size.png\",\"contentUrl\":\"https:\/\/kapitalis.com\/tunisie\/wp-content\/uploads\/2022\/05\/Kapitalis-big-size.png\",\"width\":5000,\"height\":1500,\"caption\":\"Kapitalis\"},\"image\":{\"@id\":\"https:\/\/kapitalis.com\/tunisie\/#\/schema\/logo\/image\/\"},\"sameAs\":[\"https:\/\/www.facebook.com\/KapitalisInfo\/\",\"https:\/\/x.com\/KapitalisInfo\",\"https:\/\/www.youtube.com\/channel\/UC-yDYrHyfFBWWZaOw3FPg9Q\"]},{\"@type\":\"Person\",\"@id\":\"https:\/\/kapitalis.com\/tunisie\/#\/schema\/person\/d71f33a9ca44f7bad4698210b480c8e9\",\"name\":\"webmaster kapitalis\",\"url\":\"https:\/\/kapitalis.com\/tunisie\/author\/webmaster-kapitalis\/\"}]}<\/script>\n<!-- \/ Yoast SEO plugin. -->","yoast_head_json":{"title":"Tunisie\u00a0- Japon : Mohamed Ghannouchi d\u00e9cor\u00e9 du Grand Cordon de l'Ordre du Soleil Levant - Kapitalis","robots":{"index":"index","follow":"follow","max-snippet":"max-snippet:-1","max-image-preview":"max-image-preview:large","max-video-preview":"max-video-preview:-1"},"canonical":"https:\/\/kapitalis.com\/tunisie\/2022\/04\/29\/tunisie-japon-mohamed-ghannouchi-decore-du-grand-cordon-de-lordre-du-soleil-levant\/","og_locale":"fr_FR","og_type":"article","og_title":"Tunisie\u00a0- Japon : Mohamed Ghannouchi d\u00e9cor\u00e9 du Grand Cordon de l'Ordre du Soleil Levant - Kapitalis","og_description":"Le 29 avril 2022, le gouvernement du Japon a publi\u00e9 sa liste de remise des d\u00e9corations \u00abPrintemps 2022\u00bb. Parmi les laur\u00e9ats figure l&rsquo;ancien Premier ministre tunisien Mohamed Ghannouchi, distingu\u00e9 pour sa contribution au d\u00e9veloppement de la relation et la compr\u00e9hension mutuelle entre le Japon et la Tunisie.","og_url":"https:\/\/kapitalis.com\/tunisie\/2022\/04\/29\/tunisie-japon-mohamed-ghannouchi-decore-du-grand-cordon-de-lordre-du-soleil-levant\/","og_site_name":"Kapitalis","article_publisher":"https:\/\/www.facebook.com\/KapitalisInfo\/","article_published_time":"2022-04-29T08:35:00+00:00","article_modified_time":"2022-04-29T08:38:42+00:00","og_image":[{"url":"http:\/\/kapitalis.com\/tunisie\/wp-content\/uploads\/2019\/01\/Mohamed-Ghannouchi.jpg","type":"","width":"","height":""}],"author":"webmaster kapitalis","twitter_card":"summary_large_image","twitter_creator":"@KapitalisInfo","twitter_site":"@KapitalisInfo","twitter_misc":{"\u00c9crit par":"webmaster kapitalis","Dur\u00e9e de lecture estim\u00e9e":"2 minutes"},"schema":{"@context":"https:\/\/schema.org","@graph":[{"@type":"Article","@id":"https:\/\/kapitalis.com\/tunisie\/2022\/04\/29\/tunisie-japon-mohamed-ghannouchi-decore-du-grand-cordon-de-lordre-du-soleil-levant\/#article","isPartOf":{"@id":"https:\/\/kapitalis.com\/tunisie\/2022\/04\/29\/tunisie-japon-mohamed-ghannouchi-decore-du-grand-cordon-de-lordre-du-soleil-levant\/"},"author":{"name":"webmaster kapitalis","@id":"https:\/\/kapitalis.com\/tunisie\/#\/schema\/person\/d71f33a9ca44f7bad4698210b480c8e9"},"headline":"Tunisie\u00a0&#8211; Japon : Mohamed Ghannouchi d\u00e9cor\u00e9 du Grand Cordon de l&rsquo;Ordre du Soleil Levant","datePublished":"2022-04-29T08:35:00+00:00","dateModified":"2022-04-29T08:38:42+00:00","mainEntityOfPage":{"@id":"https:\/\/kapitalis.com\/tunisie\/2022\/04\/29\/tunisie-japon-mohamed-ghannouchi-decore-du-grand-cordon-de-lordre-du-soleil-levant\/"},"wordCount":487,"commentCount":1,"publisher":{"@id":"https:\/\/kapitalis.com\/tunisie\/#organization"},"image":{"@id":"https:\/\/kapitalis.com\/tunisie\/2022\/04\/29\/tunisie-japon-mohamed-ghannouchi-decore-du-grand-cordon-de-lordre-du-soleil-levant\/#primaryimage"},"thumbnailUrl":"http:\/\/kapitalis.com\/tunisie\/wp-content\/uploads\/2019\/01\/Mohamed-Ghannouchi.jpg","keywords":["Japon","Jica","Mohamed Ghannouchi","pont de Rades-La Goulette","Technoparc de Borj Cedria","Tunisie","Universit\u00e9 de Tsukuba"],"articleSection":["POLITIQUE","Tunisie"],"inLanguage":"fr-FR","potentialAction":[{"@type":"CommentAction","name":"Comment","target":["https:\/\/kapitalis.com\/tunisie\/2022\/04\/29\/tunisie-japon-mohamed-ghannouchi-decore-du-grand-cordon-de-lordre-du-soleil-levant\/#respond"]}]},{"@type":"WebPage","@id":"https:\/\/kapitalis.com\/tunisie\/2022\/04\/29\/tunisie-japon-mohamed-ghannouchi-decore-du-grand-cordon-de-lordre-du-soleil-levant\/","url":"https:\/\/kapitalis.com\/tunisie\/2022\/04\/29\/tunisie-japon-mohamed-ghannouchi-decore-du-grand-cordon-de-lordre-du-soleil-levant\/","name":"Tunisie\u00a0- Japon : Mohamed Ghannouchi d\u00e9cor\u00e9 du Grand Cordon de l'Ordre du Soleil Levant - Kapitalis","isPartOf":{"@id":"https:\/\/kapitalis.com\/tunisie\/#website"},"primaryImageOfPage":{"@id":"https:\/\/kapitalis.com\/tunisie\/2022\/04\/29\/tunisie-japon-mohamed-ghannouchi-decore-du-grand-cordon-de-lordre-du-soleil-levant\/#primaryimage"},"image":{"@id":"https:\/\/kapitalis.com\/tunisie\/2022\/04\/29\/tunisie-japon-mohamed-ghannouchi-decore-du-grand-cordon-de-lordre-du-soleil-levant\/#primaryimage"},"thumbnailUrl":"http:\/\/kapitalis.com\/tunisie\/wp-content\/uploads\/2019\/01\/Mohamed-Ghannouchi.jpg","datePublished":"2022-04-29T08:35:00+00:00","dateModified":"2022-04-29T08:38:42+00:00","breadcrumb":{"@id":"https:\/\/kapitalis.com\/tunisie\/2022\/04\/29\/tunisie-japon-mohamed-ghannouchi-decore-du-grand-cordon-de-lordre-du-soleil-levant\/#breadcrumb"},"inLanguage":"fr-FR","potentialAction":[{"@type":"ReadAction","target":["https:\/\/kapitalis.com\/tunisie\/2022\/04\/29\/tunisie-japon-mohamed-ghannouchi-decore-du-grand-cordon-de-lordre-du-soleil-levant\/"]}]},{"@type":"ImageObject","inLanguage":"fr-FR","@id":"https:\/\/kapitalis.com\/tunisie\/2022\/04\/29\/tunisie-japon-mohamed-ghannouchi-decore-du-grand-cordon-de-lordre-du-soleil-levant\/#primaryimage","url":"http:\/\/kapitalis.com\/tunisie\/wp-content\/uploads\/2019\/01\/Mohamed-Ghannouchi.jpg","contentUrl":"http:\/\/kapitalis.com\/tunisie\/wp-content\/uploads\/2019\/01\/Mohamed-Ghannouchi.jpg"},{"@type":"BreadcrumbList","@id":"https:\/\/kapitalis.com\/tunisie\/2022\/04\/29\/tunisie-japon-mohamed-ghannouchi-decore-du-grand-cordon-de-lordre-du-soleil-levant\/#breadcrumb","itemListElement":[{"@type":"ListItem","position":1,"name":"Accueil","item":"https:\/\/kapitalis.com\/tunisie\/"},{"@type":"ListItem","position":2,"name":"Tunisie\u00a0&#8211; Japon : Mohamed Ghannouchi d\u00e9cor\u00e9 du Grand Cordon de l&rsquo;Ordre du Soleil Levant"}]},{"@type":"WebSite","@id":"https:\/\/kapitalis.com\/tunisie\/#website","url":"https:\/\/kapitalis.com\/tunisie\/","name":"Kapitalis","description":"L&#039;actualit\u00e9 en Tunisie et dans le monde","publisher":{"@id":"https:\/\/kapitalis.com\/tunisie\/#organization"},"potentialAction":[{"@type":"SearchAction","target":{"@type":"EntryPoint","urlTemplate":"https:\/\/kapitalis.com\/tunisie\/?s={search_term_string}"},"query-input":{"@type":"PropertyValueSpecification","valueRequired":true,"valueName":"search_term_string"}}],"inLanguage":"fr-FR"},{"@type":"Organization","@id":"https:\/\/kapitalis.com\/tunisie\/#organization","name":"Kapitalis","url":"https:\/\/kapitalis.com\/tunisie\/","logo":{"@type":"ImageObject","inLanguage":"fr-FR","@id":"https:\/\/kapitalis.com\/tunisie\/#\/schema\/logo\/image\/","url":"https:\/\/kapitalis.com\/tunisie\/wp-content\/uploads\/2022\/05\/Kapitalis-big-size.png","contentUrl":"https:\/\/kapitalis.com\/tunisie\/wp-content\/uploads\/2022\/05\/Kapitalis-big-size.png","width":5000,"height":1500,"caption":"Kapitalis"},"image":{"@id":"https:\/\/kapitalis.com\/tunisie\/#\/schema\/logo\/image\/"},"sameAs":["https:\/\/www.facebook.com\/KapitalisInfo\/","https:\/\/x.com\/KapitalisInfo","https:\/\/www.youtube.com\/channel\/UC-yDYrHyfFBWWZaOw3FPg9Q"]},{"@type":"Person","@id":"https:\/\/kapitalis.com\/tunisie\/#\/schema\/person\/d71f33a9ca44f7bad4698210b480c8e9","name":"webmaster kapitalis","url":"https:\/\/kapitalis.com\/tunisie\/author\/webmaster-kapitalis\/"}]}},"_links":{"self":[{"href":"https:\/\/kapitalis.com\/tunisie\/wp-json\/wp\/v2\/posts\/389310","targetHints":{"allow":["GET"]}}],"collection":[{"href":"https:\/\/kapitalis.com\/tunisie\/wp-json\/wp\/v2\/posts"}],"about":[{"href":"https:\/\/kapitalis.com\/tunisie\/wp-json\/wp\/v2\/types\/post"}],"author":[{"embeddable":true,"href":"https:\/\/kapitalis.com\/tunisie\/wp-json\/wp\/v2\/users\/8"}],"replies":[{"embeddable":true,"href":"https:\/\/kapitalis.com\/tunisie\/wp-json\/wp\/v2\/comments?post=389310"}],"version-history":[{"count":0,"href":"https:\/\/kapitalis.com\/tunisie\/wp-json\/wp\/v2\/posts\/389310\/revisions"}],"wp:attachment":[{"href":"https:\/\/kapitalis.com\/tunisie\/wp-json\/wp\/v2\/media?parent=389310"}],"wp:term":[{"taxonomy":"category","embeddable":true,"href":"https:\/\/kapitalis.com\/tunisie\/wp-json\/wp\/v2\/categories?post=389310"},{"taxonomy":"post_tag","embeddable":true,"href":"https:\/\/kapitalis.com\/tunisie\/wp-json\/wp\/v2\/tags?post=389310"}],"curies":[{"name":"wp","href":"https:\/\/api.w.org\/{rel}","templated":true}]}}