{"id":389389,"date":"2022-04-30T09:56:27","date_gmt":"2022-04-30T08:56:27","guid":{"rendered":"http:\/\/kapitalis.com\/tunisie\/?p=389389"},"modified":"2022-04-30T09:59:07","modified_gmt":"2022-04-30T08:59:07","slug":"moubadarat-2022-valoriser-les-initiatives-ambitieuses-de-la-societe-civile-tunisienne","status":"publish","type":"post","link":"https:\/\/kapitalis.com\/tunisie\/2022\/04\/30\/moubadarat-2022-valoriser-les-initiatives-ambitieuses-de-la-societe-civile-tunisienne\/","title":{"rendered":"Moubadarat 2022\u00a0: Valoriser les initiatives ambitieuses de la soci\u00e9t\u00e9 civile tunisienne"},"content":{"rendered":"\n<div class=\"wp-block-image\"><figure class=\"aligncenter size-full\"><img decoding=\"async\" src=\"http:\/\/kapitalis.com\/tunisie\/wp-content\/uploads\/2022\/04\/moubadarat-2022.jpg\" alt=\"\" class=\"wp-image-389393\"\/><\/figure><\/div>\n\n\n\n<p><em><strong>L\u2019Ambassade de France en Tunisie lance l\u2019appel \u00e0 projets \u00ab\u00a0Moubadarat\u00a0\u00bb pour la deuxi\u00e8me ann\u00e9e pour valoriser des initiatives concr\u00e8tes et ambitieuses de la soci\u00e9t\u00e9 civile tunisienne dans diff\u00e9rents domaines.<\/strong><\/em><\/p>\n\n\n\n<!--more-->\n\n\n\n<p>L\u2019Ambassade de France en Tunisie et l\u2019Institut Fran\u00e7ais de Tunisie (IFT) proposent de soutenir les associations tunisiennes engag\u00e9es sur des projets de terrain, notamment celles bas\u00e9es dans les territoires ruraux de l\u2019int\u00e9rieur du pays et dans les zones urbaines d\u00e9favoris\u00e9es.<\/p>\n\n\n\n<p>Des offres de partenariat sont propos\u00e9es aux organisations \u0153uvrant sur des th\u00e9matiques comme la jeunesse ; l\u2019\u00e9galit\u00e9 femmes-hommes ; l&rsquo;environnement et le d\u00e9veloppement durable ; la r\u00e9duction des in\u00e9galit\u00e9s territoriales ; la culture et le patrimoine.<\/p>\n\n\n\n<p>Les projets gagnants seront annonc\u00e9s au mois de juin prochain. Les associations d\u00e9marrant leurs actions de terrain pourront b\u00e9n\u00e9ficier d\u2019un fonds d\u2019amor\u00e7age de 15.000 euros. Les associations b\u00e9n\u00e9ficiant d\u2019une plus grande connaissance du terrain et de l\u2019\u00e9cosyst\u00e8me dans lequel elles sont implant\u00e9es pourront b\u00e9n\u00e9ficier d\u2019un soutien de 30.000 euros, pr\u00e9cise le communiqu\u00e9 de l\u2019IFT.<\/p>\n\n\n\n<p class=\"has-text-align-right\"><strong>F.B<\/strong><\/p>\n","protected":false},"excerpt":{"rendered":"<p>L\u2019Ambassade de France en Tunisie lance l\u2019appel \u00e0 projets \u00ab\u00a0Moubadarat\u00a0\u00bb pour la deuxi\u00e8me ann\u00e9e pour valoriser des initiatives concr\u00e8tes et ambitieuses de la soci\u00e9t\u00e9 civile tunisienne dans diff\u00e9rents domaines.<\/p>\n","protected":false},"author":26,"featured_media":389393,"comment_status":"open","ping_status":"open","sticky":false,"template":"","format":"standard","meta":{"footnotes":""},"categories":[994,998,2433],"tags":[93106,462,99315,77675,62643],"class_list":["post-389389","post","type-post","status-publish","format-standard","has-post-thumbnail","hentry","category-culture","category-societe","category-tunisie","tag-ambassade-de-france-en-tunisie","tag-ift","tag-moubadarat-2022","tag-societe-civile-tunisienne","tag-tunisie"],"yoast_head":"<!-- This site is optimized with the Yoast SEO plugin v26.6 - https:\/\/yoast.com\/wordpress\/plugins\/seo\/ -->\n<title>Moubadarat 2022\u00a0: Valoriser les initiatives ambitieuses de la soci\u00e9t\u00e9 civile tunisienne - Kapitalis<\/title>\n<meta name=\"robots\" content=\"index, follow, max-snippet:-1, max-image-preview:large, max-video-preview:-1\" \/>\n<link rel=\"canonical\" href=\"https:\/\/kapitalis.com\/tunisie\/2022\/04\/30\/moubadarat-2022-valoriser-les-initiatives-ambitieuses-de-la-societe-civile-tunisienne\/\" \/>\n<meta property=\"og:locale\" content=\"fr_FR\" \/>\n<meta property=\"og:type\" content=\"article\" \/>\n<meta property=\"og:title\" content=\"Moubadarat 2022\u00a0: Valoriser les initiatives ambitieuses de la soci\u00e9t\u00e9 civile tunisienne - Kapitalis\" \/>\n<meta property=\"og:description\" content=\"L\u2019Ambassade de France en Tunisie lance l\u2019appel \u00e0 projets \u00ab\u00a0Moubadarat\u00a0\u00bb pour la deuxi\u00e8me ann\u00e9e pour valoriser des initiatives concr\u00e8tes et ambitieuses de la soci\u00e9t\u00e9 civile tunisienne dans diff\u00e9rents domaines.\" \/>\n<meta property=\"og:url\" content=\"https:\/\/kapitalis.com\/tunisie\/2022\/04\/30\/moubadarat-2022-valoriser-les-initiatives-ambitieuses-de-la-societe-civile-tunisienne\/\" \/>\n<meta property=\"og:site_name\" content=\"Kapitalis\" \/>\n<meta property=\"article:publisher\" content=\"https:\/\/www.facebook.com\/KapitalisInfo\/\" \/>\n<meta property=\"article:published_time\" content=\"2022-04-30T08:56:27+00:00\" \/>\n<meta property=\"article:modified_time\" content=\"2022-04-30T08:59:07+00:00\" \/>\n<meta property=\"og:image\" content=\"https:\/\/kapitalis.com\/tunisie\/wp-content\/uploads\/2022\/05\/kapitalis-logo-fb.png\" \/>\n\t<meta property=\"og:image:width\" content=\"1200\" \/>\n\t<meta property=\"og:image:height\" content=\"630\" \/>\n\t<meta property=\"og:image:type\" content=\"image\/png\" \/>\n<meta name=\"author\" content=\"Fawz BenAli\" \/>\n<meta name=\"twitter:card\" content=\"summary_large_image\" \/>\n<meta name=\"twitter:creator\" content=\"@KapitalisInfo\" \/>\n<meta name=\"twitter:site\" content=\"@KapitalisInfo\" \/>\n<meta name=\"twitter:label1\" content=\"\u00c9crit par\" \/>\n\t<meta name=\"twitter:data1\" content=\"Fawz BenAli\" \/>\n\t<meta name=\"twitter:label2\" content=\"Dur\u00e9e de lecture estim\u00e9e\" \/>\n\t<meta name=\"twitter:data2\" content=\"1 minute\" \/>\n<script type=\"application\/ld+json\" class=\"yoast-schema-graph\">{\"@context\":\"https:\/\/schema.org\",\"@graph\":[{\"@type\":\"Article\",\"@id\":\"https:\/\/kapitalis.com\/tunisie\/2022\/04\/30\/moubadarat-2022-valoriser-les-initiatives-ambitieuses-de-la-societe-civile-tunisienne\/#article\",\"isPartOf\":{\"@id\":\"https:\/\/kapitalis.com\/tunisie\/2022\/04\/30\/moubadarat-2022-valoriser-les-initiatives-ambitieuses-de-la-societe-civile-tunisienne\/\"},\"author\":{\"name\":\"Fawz BenAli\",\"@id\":\"https:\/\/kapitalis.com\/tunisie\/#\/schema\/person\/73a5ecc1f6ae540c6ed91342eadca948\"},\"headline\":\"Moubadarat 2022\u00a0: Valoriser les initiatives ambitieuses de la soci\u00e9t\u00e9 civile tunisienne\",\"datePublished\":\"2022-04-30T08:56:27+00:00\",\"dateModified\":\"2022-04-30T08:59:07+00:00\",\"mainEntityOfPage\":{\"@id\":\"https:\/\/kapitalis.com\/tunisie\/2022\/04\/30\/moubadarat-2022-valoriser-les-initiatives-ambitieuses-de-la-societe-civile-tunisienne\/\"},\"wordCount\":206,\"commentCount\":2,\"publisher\":{\"@id\":\"https:\/\/kapitalis.com\/tunisie\/#organization\"},\"image\":{\"@id\":\"https:\/\/kapitalis.com\/tunisie\/2022\/04\/30\/moubadarat-2022-valoriser-les-initiatives-ambitieuses-de-la-societe-civile-tunisienne\/#primaryimage\"},\"thumbnailUrl\":\"\",\"keywords\":[\"Ambassade de France en Tunisie\",\"IFT\",\"Moubadarat 2022\",\"soci\u00e9t\u00e9 civile tunisienne\",\"Tunisie\"],\"articleSection\":[\"CULTURE\",\"SOCIETE\",\"Tunisie\"],\"inLanguage\":\"fr-FR\",\"potentialAction\":[{\"@type\":\"CommentAction\",\"name\":\"Comment\",\"target\":[\"https:\/\/kapitalis.com\/tunisie\/2022\/04\/30\/moubadarat-2022-valoriser-les-initiatives-ambitieuses-de-la-societe-civile-tunisienne\/#respond\"]}]},{\"@type\":\"WebPage\",\"@id\":\"https:\/\/kapitalis.com\/tunisie\/2022\/04\/30\/moubadarat-2022-valoriser-les-initiatives-ambitieuses-de-la-societe-civile-tunisienne\/\",\"url\":\"https:\/\/kapitalis.com\/tunisie\/2022\/04\/30\/moubadarat-2022-valoriser-les-initiatives-ambitieuses-de-la-societe-civile-tunisienne\/\",\"name\":\"Moubadarat 2022\u00a0: Valoriser les initiatives ambitieuses de la soci\u00e9t\u00e9 civile tunisienne - Kapitalis\",\"isPartOf\":{\"@id\":\"https:\/\/kapitalis.com\/tunisie\/#website\"},\"primaryImageOfPage\":{\"@id\":\"https:\/\/kapitalis.com\/tunisie\/2022\/04\/30\/moubadarat-2022-valoriser-les-initiatives-ambitieuses-de-la-societe-civile-tunisienne\/#primaryimage\"},\"image\":{\"@id\":\"https:\/\/kapitalis.com\/tunisie\/2022\/04\/30\/moubadarat-2022-valoriser-les-initiatives-ambitieuses-de-la-societe-civile-tunisienne\/#primaryimage\"},\"thumbnailUrl\":\"\",\"datePublished\":\"2022-04-30T08:56:27+00:00\",\"dateModified\":\"2022-04-30T08:59:07+00:00\",\"breadcrumb\":{\"@id\":\"https:\/\/kapitalis.com\/tunisie\/2022\/04\/30\/moubadarat-2022-valoriser-les-initiatives-ambitieuses-de-la-societe-civile-tunisienne\/#breadcrumb\"},\"inLanguage\":\"fr-FR\",\"potentialAction\":[{\"@type\":\"ReadAction\",\"target\":[\"https:\/\/kapitalis.com\/tunisie\/2022\/04\/30\/moubadarat-2022-valoriser-les-initiatives-ambitieuses-de-la-societe-civile-tunisienne\/\"]}]},{\"@type\":\"ImageObject\",\"inLanguage\":\"fr-FR\",\"@id\":\"https:\/\/kapitalis.com\/tunisie\/2022\/04\/30\/moubadarat-2022-valoriser-les-initiatives-ambitieuses-de-la-societe-civile-tunisienne\/#primaryimage\",\"url\":\"\",\"contentUrl\":\"\"},{\"@type\":\"BreadcrumbList\",\"@id\":\"https:\/\/kapitalis.com\/tunisie\/2022\/04\/30\/moubadarat-2022-valoriser-les-initiatives-ambitieuses-de-la-societe-civile-tunisienne\/#breadcrumb\",\"itemListElement\":[{\"@type\":\"ListItem\",\"position\":1,\"name\":\"Accueil\",\"item\":\"https:\/\/kapitalis.com\/tunisie\/\"},{\"@type\":\"ListItem\",\"position\":2,\"name\":\"Moubadarat 2022\u00a0: Valoriser les initiatives ambitieuses de la soci\u00e9t\u00e9 civile tunisienne\"}]},{\"@type\":\"WebSite\",\"@id\":\"https:\/\/kapitalis.com\/tunisie\/#website\",\"url\":\"https:\/\/kapitalis.com\/tunisie\/\",\"name\":\"Kapitalis\",\"description\":\"L&#039;actualit\u00e9 en Tunisie et dans le monde\",\"publisher\":{\"@id\":\"https:\/\/kapitalis.com\/tunisie\/#organization\"},\"potentialAction\":[{\"@type\":\"SearchAction\",\"target\":{\"@type\":\"EntryPoint\",\"urlTemplate\":\"https:\/\/kapitalis.com\/tunisie\/?s={search_term_string}\"},\"query-input\":{\"@type\":\"PropertyValueSpecification\",\"valueRequired\":true,\"valueName\":\"search_term_string\"}}],\"inLanguage\":\"fr-FR\"},{\"@type\":\"Organization\",\"@id\":\"https:\/\/kapitalis.com\/tunisie\/#organization\",\"name\":\"Kapitalis\",\"url\":\"https:\/\/kapitalis.com\/tunisie\/\",\"logo\":{\"@type\":\"ImageObject\",\"inLanguage\":\"fr-FR\",\"@id\":\"https:\/\/kapitalis.com\/tunisie\/#\/schema\/logo\/image\/\",\"url\":\"https:\/\/kapitalis.com\/tunisie\/wp-content\/uploads\/2022\/05\/Kapitalis-big-size.png\",\"contentUrl\":\"https:\/\/kapitalis.com\/tunisie\/wp-content\/uploads\/2022\/05\/Kapitalis-big-size.png\",\"width\":5000,\"height\":1500,\"caption\":\"Kapitalis\"},\"image\":{\"@id\":\"https:\/\/kapitalis.com\/tunisie\/#\/schema\/logo\/image\/\"},\"sameAs\":[\"https:\/\/www.facebook.com\/KapitalisInfo\/\",\"https:\/\/x.com\/KapitalisInfo\",\"https:\/\/www.youtube.com\/channel\/UC-yDYrHyfFBWWZaOw3FPg9Q\"]},{\"@type\":\"Person\",\"@id\":\"https:\/\/kapitalis.com\/tunisie\/#\/schema\/person\/73a5ecc1f6ae540c6ed91342eadca948\",\"name\":\"Fawz BenAli\",\"url\":\"https:\/\/kapitalis.com\/tunisie\/author\/fawz\/\"}]}<\/script>\n<!-- \/ Yoast SEO plugin. -->","yoast_head_json":{"title":"Moubadarat 2022\u00a0: Valoriser les initiatives ambitieuses de la soci\u00e9t\u00e9 civile tunisienne - Kapitalis","robots":{"index":"index","follow":"follow","max-snippet":"max-snippet:-1","max-image-preview":"max-image-preview:large","max-video-preview":"max-video-preview:-1"},"canonical":"https:\/\/kapitalis.com\/tunisie\/2022\/04\/30\/moubadarat-2022-valoriser-les-initiatives-ambitieuses-de-la-societe-civile-tunisienne\/","og_locale":"fr_FR","og_type":"article","og_title":"Moubadarat 2022\u00a0: Valoriser les initiatives ambitieuses de la soci\u00e9t\u00e9 civile tunisienne - Kapitalis","og_description":"L\u2019Ambassade de France en Tunisie lance l\u2019appel \u00e0 projets \u00ab\u00a0Moubadarat\u00a0\u00bb pour la deuxi\u00e8me ann\u00e9e pour valoriser des initiatives concr\u00e8tes et ambitieuses de la soci\u00e9t\u00e9 civile tunisienne dans diff\u00e9rents domaines.","og_url":"https:\/\/kapitalis.com\/tunisie\/2022\/04\/30\/moubadarat-2022-valoriser-les-initiatives-ambitieuses-de-la-societe-civile-tunisienne\/","og_site_name":"Kapitalis","article_publisher":"https:\/\/www.facebook.com\/KapitalisInfo\/","article_published_time":"2022-04-30T08:56:27+00:00","article_modified_time":"2022-04-30T08:59:07+00:00","og_image":[{"width":1200,"height":630,"url":"https:\/\/kapitalis.com\/tunisie\/wp-content\/uploads\/2022\/05\/kapitalis-logo-fb.png","type":"image\/png"}],"author":"Fawz BenAli","twitter_card":"summary_large_image","twitter_creator":"@KapitalisInfo","twitter_site":"@KapitalisInfo","twitter_misc":{"\u00c9crit par":"Fawz BenAli","Dur\u00e9e de lecture estim\u00e9e":"1 minute"},"schema":{"@context":"https:\/\/schema.org","@graph":[{"@type":"Article","@id":"https:\/\/kapitalis.com\/tunisie\/2022\/04\/30\/moubadarat-2022-valoriser-les-initiatives-ambitieuses-de-la-societe-civile-tunisienne\/#article","isPartOf":{"@id":"https:\/\/kapitalis.com\/tunisie\/2022\/04\/30\/moubadarat-2022-valoriser-les-initiatives-ambitieuses-de-la-societe-civile-tunisienne\/"},"author":{"name":"Fawz BenAli","@id":"https:\/\/kapitalis.com\/tunisie\/#\/schema\/person\/73a5ecc1f6ae540c6ed91342eadca948"},"headline":"Moubadarat 2022\u00a0: Valoriser les initiatives ambitieuses de la soci\u00e9t\u00e9 civile tunisienne","datePublished":"2022-04-30T08:56:27+00:00","dateModified":"2022-04-30T08:59:07+00:00","mainEntityOfPage":{"@id":"https:\/\/kapitalis.com\/tunisie\/2022\/04\/30\/moubadarat-2022-valoriser-les-initiatives-ambitieuses-de-la-societe-civile-tunisienne\/"},"wordCount":206,"commentCount":2,"publisher":{"@id":"https:\/\/kapitalis.com\/tunisie\/#organization"},"image":{"@id":"https:\/\/kapitalis.com\/tunisie\/2022\/04\/30\/moubadarat-2022-valoriser-les-initiatives-ambitieuses-de-la-societe-civile-tunisienne\/#primaryimage"},"thumbnailUrl":"","keywords":["Ambassade de France en Tunisie","IFT","Moubadarat 2022","soci\u00e9t\u00e9 civile tunisienne","Tunisie"],"articleSection":["CULTURE","SOCIETE","Tunisie"],"inLanguage":"fr-FR","potentialAction":[{"@type":"CommentAction","name":"Comment","target":["https:\/\/kapitalis.com\/tunisie\/2022\/04\/30\/moubadarat-2022-valoriser-les-initiatives-ambitieuses-de-la-societe-civile-tunisienne\/#respond"]}]},{"@type":"WebPage","@id":"https:\/\/kapitalis.com\/tunisie\/2022\/04\/30\/moubadarat-2022-valoriser-les-initiatives-ambitieuses-de-la-societe-civile-tunisienne\/","url":"https:\/\/kapitalis.com\/tunisie\/2022\/04\/30\/moubadarat-2022-valoriser-les-initiatives-ambitieuses-de-la-societe-civile-tunisienne\/","name":"Moubadarat 2022\u00a0: Valoriser les initiatives ambitieuses de la soci\u00e9t\u00e9 civile tunisienne - Kapitalis","isPartOf":{"@id":"https:\/\/kapitalis.com\/tunisie\/#website"},"primaryImageOfPage":{"@id":"https:\/\/kapitalis.com\/tunisie\/2022\/04\/30\/moubadarat-2022-valoriser-les-initiatives-ambitieuses-de-la-societe-civile-tunisienne\/#primaryimage"},"image":{"@id":"https:\/\/kapitalis.com\/tunisie\/2022\/04\/30\/moubadarat-2022-valoriser-les-initiatives-ambitieuses-de-la-societe-civile-tunisienne\/#primaryimage"},"thumbnailUrl":"","datePublished":"2022-04-30T08:56:27+00:00","dateModified":"2022-04-30T08:59:07+00:00","breadcrumb":{"@id":"https:\/\/kapitalis.com\/tunisie\/2022\/04\/30\/moubadarat-2022-valoriser-les-initiatives-ambitieuses-de-la-societe-civile-tunisienne\/#breadcrumb"},"inLanguage":"fr-FR","potentialAction":[{"@type":"ReadAction","target":["https:\/\/kapitalis.com\/tunisie\/2022\/04\/30\/moubadarat-2022-valoriser-les-initiatives-ambitieuses-de-la-societe-civile-tunisienne\/"]}]},{"@type":"ImageObject","inLanguage":"fr-FR","@id":"https:\/\/kapitalis.com\/tunisie\/2022\/04\/30\/moubadarat-2022-valoriser-les-initiatives-ambitieuses-de-la-societe-civile-tunisienne\/#primaryimage","url":"","contentUrl":""},{"@type":"BreadcrumbList","@id":"https:\/\/kapitalis.com\/tunisie\/2022\/04\/30\/moubadarat-2022-valoriser-les-initiatives-ambitieuses-de-la-societe-civile-tunisienne\/#breadcrumb","itemListElement":[{"@type":"ListItem","position":1,"name":"Accueil","item":"https:\/\/kapitalis.com\/tunisie\/"},{"@type":"ListItem","position":2,"name":"Moubadarat 2022\u00a0: Valoriser les initiatives ambitieuses de la soci\u00e9t\u00e9 civile tunisienne"}]},{"@type":"WebSite","@id":"https:\/\/kapitalis.com\/tunisie\/#website","url":"https:\/\/kapitalis.com\/tunisie\/","name":"Kapitalis","description":"L&#039;actualit\u00e9 en Tunisie et dans le monde","publisher":{"@id":"https:\/\/kapitalis.com\/tunisie\/#organization"},"potentialAction":[{"@type":"SearchAction","target":{"@type":"EntryPoint","urlTemplate":"https:\/\/kapitalis.com\/tunisie\/?s={search_term_string}"},"query-input":{"@type":"PropertyValueSpecification","valueRequired":true,"valueName":"search_term_string"}}],"inLanguage":"fr-FR"},{"@type":"Organization","@id":"https:\/\/kapitalis.com\/tunisie\/#organization","name":"Kapitalis","url":"https:\/\/kapitalis.com\/tunisie\/","logo":{"@type":"ImageObject","inLanguage":"fr-FR","@id":"https:\/\/kapitalis.com\/tunisie\/#\/schema\/logo\/image\/","url":"https:\/\/kapitalis.com\/tunisie\/wp-content\/uploads\/2022\/05\/Kapitalis-big-size.png","contentUrl":"https:\/\/kapitalis.com\/tunisie\/wp-content\/uploads\/2022\/05\/Kapitalis-big-size.png","width":5000,"height":1500,"caption":"Kapitalis"},"image":{"@id":"https:\/\/kapitalis.com\/tunisie\/#\/schema\/logo\/image\/"},"sameAs":["https:\/\/www.facebook.com\/KapitalisInfo\/","https:\/\/x.com\/KapitalisInfo","https:\/\/www.youtube.com\/channel\/UC-yDYrHyfFBWWZaOw3FPg9Q"]},{"@type":"Person","@id":"https:\/\/kapitalis.com\/tunisie\/#\/schema\/person\/73a5ecc1f6ae540c6ed91342eadca948","name":"Fawz BenAli","url":"https:\/\/kapitalis.com\/tunisie\/author\/fawz\/"}]}},"_links":{"self":[{"href":"https:\/\/kapitalis.com\/tunisie\/wp-json\/wp\/v2\/posts\/389389","targetHints":{"allow":["GET"]}}],"collection":[{"href":"https:\/\/kapitalis.com\/tunisie\/wp-json\/wp\/v2\/posts"}],"about":[{"href":"https:\/\/kapitalis.com\/tunisie\/wp-json\/wp\/v2\/types\/post"}],"author":[{"embeddable":true,"href":"https:\/\/kapitalis.com\/tunisie\/wp-json\/wp\/v2\/users\/26"}],"replies":[{"embeddable":true,"href":"https:\/\/kapitalis.com\/tunisie\/wp-json\/wp\/v2\/comments?post=389389"}],"version-history":[{"count":0,"href":"https:\/\/kapitalis.com\/tunisie\/wp-json\/wp\/v2\/posts\/389389\/revisions"}],"wp:featuredmedia":[{"embeddable":true,"href":"https:\/\/kapitalis.com\/tunisie\/wp-json\/wp\/v2\/media\/389393"}],"wp:attachment":[{"href":"https:\/\/kapitalis.com\/tunisie\/wp-json\/wp\/v2\/media?parent=389389"}],"wp:term":[{"taxonomy":"category","embeddable":true,"href":"https:\/\/kapitalis.com\/tunisie\/wp-json\/wp\/v2\/categories?post=389389"},{"taxonomy":"post_tag","embeddable":true,"href":"https:\/\/kapitalis.com\/tunisie\/wp-json\/wp\/v2\/tags?post=389389"}],"curies":[{"name":"wp","href":"https:\/\/api.w.org\/{rel}","templated":true}]}}