{"id":389496,"date":"2022-05-02T07:19:32","date_gmt":"2022-05-02T06:19:32","guid":{"rendered":"http:\/\/kapitalis.com\/tunisie\/?p=389496"},"modified":"2022-05-02T07:22:23","modified_gmt":"2022-05-02T06:22:23","slug":"tunisie-kais-saied-le-peuple-lhistoire-et-leternite","status":"publish","type":"post","link":"https:\/\/kapitalis.com\/tunisie\/2022\/05\/02\/tunisie-kais-saied-le-peuple-lhistoire-et-leternite\/","title":{"rendered":"Tunisie\u00a0: Ka\u00efs Sa\u00efed, le peuple, l&rsquo;Histoire et l&rsquo;Eternit\u00e9"},"content":{"rendered":"\n<div class=\"wp-block-image\"><figure class=\"aligncenter size-full\"><img decoding=\"async\" src=\"http:\/\/kapitalis.com\/tunisie\/wp-content\/uploads\/2022\/05\/Kais-Saied-Aid-2022.jpg\" alt=\"\" class=\"wp-image-389497\"\/><\/figure><\/div>\n\n\n\n<p><strong><em>Dans un discours prononc\u00e9 dimanche soir, 1er mai 2022, \u00e0 l&rsquo;occasion de la c\u00e9l\u00e9bration simultan\u00e9e de l&rsquo;A\u00efd Al-Fitr et de la f\u00eate du travail, le pr\u00e9sident Ka\u00efs Sa\u00efed est \u00e0 nouveau mont\u00e9 sur ses grands chevaux et, en guise de v\u0153ux aux Tunisiens, \u00e0 tous les Tunisiens sans exception, il s&rsquo;est lanc\u00e9, plus martial que jamais, dans une s\u00e9rie de menaces et d&rsquo;anath\u00e8mes \u00e0 l&rsquo;encontre de ses opposants qu&rsquo;il a qualifi\u00e9s d&rsquo;ennemis de l&rsquo;Etat et du peuple. <\/em><\/strong><\/p>\n\n\n\n<p>Par <strong>Imed Bahri<\/strong><\/p>\n\n\n\n<!--more-->\n\n\n\n<p>Le chef de l&rsquo;Etat, dont le discours avait \u00e9t\u00e9 pr\u00e9c\u00e9d\u00e9 par une grande campagne de teasing dans les r\u00e9seaux sociaux, n&rsquo;a rien annonc\u00e9 de vraiment nouveau. Les Tunisiens, qui esp\u00e9raient l&rsquo;annonce de mesures importantes concernant l&rsquo;am\u00e9lioration de leur vie quotidienne, en ont eu pour leurs frais. <\/p>\n\n\n\n<p>Fermement d\u00e9termin\u00e9 \u00e0 mettre en route son projet politique personnel, M. Saied a annonc\u00e9 la formation d&rsquo;un haut comit\u00e9 qui sera mandat\u00e9 pour pr\u00e9parer la mise en place d&rsquo;une Nouvelle r\u00e9publique dans les meilleurs d\u00e9lais, conform\u00e9ment au d\u00e9cret pr\u00e9sidentiel portant sur les mesures exceptionnelles proclam\u00e9es le 25 juillet dernier. Ce haut comit\u00e9 axera son travail sur des questions et des orientations aux contours clairs, a-t-il soulign\u00e9 et il sera compos\u00e9 de deux sous-comit\u00e9s. L&rsquo;un sera charg\u00e9 des questions li\u00e9es au dialogue national et sera compos\u00e9 des quatre organisations nationales, qu&rsquo;il n&rsquo;a pas nomm\u00e9es. On peut cependant deviner qu&rsquo;il s&rsquo;agit de l&rsquo;Union g\u00e9n\u00e9rale tunisienne du travail (UGTT), l&rsquo;Union tunisienne de l&rsquo;industrie, du commerce et de l&rsquo;artisanat (Utica), l&rsquo;Ordre national des avocats (Onat) et le Ligue tunisienne de d\u00e9fense des droits de l&rsquo;homme (LTDH). <\/p>\n\n\n\n<h2 class=\"wp-block-heading\">Des ronds dans l&rsquo;eau<\/h2>\n\n\n\n<p>L&rsquo;annonce de la constitution de ce haut comit\u00e9, qui sera compos\u00e9, on le devine aussi, de certaines personnalit\u00e9s proches du pr\u00e9sident Sa\u00efed ou qui soutiennent son projet politique, n&rsquo;est pas un scoop, puisqu&rsquo;elle a d\u00e9j\u00e0 \u00e9t\u00e9 faite en plusieurs occasion. C&rsquo;est \u00e0 croire que M. Saied n&rsquo;est pas press\u00e9 ou qu&rsquo;il a du mal \u00e0 faire avancer le son chmilblick et qu&rsquo;il continue de faire des ronds dans l&rsquo;eau.<\/p>\n\n\n\n<p>Ce qui n&rsquo;est pas nouveau non plus, c&rsquo;est l&rsquo;annonce un tantinet martiale et belliqueuse que le dialogue national projet\u00e9 sera <em>\u00abdiff\u00e9rent\u00bb<\/em> des pr\u00e9c\u00e9dents, comme l&rsquo;a assur\u00e9 le pr\u00e9sident de la r\u00e9publique, soulignant qu&rsquo;il ne sera ouvert qu&rsquo;\u00e0 ceux qui ont <em>\u00abembrass\u00e9\u00bb<\/em> le processus correctif engag\u00e9 le 25 juillet. Ceux qui ont vendu leur conscience, qui sont <em>\u00abd\u00e9pourvus de patriotisme\u00bb<\/em> et qui ont continu\u00e9 \u00e0 <em>\u00abporter atteinte, affamer et maltraiter le peuple tunisien\u00bb<\/em> ne seront pas pr\u00e9sents \u00e0 ce dialogue, a pr\u00e9cis\u00e9 le chef de l&rsquo;Etat, qui se r\u00e9serve, bien entendu, le droit de d\u00e9signer lui-m\u00eame ces traitres \u00e0 la nation. Si cela rassure beaucoup de partisans de M. Sa\u00efed, ses opposants sont en droit de nourrir quelque inqui\u00e9tude face \u00e0 une pareille posture o\u00f9 l&rsquo;intransigeance le dispute \u00e0 la rigidit\u00e9. <\/p>\n\n\n\n<p>Toujours au registre du d\u00e9j\u00e0 dit, l&rsquo;annonce que les travaux dudit haut comit\u00e9 \u2013 qui porteront sur le projet de nouveau syst\u00e8me politique \u2013 seront bas\u00e9s sur les recommandations et propositions formul\u00e9es par le peuple \u00e0 travers la consultation nationale num\u00e9rique \u00e0 laquelle ont pris part, faut-il le rappeler, 500 000 citoyens, soit moins de 7% des Tunisiens. Le projet issu de ces travaux, dont on peut d&rsquo;ores et d\u00e9j\u00e0 douter de la repr\u00e9sentativit\u00e9 et de l&rsquo;impartialit\u00e9, sera soumis au r\u00e9f\u00e9rendum qui aura lieu, a promis le pr\u00e9sident, \u00e0 la date d\u00e9j\u00e0 fix\u00e9e, \u00e0 savoir le 25 juillet prochain.*<\/p>\n\n\n\n<h2 class=\"wp-block-heading\">Un pr\u00e9sident d\u00e9j\u00e0 dans l&rsquo;Histoire <\/h2>\n\n\n\n<p>Cependant, si les Tunisiens, qui ont bien d&rsquo;autres chats \u00e0 fouetter et n&rsquo;ont pas la t\u00eate \u00e0 suivre l&rsquo;ancien professeur de droit constitutionnel dans son d\u00e9lire juridique, ne participeront pas en grand nombre au dit r\u00e9f\u00e9rendum, ou si, pire encore, ils seront plus de 50% \u00e0 r\u00e9pondre \u00e0 la question qui leur sera pos\u00e9e par un non cat\u00e9gorique, quelle serait la r\u00e9action de M. Sa\u00efed\u00a0? D\u00e9missionnerait-il de son poste, comme l&rsquo;exigerait un pareil camouflet? <\/p>\n\n\n\n<p>Le locataire du palais de Carthage, qui aime poser devant l&rsquo;Histoire, et se donne pour mission de fonder une Nouvelle r\u00e9publique (pas moins!), n&rsquo;a pas le temps de se poser pareille question. Car il a le peuple pour lui, comme ne cessent de le lui susurrer les sondages d&rsquo;opinion. Et peut-\u00eatre aussi l&rsquo;Eternit\u00e9.   <\/p>\n","protected":false},"excerpt":{"rendered":"<p>Dans un discours prononc\u00e9 dimanche soir, 1er mai 2022, \u00e0 l&rsquo;occasion de la c\u00e9l\u00e9bration simultan\u00e9e de l&rsquo;A\u00efd Al-Fitr et de la f\u00eate du travail, le pr\u00e9sident Ka\u00efs Sa\u00efed est \u00e0 nouveau mont\u00e9 sur ses grands chevaux et, en guise de v\u0153ux aux Tunisiens, \u00e0 tous les Tunisiens sans exception, il s&rsquo;est lanc\u00e9, plus martial que&#8230;<\/p>\n","protected":false},"author":8,"featured_media":389497,"comment_status":"open","ping_status":"open","sticky":false,"template":"","format":"standard","meta":{"footnotes":""},"categories":[992,997,2433],"tags":[19850,76012,2889,62643],"class_list":["post-389496","post","type-post","status-publish","format-standard","has-post-thumbnail","hentry","category-a-la-une","category-politique","category-tunisie","tag-aid-al-fitr","tag-kais-saied-2","tag-referendum","tag-tunisie"],"yoast_head":"<!-- This site is optimized with the Yoast SEO plugin v26.6 - https:\/\/yoast.com\/wordpress\/plugins\/seo\/ -->\n<title>Tunisie\u00a0: Ka\u00efs Sa\u00efed, le peuple, l&#039;Histoire et l&#039;Eternit\u00e9 - Kapitalis<\/title>\n<meta name=\"robots\" content=\"index, follow, max-snippet:-1, max-image-preview:large, max-video-preview:-1\" \/>\n<link rel=\"canonical\" href=\"https:\/\/kapitalis.com\/tunisie\/2022\/05\/02\/tunisie-kais-saied-le-peuple-lhistoire-et-leternite\/\" \/>\n<meta property=\"og:locale\" content=\"fr_FR\" \/>\n<meta property=\"og:type\" content=\"article\" \/>\n<meta property=\"og:title\" content=\"Tunisie\u00a0: Ka\u00efs Sa\u00efed, le peuple, l&#039;Histoire et l&#039;Eternit\u00e9 - Kapitalis\" \/>\n<meta property=\"og:description\" content=\"Dans un discours prononc\u00e9 dimanche soir, 1er mai 2022, \u00e0 l&rsquo;occasion de la c\u00e9l\u00e9bration simultan\u00e9e de l&rsquo;A\u00efd Al-Fitr et de la f\u00eate du travail, le pr\u00e9sident Ka\u00efs Sa\u00efed est \u00e0 nouveau mont\u00e9 sur ses grands chevaux et, en guise de v\u0153ux aux Tunisiens, \u00e0 tous les Tunisiens sans exception, il s&rsquo;est lanc\u00e9, plus martial que...\" \/>\n<meta property=\"og:url\" content=\"https:\/\/kapitalis.com\/tunisie\/2022\/05\/02\/tunisie-kais-saied-le-peuple-lhistoire-et-leternite\/\" \/>\n<meta property=\"og:site_name\" content=\"Kapitalis\" \/>\n<meta property=\"article:publisher\" content=\"https:\/\/www.facebook.com\/KapitalisInfo\/\" \/>\n<meta property=\"article:published_time\" content=\"2022-05-02T06:19:32+00:00\" \/>\n<meta property=\"article:modified_time\" content=\"2022-05-02T06:22:23+00:00\" \/>\n<meta property=\"og:image\" content=\"https:\/\/kapitalis.com\/tunisie\/wp-content\/uploads\/2022\/05\/kapitalis-logo-fb.png\" \/>\n\t<meta property=\"og:image:width\" content=\"1200\" \/>\n\t<meta property=\"og:image:height\" content=\"630\" \/>\n\t<meta property=\"og:image:type\" content=\"image\/png\" \/>\n<meta name=\"author\" content=\"webmaster kapitalis\" \/>\n<meta name=\"twitter:card\" content=\"summary_large_image\" \/>\n<meta name=\"twitter:creator\" content=\"@KapitalisInfo\" \/>\n<meta name=\"twitter:site\" content=\"@KapitalisInfo\" \/>\n<meta name=\"twitter:label1\" content=\"\u00c9crit par\" \/>\n\t<meta name=\"twitter:data1\" content=\"webmaster kapitalis\" \/>\n\t<meta name=\"twitter:label2\" content=\"Dur\u00e9e de lecture estim\u00e9e\" \/>\n\t<meta name=\"twitter:data2\" content=\"4 minutes\" \/>\n<script type=\"application\/ld+json\" class=\"yoast-schema-graph\">{\"@context\":\"https:\/\/schema.org\",\"@graph\":[{\"@type\":\"Article\",\"@id\":\"https:\/\/kapitalis.com\/tunisie\/2022\/05\/02\/tunisie-kais-saied-le-peuple-lhistoire-et-leternite\/#article\",\"isPartOf\":{\"@id\":\"https:\/\/kapitalis.com\/tunisie\/2022\/05\/02\/tunisie-kais-saied-le-peuple-lhistoire-et-leternite\/\"},\"author\":{\"name\":\"webmaster kapitalis\",\"@id\":\"https:\/\/kapitalis.com\/tunisie\/#\/schema\/person\/d71f33a9ca44f7bad4698210b480c8e9\"},\"headline\":\"Tunisie\u00a0: Ka\u00efs Sa\u00efed, le peuple, l&rsquo;Histoire et l&rsquo;Eternit\u00e9\",\"datePublished\":\"2022-05-02T06:19:32+00:00\",\"dateModified\":\"2022-05-02T06:22:23+00:00\",\"mainEntityOfPage\":{\"@id\":\"https:\/\/kapitalis.com\/tunisie\/2022\/05\/02\/tunisie-kais-saied-le-peuple-lhistoire-et-leternite\/\"},\"wordCount\":746,\"commentCount\":2,\"publisher\":{\"@id\":\"https:\/\/kapitalis.com\/tunisie\/#organization\"},\"image\":{\"@id\":\"https:\/\/kapitalis.com\/tunisie\/2022\/05\/02\/tunisie-kais-saied-le-peuple-lhistoire-et-leternite\/#primaryimage\"},\"thumbnailUrl\":\"\",\"keywords\":[\"Aid Al-Fitr\",\"Ka\u00efs Sa\u00efed\",\"r\u00e9f\u00e9rendum\",\"Tunisie\"],\"articleSection\":[\"A LA UNE\",\"POLITIQUE\",\"Tunisie\"],\"inLanguage\":\"fr-FR\",\"potentialAction\":[{\"@type\":\"CommentAction\",\"name\":\"Comment\",\"target\":[\"https:\/\/kapitalis.com\/tunisie\/2022\/05\/02\/tunisie-kais-saied-le-peuple-lhistoire-et-leternite\/#respond\"]}]},{\"@type\":\"WebPage\",\"@id\":\"https:\/\/kapitalis.com\/tunisie\/2022\/05\/02\/tunisie-kais-saied-le-peuple-lhistoire-et-leternite\/\",\"url\":\"https:\/\/kapitalis.com\/tunisie\/2022\/05\/02\/tunisie-kais-saied-le-peuple-lhistoire-et-leternite\/\",\"name\":\"Tunisie\u00a0: Ka\u00efs Sa\u00efed, le peuple, l'Histoire et l'Eternit\u00e9 - Kapitalis\",\"isPartOf\":{\"@id\":\"https:\/\/kapitalis.com\/tunisie\/#website\"},\"primaryImageOfPage\":{\"@id\":\"https:\/\/kapitalis.com\/tunisie\/2022\/05\/02\/tunisie-kais-saied-le-peuple-lhistoire-et-leternite\/#primaryimage\"},\"image\":{\"@id\":\"https:\/\/kapitalis.com\/tunisie\/2022\/05\/02\/tunisie-kais-saied-le-peuple-lhistoire-et-leternite\/#primaryimage\"},\"thumbnailUrl\":\"\",\"datePublished\":\"2022-05-02T06:19:32+00:00\",\"dateModified\":\"2022-05-02T06:22:23+00:00\",\"breadcrumb\":{\"@id\":\"https:\/\/kapitalis.com\/tunisie\/2022\/05\/02\/tunisie-kais-saied-le-peuple-lhistoire-et-leternite\/#breadcrumb\"},\"inLanguage\":\"fr-FR\",\"potentialAction\":[{\"@type\":\"ReadAction\",\"target\":[\"https:\/\/kapitalis.com\/tunisie\/2022\/05\/02\/tunisie-kais-saied-le-peuple-lhistoire-et-leternite\/\"]}]},{\"@type\":\"ImageObject\",\"inLanguage\":\"fr-FR\",\"@id\":\"https:\/\/kapitalis.com\/tunisie\/2022\/05\/02\/tunisie-kais-saied-le-peuple-lhistoire-et-leternite\/#primaryimage\",\"url\":\"\",\"contentUrl\":\"\"},{\"@type\":\"BreadcrumbList\",\"@id\":\"https:\/\/kapitalis.com\/tunisie\/2022\/05\/02\/tunisie-kais-saied-le-peuple-lhistoire-et-leternite\/#breadcrumb\",\"itemListElement\":[{\"@type\":\"ListItem\",\"position\":1,\"name\":\"Accueil\",\"item\":\"https:\/\/kapitalis.com\/tunisie\/\"},{\"@type\":\"ListItem\",\"position\":2,\"name\":\"Tunisie\u00a0: Ka\u00efs Sa\u00efed, le peuple, l&rsquo;Histoire et l&rsquo;Eternit\u00e9\"}]},{\"@type\":\"WebSite\",\"@id\":\"https:\/\/kapitalis.com\/tunisie\/#website\",\"url\":\"https:\/\/kapitalis.com\/tunisie\/\",\"name\":\"Kapitalis\",\"description\":\"L&#039;actualit\u00e9 en Tunisie et dans le monde\",\"publisher\":{\"@id\":\"https:\/\/kapitalis.com\/tunisie\/#organization\"},\"potentialAction\":[{\"@type\":\"SearchAction\",\"target\":{\"@type\":\"EntryPoint\",\"urlTemplate\":\"https:\/\/kapitalis.com\/tunisie\/?s={search_term_string}\"},\"query-input\":{\"@type\":\"PropertyValueSpecification\",\"valueRequired\":true,\"valueName\":\"search_term_string\"}}],\"inLanguage\":\"fr-FR\"},{\"@type\":\"Organization\",\"@id\":\"https:\/\/kapitalis.com\/tunisie\/#organization\",\"name\":\"Kapitalis\",\"url\":\"https:\/\/kapitalis.com\/tunisie\/\",\"logo\":{\"@type\":\"ImageObject\",\"inLanguage\":\"fr-FR\",\"@id\":\"https:\/\/kapitalis.com\/tunisie\/#\/schema\/logo\/image\/\",\"url\":\"https:\/\/kapitalis.com\/tunisie\/wp-content\/uploads\/2022\/05\/Kapitalis-big-size.png\",\"contentUrl\":\"https:\/\/kapitalis.com\/tunisie\/wp-content\/uploads\/2022\/05\/Kapitalis-big-size.png\",\"width\":5000,\"height\":1500,\"caption\":\"Kapitalis\"},\"image\":{\"@id\":\"https:\/\/kapitalis.com\/tunisie\/#\/schema\/logo\/image\/\"},\"sameAs\":[\"https:\/\/www.facebook.com\/KapitalisInfo\/\",\"https:\/\/x.com\/KapitalisInfo\",\"https:\/\/www.youtube.com\/channel\/UC-yDYrHyfFBWWZaOw3FPg9Q\"]},{\"@type\":\"Person\",\"@id\":\"https:\/\/kapitalis.com\/tunisie\/#\/schema\/person\/d71f33a9ca44f7bad4698210b480c8e9\",\"name\":\"webmaster kapitalis\",\"url\":\"https:\/\/kapitalis.com\/tunisie\/author\/webmaster-kapitalis\/\"}]}<\/script>\n<!-- \/ Yoast SEO plugin. -->","yoast_head_json":{"title":"Tunisie\u00a0: Ka\u00efs Sa\u00efed, le peuple, l'Histoire et l'Eternit\u00e9 - Kapitalis","robots":{"index":"index","follow":"follow","max-snippet":"max-snippet:-1","max-image-preview":"max-image-preview:large","max-video-preview":"max-video-preview:-1"},"canonical":"https:\/\/kapitalis.com\/tunisie\/2022\/05\/02\/tunisie-kais-saied-le-peuple-lhistoire-et-leternite\/","og_locale":"fr_FR","og_type":"article","og_title":"Tunisie\u00a0: Ka\u00efs Sa\u00efed, le peuple, l'Histoire et l'Eternit\u00e9 - Kapitalis","og_description":"Dans un discours prononc\u00e9 dimanche soir, 1er mai 2022, \u00e0 l&rsquo;occasion de la c\u00e9l\u00e9bration simultan\u00e9e de l&rsquo;A\u00efd Al-Fitr et de la f\u00eate du travail, le pr\u00e9sident Ka\u00efs Sa\u00efed est \u00e0 nouveau mont\u00e9 sur ses grands chevaux et, en guise de v\u0153ux aux Tunisiens, \u00e0 tous les Tunisiens sans exception, il s&rsquo;est lanc\u00e9, plus martial que...","og_url":"https:\/\/kapitalis.com\/tunisie\/2022\/05\/02\/tunisie-kais-saied-le-peuple-lhistoire-et-leternite\/","og_site_name":"Kapitalis","article_publisher":"https:\/\/www.facebook.com\/KapitalisInfo\/","article_published_time":"2022-05-02T06:19:32+00:00","article_modified_time":"2022-05-02T06:22:23+00:00","og_image":[{"width":1200,"height":630,"url":"https:\/\/kapitalis.com\/tunisie\/wp-content\/uploads\/2022\/05\/kapitalis-logo-fb.png","type":"image\/png"}],"author":"webmaster kapitalis","twitter_card":"summary_large_image","twitter_creator":"@KapitalisInfo","twitter_site":"@KapitalisInfo","twitter_misc":{"\u00c9crit par":"webmaster kapitalis","Dur\u00e9e de lecture estim\u00e9e":"4 minutes"},"schema":{"@context":"https:\/\/schema.org","@graph":[{"@type":"Article","@id":"https:\/\/kapitalis.com\/tunisie\/2022\/05\/02\/tunisie-kais-saied-le-peuple-lhistoire-et-leternite\/#article","isPartOf":{"@id":"https:\/\/kapitalis.com\/tunisie\/2022\/05\/02\/tunisie-kais-saied-le-peuple-lhistoire-et-leternite\/"},"author":{"name":"webmaster kapitalis","@id":"https:\/\/kapitalis.com\/tunisie\/#\/schema\/person\/d71f33a9ca44f7bad4698210b480c8e9"},"headline":"Tunisie\u00a0: Ka\u00efs Sa\u00efed, le peuple, l&rsquo;Histoire et l&rsquo;Eternit\u00e9","datePublished":"2022-05-02T06:19:32+00:00","dateModified":"2022-05-02T06:22:23+00:00","mainEntityOfPage":{"@id":"https:\/\/kapitalis.com\/tunisie\/2022\/05\/02\/tunisie-kais-saied-le-peuple-lhistoire-et-leternite\/"},"wordCount":746,"commentCount":2,"publisher":{"@id":"https:\/\/kapitalis.com\/tunisie\/#organization"},"image":{"@id":"https:\/\/kapitalis.com\/tunisie\/2022\/05\/02\/tunisie-kais-saied-le-peuple-lhistoire-et-leternite\/#primaryimage"},"thumbnailUrl":"","keywords":["Aid Al-Fitr","Ka\u00efs Sa\u00efed","r\u00e9f\u00e9rendum","Tunisie"],"articleSection":["A LA UNE","POLITIQUE","Tunisie"],"inLanguage":"fr-FR","potentialAction":[{"@type":"CommentAction","name":"Comment","target":["https:\/\/kapitalis.com\/tunisie\/2022\/05\/02\/tunisie-kais-saied-le-peuple-lhistoire-et-leternite\/#respond"]}]},{"@type":"WebPage","@id":"https:\/\/kapitalis.com\/tunisie\/2022\/05\/02\/tunisie-kais-saied-le-peuple-lhistoire-et-leternite\/","url":"https:\/\/kapitalis.com\/tunisie\/2022\/05\/02\/tunisie-kais-saied-le-peuple-lhistoire-et-leternite\/","name":"Tunisie\u00a0: Ka\u00efs Sa\u00efed, le peuple, l'Histoire et l'Eternit\u00e9 - Kapitalis","isPartOf":{"@id":"https:\/\/kapitalis.com\/tunisie\/#website"},"primaryImageOfPage":{"@id":"https:\/\/kapitalis.com\/tunisie\/2022\/05\/02\/tunisie-kais-saied-le-peuple-lhistoire-et-leternite\/#primaryimage"},"image":{"@id":"https:\/\/kapitalis.com\/tunisie\/2022\/05\/02\/tunisie-kais-saied-le-peuple-lhistoire-et-leternite\/#primaryimage"},"thumbnailUrl":"","datePublished":"2022-05-02T06:19:32+00:00","dateModified":"2022-05-02T06:22:23+00:00","breadcrumb":{"@id":"https:\/\/kapitalis.com\/tunisie\/2022\/05\/02\/tunisie-kais-saied-le-peuple-lhistoire-et-leternite\/#breadcrumb"},"inLanguage":"fr-FR","potentialAction":[{"@type":"ReadAction","target":["https:\/\/kapitalis.com\/tunisie\/2022\/05\/02\/tunisie-kais-saied-le-peuple-lhistoire-et-leternite\/"]}]},{"@type":"ImageObject","inLanguage":"fr-FR","@id":"https:\/\/kapitalis.com\/tunisie\/2022\/05\/02\/tunisie-kais-saied-le-peuple-lhistoire-et-leternite\/#primaryimage","url":"","contentUrl":""},{"@type":"BreadcrumbList","@id":"https:\/\/kapitalis.com\/tunisie\/2022\/05\/02\/tunisie-kais-saied-le-peuple-lhistoire-et-leternite\/#breadcrumb","itemListElement":[{"@type":"ListItem","position":1,"name":"Accueil","item":"https:\/\/kapitalis.com\/tunisie\/"},{"@type":"ListItem","position":2,"name":"Tunisie\u00a0: Ka\u00efs Sa\u00efed, le peuple, l&rsquo;Histoire et l&rsquo;Eternit\u00e9"}]},{"@type":"WebSite","@id":"https:\/\/kapitalis.com\/tunisie\/#website","url":"https:\/\/kapitalis.com\/tunisie\/","name":"Kapitalis","description":"L&#039;actualit\u00e9 en Tunisie et dans le monde","publisher":{"@id":"https:\/\/kapitalis.com\/tunisie\/#organization"},"potentialAction":[{"@type":"SearchAction","target":{"@type":"EntryPoint","urlTemplate":"https:\/\/kapitalis.com\/tunisie\/?s={search_term_string}"},"query-input":{"@type":"PropertyValueSpecification","valueRequired":true,"valueName":"search_term_string"}}],"inLanguage":"fr-FR"},{"@type":"Organization","@id":"https:\/\/kapitalis.com\/tunisie\/#organization","name":"Kapitalis","url":"https:\/\/kapitalis.com\/tunisie\/","logo":{"@type":"ImageObject","inLanguage":"fr-FR","@id":"https:\/\/kapitalis.com\/tunisie\/#\/schema\/logo\/image\/","url":"https:\/\/kapitalis.com\/tunisie\/wp-content\/uploads\/2022\/05\/Kapitalis-big-size.png","contentUrl":"https:\/\/kapitalis.com\/tunisie\/wp-content\/uploads\/2022\/05\/Kapitalis-big-size.png","width":5000,"height":1500,"caption":"Kapitalis"},"image":{"@id":"https:\/\/kapitalis.com\/tunisie\/#\/schema\/logo\/image\/"},"sameAs":["https:\/\/www.facebook.com\/KapitalisInfo\/","https:\/\/x.com\/KapitalisInfo","https:\/\/www.youtube.com\/channel\/UC-yDYrHyfFBWWZaOw3FPg9Q"]},{"@type":"Person","@id":"https:\/\/kapitalis.com\/tunisie\/#\/schema\/person\/d71f33a9ca44f7bad4698210b480c8e9","name":"webmaster kapitalis","url":"https:\/\/kapitalis.com\/tunisie\/author\/webmaster-kapitalis\/"}]}},"_links":{"self":[{"href":"https:\/\/kapitalis.com\/tunisie\/wp-json\/wp\/v2\/posts\/389496","targetHints":{"allow":["GET"]}}],"collection":[{"href":"https:\/\/kapitalis.com\/tunisie\/wp-json\/wp\/v2\/posts"}],"about":[{"href":"https:\/\/kapitalis.com\/tunisie\/wp-json\/wp\/v2\/types\/post"}],"author":[{"embeddable":true,"href":"https:\/\/kapitalis.com\/tunisie\/wp-json\/wp\/v2\/users\/8"}],"replies":[{"embeddable":true,"href":"https:\/\/kapitalis.com\/tunisie\/wp-json\/wp\/v2\/comments?post=389496"}],"version-history":[{"count":0,"href":"https:\/\/kapitalis.com\/tunisie\/wp-json\/wp\/v2\/posts\/389496\/revisions"}],"wp:featuredmedia":[{"embeddable":true,"href":"https:\/\/kapitalis.com\/tunisie\/wp-json\/wp\/v2\/media\/389497"}],"wp:attachment":[{"href":"https:\/\/kapitalis.com\/tunisie\/wp-json\/wp\/v2\/media?parent=389496"}],"wp:term":[{"taxonomy":"category","embeddable":true,"href":"https:\/\/kapitalis.com\/tunisie\/wp-json\/wp\/v2\/categories?post=389496"},{"taxonomy":"post_tag","embeddable":true,"href":"https:\/\/kapitalis.com\/tunisie\/wp-json\/wp\/v2\/tags?post=389496"}],"curies":[{"name":"wp","href":"https:\/\/api.w.org\/{rel}","templated":true}]}}