{"id":3895584,"date":"2022-09-10T07:31:17","date_gmt":"2022-09-10T06:31:17","guid":{"rendered":"https:\/\/kapitalis.com\/tunisie\/?p=3895584"},"modified":"2022-09-10T07:34:57","modified_gmt":"2022-09-10T06:34:57","slug":"langleterre-dalfred-le-grand-a-charles-iii-lattarde","status":"publish","type":"post","link":"https:\/\/kapitalis.com\/tunisie\/2022\/09\/10\/langleterre-dalfred-le-grand-a-charles-iii-lattarde\/","title":{"rendered":"L\u2019Angleterre, d\u2019Alfred le Grand \u00e0 Charles III \u00abl\u2019Attard\u00e9\u00bb"},"content":{"rendered":"\n<p><strong><em>Le Roi d\u2019origine allemande Charles III qui \u00e0 70 ans succ\u00e8de \u00e0 sa m\u00e8re la Reine Elisabeth II apr\u00e8s avoir attendu quarante ans pour acc\u00e9der \u00e0 la fonction \u00e0 laquelle il avait \u00e9t\u00e9 pr\u00e9par\u00e9 toute son enfance et sa jeunesse. Il se trouve d\u00e9sormais \u00e0 la t\u00eate d\u2019un peuple qui n\u2019a plus de la royaut\u00e9 et de l\u2019autorit\u00e9 une id\u00e9e bien d\u00e9finie, et qui apr\u00e8s le Brexit, se cherche.<\/em><\/strong><\/p>\n\n\n\n<p>Par <strong>Dr Mounir Hanablia<\/strong> *<\/p>\n\n\n\n<!--more-->\n\n\n\n<p>On pensera ce que l\u2019on voudra de la mort de la Reine <a href=\"https:\/\/kapitalis.com\/tunisie\/2022\/09\/09\/deces-de-la-reine-elisabeth-ii-quelle-vie-et-quel-destin\/\" target=\"_blank\" rel=\"noreferrer noopener\">Elizabeth II<\/a>; d\u2019aucuns, nos sempiternels nationalistes, parangons de la grandeur de notre race et de notre religion, se d\u00e9fendront m\u00eame comme \u00e0 leur habitude, de penser. Mais honni soit qui mal y pense ! <\/p>\n\n\n\n<p>Elizabeth II a r\u00e9gn\u00e9 sans gouverner, hormis sa famille, et toutes les p\u00e9rip\u00e9ties et les drames dont le palais de Buckingham a \u00e9t\u00e9 le th\u00e9\u00e2tre durant son r\u00e8gne ne sont pas sans rappeler les sanglants affrontements pour la conqu\u00eate du pouvoir qui ont \u00e9maill\u00e9 l&rsquo;\u2019Histoire de l\u2019Angleterre, celui entre Etienne de Blois et la Reine Mathilde qualifi\u00e9 d&rsquo;Anarchie, ou bien cet autre entre la Maison d\u2019York et celle de Lancaster connu sous le nom de Guerre des deux Roses qui a dur\u00e9 trente ans et qui s\u2019est finalement conclu avec la bataille de Bosworth en 1485 et l\u2019av\u00e8nement de Henry Tudor.<\/p>\n\n\n\n<figure class=\"wp-block-embed is-type-wp-embed is-provider-kapitalis wp-block-embed-kapitalis\"><div class=\"wp-block-embed__wrapper\">\n<blockquote class=\"wp-embedded-content\" data-secret=\"oNdLBPgpYY\"><a href=\"https:\/\/kapitalis.com\/tunisie\/2022\/09\/09\/deces-de-la-reine-elisabeth-ii-quelle-vie-et-quel-destin\/\">D\u00e9c\u00e8s de la reine Elisabeth II\u00a0: Quelle vie et quel destin!<\/a><\/blockquote><iframe loading=\"lazy\" class=\"wp-embedded-content\" sandbox=\"allow-scripts\" security=\"restricted\" style=\"position: absolute; clip: rect(1px, 1px, 1px, 1px);\" title=\"\u00ab\u00a0D\u00e9c\u00e8s de la reine Elisabeth II\u00a0: Quelle vie et quel destin!\u00a0\u00bb &#8212; Kapitalis\" src=\"https:\/\/kapitalis.com\/tunisie\/2022\/09\/09\/deces-de-la-reine-elisabeth-ii-quelle-vie-et-quel-destin\/embed\/#?secret=rWYwrd347x#?secret=oNdLBPgpYY\" data-secret=\"oNdLBPgpYY\" width=\"600\" height=\"338\" frameborder=\"0\" marginwidth=\"0\" marginheight=\"0\" scrolling=\"no\"><\/iframe>\n<\/div><\/figure>\n\n\n\n<h2 class=\"wp-block-heading\">Pragmatisme et recherche du compromis<\/h2>\n\n\n\n<p>Cependant, l\u2019Anarchie avait pris fin avec l\u2019accord conclu par lequel Etienne de Blois nommait comme h\u00e9ritier Henry Plantagen\u00eat, le fils de sa rivale. Et Elizabeth I\u00e8re Tudor avait fait ex\u00e9cuter sa cousine, la catholique Marie Stuart d\u2019Ecosse, mais \u00e9tant sans enfants, \u00e0 sa mort c\u2019est le fils de son ennemie, Jacques Stuart d\u2019Ecosse, \u00e9lev\u00e9 dans la foi protestante, qui est finalement devenu \u00e9galement Roi d\u2019Angleterre. Et lorsque les Stuart ont voulu r\u00e9tablir la foi catholique en tant que religion d\u2019Etat, le parlement anglais, cette nouvelle force, a d\u2019abord fait ex\u00e9cuter Charles Ier Stuart, puis chass\u00e9 Jacques II et choisi pour Roi le Stathouder de Hollande Guillaume d\u2019Orange, avant&nbsp;d\u2019installer \u00e0 la t\u00eate du Royaume la maison allemande de Hanovre.<\/p>\n\n\n\n<p>C\u2019est parce que le parlement anglais voulait gouverner qu\u2019il a choisi des rois \u00e9trangers qui ne comprenaient pas l\u2019anglais et qui passaient la plupart de leur temps hors d\u2019Angleterre. Et c\u2019est ainsi que le roi d&rsquo;Angleterre a pris l\u2019habitude de gouverner sans r\u00e9gner. Et ce qui conf\u00e8re \u00e0 l\u2019Histoire de l\u2019Angleterre ce caract\u00e8re universel ind\u00e9niable, c\u2019est le pragmatisme et la recherche du compromis qui y ont souvent pr\u00e9valu, y compris durant ses p\u00e9riodes les plus sanglantes, et qui ont abouti finalement \u00e0 ce que l\u2019on nomme aujourd\u2019hui&nbsp;la d\u00e9mocratie, c\u2019est \u00e0 dire l\u2019alternance pacifique au pouvoir gr\u00e2ce \u00e0 des m\u00e9canismes institutionnalis\u00e9s.<\/p>\n\n\n\n<p>Il faut dire que l\u2019Angleterre avait \u00e9t\u00e9 durant quatre si\u00e8cles une colonie romaine et que \u00e0 partir de 450 elle a fait face \u00e0 une succession d\u2019invasions et de colonisations, d\u2019abord par les Anglo-saxons, puis 4 si\u00e8cles plus tard par les Vikings danois et norv\u00e9giens, avant d\u2019\u00eatre conquise en 1066 par les Normands venus de France.<\/p>\n\n\n\n<p>Dans un espace restreint il a fallu int\u00e9grer ces populations guerri\u00e8res d\u2019origines diverses et instaurer un modus vivendi entre ses diff\u00e9rentes composantes. Il faut dire que la querelle des investitures entre les papes et les empereurs avait donn\u00e9 le ton, mais apr\u00e8s l\u2019assassinat de l\u2019archev\u00eaque de Canterbury par les sbires du roi angevin Henry II, son fils le roi Jean dit Sans Terre avait d\u00fb conc\u00e9der en 1214 aux seigneurs m\u00e9contents en majorit\u00e9 saxons des garanties concernant la protection de leurs biens et de leurs personnes. On a appel\u00e9 cela Magna Carta, la Grande Charte, mais les historiens anglais ne lui en ont pas \u00e9t\u00e9 reconnaissants, sans doute \u00e0 cause de la d\u00e9faite de Bouvines, et la perte en France par le roi d\u2019Angleterre de la Mayenne, du Poitou, de l\u2019Anjou, de la Normandie, et d\u2019une partie de la Guyenne.<\/p>\n\n\n\n<h2 class=\"wp-block-heading\">Emergence de la conscience nationale anglaise<\/h2>\n\n\n\n<p>Les graines de la Guerre de Cent Ans avaient ainsi \u00e9t\u00e9 sem\u00e9es, un conflit dont la conclusion finale, le d\u00e9sengagement de la totalit\u00e9 du Royaume de France, marquerait avec l\u2019av\u00e8nement des Tudor, l\u2019\u00e9mergence de la conscience nationale anglaise.<\/p>\n\n\n\n<p><blockquote class=\"wp-embedded-content\" data-secret=\"dvuw42ljyr\"><a href=\"https:\/\/kapitalis.com\/tunisie\/2022\/02\/06\/the-isles-comment-albion-est-devenue-anglaise\/\">\u00abThe Isles\u00bb : Comment Albion est devenue anglaise<\/a><\/blockquote><iframe loading=\"lazy\" class=\"wp-embedded-content\" sandbox=\"allow-scripts\" security=\"restricted\" style=\"position: absolute; clip: rect(1px, 1px, 1px, 1px);\" title=\"\u00ab\u00a0\u00abThe Isles\u00bb : Comment Albion est devenue anglaise\u00a0\u00bb &#8212; Kapitalis\" src=\"https:\/\/kapitalis.com\/tunisie\/2022\/02\/06\/the-isles-comment-albion-est-devenue-anglaise\/embed\/#?secret=N2zMleYX89#?secret=dvuw42ljyr\" data-secret=\"dvuw42ljyr\" width=\"600\" height=\"338\" frameborder=\"0\" marginwidth=\"0\" marginheight=\"0\" scrolling=\"no\"><\/iframe><\/p>\n\n\n\n<p>Cependant, les historiens anglais d\u2019une mani\u00e8re g\u00e9n\u00e9rale n\u2019ont pas \u00e9t\u00e9 tendres avec les rois qui ont r\u00e9gn\u00e9 sur leur pays. Contre les Vikings, les Normands, et les Angevins, ce sont bien&nbsp; les Saxons, pourtant des envahisseurs, qui avaient trouv\u00e9 gr\u00e2ce \u00e0 leurs yeux, et parmi ces derniers, seul le Roi du Wessex Alfred avait \u00e9t\u00e9 qualifi\u00e9 de Grand parce que les imp\u00e9rialistes anglais lui ont attribu\u00e9 le m\u00e9rite de la fondation et de l\u2019unification du royaume.<\/p>\n\n\n\n<p>Le Roi d\u2019origine allemande Charles III qui \u00e0 70 ans succ\u00e8de aujourd\u2019hui \u00e0 sa m\u00e8re la reine Elisabeth II apr\u00e8s avoir attendu quarante ans pour acc\u00e9der \u00e0 la fonction \u00e0 laquelle il avait \u00e9t\u00e9 pr\u00e9par\u00e9 toute son enfance et sa jeunesse. Il se trouve d\u00e9sormais \u00e0 la t\u00eate d\u2019un peuple qui n\u2019a plus de la royaut\u00e9 et de l\u2019autorit\u00e9 une id\u00e9e bien d\u00e9finie, et qui apr\u00e8s le Brexit, se cherche. Sa premi\u00e8re allocution a certes \u00e9t\u00e9 \u00e0 la hauteur de l\u2019\u00e9v\u00e8nement. N\u00e9anmoins il pourrait \u00e0 l\u2019avenir subir les foudres des professionnels de la m\u00e9moire s\u2019il s\u2019av\u00e9rait qu\u2019il n\u2019\u00e9volu\u00e2t pas hors des normes que son \u00e9ducation issue d\u2019un monde disparu, celui par exemple d\u2019Henry VIII, lui a inculqu\u00e9es. Auquel cas il serait sans doute qualifi\u00e9 d\u2019attard\u00e9.&nbsp;<\/p>\n","protected":false},"excerpt":{"rendered":"<p>Le Roi d\u2019origine allemande Charles III qui \u00e0 70 ans succ\u00e8de \u00e0 sa m\u00e8re la Reine Elisabeth II apr\u00e8s avoir attendu quarante ans pour acc\u00e9der \u00e0 la fonction \u00e0 laquelle il avait \u00e9t\u00e9 pr\u00e9par\u00e9 toute son enfance et sa jeunesse. <\/p>\n","protected":false},"author":8,"featured_media":3895641,"comment_status":"open","ping_status":"open","sticky":false,"template":"","format":"standard","meta":{"footnotes":""},"categories":[992,997],"tags":[102663,2721,102634,87558,102661,102665,102668,102666,102664,1322],"class_list":["post-3895584","post","type-post","status-publish","format-standard","has-post-thumbnail","hentry","category-a-la-une","category-politique","tag-alfred-le-grand","tag-angleterre","tag-charles-iii","tag-dr-mounir-hanablia","tag-elizabeth-ii","tag-guerre-de-trente-ans","tag-guillaume-dorange","tag-henry-plantagenet","tag-henry-tudor","tag-royaume-uni"],"yoast_head":"<!-- This site is optimized with the Yoast SEO plugin v26.6 - https:\/\/yoast.com\/wordpress\/plugins\/seo\/ -->\n<title>L\u2019Angleterre, d\u2019Alfred le Grand \u00e0 Charles III \u00abl\u2019Attard\u00e9\u00bb - Kapitalis<\/title>\n<meta name=\"robots\" content=\"index, follow, max-snippet:-1, max-image-preview:large, max-video-preview:-1\" \/>\n<link rel=\"canonical\" href=\"https:\/\/kapitalis.com\/tunisie\/2022\/09\/10\/langleterre-dalfred-le-grand-a-charles-iii-lattarde\/\" \/>\n<meta property=\"og:locale\" content=\"fr_FR\" \/>\n<meta property=\"og:type\" content=\"article\" \/>\n<meta property=\"og:title\" content=\"L\u2019Angleterre, d\u2019Alfred le Grand \u00e0 Charles III \u00abl\u2019Attard\u00e9\u00bb - Kapitalis\" \/>\n<meta property=\"og:description\" content=\"Le Roi d\u2019origine allemande Charles III qui \u00e0 70 ans succ\u00e8de \u00e0 sa m\u00e8re la Reine Elisabeth II apr\u00e8s avoir attendu quarante ans pour acc\u00e9der \u00e0 la fonction \u00e0 laquelle il avait \u00e9t\u00e9 pr\u00e9par\u00e9 toute son enfance et sa jeunesse.\" \/>\n<meta property=\"og:url\" content=\"https:\/\/kapitalis.com\/tunisie\/2022\/09\/10\/langleterre-dalfred-le-grand-a-charles-iii-lattarde\/\" \/>\n<meta property=\"og:site_name\" content=\"Kapitalis\" \/>\n<meta property=\"article:publisher\" content=\"https:\/\/www.facebook.com\/KapitalisInfo\/\" \/>\n<meta property=\"article:published_time\" content=\"2022-09-10T06:31:17+00:00\" \/>\n<meta property=\"article:modified_time\" content=\"2022-09-10T06:34:57+00:00\" \/>\n<meta property=\"og:image\" content=\"https:\/\/kapitalis.com\/tunisie\/wp-content\/uploads\/2022\/09\/Alfred-le-Grand-Charles-III.jpg\" \/>\n\t<meta property=\"og:image:width\" content=\"1200\" \/>\n\t<meta property=\"og:image:height\" content=\"630\" \/>\n\t<meta property=\"og:image:type\" content=\"image\/jpeg\" \/>\n<meta name=\"author\" content=\"webmaster kapitalis\" \/>\n<meta name=\"twitter:card\" content=\"summary_large_image\" \/>\n<meta name=\"twitter:creator\" content=\"@KapitalisInfo\" \/>\n<meta name=\"twitter:site\" content=\"@KapitalisInfo\" \/>\n<meta name=\"twitter:label1\" content=\"\u00c9crit par\" \/>\n\t<meta name=\"twitter:data1\" content=\"webmaster kapitalis\" \/>\n\t<meta name=\"twitter:label2\" content=\"Dur\u00e9e de lecture estim\u00e9e\" \/>\n\t<meta name=\"twitter:data2\" content=\"5 minutes\" \/>\n<script type=\"application\/ld+json\" class=\"yoast-schema-graph\">{\"@context\":\"https:\/\/schema.org\",\"@graph\":[{\"@type\":\"Article\",\"@id\":\"https:\/\/kapitalis.com\/tunisie\/2022\/09\/10\/langleterre-dalfred-le-grand-a-charles-iii-lattarde\/#article\",\"isPartOf\":{\"@id\":\"https:\/\/kapitalis.com\/tunisie\/2022\/09\/10\/langleterre-dalfred-le-grand-a-charles-iii-lattarde\/\"},\"author\":{\"name\":\"webmaster kapitalis\",\"@id\":\"https:\/\/kapitalis.com\/tunisie\/#\/schema\/person\/d71f33a9ca44f7bad4698210b480c8e9\"},\"headline\":\"L\u2019Angleterre, d\u2019Alfred le Grand \u00e0 Charles III \u00abl\u2019Attard\u00e9\u00bb\",\"datePublished\":\"2022-09-10T06:31:17+00:00\",\"dateModified\":\"2022-09-10T06:34:57+00:00\",\"mainEntityOfPage\":{\"@id\":\"https:\/\/kapitalis.com\/tunisie\/2022\/09\/10\/langleterre-dalfred-le-grand-a-charles-iii-lattarde\/\"},\"wordCount\":1016,\"commentCount\":3,\"publisher\":{\"@id\":\"https:\/\/kapitalis.com\/tunisie\/#organization\"},\"image\":{\"@id\":\"https:\/\/kapitalis.com\/tunisie\/2022\/09\/10\/langleterre-dalfred-le-grand-a-charles-iii-lattarde\/#primaryimage\"},\"thumbnailUrl\":\"https:\/\/kapitalis.com\/tunisie\/wp-content\/uploads\/2022\/09\/Alfred-le-Grand-Charles-III.jpg\",\"keywords\":[\"Alfred le Grand\",\"Angleterre\",\"Charles III\",\"Dr Mounir Hanablia\",\"Elizabeth II\",\"guerre de trente ans\",\"Guillaume d\u2019Orange\",\"Henry Plantagen\u00eat\",\"Henry Tudor\",\"Royaume Uni\"],\"articleSection\":[\"A LA UNE\",\"POLITIQUE\"],\"inLanguage\":\"fr-FR\",\"potentialAction\":[{\"@type\":\"CommentAction\",\"name\":\"Comment\",\"target\":[\"https:\/\/kapitalis.com\/tunisie\/2022\/09\/10\/langleterre-dalfred-le-grand-a-charles-iii-lattarde\/#respond\"]}]},{\"@type\":\"WebPage\",\"@id\":\"https:\/\/kapitalis.com\/tunisie\/2022\/09\/10\/langleterre-dalfred-le-grand-a-charles-iii-lattarde\/\",\"url\":\"https:\/\/kapitalis.com\/tunisie\/2022\/09\/10\/langleterre-dalfred-le-grand-a-charles-iii-lattarde\/\",\"name\":\"L\u2019Angleterre, d\u2019Alfred le Grand \u00e0 Charles III \u00abl\u2019Attard\u00e9\u00bb - Kapitalis\",\"isPartOf\":{\"@id\":\"https:\/\/kapitalis.com\/tunisie\/#website\"},\"primaryImageOfPage\":{\"@id\":\"https:\/\/kapitalis.com\/tunisie\/2022\/09\/10\/langleterre-dalfred-le-grand-a-charles-iii-lattarde\/#primaryimage\"},\"image\":{\"@id\":\"https:\/\/kapitalis.com\/tunisie\/2022\/09\/10\/langleterre-dalfred-le-grand-a-charles-iii-lattarde\/#primaryimage\"},\"thumbnailUrl\":\"https:\/\/kapitalis.com\/tunisie\/wp-content\/uploads\/2022\/09\/Alfred-le-Grand-Charles-III.jpg\",\"datePublished\":\"2022-09-10T06:31:17+00:00\",\"dateModified\":\"2022-09-10T06:34:57+00:00\",\"breadcrumb\":{\"@id\":\"https:\/\/kapitalis.com\/tunisie\/2022\/09\/10\/langleterre-dalfred-le-grand-a-charles-iii-lattarde\/#breadcrumb\"},\"inLanguage\":\"fr-FR\",\"potentialAction\":[{\"@type\":\"ReadAction\",\"target\":[\"https:\/\/kapitalis.com\/tunisie\/2022\/09\/10\/langleterre-dalfred-le-grand-a-charles-iii-lattarde\/\"]}]},{\"@type\":\"ImageObject\",\"inLanguage\":\"fr-FR\",\"@id\":\"https:\/\/kapitalis.com\/tunisie\/2022\/09\/10\/langleterre-dalfred-le-grand-a-charles-iii-lattarde\/#primaryimage\",\"url\":\"https:\/\/kapitalis.com\/tunisie\/wp-content\/uploads\/2022\/09\/Alfred-le-Grand-Charles-III.jpg\",\"contentUrl\":\"https:\/\/kapitalis.com\/tunisie\/wp-content\/uploads\/2022\/09\/Alfred-le-Grand-Charles-III.jpg\",\"width\":1200,\"height\":630},{\"@type\":\"BreadcrumbList\",\"@id\":\"https:\/\/kapitalis.com\/tunisie\/2022\/09\/10\/langleterre-dalfred-le-grand-a-charles-iii-lattarde\/#breadcrumb\",\"itemListElement\":[{\"@type\":\"ListItem\",\"position\":1,\"name\":\"Accueil\",\"item\":\"https:\/\/kapitalis.com\/tunisie\/\"},{\"@type\":\"ListItem\",\"position\":2,\"name\":\"L\u2019Angleterre, d\u2019Alfred le Grand \u00e0 Charles III \u00abl\u2019Attard\u00e9\u00bb\"}]},{\"@type\":\"WebSite\",\"@id\":\"https:\/\/kapitalis.com\/tunisie\/#website\",\"url\":\"https:\/\/kapitalis.com\/tunisie\/\",\"name\":\"Kapitalis\",\"description\":\"L&#039;actualit\u00e9 en Tunisie et dans le monde\",\"publisher\":{\"@id\":\"https:\/\/kapitalis.com\/tunisie\/#organization\"},\"potentialAction\":[{\"@type\":\"SearchAction\",\"target\":{\"@type\":\"EntryPoint\",\"urlTemplate\":\"https:\/\/kapitalis.com\/tunisie\/?s={search_term_string}\"},\"query-input\":{\"@type\":\"PropertyValueSpecification\",\"valueRequired\":true,\"valueName\":\"search_term_string\"}}],\"inLanguage\":\"fr-FR\"},{\"@type\":\"Organization\",\"@id\":\"https:\/\/kapitalis.com\/tunisie\/#organization\",\"name\":\"Kapitalis\",\"url\":\"https:\/\/kapitalis.com\/tunisie\/\",\"logo\":{\"@type\":\"ImageObject\",\"inLanguage\":\"fr-FR\",\"@id\":\"https:\/\/kapitalis.com\/tunisie\/#\/schema\/logo\/image\/\",\"url\":\"https:\/\/kapitalis.com\/tunisie\/wp-content\/uploads\/2022\/05\/Kapitalis-big-size.png\",\"contentUrl\":\"https:\/\/kapitalis.com\/tunisie\/wp-content\/uploads\/2022\/05\/Kapitalis-big-size.png\",\"width\":5000,\"height\":1500,\"caption\":\"Kapitalis\"},\"image\":{\"@id\":\"https:\/\/kapitalis.com\/tunisie\/#\/schema\/logo\/image\/\"},\"sameAs\":[\"https:\/\/www.facebook.com\/KapitalisInfo\/\",\"https:\/\/x.com\/KapitalisInfo\",\"https:\/\/www.youtube.com\/channel\/UC-yDYrHyfFBWWZaOw3FPg9Q\"]},{\"@type\":\"Person\",\"@id\":\"https:\/\/kapitalis.com\/tunisie\/#\/schema\/person\/d71f33a9ca44f7bad4698210b480c8e9\",\"name\":\"webmaster kapitalis\",\"url\":\"https:\/\/kapitalis.com\/tunisie\/author\/webmaster-kapitalis\/\"}]}<\/script>\n<!-- \/ Yoast SEO plugin. -->","yoast_head_json":{"title":"L\u2019Angleterre, d\u2019Alfred le Grand \u00e0 Charles III \u00abl\u2019Attard\u00e9\u00bb - Kapitalis","robots":{"index":"index","follow":"follow","max-snippet":"max-snippet:-1","max-image-preview":"max-image-preview:large","max-video-preview":"max-video-preview:-1"},"canonical":"https:\/\/kapitalis.com\/tunisie\/2022\/09\/10\/langleterre-dalfred-le-grand-a-charles-iii-lattarde\/","og_locale":"fr_FR","og_type":"article","og_title":"L\u2019Angleterre, d\u2019Alfred le Grand \u00e0 Charles III \u00abl\u2019Attard\u00e9\u00bb - Kapitalis","og_description":"Le Roi d\u2019origine allemande Charles III qui \u00e0 70 ans succ\u00e8de \u00e0 sa m\u00e8re la Reine Elisabeth II apr\u00e8s avoir attendu quarante ans pour acc\u00e9der \u00e0 la fonction \u00e0 laquelle il avait \u00e9t\u00e9 pr\u00e9par\u00e9 toute son enfance et sa jeunesse.","og_url":"https:\/\/kapitalis.com\/tunisie\/2022\/09\/10\/langleterre-dalfred-le-grand-a-charles-iii-lattarde\/","og_site_name":"Kapitalis","article_publisher":"https:\/\/www.facebook.com\/KapitalisInfo\/","article_published_time":"2022-09-10T06:31:17+00:00","article_modified_time":"2022-09-10T06:34:57+00:00","og_image":[{"width":1200,"height":630,"url":"https:\/\/kapitalis.com\/tunisie\/wp-content\/uploads\/2022\/09\/Alfred-le-Grand-Charles-III.jpg","type":"image\/jpeg"}],"author":"webmaster kapitalis","twitter_card":"summary_large_image","twitter_creator":"@KapitalisInfo","twitter_site":"@KapitalisInfo","twitter_misc":{"\u00c9crit par":"webmaster kapitalis","Dur\u00e9e de lecture estim\u00e9e":"5 minutes"},"schema":{"@context":"https:\/\/schema.org","@graph":[{"@type":"Article","@id":"https:\/\/kapitalis.com\/tunisie\/2022\/09\/10\/langleterre-dalfred-le-grand-a-charles-iii-lattarde\/#article","isPartOf":{"@id":"https:\/\/kapitalis.com\/tunisie\/2022\/09\/10\/langleterre-dalfred-le-grand-a-charles-iii-lattarde\/"},"author":{"name":"webmaster kapitalis","@id":"https:\/\/kapitalis.com\/tunisie\/#\/schema\/person\/d71f33a9ca44f7bad4698210b480c8e9"},"headline":"L\u2019Angleterre, d\u2019Alfred le Grand \u00e0 Charles III \u00abl\u2019Attard\u00e9\u00bb","datePublished":"2022-09-10T06:31:17+00:00","dateModified":"2022-09-10T06:34:57+00:00","mainEntityOfPage":{"@id":"https:\/\/kapitalis.com\/tunisie\/2022\/09\/10\/langleterre-dalfred-le-grand-a-charles-iii-lattarde\/"},"wordCount":1016,"commentCount":3,"publisher":{"@id":"https:\/\/kapitalis.com\/tunisie\/#organization"},"image":{"@id":"https:\/\/kapitalis.com\/tunisie\/2022\/09\/10\/langleterre-dalfred-le-grand-a-charles-iii-lattarde\/#primaryimage"},"thumbnailUrl":"https:\/\/kapitalis.com\/tunisie\/wp-content\/uploads\/2022\/09\/Alfred-le-Grand-Charles-III.jpg","keywords":["Alfred le Grand","Angleterre","Charles III","Dr Mounir Hanablia","Elizabeth II","guerre de trente ans","Guillaume d\u2019Orange","Henry Plantagen\u00eat","Henry Tudor","Royaume Uni"],"articleSection":["A LA UNE","POLITIQUE"],"inLanguage":"fr-FR","potentialAction":[{"@type":"CommentAction","name":"Comment","target":["https:\/\/kapitalis.com\/tunisie\/2022\/09\/10\/langleterre-dalfred-le-grand-a-charles-iii-lattarde\/#respond"]}]},{"@type":"WebPage","@id":"https:\/\/kapitalis.com\/tunisie\/2022\/09\/10\/langleterre-dalfred-le-grand-a-charles-iii-lattarde\/","url":"https:\/\/kapitalis.com\/tunisie\/2022\/09\/10\/langleterre-dalfred-le-grand-a-charles-iii-lattarde\/","name":"L\u2019Angleterre, d\u2019Alfred le Grand \u00e0 Charles III \u00abl\u2019Attard\u00e9\u00bb - Kapitalis","isPartOf":{"@id":"https:\/\/kapitalis.com\/tunisie\/#website"},"primaryImageOfPage":{"@id":"https:\/\/kapitalis.com\/tunisie\/2022\/09\/10\/langleterre-dalfred-le-grand-a-charles-iii-lattarde\/#primaryimage"},"image":{"@id":"https:\/\/kapitalis.com\/tunisie\/2022\/09\/10\/langleterre-dalfred-le-grand-a-charles-iii-lattarde\/#primaryimage"},"thumbnailUrl":"https:\/\/kapitalis.com\/tunisie\/wp-content\/uploads\/2022\/09\/Alfred-le-Grand-Charles-III.jpg","datePublished":"2022-09-10T06:31:17+00:00","dateModified":"2022-09-10T06:34:57+00:00","breadcrumb":{"@id":"https:\/\/kapitalis.com\/tunisie\/2022\/09\/10\/langleterre-dalfred-le-grand-a-charles-iii-lattarde\/#breadcrumb"},"inLanguage":"fr-FR","potentialAction":[{"@type":"ReadAction","target":["https:\/\/kapitalis.com\/tunisie\/2022\/09\/10\/langleterre-dalfred-le-grand-a-charles-iii-lattarde\/"]}]},{"@type":"ImageObject","inLanguage":"fr-FR","@id":"https:\/\/kapitalis.com\/tunisie\/2022\/09\/10\/langleterre-dalfred-le-grand-a-charles-iii-lattarde\/#primaryimage","url":"https:\/\/kapitalis.com\/tunisie\/wp-content\/uploads\/2022\/09\/Alfred-le-Grand-Charles-III.jpg","contentUrl":"https:\/\/kapitalis.com\/tunisie\/wp-content\/uploads\/2022\/09\/Alfred-le-Grand-Charles-III.jpg","width":1200,"height":630},{"@type":"BreadcrumbList","@id":"https:\/\/kapitalis.com\/tunisie\/2022\/09\/10\/langleterre-dalfred-le-grand-a-charles-iii-lattarde\/#breadcrumb","itemListElement":[{"@type":"ListItem","position":1,"name":"Accueil","item":"https:\/\/kapitalis.com\/tunisie\/"},{"@type":"ListItem","position":2,"name":"L\u2019Angleterre, d\u2019Alfred le Grand \u00e0 Charles III \u00abl\u2019Attard\u00e9\u00bb"}]},{"@type":"WebSite","@id":"https:\/\/kapitalis.com\/tunisie\/#website","url":"https:\/\/kapitalis.com\/tunisie\/","name":"Kapitalis","description":"L&#039;actualit\u00e9 en Tunisie et dans le monde","publisher":{"@id":"https:\/\/kapitalis.com\/tunisie\/#organization"},"potentialAction":[{"@type":"SearchAction","target":{"@type":"EntryPoint","urlTemplate":"https:\/\/kapitalis.com\/tunisie\/?s={search_term_string}"},"query-input":{"@type":"PropertyValueSpecification","valueRequired":true,"valueName":"search_term_string"}}],"inLanguage":"fr-FR"},{"@type":"Organization","@id":"https:\/\/kapitalis.com\/tunisie\/#organization","name":"Kapitalis","url":"https:\/\/kapitalis.com\/tunisie\/","logo":{"@type":"ImageObject","inLanguage":"fr-FR","@id":"https:\/\/kapitalis.com\/tunisie\/#\/schema\/logo\/image\/","url":"https:\/\/kapitalis.com\/tunisie\/wp-content\/uploads\/2022\/05\/Kapitalis-big-size.png","contentUrl":"https:\/\/kapitalis.com\/tunisie\/wp-content\/uploads\/2022\/05\/Kapitalis-big-size.png","width":5000,"height":1500,"caption":"Kapitalis"},"image":{"@id":"https:\/\/kapitalis.com\/tunisie\/#\/schema\/logo\/image\/"},"sameAs":["https:\/\/www.facebook.com\/KapitalisInfo\/","https:\/\/x.com\/KapitalisInfo","https:\/\/www.youtube.com\/channel\/UC-yDYrHyfFBWWZaOw3FPg9Q"]},{"@type":"Person","@id":"https:\/\/kapitalis.com\/tunisie\/#\/schema\/person\/d71f33a9ca44f7bad4698210b480c8e9","name":"webmaster kapitalis","url":"https:\/\/kapitalis.com\/tunisie\/author\/webmaster-kapitalis\/"}]}},"_links":{"self":[{"href":"https:\/\/kapitalis.com\/tunisie\/wp-json\/wp\/v2\/posts\/3895584","targetHints":{"allow":["GET"]}}],"collection":[{"href":"https:\/\/kapitalis.com\/tunisie\/wp-json\/wp\/v2\/posts"}],"about":[{"href":"https:\/\/kapitalis.com\/tunisie\/wp-json\/wp\/v2\/types\/post"}],"author":[{"embeddable":true,"href":"https:\/\/kapitalis.com\/tunisie\/wp-json\/wp\/v2\/users\/8"}],"replies":[{"embeddable":true,"href":"https:\/\/kapitalis.com\/tunisie\/wp-json\/wp\/v2\/comments?post=3895584"}],"version-history":[{"count":0,"href":"https:\/\/kapitalis.com\/tunisie\/wp-json\/wp\/v2\/posts\/3895584\/revisions"}],"wp:featuredmedia":[{"embeddable":true,"href":"https:\/\/kapitalis.com\/tunisie\/wp-json\/wp\/v2\/media\/3895641"}],"wp:attachment":[{"href":"https:\/\/kapitalis.com\/tunisie\/wp-json\/wp\/v2\/media?parent=3895584"}],"wp:term":[{"taxonomy":"category","embeddable":true,"href":"https:\/\/kapitalis.com\/tunisie\/wp-json\/wp\/v2\/categories?post=3895584"},{"taxonomy":"post_tag","embeddable":true,"href":"https:\/\/kapitalis.com\/tunisie\/wp-json\/wp\/v2\/tags?post=3895584"}],"curies":[{"name":"wp","href":"https:\/\/api.w.org\/{rel}","templated":true}]}}