{"id":3896513,"date":"2022-09-10T09:07:07","date_gmt":"2022-09-10T08:07:07","guid":{"rendered":"https:\/\/kapitalis.com\/tunisie\/?p=3896513"},"modified":"2022-09-10T09:07:08","modified_gmt":"2022-09-10T08:07:08","slug":"tunisie-le-dialogue-de-sourds-entre-le-gouvernement-et-lugtt-se-poursuit","status":"publish","type":"post","link":"https:\/\/kapitalis.com\/tunisie\/2022\/09\/10\/tunisie-le-dialogue-de-sourds-entre-le-gouvernement-et-lugtt-se-poursuit\/","title":{"rendered":"Tunisie : le dialogue de sourds entre le gouvernement et l&rsquo;UGTT se poursuit"},"content":{"rendered":"\n<p><strong><em>Sans surprise, les n\u00e9gociations entre la centrale syndicale et le gouvernement sur de nouvelles augmentations salariales dans le secteur et la fonction publique ont encore une fois achopp\u00e9 au refus des autorit\u00e9s publiques, qui ont le dos au mur et, surtout, les poches vides. \u00a0<\/em><\/strong><\/p>\n\n\n\n<!--more-->\n\n\n\n<p>L&rsquo;Union g\u00e9n\u00e9rale tunisienne du travail (UGTT) et le gouvernement ont repris vendredi 9 septembre 2022 les n\u00e9gociations sur les questions sociales, sans parvenir \u00e0 un accord en raison de divergences de vues entre les deux parties, a d\u00e9clar\u00e9 le secr\u00e9taire g\u00e9n\u00e9ral adjoint de l\u2019UGTT, Slaheddine Selmi.<\/p>\n\n\n\n<p>Selmi a d\u00e9clar\u00e9 \u00e0 Tap qu\u2019aucun accord n\u2019avait \u00e9t\u00e9 conclu lors de la session de n\u00e9gociation tenue vendredi, notamment sur la question salariale. Le gouvernement a pr\u00e9sent\u00e9 deux propositions sur l\u2019augmentation des salaires mais qui n\u2019ont pas r\u00e9pondu aux attentes de la centrale syndicale, a indiqu\u00e9 la m\u00eame source.<\/p>\n\n\n\n<p>L\u2019UGTT, qui r\u00e9clame une augmentation des salaires des salari\u00e9s du secteur et de la fonction publics pour les ann\u00e9es 2021\/2022\/2023, vise \u00e0 am\u00e9liorer le pouvoir d\u2019achat des salari\u00e9s, mais le gouvernement avait propos\u00e9 lors de pr\u00e9c\u00e9dentes n\u00e9gociations une augmentation qui serait servie durant les ann\u00e9es 2023\/2024\/2025.<\/p>\n\n\n\n<p>Les n\u00e9gociations ont \u00e9galement port\u00e9 sur la demande d\u2019annulation de la contribution de solidarit\u00e9 de 1%, mais le gouvernement a refus\u00e9 cette demande, invoquant les difficult\u00e9s financi\u00e8res du pays, a ajout\u00e9 Selmi.<\/p>\n\n\n\n<p>En fait, et cela ni les repr\u00e9sentants du gouvernement ni ceux de la centrale syndicale ne le disent clairement, les finances publiques sont dans un \u00e9tat aussi piteux que tout accord sur une nouvelle augmentation salariale serait hasardeuse voire suicidaire, d&rsquo;autant que l&rsquo;Etat, au bord de la cessation de paiement, est tr\u00e8s endett\u00e9 et n&rsquo;a m\u00eame pas les fonds n\u00e9cessaires pour boucler son budget pour l&rsquo;exercice en cours. Pour ne rien arranger, il s&rsquo;est engag\u00e9 aupr\u00e8s du Fonds mon\u00e9taire internationale (FMI), qu&rsquo;il sollicite pour un nouveau pr\u00eat, \u00e0 r\u00e9duire la masse salariale du secteur et de la fonction publics, \u00e0 assainir les entreprises publiques en difficult\u00e9 et \u00e0 r\u00e9former la politique de subvention des produits de premi\u00e8re n\u00e9cessit\u00e9, engagements que rejette cat\u00e9goriquement l&rsquo;UGTT. <\/p>\n\n\n\n<p>De l\u00e0 \u00e0 dire que ce dialogue de sourds va se poursuivre jusqu&rsquo;\u00e0 ce que la centrale syndicale, lass\u00e9e d&rsquo;\u00eatre men\u00e9e en bateau et press\u00e9e par sa base, haussera enfin le ton et sortira du bois. Ce sera sans doute apr\u00e8s les l\u00e9gislatives du 17 d\u00e9cembre prochain pour ne pas \u00eatre accus\u00e9e d&rsquo;outrepasser son r\u00f4le syndical et de s&rsquo;ing\u00e9rer dans les affaires politiques. <\/p>\n\n\n\n<p class=\"has-text-align-right\"><strong>I. B. <\/strong>  <\/p>\n\n\n\n<figure class=\"wp-block-embed is-type-wp-embed is-provider-kapitalis wp-block-embed-kapitalis\"><div class=\"wp-block-embed__wrapper\">\n<blockquote class=\"wp-embedded-content\" data-secret=\"FfhW2JJ6mC\"><a href=\"https:\/\/kapitalis.com\/tunisie\/2022\/09\/01\/tunisie-les-griefs-de-lugtt-contre-le-programme-de-reformes-du-gouvernement\/\">Tunisie\u00a0: les griefs de l\u2019UGTT contre le programme de r\u00e9formes du gouvernement<\/a><\/blockquote><iframe loading=\"lazy\" class=\"wp-embedded-content\" sandbox=\"allow-scripts\" security=\"restricted\" style=\"position: absolute; clip: rect(1px, 1px, 1px, 1px);\" title=\"\u00ab\u00a0Tunisie\u00a0: les griefs de l\u2019UGTT contre le programme de r\u00e9formes du gouvernement\u00a0\u00bb &#8212; Kapitalis\" src=\"https:\/\/kapitalis.com\/tunisie\/2022\/09\/01\/tunisie-les-griefs-de-lugtt-contre-le-programme-de-reformes-du-gouvernement\/embed\/#?secret=fMOJGacFp4#?secret=FfhW2JJ6mC\" data-secret=\"FfhW2JJ6mC\" width=\"600\" height=\"338\" frameborder=\"0\" marginwidth=\"0\" marginheight=\"0\" scrolling=\"no\"><\/iframe>\n<\/div><\/figure>\n\n\n\n<figure class=\"wp-block-embed is-type-wp-embed is-provider-kapitalis wp-block-embed-kapitalis\"><div class=\"wp-block-embed__wrapper\">\n<blockquote class=\"wp-embedded-content\" data-secret=\"IYfL450Wlp\"><a href=\"https:\/\/kapitalis.com\/tunisie\/2022\/09\/03\/tunisie-les-raisons-de-lechec-des-negociations-entre-lugtt-et-le-gouvernement\/\">Tunisie\u00a0: les raisons de l\u2019\u00e9chec des n\u00e9gociations entre l\u2019UGTT et le gouvernement<\/a><\/blockquote><iframe loading=\"lazy\" class=\"wp-embedded-content\" sandbox=\"allow-scripts\" security=\"restricted\" style=\"position: absolute; clip: rect(1px, 1px, 1px, 1px);\" title=\"\u00ab\u00a0Tunisie\u00a0: les raisons de l\u2019\u00e9chec des n\u00e9gociations entre l\u2019UGTT et le gouvernement\u00a0\u00bb &#8212; Kapitalis\" src=\"https:\/\/kapitalis.com\/tunisie\/2022\/09\/03\/tunisie-les-raisons-de-lechec-des-negociations-entre-lugtt-et-le-gouvernement\/embed\/#?secret=60lOWyV4lr#?secret=IYfL450Wlp\" data-secret=\"IYfL450Wlp\" width=\"600\" height=\"338\" frameborder=\"0\" marginwidth=\"0\" marginheight=\"0\" scrolling=\"no\"><\/iframe>\n<\/div><\/figure>\n\n\n\n<p class=\"has-text-align-left\">   <\/p>\n","protected":false},"excerpt":{"rendered":"<p>Le dialogue de sourds entre le gouvernement et l&rsquo;UGTT va se poursuivre jusqu&rsquo;\u00e0 ce que la centrale syndicale, lass\u00e9e d&rsquo;\u00eatre men\u00e9e en bateau et press\u00e9e par sa base, haussera enfin le ton et sortira du bois.<\/p>\n","protected":false},"author":8,"featured_media":3638784,"comment_status":"open","ping_status":"open","sticky":false,"template":"","format":"standard","meta":{"footnotes":""},"categories":[997,998,2433],"tags":[18855,388,1194,2147,6067,62643,936],"class_list":["post-3896513","post","type-post","status-publish","format-standard","has-post-thumbnail","hentry","category-politique","category-societe","category-tunisie","tag-augmentation-des-salaires","tag-fmi","tag-fonction-publique","tag-negociations-salariales","tag-secteur-public","tag-tunisie","tag-ugtt"],"yoast_head":"<!-- This site is optimized with the Yoast SEO plugin v26.6 - https:\/\/yoast.com\/wordpress\/plugins\/seo\/ -->\n<title>Tunisie : le dialogue de sourds entre le gouvernement et l&#039;UGTT se poursuit - Kapitalis<\/title>\n<meta name=\"robots\" content=\"index, follow, max-snippet:-1, max-image-preview:large, max-video-preview:-1\" \/>\n<link rel=\"canonical\" href=\"https:\/\/kapitalis.com\/tunisie\/2022\/09\/10\/tunisie-le-dialogue-de-sourds-entre-le-gouvernement-et-lugtt-se-poursuit\/\" \/>\n<meta property=\"og:locale\" content=\"fr_FR\" \/>\n<meta property=\"og:type\" content=\"article\" \/>\n<meta property=\"og:title\" content=\"Tunisie : le dialogue de sourds entre le gouvernement et l&#039;UGTT se poursuit - Kapitalis\" \/>\n<meta property=\"og:description\" content=\"Le dialogue de sourds entre le gouvernement et l&#039;UGTT va se poursuivre jusqu&#039;\u00e0 ce que la centrale syndicale, lass\u00e9e d&#039;\u00eatre men\u00e9e en bateau et press\u00e9e par sa base, haussera enfin le ton et sortira du bois.\" \/>\n<meta property=\"og:url\" content=\"https:\/\/kapitalis.com\/tunisie\/2022\/09\/10\/tunisie-le-dialogue-de-sourds-entre-le-gouvernement-et-lugtt-se-poursuit\/\" \/>\n<meta property=\"og:site_name\" content=\"Kapitalis\" \/>\n<meta property=\"article:publisher\" content=\"https:\/\/www.facebook.com\/KapitalisInfo\/\" \/>\n<meta property=\"article:published_time\" content=\"2022-09-10T08:07:07+00:00\" \/>\n<meta property=\"article:modified_time\" content=\"2022-09-10T08:07:08+00:00\" \/>\n<meta property=\"og:image\" content=\"https:\/\/kapitalis.com\/tunisie\/wp-content\/uploads\/2022\/09\/Noureddine-Taboubi-Najla-Bouden.jpg\" \/>\n\t<meta property=\"og:image:width\" content=\"1200\" \/>\n\t<meta property=\"og:image:height\" content=\"630\" \/>\n\t<meta property=\"og:image:type\" content=\"image\/jpeg\" \/>\n<meta name=\"author\" content=\"webmaster kapitalis\" \/>\n<meta name=\"twitter:card\" content=\"summary_large_image\" \/>\n<meta name=\"twitter:creator\" content=\"@KapitalisInfo\" \/>\n<meta name=\"twitter:site\" content=\"@KapitalisInfo\" \/>\n<meta name=\"twitter:label1\" content=\"\u00c9crit par\" \/>\n\t<meta name=\"twitter:data1\" content=\"webmaster kapitalis\" \/>\n\t<meta name=\"twitter:label2\" content=\"Dur\u00e9e de lecture estim\u00e9e\" \/>\n\t<meta name=\"twitter:data2\" content=\"3 minutes\" \/>\n<script type=\"application\/ld+json\" class=\"yoast-schema-graph\">{\"@context\":\"https:\/\/schema.org\",\"@graph\":[{\"@type\":\"Article\",\"@id\":\"https:\/\/kapitalis.com\/tunisie\/2022\/09\/10\/tunisie-le-dialogue-de-sourds-entre-le-gouvernement-et-lugtt-se-poursuit\/#article\",\"isPartOf\":{\"@id\":\"https:\/\/kapitalis.com\/tunisie\/2022\/09\/10\/tunisie-le-dialogue-de-sourds-entre-le-gouvernement-et-lugtt-se-poursuit\/\"},\"author\":{\"name\":\"webmaster kapitalis\",\"@id\":\"https:\/\/kapitalis.com\/tunisie\/#\/schema\/person\/d71f33a9ca44f7bad4698210b480c8e9\"},\"headline\":\"Tunisie : le dialogue de sourds entre le gouvernement et l&rsquo;UGTT se poursuit\",\"datePublished\":\"2022-09-10T08:07:07+00:00\",\"dateModified\":\"2022-09-10T08:07:08+00:00\",\"mainEntityOfPage\":{\"@id\":\"https:\/\/kapitalis.com\/tunisie\/2022\/09\/10\/tunisie-le-dialogue-de-sourds-entre-le-gouvernement-et-lugtt-se-poursuit\/\"},\"wordCount\":470,\"commentCount\":4,\"publisher\":{\"@id\":\"https:\/\/kapitalis.com\/tunisie\/#organization\"},\"image\":{\"@id\":\"https:\/\/kapitalis.com\/tunisie\/2022\/09\/10\/tunisie-le-dialogue-de-sourds-entre-le-gouvernement-et-lugtt-se-poursuit\/#primaryimage\"},\"thumbnailUrl\":\"https:\/\/kapitalis.com\/tunisie\/wp-content\/uploads\/2022\/09\/Noureddine-Taboubi-Najla-Bouden.jpg\",\"keywords\":[\"augmentation des salaires\",\"FMI\",\"fonction publique\",\"n\u00e9gociations salariales\",\"secteur public\",\"Tunisie\",\"UGTT\"],\"articleSection\":[\"POLITIQUE\",\"SOCIETE\",\"Tunisie\"],\"inLanguage\":\"fr-FR\",\"potentialAction\":[{\"@type\":\"CommentAction\",\"name\":\"Comment\",\"target\":[\"https:\/\/kapitalis.com\/tunisie\/2022\/09\/10\/tunisie-le-dialogue-de-sourds-entre-le-gouvernement-et-lugtt-se-poursuit\/#respond\"]}]},{\"@type\":\"WebPage\",\"@id\":\"https:\/\/kapitalis.com\/tunisie\/2022\/09\/10\/tunisie-le-dialogue-de-sourds-entre-le-gouvernement-et-lugtt-se-poursuit\/\",\"url\":\"https:\/\/kapitalis.com\/tunisie\/2022\/09\/10\/tunisie-le-dialogue-de-sourds-entre-le-gouvernement-et-lugtt-se-poursuit\/\",\"name\":\"Tunisie : le dialogue de sourds entre le gouvernement et l'UGTT se poursuit - Kapitalis\",\"isPartOf\":{\"@id\":\"https:\/\/kapitalis.com\/tunisie\/#website\"},\"primaryImageOfPage\":{\"@id\":\"https:\/\/kapitalis.com\/tunisie\/2022\/09\/10\/tunisie-le-dialogue-de-sourds-entre-le-gouvernement-et-lugtt-se-poursuit\/#primaryimage\"},\"image\":{\"@id\":\"https:\/\/kapitalis.com\/tunisie\/2022\/09\/10\/tunisie-le-dialogue-de-sourds-entre-le-gouvernement-et-lugtt-se-poursuit\/#primaryimage\"},\"thumbnailUrl\":\"https:\/\/kapitalis.com\/tunisie\/wp-content\/uploads\/2022\/09\/Noureddine-Taboubi-Najla-Bouden.jpg\",\"datePublished\":\"2022-09-10T08:07:07+00:00\",\"dateModified\":\"2022-09-10T08:07:08+00:00\",\"breadcrumb\":{\"@id\":\"https:\/\/kapitalis.com\/tunisie\/2022\/09\/10\/tunisie-le-dialogue-de-sourds-entre-le-gouvernement-et-lugtt-se-poursuit\/#breadcrumb\"},\"inLanguage\":\"fr-FR\",\"potentialAction\":[{\"@type\":\"ReadAction\",\"target\":[\"https:\/\/kapitalis.com\/tunisie\/2022\/09\/10\/tunisie-le-dialogue-de-sourds-entre-le-gouvernement-et-lugtt-se-poursuit\/\"]}]},{\"@type\":\"ImageObject\",\"inLanguage\":\"fr-FR\",\"@id\":\"https:\/\/kapitalis.com\/tunisie\/2022\/09\/10\/tunisie-le-dialogue-de-sourds-entre-le-gouvernement-et-lugtt-se-poursuit\/#primaryimage\",\"url\":\"https:\/\/kapitalis.com\/tunisie\/wp-content\/uploads\/2022\/09\/Noureddine-Taboubi-Najla-Bouden.jpg\",\"contentUrl\":\"https:\/\/kapitalis.com\/tunisie\/wp-content\/uploads\/2022\/09\/Noureddine-Taboubi-Najla-Bouden.jpg\",\"width\":1200,\"height\":630},{\"@type\":\"BreadcrumbList\",\"@id\":\"https:\/\/kapitalis.com\/tunisie\/2022\/09\/10\/tunisie-le-dialogue-de-sourds-entre-le-gouvernement-et-lugtt-se-poursuit\/#breadcrumb\",\"itemListElement\":[{\"@type\":\"ListItem\",\"position\":1,\"name\":\"Accueil\",\"item\":\"https:\/\/kapitalis.com\/tunisie\/\"},{\"@type\":\"ListItem\",\"position\":2,\"name\":\"Tunisie : le dialogue de sourds entre le gouvernement et l&rsquo;UGTT se poursuit\"}]},{\"@type\":\"WebSite\",\"@id\":\"https:\/\/kapitalis.com\/tunisie\/#website\",\"url\":\"https:\/\/kapitalis.com\/tunisie\/\",\"name\":\"Kapitalis\",\"description\":\"L&#039;actualit\u00e9 en Tunisie et dans le monde\",\"publisher\":{\"@id\":\"https:\/\/kapitalis.com\/tunisie\/#organization\"},\"potentialAction\":[{\"@type\":\"SearchAction\",\"target\":{\"@type\":\"EntryPoint\",\"urlTemplate\":\"https:\/\/kapitalis.com\/tunisie\/?s={search_term_string}\"},\"query-input\":{\"@type\":\"PropertyValueSpecification\",\"valueRequired\":true,\"valueName\":\"search_term_string\"}}],\"inLanguage\":\"fr-FR\"},{\"@type\":\"Organization\",\"@id\":\"https:\/\/kapitalis.com\/tunisie\/#organization\",\"name\":\"Kapitalis\",\"url\":\"https:\/\/kapitalis.com\/tunisie\/\",\"logo\":{\"@type\":\"ImageObject\",\"inLanguage\":\"fr-FR\",\"@id\":\"https:\/\/kapitalis.com\/tunisie\/#\/schema\/logo\/image\/\",\"url\":\"https:\/\/kapitalis.com\/tunisie\/wp-content\/uploads\/2022\/05\/Kapitalis-big-size.png\",\"contentUrl\":\"https:\/\/kapitalis.com\/tunisie\/wp-content\/uploads\/2022\/05\/Kapitalis-big-size.png\",\"width\":5000,\"height\":1500,\"caption\":\"Kapitalis\"},\"image\":{\"@id\":\"https:\/\/kapitalis.com\/tunisie\/#\/schema\/logo\/image\/\"},\"sameAs\":[\"https:\/\/www.facebook.com\/KapitalisInfo\/\",\"https:\/\/x.com\/KapitalisInfo\",\"https:\/\/www.youtube.com\/channel\/UC-yDYrHyfFBWWZaOw3FPg9Q\"]},{\"@type\":\"Person\",\"@id\":\"https:\/\/kapitalis.com\/tunisie\/#\/schema\/person\/d71f33a9ca44f7bad4698210b480c8e9\",\"name\":\"webmaster kapitalis\",\"url\":\"https:\/\/kapitalis.com\/tunisie\/author\/webmaster-kapitalis\/\"}]}<\/script>\n<!-- \/ Yoast SEO plugin. -->","yoast_head_json":{"title":"Tunisie : le dialogue de sourds entre le gouvernement et l'UGTT se poursuit - Kapitalis","robots":{"index":"index","follow":"follow","max-snippet":"max-snippet:-1","max-image-preview":"max-image-preview:large","max-video-preview":"max-video-preview:-1"},"canonical":"https:\/\/kapitalis.com\/tunisie\/2022\/09\/10\/tunisie-le-dialogue-de-sourds-entre-le-gouvernement-et-lugtt-se-poursuit\/","og_locale":"fr_FR","og_type":"article","og_title":"Tunisie : le dialogue de sourds entre le gouvernement et l'UGTT se poursuit - Kapitalis","og_description":"Le dialogue de sourds entre le gouvernement et l'UGTT va se poursuivre jusqu'\u00e0 ce que la centrale syndicale, lass\u00e9e d'\u00eatre men\u00e9e en bateau et press\u00e9e par sa base, haussera enfin le ton et sortira du bois.","og_url":"https:\/\/kapitalis.com\/tunisie\/2022\/09\/10\/tunisie-le-dialogue-de-sourds-entre-le-gouvernement-et-lugtt-se-poursuit\/","og_site_name":"Kapitalis","article_publisher":"https:\/\/www.facebook.com\/KapitalisInfo\/","article_published_time":"2022-09-10T08:07:07+00:00","article_modified_time":"2022-09-10T08:07:08+00:00","og_image":[{"width":1200,"height":630,"url":"https:\/\/kapitalis.com\/tunisie\/wp-content\/uploads\/2022\/09\/Noureddine-Taboubi-Najla-Bouden.jpg","type":"image\/jpeg"}],"author":"webmaster kapitalis","twitter_card":"summary_large_image","twitter_creator":"@KapitalisInfo","twitter_site":"@KapitalisInfo","twitter_misc":{"\u00c9crit par":"webmaster kapitalis","Dur\u00e9e de lecture estim\u00e9e":"3 minutes"},"schema":{"@context":"https:\/\/schema.org","@graph":[{"@type":"Article","@id":"https:\/\/kapitalis.com\/tunisie\/2022\/09\/10\/tunisie-le-dialogue-de-sourds-entre-le-gouvernement-et-lugtt-se-poursuit\/#article","isPartOf":{"@id":"https:\/\/kapitalis.com\/tunisie\/2022\/09\/10\/tunisie-le-dialogue-de-sourds-entre-le-gouvernement-et-lugtt-se-poursuit\/"},"author":{"name":"webmaster kapitalis","@id":"https:\/\/kapitalis.com\/tunisie\/#\/schema\/person\/d71f33a9ca44f7bad4698210b480c8e9"},"headline":"Tunisie : le dialogue de sourds entre le gouvernement et l&rsquo;UGTT se poursuit","datePublished":"2022-09-10T08:07:07+00:00","dateModified":"2022-09-10T08:07:08+00:00","mainEntityOfPage":{"@id":"https:\/\/kapitalis.com\/tunisie\/2022\/09\/10\/tunisie-le-dialogue-de-sourds-entre-le-gouvernement-et-lugtt-se-poursuit\/"},"wordCount":470,"commentCount":4,"publisher":{"@id":"https:\/\/kapitalis.com\/tunisie\/#organization"},"image":{"@id":"https:\/\/kapitalis.com\/tunisie\/2022\/09\/10\/tunisie-le-dialogue-de-sourds-entre-le-gouvernement-et-lugtt-se-poursuit\/#primaryimage"},"thumbnailUrl":"https:\/\/kapitalis.com\/tunisie\/wp-content\/uploads\/2022\/09\/Noureddine-Taboubi-Najla-Bouden.jpg","keywords":["augmentation des salaires","FMI","fonction publique","n\u00e9gociations salariales","secteur public","Tunisie","UGTT"],"articleSection":["POLITIQUE","SOCIETE","Tunisie"],"inLanguage":"fr-FR","potentialAction":[{"@type":"CommentAction","name":"Comment","target":["https:\/\/kapitalis.com\/tunisie\/2022\/09\/10\/tunisie-le-dialogue-de-sourds-entre-le-gouvernement-et-lugtt-se-poursuit\/#respond"]}]},{"@type":"WebPage","@id":"https:\/\/kapitalis.com\/tunisie\/2022\/09\/10\/tunisie-le-dialogue-de-sourds-entre-le-gouvernement-et-lugtt-se-poursuit\/","url":"https:\/\/kapitalis.com\/tunisie\/2022\/09\/10\/tunisie-le-dialogue-de-sourds-entre-le-gouvernement-et-lugtt-se-poursuit\/","name":"Tunisie : le dialogue de sourds entre le gouvernement et l'UGTT se poursuit - Kapitalis","isPartOf":{"@id":"https:\/\/kapitalis.com\/tunisie\/#website"},"primaryImageOfPage":{"@id":"https:\/\/kapitalis.com\/tunisie\/2022\/09\/10\/tunisie-le-dialogue-de-sourds-entre-le-gouvernement-et-lugtt-se-poursuit\/#primaryimage"},"image":{"@id":"https:\/\/kapitalis.com\/tunisie\/2022\/09\/10\/tunisie-le-dialogue-de-sourds-entre-le-gouvernement-et-lugtt-se-poursuit\/#primaryimage"},"thumbnailUrl":"https:\/\/kapitalis.com\/tunisie\/wp-content\/uploads\/2022\/09\/Noureddine-Taboubi-Najla-Bouden.jpg","datePublished":"2022-09-10T08:07:07+00:00","dateModified":"2022-09-10T08:07:08+00:00","breadcrumb":{"@id":"https:\/\/kapitalis.com\/tunisie\/2022\/09\/10\/tunisie-le-dialogue-de-sourds-entre-le-gouvernement-et-lugtt-se-poursuit\/#breadcrumb"},"inLanguage":"fr-FR","potentialAction":[{"@type":"ReadAction","target":["https:\/\/kapitalis.com\/tunisie\/2022\/09\/10\/tunisie-le-dialogue-de-sourds-entre-le-gouvernement-et-lugtt-se-poursuit\/"]}]},{"@type":"ImageObject","inLanguage":"fr-FR","@id":"https:\/\/kapitalis.com\/tunisie\/2022\/09\/10\/tunisie-le-dialogue-de-sourds-entre-le-gouvernement-et-lugtt-se-poursuit\/#primaryimage","url":"https:\/\/kapitalis.com\/tunisie\/wp-content\/uploads\/2022\/09\/Noureddine-Taboubi-Najla-Bouden.jpg","contentUrl":"https:\/\/kapitalis.com\/tunisie\/wp-content\/uploads\/2022\/09\/Noureddine-Taboubi-Najla-Bouden.jpg","width":1200,"height":630},{"@type":"BreadcrumbList","@id":"https:\/\/kapitalis.com\/tunisie\/2022\/09\/10\/tunisie-le-dialogue-de-sourds-entre-le-gouvernement-et-lugtt-se-poursuit\/#breadcrumb","itemListElement":[{"@type":"ListItem","position":1,"name":"Accueil","item":"https:\/\/kapitalis.com\/tunisie\/"},{"@type":"ListItem","position":2,"name":"Tunisie : le dialogue de sourds entre le gouvernement et l&rsquo;UGTT se poursuit"}]},{"@type":"WebSite","@id":"https:\/\/kapitalis.com\/tunisie\/#website","url":"https:\/\/kapitalis.com\/tunisie\/","name":"Kapitalis","description":"L&#039;actualit\u00e9 en Tunisie et dans le monde","publisher":{"@id":"https:\/\/kapitalis.com\/tunisie\/#organization"},"potentialAction":[{"@type":"SearchAction","target":{"@type":"EntryPoint","urlTemplate":"https:\/\/kapitalis.com\/tunisie\/?s={search_term_string}"},"query-input":{"@type":"PropertyValueSpecification","valueRequired":true,"valueName":"search_term_string"}}],"inLanguage":"fr-FR"},{"@type":"Organization","@id":"https:\/\/kapitalis.com\/tunisie\/#organization","name":"Kapitalis","url":"https:\/\/kapitalis.com\/tunisie\/","logo":{"@type":"ImageObject","inLanguage":"fr-FR","@id":"https:\/\/kapitalis.com\/tunisie\/#\/schema\/logo\/image\/","url":"https:\/\/kapitalis.com\/tunisie\/wp-content\/uploads\/2022\/05\/Kapitalis-big-size.png","contentUrl":"https:\/\/kapitalis.com\/tunisie\/wp-content\/uploads\/2022\/05\/Kapitalis-big-size.png","width":5000,"height":1500,"caption":"Kapitalis"},"image":{"@id":"https:\/\/kapitalis.com\/tunisie\/#\/schema\/logo\/image\/"},"sameAs":["https:\/\/www.facebook.com\/KapitalisInfo\/","https:\/\/x.com\/KapitalisInfo","https:\/\/www.youtube.com\/channel\/UC-yDYrHyfFBWWZaOw3FPg9Q"]},{"@type":"Person","@id":"https:\/\/kapitalis.com\/tunisie\/#\/schema\/person\/d71f33a9ca44f7bad4698210b480c8e9","name":"webmaster kapitalis","url":"https:\/\/kapitalis.com\/tunisie\/author\/webmaster-kapitalis\/"}]}},"_links":{"self":[{"href":"https:\/\/kapitalis.com\/tunisie\/wp-json\/wp\/v2\/posts\/3896513","targetHints":{"allow":["GET"]}}],"collection":[{"href":"https:\/\/kapitalis.com\/tunisie\/wp-json\/wp\/v2\/posts"}],"about":[{"href":"https:\/\/kapitalis.com\/tunisie\/wp-json\/wp\/v2\/types\/post"}],"author":[{"embeddable":true,"href":"https:\/\/kapitalis.com\/tunisie\/wp-json\/wp\/v2\/users\/8"}],"replies":[{"embeddable":true,"href":"https:\/\/kapitalis.com\/tunisie\/wp-json\/wp\/v2\/comments?post=3896513"}],"version-history":[{"count":0,"href":"https:\/\/kapitalis.com\/tunisie\/wp-json\/wp\/v2\/posts\/3896513\/revisions"}],"wp:featuredmedia":[{"embeddable":true,"href":"https:\/\/kapitalis.com\/tunisie\/wp-json\/wp\/v2\/media\/3638784"}],"wp:attachment":[{"href":"https:\/\/kapitalis.com\/tunisie\/wp-json\/wp\/v2\/media?parent=3896513"}],"wp:term":[{"taxonomy":"category","embeddable":true,"href":"https:\/\/kapitalis.com\/tunisie\/wp-json\/wp\/v2\/categories?post=3896513"},{"taxonomy":"post_tag","embeddable":true,"href":"https:\/\/kapitalis.com\/tunisie\/wp-json\/wp\/v2\/tags?post=3896513"}],"curies":[{"name":"wp","href":"https:\/\/api.w.org\/{rel}","templated":true}]}}