{"id":3896829,"date":"2022-09-10T09:34:52","date_gmt":"2022-09-10T08:34:52","guid":{"rendered":"https:\/\/kapitalis.com\/tunisie\/?p=3896829"},"modified":"2022-09-10T09:34:54","modified_gmt":"2022-09-10T08:34:54","slug":"la-tunisie-et-les-etats-unis-vont-intensifier-les-exercices-militaires-conjoints","status":"publish","type":"post","link":"https:\/\/kapitalis.com\/tunisie\/2022\/09\/10\/la-tunisie-et-les-etats-unis-vont-intensifier-les-exercices-militaires-conjoints\/","title":{"rendered":"La Tunisie et les Etats-Unis vont intensifier les exercices militaires conjoints"},"content":{"rendered":"\n<p><strong><em>Le sous-secr\u00e9taire adjoint de l\u2019arm\u00e9e de l\u2019air am\u00e9ricaine aux affaires internationales Kelli L. Seybolt a soulign\u00e9, lors de sa rencontre vendredi 9 septembre 2022, avec le ministre de la D\u00e9fense nationale, Imed Memmich, l\u2019engagement de l\u2019administration am\u00e9ricaine \u00e0 poursuivre la coop\u00e9ration avec l\u2019institution militaire tunisienne.<\/em><\/strong><\/p>\n\n\n\n<!--more-->\n\n\n\n<p><em>\u00abCela passe par l\u2019intensification des exercices militaires conjoints et la fourniture d\u2019une assistance technique, de mat\u00e9riels et d\u2019\u00e9quipements adapt\u00e9s aux menaces et aux d\u00e9fis auxquels la r\u00e9gion est confront\u00e9e\u00bb<\/em>, lit-on dans un communiqu\u00e9 du minist\u00e8re tunisien de la D\u00e9fense.<strong><\/strong><\/p>\n\n\n\n<p>Cit\u00e9 dans le communiqu\u00e9, Mme Seybolt a \u00e9galement salu\u00e9 les relations historiques fortes et privil\u00e9gi\u00e9es entre la Tunisie et les Etats-Unis. Ces relations <em>\u00absont fond\u00e9es sur la confiance et le respect mutuels, au service des int\u00e9r\u00eats des deux pays\u00bb<\/em>, a-t-elle soulign\u00e9.<strong><\/strong><\/p>\n\n\n\n<p>En outre, la responsable am\u00e9ricaine a salu\u00e9 la pr\u00e9sence des femmes tunisiennes dans les rangs de l\u2019arm\u00e9e de l\u2019air et leur ex\u00e9cution de t\u00e2ches conformes \u00e0 leurs qualifications militaires et de commandement, en plus de leur participation \u00e0 la plupart des missions op\u00e9rationnelles et de maintien de la paix sous l\u2019\u00e9gide de l\u2019Onu.<\/p>\n\n\n<div class=\"wp-block-image\">\n<figure class=\"aligncenter size-full\"><img loading=\"lazy\" decoding=\"async\" width=\"600\" height=\"350\" src=\"https:\/\/kapitalis.com\/tunisie\/wp-content\/uploads\/2022\/09\/Imed-Memmich.jpg\" alt=\"\" class=\"wp-image-3897040\" srcset=\"https:\/\/kapitalis.com\/tunisie\/wp-content\/uploads\/2022\/09\/Imed-Memmich.jpg 600w, https:\/\/kapitalis.com\/tunisie\/wp-content\/uploads\/2022\/09\/Imed-Memmich-300x175.jpg 300w, https:\/\/kapitalis.com\/tunisie\/wp-content\/uploads\/2022\/09\/Imed-Memmich-580x338.jpg 580w\" sizes=\"auto, (max-width: 600px) 100vw, 600px\" \/><\/figure>\n<\/div>\n\n\n<p>Le ministre de la D\u00e9fense nationale a indiqu\u00e9 que les Etats-Unis <em>\u00absont un partenaire privil\u00e9gi\u00e9 de la Tunisie, compte tenu des relations historiques entre les deux pays\u00bb<\/em>, soulignant le soutien majeur des Etats-Unis \u00e0 la Tunisie dans le domaine de la formation militaire.<strong><\/strong><\/p>\n\n\n\n<p>Il a \u00e9galement exprim\u00e9 le souhait de voir la coop\u00e9ration militaire se d\u00e9velopper davantage, notamment dans la construction et le renforcement des capacit\u00e9s op\u00e9rationnelles et le partage d\u2019exp\u00e9riences dans les domaines d&rsquo;int\u00e9r\u00eat commun.<\/p>\n\n\n\n<p><strong><em>D\u2019apr\u00e8s Tap.<\/em><\/strong><\/p>\n\n\n\n<figure class=\"wp-block-embed is-type-wp-embed is-provider-kapitalis wp-block-embed-kapitalis\"><div class=\"wp-block-embed__wrapper\">\n<blockquote class=\"wp-embedded-content\" data-secret=\"qFCXjqt87p\"><a href=\"https:\/\/kapitalis.com\/tunisie\/2022\/08\/31\/african-lion-22-lunite-de-la-garde-du-michigan-sentraine-en-tunisie\/\">African Lion 22\u00a0: l\u2019unit\u00e9 de la garde du Michigan s\u2019entra\u00eene en Tunisie<\/a><\/blockquote><iframe loading=\"lazy\" class=\"wp-embedded-content\" sandbox=\"allow-scripts\" security=\"restricted\" style=\"position: absolute; clip: rect(1px, 1px, 1px, 1px);\" title=\"\u00ab\u00a0African Lion 22\u00a0: l\u2019unit\u00e9 de la garde du Michigan s\u2019entra\u00eene en Tunisie\u00a0\u00bb &#8212; Kapitalis\" src=\"https:\/\/kapitalis.com\/tunisie\/2022\/08\/31\/african-lion-22-lunite-de-la-garde-du-michigan-sentraine-en-tunisie\/embed\/#?secret=BcR5kNoose#?secret=qFCXjqt87p\" data-secret=\"qFCXjqt87p\" width=\"600\" height=\"338\" frameborder=\"0\" marginwidth=\"0\" marginheight=\"0\" scrolling=\"no\"><\/iframe>\n<\/div><\/figure>\n\n\n\n<figure class=\"wp-block-embed is-type-wp-embed is-provider-kapitalis wp-block-embed-kapitalis\"><div class=\"wp-block-embed__wrapper\">\n<blockquote class=\"wp-embedded-content\" data-secret=\"VzLa6ERE2K\"><a href=\"https:\/\/kapitalis.com\/tunisie\/2022\/08\/10\/etats-unis-lloyd-austin-et-les-vents-contraires-en-tunisie\/\">Etats-Unis\u00a0: Lloyd Austin et les \u00abvents contraires\u00bb en Tunisie<\/a><\/blockquote><iframe loading=\"lazy\" class=\"wp-embedded-content\" sandbox=\"allow-scripts\" security=\"restricted\" style=\"position: absolute; clip: rect(1px, 1px, 1px, 1px);\" title=\"\u00ab\u00a0Etats-Unis\u00a0: Lloyd Austin et les \u00abvents contraires\u00bb en Tunisie\u00a0\u00bb &#8212; Kapitalis\" src=\"https:\/\/kapitalis.com\/tunisie\/2022\/08\/10\/etats-unis-lloyd-austin-et-les-vents-contraires-en-tunisie\/embed\/#?secret=aeWZKYHCuX#?secret=VzLa6ERE2K\" data-secret=\"VzLa6ERE2K\" width=\"600\" height=\"338\" frameborder=\"0\" marginwidth=\"0\" marginheight=\"0\" scrolling=\"no\"><\/iframe>\n<\/div><\/figure>\n","protected":false},"excerpt":{"rendered":"<p>L\u2019administration am\u00e9ricaine confirme son engagement \u00e0 poursuivre la coop\u00e9ration avec l\u2019arm\u00e9e tunisienne.<\/p>\n","protected":false},"author":8,"featured_media":3897003,"comment_status":"open","ping_status":"open","sticky":false,"template":"","format":"standard","meta":{"footnotes":""},"categories":[997,2433],"tags":[235,75918,102672,97146,102671,62643],"class_list":["post-3896829","post","type-post","status-publish","format-standard","has-post-thumbnail","hentry","category-politique","category-tunisie","tag-cooperation-militaire","tag-etats-unis-2","tag-exercices-militaires-conjoints","tag-imed-memmich","tag-kelli-l-seybolt","tag-tunisie"],"yoast_head":"<!-- This site is optimized with the Yoast SEO plugin v26.6 - https:\/\/yoast.com\/wordpress\/plugins\/seo\/ -->\n<title>La Tunisie et les Etats-Unis vont intensifier les exercices militaires conjoints - Kapitalis<\/title>\n<meta name=\"robots\" content=\"index, follow, max-snippet:-1, max-image-preview:large, max-video-preview:-1\" \/>\n<link rel=\"canonical\" href=\"https:\/\/kapitalis.com\/tunisie\/2022\/09\/10\/la-tunisie-et-les-etats-unis-vont-intensifier-les-exercices-militaires-conjoints\/\" \/>\n<meta property=\"og:locale\" content=\"fr_FR\" \/>\n<meta property=\"og:type\" content=\"article\" \/>\n<meta property=\"og:title\" content=\"La Tunisie et les Etats-Unis vont intensifier les exercices militaires conjoints - Kapitalis\" \/>\n<meta property=\"og:description\" content=\"L\u2019administration am\u00e9ricaine confirme son engagement \u00e0 poursuivre la coop\u00e9ration avec l\u2019arm\u00e9e tunisienne.\" \/>\n<meta property=\"og:url\" content=\"https:\/\/kapitalis.com\/tunisie\/2022\/09\/10\/la-tunisie-et-les-etats-unis-vont-intensifier-les-exercices-militaires-conjoints\/\" \/>\n<meta property=\"og:site_name\" content=\"Kapitalis\" \/>\n<meta property=\"article:publisher\" content=\"https:\/\/www.facebook.com\/KapitalisInfo\/\" \/>\n<meta property=\"article:published_time\" content=\"2022-09-10T08:34:52+00:00\" \/>\n<meta property=\"article:modified_time\" content=\"2022-09-10T08:34:54+00:00\" \/>\n<meta property=\"og:image\" content=\"https:\/\/kapitalis.com\/tunisie\/wp-content\/uploads\/2022\/09\/Ministere-Defense.jpg\" \/>\n\t<meta property=\"og:image:width\" content=\"1200\" \/>\n\t<meta property=\"og:image:height\" content=\"630\" \/>\n\t<meta property=\"og:image:type\" content=\"image\/jpeg\" \/>\n<meta name=\"author\" content=\"webmaster kapitalis\" \/>\n<meta name=\"twitter:card\" content=\"summary_large_image\" \/>\n<meta name=\"twitter:creator\" content=\"@KapitalisInfo\" \/>\n<meta name=\"twitter:site\" content=\"@KapitalisInfo\" \/>\n<meta name=\"twitter:label1\" content=\"\u00c9crit par\" \/>\n\t<meta name=\"twitter:data1\" content=\"webmaster kapitalis\" \/>\n\t<meta name=\"twitter:label2\" content=\"Dur\u00e9e de lecture estim\u00e9e\" \/>\n\t<meta name=\"twitter:data2\" content=\"2 minutes\" \/>\n<script type=\"application\/ld+json\" class=\"yoast-schema-graph\">{\"@context\":\"https:\/\/schema.org\",\"@graph\":[{\"@type\":\"Article\",\"@id\":\"https:\/\/kapitalis.com\/tunisie\/2022\/09\/10\/la-tunisie-et-les-etats-unis-vont-intensifier-les-exercices-militaires-conjoints\/#article\",\"isPartOf\":{\"@id\":\"https:\/\/kapitalis.com\/tunisie\/2022\/09\/10\/la-tunisie-et-les-etats-unis-vont-intensifier-les-exercices-militaires-conjoints\/\"},\"author\":{\"name\":\"webmaster kapitalis\",\"@id\":\"https:\/\/kapitalis.com\/tunisie\/#\/schema\/person\/d71f33a9ca44f7bad4698210b480c8e9\"},\"headline\":\"La Tunisie et les Etats-Unis vont intensifier les exercices militaires conjoints\",\"datePublished\":\"2022-09-10T08:34:52+00:00\",\"dateModified\":\"2022-09-10T08:34:54+00:00\",\"mainEntityOfPage\":{\"@id\":\"https:\/\/kapitalis.com\/tunisie\/2022\/09\/10\/la-tunisie-et-les-etats-unis-vont-intensifier-les-exercices-militaires-conjoints\/\"},\"wordCount\":320,\"commentCount\":2,\"publisher\":{\"@id\":\"https:\/\/kapitalis.com\/tunisie\/#organization\"},\"image\":{\"@id\":\"https:\/\/kapitalis.com\/tunisie\/2022\/09\/10\/la-tunisie-et-les-etats-unis-vont-intensifier-les-exercices-militaires-conjoints\/#primaryimage\"},\"thumbnailUrl\":\"https:\/\/kapitalis.com\/tunisie\/wp-content\/uploads\/2022\/09\/Ministere-Defense.jpg\",\"keywords\":[\"coop\u00e9ration militaire\",\"Etats-Unis\",\"exercices militaires conjoints\",\"Imed Memmich\",\"Kelli L. Seybolt\",\"Tunisie\"],\"articleSection\":[\"POLITIQUE\",\"Tunisie\"],\"inLanguage\":\"fr-FR\",\"potentialAction\":[{\"@type\":\"CommentAction\",\"name\":\"Comment\",\"target\":[\"https:\/\/kapitalis.com\/tunisie\/2022\/09\/10\/la-tunisie-et-les-etats-unis-vont-intensifier-les-exercices-militaires-conjoints\/#respond\"]}]},{\"@type\":\"WebPage\",\"@id\":\"https:\/\/kapitalis.com\/tunisie\/2022\/09\/10\/la-tunisie-et-les-etats-unis-vont-intensifier-les-exercices-militaires-conjoints\/\",\"url\":\"https:\/\/kapitalis.com\/tunisie\/2022\/09\/10\/la-tunisie-et-les-etats-unis-vont-intensifier-les-exercices-militaires-conjoints\/\",\"name\":\"La Tunisie et les Etats-Unis vont intensifier les exercices militaires conjoints - Kapitalis\",\"isPartOf\":{\"@id\":\"https:\/\/kapitalis.com\/tunisie\/#website\"},\"primaryImageOfPage\":{\"@id\":\"https:\/\/kapitalis.com\/tunisie\/2022\/09\/10\/la-tunisie-et-les-etats-unis-vont-intensifier-les-exercices-militaires-conjoints\/#primaryimage\"},\"image\":{\"@id\":\"https:\/\/kapitalis.com\/tunisie\/2022\/09\/10\/la-tunisie-et-les-etats-unis-vont-intensifier-les-exercices-militaires-conjoints\/#primaryimage\"},\"thumbnailUrl\":\"https:\/\/kapitalis.com\/tunisie\/wp-content\/uploads\/2022\/09\/Ministere-Defense.jpg\",\"datePublished\":\"2022-09-10T08:34:52+00:00\",\"dateModified\":\"2022-09-10T08:34:54+00:00\",\"breadcrumb\":{\"@id\":\"https:\/\/kapitalis.com\/tunisie\/2022\/09\/10\/la-tunisie-et-les-etats-unis-vont-intensifier-les-exercices-militaires-conjoints\/#breadcrumb\"},\"inLanguage\":\"fr-FR\",\"potentialAction\":[{\"@type\":\"ReadAction\",\"target\":[\"https:\/\/kapitalis.com\/tunisie\/2022\/09\/10\/la-tunisie-et-les-etats-unis-vont-intensifier-les-exercices-militaires-conjoints\/\"]}]},{\"@type\":\"ImageObject\",\"inLanguage\":\"fr-FR\",\"@id\":\"https:\/\/kapitalis.com\/tunisie\/2022\/09\/10\/la-tunisie-et-les-etats-unis-vont-intensifier-les-exercices-militaires-conjoints\/#primaryimage\",\"url\":\"https:\/\/kapitalis.com\/tunisie\/wp-content\/uploads\/2022\/09\/Ministere-Defense.jpg\",\"contentUrl\":\"https:\/\/kapitalis.com\/tunisie\/wp-content\/uploads\/2022\/09\/Ministere-Defense.jpg\",\"width\":1200,\"height\":630},{\"@type\":\"BreadcrumbList\",\"@id\":\"https:\/\/kapitalis.com\/tunisie\/2022\/09\/10\/la-tunisie-et-les-etats-unis-vont-intensifier-les-exercices-militaires-conjoints\/#breadcrumb\",\"itemListElement\":[{\"@type\":\"ListItem\",\"position\":1,\"name\":\"Accueil\",\"item\":\"https:\/\/kapitalis.com\/tunisie\/\"},{\"@type\":\"ListItem\",\"position\":2,\"name\":\"La Tunisie et les Etats-Unis vont intensifier les exercices militaires conjoints\"}]},{\"@type\":\"WebSite\",\"@id\":\"https:\/\/kapitalis.com\/tunisie\/#website\",\"url\":\"https:\/\/kapitalis.com\/tunisie\/\",\"name\":\"Kapitalis\",\"description\":\"L&#039;actualit\u00e9 en Tunisie et dans le monde\",\"publisher\":{\"@id\":\"https:\/\/kapitalis.com\/tunisie\/#organization\"},\"potentialAction\":[{\"@type\":\"SearchAction\",\"target\":{\"@type\":\"EntryPoint\",\"urlTemplate\":\"https:\/\/kapitalis.com\/tunisie\/?s={search_term_string}\"},\"query-input\":{\"@type\":\"PropertyValueSpecification\",\"valueRequired\":true,\"valueName\":\"search_term_string\"}}],\"inLanguage\":\"fr-FR\"},{\"@type\":\"Organization\",\"@id\":\"https:\/\/kapitalis.com\/tunisie\/#organization\",\"name\":\"Kapitalis\",\"url\":\"https:\/\/kapitalis.com\/tunisie\/\",\"logo\":{\"@type\":\"ImageObject\",\"inLanguage\":\"fr-FR\",\"@id\":\"https:\/\/kapitalis.com\/tunisie\/#\/schema\/logo\/image\/\",\"url\":\"https:\/\/kapitalis.com\/tunisie\/wp-content\/uploads\/2022\/05\/Kapitalis-big-size.png\",\"contentUrl\":\"https:\/\/kapitalis.com\/tunisie\/wp-content\/uploads\/2022\/05\/Kapitalis-big-size.png\",\"width\":5000,\"height\":1500,\"caption\":\"Kapitalis\"},\"image\":{\"@id\":\"https:\/\/kapitalis.com\/tunisie\/#\/schema\/logo\/image\/\"},\"sameAs\":[\"https:\/\/www.facebook.com\/KapitalisInfo\/\",\"https:\/\/x.com\/KapitalisInfo\",\"https:\/\/www.youtube.com\/channel\/UC-yDYrHyfFBWWZaOw3FPg9Q\"]},{\"@type\":\"Person\",\"@id\":\"https:\/\/kapitalis.com\/tunisie\/#\/schema\/person\/d71f33a9ca44f7bad4698210b480c8e9\",\"name\":\"webmaster kapitalis\",\"url\":\"https:\/\/kapitalis.com\/tunisie\/author\/webmaster-kapitalis\/\"}]}<\/script>\n<!-- \/ Yoast SEO plugin. -->","yoast_head_json":{"title":"La Tunisie et les Etats-Unis vont intensifier les exercices militaires conjoints - Kapitalis","robots":{"index":"index","follow":"follow","max-snippet":"max-snippet:-1","max-image-preview":"max-image-preview:large","max-video-preview":"max-video-preview:-1"},"canonical":"https:\/\/kapitalis.com\/tunisie\/2022\/09\/10\/la-tunisie-et-les-etats-unis-vont-intensifier-les-exercices-militaires-conjoints\/","og_locale":"fr_FR","og_type":"article","og_title":"La Tunisie et les Etats-Unis vont intensifier les exercices militaires conjoints - Kapitalis","og_description":"L\u2019administration am\u00e9ricaine confirme son engagement \u00e0 poursuivre la coop\u00e9ration avec l\u2019arm\u00e9e tunisienne.","og_url":"https:\/\/kapitalis.com\/tunisie\/2022\/09\/10\/la-tunisie-et-les-etats-unis-vont-intensifier-les-exercices-militaires-conjoints\/","og_site_name":"Kapitalis","article_publisher":"https:\/\/www.facebook.com\/KapitalisInfo\/","article_published_time":"2022-09-10T08:34:52+00:00","article_modified_time":"2022-09-10T08:34:54+00:00","og_image":[{"width":1200,"height":630,"url":"https:\/\/kapitalis.com\/tunisie\/wp-content\/uploads\/2022\/09\/Ministere-Defense.jpg","type":"image\/jpeg"}],"author":"webmaster kapitalis","twitter_card":"summary_large_image","twitter_creator":"@KapitalisInfo","twitter_site":"@KapitalisInfo","twitter_misc":{"\u00c9crit par":"webmaster kapitalis","Dur\u00e9e de lecture estim\u00e9e":"2 minutes"},"schema":{"@context":"https:\/\/schema.org","@graph":[{"@type":"Article","@id":"https:\/\/kapitalis.com\/tunisie\/2022\/09\/10\/la-tunisie-et-les-etats-unis-vont-intensifier-les-exercices-militaires-conjoints\/#article","isPartOf":{"@id":"https:\/\/kapitalis.com\/tunisie\/2022\/09\/10\/la-tunisie-et-les-etats-unis-vont-intensifier-les-exercices-militaires-conjoints\/"},"author":{"name":"webmaster kapitalis","@id":"https:\/\/kapitalis.com\/tunisie\/#\/schema\/person\/d71f33a9ca44f7bad4698210b480c8e9"},"headline":"La Tunisie et les Etats-Unis vont intensifier les exercices militaires conjoints","datePublished":"2022-09-10T08:34:52+00:00","dateModified":"2022-09-10T08:34:54+00:00","mainEntityOfPage":{"@id":"https:\/\/kapitalis.com\/tunisie\/2022\/09\/10\/la-tunisie-et-les-etats-unis-vont-intensifier-les-exercices-militaires-conjoints\/"},"wordCount":320,"commentCount":2,"publisher":{"@id":"https:\/\/kapitalis.com\/tunisie\/#organization"},"image":{"@id":"https:\/\/kapitalis.com\/tunisie\/2022\/09\/10\/la-tunisie-et-les-etats-unis-vont-intensifier-les-exercices-militaires-conjoints\/#primaryimage"},"thumbnailUrl":"https:\/\/kapitalis.com\/tunisie\/wp-content\/uploads\/2022\/09\/Ministere-Defense.jpg","keywords":["coop\u00e9ration militaire","Etats-Unis","exercices militaires conjoints","Imed Memmich","Kelli L. Seybolt","Tunisie"],"articleSection":["POLITIQUE","Tunisie"],"inLanguage":"fr-FR","potentialAction":[{"@type":"CommentAction","name":"Comment","target":["https:\/\/kapitalis.com\/tunisie\/2022\/09\/10\/la-tunisie-et-les-etats-unis-vont-intensifier-les-exercices-militaires-conjoints\/#respond"]}]},{"@type":"WebPage","@id":"https:\/\/kapitalis.com\/tunisie\/2022\/09\/10\/la-tunisie-et-les-etats-unis-vont-intensifier-les-exercices-militaires-conjoints\/","url":"https:\/\/kapitalis.com\/tunisie\/2022\/09\/10\/la-tunisie-et-les-etats-unis-vont-intensifier-les-exercices-militaires-conjoints\/","name":"La Tunisie et les Etats-Unis vont intensifier les exercices militaires conjoints - Kapitalis","isPartOf":{"@id":"https:\/\/kapitalis.com\/tunisie\/#website"},"primaryImageOfPage":{"@id":"https:\/\/kapitalis.com\/tunisie\/2022\/09\/10\/la-tunisie-et-les-etats-unis-vont-intensifier-les-exercices-militaires-conjoints\/#primaryimage"},"image":{"@id":"https:\/\/kapitalis.com\/tunisie\/2022\/09\/10\/la-tunisie-et-les-etats-unis-vont-intensifier-les-exercices-militaires-conjoints\/#primaryimage"},"thumbnailUrl":"https:\/\/kapitalis.com\/tunisie\/wp-content\/uploads\/2022\/09\/Ministere-Defense.jpg","datePublished":"2022-09-10T08:34:52+00:00","dateModified":"2022-09-10T08:34:54+00:00","breadcrumb":{"@id":"https:\/\/kapitalis.com\/tunisie\/2022\/09\/10\/la-tunisie-et-les-etats-unis-vont-intensifier-les-exercices-militaires-conjoints\/#breadcrumb"},"inLanguage":"fr-FR","potentialAction":[{"@type":"ReadAction","target":["https:\/\/kapitalis.com\/tunisie\/2022\/09\/10\/la-tunisie-et-les-etats-unis-vont-intensifier-les-exercices-militaires-conjoints\/"]}]},{"@type":"ImageObject","inLanguage":"fr-FR","@id":"https:\/\/kapitalis.com\/tunisie\/2022\/09\/10\/la-tunisie-et-les-etats-unis-vont-intensifier-les-exercices-militaires-conjoints\/#primaryimage","url":"https:\/\/kapitalis.com\/tunisie\/wp-content\/uploads\/2022\/09\/Ministere-Defense.jpg","contentUrl":"https:\/\/kapitalis.com\/tunisie\/wp-content\/uploads\/2022\/09\/Ministere-Defense.jpg","width":1200,"height":630},{"@type":"BreadcrumbList","@id":"https:\/\/kapitalis.com\/tunisie\/2022\/09\/10\/la-tunisie-et-les-etats-unis-vont-intensifier-les-exercices-militaires-conjoints\/#breadcrumb","itemListElement":[{"@type":"ListItem","position":1,"name":"Accueil","item":"https:\/\/kapitalis.com\/tunisie\/"},{"@type":"ListItem","position":2,"name":"La Tunisie et les Etats-Unis vont intensifier les exercices militaires conjoints"}]},{"@type":"WebSite","@id":"https:\/\/kapitalis.com\/tunisie\/#website","url":"https:\/\/kapitalis.com\/tunisie\/","name":"Kapitalis","description":"L&#039;actualit\u00e9 en Tunisie et dans le monde","publisher":{"@id":"https:\/\/kapitalis.com\/tunisie\/#organization"},"potentialAction":[{"@type":"SearchAction","target":{"@type":"EntryPoint","urlTemplate":"https:\/\/kapitalis.com\/tunisie\/?s={search_term_string}"},"query-input":{"@type":"PropertyValueSpecification","valueRequired":true,"valueName":"search_term_string"}}],"inLanguage":"fr-FR"},{"@type":"Organization","@id":"https:\/\/kapitalis.com\/tunisie\/#organization","name":"Kapitalis","url":"https:\/\/kapitalis.com\/tunisie\/","logo":{"@type":"ImageObject","inLanguage":"fr-FR","@id":"https:\/\/kapitalis.com\/tunisie\/#\/schema\/logo\/image\/","url":"https:\/\/kapitalis.com\/tunisie\/wp-content\/uploads\/2022\/05\/Kapitalis-big-size.png","contentUrl":"https:\/\/kapitalis.com\/tunisie\/wp-content\/uploads\/2022\/05\/Kapitalis-big-size.png","width":5000,"height":1500,"caption":"Kapitalis"},"image":{"@id":"https:\/\/kapitalis.com\/tunisie\/#\/schema\/logo\/image\/"},"sameAs":["https:\/\/www.facebook.com\/KapitalisInfo\/","https:\/\/x.com\/KapitalisInfo","https:\/\/www.youtube.com\/channel\/UC-yDYrHyfFBWWZaOw3FPg9Q"]},{"@type":"Person","@id":"https:\/\/kapitalis.com\/tunisie\/#\/schema\/person\/d71f33a9ca44f7bad4698210b480c8e9","name":"webmaster kapitalis","url":"https:\/\/kapitalis.com\/tunisie\/author\/webmaster-kapitalis\/"}]}},"_links":{"self":[{"href":"https:\/\/kapitalis.com\/tunisie\/wp-json\/wp\/v2\/posts\/3896829","targetHints":{"allow":["GET"]}}],"collection":[{"href":"https:\/\/kapitalis.com\/tunisie\/wp-json\/wp\/v2\/posts"}],"about":[{"href":"https:\/\/kapitalis.com\/tunisie\/wp-json\/wp\/v2\/types\/post"}],"author":[{"embeddable":true,"href":"https:\/\/kapitalis.com\/tunisie\/wp-json\/wp\/v2\/users\/8"}],"replies":[{"embeddable":true,"href":"https:\/\/kapitalis.com\/tunisie\/wp-json\/wp\/v2\/comments?post=3896829"}],"version-history":[{"count":0,"href":"https:\/\/kapitalis.com\/tunisie\/wp-json\/wp\/v2\/posts\/3896829\/revisions"}],"wp:featuredmedia":[{"embeddable":true,"href":"https:\/\/kapitalis.com\/tunisie\/wp-json\/wp\/v2\/media\/3897003"}],"wp:attachment":[{"href":"https:\/\/kapitalis.com\/tunisie\/wp-json\/wp\/v2\/media?parent=3896829"}],"wp:term":[{"taxonomy":"category","embeddable":true,"href":"https:\/\/kapitalis.com\/tunisie\/wp-json\/wp\/v2\/categories?post=3896829"},{"taxonomy":"post_tag","embeddable":true,"href":"https:\/\/kapitalis.com\/tunisie\/wp-json\/wp\/v2\/tags?post=3896829"}],"curies":[{"name":"wp","href":"https:\/\/api.w.org\/{rel}","templated":true}]}}