{"id":389915,"date":"2022-05-06T08:22:29","date_gmt":"2022-05-06T07:22:29","guid":{"rendered":"http:\/\/kapitalis.com\/tunisie\/?p=389915"},"modified":"2022-05-08T01:26:06","modified_gmt":"2022-05-07T23:26:06","slug":"tunisie-kais-saied-appelle-forces-de-securite-a-prevenir-deventuels-incendies-de-champs-de-cereales","status":"publish","type":"post","link":"https:\/\/kapitalis.com\/tunisie\/2022\/05\/06\/tunisie-kais-saied-appelle-forces-de-securite-a-prevenir-deventuels-incendies-de-champs-de-cereales\/","title":{"rendered":"Tunisie : Ka\u00efs Sa\u00efed appelle forces de s\u00e9curit\u00e9 \u00e0 \u00abpr\u00e9venir d&rsquo;\u00e9ventuels incendies de champs de c\u00e9r\u00e9ales\u00bb"},"content":{"rendered":"\n<div class=\"wp-block-image\"><figure class=\"aligncenter size-full\"><img decoding=\"async\" src=\"http:\/\/kapitalis.com\/tunisie\/wp-content\/uploads\/2022\/05\/Kais-Saied-Hauts-cadres-de-la-securite-5-mai-2022.jpg\" alt=\"\" class=\"wp-image-389916\"\/><figcaption><em>Ka\u00efs Sa\u00efed s&rsquo;entretient avec les hauts cadres s\u00e9curitaires. <\/em><\/figcaption><\/figure><\/div>\n\n\n\n<p><strong><em>Tout en reconnaissant que la situation en Tunisie est difficile, le pr\u00e9sident de la r\u00e9publique Ka\u00efs Sa\u00efed en impute la responsabilit\u00e9 aux \u00abennemis de l&rsquo;Etat qui cherchent \u00e0 le fragmenter et \u00e0 nuire \u00e0 ses institutions, \u00e0 la paix sociale et \u00e0 la s\u00e9curit\u00e9 alimentaire des Tunisiens\u00bb, par allusion aux forces d&rsquo;opposition qui l&rsquo;accusent d&rsquo;accaparer tous les pouvoirs et d&rsquo;imposer une dictature de fait.<\/em><\/strong><\/p>\n\n\n\n<!--more-->\n\n\n\n<p>Le chef de l&rsquo;Etat s&rsquo;est rendu, hier soir, jeudi 5 mai 2022, au si\u00e8ge du minist\u00e8re de l&rsquo;Int\u00e9rieur \u00e0 Tunis, o\u00f9 il s&rsquo;est entretenu avec le ministre Taoufik Charfeddine et de hauts cadres s\u00e9curitaires, et pris connaissance de l&rsquo;activit\u00e9 de la salle centrale des op\u00e9rations. Il s&rsquo;est \u00e9galement rendu sur l&rsquo;avenue Habib Bourguiba \u00e0 Tunis, o\u00f9 il a \u00e9cout\u00e9 les pr\u00e9occupations et suggestions de plusieurs citoyens.<\/p>\n\n\n\n<p>Lors de son entretien avec le ministre de l&rsquo;Int\u00e9rieur et les hauts cadres du d\u00e9partement, M. Sa\u00efed a d\u00e9clar\u00e9 que <em>\u00abla Tunisie vit ces jours-ci une situation difficile\u00bb<\/em>, mais <em>\u00abses institutions fonctionnent et affronteront toutes sortes de crimes\u00bb<\/em>. <em>\u00abLes incendies criminels qui ont eu lieu dans certaines r\u00e9gions sont une tentative d\u00e9sesp\u00e9r\u00e9e de mettre le feu au pays, mais elle \u00e9chouera\u00bb<\/em>, a-t-il ajout\u00e9, en imputant les <a href=\"http:\/\/kapitalis.com\/tunisie\/2022\/05\/03\/qui-cherche-a-mettre-la-tunisie-a-feu-et-a-sang\/\" target=\"_blank\" rel=\"noreferrer noopener\">nombreux incendies<\/a> d\u00e9clar\u00e9s ces derniers jours \u00e0 Gab\u00e8s, Bizerte, Ben Arous, Nabeul, Sfax et Kasserine, \u00e0 des des actes criminels, alors que les enqu\u00eates ouvertes pour d\u00e9terminer les causes de ces incendies n&rsquo;ont pas encore livr\u00e9 leurs conclusions.<\/p>\n\n\n\n<p>Le chef de l&rsquo;Etat a aussi fait remarquer, dans une vid\u00e9o de la rencontre publi\u00e9e par la pr\u00e9sidence de la r\u00e9publique, que ces actes ne sont pas survenus par hasard et co\u00efncident avec les d\u00e9clarations de certaines parties, notamment le Front du salut national (FSN), dont les dirigeants <em>\u00abr\u00e9pandent des mensonges et crient aux pr\u00e9tendues atteintes aux libert\u00e9s, alors qu&rsquo;ils se jettent dans les bras de l&rsquo;\u00e9tranger\u00bb<\/em>, a-t-il d\u00e9clar\u00e9.<\/p>\n\n\n\n<p>Ka\u00efs Sa\u00efed a appel\u00e9 les forces de s\u00e9curit\u00e9 \u00e0 se pr\u00e9parer \u00e0 pr\u00e9venir d&rsquo;\u00e9ventuels incendies de champs de c\u00e9r\u00e9ales, insistant sur l&rsquo;imp\u00e9ratif de poursuivre toutes les personnes impliqu\u00e9es dans les incendies et qu&rsquo;il n&rsquo;y a <em>\u00abaucune tol\u00e9rance possible envers les ennemis de l&rsquo;Etat qui cherchent \u00e0 le fragmenter et \u00e0 nuire \u00e0 ses institutions, \u00e0 la paix sociale et \u00e0 la s\u00e9curit\u00e9 alimentaire des Tunisiens.\u00bb<\/em><\/p>\n\n\n\n<p>Revenant \u00e0 son antienne, le chef de l&rsquo;\u00c9tat a appel\u00e9 la justice \u00e0 \u00eatre <em>\u00ab\u00e9quitable et efficace\u00bb<\/em>, et \u00e0 jouer son r\u00f4le dans la poursuite des personnes impliqu\u00e9es dans des affaires de corruption et celles qui n&rsquo;ont <em>\u00abni foi, ni morale\u00bb, <\/em>laissant entendre que la justice reste laxiste voire complice avec les piliers de la corruption politique.<\/p>\n\n\n\n<p>D&rsquo;autre part, le pr\u00e9sident Sa\u00efed a d\u00e9clar\u00e9 que <em>\u00able texte relatif au dialogue national sera publi\u00e9 prochainement\u00bb<\/em>, ajoutant cependant que <em>\u00abcertains ne veulent pas de dialogue, ont peur d&rsquo;aller au r\u00e9f\u00e9rendum et veulent uniquement revenir en arri\u00e8re\u00bb<\/em>.<\/p>\n\n\n\n<p>Une r\u00e9union du conseil sup\u00e9rieur des forces de s\u00e9curit\u00e9 int\u00e9rieure s&rsquo;\u00e9tait tenue jeudi dernier sous la pr\u00e9sidence du ministre Charfeddine et avait \u00e9t\u00e9 consacr\u00e9e \u00e0 <em>\u00abl&rsquo;\u00e9valuation de la situation s\u00e9curitaire g\u00e9n\u00e9rale dans le pays et les actions men\u00e9es dans le cadre de la lutte contre le terrorisme\u00bb<\/em>, selon un communiqu\u00e9 du minist\u00e8re de l&rsquo;Int\u00e9rieur.<\/p>\n\n\n\n<p class=\"has-text-align-right\"><strong>I. B.<\/strong> (avec Tap).<\/p>\n\n\n\n<h4 class=\"wp-block-heading\"><em>Article li\u00e9 : <\/em><\/h4>\n\n\n\n<p><blockquote class=\"wp-embedded-content\" data-secret=\"PawiQdqaj9\"><a href=\"https:\/\/kapitalis.com\/tunisie\/2022\/05\/03\/qui-cherche-a-mettre-la-tunisie-a-feu-et-a-sang\/\">Qui cherche \u00e0 mettre la Tunisie\u00a0\u00e0 feu et \u00e0 sang ?<\/a><\/blockquote><iframe loading=\"lazy\" class=\"wp-embedded-content\" sandbox=\"allow-scripts\" security=\"restricted\" style=\"position: absolute; clip: rect(1px, 1px, 1px, 1px);\" title=\"\u00ab\u00a0Qui cherche \u00e0 mettre la Tunisie\u00a0\u00e0 feu et \u00e0 sang ?\u00a0\u00bb &#8212; Kapitalis\" src=\"https:\/\/kapitalis.com\/tunisie\/2022\/05\/03\/qui-cherche-a-mettre-la-tunisie-a-feu-et-a-sang\/embed\/#?secret=HzDX50NaOf#?secret=PawiQdqaj9\" data-secret=\"PawiQdqaj9\" width=\"600\" height=\"338\" frameborder=\"0\" marginwidth=\"0\" marginheight=\"0\" scrolling=\"no\"><\/iframe><\/p>\n","protected":false},"excerpt":{"rendered":"<p>Tout en reconnaissant que la situation en Tunisie est difficile, le pr\u00e9sident de la r\u00e9publique Ka\u00efs Sa\u00efed en impute la responsabilit\u00e9 aux \u00abennemis de l&rsquo;Etat qui cherchent \u00e0 le fragmenter et \u00e0 nuire \u00e0 ses institutions, \u00e0 la paix sociale et \u00e0 la s\u00e9curit\u00e9 alimentaire des Tunisiens\u00bb, par allusion aux forces d&rsquo;opposition qui l&rsquo;accusent d&rsquo;accaparer&#8230;<\/p>\n","protected":false},"author":8,"featured_media":395128,"comment_status":"open","ping_status":"open","sticky":false,"template":"","format":"standard","meta":{"footnotes":""},"categories":[997,2433],"tags":[141,148,1203,99446,406,472,76012,650,823,82067,62643],"class_list":["post-389915","post","type-post","status-publish","format-standard","has-post-thumbnail","hentry","category-politique","category-tunisie","tag-ben-arous","tag-bizerte","tag-cereales","tag-front-du-salut-national","tag-gabes","tag-incendies","tag-kais-saied-2","tag-nabeul","tag-sfax","tag-taoufik-charfeddine","tag-tunisie"],"yoast_head":"<!-- This site is optimized with the Yoast SEO plugin v26.6 - https:\/\/yoast.com\/wordpress\/plugins\/seo\/ -->\n<title>Tunisie : Ka\u00efs Sa\u00efed appelle forces de s\u00e9curit\u00e9 \u00e0 \u00abpr\u00e9venir d&#039;\u00e9ventuels incendies de champs de c\u00e9r\u00e9ales\u00bb - Kapitalis<\/title>\n<meta name=\"robots\" content=\"index, follow, max-snippet:-1, max-image-preview:large, max-video-preview:-1\" \/>\n<link rel=\"canonical\" href=\"https:\/\/kapitalis.com\/tunisie\/2022\/05\/06\/tunisie-kais-saied-appelle-forces-de-securite-a-prevenir-deventuels-incendies-de-champs-de-cereales\/\" \/>\n<meta property=\"og:locale\" content=\"fr_FR\" \/>\n<meta property=\"og:type\" content=\"article\" \/>\n<meta property=\"og:title\" content=\"Tunisie : Ka\u00efs Sa\u00efed appelle forces de s\u00e9curit\u00e9 \u00e0 \u00abpr\u00e9venir d&#039;\u00e9ventuels incendies de champs de c\u00e9r\u00e9ales\u00bb - Kapitalis\" \/>\n<meta property=\"og:description\" content=\"Tout en reconnaissant que la situation en Tunisie est difficile, le pr\u00e9sident de la r\u00e9publique Ka\u00efs Sa\u00efed en impute la responsabilit\u00e9 aux \u00abennemis de l&rsquo;Etat qui cherchent \u00e0 le fragmenter et \u00e0 nuire \u00e0 ses institutions, \u00e0 la paix sociale et \u00e0 la s\u00e9curit\u00e9 alimentaire des Tunisiens\u00bb, par allusion aux forces d&rsquo;opposition qui l&rsquo;accusent d&rsquo;accaparer...\" \/>\n<meta property=\"og:url\" content=\"https:\/\/kapitalis.com\/tunisie\/2022\/05\/06\/tunisie-kais-saied-appelle-forces-de-securite-a-prevenir-deventuels-incendies-de-champs-de-cereales\/\" \/>\n<meta property=\"og:site_name\" content=\"Kapitalis\" \/>\n<meta property=\"article:publisher\" content=\"https:\/\/www.facebook.com\/KapitalisInfo\/\" \/>\n<meta property=\"article:published_time\" content=\"2022-05-06T07:22:29+00:00\" \/>\n<meta property=\"article:modified_time\" content=\"2022-05-07T23:26:06+00:00\" \/>\n<meta property=\"og:image\" content=\"https:\/\/kapitalis.com\/tunisie\/wp-content\/uploads\/2022\/05\/Kais-Saied-Hauts-cadres-de-la-securite-5-mai-2022-1.jpg\" \/>\n\t<meta property=\"og:image:width\" content=\"626\" \/>\n\t<meta property=\"og:image:height\" content=\"380\" \/>\n\t<meta property=\"og:image:type\" content=\"image\/jpeg\" \/>\n<meta name=\"author\" content=\"webmaster kapitalis\" \/>\n<meta name=\"twitter:card\" content=\"summary_large_image\" \/>\n<meta name=\"twitter:creator\" content=\"@KapitalisInfo\" \/>\n<meta name=\"twitter:site\" content=\"@KapitalisInfo\" \/>\n<meta name=\"twitter:label1\" content=\"\u00c9crit par\" \/>\n\t<meta name=\"twitter:data1\" content=\"webmaster kapitalis\" \/>\n\t<meta name=\"twitter:label2\" content=\"Dur\u00e9e de lecture estim\u00e9e\" \/>\n\t<meta name=\"twitter:data2\" content=\"3 minutes\" \/>\n<script type=\"application\/ld+json\" class=\"yoast-schema-graph\">{\"@context\":\"https:\/\/schema.org\",\"@graph\":[{\"@type\":\"Article\",\"@id\":\"https:\/\/kapitalis.com\/tunisie\/2022\/05\/06\/tunisie-kais-saied-appelle-forces-de-securite-a-prevenir-deventuels-incendies-de-champs-de-cereales\/#article\",\"isPartOf\":{\"@id\":\"https:\/\/kapitalis.com\/tunisie\/2022\/05\/06\/tunisie-kais-saied-appelle-forces-de-securite-a-prevenir-deventuels-incendies-de-champs-de-cereales\/\"},\"author\":{\"name\":\"webmaster kapitalis\",\"@id\":\"https:\/\/kapitalis.com\/tunisie\/#\/schema\/person\/d71f33a9ca44f7bad4698210b480c8e9\"},\"headline\":\"Tunisie : Ka\u00efs Sa\u00efed appelle forces de s\u00e9curit\u00e9 \u00e0 \u00abpr\u00e9venir d&rsquo;\u00e9ventuels incendies de champs de c\u00e9r\u00e9ales\u00bb\",\"datePublished\":\"2022-05-06T07:22:29+00:00\",\"dateModified\":\"2022-05-07T23:26:06+00:00\",\"mainEntityOfPage\":{\"@id\":\"https:\/\/kapitalis.com\/tunisie\/2022\/05\/06\/tunisie-kais-saied-appelle-forces-de-securite-a-prevenir-deventuels-incendies-de-champs-de-cereales\/\"},\"wordCount\":607,\"commentCount\":0,\"publisher\":{\"@id\":\"https:\/\/kapitalis.com\/tunisie\/#organization\"},\"image\":{\"@id\":\"https:\/\/kapitalis.com\/tunisie\/2022\/05\/06\/tunisie-kais-saied-appelle-forces-de-securite-a-prevenir-deventuels-incendies-de-champs-de-cereales\/#primaryimage\"},\"thumbnailUrl\":\"https:\/\/kapitalis.com\/tunisie\/wp-content\/uploads\/2022\/05\/Kais-Saied-Hauts-cadres-de-la-securite-5-mai-2022-1.jpg\",\"keywords\":[\"Ben Arous\",\"Bizerte\",\"c\u00e9r\u00e9ales\",\"Front du salut national\",\"Gab\u00e8s\",\"incendies\",\"Ka\u00efs Sa\u00efed\",\"Nabeul\",\"Sfax\",\"Taoufik Charfeddine\",\"Tunisie\"],\"articleSection\":[\"POLITIQUE\",\"Tunisie\"],\"inLanguage\":\"fr-FR\",\"potentialAction\":[{\"@type\":\"CommentAction\",\"name\":\"Comment\",\"target\":[\"https:\/\/kapitalis.com\/tunisie\/2022\/05\/06\/tunisie-kais-saied-appelle-forces-de-securite-a-prevenir-deventuels-incendies-de-champs-de-cereales\/#respond\"]}]},{\"@type\":\"WebPage\",\"@id\":\"https:\/\/kapitalis.com\/tunisie\/2022\/05\/06\/tunisie-kais-saied-appelle-forces-de-securite-a-prevenir-deventuels-incendies-de-champs-de-cereales\/\",\"url\":\"https:\/\/kapitalis.com\/tunisie\/2022\/05\/06\/tunisie-kais-saied-appelle-forces-de-securite-a-prevenir-deventuels-incendies-de-champs-de-cereales\/\",\"name\":\"Tunisie : Ka\u00efs Sa\u00efed appelle forces de s\u00e9curit\u00e9 \u00e0 \u00abpr\u00e9venir d'\u00e9ventuels incendies de champs de c\u00e9r\u00e9ales\u00bb - Kapitalis\",\"isPartOf\":{\"@id\":\"https:\/\/kapitalis.com\/tunisie\/#website\"},\"primaryImageOfPage\":{\"@id\":\"https:\/\/kapitalis.com\/tunisie\/2022\/05\/06\/tunisie-kais-saied-appelle-forces-de-securite-a-prevenir-deventuels-incendies-de-champs-de-cereales\/#primaryimage\"},\"image\":{\"@id\":\"https:\/\/kapitalis.com\/tunisie\/2022\/05\/06\/tunisie-kais-saied-appelle-forces-de-securite-a-prevenir-deventuels-incendies-de-champs-de-cereales\/#primaryimage\"},\"thumbnailUrl\":\"https:\/\/kapitalis.com\/tunisie\/wp-content\/uploads\/2022\/05\/Kais-Saied-Hauts-cadres-de-la-securite-5-mai-2022-1.jpg\",\"datePublished\":\"2022-05-06T07:22:29+00:00\",\"dateModified\":\"2022-05-07T23:26:06+00:00\",\"breadcrumb\":{\"@id\":\"https:\/\/kapitalis.com\/tunisie\/2022\/05\/06\/tunisie-kais-saied-appelle-forces-de-securite-a-prevenir-deventuels-incendies-de-champs-de-cereales\/#breadcrumb\"},\"inLanguage\":\"fr-FR\",\"potentialAction\":[{\"@type\":\"ReadAction\",\"target\":[\"https:\/\/kapitalis.com\/tunisie\/2022\/05\/06\/tunisie-kais-saied-appelle-forces-de-securite-a-prevenir-deventuels-incendies-de-champs-de-cereales\/\"]}]},{\"@type\":\"ImageObject\",\"inLanguage\":\"fr-FR\",\"@id\":\"https:\/\/kapitalis.com\/tunisie\/2022\/05\/06\/tunisie-kais-saied-appelle-forces-de-securite-a-prevenir-deventuels-incendies-de-champs-de-cereales\/#primaryimage\",\"url\":\"https:\/\/kapitalis.com\/tunisie\/wp-content\/uploads\/2022\/05\/Kais-Saied-Hauts-cadres-de-la-securite-5-mai-2022-1.jpg\",\"contentUrl\":\"https:\/\/kapitalis.com\/tunisie\/wp-content\/uploads\/2022\/05\/Kais-Saied-Hauts-cadres-de-la-securite-5-mai-2022-1.jpg\",\"width\":626,\"height\":380},{\"@type\":\"BreadcrumbList\",\"@id\":\"https:\/\/kapitalis.com\/tunisie\/2022\/05\/06\/tunisie-kais-saied-appelle-forces-de-securite-a-prevenir-deventuels-incendies-de-champs-de-cereales\/#breadcrumb\",\"itemListElement\":[{\"@type\":\"ListItem\",\"position\":1,\"name\":\"Accueil\",\"item\":\"https:\/\/kapitalis.com\/tunisie\/\"},{\"@type\":\"ListItem\",\"position\":2,\"name\":\"Tunisie : Ka\u00efs Sa\u00efed appelle forces de s\u00e9curit\u00e9 \u00e0 \u00abpr\u00e9venir d&rsquo;\u00e9ventuels incendies de champs de c\u00e9r\u00e9ales\u00bb\"}]},{\"@type\":\"WebSite\",\"@id\":\"https:\/\/kapitalis.com\/tunisie\/#website\",\"url\":\"https:\/\/kapitalis.com\/tunisie\/\",\"name\":\"Kapitalis\",\"description\":\"L&#039;actualit\u00e9 en Tunisie et dans le monde\",\"publisher\":{\"@id\":\"https:\/\/kapitalis.com\/tunisie\/#organization\"},\"potentialAction\":[{\"@type\":\"SearchAction\",\"target\":{\"@type\":\"EntryPoint\",\"urlTemplate\":\"https:\/\/kapitalis.com\/tunisie\/?s={search_term_string}\"},\"query-input\":{\"@type\":\"PropertyValueSpecification\",\"valueRequired\":true,\"valueName\":\"search_term_string\"}}],\"inLanguage\":\"fr-FR\"},{\"@type\":\"Organization\",\"@id\":\"https:\/\/kapitalis.com\/tunisie\/#organization\",\"name\":\"Kapitalis\",\"url\":\"https:\/\/kapitalis.com\/tunisie\/\",\"logo\":{\"@type\":\"ImageObject\",\"inLanguage\":\"fr-FR\",\"@id\":\"https:\/\/kapitalis.com\/tunisie\/#\/schema\/logo\/image\/\",\"url\":\"https:\/\/kapitalis.com\/tunisie\/wp-content\/uploads\/2022\/05\/Kapitalis-big-size.png\",\"contentUrl\":\"https:\/\/kapitalis.com\/tunisie\/wp-content\/uploads\/2022\/05\/Kapitalis-big-size.png\",\"width\":5000,\"height\":1500,\"caption\":\"Kapitalis\"},\"image\":{\"@id\":\"https:\/\/kapitalis.com\/tunisie\/#\/schema\/logo\/image\/\"},\"sameAs\":[\"https:\/\/www.facebook.com\/KapitalisInfo\/\",\"https:\/\/x.com\/KapitalisInfo\",\"https:\/\/www.youtube.com\/channel\/UC-yDYrHyfFBWWZaOw3FPg9Q\"]},{\"@type\":\"Person\",\"@id\":\"https:\/\/kapitalis.com\/tunisie\/#\/schema\/person\/d71f33a9ca44f7bad4698210b480c8e9\",\"name\":\"webmaster kapitalis\",\"url\":\"https:\/\/kapitalis.com\/tunisie\/author\/webmaster-kapitalis\/\"}]}<\/script>\n<!-- \/ Yoast SEO plugin. -->","yoast_head_json":{"title":"Tunisie : Ka\u00efs Sa\u00efed appelle forces de s\u00e9curit\u00e9 \u00e0 \u00abpr\u00e9venir d'\u00e9ventuels incendies de champs de c\u00e9r\u00e9ales\u00bb - Kapitalis","robots":{"index":"index","follow":"follow","max-snippet":"max-snippet:-1","max-image-preview":"max-image-preview:large","max-video-preview":"max-video-preview:-1"},"canonical":"https:\/\/kapitalis.com\/tunisie\/2022\/05\/06\/tunisie-kais-saied-appelle-forces-de-securite-a-prevenir-deventuels-incendies-de-champs-de-cereales\/","og_locale":"fr_FR","og_type":"article","og_title":"Tunisie : Ka\u00efs Sa\u00efed appelle forces de s\u00e9curit\u00e9 \u00e0 \u00abpr\u00e9venir d'\u00e9ventuels incendies de champs de c\u00e9r\u00e9ales\u00bb - Kapitalis","og_description":"Tout en reconnaissant que la situation en Tunisie est difficile, le pr\u00e9sident de la r\u00e9publique Ka\u00efs Sa\u00efed en impute la responsabilit\u00e9 aux \u00abennemis de l&rsquo;Etat qui cherchent \u00e0 le fragmenter et \u00e0 nuire \u00e0 ses institutions, \u00e0 la paix sociale et \u00e0 la s\u00e9curit\u00e9 alimentaire des Tunisiens\u00bb, par allusion aux forces d&rsquo;opposition qui l&rsquo;accusent d&rsquo;accaparer...","og_url":"https:\/\/kapitalis.com\/tunisie\/2022\/05\/06\/tunisie-kais-saied-appelle-forces-de-securite-a-prevenir-deventuels-incendies-de-champs-de-cereales\/","og_site_name":"Kapitalis","article_publisher":"https:\/\/www.facebook.com\/KapitalisInfo\/","article_published_time":"2022-05-06T07:22:29+00:00","article_modified_time":"2022-05-07T23:26:06+00:00","og_image":[{"width":626,"height":380,"url":"https:\/\/kapitalis.com\/tunisie\/wp-content\/uploads\/2022\/05\/Kais-Saied-Hauts-cadres-de-la-securite-5-mai-2022-1.jpg","type":"image\/jpeg"}],"author":"webmaster kapitalis","twitter_card":"summary_large_image","twitter_creator":"@KapitalisInfo","twitter_site":"@KapitalisInfo","twitter_misc":{"\u00c9crit par":"webmaster kapitalis","Dur\u00e9e de lecture estim\u00e9e":"3 minutes"},"schema":{"@context":"https:\/\/schema.org","@graph":[{"@type":"Article","@id":"https:\/\/kapitalis.com\/tunisie\/2022\/05\/06\/tunisie-kais-saied-appelle-forces-de-securite-a-prevenir-deventuels-incendies-de-champs-de-cereales\/#article","isPartOf":{"@id":"https:\/\/kapitalis.com\/tunisie\/2022\/05\/06\/tunisie-kais-saied-appelle-forces-de-securite-a-prevenir-deventuels-incendies-de-champs-de-cereales\/"},"author":{"name":"webmaster kapitalis","@id":"https:\/\/kapitalis.com\/tunisie\/#\/schema\/person\/d71f33a9ca44f7bad4698210b480c8e9"},"headline":"Tunisie : Ka\u00efs Sa\u00efed appelle forces de s\u00e9curit\u00e9 \u00e0 \u00abpr\u00e9venir d&rsquo;\u00e9ventuels incendies de champs de c\u00e9r\u00e9ales\u00bb","datePublished":"2022-05-06T07:22:29+00:00","dateModified":"2022-05-07T23:26:06+00:00","mainEntityOfPage":{"@id":"https:\/\/kapitalis.com\/tunisie\/2022\/05\/06\/tunisie-kais-saied-appelle-forces-de-securite-a-prevenir-deventuels-incendies-de-champs-de-cereales\/"},"wordCount":607,"commentCount":0,"publisher":{"@id":"https:\/\/kapitalis.com\/tunisie\/#organization"},"image":{"@id":"https:\/\/kapitalis.com\/tunisie\/2022\/05\/06\/tunisie-kais-saied-appelle-forces-de-securite-a-prevenir-deventuels-incendies-de-champs-de-cereales\/#primaryimage"},"thumbnailUrl":"https:\/\/kapitalis.com\/tunisie\/wp-content\/uploads\/2022\/05\/Kais-Saied-Hauts-cadres-de-la-securite-5-mai-2022-1.jpg","keywords":["Ben Arous","Bizerte","c\u00e9r\u00e9ales","Front du salut national","Gab\u00e8s","incendies","Ka\u00efs Sa\u00efed","Nabeul","Sfax","Taoufik Charfeddine","Tunisie"],"articleSection":["POLITIQUE","Tunisie"],"inLanguage":"fr-FR","potentialAction":[{"@type":"CommentAction","name":"Comment","target":["https:\/\/kapitalis.com\/tunisie\/2022\/05\/06\/tunisie-kais-saied-appelle-forces-de-securite-a-prevenir-deventuels-incendies-de-champs-de-cereales\/#respond"]}]},{"@type":"WebPage","@id":"https:\/\/kapitalis.com\/tunisie\/2022\/05\/06\/tunisie-kais-saied-appelle-forces-de-securite-a-prevenir-deventuels-incendies-de-champs-de-cereales\/","url":"https:\/\/kapitalis.com\/tunisie\/2022\/05\/06\/tunisie-kais-saied-appelle-forces-de-securite-a-prevenir-deventuels-incendies-de-champs-de-cereales\/","name":"Tunisie : Ka\u00efs Sa\u00efed appelle forces de s\u00e9curit\u00e9 \u00e0 \u00abpr\u00e9venir d'\u00e9ventuels incendies de champs de c\u00e9r\u00e9ales\u00bb - Kapitalis","isPartOf":{"@id":"https:\/\/kapitalis.com\/tunisie\/#website"},"primaryImageOfPage":{"@id":"https:\/\/kapitalis.com\/tunisie\/2022\/05\/06\/tunisie-kais-saied-appelle-forces-de-securite-a-prevenir-deventuels-incendies-de-champs-de-cereales\/#primaryimage"},"image":{"@id":"https:\/\/kapitalis.com\/tunisie\/2022\/05\/06\/tunisie-kais-saied-appelle-forces-de-securite-a-prevenir-deventuels-incendies-de-champs-de-cereales\/#primaryimage"},"thumbnailUrl":"https:\/\/kapitalis.com\/tunisie\/wp-content\/uploads\/2022\/05\/Kais-Saied-Hauts-cadres-de-la-securite-5-mai-2022-1.jpg","datePublished":"2022-05-06T07:22:29+00:00","dateModified":"2022-05-07T23:26:06+00:00","breadcrumb":{"@id":"https:\/\/kapitalis.com\/tunisie\/2022\/05\/06\/tunisie-kais-saied-appelle-forces-de-securite-a-prevenir-deventuels-incendies-de-champs-de-cereales\/#breadcrumb"},"inLanguage":"fr-FR","potentialAction":[{"@type":"ReadAction","target":["https:\/\/kapitalis.com\/tunisie\/2022\/05\/06\/tunisie-kais-saied-appelle-forces-de-securite-a-prevenir-deventuels-incendies-de-champs-de-cereales\/"]}]},{"@type":"ImageObject","inLanguage":"fr-FR","@id":"https:\/\/kapitalis.com\/tunisie\/2022\/05\/06\/tunisie-kais-saied-appelle-forces-de-securite-a-prevenir-deventuels-incendies-de-champs-de-cereales\/#primaryimage","url":"https:\/\/kapitalis.com\/tunisie\/wp-content\/uploads\/2022\/05\/Kais-Saied-Hauts-cadres-de-la-securite-5-mai-2022-1.jpg","contentUrl":"https:\/\/kapitalis.com\/tunisie\/wp-content\/uploads\/2022\/05\/Kais-Saied-Hauts-cadres-de-la-securite-5-mai-2022-1.jpg","width":626,"height":380},{"@type":"BreadcrumbList","@id":"https:\/\/kapitalis.com\/tunisie\/2022\/05\/06\/tunisie-kais-saied-appelle-forces-de-securite-a-prevenir-deventuels-incendies-de-champs-de-cereales\/#breadcrumb","itemListElement":[{"@type":"ListItem","position":1,"name":"Accueil","item":"https:\/\/kapitalis.com\/tunisie\/"},{"@type":"ListItem","position":2,"name":"Tunisie : Ka\u00efs Sa\u00efed appelle forces de s\u00e9curit\u00e9 \u00e0 \u00abpr\u00e9venir d&rsquo;\u00e9ventuels incendies de champs de c\u00e9r\u00e9ales\u00bb"}]},{"@type":"WebSite","@id":"https:\/\/kapitalis.com\/tunisie\/#website","url":"https:\/\/kapitalis.com\/tunisie\/","name":"Kapitalis","description":"L&#039;actualit\u00e9 en Tunisie et dans le monde","publisher":{"@id":"https:\/\/kapitalis.com\/tunisie\/#organization"},"potentialAction":[{"@type":"SearchAction","target":{"@type":"EntryPoint","urlTemplate":"https:\/\/kapitalis.com\/tunisie\/?s={search_term_string}"},"query-input":{"@type":"PropertyValueSpecification","valueRequired":true,"valueName":"search_term_string"}}],"inLanguage":"fr-FR"},{"@type":"Organization","@id":"https:\/\/kapitalis.com\/tunisie\/#organization","name":"Kapitalis","url":"https:\/\/kapitalis.com\/tunisie\/","logo":{"@type":"ImageObject","inLanguage":"fr-FR","@id":"https:\/\/kapitalis.com\/tunisie\/#\/schema\/logo\/image\/","url":"https:\/\/kapitalis.com\/tunisie\/wp-content\/uploads\/2022\/05\/Kapitalis-big-size.png","contentUrl":"https:\/\/kapitalis.com\/tunisie\/wp-content\/uploads\/2022\/05\/Kapitalis-big-size.png","width":5000,"height":1500,"caption":"Kapitalis"},"image":{"@id":"https:\/\/kapitalis.com\/tunisie\/#\/schema\/logo\/image\/"},"sameAs":["https:\/\/www.facebook.com\/KapitalisInfo\/","https:\/\/x.com\/KapitalisInfo","https:\/\/www.youtube.com\/channel\/UC-yDYrHyfFBWWZaOw3FPg9Q"]},{"@type":"Person","@id":"https:\/\/kapitalis.com\/tunisie\/#\/schema\/person\/d71f33a9ca44f7bad4698210b480c8e9","name":"webmaster kapitalis","url":"https:\/\/kapitalis.com\/tunisie\/author\/webmaster-kapitalis\/"}]}},"_links":{"self":[{"href":"https:\/\/kapitalis.com\/tunisie\/wp-json\/wp\/v2\/posts\/389915","targetHints":{"allow":["GET"]}}],"collection":[{"href":"https:\/\/kapitalis.com\/tunisie\/wp-json\/wp\/v2\/posts"}],"about":[{"href":"https:\/\/kapitalis.com\/tunisie\/wp-json\/wp\/v2\/types\/post"}],"author":[{"embeddable":true,"href":"https:\/\/kapitalis.com\/tunisie\/wp-json\/wp\/v2\/users\/8"}],"replies":[{"embeddable":true,"href":"https:\/\/kapitalis.com\/tunisie\/wp-json\/wp\/v2\/comments?post=389915"}],"version-history":[{"count":0,"href":"https:\/\/kapitalis.com\/tunisie\/wp-json\/wp\/v2\/posts\/389915\/revisions"}],"wp:featuredmedia":[{"embeddable":true,"href":"https:\/\/kapitalis.com\/tunisie\/wp-json\/wp\/v2\/media\/395128"}],"wp:attachment":[{"href":"https:\/\/kapitalis.com\/tunisie\/wp-json\/wp\/v2\/media?parent=389915"}],"wp:term":[{"taxonomy":"category","embeddable":true,"href":"https:\/\/kapitalis.com\/tunisie\/wp-json\/wp\/v2\/categories?post=389915"},{"taxonomy":"post_tag","embeddable":true,"href":"https:\/\/kapitalis.com\/tunisie\/wp-json\/wp\/v2\/tags?post=389915"}],"curies":[{"name":"wp","href":"https:\/\/api.w.org\/{rel}","templated":true}]}}