{"id":3900495,"date":"2022-09-10T13:36:16","date_gmt":"2022-09-10T12:36:16","guid":{"rendered":"https:\/\/kapitalis.com\/tunisie\/?p=3900495"},"modified":"2022-09-10T13:36:18","modified_gmt":"2022-09-10T12:36:18","slug":"abir-moussi-appelle-kais-saied-a-dire-la-verite-aux-tunisiens","status":"publish","type":"post","link":"https:\/\/kapitalis.com\/tunisie\/2022\/09\/10\/abir-moussi-appelle-kais-saied-a-dire-la-verite-aux-tunisiens\/","title":{"rendered":"Abir Moussi appelle Ka\u00efs Sa\u00efed \u00e0 dire la v\u00e9rit\u00e9 aux Tunisiens"},"content":{"rendered":"\n<p><strong><em>Obstin\u00e9e, d\u00e9termin\u00e9e et pleinement engag\u00e9e dans l\u2019opposition \u00e0 Ka\u00efs Sa\u00efed, dont elle ne cesse de critiquer la d\u00e9rive anti-d\u00e9mocratique et le dogmatisme id\u00e9ologique, Abir Moussi, pr\u00e9sidente du Parti destourien libre (PDL), ne semble pas pr\u00eate \u00e0 l\u00e2cher du lest. \u00a0<\/em><\/strong><\/p>\n\n\n\n<!--more-->\n\n\n\n<p>Elle a ainsi appel\u00e9, aujourd&rsquo;hui, samedi 10 septembre 2022, le pr\u00e9sident de la r\u00e9publique \u00e0 s\u2019adresser au peuple tunisien et \u00e0 annoncer sa position concernant le programme de r\u00e9forme pr\u00e9par\u00e9 par le gouvernement&nbsp;Najla Bouden et pr\u00e9sent\u00e9 dans le cadre des n\u00e9gociations avec le Fonds mon\u00e9taire international (FMI) pour l\u2019obtention d\u2019un nouveau pr\u00eat.<\/p>\n\n\n\n<p>En fait, Mme Moussi pointe l\u2019hypocrisie du pouvoir en place qui, par la voix du pr\u00e9sident de la r\u00e9publique,&nbsp;pr\u00e9tend \u0153uvrer pour le bien-\u00eatre des cat\u00e9gories pauvres de la population, alors qu\u2019en r\u00e9alit\u00e9, il s\u2019est engag\u00e9, au niveau du gouvernement, dans des r\u00e9formes lib\u00e9rales qui profitent seulement aux cat\u00e9gories nanties. &nbsp;<\/p>\n\n\n\n<p>Intervenant lors de la r\u00e9union organis\u00e9e par son parti et consacr\u00e9 \u00e0 l\u2019examen de la situation \u00e9conomique et sociale en Tunisie, Mme Moussi a estim\u00e9 que Ka\u00efs Sa\u00efed cherche \u00e0 <em>\u00abengager la Tunisie dans une politique des axes\u00bb<\/em> et \u00e0<em> \u00aben faire une carte dans les conflits r\u00e9gionaux et internationaux\u00bb<\/em>. Elle fait ici allusion \u00e0 la derni\u00e8re crise diplomatique provoqu\u00e9e entre la Tunisie et le Maroc lorsque le pr\u00e9sident Sa\u00efed a r\u00e9serv\u00e9 un accueil pr\u00e9sidentiel officier \u00e0 Brahim Ghali, le pr\u00e9sident de la R\u00e9publique Sahraouie, qui n\u2019est pas reconnue officiellement par la Tunisie, ni par les Nations-Unies, ni par la Ligue arabe que notre pays pr\u00e9side actuellement. \u00a0\u00a0<\/p>\n\n\n\n<figure class=\"wp-block-embed is-type-wp-embed is-provider-kapitalis wp-block-embed-kapitalis\"><div class=\"wp-block-embed__wrapper\">\n<blockquote class=\"wp-embedded-content\" data-secret=\"9ssoOGDSW7\"><a href=\"https:\/\/kapitalis.com\/tunisie\/2022\/09\/07\/abir-moussi-menace-kais-saied-on-causera-ta-chute-comme-on-la-fait-avec-les-freres-musulmans\/\">Abir Moussi menace Ka\u00efs Sa\u00efed : \u00abOn causera ta chute comme on l&rsquo;a fait avec les Fr\u00e8res musulmans\u00bb<\/a><\/blockquote><iframe loading=\"lazy\" class=\"wp-embedded-content\" sandbox=\"allow-scripts\" security=\"restricted\" style=\"position: absolute; clip: rect(1px, 1px, 1px, 1px);\" title=\"\u00ab\u00a0Abir Moussi menace Ka\u00efs Sa\u00efed : \u00abOn causera ta chute comme on l&rsquo;a fait avec les Fr\u00e8res musulmans\u00bb\u00a0\u00bb &#8212; Kapitalis\" src=\"https:\/\/kapitalis.com\/tunisie\/2022\/09\/07\/abir-moussi-menace-kais-saied-on-causera-ta-chute-comme-on-la-fait-avec-les-freres-musulmans\/embed\/#?secret=BBqWnTEmtS#?secret=9ssoOGDSW7\" data-secret=\"9ssoOGDSW7\" width=\"600\" height=\"338\" frameborder=\"0\" marginwidth=\"0\" marginheight=\"0\" scrolling=\"no\"><\/iframe>\n<\/div><\/figure>\n\n\n\n<p>Lors de la r\u00e9union organis\u00e9e par le parti et consacr\u00e9e \u00e0 l\u2019examen de la situation \u00e9conomique et sociale en Tunisie, Mme Moussi a ajout\u00e9 que le gouvernement falsifie les chiffres et trompe l\u2019opinion publique.<\/p>\n\n\n\n<p>Dans une d\u00e9claration \u00e0 Shems FM, en marge du meeting, la pr\u00e9sidente du PDL a soulign\u00e9 que <em>\u00abceux qui d\u00e9tiennent aujourd\u2019hui le pouvoir sont incapables de g\u00e9rer la crise et de trouver des solutions.\u00bb<\/em><\/p>\n\n\n\n<p class=\"has-text-align-right\"><strong>I. B.<\/strong><\/p>\n\n\n\n<figure class=\"wp-block-embed is-type-wp-embed is-provider-kapitalis wp-block-embed-kapitalis\"><div class=\"wp-block-embed__wrapper\">\n<blockquote class=\"wp-embedded-content\" data-secret=\"tJxvg1Cyy8\"><a href=\"https:\/\/kapitalis.com\/tunisie\/2022\/08\/23\/tunisie-abir-moussi-demande-a-kais-saied-de-se-demettre\/\">Tunisie\u00a0: Abir Moussi demande \u00e0 Ka\u00efs Sa\u00efed de se d\u00e9mettre<\/a><\/blockquote><iframe loading=\"lazy\" class=\"wp-embedded-content\" sandbox=\"allow-scripts\" security=\"restricted\" style=\"position: absolute; clip: rect(1px, 1px, 1px, 1px);\" title=\"\u00ab\u00a0Tunisie\u00a0: Abir Moussi demande \u00e0 Ka\u00efs Sa\u00efed de se d\u00e9mettre\u00a0\u00bb &#8212; Kapitalis\" src=\"https:\/\/kapitalis.com\/tunisie\/2022\/08\/23\/tunisie-abir-moussi-demande-a-kais-saied-de-se-demettre\/embed\/#?secret=s09DZDkrU6#?secret=tJxvg1Cyy8\" data-secret=\"tJxvg1Cyy8\" width=\"600\" height=\"338\" frameborder=\"0\" marginwidth=\"0\" marginheight=\"0\" scrolling=\"no\"><\/iframe>\n<\/div><\/figure>\n","protected":false},"excerpt":{"rendered":"<p>Ka\u00efs Sa\u00efed cherche \u00e0 \u00abengager la Tunisie dans une politique des axes\u00bb et \u00e0 \u00aben faire une carte dans les conflits r\u00e9gionaux et internationaux\u00bb, estime Abir Moussi. <\/p>\n","protected":false},"author":8,"featured_media":3900648,"comment_status":"open","ping_status":"open","sticky":false,"template":"","format":"standard","meta":{"footnotes":""},"categories":[997,2433],"tags":[15144,388,76012,93702,33536,62643],"class_list":["post-3900495","post","type-post","status-publish","format-standard","has-post-thumbnail","hentry","category-politique","category-tunisie","tag-abir-moussi","tag-fmi","tag-kais-saied-2","tag-najla-bouden","tag-pdl","tag-tunisie"],"yoast_head":"<!-- This site is optimized with the Yoast SEO plugin v26.6 - https:\/\/yoast.com\/wordpress\/plugins\/seo\/ -->\n<title>Abir Moussi appelle Ka\u00efs Sa\u00efed \u00e0 dire la v\u00e9rit\u00e9 aux Tunisiens - Kapitalis<\/title>\n<meta name=\"robots\" content=\"index, follow, max-snippet:-1, max-image-preview:large, max-video-preview:-1\" \/>\n<link rel=\"canonical\" href=\"https:\/\/kapitalis.com\/tunisie\/2022\/09\/10\/abir-moussi-appelle-kais-saied-a-dire-la-verite-aux-tunisiens\/\" \/>\n<meta property=\"og:locale\" content=\"fr_FR\" \/>\n<meta property=\"og:type\" content=\"article\" \/>\n<meta property=\"og:title\" content=\"Abir Moussi appelle Ka\u00efs Sa\u00efed \u00e0 dire la v\u00e9rit\u00e9 aux Tunisiens - Kapitalis\" \/>\n<meta property=\"og:description\" content=\"Ka\u00efs Sa\u00efed cherche \u00e0 \u00abengager la Tunisie dans une politique des axes\u00bb et \u00e0 \u00aben faire une carte dans les conflits r\u00e9gionaux et internationaux\u00bb, estime Abir Moussi.\" \/>\n<meta property=\"og:url\" content=\"https:\/\/kapitalis.com\/tunisie\/2022\/09\/10\/abir-moussi-appelle-kais-saied-a-dire-la-verite-aux-tunisiens\/\" \/>\n<meta property=\"og:site_name\" content=\"Kapitalis\" \/>\n<meta property=\"article:publisher\" content=\"https:\/\/www.facebook.com\/KapitalisInfo\/\" \/>\n<meta property=\"article:published_time\" content=\"2022-09-10T12:36:16+00:00\" \/>\n<meta property=\"article:modified_time\" content=\"2022-09-10T12:36:18+00:00\" \/>\n<meta property=\"og:image\" content=\"https:\/\/kapitalis.com\/tunisie\/wp-content\/uploads\/2022\/09\/Abir-Moussi.jpg\" \/>\n\t<meta property=\"og:image:width\" content=\"1200\" \/>\n\t<meta property=\"og:image:height\" content=\"630\" \/>\n\t<meta property=\"og:image:type\" content=\"image\/jpeg\" \/>\n<meta name=\"author\" content=\"webmaster kapitalis\" \/>\n<meta name=\"twitter:card\" content=\"summary_large_image\" \/>\n<meta name=\"twitter:creator\" content=\"@KapitalisInfo\" \/>\n<meta name=\"twitter:site\" content=\"@KapitalisInfo\" \/>\n<meta name=\"twitter:label1\" content=\"\u00c9crit par\" \/>\n\t<meta name=\"twitter:data1\" content=\"webmaster kapitalis\" \/>\n\t<meta name=\"twitter:label2\" content=\"Dur\u00e9e de lecture estim\u00e9e\" \/>\n\t<meta name=\"twitter:data2\" content=\"2 minutes\" \/>\n<script type=\"application\/ld+json\" class=\"yoast-schema-graph\">{\"@context\":\"https:\/\/schema.org\",\"@graph\":[{\"@type\":\"Article\",\"@id\":\"https:\/\/kapitalis.com\/tunisie\/2022\/09\/10\/abir-moussi-appelle-kais-saied-a-dire-la-verite-aux-tunisiens\/#article\",\"isPartOf\":{\"@id\":\"https:\/\/kapitalis.com\/tunisie\/2022\/09\/10\/abir-moussi-appelle-kais-saied-a-dire-la-verite-aux-tunisiens\/\"},\"author\":{\"name\":\"webmaster kapitalis\",\"@id\":\"https:\/\/kapitalis.com\/tunisie\/#\/schema\/person\/d71f33a9ca44f7bad4698210b480c8e9\"},\"headline\":\"Abir Moussi appelle Ka\u00efs Sa\u00efed \u00e0 dire la v\u00e9rit\u00e9 aux Tunisiens\",\"datePublished\":\"2022-09-10T12:36:16+00:00\",\"dateModified\":\"2022-09-10T12:36:18+00:00\",\"mainEntityOfPage\":{\"@id\":\"https:\/\/kapitalis.com\/tunisie\/2022\/09\/10\/abir-moussi-appelle-kais-saied-a-dire-la-verite-aux-tunisiens\/\"},\"wordCount\":394,\"commentCount\":9,\"publisher\":{\"@id\":\"https:\/\/kapitalis.com\/tunisie\/#organization\"},\"image\":{\"@id\":\"https:\/\/kapitalis.com\/tunisie\/2022\/09\/10\/abir-moussi-appelle-kais-saied-a-dire-la-verite-aux-tunisiens\/#primaryimage\"},\"thumbnailUrl\":\"https:\/\/kapitalis.com\/tunisie\/wp-content\/uploads\/2022\/09\/Abir-Moussi.jpg\",\"keywords\":[\"Abir Moussi\",\"FMI\",\"Ka\u00efs Sa\u00efed\",\"Najla Bouden\",\"PDL\",\"Tunisie\"],\"articleSection\":[\"POLITIQUE\",\"Tunisie\"],\"inLanguage\":\"fr-FR\",\"potentialAction\":[{\"@type\":\"CommentAction\",\"name\":\"Comment\",\"target\":[\"https:\/\/kapitalis.com\/tunisie\/2022\/09\/10\/abir-moussi-appelle-kais-saied-a-dire-la-verite-aux-tunisiens\/#respond\"]}]},{\"@type\":\"WebPage\",\"@id\":\"https:\/\/kapitalis.com\/tunisie\/2022\/09\/10\/abir-moussi-appelle-kais-saied-a-dire-la-verite-aux-tunisiens\/\",\"url\":\"https:\/\/kapitalis.com\/tunisie\/2022\/09\/10\/abir-moussi-appelle-kais-saied-a-dire-la-verite-aux-tunisiens\/\",\"name\":\"Abir Moussi appelle Ka\u00efs Sa\u00efed \u00e0 dire la v\u00e9rit\u00e9 aux Tunisiens - Kapitalis\",\"isPartOf\":{\"@id\":\"https:\/\/kapitalis.com\/tunisie\/#website\"},\"primaryImageOfPage\":{\"@id\":\"https:\/\/kapitalis.com\/tunisie\/2022\/09\/10\/abir-moussi-appelle-kais-saied-a-dire-la-verite-aux-tunisiens\/#primaryimage\"},\"image\":{\"@id\":\"https:\/\/kapitalis.com\/tunisie\/2022\/09\/10\/abir-moussi-appelle-kais-saied-a-dire-la-verite-aux-tunisiens\/#primaryimage\"},\"thumbnailUrl\":\"https:\/\/kapitalis.com\/tunisie\/wp-content\/uploads\/2022\/09\/Abir-Moussi.jpg\",\"datePublished\":\"2022-09-10T12:36:16+00:00\",\"dateModified\":\"2022-09-10T12:36:18+00:00\",\"breadcrumb\":{\"@id\":\"https:\/\/kapitalis.com\/tunisie\/2022\/09\/10\/abir-moussi-appelle-kais-saied-a-dire-la-verite-aux-tunisiens\/#breadcrumb\"},\"inLanguage\":\"fr-FR\",\"potentialAction\":[{\"@type\":\"ReadAction\",\"target\":[\"https:\/\/kapitalis.com\/tunisie\/2022\/09\/10\/abir-moussi-appelle-kais-saied-a-dire-la-verite-aux-tunisiens\/\"]}]},{\"@type\":\"ImageObject\",\"inLanguage\":\"fr-FR\",\"@id\":\"https:\/\/kapitalis.com\/tunisie\/2022\/09\/10\/abir-moussi-appelle-kais-saied-a-dire-la-verite-aux-tunisiens\/#primaryimage\",\"url\":\"https:\/\/kapitalis.com\/tunisie\/wp-content\/uploads\/2022\/09\/Abir-Moussi.jpg\",\"contentUrl\":\"https:\/\/kapitalis.com\/tunisie\/wp-content\/uploads\/2022\/09\/Abir-Moussi.jpg\",\"width\":1200,\"height\":630},{\"@type\":\"BreadcrumbList\",\"@id\":\"https:\/\/kapitalis.com\/tunisie\/2022\/09\/10\/abir-moussi-appelle-kais-saied-a-dire-la-verite-aux-tunisiens\/#breadcrumb\",\"itemListElement\":[{\"@type\":\"ListItem\",\"position\":1,\"name\":\"Accueil\",\"item\":\"https:\/\/kapitalis.com\/tunisie\/\"},{\"@type\":\"ListItem\",\"position\":2,\"name\":\"Abir Moussi appelle Ka\u00efs Sa\u00efed \u00e0 dire la v\u00e9rit\u00e9 aux Tunisiens\"}]},{\"@type\":\"WebSite\",\"@id\":\"https:\/\/kapitalis.com\/tunisie\/#website\",\"url\":\"https:\/\/kapitalis.com\/tunisie\/\",\"name\":\"Kapitalis\",\"description\":\"L&#039;actualit\u00e9 en Tunisie et dans le monde\",\"publisher\":{\"@id\":\"https:\/\/kapitalis.com\/tunisie\/#organization\"},\"potentialAction\":[{\"@type\":\"SearchAction\",\"target\":{\"@type\":\"EntryPoint\",\"urlTemplate\":\"https:\/\/kapitalis.com\/tunisie\/?s={search_term_string}\"},\"query-input\":{\"@type\":\"PropertyValueSpecification\",\"valueRequired\":true,\"valueName\":\"search_term_string\"}}],\"inLanguage\":\"fr-FR\"},{\"@type\":\"Organization\",\"@id\":\"https:\/\/kapitalis.com\/tunisie\/#organization\",\"name\":\"Kapitalis\",\"url\":\"https:\/\/kapitalis.com\/tunisie\/\",\"logo\":{\"@type\":\"ImageObject\",\"inLanguage\":\"fr-FR\",\"@id\":\"https:\/\/kapitalis.com\/tunisie\/#\/schema\/logo\/image\/\",\"url\":\"https:\/\/kapitalis.com\/tunisie\/wp-content\/uploads\/2022\/05\/Kapitalis-big-size.png\",\"contentUrl\":\"https:\/\/kapitalis.com\/tunisie\/wp-content\/uploads\/2022\/05\/Kapitalis-big-size.png\",\"width\":5000,\"height\":1500,\"caption\":\"Kapitalis\"},\"image\":{\"@id\":\"https:\/\/kapitalis.com\/tunisie\/#\/schema\/logo\/image\/\"},\"sameAs\":[\"https:\/\/www.facebook.com\/KapitalisInfo\/\",\"https:\/\/x.com\/KapitalisInfo\",\"https:\/\/www.youtube.com\/channel\/UC-yDYrHyfFBWWZaOw3FPg9Q\"]},{\"@type\":\"Person\",\"@id\":\"https:\/\/kapitalis.com\/tunisie\/#\/schema\/person\/d71f33a9ca44f7bad4698210b480c8e9\",\"name\":\"webmaster kapitalis\",\"url\":\"https:\/\/kapitalis.com\/tunisie\/author\/webmaster-kapitalis\/\"}]}<\/script>\n<!-- \/ Yoast SEO plugin. -->","yoast_head_json":{"title":"Abir Moussi appelle Ka\u00efs Sa\u00efed \u00e0 dire la v\u00e9rit\u00e9 aux Tunisiens - Kapitalis","robots":{"index":"index","follow":"follow","max-snippet":"max-snippet:-1","max-image-preview":"max-image-preview:large","max-video-preview":"max-video-preview:-1"},"canonical":"https:\/\/kapitalis.com\/tunisie\/2022\/09\/10\/abir-moussi-appelle-kais-saied-a-dire-la-verite-aux-tunisiens\/","og_locale":"fr_FR","og_type":"article","og_title":"Abir Moussi appelle Ka\u00efs Sa\u00efed \u00e0 dire la v\u00e9rit\u00e9 aux Tunisiens - Kapitalis","og_description":"Ka\u00efs Sa\u00efed cherche \u00e0 \u00abengager la Tunisie dans une politique des axes\u00bb et \u00e0 \u00aben faire une carte dans les conflits r\u00e9gionaux et internationaux\u00bb, estime Abir Moussi.","og_url":"https:\/\/kapitalis.com\/tunisie\/2022\/09\/10\/abir-moussi-appelle-kais-saied-a-dire-la-verite-aux-tunisiens\/","og_site_name":"Kapitalis","article_publisher":"https:\/\/www.facebook.com\/KapitalisInfo\/","article_published_time":"2022-09-10T12:36:16+00:00","article_modified_time":"2022-09-10T12:36:18+00:00","og_image":[{"width":1200,"height":630,"url":"https:\/\/kapitalis.com\/tunisie\/wp-content\/uploads\/2022\/09\/Abir-Moussi.jpg","type":"image\/jpeg"}],"author":"webmaster kapitalis","twitter_card":"summary_large_image","twitter_creator":"@KapitalisInfo","twitter_site":"@KapitalisInfo","twitter_misc":{"\u00c9crit par":"webmaster kapitalis","Dur\u00e9e de lecture estim\u00e9e":"2 minutes"},"schema":{"@context":"https:\/\/schema.org","@graph":[{"@type":"Article","@id":"https:\/\/kapitalis.com\/tunisie\/2022\/09\/10\/abir-moussi-appelle-kais-saied-a-dire-la-verite-aux-tunisiens\/#article","isPartOf":{"@id":"https:\/\/kapitalis.com\/tunisie\/2022\/09\/10\/abir-moussi-appelle-kais-saied-a-dire-la-verite-aux-tunisiens\/"},"author":{"name":"webmaster kapitalis","@id":"https:\/\/kapitalis.com\/tunisie\/#\/schema\/person\/d71f33a9ca44f7bad4698210b480c8e9"},"headline":"Abir Moussi appelle Ka\u00efs Sa\u00efed \u00e0 dire la v\u00e9rit\u00e9 aux Tunisiens","datePublished":"2022-09-10T12:36:16+00:00","dateModified":"2022-09-10T12:36:18+00:00","mainEntityOfPage":{"@id":"https:\/\/kapitalis.com\/tunisie\/2022\/09\/10\/abir-moussi-appelle-kais-saied-a-dire-la-verite-aux-tunisiens\/"},"wordCount":394,"commentCount":9,"publisher":{"@id":"https:\/\/kapitalis.com\/tunisie\/#organization"},"image":{"@id":"https:\/\/kapitalis.com\/tunisie\/2022\/09\/10\/abir-moussi-appelle-kais-saied-a-dire-la-verite-aux-tunisiens\/#primaryimage"},"thumbnailUrl":"https:\/\/kapitalis.com\/tunisie\/wp-content\/uploads\/2022\/09\/Abir-Moussi.jpg","keywords":["Abir Moussi","FMI","Ka\u00efs Sa\u00efed","Najla Bouden","PDL","Tunisie"],"articleSection":["POLITIQUE","Tunisie"],"inLanguage":"fr-FR","potentialAction":[{"@type":"CommentAction","name":"Comment","target":["https:\/\/kapitalis.com\/tunisie\/2022\/09\/10\/abir-moussi-appelle-kais-saied-a-dire-la-verite-aux-tunisiens\/#respond"]}]},{"@type":"WebPage","@id":"https:\/\/kapitalis.com\/tunisie\/2022\/09\/10\/abir-moussi-appelle-kais-saied-a-dire-la-verite-aux-tunisiens\/","url":"https:\/\/kapitalis.com\/tunisie\/2022\/09\/10\/abir-moussi-appelle-kais-saied-a-dire-la-verite-aux-tunisiens\/","name":"Abir Moussi appelle Ka\u00efs Sa\u00efed \u00e0 dire la v\u00e9rit\u00e9 aux Tunisiens - Kapitalis","isPartOf":{"@id":"https:\/\/kapitalis.com\/tunisie\/#website"},"primaryImageOfPage":{"@id":"https:\/\/kapitalis.com\/tunisie\/2022\/09\/10\/abir-moussi-appelle-kais-saied-a-dire-la-verite-aux-tunisiens\/#primaryimage"},"image":{"@id":"https:\/\/kapitalis.com\/tunisie\/2022\/09\/10\/abir-moussi-appelle-kais-saied-a-dire-la-verite-aux-tunisiens\/#primaryimage"},"thumbnailUrl":"https:\/\/kapitalis.com\/tunisie\/wp-content\/uploads\/2022\/09\/Abir-Moussi.jpg","datePublished":"2022-09-10T12:36:16+00:00","dateModified":"2022-09-10T12:36:18+00:00","breadcrumb":{"@id":"https:\/\/kapitalis.com\/tunisie\/2022\/09\/10\/abir-moussi-appelle-kais-saied-a-dire-la-verite-aux-tunisiens\/#breadcrumb"},"inLanguage":"fr-FR","potentialAction":[{"@type":"ReadAction","target":["https:\/\/kapitalis.com\/tunisie\/2022\/09\/10\/abir-moussi-appelle-kais-saied-a-dire-la-verite-aux-tunisiens\/"]}]},{"@type":"ImageObject","inLanguage":"fr-FR","@id":"https:\/\/kapitalis.com\/tunisie\/2022\/09\/10\/abir-moussi-appelle-kais-saied-a-dire-la-verite-aux-tunisiens\/#primaryimage","url":"https:\/\/kapitalis.com\/tunisie\/wp-content\/uploads\/2022\/09\/Abir-Moussi.jpg","contentUrl":"https:\/\/kapitalis.com\/tunisie\/wp-content\/uploads\/2022\/09\/Abir-Moussi.jpg","width":1200,"height":630},{"@type":"BreadcrumbList","@id":"https:\/\/kapitalis.com\/tunisie\/2022\/09\/10\/abir-moussi-appelle-kais-saied-a-dire-la-verite-aux-tunisiens\/#breadcrumb","itemListElement":[{"@type":"ListItem","position":1,"name":"Accueil","item":"https:\/\/kapitalis.com\/tunisie\/"},{"@type":"ListItem","position":2,"name":"Abir Moussi appelle Ka\u00efs Sa\u00efed \u00e0 dire la v\u00e9rit\u00e9 aux Tunisiens"}]},{"@type":"WebSite","@id":"https:\/\/kapitalis.com\/tunisie\/#website","url":"https:\/\/kapitalis.com\/tunisie\/","name":"Kapitalis","description":"L&#039;actualit\u00e9 en Tunisie et dans le monde","publisher":{"@id":"https:\/\/kapitalis.com\/tunisie\/#organization"},"potentialAction":[{"@type":"SearchAction","target":{"@type":"EntryPoint","urlTemplate":"https:\/\/kapitalis.com\/tunisie\/?s={search_term_string}"},"query-input":{"@type":"PropertyValueSpecification","valueRequired":true,"valueName":"search_term_string"}}],"inLanguage":"fr-FR"},{"@type":"Organization","@id":"https:\/\/kapitalis.com\/tunisie\/#organization","name":"Kapitalis","url":"https:\/\/kapitalis.com\/tunisie\/","logo":{"@type":"ImageObject","inLanguage":"fr-FR","@id":"https:\/\/kapitalis.com\/tunisie\/#\/schema\/logo\/image\/","url":"https:\/\/kapitalis.com\/tunisie\/wp-content\/uploads\/2022\/05\/Kapitalis-big-size.png","contentUrl":"https:\/\/kapitalis.com\/tunisie\/wp-content\/uploads\/2022\/05\/Kapitalis-big-size.png","width":5000,"height":1500,"caption":"Kapitalis"},"image":{"@id":"https:\/\/kapitalis.com\/tunisie\/#\/schema\/logo\/image\/"},"sameAs":["https:\/\/www.facebook.com\/KapitalisInfo\/","https:\/\/x.com\/KapitalisInfo","https:\/\/www.youtube.com\/channel\/UC-yDYrHyfFBWWZaOw3FPg9Q"]},{"@type":"Person","@id":"https:\/\/kapitalis.com\/tunisie\/#\/schema\/person\/d71f33a9ca44f7bad4698210b480c8e9","name":"webmaster kapitalis","url":"https:\/\/kapitalis.com\/tunisie\/author\/webmaster-kapitalis\/"}]}},"_links":{"self":[{"href":"https:\/\/kapitalis.com\/tunisie\/wp-json\/wp\/v2\/posts\/3900495","targetHints":{"allow":["GET"]}}],"collection":[{"href":"https:\/\/kapitalis.com\/tunisie\/wp-json\/wp\/v2\/posts"}],"about":[{"href":"https:\/\/kapitalis.com\/tunisie\/wp-json\/wp\/v2\/types\/post"}],"author":[{"embeddable":true,"href":"https:\/\/kapitalis.com\/tunisie\/wp-json\/wp\/v2\/users\/8"}],"replies":[{"embeddable":true,"href":"https:\/\/kapitalis.com\/tunisie\/wp-json\/wp\/v2\/comments?post=3900495"}],"version-history":[{"count":0,"href":"https:\/\/kapitalis.com\/tunisie\/wp-json\/wp\/v2\/posts\/3900495\/revisions"}],"wp:featuredmedia":[{"embeddable":true,"href":"https:\/\/kapitalis.com\/tunisie\/wp-json\/wp\/v2\/media\/3900648"}],"wp:attachment":[{"href":"https:\/\/kapitalis.com\/tunisie\/wp-json\/wp\/v2\/media?parent=3900495"}],"wp:term":[{"taxonomy":"category","embeddable":true,"href":"https:\/\/kapitalis.com\/tunisie\/wp-json\/wp\/v2\/categories?post=3900495"},{"taxonomy":"post_tag","embeddable":true,"href":"https:\/\/kapitalis.com\/tunisie\/wp-json\/wp\/v2\/tags?post=3900495"}],"curies":[{"name":"wp","href":"https:\/\/api.w.org\/{rel}","templated":true}]}}