{"id":3904747,"date":"2022-09-10T18:18:42","date_gmt":"2022-09-10T17:18:42","guid":{"rendered":"https:\/\/kapitalis.com\/tunisie\/?p=3904747"},"modified":"2022-09-10T18:22:05","modified_gmt":"2022-09-10T17:22:05","slug":"monastir-appel-a-la-liberation-de-lactiviste-wissem-jbara","status":"publish","type":"post","link":"https:\/\/kapitalis.com\/tunisie\/2022\/09\/10\/monastir-appel-a-la-liberation-de-lactiviste-wissem-jbara\/","title":{"rendered":"Monastir : Appel \u00e0 la lib\u00e9ration de l&rsquo;activiste Wissem Jbara"},"content":{"rendered":"\n<p><strong><em>Des habitants de Monastir ont exprim\u00e9 leur soutien \u00e0 l&rsquo;activiste Wissem Jbara et ont appel\u00e9 \u00e0 sa lib\u00e9ration, sachant qu&rsquo;il a \u00e9t\u00e9 plac\u00e9 en d\u00e9tention suite \u00e0 une plainte d\u00e9pos\u00e9e contre lui par le directeur r\u00e9gional de la Soci\u00e9t\u00e9 nationale d&rsquo;exploitation et de distribution des eaux (Sonede).<\/em><\/strong><\/p>\n\n\n\n<!--more-->\n\n\n\n<p>Le parquet pr\u00e8s le tribunal de 1\u00e8re Instance de Monastir a \u00e9mis un mandat de d\u00e9p\u00f4t, hier, vendredi 9 septembre 2022, contre l&rsquo;activiste, syndicaliste et employ\u00e9 \u00e0 la municipalit\u00e9, accus\u00e9 par le plaignant d&rsquo;atteinte \u00e0 autrui via les r\u00e9seaux sociaux, apr\u00e8s qu&rsquo;il ait diffus\u00e9 une vid\u00e9o pour critiquer la mauvaise gestion du directeur r\u00e9gional citant notamment une coupure de l\u2019eau potable pour non paiement (200 dinars) et ce, sans pr\u00e9avis, et en pleine vague de chaleur.<\/p>\n\n\n\n<p>Exc\u00e9d\u00e9 par cette situation, Wissem Jbara a qualifi\u00e9 les faits de \u00ab<em>crime<\/em>\u00bb, tout en s&rsquo;en prenant au directeur du district qu&rsquo;il a notamment qualifi\u00e9 de <em>\u00abcriminel, de malade et de fou qui serait proche d&rsquo;Ennahdha\u00bb<\/em> (<a href=\"https:\/\/www.facebook.com\/atwi.ramzi.31\/videos\/2568780923258032\" target=\"_blank\" rel=\"noreferrer noopener\">Vid\u00e9o<\/a>)<\/p>\n\n\n\n<p>Rappelons que Wissem Jbara avait \u00e9t\u00e9 arr\u00eat\u00e9 en juillet 2021, pour des faits similaires. Il avait diffus\u00e9 une vid\u00e9o critiquant la gestion de la pand\u00e9mie du coronavirus par les autorit\u00e9s en qualifiant les 3 pr\u00e9sidents de \u00ab<em>merdes<\/em>\u00bb, d&rsquo;autant que sa m\u00e8re avait \u00e9t\u00e9 contamin\u00e9e par la Covid et n&rsquo;avait pas trouv\u00e9 de place \u00e0 l\u2019h\u00f4pital, comme plusieurs autres Tunisiens.<\/p>\n\n\n\n<p>Il avait ensuite publi\u00e9 une 2e vid\u00e9o en expliquant qu\u2019il s\u2019\u00e9tait emport\u00e9 car il s\u2019inqui\u00e9tait pour sa m\u00e8re et a d\u00e9cid\u00e9 de se rendre \u00e0 la justice, demandant cependant de b\u00e9n\u00e9ficier d\u2019un proc\u00e8s \u00e9quitable. Plac\u00e9 en d\u00e9tention, il a ensuite \u00e9t\u00e9 lib\u00e9r\u00e9, en attendant son proc\u00e8s.<\/p>\n\n\n\n<p>Tout comme dans la premi\u00e8re affaire, dans cette deuxi\u00e8me l&rsquo;opposant au directeur de la Sonede, des habitants de Monastir et des activistes de la soci\u00e9t\u00e9 civile ont exprim\u00e9 leur soutien \u00e0 Wissem Jbara estimant qu&rsquo;il d\u00e9fend les int\u00e9r\u00eats des citoyens <\/p>\n\n\n\n<p>Ils estiment que si ce dernier, <em>\u00abpeut parfois se montrer impulsif, il n&rsquo;en reste pas moins que son engagement en faveur des habitants, de la justice et de l&rsquo;\u00e9galit\u00e9 ainsi que son patriotisme ne sont plus \u00e0 prouver\u00bb<\/em>, et que \u00ab<em>sa place n&rsquo;est donc pas derri\u00e8re les barreaux\u00bb<\/em>, appelant de ce fait, \u00e0 sa lib\u00e9ration.<\/p>\n\n\n\n<p class=\"has-text-align-right\"><strong>Y. N.<\/strong><\/p>\n\n\n\n<figure class=\"wp-block-embed is-type-wp-embed is-provider-kapitalis wp-block-embed-kapitalis\"><div class=\"wp-block-embed__wrapper\">\n<blockquote class=\"wp-embedded-content\" data-secret=\"0YdNrdyVnH\"><a href=\"https:\/\/kapitalis.com\/tunisie\/2021\/07\/14\/tunisie-lactiviste-wissem-jbara-maintenu-en-liberte\/\">Tunisie : L&rsquo;activiste Wissem Jbara maintenu en libert\u00e9<\/a><\/blockquote><iframe loading=\"lazy\" class=\"wp-embedded-content\" sandbox=\"allow-scripts\" security=\"restricted\" style=\"position: absolute; clip: rect(1px, 1px, 1px, 1px);\" title=\"\u00ab\u00a0Tunisie : L&rsquo;activiste Wissem Jbara maintenu en libert\u00e9\u00a0\u00bb &#8212; Kapitalis\" src=\"https:\/\/kapitalis.com\/tunisie\/2021\/07\/14\/tunisie-lactiviste-wissem-jbara-maintenu-en-liberte\/embed\/#?secret=oM4YqP6StZ#?secret=0YdNrdyVnH\" data-secret=\"0YdNrdyVnH\" width=\"600\" height=\"338\" frameborder=\"0\" marginwidth=\"0\" marginheight=\"0\" scrolling=\"no\"><\/iframe>\n<\/div><\/figure>\n","protected":false},"excerpt":{"rendered":"<p>Monastir : Appel \u00e0 la lib\u00e9ration de l&rsquo;activiste Wissem Jbara<\/p>\n","protected":false},"author":6,"featured_media":3904921,"comment_status":"open","ping_status":"open","sticky":false,"template":"","format":"standard","meta":{"footnotes":""},"categories":[998,2433],"tags":[1802,1053,7983,633,849,62643,91979],"class_list":["post-3904747","post","type-post","status-publish","format-standard","has-post-thumbnail","hentry","category-societe","category-tunisie","tag-activiste","tag-liberation","tag-mobilisation","tag-monastir","tag-sonede","tag-tunisie","tag-wissem-jbara"],"yoast_head":"<!-- This site is optimized with the Yoast SEO plugin v26.6 - https:\/\/yoast.com\/wordpress\/plugins\/seo\/ -->\n<title>Monastir : Appel \u00e0 la lib\u00e9ration de l&#039;activiste Wissem Jbara - Kapitalis<\/title>\n<meta name=\"description\" content=\"Des habitants de Monastir ont exprim\u00e9 leur soutien \u00e0 l&#039;activiste Wissem Jbara et ont appel\u00e9 \u00e0 sa lib\u00e9ration, sachant qu&#039;il a \u00e9t\u00e9 plac\u00e9 en d\u00e9tention suite \u00e0 une plainte d\u00e9pos\u00e9e contre lui par le directeur r\u00e9gional de la Soci\u00e9t\u00e9 nationale d&#039;exploitation et de distribution des eaux (Sonede).\" \/>\n<meta name=\"robots\" content=\"index, follow, max-snippet:-1, max-image-preview:large, max-video-preview:-1\" \/>\n<link rel=\"canonical\" href=\"https:\/\/kapitalis.com\/tunisie\/2022\/09\/10\/monastir-appel-a-la-liberation-de-lactiviste-wissem-jbara\/\" \/>\n<meta property=\"og:locale\" content=\"fr_FR\" \/>\n<meta property=\"og:type\" content=\"article\" \/>\n<meta property=\"og:title\" content=\"Monastir : Appel \u00e0 la lib\u00e9ration de l&#039;activiste Wissem Jbara - Kapitalis\" \/>\n<meta property=\"og:description\" content=\"Des habitants de Monastir ont exprim\u00e9 leur soutien \u00e0 l&#039;activiste Wissem Jbara et ont appel\u00e9 \u00e0 sa lib\u00e9ration, sachant qu&#039;il a \u00e9t\u00e9 plac\u00e9 en d\u00e9tention suite \u00e0 une plainte d\u00e9pos\u00e9e contre lui par le directeur r\u00e9gional de la Soci\u00e9t\u00e9 nationale d&#039;exploitation et de distribution des eaux (Sonede).\" \/>\n<meta property=\"og:url\" content=\"https:\/\/kapitalis.com\/tunisie\/2022\/09\/10\/monastir-appel-a-la-liberation-de-lactiviste-wissem-jbara\/\" \/>\n<meta property=\"og:site_name\" content=\"Kapitalis\" \/>\n<meta property=\"article:publisher\" content=\"https:\/\/www.facebook.com\/KapitalisInfo\/\" \/>\n<meta property=\"article:published_time\" content=\"2022-09-10T17:18:42+00:00\" \/>\n<meta property=\"article:modified_time\" content=\"2022-09-10T17:22:05+00:00\" \/>\n<meta property=\"og:image\" content=\"https:\/\/kapitalis.com\/tunisie\/wp-content\/uploads\/2022\/09\/Wissem-Jbara.jpg\" \/>\n\t<meta property=\"og:image:width\" content=\"1200\" \/>\n\t<meta property=\"og:image:height\" content=\"630\" \/>\n\t<meta property=\"og:image:type\" content=\"image\/jpeg\" \/>\n<meta name=\"author\" content=\"Yusra NY\" \/>\n<meta name=\"twitter:card\" content=\"summary_large_image\" \/>\n<meta name=\"twitter:creator\" content=\"@KapitalisInfo\" \/>\n<meta name=\"twitter:site\" content=\"@KapitalisInfo\" \/>\n<meta name=\"twitter:label1\" content=\"\u00c9crit par\" \/>\n\t<meta name=\"twitter:data1\" content=\"Yusra NY\" \/>\n\t<meta name=\"twitter:label2\" content=\"Dur\u00e9e de lecture estim\u00e9e\" \/>\n\t<meta name=\"twitter:data2\" content=\"2 minutes\" \/>\n<script type=\"application\/ld+json\" class=\"yoast-schema-graph\">{\"@context\":\"https:\/\/schema.org\",\"@graph\":[{\"@type\":\"Article\",\"@id\":\"https:\/\/kapitalis.com\/tunisie\/2022\/09\/10\/monastir-appel-a-la-liberation-de-lactiviste-wissem-jbara\/#article\",\"isPartOf\":{\"@id\":\"https:\/\/kapitalis.com\/tunisie\/2022\/09\/10\/monastir-appel-a-la-liberation-de-lactiviste-wissem-jbara\/\"},\"author\":{\"name\":\"Yusra NY\",\"@id\":\"https:\/\/kapitalis.com\/tunisie\/#\/schema\/person\/74bbde0154d49d790a92aaeac5bc01d5\"},\"headline\":\"Monastir : Appel \u00e0 la lib\u00e9ration de l&rsquo;activiste Wissem Jbara\",\"datePublished\":\"2022-09-10T17:18:42+00:00\",\"dateModified\":\"2022-09-10T17:22:05+00:00\",\"mainEntityOfPage\":{\"@id\":\"https:\/\/kapitalis.com\/tunisie\/2022\/09\/10\/monastir-appel-a-la-liberation-de-lactiviste-wissem-jbara\/\"},\"wordCount\":409,\"commentCount\":0,\"publisher\":{\"@id\":\"https:\/\/kapitalis.com\/tunisie\/#organization\"},\"image\":{\"@id\":\"https:\/\/kapitalis.com\/tunisie\/2022\/09\/10\/monastir-appel-a-la-liberation-de-lactiviste-wissem-jbara\/#primaryimage\"},\"thumbnailUrl\":\"https:\/\/kapitalis.com\/tunisie\/wp-content\/uploads\/2022\/09\/Wissem-Jbara.jpg\",\"keywords\":[\"activiste\",\"lib\u00e9ration\",\"mobilisation\",\"Monastir\",\"Sonede\",\"Tunisie\",\"Wissem Jbara\"],\"articleSection\":[\"SOCIETE\",\"Tunisie\"],\"inLanguage\":\"fr-FR\",\"potentialAction\":[{\"@type\":\"CommentAction\",\"name\":\"Comment\",\"target\":[\"https:\/\/kapitalis.com\/tunisie\/2022\/09\/10\/monastir-appel-a-la-liberation-de-lactiviste-wissem-jbara\/#respond\"]}]},{\"@type\":\"WebPage\",\"@id\":\"https:\/\/kapitalis.com\/tunisie\/2022\/09\/10\/monastir-appel-a-la-liberation-de-lactiviste-wissem-jbara\/\",\"url\":\"https:\/\/kapitalis.com\/tunisie\/2022\/09\/10\/monastir-appel-a-la-liberation-de-lactiviste-wissem-jbara\/\",\"name\":\"Monastir : Appel \u00e0 la lib\u00e9ration de l'activiste Wissem Jbara - Kapitalis\",\"isPartOf\":{\"@id\":\"https:\/\/kapitalis.com\/tunisie\/#website\"},\"primaryImageOfPage\":{\"@id\":\"https:\/\/kapitalis.com\/tunisie\/2022\/09\/10\/monastir-appel-a-la-liberation-de-lactiviste-wissem-jbara\/#primaryimage\"},\"image\":{\"@id\":\"https:\/\/kapitalis.com\/tunisie\/2022\/09\/10\/monastir-appel-a-la-liberation-de-lactiviste-wissem-jbara\/#primaryimage\"},\"thumbnailUrl\":\"https:\/\/kapitalis.com\/tunisie\/wp-content\/uploads\/2022\/09\/Wissem-Jbara.jpg\",\"datePublished\":\"2022-09-10T17:18:42+00:00\",\"dateModified\":\"2022-09-10T17:22:05+00:00\",\"description\":\"Des habitants de Monastir ont exprim\u00e9 leur soutien \u00e0 l'activiste Wissem Jbara et ont appel\u00e9 \u00e0 sa lib\u00e9ration, sachant qu'il a \u00e9t\u00e9 plac\u00e9 en d\u00e9tention suite \u00e0 une plainte d\u00e9pos\u00e9e contre lui par le directeur r\u00e9gional de la Soci\u00e9t\u00e9 nationale d'exploitation et de distribution des eaux (Sonede).\",\"breadcrumb\":{\"@id\":\"https:\/\/kapitalis.com\/tunisie\/2022\/09\/10\/monastir-appel-a-la-liberation-de-lactiviste-wissem-jbara\/#breadcrumb\"},\"inLanguage\":\"fr-FR\",\"potentialAction\":[{\"@type\":\"ReadAction\",\"target\":[\"https:\/\/kapitalis.com\/tunisie\/2022\/09\/10\/monastir-appel-a-la-liberation-de-lactiviste-wissem-jbara\/\"]}]},{\"@type\":\"ImageObject\",\"inLanguage\":\"fr-FR\",\"@id\":\"https:\/\/kapitalis.com\/tunisie\/2022\/09\/10\/monastir-appel-a-la-liberation-de-lactiviste-wissem-jbara\/#primaryimage\",\"url\":\"https:\/\/kapitalis.com\/tunisie\/wp-content\/uploads\/2022\/09\/Wissem-Jbara.jpg\",\"contentUrl\":\"https:\/\/kapitalis.com\/tunisie\/wp-content\/uploads\/2022\/09\/Wissem-Jbara.jpg\",\"width\":1200,\"height\":630},{\"@type\":\"BreadcrumbList\",\"@id\":\"https:\/\/kapitalis.com\/tunisie\/2022\/09\/10\/monastir-appel-a-la-liberation-de-lactiviste-wissem-jbara\/#breadcrumb\",\"itemListElement\":[{\"@type\":\"ListItem\",\"position\":1,\"name\":\"Accueil\",\"item\":\"https:\/\/kapitalis.com\/tunisie\/\"},{\"@type\":\"ListItem\",\"position\":2,\"name\":\"Monastir : Appel \u00e0 la lib\u00e9ration de l&rsquo;activiste Wissem Jbara\"}]},{\"@type\":\"WebSite\",\"@id\":\"https:\/\/kapitalis.com\/tunisie\/#website\",\"url\":\"https:\/\/kapitalis.com\/tunisie\/\",\"name\":\"Kapitalis\",\"description\":\"L&#039;actualit\u00e9 en Tunisie et dans le monde\",\"publisher\":{\"@id\":\"https:\/\/kapitalis.com\/tunisie\/#organization\"},\"potentialAction\":[{\"@type\":\"SearchAction\",\"target\":{\"@type\":\"EntryPoint\",\"urlTemplate\":\"https:\/\/kapitalis.com\/tunisie\/?s={search_term_string}\"},\"query-input\":{\"@type\":\"PropertyValueSpecification\",\"valueRequired\":true,\"valueName\":\"search_term_string\"}}],\"inLanguage\":\"fr-FR\"},{\"@type\":\"Organization\",\"@id\":\"https:\/\/kapitalis.com\/tunisie\/#organization\",\"name\":\"Kapitalis\",\"url\":\"https:\/\/kapitalis.com\/tunisie\/\",\"logo\":{\"@type\":\"ImageObject\",\"inLanguage\":\"fr-FR\",\"@id\":\"https:\/\/kapitalis.com\/tunisie\/#\/schema\/logo\/image\/\",\"url\":\"https:\/\/kapitalis.com\/tunisie\/wp-content\/uploads\/2022\/05\/Kapitalis-big-size.png\",\"contentUrl\":\"https:\/\/kapitalis.com\/tunisie\/wp-content\/uploads\/2022\/05\/Kapitalis-big-size.png\",\"width\":5000,\"height\":1500,\"caption\":\"Kapitalis\"},\"image\":{\"@id\":\"https:\/\/kapitalis.com\/tunisie\/#\/schema\/logo\/image\/\"},\"sameAs\":[\"https:\/\/www.facebook.com\/KapitalisInfo\/\",\"https:\/\/x.com\/KapitalisInfo\",\"https:\/\/www.youtube.com\/channel\/UC-yDYrHyfFBWWZaOw3FPg9Q\"]},{\"@type\":\"Person\",\"@id\":\"https:\/\/kapitalis.com\/tunisie\/#\/schema\/person\/74bbde0154d49d790a92aaeac5bc01d5\",\"name\":\"Yusra NY\",\"url\":\"https:\/\/kapitalis.com\/tunisie\/author\/yuza_adam\/\"}]}<\/script>\n<!-- \/ Yoast SEO plugin. -->","yoast_head_json":{"title":"Monastir : Appel \u00e0 la lib\u00e9ration de l'activiste Wissem Jbara - Kapitalis","description":"Des habitants de Monastir ont exprim\u00e9 leur soutien \u00e0 l'activiste Wissem Jbara et ont appel\u00e9 \u00e0 sa lib\u00e9ration, sachant qu'il a \u00e9t\u00e9 plac\u00e9 en d\u00e9tention suite \u00e0 une plainte d\u00e9pos\u00e9e contre lui par le directeur r\u00e9gional de la Soci\u00e9t\u00e9 nationale d'exploitation et de distribution des eaux (Sonede).","robots":{"index":"index","follow":"follow","max-snippet":"max-snippet:-1","max-image-preview":"max-image-preview:large","max-video-preview":"max-video-preview:-1"},"canonical":"https:\/\/kapitalis.com\/tunisie\/2022\/09\/10\/monastir-appel-a-la-liberation-de-lactiviste-wissem-jbara\/","og_locale":"fr_FR","og_type":"article","og_title":"Monastir : Appel \u00e0 la lib\u00e9ration de l'activiste Wissem Jbara - Kapitalis","og_description":"Des habitants de Monastir ont exprim\u00e9 leur soutien \u00e0 l'activiste Wissem Jbara et ont appel\u00e9 \u00e0 sa lib\u00e9ration, sachant qu'il a \u00e9t\u00e9 plac\u00e9 en d\u00e9tention suite \u00e0 une plainte d\u00e9pos\u00e9e contre lui par le directeur r\u00e9gional de la Soci\u00e9t\u00e9 nationale d'exploitation et de distribution des eaux (Sonede).","og_url":"https:\/\/kapitalis.com\/tunisie\/2022\/09\/10\/monastir-appel-a-la-liberation-de-lactiviste-wissem-jbara\/","og_site_name":"Kapitalis","article_publisher":"https:\/\/www.facebook.com\/KapitalisInfo\/","article_published_time":"2022-09-10T17:18:42+00:00","article_modified_time":"2022-09-10T17:22:05+00:00","og_image":[{"width":1200,"height":630,"url":"https:\/\/kapitalis.com\/tunisie\/wp-content\/uploads\/2022\/09\/Wissem-Jbara.jpg","type":"image\/jpeg"}],"author":"Yusra NY","twitter_card":"summary_large_image","twitter_creator":"@KapitalisInfo","twitter_site":"@KapitalisInfo","twitter_misc":{"\u00c9crit par":"Yusra NY","Dur\u00e9e de lecture estim\u00e9e":"2 minutes"},"schema":{"@context":"https:\/\/schema.org","@graph":[{"@type":"Article","@id":"https:\/\/kapitalis.com\/tunisie\/2022\/09\/10\/monastir-appel-a-la-liberation-de-lactiviste-wissem-jbara\/#article","isPartOf":{"@id":"https:\/\/kapitalis.com\/tunisie\/2022\/09\/10\/monastir-appel-a-la-liberation-de-lactiviste-wissem-jbara\/"},"author":{"name":"Yusra NY","@id":"https:\/\/kapitalis.com\/tunisie\/#\/schema\/person\/74bbde0154d49d790a92aaeac5bc01d5"},"headline":"Monastir : Appel \u00e0 la lib\u00e9ration de l&rsquo;activiste Wissem Jbara","datePublished":"2022-09-10T17:18:42+00:00","dateModified":"2022-09-10T17:22:05+00:00","mainEntityOfPage":{"@id":"https:\/\/kapitalis.com\/tunisie\/2022\/09\/10\/monastir-appel-a-la-liberation-de-lactiviste-wissem-jbara\/"},"wordCount":409,"commentCount":0,"publisher":{"@id":"https:\/\/kapitalis.com\/tunisie\/#organization"},"image":{"@id":"https:\/\/kapitalis.com\/tunisie\/2022\/09\/10\/monastir-appel-a-la-liberation-de-lactiviste-wissem-jbara\/#primaryimage"},"thumbnailUrl":"https:\/\/kapitalis.com\/tunisie\/wp-content\/uploads\/2022\/09\/Wissem-Jbara.jpg","keywords":["activiste","lib\u00e9ration","mobilisation","Monastir","Sonede","Tunisie","Wissem Jbara"],"articleSection":["SOCIETE","Tunisie"],"inLanguage":"fr-FR","potentialAction":[{"@type":"CommentAction","name":"Comment","target":["https:\/\/kapitalis.com\/tunisie\/2022\/09\/10\/monastir-appel-a-la-liberation-de-lactiviste-wissem-jbara\/#respond"]}]},{"@type":"WebPage","@id":"https:\/\/kapitalis.com\/tunisie\/2022\/09\/10\/monastir-appel-a-la-liberation-de-lactiviste-wissem-jbara\/","url":"https:\/\/kapitalis.com\/tunisie\/2022\/09\/10\/monastir-appel-a-la-liberation-de-lactiviste-wissem-jbara\/","name":"Monastir : Appel \u00e0 la lib\u00e9ration de l'activiste Wissem Jbara - Kapitalis","isPartOf":{"@id":"https:\/\/kapitalis.com\/tunisie\/#website"},"primaryImageOfPage":{"@id":"https:\/\/kapitalis.com\/tunisie\/2022\/09\/10\/monastir-appel-a-la-liberation-de-lactiviste-wissem-jbara\/#primaryimage"},"image":{"@id":"https:\/\/kapitalis.com\/tunisie\/2022\/09\/10\/monastir-appel-a-la-liberation-de-lactiviste-wissem-jbara\/#primaryimage"},"thumbnailUrl":"https:\/\/kapitalis.com\/tunisie\/wp-content\/uploads\/2022\/09\/Wissem-Jbara.jpg","datePublished":"2022-09-10T17:18:42+00:00","dateModified":"2022-09-10T17:22:05+00:00","description":"Des habitants de Monastir ont exprim\u00e9 leur soutien \u00e0 l'activiste Wissem Jbara et ont appel\u00e9 \u00e0 sa lib\u00e9ration, sachant qu'il a \u00e9t\u00e9 plac\u00e9 en d\u00e9tention suite \u00e0 une plainte d\u00e9pos\u00e9e contre lui par le directeur r\u00e9gional de la Soci\u00e9t\u00e9 nationale d'exploitation et de distribution des eaux (Sonede).","breadcrumb":{"@id":"https:\/\/kapitalis.com\/tunisie\/2022\/09\/10\/monastir-appel-a-la-liberation-de-lactiviste-wissem-jbara\/#breadcrumb"},"inLanguage":"fr-FR","potentialAction":[{"@type":"ReadAction","target":["https:\/\/kapitalis.com\/tunisie\/2022\/09\/10\/monastir-appel-a-la-liberation-de-lactiviste-wissem-jbara\/"]}]},{"@type":"ImageObject","inLanguage":"fr-FR","@id":"https:\/\/kapitalis.com\/tunisie\/2022\/09\/10\/monastir-appel-a-la-liberation-de-lactiviste-wissem-jbara\/#primaryimage","url":"https:\/\/kapitalis.com\/tunisie\/wp-content\/uploads\/2022\/09\/Wissem-Jbara.jpg","contentUrl":"https:\/\/kapitalis.com\/tunisie\/wp-content\/uploads\/2022\/09\/Wissem-Jbara.jpg","width":1200,"height":630},{"@type":"BreadcrumbList","@id":"https:\/\/kapitalis.com\/tunisie\/2022\/09\/10\/monastir-appel-a-la-liberation-de-lactiviste-wissem-jbara\/#breadcrumb","itemListElement":[{"@type":"ListItem","position":1,"name":"Accueil","item":"https:\/\/kapitalis.com\/tunisie\/"},{"@type":"ListItem","position":2,"name":"Monastir : Appel \u00e0 la lib\u00e9ration de l&rsquo;activiste Wissem Jbara"}]},{"@type":"WebSite","@id":"https:\/\/kapitalis.com\/tunisie\/#website","url":"https:\/\/kapitalis.com\/tunisie\/","name":"Kapitalis","description":"L&#039;actualit\u00e9 en Tunisie et dans le monde","publisher":{"@id":"https:\/\/kapitalis.com\/tunisie\/#organization"},"potentialAction":[{"@type":"SearchAction","target":{"@type":"EntryPoint","urlTemplate":"https:\/\/kapitalis.com\/tunisie\/?s={search_term_string}"},"query-input":{"@type":"PropertyValueSpecification","valueRequired":true,"valueName":"search_term_string"}}],"inLanguage":"fr-FR"},{"@type":"Organization","@id":"https:\/\/kapitalis.com\/tunisie\/#organization","name":"Kapitalis","url":"https:\/\/kapitalis.com\/tunisie\/","logo":{"@type":"ImageObject","inLanguage":"fr-FR","@id":"https:\/\/kapitalis.com\/tunisie\/#\/schema\/logo\/image\/","url":"https:\/\/kapitalis.com\/tunisie\/wp-content\/uploads\/2022\/05\/Kapitalis-big-size.png","contentUrl":"https:\/\/kapitalis.com\/tunisie\/wp-content\/uploads\/2022\/05\/Kapitalis-big-size.png","width":5000,"height":1500,"caption":"Kapitalis"},"image":{"@id":"https:\/\/kapitalis.com\/tunisie\/#\/schema\/logo\/image\/"},"sameAs":["https:\/\/www.facebook.com\/KapitalisInfo\/","https:\/\/x.com\/KapitalisInfo","https:\/\/www.youtube.com\/channel\/UC-yDYrHyfFBWWZaOw3FPg9Q"]},{"@type":"Person","@id":"https:\/\/kapitalis.com\/tunisie\/#\/schema\/person\/74bbde0154d49d790a92aaeac5bc01d5","name":"Yusra NY","url":"https:\/\/kapitalis.com\/tunisie\/author\/yuza_adam\/"}]}},"_links":{"self":[{"href":"https:\/\/kapitalis.com\/tunisie\/wp-json\/wp\/v2\/posts\/3904747","targetHints":{"allow":["GET"]}}],"collection":[{"href":"https:\/\/kapitalis.com\/tunisie\/wp-json\/wp\/v2\/posts"}],"about":[{"href":"https:\/\/kapitalis.com\/tunisie\/wp-json\/wp\/v2\/types\/post"}],"author":[{"embeddable":true,"href":"https:\/\/kapitalis.com\/tunisie\/wp-json\/wp\/v2\/users\/6"}],"replies":[{"embeddable":true,"href":"https:\/\/kapitalis.com\/tunisie\/wp-json\/wp\/v2\/comments?post=3904747"}],"version-history":[{"count":0,"href":"https:\/\/kapitalis.com\/tunisie\/wp-json\/wp\/v2\/posts\/3904747\/revisions"}],"wp:featuredmedia":[{"embeddable":true,"href":"https:\/\/kapitalis.com\/tunisie\/wp-json\/wp\/v2\/media\/3904921"}],"wp:attachment":[{"href":"https:\/\/kapitalis.com\/tunisie\/wp-json\/wp\/v2\/media?parent=3904747"}],"wp:term":[{"taxonomy":"category","embeddable":true,"href":"https:\/\/kapitalis.com\/tunisie\/wp-json\/wp\/v2\/categories?post=3904747"},{"taxonomy":"post_tag","embeddable":true,"href":"https:\/\/kapitalis.com\/tunisie\/wp-json\/wp\/v2\/tags?post=3904747"}],"curies":[{"name":"wp","href":"https:\/\/api.w.org\/{rel}","templated":true}]}}