{"id":39172,"date":"2016-02-11T09:31:22","date_gmt":"2016-02-11T08:31:22","guid":{"rendered":"http:\/\/kapitalis.com\/tunisie\/?p=39172"},"modified":"2016-02-11T09:31:22","modified_gmt":"2016-02-11T08:31:22","slug":"lasectu-organise-le-forum-du-futur-les-24-et-25-fevrier-2016","status":"publish","type":"post","link":"https:\/\/kapitalis.com\/tunisie\/2016\/02\/11\/lasectu-organise-le-forum-du-futur-les-24-et-25-fevrier-2016\/","title":{"rendered":"L\u2019Asectu organise le Forum du futur les 24 et 25 f\u00e9vrier 2016"},"content":{"rendered":"<p><img loading=\"lazy\" decoding=\"async\" class=\"alignnone size-full wp-image-39173 aligncenter\" src=\"http:\/\/kapitalis.com\/tunisie\/wp-content\/uploads\/2016\/02\/Mohamed-Haddar-Asectu.jpg\" alt=\"Mohamed-Haddar-Asectu\" width=\"626\" height=\"380\" \/><\/p>\n<p><em><strong>Mohamed Haddar a eu un contretemps inattendu dans l\u2019organisation de la premi\u00e8re \u00e9dition du Forum du futur, qui se tiendra les 24 et 25 f\u00e9vrier 2016.<\/strong><\/em><\/p>\n<p><!--more--><\/p>\n<p>Le pr\u00e9sident de l\u2019Association des \u00e9conomistes tunisiens (Asectu), qui pr\u00e9pare l\u2019organisation de ce forum appel\u00e9e \u00e0 d\u00e9battre <em>\u00abdes choix \u00e9conomiques et sociaux fondamentaux pour consolider la d\u00e9mocratie en Tunisie\u00bb,<\/em> a dans un premier temps envisag\u00e9 de l\u2019organiser en partenariat avec la pr\u00e9sidence de la r\u00e9publique et celle de l\u2019Assembl\u00e9e des repr\u00e9sentants du peuple (ARP). Il y a finalement renonc\u00e9, faute d\u2019avoir pu mettre d\u2019accord les deux institutions, ni Carthage ni le Bardo n\u2019ayant voulu c\u00e9der le patronage du Forum de l\u2019avenir de l\u2019Asectu \u00e0 l\u2019autre.<\/p>\n<p>Organis\u00e9 avec l\u2019appui de l\u2019Economic Research Forum (ERF), le forum regroupera les principaux acteurs et intervenants dans le d\u00e9veloppement \u00e9conomique et social du pays, dont notamment l\u2019UGTT et l\u2019Utica avec lesquelles l\u2019Asectu s\u2019est concert\u00e9e durant la phase de pr\u00e9paration.<\/p>\n<p>Les participants d\u00e9battront \u00e0 cette occasion des d\u00e9fis de la croissance et les grandes orientations, les imp\u00e9ratifs d\u2019une croissance plus \u00e9quitable et plus inclusive, les grandes r\u00e9formes des structures de l\u2019Etat, le r\u00f4le du secteur priv\u00e9 dans le d\u00e9veloppement et sa qualit\u00e9 et les relations professionnelles.<\/p>\n<p style=\"text-align: right;\"><strong>Nabil Ben Ameur<\/strong><\/p>\n","protected":false},"excerpt":{"rendered":"<p>Mohamed Haddar a eu un contretemps inattendu dans l\u2019organisation de la premi\u00e8re \u00e9dition du Forum du futur, qui se tiendra les 24 et 25 f\u00e9vrier 2016.<\/p>\n","protected":false},"author":8,"featured_media":39173,"comment_status":"open","ping_status":"open","sticky":false,"template":"","format":"standard","meta":{"footnotes":""},"categories":[995,2433],"tags":[14051,93,14050,1158],"class_list":["post-39172","post","type-post","status-publish","format-standard","has-post-thumbnail","hentry","category-economie","category-tunisie","tag-asectu","tag-assemblee","tag-mohamed-haddar","tag-presidence"],"yoast_head":"<!-- This site is optimized with the Yoast SEO plugin v26.6 - https:\/\/yoast.com\/wordpress\/plugins\/seo\/ -->\n<title>L\u2019Asectu organise le Forum du futur les 24 et 25 f\u00e9vrier 2016 - Kapitalis<\/title>\n<meta name=\"robots\" content=\"index, follow, max-snippet:-1, max-image-preview:large, max-video-preview:-1\" \/>\n<link rel=\"canonical\" href=\"https:\/\/kapitalis.com\/tunisie\/2016\/02\/11\/lasectu-organise-le-forum-du-futur-les-24-et-25-fevrier-2016\/\" \/>\n<meta property=\"og:locale\" content=\"fr_FR\" \/>\n<meta property=\"og:type\" content=\"article\" \/>\n<meta property=\"og:title\" content=\"L\u2019Asectu organise le Forum du futur les 24 et 25 f\u00e9vrier 2016 - Kapitalis\" \/>\n<meta property=\"og:description\" content=\"Mohamed Haddar a eu un contretemps inattendu dans l\u2019organisation de la premi\u00e8re \u00e9dition du Forum du futur, qui se tiendra les 24 et 25 f\u00e9vrier 2016.\" \/>\n<meta property=\"og:url\" content=\"https:\/\/kapitalis.com\/tunisie\/2016\/02\/11\/lasectu-organise-le-forum-du-futur-les-24-et-25-fevrier-2016\/\" \/>\n<meta property=\"og:site_name\" content=\"Kapitalis\" \/>\n<meta property=\"article:publisher\" content=\"https:\/\/www.facebook.com\/KapitalisInfo\/\" \/>\n<meta property=\"article:published_time\" content=\"2016-02-11T08:31:22+00:00\" \/>\n<meta property=\"og:image\" content=\"https:\/\/kapitalis.com\/tunisie\/wp-content\/uploads\/2022\/05\/kapitalis-logo-fb.png\" \/>\n\t<meta property=\"og:image:width\" content=\"1200\" \/>\n\t<meta property=\"og:image:height\" content=\"630\" \/>\n\t<meta property=\"og:image:type\" content=\"image\/png\" \/>\n<meta name=\"author\" content=\"webmaster kapitalis\" \/>\n<meta name=\"twitter:card\" content=\"summary_large_image\" \/>\n<meta name=\"twitter:creator\" content=\"@KapitalisInfo\" \/>\n<meta name=\"twitter:site\" content=\"@KapitalisInfo\" \/>\n<meta name=\"twitter:label1\" content=\"\u00c9crit par\" \/>\n\t<meta name=\"twitter:data1\" content=\"webmaster kapitalis\" \/>\n\t<meta name=\"twitter:label2\" content=\"Dur\u00e9e de lecture estim\u00e9e\" \/>\n\t<meta name=\"twitter:data2\" content=\"1 minute\" \/>\n<script type=\"application\/ld+json\" class=\"yoast-schema-graph\">{\"@context\":\"https:\/\/schema.org\",\"@graph\":[{\"@type\":\"Article\",\"@id\":\"https:\/\/kapitalis.com\/tunisie\/2016\/02\/11\/lasectu-organise-le-forum-du-futur-les-24-et-25-fevrier-2016\/#article\",\"isPartOf\":{\"@id\":\"https:\/\/kapitalis.com\/tunisie\/2016\/02\/11\/lasectu-organise-le-forum-du-futur-les-24-et-25-fevrier-2016\/\"},\"author\":{\"name\":\"webmaster kapitalis\",\"@id\":\"https:\/\/kapitalis.com\/tunisie\/#\/schema\/person\/d71f33a9ca44f7bad4698210b480c8e9\"},\"headline\":\"L\u2019Asectu organise le Forum du futur les 24 et 25 f\u00e9vrier 2016\",\"datePublished\":\"2016-02-11T08:31:22+00:00\",\"mainEntityOfPage\":{\"@id\":\"https:\/\/kapitalis.com\/tunisie\/2016\/02\/11\/lasectu-organise-le-forum-du-futur-les-24-et-25-fevrier-2016\/\"},\"wordCount\":244,\"commentCount\":0,\"publisher\":{\"@id\":\"https:\/\/kapitalis.com\/tunisie\/#organization\"},\"image\":{\"@id\":\"https:\/\/kapitalis.com\/tunisie\/2016\/02\/11\/lasectu-organise-le-forum-du-futur-les-24-et-25-fevrier-2016\/#primaryimage\"},\"thumbnailUrl\":\"\",\"keywords\":[\"Asectu\",\"Assembl\u00e9e\",\"Mohamed Haddar\",\"pr\u00e9sidence\"],\"articleSection\":[\"ECONOMIE\",\"Tunisie\"],\"inLanguage\":\"fr-FR\",\"potentialAction\":[{\"@type\":\"CommentAction\",\"name\":\"Comment\",\"target\":[\"https:\/\/kapitalis.com\/tunisie\/2016\/02\/11\/lasectu-organise-le-forum-du-futur-les-24-et-25-fevrier-2016\/#respond\"]}]},{\"@type\":\"WebPage\",\"@id\":\"https:\/\/kapitalis.com\/tunisie\/2016\/02\/11\/lasectu-organise-le-forum-du-futur-les-24-et-25-fevrier-2016\/\",\"url\":\"https:\/\/kapitalis.com\/tunisie\/2016\/02\/11\/lasectu-organise-le-forum-du-futur-les-24-et-25-fevrier-2016\/\",\"name\":\"L\u2019Asectu organise le Forum du futur les 24 et 25 f\u00e9vrier 2016 - Kapitalis\",\"isPartOf\":{\"@id\":\"https:\/\/kapitalis.com\/tunisie\/#website\"},\"primaryImageOfPage\":{\"@id\":\"https:\/\/kapitalis.com\/tunisie\/2016\/02\/11\/lasectu-organise-le-forum-du-futur-les-24-et-25-fevrier-2016\/#primaryimage\"},\"image\":{\"@id\":\"https:\/\/kapitalis.com\/tunisie\/2016\/02\/11\/lasectu-organise-le-forum-du-futur-les-24-et-25-fevrier-2016\/#primaryimage\"},\"thumbnailUrl\":\"\",\"datePublished\":\"2016-02-11T08:31:22+00:00\",\"breadcrumb\":{\"@id\":\"https:\/\/kapitalis.com\/tunisie\/2016\/02\/11\/lasectu-organise-le-forum-du-futur-les-24-et-25-fevrier-2016\/#breadcrumb\"},\"inLanguage\":\"fr-FR\",\"potentialAction\":[{\"@type\":\"ReadAction\",\"target\":[\"https:\/\/kapitalis.com\/tunisie\/2016\/02\/11\/lasectu-organise-le-forum-du-futur-les-24-et-25-fevrier-2016\/\"]}]},{\"@type\":\"ImageObject\",\"inLanguage\":\"fr-FR\",\"@id\":\"https:\/\/kapitalis.com\/tunisie\/2016\/02\/11\/lasectu-organise-le-forum-du-futur-les-24-et-25-fevrier-2016\/#primaryimage\",\"url\":\"\",\"contentUrl\":\"\"},{\"@type\":\"BreadcrumbList\",\"@id\":\"https:\/\/kapitalis.com\/tunisie\/2016\/02\/11\/lasectu-organise-le-forum-du-futur-les-24-et-25-fevrier-2016\/#breadcrumb\",\"itemListElement\":[{\"@type\":\"ListItem\",\"position\":1,\"name\":\"Accueil\",\"item\":\"https:\/\/kapitalis.com\/tunisie\/\"},{\"@type\":\"ListItem\",\"position\":2,\"name\":\"L\u2019Asectu organise le Forum du futur les 24 et 25 f\u00e9vrier 2016\"}]},{\"@type\":\"WebSite\",\"@id\":\"https:\/\/kapitalis.com\/tunisie\/#website\",\"url\":\"https:\/\/kapitalis.com\/tunisie\/\",\"name\":\"Kapitalis\",\"description\":\"L&#039;actualit\u00e9 en Tunisie et dans le monde\",\"publisher\":{\"@id\":\"https:\/\/kapitalis.com\/tunisie\/#organization\"},\"potentialAction\":[{\"@type\":\"SearchAction\",\"target\":{\"@type\":\"EntryPoint\",\"urlTemplate\":\"https:\/\/kapitalis.com\/tunisie\/?s={search_term_string}\"},\"query-input\":{\"@type\":\"PropertyValueSpecification\",\"valueRequired\":true,\"valueName\":\"search_term_string\"}}],\"inLanguage\":\"fr-FR\"},{\"@type\":\"Organization\",\"@id\":\"https:\/\/kapitalis.com\/tunisie\/#organization\",\"name\":\"Kapitalis\",\"url\":\"https:\/\/kapitalis.com\/tunisie\/\",\"logo\":{\"@type\":\"ImageObject\",\"inLanguage\":\"fr-FR\",\"@id\":\"https:\/\/kapitalis.com\/tunisie\/#\/schema\/logo\/image\/\",\"url\":\"https:\/\/kapitalis.com\/tunisie\/wp-content\/uploads\/2022\/05\/Kapitalis-big-size.png\",\"contentUrl\":\"https:\/\/kapitalis.com\/tunisie\/wp-content\/uploads\/2022\/05\/Kapitalis-big-size.png\",\"width\":5000,\"height\":1500,\"caption\":\"Kapitalis\"},\"image\":{\"@id\":\"https:\/\/kapitalis.com\/tunisie\/#\/schema\/logo\/image\/\"},\"sameAs\":[\"https:\/\/www.facebook.com\/KapitalisInfo\/\",\"https:\/\/x.com\/KapitalisInfo\",\"https:\/\/www.youtube.com\/channel\/UC-yDYrHyfFBWWZaOw3FPg9Q\"]},{\"@type\":\"Person\",\"@id\":\"https:\/\/kapitalis.com\/tunisie\/#\/schema\/person\/d71f33a9ca44f7bad4698210b480c8e9\",\"name\":\"webmaster kapitalis\",\"url\":\"https:\/\/kapitalis.com\/tunisie\/author\/webmaster-kapitalis\/\"}]}<\/script>\n<!-- \/ Yoast SEO plugin. -->","yoast_head_json":{"title":"L\u2019Asectu organise le Forum du futur les 24 et 25 f\u00e9vrier 2016 - Kapitalis","robots":{"index":"index","follow":"follow","max-snippet":"max-snippet:-1","max-image-preview":"max-image-preview:large","max-video-preview":"max-video-preview:-1"},"canonical":"https:\/\/kapitalis.com\/tunisie\/2016\/02\/11\/lasectu-organise-le-forum-du-futur-les-24-et-25-fevrier-2016\/","og_locale":"fr_FR","og_type":"article","og_title":"L\u2019Asectu organise le Forum du futur les 24 et 25 f\u00e9vrier 2016 - Kapitalis","og_description":"Mohamed Haddar a eu un contretemps inattendu dans l\u2019organisation de la premi\u00e8re \u00e9dition du Forum du futur, qui se tiendra les 24 et 25 f\u00e9vrier 2016.","og_url":"https:\/\/kapitalis.com\/tunisie\/2016\/02\/11\/lasectu-organise-le-forum-du-futur-les-24-et-25-fevrier-2016\/","og_site_name":"Kapitalis","article_publisher":"https:\/\/www.facebook.com\/KapitalisInfo\/","article_published_time":"2016-02-11T08:31:22+00:00","og_image":[{"width":1200,"height":630,"url":"https:\/\/kapitalis.com\/tunisie\/wp-content\/uploads\/2022\/05\/kapitalis-logo-fb.png","type":"image\/png"}],"author":"webmaster kapitalis","twitter_card":"summary_large_image","twitter_creator":"@KapitalisInfo","twitter_site":"@KapitalisInfo","twitter_misc":{"\u00c9crit par":"webmaster kapitalis","Dur\u00e9e de lecture estim\u00e9e":"1 minute"},"schema":{"@context":"https:\/\/schema.org","@graph":[{"@type":"Article","@id":"https:\/\/kapitalis.com\/tunisie\/2016\/02\/11\/lasectu-organise-le-forum-du-futur-les-24-et-25-fevrier-2016\/#article","isPartOf":{"@id":"https:\/\/kapitalis.com\/tunisie\/2016\/02\/11\/lasectu-organise-le-forum-du-futur-les-24-et-25-fevrier-2016\/"},"author":{"name":"webmaster kapitalis","@id":"https:\/\/kapitalis.com\/tunisie\/#\/schema\/person\/d71f33a9ca44f7bad4698210b480c8e9"},"headline":"L\u2019Asectu organise le Forum du futur les 24 et 25 f\u00e9vrier 2016","datePublished":"2016-02-11T08:31:22+00:00","mainEntityOfPage":{"@id":"https:\/\/kapitalis.com\/tunisie\/2016\/02\/11\/lasectu-organise-le-forum-du-futur-les-24-et-25-fevrier-2016\/"},"wordCount":244,"commentCount":0,"publisher":{"@id":"https:\/\/kapitalis.com\/tunisie\/#organization"},"image":{"@id":"https:\/\/kapitalis.com\/tunisie\/2016\/02\/11\/lasectu-organise-le-forum-du-futur-les-24-et-25-fevrier-2016\/#primaryimage"},"thumbnailUrl":"","keywords":["Asectu","Assembl\u00e9e","Mohamed Haddar","pr\u00e9sidence"],"articleSection":["ECONOMIE","Tunisie"],"inLanguage":"fr-FR","potentialAction":[{"@type":"CommentAction","name":"Comment","target":["https:\/\/kapitalis.com\/tunisie\/2016\/02\/11\/lasectu-organise-le-forum-du-futur-les-24-et-25-fevrier-2016\/#respond"]}]},{"@type":"WebPage","@id":"https:\/\/kapitalis.com\/tunisie\/2016\/02\/11\/lasectu-organise-le-forum-du-futur-les-24-et-25-fevrier-2016\/","url":"https:\/\/kapitalis.com\/tunisie\/2016\/02\/11\/lasectu-organise-le-forum-du-futur-les-24-et-25-fevrier-2016\/","name":"L\u2019Asectu organise le Forum du futur les 24 et 25 f\u00e9vrier 2016 - Kapitalis","isPartOf":{"@id":"https:\/\/kapitalis.com\/tunisie\/#website"},"primaryImageOfPage":{"@id":"https:\/\/kapitalis.com\/tunisie\/2016\/02\/11\/lasectu-organise-le-forum-du-futur-les-24-et-25-fevrier-2016\/#primaryimage"},"image":{"@id":"https:\/\/kapitalis.com\/tunisie\/2016\/02\/11\/lasectu-organise-le-forum-du-futur-les-24-et-25-fevrier-2016\/#primaryimage"},"thumbnailUrl":"","datePublished":"2016-02-11T08:31:22+00:00","breadcrumb":{"@id":"https:\/\/kapitalis.com\/tunisie\/2016\/02\/11\/lasectu-organise-le-forum-du-futur-les-24-et-25-fevrier-2016\/#breadcrumb"},"inLanguage":"fr-FR","potentialAction":[{"@type":"ReadAction","target":["https:\/\/kapitalis.com\/tunisie\/2016\/02\/11\/lasectu-organise-le-forum-du-futur-les-24-et-25-fevrier-2016\/"]}]},{"@type":"ImageObject","inLanguage":"fr-FR","@id":"https:\/\/kapitalis.com\/tunisie\/2016\/02\/11\/lasectu-organise-le-forum-du-futur-les-24-et-25-fevrier-2016\/#primaryimage","url":"","contentUrl":""},{"@type":"BreadcrumbList","@id":"https:\/\/kapitalis.com\/tunisie\/2016\/02\/11\/lasectu-organise-le-forum-du-futur-les-24-et-25-fevrier-2016\/#breadcrumb","itemListElement":[{"@type":"ListItem","position":1,"name":"Accueil","item":"https:\/\/kapitalis.com\/tunisie\/"},{"@type":"ListItem","position":2,"name":"L\u2019Asectu organise le Forum du futur les 24 et 25 f\u00e9vrier 2016"}]},{"@type":"WebSite","@id":"https:\/\/kapitalis.com\/tunisie\/#website","url":"https:\/\/kapitalis.com\/tunisie\/","name":"Kapitalis","description":"L&#039;actualit\u00e9 en Tunisie et dans le monde","publisher":{"@id":"https:\/\/kapitalis.com\/tunisie\/#organization"},"potentialAction":[{"@type":"SearchAction","target":{"@type":"EntryPoint","urlTemplate":"https:\/\/kapitalis.com\/tunisie\/?s={search_term_string}"},"query-input":{"@type":"PropertyValueSpecification","valueRequired":true,"valueName":"search_term_string"}}],"inLanguage":"fr-FR"},{"@type":"Organization","@id":"https:\/\/kapitalis.com\/tunisie\/#organization","name":"Kapitalis","url":"https:\/\/kapitalis.com\/tunisie\/","logo":{"@type":"ImageObject","inLanguage":"fr-FR","@id":"https:\/\/kapitalis.com\/tunisie\/#\/schema\/logo\/image\/","url":"https:\/\/kapitalis.com\/tunisie\/wp-content\/uploads\/2022\/05\/Kapitalis-big-size.png","contentUrl":"https:\/\/kapitalis.com\/tunisie\/wp-content\/uploads\/2022\/05\/Kapitalis-big-size.png","width":5000,"height":1500,"caption":"Kapitalis"},"image":{"@id":"https:\/\/kapitalis.com\/tunisie\/#\/schema\/logo\/image\/"},"sameAs":["https:\/\/www.facebook.com\/KapitalisInfo\/","https:\/\/x.com\/KapitalisInfo","https:\/\/www.youtube.com\/channel\/UC-yDYrHyfFBWWZaOw3FPg9Q"]},{"@type":"Person","@id":"https:\/\/kapitalis.com\/tunisie\/#\/schema\/person\/d71f33a9ca44f7bad4698210b480c8e9","name":"webmaster kapitalis","url":"https:\/\/kapitalis.com\/tunisie\/author\/webmaster-kapitalis\/"}]}},"_links":{"self":[{"href":"https:\/\/kapitalis.com\/tunisie\/wp-json\/wp\/v2\/posts\/39172","targetHints":{"allow":["GET"]}}],"collection":[{"href":"https:\/\/kapitalis.com\/tunisie\/wp-json\/wp\/v2\/posts"}],"about":[{"href":"https:\/\/kapitalis.com\/tunisie\/wp-json\/wp\/v2\/types\/post"}],"author":[{"embeddable":true,"href":"https:\/\/kapitalis.com\/tunisie\/wp-json\/wp\/v2\/users\/8"}],"replies":[{"embeddable":true,"href":"https:\/\/kapitalis.com\/tunisie\/wp-json\/wp\/v2\/comments?post=39172"}],"version-history":[{"count":0,"href":"https:\/\/kapitalis.com\/tunisie\/wp-json\/wp\/v2\/posts\/39172\/revisions"}],"wp:featuredmedia":[{"embeddable":true,"href":"https:\/\/kapitalis.com\/tunisie\/wp-json\/wp\/v2\/media\/39173"}],"wp:attachment":[{"href":"https:\/\/kapitalis.com\/tunisie\/wp-json\/wp\/v2\/media?parent=39172"}],"wp:term":[{"taxonomy":"category","embeddable":true,"href":"https:\/\/kapitalis.com\/tunisie\/wp-json\/wp\/v2\/categories?post=39172"},{"taxonomy":"post_tag","embeddable":true,"href":"https:\/\/kapitalis.com\/tunisie\/wp-json\/wp\/v2\/tags?post=39172"}],"curies":[{"name":"wp","href":"https:\/\/api.w.org\/{rel}","templated":true}]}}