{"id":3923190,"date":"2022-09-11T06:48:31","date_gmt":"2022-09-11T05:48:31","guid":{"rendered":"https:\/\/kapitalis.com\/tunisie\/?p=3923190"},"modified":"2022-09-11T06:48:33","modified_gmt":"2022-09-11T05:48:33","slug":"le-poeme-du-dimanche-mort-et-agonie-de-sania-saleh-1-de-mohammed-al-maghout","status":"publish","type":"post","link":"https:\/\/kapitalis.com\/tunisie\/2022\/09\/11\/le-poeme-du-dimanche-mort-et-agonie-de-sania-saleh-1-de-mohammed-al-maghout\/","title":{"rendered":"Le po\u00e8me du dimanche\u00a0: \u2018\u2018Mort et agonie de Sania Saleh\u2019\u2019 (1) de Mohammed Al-Maghout\u00a0"},"content":{"rendered":"\n<p><strong><em>Po\u00e8te, dramaturge, \u00e9crivain et sc\u00e9nariste syrien, Mohammed Al-Maghout est n\u00e9 en 1934 \u00e0 Sle\u00efma et mort en 2006 \u00e0 Damas. Pionnier de la po\u00e9sie arabe contemporaine, il a renouvel\u00e9 les formes traditionnelles dans des textes o\u00f9 se m\u00ealent violence, d\u00e9sespoir et ironie.<\/em><\/strong><\/p>\n\n\n\n<!--more-->\n\n\n\n<p>L\u2019engagement d\u2019Al-Maghout pour la cause des peuples arabes a fait l\u2019empreinte de son \u00e9criture et sa &nbsp;popularit\u00e9. Son roman&nbsp;<em>\u2018\u2018Je trahirai mon pays\u2019\u2019<\/em>&nbsp;fut l\u2019un des livres les plus lus en Palestine et dans les ge\u00f4les isra\u00e9liennes.<\/p>\n\n\n\n<p>Emprisonn\u00e9 en 1955 pour son appartenance au Parti nationaliste syrien alors interdit, il fait la connaissance du po\u00e8te <a href=\"https:\/\/kapitalis.com\/tunisie\/2021\/06\/13\/le-poeme-du-dimanche-miroir-de-la-luge-noire-dadonis\/\" target=\"_blank\" rel=\"noreferrer noopener\">Adonis<\/a> en prison et se lance dans l\u2019\u00e9criture. Cette exp\u00e9rience de l\u2019enfermement et de la torture puis l\u2019exil au Liban ont une influence capitale sur sa vie et son \u0153uvre.<\/p>\n\n\n\n<p>Po\u00e8te innovateur, Al-Maghout fut de l\u2019aventure de la revue libanaise <em>Chi\u2019ir<\/em> aux c\u00f4t\u00e9s de Ounsi El-Hajj et Youssef El-Khal. Il a renouvel\u00e9 les formes traditionnelles de la po\u00e9sie arabe.<\/p>\n\n\n\n<p>Malgr\u00e9 son refus de toute soumission ou compromis, Mohammed Al-Maghout est revenu vivre en Syrie, toujours fid\u00e8le \u00e0 sa libert\u00e9 farouche de penser et de dire. Il a m\u00eame re\u00e7u des honneurs nationaux en 2002.<\/p>\n\n\n\n<p>Lors d\u2019un entretien avec le journaliste et po\u00e8te libanais Youssef Bazzi, Al-Maghout a dit\u2009: <em>\u00abAux Libanais, je dirais<\/em><em>\u2009<\/em><em>: vous Libanais de toutes confessions, la\u00efcs, mat\u00e9rialistes ou spiritualistes\u2026 Accrochez-vous au fil de la libert\u00e9. Accrochez-vous au talon de la libert\u00e9 qui vous reste car c\u2019est notre planche de salut. Accrochez-vous aux vestiges de la libert\u00e9 arabe que vous avez entre les mains. La libert\u00e9 s\u2019arrache; elle ne se donne pas.\u00bb<\/em><\/p>\n\n\n\n<p><em>&nbsp;(\u2026) Je n\u2019aime ni ville, ni campagne,<\/em><\/p>\n\n\n\n<p><em>Ni lune, ni arbre, ni riche, ni pauvre,<\/em><\/p>\n\n\n\n<p><em>Ni ami, ni voisin, ni caf\u00e9,<\/em><\/p>\n\n\n\n<p><em>Ni montagne, ni plaine, ni enfant, ni papillon.<\/em><\/p>\n\n\n\n<p><em>D\u00e8s lors, ma r\u00e9pugnance pour le terrorisme<\/em><\/p>\n\n\n\n<p><em>Ne me laisse aucune chance,<\/em><\/p>\n\n\n\n<p><em>Pas m\u00eame celle d\u2019aimer Dieu.<\/em><\/p>\n\n\n\n<h2 class=\"has-text-align-center wp-block-heading\">Peur du facteur<\/h2>\n\n\n\n<p><em>Vous les prisonniers en tout lieu<\/em><\/p>\n\n\n\n<p><em>Envoyez-moi tout ce que vous avez<\/em><\/p>\n\n\n\n<p><em>De terreur de hurlement et d\u2019ennui<\/em><\/p>\n\n\n\n<p><em>Vous les p\u00eacheurs sur toutes les c\u00f4tes<\/em><\/p>\n\n\n\n<p><em>Envoyez-moi tout ce que vous avez<\/em><\/p>\n\n\n\n<p><em>De filets vides et de mal de mer<\/em><\/p>\n\n\n\n<p><em>(\u2026) \u00c0 mon adresse&#8230; dans n\u2019importe quel caf\u00e9<\/em><\/p>\n\n\n\n<p><em>N\u2019importe quelle rue du monde<\/em><\/p>\n\n\n\n<p><em>Je pr\u00e9pare un \u00ab\u00e9norme dossier\u00bb<\/em><\/p>\n\n\n\n<p><em>Sur la souffrance humaine<\/em><\/p>\n\n\n\n<p><em>Pour le soumettre \u00e0 Dieu<\/em><\/p>\n\n\n\n<p><em>D\u00e8s qu\u2019il sera sign\u00e9 par les l\u00e8vres des affam\u00e9s<\/em><\/p>\n\n\n\n<p><em>Et les cils de ceux qui attendent<\/em><\/p>\n\n\n\n<p><em>Mais, \u00f4 malheureux en tout lieu<\/em><\/p>\n\n\n\n<p><em>Ce que je crains par-dessus tout<\/em><\/p>\n\n\n\n<p><em>C\u2019est que Dieu soit \u00abillettr\u00e9\u00bb2<\/em><\/p>\n\n\n\n<h2 class=\"has-text-align-center wp-block-heading\">Le blocus<\/h2>\n\n\n\n<p><em>Mes larmes sont bleues<\/em><\/p>\n\n\n\n<p><em>tant j\u2019ai regard\u00e9 le ciel et pleur\u00e9<\/em><\/p>\n\n\n\n<p><em>Mes larmes sont jaunes<\/em><\/p>\n\n\n\n<p><em>tant j\u2019ai r\u00eav\u00e9 des \u00e9pis d\u2019or<\/em><\/p>\n\n\n\n<p><em>et pleur\u00e9<\/em><\/p>\n\n\n\n<p><em>Que les chefs partent \u00e0 la guerre<\/em><\/p>\n\n\n\n<p><em>les amants aux for\u00eats<\/em><\/p>\n\n\n\n<p><em>les savants aux laboratoires<\/em><\/p>\n\n\n\n<p><em>Quant \u00e0 moi<\/em><\/p>\n\n\n\n<p><em>je vais chercher un chapelet et une chaise<\/em><\/p>\n\n\n\n<p><em>&nbsp;&nbsp;&nbsp;&nbsp;&nbsp;&nbsp;&nbsp;&nbsp;&nbsp;&nbsp;&nbsp;&nbsp;&nbsp;&nbsp;&nbsp;&nbsp;&nbsp;&nbsp;&nbsp;&nbsp;&nbsp;&nbsp;&nbsp;&nbsp;&nbsp;&nbsp;&nbsp;&nbsp;&nbsp;&nbsp;&nbsp;&nbsp;&nbsp;&nbsp;&nbsp;&nbsp;&nbsp;&nbsp;&nbsp;&nbsp;&nbsp;&nbsp;&nbsp;&nbsp;&nbsp;&nbsp;&nbsp;&nbsp;&nbsp;&nbsp;&nbsp;&nbsp;&nbsp;&nbsp;&nbsp;&nbsp;&nbsp;&nbsp;&nbsp;&nbsp;&nbsp;&nbsp; ancienne<\/em><\/p>\n\n\n\n<p><em>pour redevenir tel que j\u2019\u00e9tais<\/em><\/p>\n\n\n\n<p><em>vieux chambellan \u00e0 la porte de la tristesse<\/em><\/p>\n\n\n\n<p><em>puisque tous les livres, les constitutions et les<\/em><\/p>\n\n\n\n<p><em>&nbsp;&nbsp;&nbsp;&nbsp;&nbsp;&nbsp;&nbsp;&nbsp;&nbsp;&nbsp;&nbsp;&nbsp;&nbsp;&nbsp;&nbsp;&nbsp;&nbsp;&nbsp;&nbsp;&nbsp;&nbsp;&nbsp;&nbsp;&nbsp;&nbsp;&nbsp;&nbsp;&nbsp;&nbsp;&nbsp;&nbsp;&nbsp;&nbsp;&nbsp;&nbsp;&nbsp;&nbsp;&nbsp;&nbsp;&nbsp;&nbsp;&nbsp;&nbsp;&nbsp;&nbsp;&nbsp;&nbsp;&nbsp;&nbsp;&nbsp;&nbsp;&nbsp;&nbsp;&nbsp;&nbsp;&nbsp;&nbsp;&nbsp;&nbsp;&nbsp;&nbsp;&nbsp;&nbsp; religions<\/em><\/p>\n\n\n\n<p><em>assurent que je ne mourrai<\/em><\/p>\n\n\n\n<p><em>qu\u2019affam\u00e9 ou prisonnier.<\/em><\/p>\n\n\n\n<h2 class=\"has-text-align-center wp-block-heading\">\u00d4 touriste !<\/h2>\n\n\n\n<p><em>Mon enfance est lointaine, ma vieillesse aussi<\/em><\/p>\n\n\n\n<p><em>Mon pays est lointain, mon exil aussi<\/em><\/p>\n\n\n\n<p><em>O touriste<\/em><\/p>\n\n\n\n<p><em>donne-moi tes jumelles<\/em><\/p>\n\n\n\n<p><em>que je puisse voir si une main ou un mouchoir<\/em><\/p>\n\n\n\n<p><em>&nbsp;&nbsp;&nbsp;&nbsp;&nbsp;&nbsp;&nbsp;&nbsp;&nbsp;&nbsp;&nbsp;&nbsp;&nbsp;&nbsp;&nbsp;&nbsp;&nbsp;&nbsp;&nbsp;&nbsp;&nbsp;&nbsp;&nbsp;&nbsp;&nbsp;&nbsp;&nbsp;&nbsp;&nbsp;&nbsp;&nbsp;&nbsp;&nbsp;&nbsp;&nbsp;&nbsp;&nbsp;&nbsp; me fait signe en ce monde<\/em><\/p>\n\n\n\n<p><em>Prends-moi en photo pendant que je pleure<\/em><\/p>\n\n\n\n<p><em>accroupi dans mes hardes devant l&rsquo;h\u00f4tel<\/em><\/p>\n\n\n\n<p><em>et \u00e9cris au dos de la photo :<\/em><\/p>\n\n\n\n<p><em>voil\u00e0 un po\u00e8te d&rsquo;Orient<\/em><\/p>\n\n\n\n<p><em>\u00c9tale ton mouchoir blanc sur le trottoir<\/em><\/p>\n\n\n\n<p><em>et assieds-toi pr\u00e8s de moi sous cette pluie douce<\/em><\/p>\n\n\n\n<p><em>Je vais te r\u00e9v\u00e9ler un grave secret<\/em><\/p>\n\n\n\n<p><em>Cong\u00e9die tes indicateurs et tes guides<\/em><\/p>\n\n\n\n<p><em>jette dans la boue, au feu<\/em><\/p>\n\n\n\n<p><em>toutes les notes et impressions que tu as \u00e9crites<\/em><\/p>\n\n\n\n<p><em>N\u2019importe quel vieux paysan<\/em><\/p>\n\n\n\n<p><em>te racontera en deux vers de \u00a0\u00bbAtaba\u00a0\u00bb<\/em><\/p>\n\n\n\n<p><em>toute l\u2019histoire de l\u2019Orient<\/em><\/p>\n\n\n\n<p><em>en roulant une cigarette devant sa tente.<\/em><\/p>\n\n\n\n<p class=\"has-text-align-right\"><em>Po\u00e8mes traduits de l\u2019arabe par <\/em><strong>Abdellatif La\u00e2bi<\/strong> et <strong>Jalel El-Gharbi<\/strong>.<\/p>\n\n\n\n<p><strong>Notes&nbsp;:<\/strong><\/p>\n\n\n\n<p><em>1 &#8211; La po\u00e8te Sania Saleh est l\u2019\u00e9pouse d\u2019Al-Maghout.<\/em><\/p>\n\n\n\n<p><em>2 &#8211; Mohammed Al-Maghout emploie en arabe \u2013 entre guillemets afin de bien souligner sa r\u00e9f\u00e9rence explicite \u2013 le terme \u00abummi\u00bb qui d\u00e9signe dans le Coran l\u2019analphab\u00e9tisme du Proph\u00e8te. Pour R\u00fbm\u00ee et d\u2019autres mystiques comme Attar, \u00abummi\u00bb signifie \u00e9galement \u00abpu\u00bb.<\/em><\/p>\n\n\n\n<figure class=\"wp-block-embed is-type-wp-embed is-provider-kapitalis wp-block-embed-kapitalis\"><div class=\"wp-block-embed__wrapper\">\n<blockquote class=\"wp-embedded-content\" data-secret=\"rekNGGFpgu\"><a href=\"https:\/\/kapitalis.com\/tunisie\/2021\/06\/13\/le-poeme-du-dimanche-miroir-de-la-luge-noire-dadonis\/\">Le po\u00e8me du dimanche : \u2018\u2018Miroir de la luge noire\u2019\u2019 d\u2019Adonis<\/a><\/blockquote><iframe loading=\"lazy\" class=\"wp-embedded-content\" sandbox=\"allow-scripts\" security=\"restricted\" style=\"position: absolute; clip: rect(1px, 1px, 1px, 1px);\" title=\"\u00ab\u00a0Le po\u00e8me du dimanche : \u2018\u2018Miroir de la luge noire\u2019\u2019 d\u2019Adonis\u00a0\u00bb &#8212; Kapitalis\" src=\"https:\/\/kapitalis.com\/tunisie\/2021\/06\/13\/le-poeme-du-dimanche-miroir-de-la-luge-noire-dadonis\/embed\/#?secret=0af8YOZqQL#?secret=rekNGGFpgu\" data-secret=\"rekNGGFpgu\" width=\"600\" height=\"338\" frameborder=\"0\" marginwidth=\"0\" marginheight=\"0\" scrolling=\"no\"><\/iframe>\n<\/div><\/figure>\n\n\n\n<figure class=\"wp-block-embed is-type-wp-embed is-provider-kapitalis wp-block-embed-kapitalis\"><div class=\"wp-block-embed__wrapper\">\n<blockquote class=\"wp-embedded-content\" data-secret=\"W271QSWy8X\"><a href=\"https:\/\/kapitalis.com\/tunisie\/2021\/10\/17\/le-poeme-du-dimanche-mer-de-mamdouh-adwan\/\">Le po\u00e8me du dimanche : \u00abMer\u00bb de Mamdouh Adwan<\/a><\/blockquote><iframe loading=\"lazy\" class=\"wp-embedded-content\" sandbox=\"allow-scripts\" security=\"restricted\" style=\"position: absolute; clip: rect(1px, 1px, 1px, 1px);\" title=\"\u00ab\u00a0Le po\u00e8me du dimanche : \u00abMer\u00bb de Mamdouh Adwan\u00a0\u00bb &#8212; Kapitalis\" src=\"https:\/\/kapitalis.com\/tunisie\/2021\/10\/17\/le-poeme-du-dimanche-mer-de-mamdouh-adwan\/embed\/#?secret=TF5y8JMToS#?secret=W271QSWy8X\" data-secret=\"W271QSWy8X\" width=\"600\" height=\"338\" frameborder=\"0\" marginwidth=\"0\" marginheight=\"0\" scrolling=\"no\"><\/iframe>\n<\/div><\/figure>\n\n\n\n<figure class=\"wp-block-embed is-type-wp-embed is-provider-kapitalis wp-block-embed-kapitalis\"><div class=\"wp-block-embed__wrapper\">\n<blockquote class=\"wp-embedded-content\" data-secret=\"7ld2jqpwAV\"><a href=\"https:\/\/kapitalis.com\/tunisie\/2018\/09\/23\/le-poeme-du-dimanche-je-lis-ton-corps-et-me-cultive-de-nizar-qabbani\/\">Le po\u00e8me du dimanche : \u2018\u2018Je lis ton corps&#8230; et me cultive\u2019\u2019 de Nizar Qabbani<\/a><\/blockquote><iframe loading=\"lazy\" class=\"wp-embedded-content\" sandbox=\"allow-scripts\" security=\"restricted\" style=\"position: absolute; clip: rect(1px, 1px, 1px, 1px);\" title=\"\u00ab\u00a0Le po\u00e8me du dimanche : \u2018\u2018Je lis ton corps&#8230; et me cultive\u2019\u2019 de Nizar Qabbani\u00a0\u00bb &#8212; Kapitalis\" src=\"https:\/\/kapitalis.com\/tunisie\/2018\/09\/23\/le-poeme-du-dimanche-je-lis-ton-corps-et-me-cultive-de-nizar-qabbani\/embed\/#?secret=6dDBJdXCoZ#?secret=7ld2jqpwAV\" data-secret=\"7ld2jqpwAV\" width=\"600\" height=\"338\" frameborder=\"0\" marginwidth=\"0\" marginheight=\"0\" scrolling=\"no\"><\/iframe>\n<\/div><\/figure>\n","protected":false},"excerpt":{"rendered":"<p>Mohammed Al-Maghout est un pionnier de la po\u00e9sie arabe contemporaine. Il a renouvel\u00e9 les formes traditionnelles dans des textes o\u00f9 se m\u00ealent violence, d\u00e9sespoir et ironie.<\/p>\n","protected":false},"author":8,"featured_media":3923370,"comment_status":"open","ping_status":"open","sticky":false,"template":"","format":"standard","meta":{"footnotes":""},"categories":[992,994],"tags":[91200,102687,102689,102686,102688,102691,102690],"class_list":["post-3923190","post","type-post","status-publish","format-standard","has-post-thumbnail","hentry","category-a-la-une","category-culture","tag-adonis","tag-mohammed-al-maghout","tag-ounsi-el-hajj","tag-poete-syrien","tag-sania-saleh","tag-youssef-bazzi","tag-youssef-el-khal"],"yoast_head":"<!-- This site is optimized with the Yoast SEO plugin v26.6 - https:\/\/yoast.com\/wordpress\/plugins\/seo\/ -->\n<title>Le po\u00e8me du dimanche\u00a0: \u2018\u2018Mort et agonie de Sania Saleh\u2019\u2019 (1) de Mohammed Al-Maghout\u00a0 - Kapitalis<\/title>\n<meta name=\"robots\" content=\"index, follow, max-snippet:-1, max-image-preview:large, max-video-preview:-1\" \/>\n<link rel=\"canonical\" href=\"https:\/\/kapitalis.com\/tunisie\/2022\/09\/11\/le-poeme-du-dimanche-mort-et-agonie-de-sania-saleh-1-de-mohammed-al-maghout\/\" \/>\n<meta property=\"og:locale\" content=\"fr_FR\" \/>\n<meta property=\"og:type\" content=\"article\" \/>\n<meta property=\"og:title\" content=\"Le po\u00e8me du dimanche\u00a0: \u2018\u2018Mort et agonie de Sania Saleh\u2019\u2019 (1) de Mohammed Al-Maghout\u00a0 - Kapitalis\" \/>\n<meta property=\"og:description\" content=\"Mohammed Al-Maghout est un pionnier de la po\u00e9sie arabe contemporaine. Il a renouvel\u00e9 les formes traditionnelles dans des textes o\u00f9 se m\u00ealent violence, d\u00e9sespoir et ironie.\" \/>\n<meta property=\"og:url\" content=\"https:\/\/kapitalis.com\/tunisie\/2022\/09\/11\/le-poeme-du-dimanche-mort-et-agonie-de-sania-saleh-1-de-mohammed-al-maghout\/\" \/>\n<meta property=\"og:site_name\" content=\"Kapitalis\" \/>\n<meta property=\"article:publisher\" content=\"https:\/\/www.facebook.com\/KapitalisInfo\/\" \/>\n<meta property=\"article:published_time\" content=\"2022-09-11T05:48:31+00:00\" \/>\n<meta property=\"article:modified_time\" content=\"2022-09-11T05:48:33+00:00\" \/>\n<meta property=\"og:image\" content=\"https:\/\/kapitalis.com\/tunisie\/wp-content\/uploads\/2022\/09\/Mohamed-Al-Maghout.jpg\" \/>\n\t<meta property=\"og:image:width\" content=\"1200\" \/>\n\t<meta property=\"og:image:height\" content=\"630\" \/>\n\t<meta property=\"og:image:type\" content=\"image\/jpeg\" \/>\n<meta name=\"author\" content=\"webmaster kapitalis\" \/>\n<meta name=\"twitter:card\" content=\"summary_large_image\" \/>\n<meta name=\"twitter:creator\" content=\"@KapitalisInfo\" \/>\n<meta name=\"twitter:site\" content=\"@KapitalisInfo\" \/>\n<meta name=\"twitter:label1\" content=\"\u00c9crit par\" \/>\n\t<meta name=\"twitter:data1\" content=\"webmaster kapitalis\" \/>\n\t<meta name=\"twitter:label2\" content=\"Dur\u00e9e de lecture estim\u00e9e\" \/>\n\t<meta name=\"twitter:data2\" content=\"4 minutes\" \/>\n<script type=\"application\/ld+json\" class=\"yoast-schema-graph\">{\"@context\":\"https:\/\/schema.org\",\"@graph\":[{\"@type\":\"Article\",\"@id\":\"https:\/\/kapitalis.com\/tunisie\/2022\/09\/11\/le-poeme-du-dimanche-mort-et-agonie-de-sania-saleh-1-de-mohammed-al-maghout\/#article\",\"isPartOf\":{\"@id\":\"https:\/\/kapitalis.com\/tunisie\/2022\/09\/11\/le-poeme-du-dimanche-mort-et-agonie-de-sania-saleh-1-de-mohammed-al-maghout\/\"},\"author\":{\"name\":\"webmaster kapitalis\",\"@id\":\"https:\/\/kapitalis.com\/tunisie\/#\/schema\/person\/d71f33a9ca44f7bad4698210b480c8e9\"},\"headline\":\"Le po\u00e8me du dimanche\u00a0: \u2018\u2018Mort et agonie de Sania Saleh\u2019\u2019 (1) de Mohammed Al-Maghout\u00a0\",\"datePublished\":\"2022-09-11T05:48:31+00:00\",\"dateModified\":\"2022-09-11T05:48:33+00:00\",\"mainEntityOfPage\":{\"@id\":\"https:\/\/kapitalis.com\/tunisie\/2022\/09\/11\/le-poeme-du-dimanche-mort-et-agonie-de-sania-saleh-1-de-mohammed-al-maghout\/\"},\"wordCount\":932,\"commentCount\":3,\"publisher\":{\"@id\":\"https:\/\/kapitalis.com\/tunisie\/#organization\"},\"image\":{\"@id\":\"https:\/\/kapitalis.com\/tunisie\/2022\/09\/11\/le-poeme-du-dimanche-mort-et-agonie-de-sania-saleh-1-de-mohammed-al-maghout\/#primaryimage\"},\"thumbnailUrl\":\"https:\/\/kapitalis.com\/tunisie\/wp-content\/uploads\/2022\/09\/Mohamed-Al-Maghout.jpg\",\"keywords\":[\"Adonis\",\"Mohammed Al-Maghout\",\"Ounsi El-Hajj\",\"po\u00e8te syrien\",\"Sania Saleh\",\"Youssef Bazzi\",\"Youssef El-Khal;\"],\"articleSection\":[\"A LA UNE\",\"CULTURE\"],\"inLanguage\":\"fr-FR\",\"potentialAction\":[{\"@type\":\"CommentAction\",\"name\":\"Comment\",\"target\":[\"https:\/\/kapitalis.com\/tunisie\/2022\/09\/11\/le-poeme-du-dimanche-mort-et-agonie-de-sania-saleh-1-de-mohammed-al-maghout\/#respond\"]}]},{\"@type\":\"WebPage\",\"@id\":\"https:\/\/kapitalis.com\/tunisie\/2022\/09\/11\/le-poeme-du-dimanche-mort-et-agonie-de-sania-saleh-1-de-mohammed-al-maghout\/\",\"url\":\"https:\/\/kapitalis.com\/tunisie\/2022\/09\/11\/le-poeme-du-dimanche-mort-et-agonie-de-sania-saleh-1-de-mohammed-al-maghout\/\",\"name\":\"Le po\u00e8me du dimanche\u00a0: \u2018\u2018Mort et agonie de Sania Saleh\u2019\u2019 (1) de Mohammed Al-Maghout\u00a0 - Kapitalis\",\"isPartOf\":{\"@id\":\"https:\/\/kapitalis.com\/tunisie\/#website\"},\"primaryImageOfPage\":{\"@id\":\"https:\/\/kapitalis.com\/tunisie\/2022\/09\/11\/le-poeme-du-dimanche-mort-et-agonie-de-sania-saleh-1-de-mohammed-al-maghout\/#primaryimage\"},\"image\":{\"@id\":\"https:\/\/kapitalis.com\/tunisie\/2022\/09\/11\/le-poeme-du-dimanche-mort-et-agonie-de-sania-saleh-1-de-mohammed-al-maghout\/#primaryimage\"},\"thumbnailUrl\":\"https:\/\/kapitalis.com\/tunisie\/wp-content\/uploads\/2022\/09\/Mohamed-Al-Maghout.jpg\",\"datePublished\":\"2022-09-11T05:48:31+00:00\",\"dateModified\":\"2022-09-11T05:48:33+00:00\",\"breadcrumb\":{\"@id\":\"https:\/\/kapitalis.com\/tunisie\/2022\/09\/11\/le-poeme-du-dimanche-mort-et-agonie-de-sania-saleh-1-de-mohammed-al-maghout\/#breadcrumb\"},\"inLanguage\":\"fr-FR\",\"potentialAction\":[{\"@type\":\"ReadAction\",\"target\":[\"https:\/\/kapitalis.com\/tunisie\/2022\/09\/11\/le-poeme-du-dimanche-mort-et-agonie-de-sania-saleh-1-de-mohammed-al-maghout\/\"]}]},{\"@type\":\"ImageObject\",\"inLanguage\":\"fr-FR\",\"@id\":\"https:\/\/kapitalis.com\/tunisie\/2022\/09\/11\/le-poeme-du-dimanche-mort-et-agonie-de-sania-saleh-1-de-mohammed-al-maghout\/#primaryimage\",\"url\":\"https:\/\/kapitalis.com\/tunisie\/wp-content\/uploads\/2022\/09\/Mohamed-Al-Maghout.jpg\",\"contentUrl\":\"https:\/\/kapitalis.com\/tunisie\/wp-content\/uploads\/2022\/09\/Mohamed-Al-Maghout.jpg\",\"width\":1200,\"height\":630},{\"@type\":\"BreadcrumbList\",\"@id\":\"https:\/\/kapitalis.com\/tunisie\/2022\/09\/11\/le-poeme-du-dimanche-mort-et-agonie-de-sania-saleh-1-de-mohammed-al-maghout\/#breadcrumb\",\"itemListElement\":[{\"@type\":\"ListItem\",\"position\":1,\"name\":\"Accueil\",\"item\":\"https:\/\/kapitalis.com\/tunisie\/\"},{\"@type\":\"ListItem\",\"position\":2,\"name\":\"Le po\u00e8me du dimanche\u00a0: \u2018\u2018Mort et agonie de Sania Saleh\u2019\u2019 (1) de Mohammed Al-Maghout\u00a0\"}]},{\"@type\":\"WebSite\",\"@id\":\"https:\/\/kapitalis.com\/tunisie\/#website\",\"url\":\"https:\/\/kapitalis.com\/tunisie\/\",\"name\":\"Kapitalis\",\"description\":\"L&#039;actualit\u00e9 en Tunisie et dans le monde\",\"publisher\":{\"@id\":\"https:\/\/kapitalis.com\/tunisie\/#organization\"},\"potentialAction\":[{\"@type\":\"SearchAction\",\"target\":{\"@type\":\"EntryPoint\",\"urlTemplate\":\"https:\/\/kapitalis.com\/tunisie\/?s={search_term_string}\"},\"query-input\":{\"@type\":\"PropertyValueSpecification\",\"valueRequired\":true,\"valueName\":\"search_term_string\"}}],\"inLanguage\":\"fr-FR\"},{\"@type\":\"Organization\",\"@id\":\"https:\/\/kapitalis.com\/tunisie\/#organization\",\"name\":\"Kapitalis\",\"url\":\"https:\/\/kapitalis.com\/tunisie\/\",\"logo\":{\"@type\":\"ImageObject\",\"inLanguage\":\"fr-FR\",\"@id\":\"https:\/\/kapitalis.com\/tunisie\/#\/schema\/logo\/image\/\",\"url\":\"https:\/\/kapitalis.com\/tunisie\/wp-content\/uploads\/2022\/05\/Kapitalis-big-size.png\",\"contentUrl\":\"https:\/\/kapitalis.com\/tunisie\/wp-content\/uploads\/2022\/05\/Kapitalis-big-size.png\",\"width\":5000,\"height\":1500,\"caption\":\"Kapitalis\"},\"image\":{\"@id\":\"https:\/\/kapitalis.com\/tunisie\/#\/schema\/logo\/image\/\"},\"sameAs\":[\"https:\/\/www.facebook.com\/KapitalisInfo\/\",\"https:\/\/x.com\/KapitalisInfo\",\"https:\/\/www.youtube.com\/channel\/UC-yDYrHyfFBWWZaOw3FPg9Q\"]},{\"@type\":\"Person\",\"@id\":\"https:\/\/kapitalis.com\/tunisie\/#\/schema\/person\/d71f33a9ca44f7bad4698210b480c8e9\",\"name\":\"webmaster kapitalis\",\"url\":\"https:\/\/kapitalis.com\/tunisie\/author\/webmaster-kapitalis\/\"}]}<\/script>\n<!-- \/ Yoast SEO plugin. -->","yoast_head_json":{"title":"Le po\u00e8me du dimanche\u00a0: \u2018\u2018Mort et agonie de Sania Saleh\u2019\u2019 (1) de Mohammed Al-Maghout\u00a0 - Kapitalis","robots":{"index":"index","follow":"follow","max-snippet":"max-snippet:-1","max-image-preview":"max-image-preview:large","max-video-preview":"max-video-preview:-1"},"canonical":"https:\/\/kapitalis.com\/tunisie\/2022\/09\/11\/le-poeme-du-dimanche-mort-et-agonie-de-sania-saleh-1-de-mohammed-al-maghout\/","og_locale":"fr_FR","og_type":"article","og_title":"Le po\u00e8me du dimanche\u00a0: \u2018\u2018Mort et agonie de Sania Saleh\u2019\u2019 (1) de Mohammed Al-Maghout\u00a0 - Kapitalis","og_description":"Mohammed Al-Maghout est un pionnier de la po\u00e9sie arabe contemporaine. Il a renouvel\u00e9 les formes traditionnelles dans des textes o\u00f9 se m\u00ealent violence, d\u00e9sespoir et ironie.","og_url":"https:\/\/kapitalis.com\/tunisie\/2022\/09\/11\/le-poeme-du-dimanche-mort-et-agonie-de-sania-saleh-1-de-mohammed-al-maghout\/","og_site_name":"Kapitalis","article_publisher":"https:\/\/www.facebook.com\/KapitalisInfo\/","article_published_time":"2022-09-11T05:48:31+00:00","article_modified_time":"2022-09-11T05:48:33+00:00","og_image":[{"width":1200,"height":630,"url":"https:\/\/kapitalis.com\/tunisie\/wp-content\/uploads\/2022\/09\/Mohamed-Al-Maghout.jpg","type":"image\/jpeg"}],"author":"webmaster kapitalis","twitter_card":"summary_large_image","twitter_creator":"@KapitalisInfo","twitter_site":"@KapitalisInfo","twitter_misc":{"\u00c9crit par":"webmaster kapitalis","Dur\u00e9e de lecture estim\u00e9e":"4 minutes"},"schema":{"@context":"https:\/\/schema.org","@graph":[{"@type":"Article","@id":"https:\/\/kapitalis.com\/tunisie\/2022\/09\/11\/le-poeme-du-dimanche-mort-et-agonie-de-sania-saleh-1-de-mohammed-al-maghout\/#article","isPartOf":{"@id":"https:\/\/kapitalis.com\/tunisie\/2022\/09\/11\/le-poeme-du-dimanche-mort-et-agonie-de-sania-saleh-1-de-mohammed-al-maghout\/"},"author":{"name":"webmaster kapitalis","@id":"https:\/\/kapitalis.com\/tunisie\/#\/schema\/person\/d71f33a9ca44f7bad4698210b480c8e9"},"headline":"Le po\u00e8me du dimanche\u00a0: \u2018\u2018Mort et agonie de Sania Saleh\u2019\u2019 (1) de Mohammed Al-Maghout\u00a0","datePublished":"2022-09-11T05:48:31+00:00","dateModified":"2022-09-11T05:48:33+00:00","mainEntityOfPage":{"@id":"https:\/\/kapitalis.com\/tunisie\/2022\/09\/11\/le-poeme-du-dimanche-mort-et-agonie-de-sania-saleh-1-de-mohammed-al-maghout\/"},"wordCount":932,"commentCount":3,"publisher":{"@id":"https:\/\/kapitalis.com\/tunisie\/#organization"},"image":{"@id":"https:\/\/kapitalis.com\/tunisie\/2022\/09\/11\/le-poeme-du-dimanche-mort-et-agonie-de-sania-saleh-1-de-mohammed-al-maghout\/#primaryimage"},"thumbnailUrl":"https:\/\/kapitalis.com\/tunisie\/wp-content\/uploads\/2022\/09\/Mohamed-Al-Maghout.jpg","keywords":["Adonis","Mohammed Al-Maghout","Ounsi El-Hajj","po\u00e8te syrien","Sania Saleh","Youssef Bazzi","Youssef El-Khal;"],"articleSection":["A LA UNE","CULTURE"],"inLanguage":"fr-FR","potentialAction":[{"@type":"CommentAction","name":"Comment","target":["https:\/\/kapitalis.com\/tunisie\/2022\/09\/11\/le-poeme-du-dimanche-mort-et-agonie-de-sania-saleh-1-de-mohammed-al-maghout\/#respond"]}]},{"@type":"WebPage","@id":"https:\/\/kapitalis.com\/tunisie\/2022\/09\/11\/le-poeme-du-dimanche-mort-et-agonie-de-sania-saleh-1-de-mohammed-al-maghout\/","url":"https:\/\/kapitalis.com\/tunisie\/2022\/09\/11\/le-poeme-du-dimanche-mort-et-agonie-de-sania-saleh-1-de-mohammed-al-maghout\/","name":"Le po\u00e8me du dimanche\u00a0: \u2018\u2018Mort et agonie de Sania Saleh\u2019\u2019 (1) de Mohammed Al-Maghout\u00a0 - Kapitalis","isPartOf":{"@id":"https:\/\/kapitalis.com\/tunisie\/#website"},"primaryImageOfPage":{"@id":"https:\/\/kapitalis.com\/tunisie\/2022\/09\/11\/le-poeme-du-dimanche-mort-et-agonie-de-sania-saleh-1-de-mohammed-al-maghout\/#primaryimage"},"image":{"@id":"https:\/\/kapitalis.com\/tunisie\/2022\/09\/11\/le-poeme-du-dimanche-mort-et-agonie-de-sania-saleh-1-de-mohammed-al-maghout\/#primaryimage"},"thumbnailUrl":"https:\/\/kapitalis.com\/tunisie\/wp-content\/uploads\/2022\/09\/Mohamed-Al-Maghout.jpg","datePublished":"2022-09-11T05:48:31+00:00","dateModified":"2022-09-11T05:48:33+00:00","breadcrumb":{"@id":"https:\/\/kapitalis.com\/tunisie\/2022\/09\/11\/le-poeme-du-dimanche-mort-et-agonie-de-sania-saleh-1-de-mohammed-al-maghout\/#breadcrumb"},"inLanguage":"fr-FR","potentialAction":[{"@type":"ReadAction","target":["https:\/\/kapitalis.com\/tunisie\/2022\/09\/11\/le-poeme-du-dimanche-mort-et-agonie-de-sania-saleh-1-de-mohammed-al-maghout\/"]}]},{"@type":"ImageObject","inLanguage":"fr-FR","@id":"https:\/\/kapitalis.com\/tunisie\/2022\/09\/11\/le-poeme-du-dimanche-mort-et-agonie-de-sania-saleh-1-de-mohammed-al-maghout\/#primaryimage","url":"https:\/\/kapitalis.com\/tunisie\/wp-content\/uploads\/2022\/09\/Mohamed-Al-Maghout.jpg","contentUrl":"https:\/\/kapitalis.com\/tunisie\/wp-content\/uploads\/2022\/09\/Mohamed-Al-Maghout.jpg","width":1200,"height":630},{"@type":"BreadcrumbList","@id":"https:\/\/kapitalis.com\/tunisie\/2022\/09\/11\/le-poeme-du-dimanche-mort-et-agonie-de-sania-saleh-1-de-mohammed-al-maghout\/#breadcrumb","itemListElement":[{"@type":"ListItem","position":1,"name":"Accueil","item":"https:\/\/kapitalis.com\/tunisie\/"},{"@type":"ListItem","position":2,"name":"Le po\u00e8me du dimanche\u00a0: \u2018\u2018Mort et agonie de Sania Saleh\u2019\u2019 (1) de Mohammed Al-Maghout\u00a0"}]},{"@type":"WebSite","@id":"https:\/\/kapitalis.com\/tunisie\/#website","url":"https:\/\/kapitalis.com\/tunisie\/","name":"Kapitalis","description":"L&#039;actualit\u00e9 en Tunisie et dans le monde","publisher":{"@id":"https:\/\/kapitalis.com\/tunisie\/#organization"},"potentialAction":[{"@type":"SearchAction","target":{"@type":"EntryPoint","urlTemplate":"https:\/\/kapitalis.com\/tunisie\/?s={search_term_string}"},"query-input":{"@type":"PropertyValueSpecification","valueRequired":true,"valueName":"search_term_string"}}],"inLanguage":"fr-FR"},{"@type":"Organization","@id":"https:\/\/kapitalis.com\/tunisie\/#organization","name":"Kapitalis","url":"https:\/\/kapitalis.com\/tunisie\/","logo":{"@type":"ImageObject","inLanguage":"fr-FR","@id":"https:\/\/kapitalis.com\/tunisie\/#\/schema\/logo\/image\/","url":"https:\/\/kapitalis.com\/tunisie\/wp-content\/uploads\/2022\/05\/Kapitalis-big-size.png","contentUrl":"https:\/\/kapitalis.com\/tunisie\/wp-content\/uploads\/2022\/05\/Kapitalis-big-size.png","width":5000,"height":1500,"caption":"Kapitalis"},"image":{"@id":"https:\/\/kapitalis.com\/tunisie\/#\/schema\/logo\/image\/"},"sameAs":["https:\/\/www.facebook.com\/KapitalisInfo\/","https:\/\/x.com\/KapitalisInfo","https:\/\/www.youtube.com\/channel\/UC-yDYrHyfFBWWZaOw3FPg9Q"]},{"@type":"Person","@id":"https:\/\/kapitalis.com\/tunisie\/#\/schema\/person\/d71f33a9ca44f7bad4698210b480c8e9","name":"webmaster kapitalis","url":"https:\/\/kapitalis.com\/tunisie\/author\/webmaster-kapitalis\/"}]}},"_links":{"self":[{"href":"https:\/\/kapitalis.com\/tunisie\/wp-json\/wp\/v2\/posts\/3923190","targetHints":{"allow":["GET"]}}],"collection":[{"href":"https:\/\/kapitalis.com\/tunisie\/wp-json\/wp\/v2\/posts"}],"about":[{"href":"https:\/\/kapitalis.com\/tunisie\/wp-json\/wp\/v2\/types\/post"}],"author":[{"embeddable":true,"href":"https:\/\/kapitalis.com\/tunisie\/wp-json\/wp\/v2\/users\/8"}],"replies":[{"embeddable":true,"href":"https:\/\/kapitalis.com\/tunisie\/wp-json\/wp\/v2\/comments?post=3923190"}],"version-history":[{"count":0,"href":"https:\/\/kapitalis.com\/tunisie\/wp-json\/wp\/v2\/posts\/3923190\/revisions"}],"wp:featuredmedia":[{"embeddable":true,"href":"https:\/\/kapitalis.com\/tunisie\/wp-json\/wp\/v2\/media\/3923370"}],"wp:attachment":[{"href":"https:\/\/kapitalis.com\/tunisie\/wp-json\/wp\/v2\/media?parent=3923190"}],"wp:term":[{"taxonomy":"category","embeddable":true,"href":"https:\/\/kapitalis.com\/tunisie\/wp-json\/wp\/v2\/categories?post=3923190"},{"taxonomy":"post_tag","embeddable":true,"href":"https:\/\/kapitalis.com\/tunisie\/wp-json\/wp\/v2\/tags?post=3923190"}],"curies":[{"name":"wp","href":"https:\/\/api.w.org\/{rel}","templated":true}]}}