{"id":39534,"date":"2016-02-13T11:14:53","date_gmt":"2016-02-13T10:14:53","guid":{"rendered":"http:\/\/kapitalis.com\/tunisie\/?p=39534"},"modified":"2016-02-13T11:14:53","modified_gmt":"2016-02-13T10:14:53","slug":"tourisme-la-tunisie-met-le-paquet-sur-le-marche-italien","status":"publish","type":"post","link":"https:\/\/kapitalis.com\/tunisie\/2016\/02\/13\/tourisme-la-tunisie-met-le-paquet-sur-le-marche-italien\/","title":{"rendered":"Tourisme : La Tunisie met le paquet sur le march\u00e9 italien"},"content":{"rendered":"<p style=\"text-align: center;\"><img loading=\"lazy\" decoding=\"async\" class=\"alignnone size-full wp-image-8118\" src=\"http:\/\/kapitalis.com\/tunisie\/wp-content\/uploads\/2015\/07\/Tunisie-Tourisme.jpg\" alt=\"Tunisie-Tourisme\" width=\"626\" height=\"380\" \/><\/p>\n<p style=\"text-align: left;\"><em><strong>Les vols Tunisair sur Monastir et Djerba \u00e0 partir de l\u2019Italie reprendront, \u00e0 partir de l\u2019automne prochain, et MSC et Costa seront de retour en Tunisie.<\/strong><\/em><\/p>\n<p style=\"text-align: left;\">Par <strong>Marwan Chahla<\/strong><\/p>\n<p style=\"text-align: left;\"><!--more--><\/p>\n<p style=\"text-align: left;\">C\u2019est ce que croit savoir l\u2019agence <a href=\"http:\/\/www.ansamed.info\/ansamed\/en\/news\/sections\/tourism\/2016\/02\/11\/tourism-tunisia-invests-in-bit-to-reconquer-italians_ab411242-8f09-4457-b219-d938d3cae4d0.html\" target=\"_blank\">ANSAmed<\/a> aupr\u00e8s de la d\u00e9l\u00e9gation tunisienne pr\u00e9sente \u00e0 la Bourse internationale du tourisme (BIT 2016), qui se tient du 11 au 13 f\u00e9vrier 2016 \u00e0 Milan.<\/p>\n<p style=\"text-align: left;\">Lors d\u2019une conf\u00e9rence de presse, en marge de ce rendez-vous mondial annuel des industries du voyage et du tourisme, Riadh Dakhli, directeur-marketing aupr\u00e8s de l\u2019Office national du tourisme tunisien (ONTT), a plaid\u00e9 avec force pour convaincre les visiteurs italiens de traverser \u00e0 nouveau la M\u00e9diterran\u00e9e vers la Tunisie.<\/p>\n<p style=\"text-align: left;\"><em>\u00abDepuis quelque temps, le tourisme tunisien traverse une p\u00e9riode difficile \u2013 d\u2019ailleurs,\u00a0 \u00e0 l\u2019image de tout le pays\u00bb<\/em>, a d\u00e9clar\u00e9 M. Dakhli, en soulignant l\u2019\u00e9tendue des d\u00e9g\u00e2ts caus\u00e9s par les attentats terroristes de 2015: <em>\u00abNous sommes bien loin des chiffres que nous avions l\u2019habitude d\u2019enregistrer, c\u2019est-\u00e0-dire les 500.000 visiteurs italiens par an. En 2015, notre pays a clos l\u2019ann\u00e9e avec moins de 100.000 touristes italiens.\u00bb \u00abNous n\u2019avons jamais enregistr\u00e9 des chiffres aussi bas durant les trois derni\u00e8res d\u00e9cennies\u00bb<\/em>, a insist\u00e9 le responsable de l\u2019ONTT, indiquant que notre pays a mis en \u0153uvre toutes les mesures n\u00e9cessaires pour regagner la confiance de ses visiteurs: <em>\u00abNous avons \u00e9lev\u00e9, comme il se doit, le niveau de la s\u00e9curit\u00e9 de nos a\u00e9roports et de nos sites touristes\u00bb,<\/em> a-t-il assur\u00e9.<\/p>\n<p style=\"text-align: left;\">En pr\u00e9vision de ce retour du touriste italien en Tunisie, la compagnie nationale Tunisair compte augmenter, au courant de cette ann\u00e9e, ses liaisons avec l\u2019Italie. Cette strat\u00e9gie passera, dans un premier temps, par \u00ab<em>des vols \u00e0 partir de Milan et Bologne vers Monastir et Djerba, et de Rome sur Monastir. Et si les choses se d\u00e9roulent comme nous le souhaitons, c\u2019est-\u00e0-dire si nous parvenons \u00e0 faire le plein sur ces liaisons, nous ouvrirons des vols r\u00e9guliers, afin de r\u00e9pondre \u00e0 la demande de nos clients italiens\u00bb<\/em>, a d\u00e9clar\u00e9 \u00e0 ANSAmed Ali Miaoui, directeur g\u00e9n\u00e9ral de Tunisair-Italie, qui \u00e9tait pr\u00e9sent \u00e0 la BIT 2016.<\/p>\n<p style=\"text-align: left;\">Riadh Dakhli assure, par ailleurs, qu\u2019\u00e0 partir d\u2019octobre prochain, les navires des croisi\u00e9ristes MSC et Costa mouilleront de nouveau l\u2019ancre dans les ports tunisiens.<\/p>\n<p style=\"text-align: left;\">Cette strat\u00e9gie de reconqu\u00eate du march\u00e9 italien se poursuivra, puisqu\u2019un rendez-vous a \u00e9t\u00e9 pris par l\u2019ONTT avec 300 tour-operators italiens, du 14 au 17 avril 2016, pour une rencontre d\u2019information qui tentera de r\u00e9pondre aux questions que peuvent se poser les voyagistes italiens sur la situation en Tunisie et sur ce que le tourisme tunisien offre aux visiteurs int\u00e9ress\u00e9s.<\/p>\n<p style=\"text-align: left;\"><em><strong>A lire sur le m\u00eame sujet: <\/strong><\/em><\/p>\n<p style=\"text-align: left;\"><a href=\"http:\/\/kapitalis.com\/tunisie\/2016\/02\/09\/tourisme-la-tunisie-tente-de-se-relancer-sur-le-marche-italien\/\" target=\"_blank\"><em>La Tunisie tente de se relancer sur le march\u00e9 italien<\/em><\/a><\/p>\n","protected":false},"excerpt":{"rendered":"<p>Les vols Tunisair sur Monastir et Djerba \u00e0 partir de l\u2019Italie reprendront, \u00e0 partir de l\u2019automne prochain, et MSC et Costa seront de retour en Tunisie. Par Marwan Chahla<\/p>\n","protected":false},"author":8,"featured_media":0,"comment_status":"open","ping_status":"open","sticky":false,"template":"","format":"standard","meta":{"footnotes":""},"categories":[992,995,1000],"tags":[2202,2394,908,1501],"class_list":["post-39534","post","type-post","status-publish","format-standard","hentry","category-a-la-une","category-economie","category-tribune","tag-milan","tag-ontt","tag-tourisme","tag-tunisair"],"yoast_head":"<!-- This site is optimized with the Yoast SEO plugin v26.6 - https:\/\/yoast.com\/wordpress\/plugins\/seo\/ -->\n<title>Tourisme : La Tunisie met le paquet sur le march\u00e9 italien - Kapitalis<\/title>\n<meta name=\"robots\" content=\"index, follow, max-snippet:-1, max-image-preview:large, max-video-preview:-1\" \/>\n<link rel=\"canonical\" href=\"https:\/\/kapitalis.com\/tunisie\/2016\/02\/13\/tourisme-la-tunisie-met-le-paquet-sur-le-marche-italien\/\" \/>\n<meta property=\"og:locale\" content=\"fr_FR\" \/>\n<meta property=\"og:type\" content=\"article\" \/>\n<meta property=\"og:title\" content=\"Tourisme : La Tunisie met le paquet sur le march\u00e9 italien - Kapitalis\" \/>\n<meta property=\"og:description\" content=\"Les vols Tunisair sur Monastir et Djerba \u00e0 partir de l\u2019Italie reprendront, \u00e0 partir de l\u2019automne prochain, et MSC et Costa seront de retour en Tunisie. Par Marwan Chahla\" \/>\n<meta property=\"og:url\" content=\"https:\/\/kapitalis.com\/tunisie\/2016\/02\/13\/tourisme-la-tunisie-met-le-paquet-sur-le-marche-italien\/\" \/>\n<meta property=\"og:site_name\" content=\"Kapitalis\" \/>\n<meta property=\"article:publisher\" content=\"https:\/\/www.facebook.com\/KapitalisInfo\/\" \/>\n<meta property=\"article:published_time\" content=\"2016-02-13T10:14:53+00:00\" \/>\n<meta property=\"og:image\" content=\"http:\/\/kapitalis.com\/tunisie\/wp-content\/uploads\/2015\/07\/Tunisie-Tourisme.jpg\" \/>\n<meta name=\"author\" content=\"webmaster kapitalis\" \/>\n<meta name=\"twitter:card\" content=\"summary_large_image\" \/>\n<meta name=\"twitter:creator\" content=\"@KapitalisInfo\" \/>\n<meta name=\"twitter:site\" content=\"@KapitalisInfo\" \/>\n<meta name=\"twitter:label1\" content=\"\u00c9crit par\" \/>\n\t<meta name=\"twitter:data1\" content=\"webmaster kapitalis\" \/>\n\t<meta name=\"twitter:label2\" content=\"Dur\u00e9e de lecture estim\u00e9e\" \/>\n\t<meta name=\"twitter:data2\" content=\"2 minutes\" \/>\n<script type=\"application\/ld+json\" class=\"yoast-schema-graph\">{\"@context\":\"https:\/\/schema.org\",\"@graph\":[{\"@type\":\"Article\",\"@id\":\"https:\/\/kapitalis.com\/tunisie\/2016\/02\/13\/tourisme-la-tunisie-met-le-paquet-sur-le-marche-italien\/#article\",\"isPartOf\":{\"@id\":\"https:\/\/kapitalis.com\/tunisie\/2016\/02\/13\/tourisme-la-tunisie-met-le-paquet-sur-le-marche-italien\/\"},\"author\":{\"name\":\"webmaster kapitalis\",\"@id\":\"https:\/\/kapitalis.com\/tunisie\/#\/schema\/person\/d71f33a9ca44f7bad4698210b480c8e9\"},\"headline\":\"Tourisme : La Tunisie met le paquet sur le march\u00e9 italien\",\"datePublished\":\"2016-02-13T10:14:53+00:00\",\"mainEntityOfPage\":{\"@id\":\"https:\/\/kapitalis.com\/tunisie\/2016\/02\/13\/tourisme-la-tunisie-met-le-paquet-sur-le-marche-italien\/\"},\"wordCount\":482,\"commentCount\":5,\"publisher\":{\"@id\":\"https:\/\/kapitalis.com\/tunisie\/#organization\"},\"image\":{\"@id\":\"https:\/\/kapitalis.com\/tunisie\/2016\/02\/13\/tourisme-la-tunisie-met-le-paquet-sur-le-marche-italien\/#primaryimage\"},\"thumbnailUrl\":\"http:\/\/kapitalis.com\/tunisie\/wp-content\/uploads\/2015\/07\/Tunisie-Tourisme.jpg\",\"keywords\":[\"Milan\",\"ONTT\",\"tourisme\",\"Tunisair\"],\"articleSection\":[\"A LA UNE\",\"ECONOMIE\",\"TRIBUNE\"],\"inLanguage\":\"fr-FR\",\"potentialAction\":[{\"@type\":\"CommentAction\",\"name\":\"Comment\",\"target\":[\"https:\/\/kapitalis.com\/tunisie\/2016\/02\/13\/tourisme-la-tunisie-met-le-paquet-sur-le-marche-italien\/#respond\"]}]},{\"@type\":\"WebPage\",\"@id\":\"https:\/\/kapitalis.com\/tunisie\/2016\/02\/13\/tourisme-la-tunisie-met-le-paquet-sur-le-marche-italien\/\",\"url\":\"https:\/\/kapitalis.com\/tunisie\/2016\/02\/13\/tourisme-la-tunisie-met-le-paquet-sur-le-marche-italien\/\",\"name\":\"Tourisme : La Tunisie met le paquet sur le march\u00e9 italien - Kapitalis\",\"isPartOf\":{\"@id\":\"https:\/\/kapitalis.com\/tunisie\/#website\"},\"primaryImageOfPage\":{\"@id\":\"https:\/\/kapitalis.com\/tunisie\/2016\/02\/13\/tourisme-la-tunisie-met-le-paquet-sur-le-marche-italien\/#primaryimage\"},\"image\":{\"@id\":\"https:\/\/kapitalis.com\/tunisie\/2016\/02\/13\/tourisme-la-tunisie-met-le-paquet-sur-le-marche-italien\/#primaryimage\"},\"thumbnailUrl\":\"http:\/\/kapitalis.com\/tunisie\/wp-content\/uploads\/2015\/07\/Tunisie-Tourisme.jpg\",\"datePublished\":\"2016-02-13T10:14:53+00:00\",\"breadcrumb\":{\"@id\":\"https:\/\/kapitalis.com\/tunisie\/2016\/02\/13\/tourisme-la-tunisie-met-le-paquet-sur-le-marche-italien\/#breadcrumb\"},\"inLanguage\":\"fr-FR\",\"potentialAction\":[{\"@type\":\"ReadAction\",\"target\":[\"https:\/\/kapitalis.com\/tunisie\/2016\/02\/13\/tourisme-la-tunisie-met-le-paquet-sur-le-marche-italien\/\"]}]},{\"@type\":\"ImageObject\",\"inLanguage\":\"fr-FR\",\"@id\":\"https:\/\/kapitalis.com\/tunisie\/2016\/02\/13\/tourisme-la-tunisie-met-le-paquet-sur-le-marche-italien\/#primaryimage\",\"url\":\"http:\/\/kapitalis.com\/tunisie\/wp-content\/uploads\/2015\/07\/Tunisie-Tourisme.jpg\",\"contentUrl\":\"http:\/\/kapitalis.com\/tunisie\/wp-content\/uploads\/2015\/07\/Tunisie-Tourisme.jpg\"},{\"@type\":\"BreadcrumbList\",\"@id\":\"https:\/\/kapitalis.com\/tunisie\/2016\/02\/13\/tourisme-la-tunisie-met-le-paquet-sur-le-marche-italien\/#breadcrumb\",\"itemListElement\":[{\"@type\":\"ListItem\",\"position\":1,\"name\":\"Accueil\",\"item\":\"https:\/\/kapitalis.com\/tunisie\/\"},{\"@type\":\"ListItem\",\"position\":2,\"name\":\"Tourisme : La Tunisie met le paquet sur le march\u00e9 italien\"}]},{\"@type\":\"WebSite\",\"@id\":\"https:\/\/kapitalis.com\/tunisie\/#website\",\"url\":\"https:\/\/kapitalis.com\/tunisie\/\",\"name\":\"Kapitalis\",\"description\":\"L&#039;actualit\u00e9 en Tunisie et dans le monde\",\"publisher\":{\"@id\":\"https:\/\/kapitalis.com\/tunisie\/#organization\"},\"potentialAction\":[{\"@type\":\"SearchAction\",\"target\":{\"@type\":\"EntryPoint\",\"urlTemplate\":\"https:\/\/kapitalis.com\/tunisie\/?s={search_term_string}\"},\"query-input\":{\"@type\":\"PropertyValueSpecification\",\"valueRequired\":true,\"valueName\":\"search_term_string\"}}],\"inLanguage\":\"fr-FR\"},{\"@type\":\"Organization\",\"@id\":\"https:\/\/kapitalis.com\/tunisie\/#organization\",\"name\":\"Kapitalis\",\"url\":\"https:\/\/kapitalis.com\/tunisie\/\",\"logo\":{\"@type\":\"ImageObject\",\"inLanguage\":\"fr-FR\",\"@id\":\"https:\/\/kapitalis.com\/tunisie\/#\/schema\/logo\/image\/\",\"url\":\"https:\/\/kapitalis.com\/tunisie\/wp-content\/uploads\/2022\/05\/Kapitalis-big-size.png\",\"contentUrl\":\"https:\/\/kapitalis.com\/tunisie\/wp-content\/uploads\/2022\/05\/Kapitalis-big-size.png\",\"width\":5000,\"height\":1500,\"caption\":\"Kapitalis\"},\"image\":{\"@id\":\"https:\/\/kapitalis.com\/tunisie\/#\/schema\/logo\/image\/\"},\"sameAs\":[\"https:\/\/www.facebook.com\/KapitalisInfo\/\",\"https:\/\/x.com\/KapitalisInfo\",\"https:\/\/www.youtube.com\/channel\/UC-yDYrHyfFBWWZaOw3FPg9Q\"]},{\"@type\":\"Person\",\"@id\":\"https:\/\/kapitalis.com\/tunisie\/#\/schema\/person\/d71f33a9ca44f7bad4698210b480c8e9\",\"name\":\"webmaster kapitalis\",\"url\":\"https:\/\/kapitalis.com\/tunisie\/author\/webmaster-kapitalis\/\"}]}<\/script>\n<!-- \/ Yoast SEO plugin. -->","yoast_head_json":{"title":"Tourisme : La Tunisie met le paquet sur le march\u00e9 italien - Kapitalis","robots":{"index":"index","follow":"follow","max-snippet":"max-snippet:-1","max-image-preview":"max-image-preview:large","max-video-preview":"max-video-preview:-1"},"canonical":"https:\/\/kapitalis.com\/tunisie\/2016\/02\/13\/tourisme-la-tunisie-met-le-paquet-sur-le-marche-italien\/","og_locale":"fr_FR","og_type":"article","og_title":"Tourisme : La Tunisie met le paquet sur le march\u00e9 italien - Kapitalis","og_description":"Les vols Tunisair sur Monastir et Djerba \u00e0 partir de l\u2019Italie reprendront, \u00e0 partir de l\u2019automne prochain, et MSC et Costa seront de retour en Tunisie. Par Marwan Chahla","og_url":"https:\/\/kapitalis.com\/tunisie\/2016\/02\/13\/tourisme-la-tunisie-met-le-paquet-sur-le-marche-italien\/","og_site_name":"Kapitalis","article_publisher":"https:\/\/www.facebook.com\/KapitalisInfo\/","article_published_time":"2016-02-13T10:14:53+00:00","og_image":[{"url":"http:\/\/kapitalis.com\/tunisie\/wp-content\/uploads\/2015\/07\/Tunisie-Tourisme.jpg","type":"","width":"","height":""}],"author":"webmaster kapitalis","twitter_card":"summary_large_image","twitter_creator":"@KapitalisInfo","twitter_site":"@KapitalisInfo","twitter_misc":{"\u00c9crit par":"webmaster kapitalis","Dur\u00e9e de lecture estim\u00e9e":"2 minutes"},"schema":{"@context":"https:\/\/schema.org","@graph":[{"@type":"Article","@id":"https:\/\/kapitalis.com\/tunisie\/2016\/02\/13\/tourisme-la-tunisie-met-le-paquet-sur-le-marche-italien\/#article","isPartOf":{"@id":"https:\/\/kapitalis.com\/tunisie\/2016\/02\/13\/tourisme-la-tunisie-met-le-paquet-sur-le-marche-italien\/"},"author":{"name":"webmaster kapitalis","@id":"https:\/\/kapitalis.com\/tunisie\/#\/schema\/person\/d71f33a9ca44f7bad4698210b480c8e9"},"headline":"Tourisme : La Tunisie met le paquet sur le march\u00e9 italien","datePublished":"2016-02-13T10:14:53+00:00","mainEntityOfPage":{"@id":"https:\/\/kapitalis.com\/tunisie\/2016\/02\/13\/tourisme-la-tunisie-met-le-paquet-sur-le-marche-italien\/"},"wordCount":482,"commentCount":5,"publisher":{"@id":"https:\/\/kapitalis.com\/tunisie\/#organization"},"image":{"@id":"https:\/\/kapitalis.com\/tunisie\/2016\/02\/13\/tourisme-la-tunisie-met-le-paquet-sur-le-marche-italien\/#primaryimage"},"thumbnailUrl":"http:\/\/kapitalis.com\/tunisie\/wp-content\/uploads\/2015\/07\/Tunisie-Tourisme.jpg","keywords":["Milan","ONTT","tourisme","Tunisair"],"articleSection":["A LA UNE","ECONOMIE","TRIBUNE"],"inLanguage":"fr-FR","potentialAction":[{"@type":"CommentAction","name":"Comment","target":["https:\/\/kapitalis.com\/tunisie\/2016\/02\/13\/tourisme-la-tunisie-met-le-paquet-sur-le-marche-italien\/#respond"]}]},{"@type":"WebPage","@id":"https:\/\/kapitalis.com\/tunisie\/2016\/02\/13\/tourisme-la-tunisie-met-le-paquet-sur-le-marche-italien\/","url":"https:\/\/kapitalis.com\/tunisie\/2016\/02\/13\/tourisme-la-tunisie-met-le-paquet-sur-le-marche-italien\/","name":"Tourisme : La Tunisie met le paquet sur le march\u00e9 italien - Kapitalis","isPartOf":{"@id":"https:\/\/kapitalis.com\/tunisie\/#website"},"primaryImageOfPage":{"@id":"https:\/\/kapitalis.com\/tunisie\/2016\/02\/13\/tourisme-la-tunisie-met-le-paquet-sur-le-marche-italien\/#primaryimage"},"image":{"@id":"https:\/\/kapitalis.com\/tunisie\/2016\/02\/13\/tourisme-la-tunisie-met-le-paquet-sur-le-marche-italien\/#primaryimage"},"thumbnailUrl":"http:\/\/kapitalis.com\/tunisie\/wp-content\/uploads\/2015\/07\/Tunisie-Tourisme.jpg","datePublished":"2016-02-13T10:14:53+00:00","breadcrumb":{"@id":"https:\/\/kapitalis.com\/tunisie\/2016\/02\/13\/tourisme-la-tunisie-met-le-paquet-sur-le-marche-italien\/#breadcrumb"},"inLanguage":"fr-FR","potentialAction":[{"@type":"ReadAction","target":["https:\/\/kapitalis.com\/tunisie\/2016\/02\/13\/tourisme-la-tunisie-met-le-paquet-sur-le-marche-italien\/"]}]},{"@type":"ImageObject","inLanguage":"fr-FR","@id":"https:\/\/kapitalis.com\/tunisie\/2016\/02\/13\/tourisme-la-tunisie-met-le-paquet-sur-le-marche-italien\/#primaryimage","url":"http:\/\/kapitalis.com\/tunisie\/wp-content\/uploads\/2015\/07\/Tunisie-Tourisme.jpg","contentUrl":"http:\/\/kapitalis.com\/tunisie\/wp-content\/uploads\/2015\/07\/Tunisie-Tourisme.jpg"},{"@type":"BreadcrumbList","@id":"https:\/\/kapitalis.com\/tunisie\/2016\/02\/13\/tourisme-la-tunisie-met-le-paquet-sur-le-marche-italien\/#breadcrumb","itemListElement":[{"@type":"ListItem","position":1,"name":"Accueil","item":"https:\/\/kapitalis.com\/tunisie\/"},{"@type":"ListItem","position":2,"name":"Tourisme : La Tunisie met le paquet sur le march\u00e9 italien"}]},{"@type":"WebSite","@id":"https:\/\/kapitalis.com\/tunisie\/#website","url":"https:\/\/kapitalis.com\/tunisie\/","name":"Kapitalis","description":"L&#039;actualit\u00e9 en Tunisie et dans le monde","publisher":{"@id":"https:\/\/kapitalis.com\/tunisie\/#organization"},"potentialAction":[{"@type":"SearchAction","target":{"@type":"EntryPoint","urlTemplate":"https:\/\/kapitalis.com\/tunisie\/?s={search_term_string}"},"query-input":{"@type":"PropertyValueSpecification","valueRequired":true,"valueName":"search_term_string"}}],"inLanguage":"fr-FR"},{"@type":"Organization","@id":"https:\/\/kapitalis.com\/tunisie\/#organization","name":"Kapitalis","url":"https:\/\/kapitalis.com\/tunisie\/","logo":{"@type":"ImageObject","inLanguage":"fr-FR","@id":"https:\/\/kapitalis.com\/tunisie\/#\/schema\/logo\/image\/","url":"https:\/\/kapitalis.com\/tunisie\/wp-content\/uploads\/2022\/05\/Kapitalis-big-size.png","contentUrl":"https:\/\/kapitalis.com\/tunisie\/wp-content\/uploads\/2022\/05\/Kapitalis-big-size.png","width":5000,"height":1500,"caption":"Kapitalis"},"image":{"@id":"https:\/\/kapitalis.com\/tunisie\/#\/schema\/logo\/image\/"},"sameAs":["https:\/\/www.facebook.com\/KapitalisInfo\/","https:\/\/x.com\/KapitalisInfo","https:\/\/www.youtube.com\/channel\/UC-yDYrHyfFBWWZaOw3FPg9Q"]},{"@type":"Person","@id":"https:\/\/kapitalis.com\/tunisie\/#\/schema\/person\/d71f33a9ca44f7bad4698210b480c8e9","name":"webmaster kapitalis","url":"https:\/\/kapitalis.com\/tunisie\/author\/webmaster-kapitalis\/"}]}},"_links":{"self":[{"href":"https:\/\/kapitalis.com\/tunisie\/wp-json\/wp\/v2\/posts\/39534","targetHints":{"allow":["GET"]}}],"collection":[{"href":"https:\/\/kapitalis.com\/tunisie\/wp-json\/wp\/v2\/posts"}],"about":[{"href":"https:\/\/kapitalis.com\/tunisie\/wp-json\/wp\/v2\/types\/post"}],"author":[{"embeddable":true,"href":"https:\/\/kapitalis.com\/tunisie\/wp-json\/wp\/v2\/users\/8"}],"replies":[{"embeddable":true,"href":"https:\/\/kapitalis.com\/tunisie\/wp-json\/wp\/v2\/comments?post=39534"}],"version-history":[{"count":0,"href":"https:\/\/kapitalis.com\/tunisie\/wp-json\/wp\/v2\/posts\/39534\/revisions"}],"wp:attachment":[{"href":"https:\/\/kapitalis.com\/tunisie\/wp-json\/wp\/v2\/media?parent=39534"}],"wp:term":[{"taxonomy":"category","embeddable":true,"href":"https:\/\/kapitalis.com\/tunisie\/wp-json\/wp\/v2\/categories?post=39534"},{"taxonomy":"post_tag","embeddable":true,"href":"https:\/\/kapitalis.com\/tunisie\/wp-json\/wp\/v2\/tags?post=39534"}],"curies":[{"name":"wp","href":"https:\/\/api.w.org\/{rel}","templated":true}]}}