{"id":39610,"date":"2016-02-14T11:03:52","date_gmt":"2016-02-14T10:03:52","guid":{"rendered":"http:\/\/kapitalis.com\/tunisie\/?p=39610"},"modified":"2016-02-14T11:50:43","modified_gmt":"2016-02-14T10:50:43","slug":"intervention-militaire-en-libye-pourquoi-ennahdha-sy-oppose-t-il","status":"publish","type":"post","link":"https:\/\/kapitalis.com\/tunisie\/2016\/02\/14\/intervention-militaire-en-libye-pourquoi-ennahdha-sy-oppose-t-il\/","title":{"rendered":"Intervention militaire en Libye: Pourquoi Ennahdha s&rsquo;y oppose-t-il ?"},"content":{"rendered":"<p><img loading=\"lazy\" decoding=\"async\" class=\"aligncenter size-full wp-image-39611\" src=\"http:\/\/kapitalis.com\/tunisie\/wp-content\/uploads\/2016\/02\/fathi-ayedi-10.jpg\" alt=\"fathi ayedi 10\" width=\"626\" height=\"380\" \/><\/p>\n<p><em><strong>Ennahdha poursuit les pr\u00e9paratifs de son prochain congr\u00e8s et prend position concernant une \u00e9ventuelle intervention militaire \u00e9trang\u00e8re en Libye.<\/strong><\/em><\/p>\n<p><!--more--><\/p>\n<p>Dans une d\u00e9claration aux m\u00e9dias, en marge de la r\u00e9union du Conseil de la choura d\u2019Ennahdha, samedi et dimanche 13 et 14 f\u00e9vrier 2016, \u00e0 Hammamet, le pr\u00e9sident du Conseil, Fathi Ayadi, a fait le point des pr\u00e9paratifs du prochain congr\u00e8s du mouvement islamiste tunisien fix\u00e9 au printemps prochain, la date pr\u00e9cise n&rsquo;ayant pas encore \u00e9t\u00e9 fix\u00e9e.<\/p>\n<p>Il a aussi r\u00e9it\u00e9r\u00e9 le soutien du mouvement \u00e0 la coalition gouvernementale, constitu\u00e9e par Nidaa Tounes, Ennahdha, l&rsquo;UPL et Afek Tounes, notamment en cette p\u00e9riode de grands d\u00e9fis au plan int\u00e9rieur, \u00e0 savoir l\u2019emploi, le d\u00e9veloppement r\u00e9gional, les mouvements sociaux, les pr\u00e9paratifs des \u00e9lections municipales, etc.<\/p>\n<p>Evoquant la situation en Libye, Fathi Ayadi a d\u00e9clar\u00e9 que son mouvement est oppos\u00e9 \u00e0 toute forme d\u2019intervention militaire \u00e9trang\u00e8re dans ce pays et soutient, \u00e0 ce propos, la position officielle de la Tunisie qui est favorable \u00e0 une solution politique de la crise libyenne.<\/p>\n<p>Il faut dire qu&rsquo;Ennahdha, qui est proche du gouvernement islamiste de Tripoli et des milices islamistes de Fajr Libya, conduites par le chef terroriste Abdelhakim Belhaj, redoute un changement des \u00e9quilibres politiques en Libye \u00e0 l&rsquo;issue de l&rsquo;intervention militaire internationale annonc\u00e9e, officiellement contre les camps de l&rsquo;Etat islamique (Da\u00each) et des autres organisations terroristes.<\/p>\n<p>Quand on sait que les islamistes de Fajr Libya utilisent les groupes terroristes comme un moyen de pression sur leurs adversaires, les lib\u00e9raux et la\u00efcs du gouvernement de Tobrouk, on peut comprendre qu&rsquo;ils ne veuillent pas perdre cette pr\u00e9cieuse carte.<\/p>\n<p style=\"text-align: right;\"><strong>N. H.<\/strong><\/p>\n","protected":false},"excerpt":{"rendered":"<p>Ennahdha poursuit les pr\u00e9paratifs de son prochain congr\u00e8s et prend position concernant une \u00e9ventuelle intervention militaire \u00e9trang\u00e8re en Libye.<\/p>\n","protected":false},"author":12,"featured_media":39611,"comment_status":"open","ping_status":"open","sticky":false,"template":"","format":"standard","meta":{"footnotes":""},"categories":[997,2433],"tags":[6249,225,3906,418,9485,4632,12248],"class_list":["post-39610","post","type-post","status-publish","format-standard","has-post-thumbnail","hentry","category-politique","category-tunisie","tag-coalition","tag-congres","tag-conseil","tag-gouvernement","tag-intervention","tag-militaire","tag-municipales"],"yoast_head":"<!-- This site is optimized with the Yoast SEO plugin v26.6 - https:\/\/yoast.com\/wordpress\/plugins\/seo\/ -->\n<title>Intervention militaire en Libye: Pourquoi Ennahdha s&#039;y oppose-t-il ? - Kapitalis<\/title>\n<meta name=\"robots\" content=\"index, follow, max-snippet:-1, max-image-preview:large, max-video-preview:-1\" \/>\n<link rel=\"canonical\" href=\"https:\/\/kapitalis.com\/tunisie\/2016\/02\/14\/intervention-militaire-en-libye-pourquoi-ennahdha-sy-oppose-t-il\/\" \/>\n<meta property=\"og:locale\" content=\"fr_FR\" \/>\n<meta property=\"og:type\" content=\"article\" \/>\n<meta property=\"og:title\" content=\"Intervention militaire en Libye: Pourquoi Ennahdha s&#039;y oppose-t-il ? - Kapitalis\" \/>\n<meta property=\"og:description\" content=\"Ennahdha poursuit les pr\u00e9paratifs de son prochain congr\u00e8s et prend position concernant une \u00e9ventuelle intervention militaire \u00e9trang\u00e8re en Libye.\" \/>\n<meta property=\"og:url\" content=\"https:\/\/kapitalis.com\/tunisie\/2016\/02\/14\/intervention-militaire-en-libye-pourquoi-ennahdha-sy-oppose-t-il\/\" \/>\n<meta property=\"og:site_name\" content=\"Kapitalis\" \/>\n<meta property=\"article:publisher\" content=\"https:\/\/www.facebook.com\/KapitalisInfo\/\" \/>\n<meta property=\"article:published_time\" content=\"2016-02-14T10:03:52+00:00\" \/>\n<meta property=\"article:modified_time\" content=\"2016-02-14T10:50:43+00:00\" \/>\n<meta property=\"og:image\" content=\"https:\/\/kapitalis.com\/tunisie\/wp-content\/uploads\/2022\/05\/kapitalis-logo-fb.png\" \/>\n\t<meta property=\"og:image:width\" content=\"1200\" \/>\n\t<meta property=\"og:image:height\" content=\"630\" \/>\n\t<meta property=\"og:image:type\" content=\"image\/png\" \/>\n<meta name=\"author\" content=\"Noureddine Hlaoui\" \/>\n<meta name=\"twitter:card\" content=\"summary_large_image\" \/>\n<meta name=\"twitter:creator\" content=\"@KapitalisInfo\" \/>\n<meta name=\"twitter:site\" content=\"@KapitalisInfo\" \/>\n<meta name=\"twitter:label1\" content=\"\u00c9crit par\" \/>\n\t<meta name=\"twitter:data1\" content=\"Noureddine Hlaoui\" \/>\n\t<meta name=\"twitter:label2\" content=\"Dur\u00e9e de lecture estim\u00e9e\" \/>\n\t<meta name=\"twitter:data2\" content=\"1 minute\" \/>\n<script type=\"application\/ld+json\" class=\"yoast-schema-graph\">{\"@context\":\"https:\/\/schema.org\",\"@graph\":[{\"@type\":\"Article\",\"@id\":\"https:\/\/kapitalis.com\/tunisie\/2016\/02\/14\/intervention-militaire-en-libye-pourquoi-ennahdha-sy-oppose-t-il\/#article\",\"isPartOf\":{\"@id\":\"https:\/\/kapitalis.com\/tunisie\/2016\/02\/14\/intervention-militaire-en-libye-pourquoi-ennahdha-sy-oppose-t-il\/\"},\"author\":{\"name\":\"Noureddine Hlaoui\",\"@id\":\"https:\/\/kapitalis.com\/tunisie\/#\/schema\/person\/e49e6dd6ed3f0512aef25da8b3483abf\"},\"headline\":\"Intervention militaire en Libye: Pourquoi Ennahdha s&rsquo;y oppose-t-il ?\",\"datePublished\":\"2016-02-14T10:03:52+00:00\",\"dateModified\":\"2016-02-14T10:50:43+00:00\",\"mainEntityOfPage\":{\"@id\":\"https:\/\/kapitalis.com\/tunisie\/2016\/02\/14\/intervention-militaire-en-libye-pourquoi-ennahdha-sy-oppose-t-il\/\"},\"wordCount\":292,\"commentCount\":5,\"publisher\":{\"@id\":\"https:\/\/kapitalis.com\/tunisie\/#organization\"},\"image\":{\"@id\":\"https:\/\/kapitalis.com\/tunisie\/2016\/02\/14\/intervention-militaire-en-libye-pourquoi-ennahdha-sy-oppose-t-il\/#primaryimage\"},\"thumbnailUrl\":\"\",\"keywords\":[\"coalition\",\"congr\u00e8s\",\"conseil\",\"gouvernement\",\"intervention\",\"militaire\",\"municipales\"],\"articleSection\":[\"POLITIQUE\",\"Tunisie\"],\"inLanguage\":\"fr-FR\",\"potentialAction\":[{\"@type\":\"CommentAction\",\"name\":\"Comment\",\"target\":[\"https:\/\/kapitalis.com\/tunisie\/2016\/02\/14\/intervention-militaire-en-libye-pourquoi-ennahdha-sy-oppose-t-il\/#respond\"]}]},{\"@type\":\"WebPage\",\"@id\":\"https:\/\/kapitalis.com\/tunisie\/2016\/02\/14\/intervention-militaire-en-libye-pourquoi-ennahdha-sy-oppose-t-il\/\",\"url\":\"https:\/\/kapitalis.com\/tunisie\/2016\/02\/14\/intervention-militaire-en-libye-pourquoi-ennahdha-sy-oppose-t-il\/\",\"name\":\"Intervention militaire en Libye: Pourquoi Ennahdha s'y oppose-t-il ? - Kapitalis\",\"isPartOf\":{\"@id\":\"https:\/\/kapitalis.com\/tunisie\/#website\"},\"primaryImageOfPage\":{\"@id\":\"https:\/\/kapitalis.com\/tunisie\/2016\/02\/14\/intervention-militaire-en-libye-pourquoi-ennahdha-sy-oppose-t-il\/#primaryimage\"},\"image\":{\"@id\":\"https:\/\/kapitalis.com\/tunisie\/2016\/02\/14\/intervention-militaire-en-libye-pourquoi-ennahdha-sy-oppose-t-il\/#primaryimage\"},\"thumbnailUrl\":\"\",\"datePublished\":\"2016-02-14T10:03:52+00:00\",\"dateModified\":\"2016-02-14T10:50:43+00:00\",\"breadcrumb\":{\"@id\":\"https:\/\/kapitalis.com\/tunisie\/2016\/02\/14\/intervention-militaire-en-libye-pourquoi-ennahdha-sy-oppose-t-il\/#breadcrumb\"},\"inLanguage\":\"fr-FR\",\"potentialAction\":[{\"@type\":\"ReadAction\",\"target\":[\"https:\/\/kapitalis.com\/tunisie\/2016\/02\/14\/intervention-militaire-en-libye-pourquoi-ennahdha-sy-oppose-t-il\/\"]}]},{\"@type\":\"ImageObject\",\"inLanguage\":\"fr-FR\",\"@id\":\"https:\/\/kapitalis.com\/tunisie\/2016\/02\/14\/intervention-militaire-en-libye-pourquoi-ennahdha-sy-oppose-t-il\/#primaryimage\",\"url\":\"\",\"contentUrl\":\"\"},{\"@type\":\"BreadcrumbList\",\"@id\":\"https:\/\/kapitalis.com\/tunisie\/2016\/02\/14\/intervention-militaire-en-libye-pourquoi-ennahdha-sy-oppose-t-il\/#breadcrumb\",\"itemListElement\":[{\"@type\":\"ListItem\",\"position\":1,\"name\":\"Accueil\",\"item\":\"https:\/\/kapitalis.com\/tunisie\/\"},{\"@type\":\"ListItem\",\"position\":2,\"name\":\"Intervention militaire en Libye: Pourquoi Ennahdha s&rsquo;y oppose-t-il ?\"}]},{\"@type\":\"WebSite\",\"@id\":\"https:\/\/kapitalis.com\/tunisie\/#website\",\"url\":\"https:\/\/kapitalis.com\/tunisie\/\",\"name\":\"Kapitalis\",\"description\":\"L&#039;actualit\u00e9 en Tunisie et dans le monde\",\"publisher\":{\"@id\":\"https:\/\/kapitalis.com\/tunisie\/#organization\"},\"potentialAction\":[{\"@type\":\"SearchAction\",\"target\":{\"@type\":\"EntryPoint\",\"urlTemplate\":\"https:\/\/kapitalis.com\/tunisie\/?s={search_term_string}\"},\"query-input\":{\"@type\":\"PropertyValueSpecification\",\"valueRequired\":true,\"valueName\":\"search_term_string\"}}],\"inLanguage\":\"fr-FR\"},{\"@type\":\"Organization\",\"@id\":\"https:\/\/kapitalis.com\/tunisie\/#organization\",\"name\":\"Kapitalis\",\"url\":\"https:\/\/kapitalis.com\/tunisie\/\",\"logo\":{\"@type\":\"ImageObject\",\"inLanguage\":\"fr-FR\",\"@id\":\"https:\/\/kapitalis.com\/tunisie\/#\/schema\/logo\/image\/\",\"url\":\"https:\/\/kapitalis.com\/tunisie\/wp-content\/uploads\/2022\/05\/Kapitalis-big-size.png\",\"contentUrl\":\"https:\/\/kapitalis.com\/tunisie\/wp-content\/uploads\/2022\/05\/Kapitalis-big-size.png\",\"width\":5000,\"height\":1500,\"caption\":\"Kapitalis\"},\"image\":{\"@id\":\"https:\/\/kapitalis.com\/tunisie\/#\/schema\/logo\/image\/\"},\"sameAs\":[\"https:\/\/www.facebook.com\/KapitalisInfo\/\",\"https:\/\/x.com\/KapitalisInfo\",\"https:\/\/www.youtube.com\/channel\/UC-yDYrHyfFBWWZaOw3FPg9Q\"]},{\"@type\":\"Person\",\"@id\":\"https:\/\/kapitalis.com\/tunisie\/#\/schema\/person\/e49e6dd6ed3f0512aef25da8b3483abf\",\"name\":\"Noureddine Hlaoui\",\"url\":\"https:\/\/kapitalis.com\/tunisie\/author\/noureddine-hlaoui\/\"}]}<\/script>\n<!-- \/ Yoast SEO plugin. -->","yoast_head_json":{"title":"Intervention militaire en Libye: Pourquoi Ennahdha s'y oppose-t-il ? - Kapitalis","robots":{"index":"index","follow":"follow","max-snippet":"max-snippet:-1","max-image-preview":"max-image-preview:large","max-video-preview":"max-video-preview:-1"},"canonical":"https:\/\/kapitalis.com\/tunisie\/2016\/02\/14\/intervention-militaire-en-libye-pourquoi-ennahdha-sy-oppose-t-il\/","og_locale":"fr_FR","og_type":"article","og_title":"Intervention militaire en Libye: Pourquoi Ennahdha s'y oppose-t-il ? - Kapitalis","og_description":"Ennahdha poursuit les pr\u00e9paratifs de son prochain congr\u00e8s et prend position concernant une \u00e9ventuelle intervention militaire \u00e9trang\u00e8re en Libye.","og_url":"https:\/\/kapitalis.com\/tunisie\/2016\/02\/14\/intervention-militaire-en-libye-pourquoi-ennahdha-sy-oppose-t-il\/","og_site_name":"Kapitalis","article_publisher":"https:\/\/www.facebook.com\/KapitalisInfo\/","article_published_time":"2016-02-14T10:03:52+00:00","article_modified_time":"2016-02-14T10:50:43+00:00","og_image":[{"width":1200,"height":630,"url":"https:\/\/kapitalis.com\/tunisie\/wp-content\/uploads\/2022\/05\/kapitalis-logo-fb.png","type":"image\/png"}],"author":"Noureddine Hlaoui","twitter_card":"summary_large_image","twitter_creator":"@KapitalisInfo","twitter_site":"@KapitalisInfo","twitter_misc":{"\u00c9crit par":"Noureddine Hlaoui","Dur\u00e9e de lecture estim\u00e9e":"1 minute"},"schema":{"@context":"https:\/\/schema.org","@graph":[{"@type":"Article","@id":"https:\/\/kapitalis.com\/tunisie\/2016\/02\/14\/intervention-militaire-en-libye-pourquoi-ennahdha-sy-oppose-t-il\/#article","isPartOf":{"@id":"https:\/\/kapitalis.com\/tunisie\/2016\/02\/14\/intervention-militaire-en-libye-pourquoi-ennahdha-sy-oppose-t-il\/"},"author":{"name":"Noureddine Hlaoui","@id":"https:\/\/kapitalis.com\/tunisie\/#\/schema\/person\/e49e6dd6ed3f0512aef25da8b3483abf"},"headline":"Intervention militaire en Libye: Pourquoi Ennahdha s&rsquo;y oppose-t-il ?","datePublished":"2016-02-14T10:03:52+00:00","dateModified":"2016-02-14T10:50:43+00:00","mainEntityOfPage":{"@id":"https:\/\/kapitalis.com\/tunisie\/2016\/02\/14\/intervention-militaire-en-libye-pourquoi-ennahdha-sy-oppose-t-il\/"},"wordCount":292,"commentCount":5,"publisher":{"@id":"https:\/\/kapitalis.com\/tunisie\/#organization"},"image":{"@id":"https:\/\/kapitalis.com\/tunisie\/2016\/02\/14\/intervention-militaire-en-libye-pourquoi-ennahdha-sy-oppose-t-il\/#primaryimage"},"thumbnailUrl":"","keywords":["coalition","congr\u00e8s","conseil","gouvernement","intervention","militaire","municipales"],"articleSection":["POLITIQUE","Tunisie"],"inLanguage":"fr-FR","potentialAction":[{"@type":"CommentAction","name":"Comment","target":["https:\/\/kapitalis.com\/tunisie\/2016\/02\/14\/intervention-militaire-en-libye-pourquoi-ennahdha-sy-oppose-t-il\/#respond"]}]},{"@type":"WebPage","@id":"https:\/\/kapitalis.com\/tunisie\/2016\/02\/14\/intervention-militaire-en-libye-pourquoi-ennahdha-sy-oppose-t-il\/","url":"https:\/\/kapitalis.com\/tunisie\/2016\/02\/14\/intervention-militaire-en-libye-pourquoi-ennahdha-sy-oppose-t-il\/","name":"Intervention militaire en Libye: Pourquoi Ennahdha s'y oppose-t-il ? - Kapitalis","isPartOf":{"@id":"https:\/\/kapitalis.com\/tunisie\/#website"},"primaryImageOfPage":{"@id":"https:\/\/kapitalis.com\/tunisie\/2016\/02\/14\/intervention-militaire-en-libye-pourquoi-ennahdha-sy-oppose-t-il\/#primaryimage"},"image":{"@id":"https:\/\/kapitalis.com\/tunisie\/2016\/02\/14\/intervention-militaire-en-libye-pourquoi-ennahdha-sy-oppose-t-il\/#primaryimage"},"thumbnailUrl":"","datePublished":"2016-02-14T10:03:52+00:00","dateModified":"2016-02-14T10:50:43+00:00","breadcrumb":{"@id":"https:\/\/kapitalis.com\/tunisie\/2016\/02\/14\/intervention-militaire-en-libye-pourquoi-ennahdha-sy-oppose-t-il\/#breadcrumb"},"inLanguage":"fr-FR","potentialAction":[{"@type":"ReadAction","target":["https:\/\/kapitalis.com\/tunisie\/2016\/02\/14\/intervention-militaire-en-libye-pourquoi-ennahdha-sy-oppose-t-il\/"]}]},{"@type":"ImageObject","inLanguage":"fr-FR","@id":"https:\/\/kapitalis.com\/tunisie\/2016\/02\/14\/intervention-militaire-en-libye-pourquoi-ennahdha-sy-oppose-t-il\/#primaryimage","url":"","contentUrl":""},{"@type":"BreadcrumbList","@id":"https:\/\/kapitalis.com\/tunisie\/2016\/02\/14\/intervention-militaire-en-libye-pourquoi-ennahdha-sy-oppose-t-il\/#breadcrumb","itemListElement":[{"@type":"ListItem","position":1,"name":"Accueil","item":"https:\/\/kapitalis.com\/tunisie\/"},{"@type":"ListItem","position":2,"name":"Intervention militaire en Libye: Pourquoi Ennahdha s&rsquo;y oppose-t-il ?"}]},{"@type":"WebSite","@id":"https:\/\/kapitalis.com\/tunisie\/#website","url":"https:\/\/kapitalis.com\/tunisie\/","name":"Kapitalis","description":"L&#039;actualit\u00e9 en Tunisie et dans le monde","publisher":{"@id":"https:\/\/kapitalis.com\/tunisie\/#organization"},"potentialAction":[{"@type":"SearchAction","target":{"@type":"EntryPoint","urlTemplate":"https:\/\/kapitalis.com\/tunisie\/?s={search_term_string}"},"query-input":{"@type":"PropertyValueSpecification","valueRequired":true,"valueName":"search_term_string"}}],"inLanguage":"fr-FR"},{"@type":"Organization","@id":"https:\/\/kapitalis.com\/tunisie\/#organization","name":"Kapitalis","url":"https:\/\/kapitalis.com\/tunisie\/","logo":{"@type":"ImageObject","inLanguage":"fr-FR","@id":"https:\/\/kapitalis.com\/tunisie\/#\/schema\/logo\/image\/","url":"https:\/\/kapitalis.com\/tunisie\/wp-content\/uploads\/2022\/05\/Kapitalis-big-size.png","contentUrl":"https:\/\/kapitalis.com\/tunisie\/wp-content\/uploads\/2022\/05\/Kapitalis-big-size.png","width":5000,"height":1500,"caption":"Kapitalis"},"image":{"@id":"https:\/\/kapitalis.com\/tunisie\/#\/schema\/logo\/image\/"},"sameAs":["https:\/\/www.facebook.com\/KapitalisInfo\/","https:\/\/x.com\/KapitalisInfo","https:\/\/www.youtube.com\/channel\/UC-yDYrHyfFBWWZaOw3FPg9Q"]},{"@type":"Person","@id":"https:\/\/kapitalis.com\/tunisie\/#\/schema\/person\/e49e6dd6ed3f0512aef25da8b3483abf","name":"Noureddine Hlaoui","url":"https:\/\/kapitalis.com\/tunisie\/author\/noureddine-hlaoui\/"}]}},"_links":{"self":[{"href":"https:\/\/kapitalis.com\/tunisie\/wp-json\/wp\/v2\/posts\/39610","targetHints":{"allow":["GET"]}}],"collection":[{"href":"https:\/\/kapitalis.com\/tunisie\/wp-json\/wp\/v2\/posts"}],"about":[{"href":"https:\/\/kapitalis.com\/tunisie\/wp-json\/wp\/v2\/types\/post"}],"author":[{"embeddable":true,"href":"https:\/\/kapitalis.com\/tunisie\/wp-json\/wp\/v2\/users\/12"}],"replies":[{"embeddable":true,"href":"https:\/\/kapitalis.com\/tunisie\/wp-json\/wp\/v2\/comments?post=39610"}],"version-history":[{"count":0,"href":"https:\/\/kapitalis.com\/tunisie\/wp-json\/wp\/v2\/posts\/39610\/revisions"}],"wp:featuredmedia":[{"embeddable":true,"href":"https:\/\/kapitalis.com\/tunisie\/wp-json\/wp\/v2\/media\/39611"}],"wp:attachment":[{"href":"https:\/\/kapitalis.com\/tunisie\/wp-json\/wp\/v2\/media?parent=39610"}],"wp:term":[{"taxonomy":"category","embeddable":true,"href":"https:\/\/kapitalis.com\/tunisie\/wp-json\/wp\/v2\/categories?post=39610"},{"taxonomy":"post_tag","embeddable":true,"href":"https:\/\/kapitalis.com\/tunisie\/wp-json\/wp\/v2\/tags?post=39610"}],"curies":[{"name":"wp","href":"https:\/\/api.w.org\/{rel}","templated":true}]}}