{"id":39669,"date":"2016-02-15T09:55:52","date_gmt":"2016-02-15T08:55:52","guid":{"rendered":"http:\/\/kapitalis.com\/tunisie\/?p=39669"},"modified":"2016-02-15T09:55:52","modified_gmt":"2016-02-15T08:55:52","slug":"mohsen-marzouk-nous-nous-opposerons-a-lislam-politique","status":"publish","type":"post","link":"https:\/\/kapitalis.com\/tunisie\/2016\/02\/15\/mohsen-marzouk-nous-nous-opposerons-a-lislam-politique\/","title":{"rendered":"Mohsen Marzouk : \u00abNous nous opposerons \u00e0 l&rsquo;islam politique\u00bb"},"content":{"rendered":"<p><img loading=\"lazy\" decoding=\"async\" class=\"aligncenter size-full wp-image-39670\" src=\"http:\/\/kapitalis.com\/tunisie\/wp-content\/uploads\/2016\/02\/Mohsen-10.jpg\" alt=\"Mohsen 10\" width=\"626\" height=\"380\" \/><br \/>\n<em><strong>Les auteurs du projet de nouveau parti politique, initi\u00e9 par Mohsen Marzouk, poursuivent leur tourn\u00e9e \u00e0 travers le pays dans le cadre de la consultation nationale.<\/strong><\/em><\/p>\n<p><!--more--><\/p>\n<p>Dans une d\u00e9claration \u00e0 Mosa\u00efque FM, dimanche 14 f\u00e9vrier 2016, Mohsen Marzouk a affirm\u00e9 que le parti en cours de constitution rejette tout amalgame entre la religion et la politique, ajoutant qu&rsquo;il s&rsquo;opposera \u00e0 tous les partis qui recourent \u00e0 ce genre de confusion.<\/p>\n<p>L\u2019exp\u00e9rience a d\u00e9montr\u00e9 que l\u2019association entre religion et politique entra\u00eene toujours des situations de violence, a soulign\u00e9 M. Marzouk, en assurant, par ailleurs, que le nouveau parti, dont la cr\u00e9ation sera annonc\u00e9 le 2 mars prochain, sera fondamentalement d\u00e9mocratique et progressiste et prendra toutes ses d\u00e9cisions apr\u00e8s consultation de sa base.<\/p>\n<p>Mohsen Marzouk n&rsquo;a, \u00e0 aucun moment, cit\u00e9 le parti islamiste Ennahdha comme \u00e9tant un possible adversaire politique, mais sa d\u00e9claration vise \u00e0 rassurer ceux qui ont critiqu\u00e9 Nidaa Tounes, parti dont il \u00e9tait le secr\u00e9taire g\u00e9n\u00e9ral, pour avoir construit sa campagne pour les l\u00e9gislatives et la pr\u00e9sidentielle de 2014 sur la n\u00e9cessit\u00e9 de faire barrage au retour des islamistes au gouvernement, avant de constituer, une fois \u00e9lu, une coalition gouvernementale avec les islamistes.<\/p>\n<p style=\"text-align: right;\"><strong>N. H.<\/strong><\/p>\n","protected":false},"excerpt":{"rendered":"<p>Les auteurs du projet de nouveau parti politique, initi\u00e9 par Mohsen Marzouk, poursuivent leur tourn\u00e9e \u00e0 travers le pays dans le cadre de la consultation nationale.<\/p>\n","protected":false},"author":12,"featured_media":39670,"comment_status":"open","ping_status":"open","sticky":false,"template":"","format":"standard","meta":{"footnotes":""},"categories":[997,2433],"tags":[500,630,731,1466,6581],"class_list":["post-39669","post","type-post","status-publish","format-standard","has-post-thumbnail","hentry","category-politique","category-tunisie","tag-islam","tag-mohsen-marzouk","tag-politique","tag-projet","tag-violences"],"yoast_head":"<!-- This site is optimized with the Yoast SEO plugin v26.6 - https:\/\/yoast.com\/wordpress\/plugins\/seo\/ -->\n<title>Mohsen Marzouk : \u00abNous nous opposerons \u00e0 l&#039;islam politique\u00bb - Kapitalis<\/title>\n<meta name=\"robots\" content=\"index, follow, max-snippet:-1, max-image-preview:large, max-video-preview:-1\" \/>\n<link rel=\"canonical\" href=\"https:\/\/kapitalis.com\/tunisie\/2016\/02\/15\/mohsen-marzouk-nous-nous-opposerons-a-lislam-politique\/\" \/>\n<meta property=\"og:locale\" content=\"fr_FR\" \/>\n<meta property=\"og:type\" content=\"article\" \/>\n<meta property=\"og:title\" content=\"Mohsen Marzouk : \u00abNous nous opposerons \u00e0 l&#039;islam politique\u00bb - Kapitalis\" \/>\n<meta property=\"og:description\" content=\"Les auteurs du projet de nouveau parti politique, initi\u00e9 par Mohsen Marzouk, poursuivent leur tourn\u00e9e \u00e0 travers le pays dans le cadre de la consultation nationale.\" \/>\n<meta property=\"og:url\" content=\"https:\/\/kapitalis.com\/tunisie\/2016\/02\/15\/mohsen-marzouk-nous-nous-opposerons-a-lislam-politique\/\" \/>\n<meta property=\"og:site_name\" content=\"Kapitalis\" \/>\n<meta property=\"article:publisher\" content=\"https:\/\/www.facebook.com\/KapitalisInfo\/\" \/>\n<meta property=\"article:published_time\" content=\"2016-02-15T08:55:52+00:00\" \/>\n<meta property=\"og:image\" content=\"https:\/\/kapitalis.com\/tunisie\/wp-content\/uploads\/2022\/05\/kapitalis-logo-fb.png\" \/>\n\t<meta property=\"og:image:width\" content=\"1200\" \/>\n\t<meta property=\"og:image:height\" content=\"630\" \/>\n\t<meta property=\"og:image:type\" content=\"image\/png\" \/>\n<meta name=\"author\" content=\"Noureddine Hlaoui\" \/>\n<meta name=\"twitter:card\" content=\"summary_large_image\" \/>\n<meta name=\"twitter:creator\" content=\"@KapitalisInfo\" \/>\n<meta name=\"twitter:site\" content=\"@KapitalisInfo\" \/>\n<meta name=\"twitter:label1\" content=\"\u00c9crit par\" \/>\n\t<meta name=\"twitter:data1\" content=\"Noureddine Hlaoui\" \/>\n\t<meta name=\"twitter:label2\" content=\"Dur\u00e9e de lecture estim\u00e9e\" \/>\n\t<meta name=\"twitter:data2\" content=\"1 minute\" \/>\n<script type=\"application\/ld+json\" class=\"yoast-schema-graph\">{\"@context\":\"https:\/\/schema.org\",\"@graph\":[{\"@type\":\"Article\",\"@id\":\"https:\/\/kapitalis.com\/tunisie\/2016\/02\/15\/mohsen-marzouk-nous-nous-opposerons-a-lislam-politique\/#article\",\"isPartOf\":{\"@id\":\"https:\/\/kapitalis.com\/tunisie\/2016\/02\/15\/mohsen-marzouk-nous-nous-opposerons-a-lislam-politique\/\"},\"author\":{\"name\":\"Noureddine Hlaoui\",\"@id\":\"https:\/\/kapitalis.com\/tunisie\/#\/schema\/person\/e49e6dd6ed3f0512aef25da8b3483abf\"},\"headline\":\"Mohsen Marzouk : \u00abNous nous opposerons \u00e0 l&rsquo;islam politique\u00bb\",\"datePublished\":\"2016-02-15T08:55:52+00:00\",\"mainEntityOfPage\":{\"@id\":\"https:\/\/kapitalis.com\/tunisie\/2016\/02\/15\/mohsen-marzouk-nous-nous-opposerons-a-lislam-politique\/\"},\"wordCount\":213,\"commentCount\":7,\"publisher\":{\"@id\":\"https:\/\/kapitalis.com\/tunisie\/#organization\"},\"image\":{\"@id\":\"https:\/\/kapitalis.com\/tunisie\/2016\/02\/15\/mohsen-marzouk-nous-nous-opposerons-a-lislam-politique\/#primaryimage\"},\"thumbnailUrl\":\"\",\"keywords\":[\"islam\",\"Mohsen Marzouk\",\"politique\",\"projet\",\"violences\"],\"articleSection\":[\"POLITIQUE\",\"Tunisie\"],\"inLanguage\":\"fr-FR\",\"potentialAction\":[{\"@type\":\"CommentAction\",\"name\":\"Comment\",\"target\":[\"https:\/\/kapitalis.com\/tunisie\/2016\/02\/15\/mohsen-marzouk-nous-nous-opposerons-a-lislam-politique\/#respond\"]}]},{\"@type\":\"WebPage\",\"@id\":\"https:\/\/kapitalis.com\/tunisie\/2016\/02\/15\/mohsen-marzouk-nous-nous-opposerons-a-lislam-politique\/\",\"url\":\"https:\/\/kapitalis.com\/tunisie\/2016\/02\/15\/mohsen-marzouk-nous-nous-opposerons-a-lislam-politique\/\",\"name\":\"Mohsen Marzouk : \u00abNous nous opposerons \u00e0 l'islam politique\u00bb - Kapitalis\",\"isPartOf\":{\"@id\":\"https:\/\/kapitalis.com\/tunisie\/#website\"},\"primaryImageOfPage\":{\"@id\":\"https:\/\/kapitalis.com\/tunisie\/2016\/02\/15\/mohsen-marzouk-nous-nous-opposerons-a-lislam-politique\/#primaryimage\"},\"image\":{\"@id\":\"https:\/\/kapitalis.com\/tunisie\/2016\/02\/15\/mohsen-marzouk-nous-nous-opposerons-a-lislam-politique\/#primaryimage\"},\"thumbnailUrl\":\"\",\"datePublished\":\"2016-02-15T08:55:52+00:00\",\"breadcrumb\":{\"@id\":\"https:\/\/kapitalis.com\/tunisie\/2016\/02\/15\/mohsen-marzouk-nous-nous-opposerons-a-lislam-politique\/#breadcrumb\"},\"inLanguage\":\"fr-FR\",\"potentialAction\":[{\"@type\":\"ReadAction\",\"target\":[\"https:\/\/kapitalis.com\/tunisie\/2016\/02\/15\/mohsen-marzouk-nous-nous-opposerons-a-lislam-politique\/\"]}]},{\"@type\":\"ImageObject\",\"inLanguage\":\"fr-FR\",\"@id\":\"https:\/\/kapitalis.com\/tunisie\/2016\/02\/15\/mohsen-marzouk-nous-nous-opposerons-a-lislam-politique\/#primaryimage\",\"url\":\"\",\"contentUrl\":\"\"},{\"@type\":\"BreadcrumbList\",\"@id\":\"https:\/\/kapitalis.com\/tunisie\/2016\/02\/15\/mohsen-marzouk-nous-nous-opposerons-a-lislam-politique\/#breadcrumb\",\"itemListElement\":[{\"@type\":\"ListItem\",\"position\":1,\"name\":\"Accueil\",\"item\":\"https:\/\/kapitalis.com\/tunisie\/\"},{\"@type\":\"ListItem\",\"position\":2,\"name\":\"Mohsen Marzouk : \u00abNous nous opposerons \u00e0 l&rsquo;islam politique\u00bb\"}]},{\"@type\":\"WebSite\",\"@id\":\"https:\/\/kapitalis.com\/tunisie\/#website\",\"url\":\"https:\/\/kapitalis.com\/tunisie\/\",\"name\":\"Kapitalis\",\"description\":\"L&#039;actualit\u00e9 en Tunisie et dans le monde\",\"publisher\":{\"@id\":\"https:\/\/kapitalis.com\/tunisie\/#organization\"},\"potentialAction\":[{\"@type\":\"SearchAction\",\"target\":{\"@type\":\"EntryPoint\",\"urlTemplate\":\"https:\/\/kapitalis.com\/tunisie\/?s={search_term_string}\"},\"query-input\":{\"@type\":\"PropertyValueSpecification\",\"valueRequired\":true,\"valueName\":\"search_term_string\"}}],\"inLanguage\":\"fr-FR\"},{\"@type\":\"Organization\",\"@id\":\"https:\/\/kapitalis.com\/tunisie\/#organization\",\"name\":\"Kapitalis\",\"url\":\"https:\/\/kapitalis.com\/tunisie\/\",\"logo\":{\"@type\":\"ImageObject\",\"inLanguage\":\"fr-FR\",\"@id\":\"https:\/\/kapitalis.com\/tunisie\/#\/schema\/logo\/image\/\",\"url\":\"https:\/\/kapitalis.com\/tunisie\/wp-content\/uploads\/2022\/05\/Kapitalis-big-size.png\",\"contentUrl\":\"https:\/\/kapitalis.com\/tunisie\/wp-content\/uploads\/2022\/05\/Kapitalis-big-size.png\",\"width\":5000,\"height\":1500,\"caption\":\"Kapitalis\"},\"image\":{\"@id\":\"https:\/\/kapitalis.com\/tunisie\/#\/schema\/logo\/image\/\"},\"sameAs\":[\"https:\/\/www.facebook.com\/KapitalisInfo\/\",\"https:\/\/x.com\/KapitalisInfo\",\"https:\/\/www.youtube.com\/channel\/UC-yDYrHyfFBWWZaOw3FPg9Q\"]},{\"@type\":\"Person\",\"@id\":\"https:\/\/kapitalis.com\/tunisie\/#\/schema\/person\/e49e6dd6ed3f0512aef25da8b3483abf\",\"name\":\"Noureddine Hlaoui\",\"url\":\"https:\/\/kapitalis.com\/tunisie\/author\/noureddine-hlaoui\/\"}]}<\/script>\n<!-- \/ Yoast SEO plugin. -->","yoast_head_json":{"title":"Mohsen Marzouk : \u00abNous nous opposerons \u00e0 l'islam politique\u00bb - Kapitalis","robots":{"index":"index","follow":"follow","max-snippet":"max-snippet:-1","max-image-preview":"max-image-preview:large","max-video-preview":"max-video-preview:-1"},"canonical":"https:\/\/kapitalis.com\/tunisie\/2016\/02\/15\/mohsen-marzouk-nous-nous-opposerons-a-lislam-politique\/","og_locale":"fr_FR","og_type":"article","og_title":"Mohsen Marzouk : \u00abNous nous opposerons \u00e0 l'islam politique\u00bb - Kapitalis","og_description":"Les auteurs du projet de nouveau parti politique, initi\u00e9 par Mohsen Marzouk, poursuivent leur tourn\u00e9e \u00e0 travers le pays dans le cadre de la consultation nationale.","og_url":"https:\/\/kapitalis.com\/tunisie\/2016\/02\/15\/mohsen-marzouk-nous-nous-opposerons-a-lislam-politique\/","og_site_name":"Kapitalis","article_publisher":"https:\/\/www.facebook.com\/KapitalisInfo\/","article_published_time":"2016-02-15T08:55:52+00:00","og_image":[{"width":1200,"height":630,"url":"https:\/\/kapitalis.com\/tunisie\/wp-content\/uploads\/2022\/05\/kapitalis-logo-fb.png","type":"image\/png"}],"author":"Noureddine Hlaoui","twitter_card":"summary_large_image","twitter_creator":"@KapitalisInfo","twitter_site":"@KapitalisInfo","twitter_misc":{"\u00c9crit par":"Noureddine Hlaoui","Dur\u00e9e de lecture estim\u00e9e":"1 minute"},"schema":{"@context":"https:\/\/schema.org","@graph":[{"@type":"Article","@id":"https:\/\/kapitalis.com\/tunisie\/2016\/02\/15\/mohsen-marzouk-nous-nous-opposerons-a-lislam-politique\/#article","isPartOf":{"@id":"https:\/\/kapitalis.com\/tunisie\/2016\/02\/15\/mohsen-marzouk-nous-nous-opposerons-a-lislam-politique\/"},"author":{"name":"Noureddine Hlaoui","@id":"https:\/\/kapitalis.com\/tunisie\/#\/schema\/person\/e49e6dd6ed3f0512aef25da8b3483abf"},"headline":"Mohsen Marzouk : \u00abNous nous opposerons \u00e0 l&rsquo;islam politique\u00bb","datePublished":"2016-02-15T08:55:52+00:00","mainEntityOfPage":{"@id":"https:\/\/kapitalis.com\/tunisie\/2016\/02\/15\/mohsen-marzouk-nous-nous-opposerons-a-lislam-politique\/"},"wordCount":213,"commentCount":7,"publisher":{"@id":"https:\/\/kapitalis.com\/tunisie\/#organization"},"image":{"@id":"https:\/\/kapitalis.com\/tunisie\/2016\/02\/15\/mohsen-marzouk-nous-nous-opposerons-a-lislam-politique\/#primaryimage"},"thumbnailUrl":"","keywords":["islam","Mohsen Marzouk","politique","projet","violences"],"articleSection":["POLITIQUE","Tunisie"],"inLanguage":"fr-FR","potentialAction":[{"@type":"CommentAction","name":"Comment","target":["https:\/\/kapitalis.com\/tunisie\/2016\/02\/15\/mohsen-marzouk-nous-nous-opposerons-a-lislam-politique\/#respond"]}]},{"@type":"WebPage","@id":"https:\/\/kapitalis.com\/tunisie\/2016\/02\/15\/mohsen-marzouk-nous-nous-opposerons-a-lislam-politique\/","url":"https:\/\/kapitalis.com\/tunisie\/2016\/02\/15\/mohsen-marzouk-nous-nous-opposerons-a-lislam-politique\/","name":"Mohsen Marzouk : \u00abNous nous opposerons \u00e0 l'islam politique\u00bb - Kapitalis","isPartOf":{"@id":"https:\/\/kapitalis.com\/tunisie\/#website"},"primaryImageOfPage":{"@id":"https:\/\/kapitalis.com\/tunisie\/2016\/02\/15\/mohsen-marzouk-nous-nous-opposerons-a-lislam-politique\/#primaryimage"},"image":{"@id":"https:\/\/kapitalis.com\/tunisie\/2016\/02\/15\/mohsen-marzouk-nous-nous-opposerons-a-lislam-politique\/#primaryimage"},"thumbnailUrl":"","datePublished":"2016-02-15T08:55:52+00:00","breadcrumb":{"@id":"https:\/\/kapitalis.com\/tunisie\/2016\/02\/15\/mohsen-marzouk-nous-nous-opposerons-a-lislam-politique\/#breadcrumb"},"inLanguage":"fr-FR","potentialAction":[{"@type":"ReadAction","target":["https:\/\/kapitalis.com\/tunisie\/2016\/02\/15\/mohsen-marzouk-nous-nous-opposerons-a-lislam-politique\/"]}]},{"@type":"ImageObject","inLanguage":"fr-FR","@id":"https:\/\/kapitalis.com\/tunisie\/2016\/02\/15\/mohsen-marzouk-nous-nous-opposerons-a-lislam-politique\/#primaryimage","url":"","contentUrl":""},{"@type":"BreadcrumbList","@id":"https:\/\/kapitalis.com\/tunisie\/2016\/02\/15\/mohsen-marzouk-nous-nous-opposerons-a-lislam-politique\/#breadcrumb","itemListElement":[{"@type":"ListItem","position":1,"name":"Accueil","item":"https:\/\/kapitalis.com\/tunisie\/"},{"@type":"ListItem","position":2,"name":"Mohsen Marzouk : \u00abNous nous opposerons \u00e0 l&rsquo;islam politique\u00bb"}]},{"@type":"WebSite","@id":"https:\/\/kapitalis.com\/tunisie\/#website","url":"https:\/\/kapitalis.com\/tunisie\/","name":"Kapitalis","description":"L&#039;actualit\u00e9 en Tunisie et dans le monde","publisher":{"@id":"https:\/\/kapitalis.com\/tunisie\/#organization"},"potentialAction":[{"@type":"SearchAction","target":{"@type":"EntryPoint","urlTemplate":"https:\/\/kapitalis.com\/tunisie\/?s={search_term_string}"},"query-input":{"@type":"PropertyValueSpecification","valueRequired":true,"valueName":"search_term_string"}}],"inLanguage":"fr-FR"},{"@type":"Organization","@id":"https:\/\/kapitalis.com\/tunisie\/#organization","name":"Kapitalis","url":"https:\/\/kapitalis.com\/tunisie\/","logo":{"@type":"ImageObject","inLanguage":"fr-FR","@id":"https:\/\/kapitalis.com\/tunisie\/#\/schema\/logo\/image\/","url":"https:\/\/kapitalis.com\/tunisie\/wp-content\/uploads\/2022\/05\/Kapitalis-big-size.png","contentUrl":"https:\/\/kapitalis.com\/tunisie\/wp-content\/uploads\/2022\/05\/Kapitalis-big-size.png","width":5000,"height":1500,"caption":"Kapitalis"},"image":{"@id":"https:\/\/kapitalis.com\/tunisie\/#\/schema\/logo\/image\/"},"sameAs":["https:\/\/www.facebook.com\/KapitalisInfo\/","https:\/\/x.com\/KapitalisInfo","https:\/\/www.youtube.com\/channel\/UC-yDYrHyfFBWWZaOw3FPg9Q"]},{"@type":"Person","@id":"https:\/\/kapitalis.com\/tunisie\/#\/schema\/person\/e49e6dd6ed3f0512aef25da8b3483abf","name":"Noureddine Hlaoui","url":"https:\/\/kapitalis.com\/tunisie\/author\/noureddine-hlaoui\/"}]}},"_links":{"self":[{"href":"https:\/\/kapitalis.com\/tunisie\/wp-json\/wp\/v2\/posts\/39669","targetHints":{"allow":["GET"]}}],"collection":[{"href":"https:\/\/kapitalis.com\/tunisie\/wp-json\/wp\/v2\/posts"}],"about":[{"href":"https:\/\/kapitalis.com\/tunisie\/wp-json\/wp\/v2\/types\/post"}],"author":[{"embeddable":true,"href":"https:\/\/kapitalis.com\/tunisie\/wp-json\/wp\/v2\/users\/12"}],"replies":[{"embeddable":true,"href":"https:\/\/kapitalis.com\/tunisie\/wp-json\/wp\/v2\/comments?post=39669"}],"version-history":[{"count":0,"href":"https:\/\/kapitalis.com\/tunisie\/wp-json\/wp\/v2\/posts\/39669\/revisions"}],"wp:featuredmedia":[{"embeddable":true,"href":"https:\/\/kapitalis.com\/tunisie\/wp-json\/wp\/v2\/media\/39670"}],"wp:attachment":[{"href":"https:\/\/kapitalis.com\/tunisie\/wp-json\/wp\/v2\/media?parent=39669"}],"wp:term":[{"taxonomy":"category","embeddable":true,"href":"https:\/\/kapitalis.com\/tunisie\/wp-json\/wp\/v2\/categories?post=39669"},{"taxonomy":"post_tag","embeddable":true,"href":"https:\/\/kapitalis.com\/tunisie\/wp-json\/wp\/v2\/tags?post=39669"}],"curies":[{"name":"wp","href":"https:\/\/api.w.org\/{rel}","templated":true}]}}