{"id":39793,"date":"2016-02-15T16:57:57","date_gmt":"2016-02-15T15:57:57","guid":{"rendered":"http:\/\/kapitalis.com\/tunisie\/?p=39793"},"modified":"2016-02-15T17:04:10","modified_gmt":"2016-02-15T16:04:10","slug":"est-as-marsa-larbitre-walid-bannani-devant-la-commission-de-la-dna","status":"publish","type":"post","link":"https:\/\/kapitalis.com\/tunisie\/2016\/02\/15\/est-as-marsa-larbitre-walid-bannani-devant-la-commission-de-la-dna\/","title":{"rendered":"EST &#8211; AS Marsa : L\u2019arbitre Walid Bannani devant la commission de la DNA"},"content":{"rendered":"<p><img loading=\"lazy\" decoding=\"async\" class=\"alignnone size-full wp-image-39794 aligncenter\" src=\"http:\/\/kapitalis.com\/tunisie\/wp-content\/uploads\/2016\/02\/Walid-Bannani-arbitre.jpg\" alt=\"Walid-Bannani-arbitre\" width=\"626\" height=\"380\" \/><\/p>\n<p><em><strong>L\u2019arbitre Walid Bannani, qui a dirig\u00e9, samedi 13 f\u00e9vrier 2016, la rencontre opposant l\u2019Esp\u00e9rance \u00e0 l\u2019AS Marsa, devra s\u2019expliquer, aujourd\u2019hui, sur plusieurs points. \u00a0<\/strong><\/em><\/p>\n<p><!--more--><\/p>\n<p>La F\u00e9d\u00e9ration tunisienne de football (FTF) a annonc\u00e9 sur son <a href=\"http:\/\/www.ftf.org.tn\/fr\/commission-de-suivie-des-arbitres-convocation-de-walid-bannani\/\" target=\"_blank\">site web officiel<\/a> que cet arbitre, qui avait dirig\u00e9 le match jou\u00e9 samedi dernier entre l\u2019Esp\u00e9rance sportive de Tunis (EST) et l\u2019Association sportive de la Marsa (ASM) pour le compte de la premi\u00e8re journ\u00e9e retour du championnat de la ligue 1 de football, est convoqu\u00e9 \u00e0 compara\u00eetre\u00a0 devant la commission de suivi des arbitres, aujourd\u2019hui, lundi 15 f\u00e9vrier 2016, \u00e0 partir de 16H au si\u00e8ge de la FTF.<\/p>\n<p>On reproche \u00e0 Walid Bannani sa partialit\u00e9 dans l\u2019arbitrage de cette rencontre en accordant, notamment, un penalty inexistant \u00e0 l\u2019EST et en privant l\u2019ASM d\u2019un autre indiscutable. Les joueurs de l&rsquo;ASM l&rsquo;accusent d&rsquo;avoir siffl\u00e9 \u00e0 sens unique pendant toute la rencontre et d&rsquo;avoir cherch\u00e9, \u00e0 chaque fois, \u00e0 les provoquer et \u00e0 couper leur \u00e9lan.<\/p>\n<p>Il faut dire que l&rsquo;Esp\u00e9rance a m\u00e9rit\u00e9 la victoire puisqu&rsquo;elle a domin\u00e9 le match de bout en bout, cr\u00e9\u00e9 de nombreuses occasions de buts et tir\u00e9 \u00e0 3 reprises sur la barre transversale. Cela n&#8217;emp\u00eache que l&rsquo;arbitre a fauss\u00e9 le r\u00e9sultat par ses d\u00e9cisions inappropri\u00e9es.<\/p>\n<p style=\"text-align: right;\"><strong>Z. A.<\/strong><\/p>\n","protected":false},"excerpt":{"rendered":"<p>L\u2019arbitre Walid Bannani, qui a dirig\u00e9, samedi 13 f\u00e9vrier 2016, la rencontre opposant l\u2019Esp\u00e9rance \u00e0 l\u2019AS Marsa, devra s\u2019expliquer, aujourd\u2019hui, sur plusieurs points. \u00a0<\/p>\n","protected":false},"author":8,"featured_media":39794,"comment_status":"open","ping_status":"open","sticky":false,"template":"","format":"standard","meta":{"footnotes":""},"categories":[999,2433],"tags":[1764,14264,1619,376,5208],"class_list":["post-39793","post","type-post","status-publish","format-standard","has-post-thumbnail","hentry","category-sport","category-tunisie","tag-arbitre","tag-as-marsa","tag-esperance-de-tunis","tag-federation-tunisienne-de-football","tag-ftf"],"yoast_head":"<!-- This site is optimized with the Yoast SEO plugin v26.6 - https:\/\/yoast.com\/wordpress\/plugins\/seo\/ -->\n<title>EST - AS Marsa : L\u2019arbitre Walid Bannani devant la commission de la DNA - Kapitalis<\/title>\n<meta name=\"robots\" content=\"index, follow, max-snippet:-1, max-image-preview:large, max-video-preview:-1\" \/>\n<link rel=\"canonical\" href=\"https:\/\/kapitalis.com\/tunisie\/2016\/02\/15\/est-as-marsa-larbitre-walid-bannani-devant-la-commission-de-la-dna\/\" \/>\n<meta property=\"og:locale\" content=\"fr_FR\" \/>\n<meta property=\"og:type\" content=\"article\" \/>\n<meta property=\"og:title\" content=\"EST - AS Marsa : L\u2019arbitre Walid Bannani devant la commission de la DNA - Kapitalis\" \/>\n<meta property=\"og:description\" content=\"L\u2019arbitre Walid Bannani, qui a dirig\u00e9, samedi 13 f\u00e9vrier 2016, la rencontre opposant l\u2019Esp\u00e9rance \u00e0 l\u2019AS Marsa, devra s\u2019expliquer, aujourd\u2019hui, sur plusieurs points. \u00a0\" \/>\n<meta property=\"og:url\" content=\"https:\/\/kapitalis.com\/tunisie\/2016\/02\/15\/est-as-marsa-larbitre-walid-bannani-devant-la-commission-de-la-dna\/\" \/>\n<meta property=\"og:site_name\" content=\"Kapitalis\" \/>\n<meta property=\"article:publisher\" content=\"https:\/\/www.facebook.com\/KapitalisInfo\/\" \/>\n<meta property=\"article:published_time\" content=\"2016-02-15T15:57:57+00:00\" \/>\n<meta property=\"article:modified_time\" content=\"2016-02-15T16:04:10+00:00\" \/>\n<meta property=\"og:image\" content=\"https:\/\/kapitalis.com\/tunisie\/wp-content\/uploads\/2022\/05\/kapitalis-logo-fb.png\" \/>\n\t<meta property=\"og:image:width\" content=\"1200\" \/>\n\t<meta property=\"og:image:height\" content=\"630\" \/>\n\t<meta property=\"og:image:type\" content=\"image\/png\" \/>\n<meta name=\"author\" content=\"webmaster kapitalis\" \/>\n<meta name=\"twitter:card\" content=\"summary_large_image\" \/>\n<meta name=\"twitter:creator\" content=\"@KapitalisInfo\" \/>\n<meta name=\"twitter:site\" content=\"@KapitalisInfo\" \/>\n<meta name=\"twitter:label1\" content=\"\u00c9crit par\" \/>\n\t<meta name=\"twitter:data1\" content=\"webmaster kapitalis\" \/>\n\t<meta name=\"twitter:label2\" content=\"Dur\u00e9e de lecture estim\u00e9e\" \/>\n\t<meta name=\"twitter:data2\" content=\"1 minute\" \/>\n<script type=\"application\/ld+json\" class=\"yoast-schema-graph\">{\"@context\":\"https:\/\/schema.org\",\"@graph\":[{\"@type\":\"Article\",\"@id\":\"https:\/\/kapitalis.com\/tunisie\/2016\/02\/15\/est-as-marsa-larbitre-walid-bannani-devant-la-commission-de-la-dna\/#article\",\"isPartOf\":{\"@id\":\"https:\/\/kapitalis.com\/tunisie\/2016\/02\/15\/est-as-marsa-larbitre-walid-bannani-devant-la-commission-de-la-dna\/\"},\"author\":{\"name\":\"webmaster kapitalis\",\"@id\":\"https:\/\/kapitalis.com\/tunisie\/#\/schema\/person\/d71f33a9ca44f7bad4698210b480c8e9\"},\"headline\":\"EST &#8211; AS Marsa : L\u2019arbitre Walid Bannani devant la commission de la DNA\",\"datePublished\":\"2016-02-15T15:57:57+00:00\",\"dateModified\":\"2016-02-15T16:04:10+00:00\",\"mainEntityOfPage\":{\"@id\":\"https:\/\/kapitalis.com\/tunisie\/2016\/02\/15\/est-as-marsa-larbitre-walid-bannani-devant-la-commission-de-la-dna\/\"},\"wordCount\":229,\"commentCount\":0,\"publisher\":{\"@id\":\"https:\/\/kapitalis.com\/tunisie\/#organization\"},\"image\":{\"@id\":\"https:\/\/kapitalis.com\/tunisie\/2016\/02\/15\/est-as-marsa-larbitre-walid-bannani-devant-la-commission-de-la-dna\/#primaryimage\"},\"thumbnailUrl\":\"\",\"keywords\":[\"arbitre\",\"AS Marsa\",\"Esp\u00e9rance de Tunis\",\"F\u00e9d\u00e9ration tunisienne de football\",\"FTF\"],\"articleSection\":[\"SPORT\",\"Tunisie\"],\"inLanguage\":\"fr-FR\",\"potentialAction\":[{\"@type\":\"CommentAction\",\"name\":\"Comment\",\"target\":[\"https:\/\/kapitalis.com\/tunisie\/2016\/02\/15\/est-as-marsa-larbitre-walid-bannani-devant-la-commission-de-la-dna\/#respond\"]}]},{\"@type\":\"WebPage\",\"@id\":\"https:\/\/kapitalis.com\/tunisie\/2016\/02\/15\/est-as-marsa-larbitre-walid-bannani-devant-la-commission-de-la-dna\/\",\"url\":\"https:\/\/kapitalis.com\/tunisie\/2016\/02\/15\/est-as-marsa-larbitre-walid-bannani-devant-la-commission-de-la-dna\/\",\"name\":\"EST - AS Marsa : L\u2019arbitre Walid Bannani devant la commission de la DNA - Kapitalis\",\"isPartOf\":{\"@id\":\"https:\/\/kapitalis.com\/tunisie\/#website\"},\"primaryImageOfPage\":{\"@id\":\"https:\/\/kapitalis.com\/tunisie\/2016\/02\/15\/est-as-marsa-larbitre-walid-bannani-devant-la-commission-de-la-dna\/#primaryimage\"},\"image\":{\"@id\":\"https:\/\/kapitalis.com\/tunisie\/2016\/02\/15\/est-as-marsa-larbitre-walid-bannani-devant-la-commission-de-la-dna\/#primaryimage\"},\"thumbnailUrl\":\"\",\"datePublished\":\"2016-02-15T15:57:57+00:00\",\"dateModified\":\"2016-02-15T16:04:10+00:00\",\"breadcrumb\":{\"@id\":\"https:\/\/kapitalis.com\/tunisie\/2016\/02\/15\/est-as-marsa-larbitre-walid-bannani-devant-la-commission-de-la-dna\/#breadcrumb\"},\"inLanguage\":\"fr-FR\",\"potentialAction\":[{\"@type\":\"ReadAction\",\"target\":[\"https:\/\/kapitalis.com\/tunisie\/2016\/02\/15\/est-as-marsa-larbitre-walid-bannani-devant-la-commission-de-la-dna\/\"]}]},{\"@type\":\"ImageObject\",\"inLanguage\":\"fr-FR\",\"@id\":\"https:\/\/kapitalis.com\/tunisie\/2016\/02\/15\/est-as-marsa-larbitre-walid-bannani-devant-la-commission-de-la-dna\/#primaryimage\",\"url\":\"\",\"contentUrl\":\"\"},{\"@type\":\"BreadcrumbList\",\"@id\":\"https:\/\/kapitalis.com\/tunisie\/2016\/02\/15\/est-as-marsa-larbitre-walid-bannani-devant-la-commission-de-la-dna\/#breadcrumb\",\"itemListElement\":[{\"@type\":\"ListItem\",\"position\":1,\"name\":\"Accueil\",\"item\":\"https:\/\/kapitalis.com\/tunisie\/\"},{\"@type\":\"ListItem\",\"position\":2,\"name\":\"EST &#8211; AS Marsa : L\u2019arbitre Walid Bannani devant la commission de la DNA\"}]},{\"@type\":\"WebSite\",\"@id\":\"https:\/\/kapitalis.com\/tunisie\/#website\",\"url\":\"https:\/\/kapitalis.com\/tunisie\/\",\"name\":\"Kapitalis\",\"description\":\"L&#039;actualit\u00e9 en Tunisie et dans le monde\",\"publisher\":{\"@id\":\"https:\/\/kapitalis.com\/tunisie\/#organization\"},\"potentialAction\":[{\"@type\":\"SearchAction\",\"target\":{\"@type\":\"EntryPoint\",\"urlTemplate\":\"https:\/\/kapitalis.com\/tunisie\/?s={search_term_string}\"},\"query-input\":{\"@type\":\"PropertyValueSpecification\",\"valueRequired\":true,\"valueName\":\"search_term_string\"}}],\"inLanguage\":\"fr-FR\"},{\"@type\":\"Organization\",\"@id\":\"https:\/\/kapitalis.com\/tunisie\/#organization\",\"name\":\"Kapitalis\",\"url\":\"https:\/\/kapitalis.com\/tunisie\/\",\"logo\":{\"@type\":\"ImageObject\",\"inLanguage\":\"fr-FR\",\"@id\":\"https:\/\/kapitalis.com\/tunisie\/#\/schema\/logo\/image\/\",\"url\":\"https:\/\/kapitalis.com\/tunisie\/wp-content\/uploads\/2022\/05\/Kapitalis-big-size.png\",\"contentUrl\":\"https:\/\/kapitalis.com\/tunisie\/wp-content\/uploads\/2022\/05\/Kapitalis-big-size.png\",\"width\":5000,\"height\":1500,\"caption\":\"Kapitalis\"},\"image\":{\"@id\":\"https:\/\/kapitalis.com\/tunisie\/#\/schema\/logo\/image\/\"},\"sameAs\":[\"https:\/\/www.facebook.com\/KapitalisInfo\/\",\"https:\/\/x.com\/KapitalisInfo\",\"https:\/\/www.youtube.com\/channel\/UC-yDYrHyfFBWWZaOw3FPg9Q\"]},{\"@type\":\"Person\",\"@id\":\"https:\/\/kapitalis.com\/tunisie\/#\/schema\/person\/d71f33a9ca44f7bad4698210b480c8e9\",\"name\":\"webmaster kapitalis\",\"url\":\"https:\/\/kapitalis.com\/tunisie\/author\/webmaster-kapitalis\/\"}]}<\/script>\n<!-- \/ Yoast SEO plugin. -->","yoast_head_json":{"title":"EST - AS Marsa : L\u2019arbitre Walid Bannani devant la commission de la DNA - Kapitalis","robots":{"index":"index","follow":"follow","max-snippet":"max-snippet:-1","max-image-preview":"max-image-preview:large","max-video-preview":"max-video-preview:-1"},"canonical":"https:\/\/kapitalis.com\/tunisie\/2016\/02\/15\/est-as-marsa-larbitre-walid-bannani-devant-la-commission-de-la-dna\/","og_locale":"fr_FR","og_type":"article","og_title":"EST - AS Marsa : L\u2019arbitre Walid Bannani devant la commission de la DNA - Kapitalis","og_description":"L\u2019arbitre Walid Bannani, qui a dirig\u00e9, samedi 13 f\u00e9vrier 2016, la rencontre opposant l\u2019Esp\u00e9rance \u00e0 l\u2019AS Marsa, devra s\u2019expliquer, aujourd\u2019hui, sur plusieurs points. \u00a0","og_url":"https:\/\/kapitalis.com\/tunisie\/2016\/02\/15\/est-as-marsa-larbitre-walid-bannani-devant-la-commission-de-la-dna\/","og_site_name":"Kapitalis","article_publisher":"https:\/\/www.facebook.com\/KapitalisInfo\/","article_published_time":"2016-02-15T15:57:57+00:00","article_modified_time":"2016-02-15T16:04:10+00:00","og_image":[{"width":1200,"height":630,"url":"https:\/\/kapitalis.com\/tunisie\/wp-content\/uploads\/2022\/05\/kapitalis-logo-fb.png","type":"image\/png"}],"author":"webmaster kapitalis","twitter_card":"summary_large_image","twitter_creator":"@KapitalisInfo","twitter_site":"@KapitalisInfo","twitter_misc":{"\u00c9crit par":"webmaster kapitalis","Dur\u00e9e de lecture estim\u00e9e":"1 minute"},"schema":{"@context":"https:\/\/schema.org","@graph":[{"@type":"Article","@id":"https:\/\/kapitalis.com\/tunisie\/2016\/02\/15\/est-as-marsa-larbitre-walid-bannani-devant-la-commission-de-la-dna\/#article","isPartOf":{"@id":"https:\/\/kapitalis.com\/tunisie\/2016\/02\/15\/est-as-marsa-larbitre-walid-bannani-devant-la-commission-de-la-dna\/"},"author":{"name":"webmaster kapitalis","@id":"https:\/\/kapitalis.com\/tunisie\/#\/schema\/person\/d71f33a9ca44f7bad4698210b480c8e9"},"headline":"EST &#8211; AS Marsa : L\u2019arbitre Walid Bannani devant la commission de la DNA","datePublished":"2016-02-15T15:57:57+00:00","dateModified":"2016-02-15T16:04:10+00:00","mainEntityOfPage":{"@id":"https:\/\/kapitalis.com\/tunisie\/2016\/02\/15\/est-as-marsa-larbitre-walid-bannani-devant-la-commission-de-la-dna\/"},"wordCount":229,"commentCount":0,"publisher":{"@id":"https:\/\/kapitalis.com\/tunisie\/#organization"},"image":{"@id":"https:\/\/kapitalis.com\/tunisie\/2016\/02\/15\/est-as-marsa-larbitre-walid-bannani-devant-la-commission-de-la-dna\/#primaryimage"},"thumbnailUrl":"","keywords":["arbitre","AS Marsa","Esp\u00e9rance de Tunis","F\u00e9d\u00e9ration tunisienne de football","FTF"],"articleSection":["SPORT","Tunisie"],"inLanguage":"fr-FR","potentialAction":[{"@type":"CommentAction","name":"Comment","target":["https:\/\/kapitalis.com\/tunisie\/2016\/02\/15\/est-as-marsa-larbitre-walid-bannani-devant-la-commission-de-la-dna\/#respond"]}]},{"@type":"WebPage","@id":"https:\/\/kapitalis.com\/tunisie\/2016\/02\/15\/est-as-marsa-larbitre-walid-bannani-devant-la-commission-de-la-dna\/","url":"https:\/\/kapitalis.com\/tunisie\/2016\/02\/15\/est-as-marsa-larbitre-walid-bannani-devant-la-commission-de-la-dna\/","name":"EST - AS Marsa : L\u2019arbitre Walid Bannani devant la commission de la DNA - Kapitalis","isPartOf":{"@id":"https:\/\/kapitalis.com\/tunisie\/#website"},"primaryImageOfPage":{"@id":"https:\/\/kapitalis.com\/tunisie\/2016\/02\/15\/est-as-marsa-larbitre-walid-bannani-devant-la-commission-de-la-dna\/#primaryimage"},"image":{"@id":"https:\/\/kapitalis.com\/tunisie\/2016\/02\/15\/est-as-marsa-larbitre-walid-bannani-devant-la-commission-de-la-dna\/#primaryimage"},"thumbnailUrl":"","datePublished":"2016-02-15T15:57:57+00:00","dateModified":"2016-02-15T16:04:10+00:00","breadcrumb":{"@id":"https:\/\/kapitalis.com\/tunisie\/2016\/02\/15\/est-as-marsa-larbitre-walid-bannani-devant-la-commission-de-la-dna\/#breadcrumb"},"inLanguage":"fr-FR","potentialAction":[{"@type":"ReadAction","target":["https:\/\/kapitalis.com\/tunisie\/2016\/02\/15\/est-as-marsa-larbitre-walid-bannani-devant-la-commission-de-la-dna\/"]}]},{"@type":"ImageObject","inLanguage":"fr-FR","@id":"https:\/\/kapitalis.com\/tunisie\/2016\/02\/15\/est-as-marsa-larbitre-walid-bannani-devant-la-commission-de-la-dna\/#primaryimage","url":"","contentUrl":""},{"@type":"BreadcrumbList","@id":"https:\/\/kapitalis.com\/tunisie\/2016\/02\/15\/est-as-marsa-larbitre-walid-bannani-devant-la-commission-de-la-dna\/#breadcrumb","itemListElement":[{"@type":"ListItem","position":1,"name":"Accueil","item":"https:\/\/kapitalis.com\/tunisie\/"},{"@type":"ListItem","position":2,"name":"EST &#8211; AS Marsa : L\u2019arbitre Walid Bannani devant la commission de la DNA"}]},{"@type":"WebSite","@id":"https:\/\/kapitalis.com\/tunisie\/#website","url":"https:\/\/kapitalis.com\/tunisie\/","name":"Kapitalis","description":"L&#039;actualit\u00e9 en Tunisie et dans le monde","publisher":{"@id":"https:\/\/kapitalis.com\/tunisie\/#organization"},"potentialAction":[{"@type":"SearchAction","target":{"@type":"EntryPoint","urlTemplate":"https:\/\/kapitalis.com\/tunisie\/?s={search_term_string}"},"query-input":{"@type":"PropertyValueSpecification","valueRequired":true,"valueName":"search_term_string"}}],"inLanguage":"fr-FR"},{"@type":"Organization","@id":"https:\/\/kapitalis.com\/tunisie\/#organization","name":"Kapitalis","url":"https:\/\/kapitalis.com\/tunisie\/","logo":{"@type":"ImageObject","inLanguage":"fr-FR","@id":"https:\/\/kapitalis.com\/tunisie\/#\/schema\/logo\/image\/","url":"https:\/\/kapitalis.com\/tunisie\/wp-content\/uploads\/2022\/05\/Kapitalis-big-size.png","contentUrl":"https:\/\/kapitalis.com\/tunisie\/wp-content\/uploads\/2022\/05\/Kapitalis-big-size.png","width":5000,"height":1500,"caption":"Kapitalis"},"image":{"@id":"https:\/\/kapitalis.com\/tunisie\/#\/schema\/logo\/image\/"},"sameAs":["https:\/\/www.facebook.com\/KapitalisInfo\/","https:\/\/x.com\/KapitalisInfo","https:\/\/www.youtube.com\/channel\/UC-yDYrHyfFBWWZaOw3FPg9Q"]},{"@type":"Person","@id":"https:\/\/kapitalis.com\/tunisie\/#\/schema\/person\/d71f33a9ca44f7bad4698210b480c8e9","name":"webmaster kapitalis","url":"https:\/\/kapitalis.com\/tunisie\/author\/webmaster-kapitalis\/"}]}},"_links":{"self":[{"href":"https:\/\/kapitalis.com\/tunisie\/wp-json\/wp\/v2\/posts\/39793","targetHints":{"allow":["GET"]}}],"collection":[{"href":"https:\/\/kapitalis.com\/tunisie\/wp-json\/wp\/v2\/posts"}],"about":[{"href":"https:\/\/kapitalis.com\/tunisie\/wp-json\/wp\/v2\/types\/post"}],"author":[{"embeddable":true,"href":"https:\/\/kapitalis.com\/tunisie\/wp-json\/wp\/v2\/users\/8"}],"replies":[{"embeddable":true,"href":"https:\/\/kapitalis.com\/tunisie\/wp-json\/wp\/v2\/comments?post=39793"}],"version-history":[{"count":0,"href":"https:\/\/kapitalis.com\/tunisie\/wp-json\/wp\/v2\/posts\/39793\/revisions"}],"wp:featuredmedia":[{"embeddable":true,"href":"https:\/\/kapitalis.com\/tunisie\/wp-json\/wp\/v2\/media\/39794"}],"wp:attachment":[{"href":"https:\/\/kapitalis.com\/tunisie\/wp-json\/wp\/v2\/media?parent=39793"}],"wp:term":[{"taxonomy":"category","embeddable":true,"href":"https:\/\/kapitalis.com\/tunisie\/wp-json\/wp\/v2\/categories?post=39793"},{"taxonomy":"post_tag","embeddable":true,"href":"https:\/\/kapitalis.com\/tunisie\/wp-json\/wp\/v2\/tags?post=39793"}],"curies":[{"name":"wp","href":"https:\/\/api.w.org\/{rel}","templated":true}]}}