{"id":39812,"date":"2016-02-15T18:09:53","date_gmt":"2016-02-15T17:09:53","guid":{"rendered":"http:\/\/kapitalis.com\/tunisie\/?p=39812"},"modified":"2016-02-15T18:09:53","modified_gmt":"2016-02-15T17:09:53","slug":"slim-riahi-poursuivi-pour-diffamation-par-tahar-ben-hassine","status":"publish","type":"post","link":"https:\/\/kapitalis.com\/tunisie\/2016\/02\/15\/slim-riahi-poursuivi-pour-diffamation-par-tahar-ben-hassine\/","title":{"rendered":"Slim Riahi poursuivi pour diffamation par Tahar Ben Hassine"},"content":{"rendered":"<p><img loading=\"lazy\" decoding=\"async\" class=\"alignnone size-full wp-image-39813 aligncenter\" src=\"http:\/\/kapitalis.com\/tunisie\/wp-content\/uploads\/2016\/02\/SlimRiahi-et-Tahar-Ben-Hassine.jpg\" alt=\"SlimRiahi-et-Tahar-Ben-Hassine\" width=\"626\" height=\"380\" \/><\/p>\n<p><em><strong>Le minist\u00e8re public a ordonn\u00e9, aujourd&rsquo;hui, l\u2019ouverture d\u2019une instruction \u00e0 propos de la plainte de Tahar Ben Hassine contre Slim Riahi.<\/strong> <\/em><\/p>\n<p><!--more--><\/p>\n<p>Cette plainte pour diffamation a \u00e9t\u00e9 d\u00e9pos\u00e9e, il y a 2 ans et demi, par l\u2019ancien patron de la cha\u00eene Al-Hiwar Ettounsi contre l\u2019homme d\u2019affaires, pr\u00e9sident de l\u2019Union patriotique libre (UPL) et du Club africain. Elle sera examin\u00e9e par la chambre correctionnelle aupr\u00e8s du tribunal de premi\u00e8re instance de Tunisie, suite \u00e0 une d\u00e9cision du minist\u00e8re public prise aujourd&rsquo;hui, lundi 15 f\u00e9vrier 2016.<\/p>\n<p>Tahar Ben Hassine, alors patron d\u2019Al-Hiwar \u2013 revendue entre-temps \u00e0 l\u2019\u00e9pouse du producteur de t\u00e9l\u00e9vision Sami Fehri \u2013 avait d\u00e9pos\u00e9 une plainte contre Slim Riahi pour diffamation et diffusion de fausses informations le concernant.<\/p>\n<p>L\u2019homme d\u2019affaires avait indiqu\u00e9, dans un post sur sa page Facebook, avoir \u00e9t\u00e9 contact\u00e9 par M. Ben Hassine, qui sollicitait une aide financi\u00e8re pour sa chaine de t\u00e9l\u00e9vision, laquelle passait par des difficult\u00e9s. Une all\u00e9gation formellement d\u00e9mentie par Tahar Ben Hassine.<\/p>\n<p style=\"text-align: right;\"><strong>Z. A.<\/strong><\/p>\n","protected":false},"excerpt":{"rendered":"<p>Le minist\u00e8re public a ordonn\u00e9, aujourd&rsquo;hui, l\u2019ouverture d\u2019une instruction \u00e0 propos de la plainte de Tahar Ben Hassine contre Slim Riahi.<\/p>\n","protected":false},"author":8,"featured_media":39813,"comment_status":"open","ping_status":"open","sticky":false,"template":"","format":"standard","meta":{"footnotes":""},"categories":[996,2433],"tags":[2747,721,1642,4032],"class_list":["post-39812","post","type-post","status-publish","format-standard","has-post-thumbnail","hentry","category-media","category-tunisie","tag-diffamation","tag-plainte","tag-slim-riahi","tag-tahar-ben-hassine"],"yoast_head":"<!-- This site is optimized with the Yoast SEO plugin v26.6 - https:\/\/yoast.com\/wordpress\/plugins\/seo\/ -->\n<title>Slim Riahi poursuivi pour diffamation par Tahar Ben Hassine - Kapitalis<\/title>\n<meta name=\"robots\" content=\"index, follow, max-snippet:-1, max-image-preview:large, max-video-preview:-1\" \/>\n<link rel=\"canonical\" href=\"https:\/\/kapitalis.com\/tunisie\/2016\/02\/15\/slim-riahi-poursuivi-pour-diffamation-par-tahar-ben-hassine\/\" \/>\n<meta property=\"og:locale\" content=\"fr_FR\" \/>\n<meta property=\"og:type\" content=\"article\" \/>\n<meta property=\"og:title\" content=\"Slim Riahi poursuivi pour diffamation par Tahar Ben Hassine - Kapitalis\" \/>\n<meta property=\"og:description\" content=\"Le minist\u00e8re public a ordonn\u00e9, aujourd&rsquo;hui, l\u2019ouverture d\u2019une instruction \u00e0 propos de la plainte de Tahar Ben Hassine contre Slim Riahi.\" \/>\n<meta property=\"og:url\" content=\"https:\/\/kapitalis.com\/tunisie\/2016\/02\/15\/slim-riahi-poursuivi-pour-diffamation-par-tahar-ben-hassine\/\" \/>\n<meta property=\"og:site_name\" content=\"Kapitalis\" \/>\n<meta property=\"article:publisher\" content=\"https:\/\/www.facebook.com\/KapitalisInfo\/\" \/>\n<meta property=\"article:published_time\" content=\"2016-02-15T17:09:53+00:00\" \/>\n<meta property=\"og:image\" content=\"https:\/\/kapitalis.com\/tunisie\/wp-content\/uploads\/2022\/05\/kapitalis-logo-fb.png\" \/>\n\t<meta property=\"og:image:width\" content=\"1200\" \/>\n\t<meta property=\"og:image:height\" content=\"630\" \/>\n\t<meta property=\"og:image:type\" content=\"image\/png\" \/>\n<meta name=\"author\" content=\"webmaster kapitalis\" \/>\n<meta name=\"twitter:card\" content=\"summary_large_image\" \/>\n<meta name=\"twitter:creator\" content=\"@KapitalisInfo\" \/>\n<meta name=\"twitter:site\" content=\"@KapitalisInfo\" \/>\n<meta name=\"twitter:label1\" content=\"\u00c9crit par\" \/>\n\t<meta name=\"twitter:data1\" content=\"webmaster kapitalis\" \/>\n\t<meta name=\"twitter:label2\" content=\"Dur\u00e9e de lecture estim\u00e9e\" \/>\n\t<meta name=\"twitter:data2\" content=\"1 minute\" \/>\n<script type=\"application\/ld+json\" class=\"yoast-schema-graph\">{\"@context\":\"https:\/\/schema.org\",\"@graph\":[{\"@type\":\"Article\",\"@id\":\"https:\/\/kapitalis.com\/tunisie\/2016\/02\/15\/slim-riahi-poursuivi-pour-diffamation-par-tahar-ben-hassine\/#article\",\"isPartOf\":{\"@id\":\"https:\/\/kapitalis.com\/tunisie\/2016\/02\/15\/slim-riahi-poursuivi-pour-diffamation-par-tahar-ben-hassine\/\"},\"author\":{\"name\":\"webmaster kapitalis\",\"@id\":\"https:\/\/kapitalis.com\/tunisie\/#\/schema\/person\/d71f33a9ca44f7bad4698210b480c8e9\"},\"headline\":\"Slim Riahi poursuivi pour diffamation par Tahar Ben Hassine\",\"datePublished\":\"2016-02-15T17:09:53+00:00\",\"mainEntityOfPage\":{\"@id\":\"https:\/\/kapitalis.com\/tunisie\/2016\/02\/15\/slim-riahi-poursuivi-pour-diffamation-par-tahar-ben-hassine\/\"},\"wordCount\":192,\"commentCount\":0,\"publisher\":{\"@id\":\"https:\/\/kapitalis.com\/tunisie\/#organization\"},\"image\":{\"@id\":\"https:\/\/kapitalis.com\/tunisie\/2016\/02\/15\/slim-riahi-poursuivi-pour-diffamation-par-tahar-ben-hassine\/#primaryimage\"},\"thumbnailUrl\":\"\",\"keywords\":[\"diffamation\",\"plainte\",\"Slim Riahi\",\"Tahar Ben Hassine\"],\"articleSection\":[\"MEDIA\",\"Tunisie\"],\"inLanguage\":\"fr-FR\",\"potentialAction\":[{\"@type\":\"CommentAction\",\"name\":\"Comment\",\"target\":[\"https:\/\/kapitalis.com\/tunisie\/2016\/02\/15\/slim-riahi-poursuivi-pour-diffamation-par-tahar-ben-hassine\/#respond\"]}]},{\"@type\":\"WebPage\",\"@id\":\"https:\/\/kapitalis.com\/tunisie\/2016\/02\/15\/slim-riahi-poursuivi-pour-diffamation-par-tahar-ben-hassine\/\",\"url\":\"https:\/\/kapitalis.com\/tunisie\/2016\/02\/15\/slim-riahi-poursuivi-pour-diffamation-par-tahar-ben-hassine\/\",\"name\":\"Slim Riahi poursuivi pour diffamation par Tahar Ben Hassine - Kapitalis\",\"isPartOf\":{\"@id\":\"https:\/\/kapitalis.com\/tunisie\/#website\"},\"primaryImageOfPage\":{\"@id\":\"https:\/\/kapitalis.com\/tunisie\/2016\/02\/15\/slim-riahi-poursuivi-pour-diffamation-par-tahar-ben-hassine\/#primaryimage\"},\"image\":{\"@id\":\"https:\/\/kapitalis.com\/tunisie\/2016\/02\/15\/slim-riahi-poursuivi-pour-diffamation-par-tahar-ben-hassine\/#primaryimage\"},\"thumbnailUrl\":\"\",\"datePublished\":\"2016-02-15T17:09:53+00:00\",\"breadcrumb\":{\"@id\":\"https:\/\/kapitalis.com\/tunisie\/2016\/02\/15\/slim-riahi-poursuivi-pour-diffamation-par-tahar-ben-hassine\/#breadcrumb\"},\"inLanguage\":\"fr-FR\",\"potentialAction\":[{\"@type\":\"ReadAction\",\"target\":[\"https:\/\/kapitalis.com\/tunisie\/2016\/02\/15\/slim-riahi-poursuivi-pour-diffamation-par-tahar-ben-hassine\/\"]}]},{\"@type\":\"ImageObject\",\"inLanguage\":\"fr-FR\",\"@id\":\"https:\/\/kapitalis.com\/tunisie\/2016\/02\/15\/slim-riahi-poursuivi-pour-diffamation-par-tahar-ben-hassine\/#primaryimage\",\"url\":\"\",\"contentUrl\":\"\"},{\"@type\":\"BreadcrumbList\",\"@id\":\"https:\/\/kapitalis.com\/tunisie\/2016\/02\/15\/slim-riahi-poursuivi-pour-diffamation-par-tahar-ben-hassine\/#breadcrumb\",\"itemListElement\":[{\"@type\":\"ListItem\",\"position\":1,\"name\":\"Accueil\",\"item\":\"https:\/\/kapitalis.com\/tunisie\/\"},{\"@type\":\"ListItem\",\"position\":2,\"name\":\"Slim Riahi poursuivi pour diffamation par Tahar Ben Hassine\"}]},{\"@type\":\"WebSite\",\"@id\":\"https:\/\/kapitalis.com\/tunisie\/#website\",\"url\":\"https:\/\/kapitalis.com\/tunisie\/\",\"name\":\"Kapitalis\",\"description\":\"L&#039;actualit\u00e9 en Tunisie et dans le monde\",\"publisher\":{\"@id\":\"https:\/\/kapitalis.com\/tunisie\/#organization\"},\"potentialAction\":[{\"@type\":\"SearchAction\",\"target\":{\"@type\":\"EntryPoint\",\"urlTemplate\":\"https:\/\/kapitalis.com\/tunisie\/?s={search_term_string}\"},\"query-input\":{\"@type\":\"PropertyValueSpecification\",\"valueRequired\":true,\"valueName\":\"search_term_string\"}}],\"inLanguage\":\"fr-FR\"},{\"@type\":\"Organization\",\"@id\":\"https:\/\/kapitalis.com\/tunisie\/#organization\",\"name\":\"Kapitalis\",\"url\":\"https:\/\/kapitalis.com\/tunisie\/\",\"logo\":{\"@type\":\"ImageObject\",\"inLanguage\":\"fr-FR\",\"@id\":\"https:\/\/kapitalis.com\/tunisie\/#\/schema\/logo\/image\/\",\"url\":\"https:\/\/kapitalis.com\/tunisie\/wp-content\/uploads\/2022\/05\/Kapitalis-big-size.png\",\"contentUrl\":\"https:\/\/kapitalis.com\/tunisie\/wp-content\/uploads\/2022\/05\/Kapitalis-big-size.png\",\"width\":5000,\"height\":1500,\"caption\":\"Kapitalis\"},\"image\":{\"@id\":\"https:\/\/kapitalis.com\/tunisie\/#\/schema\/logo\/image\/\"},\"sameAs\":[\"https:\/\/www.facebook.com\/KapitalisInfo\/\",\"https:\/\/x.com\/KapitalisInfo\",\"https:\/\/www.youtube.com\/channel\/UC-yDYrHyfFBWWZaOw3FPg9Q\"]},{\"@type\":\"Person\",\"@id\":\"https:\/\/kapitalis.com\/tunisie\/#\/schema\/person\/d71f33a9ca44f7bad4698210b480c8e9\",\"name\":\"webmaster kapitalis\",\"url\":\"https:\/\/kapitalis.com\/tunisie\/author\/webmaster-kapitalis\/\"}]}<\/script>\n<!-- \/ Yoast SEO plugin. -->","yoast_head_json":{"title":"Slim Riahi poursuivi pour diffamation par Tahar Ben Hassine - Kapitalis","robots":{"index":"index","follow":"follow","max-snippet":"max-snippet:-1","max-image-preview":"max-image-preview:large","max-video-preview":"max-video-preview:-1"},"canonical":"https:\/\/kapitalis.com\/tunisie\/2016\/02\/15\/slim-riahi-poursuivi-pour-diffamation-par-tahar-ben-hassine\/","og_locale":"fr_FR","og_type":"article","og_title":"Slim Riahi poursuivi pour diffamation par Tahar Ben Hassine - Kapitalis","og_description":"Le minist\u00e8re public a ordonn\u00e9, aujourd&rsquo;hui, l\u2019ouverture d\u2019une instruction \u00e0 propos de la plainte de Tahar Ben Hassine contre Slim Riahi.","og_url":"https:\/\/kapitalis.com\/tunisie\/2016\/02\/15\/slim-riahi-poursuivi-pour-diffamation-par-tahar-ben-hassine\/","og_site_name":"Kapitalis","article_publisher":"https:\/\/www.facebook.com\/KapitalisInfo\/","article_published_time":"2016-02-15T17:09:53+00:00","og_image":[{"width":1200,"height":630,"url":"https:\/\/kapitalis.com\/tunisie\/wp-content\/uploads\/2022\/05\/kapitalis-logo-fb.png","type":"image\/png"}],"author":"webmaster kapitalis","twitter_card":"summary_large_image","twitter_creator":"@KapitalisInfo","twitter_site":"@KapitalisInfo","twitter_misc":{"\u00c9crit par":"webmaster kapitalis","Dur\u00e9e de lecture estim\u00e9e":"1 minute"},"schema":{"@context":"https:\/\/schema.org","@graph":[{"@type":"Article","@id":"https:\/\/kapitalis.com\/tunisie\/2016\/02\/15\/slim-riahi-poursuivi-pour-diffamation-par-tahar-ben-hassine\/#article","isPartOf":{"@id":"https:\/\/kapitalis.com\/tunisie\/2016\/02\/15\/slim-riahi-poursuivi-pour-diffamation-par-tahar-ben-hassine\/"},"author":{"name":"webmaster kapitalis","@id":"https:\/\/kapitalis.com\/tunisie\/#\/schema\/person\/d71f33a9ca44f7bad4698210b480c8e9"},"headline":"Slim Riahi poursuivi pour diffamation par Tahar Ben Hassine","datePublished":"2016-02-15T17:09:53+00:00","mainEntityOfPage":{"@id":"https:\/\/kapitalis.com\/tunisie\/2016\/02\/15\/slim-riahi-poursuivi-pour-diffamation-par-tahar-ben-hassine\/"},"wordCount":192,"commentCount":0,"publisher":{"@id":"https:\/\/kapitalis.com\/tunisie\/#organization"},"image":{"@id":"https:\/\/kapitalis.com\/tunisie\/2016\/02\/15\/slim-riahi-poursuivi-pour-diffamation-par-tahar-ben-hassine\/#primaryimage"},"thumbnailUrl":"","keywords":["diffamation","plainte","Slim Riahi","Tahar Ben Hassine"],"articleSection":["MEDIA","Tunisie"],"inLanguage":"fr-FR","potentialAction":[{"@type":"CommentAction","name":"Comment","target":["https:\/\/kapitalis.com\/tunisie\/2016\/02\/15\/slim-riahi-poursuivi-pour-diffamation-par-tahar-ben-hassine\/#respond"]}]},{"@type":"WebPage","@id":"https:\/\/kapitalis.com\/tunisie\/2016\/02\/15\/slim-riahi-poursuivi-pour-diffamation-par-tahar-ben-hassine\/","url":"https:\/\/kapitalis.com\/tunisie\/2016\/02\/15\/slim-riahi-poursuivi-pour-diffamation-par-tahar-ben-hassine\/","name":"Slim Riahi poursuivi pour diffamation par Tahar Ben Hassine - Kapitalis","isPartOf":{"@id":"https:\/\/kapitalis.com\/tunisie\/#website"},"primaryImageOfPage":{"@id":"https:\/\/kapitalis.com\/tunisie\/2016\/02\/15\/slim-riahi-poursuivi-pour-diffamation-par-tahar-ben-hassine\/#primaryimage"},"image":{"@id":"https:\/\/kapitalis.com\/tunisie\/2016\/02\/15\/slim-riahi-poursuivi-pour-diffamation-par-tahar-ben-hassine\/#primaryimage"},"thumbnailUrl":"","datePublished":"2016-02-15T17:09:53+00:00","breadcrumb":{"@id":"https:\/\/kapitalis.com\/tunisie\/2016\/02\/15\/slim-riahi-poursuivi-pour-diffamation-par-tahar-ben-hassine\/#breadcrumb"},"inLanguage":"fr-FR","potentialAction":[{"@type":"ReadAction","target":["https:\/\/kapitalis.com\/tunisie\/2016\/02\/15\/slim-riahi-poursuivi-pour-diffamation-par-tahar-ben-hassine\/"]}]},{"@type":"ImageObject","inLanguage":"fr-FR","@id":"https:\/\/kapitalis.com\/tunisie\/2016\/02\/15\/slim-riahi-poursuivi-pour-diffamation-par-tahar-ben-hassine\/#primaryimage","url":"","contentUrl":""},{"@type":"BreadcrumbList","@id":"https:\/\/kapitalis.com\/tunisie\/2016\/02\/15\/slim-riahi-poursuivi-pour-diffamation-par-tahar-ben-hassine\/#breadcrumb","itemListElement":[{"@type":"ListItem","position":1,"name":"Accueil","item":"https:\/\/kapitalis.com\/tunisie\/"},{"@type":"ListItem","position":2,"name":"Slim Riahi poursuivi pour diffamation par Tahar Ben Hassine"}]},{"@type":"WebSite","@id":"https:\/\/kapitalis.com\/tunisie\/#website","url":"https:\/\/kapitalis.com\/tunisie\/","name":"Kapitalis","description":"L&#039;actualit\u00e9 en Tunisie et dans le monde","publisher":{"@id":"https:\/\/kapitalis.com\/tunisie\/#organization"},"potentialAction":[{"@type":"SearchAction","target":{"@type":"EntryPoint","urlTemplate":"https:\/\/kapitalis.com\/tunisie\/?s={search_term_string}"},"query-input":{"@type":"PropertyValueSpecification","valueRequired":true,"valueName":"search_term_string"}}],"inLanguage":"fr-FR"},{"@type":"Organization","@id":"https:\/\/kapitalis.com\/tunisie\/#organization","name":"Kapitalis","url":"https:\/\/kapitalis.com\/tunisie\/","logo":{"@type":"ImageObject","inLanguage":"fr-FR","@id":"https:\/\/kapitalis.com\/tunisie\/#\/schema\/logo\/image\/","url":"https:\/\/kapitalis.com\/tunisie\/wp-content\/uploads\/2022\/05\/Kapitalis-big-size.png","contentUrl":"https:\/\/kapitalis.com\/tunisie\/wp-content\/uploads\/2022\/05\/Kapitalis-big-size.png","width":5000,"height":1500,"caption":"Kapitalis"},"image":{"@id":"https:\/\/kapitalis.com\/tunisie\/#\/schema\/logo\/image\/"},"sameAs":["https:\/\/www.facebook.com\/KapitalisInfo\/","https:\/\/x.com\/KapitalisInfo","https:\/\/www.youtube.com\/channel\/UC-yDYrHyfFBWWZaOw3FPg9Q"]},{"@type":"Person","@id":"https:\/\/kapitalis.com\/tunisie\/#\/schema\/person\/d71f33a9ca44f7bad4698210b480c8e9","name":"webmaster kapitalis","url":"https:\/\/kapitalis.com\/tunisie\/author\/webmaster-kapitalis\/"}]}},"_links":{"self":[{"href":"https:\/\/kapitalis.com\/tunisie\/wp-json\/wp\/v2\/posts\/39812","targetHints":{"allow":["GET"]}}],"collection":[{"href":"https:\/\/kapitalis.com\/tunisie\/wp-json\/wp\/v2\/posts"}],"about":[{"href":"https:\/\/kapitalis.com\/tunisie\/wp-json\/wp\/v2\/types\/post"}],"author":[{"embeddable":true,"href":"https:\/\/kapitalis.com\/tunisie\/wp-json\/wp\/v2\/users\/8"}],"replies":[{"embeddable":true,"href":"https:\/\/kapitalis.com\/tunisie\/wp-json\/wp\/v2\/comments?post=39812"}],"version-history":[{"count":0,"href":"https:\/\/kapitalis.com\/tunisie\/wp-json\/wp\/v2\/posts\/39812\/revisions"}],"wp:featuredmedia":[{"embeddable":true,"href":"https:\/\/kapitalis.com\/tunisie\/wp-json\/wp\/v2\/media\/39813"}],"wp:attachment":[{"href":"https:\/\/kapitalis.com\/tunisie\/wp-json\/wp\/v2\/media?parent=39812"}],"wp:term":[{"taxonomy":"category","embeddable":true,"href":"https:\/\/kapitalis.com\/tunisie\/wp-json\/wp\/v2\/categories?post=39812"},{"taxonomy":"post_tag","embeddable":true,"href":"https:\/\/kapitalis.com\/tunisie\/wp-json\/wp\/v2\/tags?post=39812"}],"curies":[{"name":"wp","href":"https:\/\/api.w.org\/{rel}","templated":true}]}}