{"id":39998,"date":"2016-02-16T21:43:53","date_gmt":"2016-02-16T20:43:53","guid":{"rendered":"http:\/\/kapitalis.com\/tunisie\/?p=39998"},"modified":"2016-02-16T21:50:44","modified_gmt":"2016-02-16T20:50:44","slug":"abus-et-omerta-les-fausses-revelations-de-la-cour-des-comptes","status":"publish","type":"post","link":"https:\/\/kapitalis.com\/tunisie\/2016\/02\/16\/abus-et-omerta-les-fausses-revelations-de-la-cour-des-comptes\/","title":{"rendered":"Abus et omerta: Les fausses r\u00e9v\u00e9lations de la Cour des Comptes"},"content":{"rendered":"<p><img loading=\"lazy\" decoding=\"async\" class=\"aligncenter size-full wp-image-39999\" src=\"http:\/\/kapitalis.com\/tunisie\/wp-content\/uploads\/2016\/02\/kharrat-10.jpg\" alt=\"kharrat 10\" width=\"626\" height=\"380\" \/><\/p>\n<p><em><strong>La pr\u00e9sentation du rapport annuel de la Cour des Comptes portant sur l&rsquo;ann\u00e9e budg\u00e9taire 2013\/2014 a \u00e9t\u00e9 marqu\u00e9e par deux fausses r\u00e9v\u00e9lations.<\/strong><\/em><\/p>\n<p><!--more--><\/p>\n<p>Lors de la pr\u00e9sentation du rapport annuel de la Cour des Comptes, aujourd\u2019hui, mardi 16 f\u00e9vrier 2016, son pr\u00e9sident, Abdellatif Kharrat a mentionn\u00e9 deux faits qui devraient interpeller l&rsquo;opinion publique.<\/p>\n<p>Le premier a trait \u00e0 la d\u00e9claration des biens par les membres du gouvernement. En effet, s\u2019ils proc\u00e8dent, tous, lors de la prise de leurs fonctions, \u00e0 la remise du formulaire \u00e9num\u00e9rant leurs biens et avoirs, ils \u00ab<em>oublient<\/em>\u00bb d\u2019effectuer la m\u00eame proc\u00e9dure \u00e0 la fin de leur mission, a-t-il pr\u00e9cis\u00e9, mais sans citer les noms des r\u00e9fractaires.<\/p>\n<p>M. Kharrat est revenu, ensuite, \u00e0 la fameuse affaire du candidat \u00e0 l\u2019\u00e9lection pr\u00e9sidentielle de 2014 qui avait re\u00e7u un virement de l\u2019\u00e9tranger pour le financement de sa campagne \u00e9lectorale. Mais s\u2019il a confirm\u00e9 ce fait, le pr\u00e9sident de la Cour des Comptes s\u2019est confin\u00e9 dans un mutisme total quant \u00e0 l\u2019identit\u00e9 du candidat en question.<\/p>\n<p>Pour justifier ce silence, Abdellatif Kharrat assure que la Cour n\u2019est pas habilit\u00e9e \u00e0 r\u00e9v\u00e9ler de tels secrets. <em>\u00abNous les transmettons aux autorit\u00e9s comp\u00e9tentes qui sont seules habilit\u00e9es \u00e0 les divulguer et les seules \u00e0 prendre les mesures appropri\u00e9es<\/em>\u00bb, a-t-il pr\u00e9cis\u00e9.<\/p>\n<p>Gr\u00e2ce \u00e0 cette <em>\u00abomerta gouvernementale\u00bb<\/em>, tr\u00e8s grave pour la d\u00e9mocratie, la transparence et le respect de la\u00a0 d\u00e9ontologie, les entorses \u00e0 la loi commises par ceux dont la mission est de veiller \u00e0 son respect restent dans les tiroirs et sont cach\u00e9es au grand public. Elles n&rsquo;entra\u00eenent pas non plus de sanctions pour leurs auteurs. Ce qui pose une question \u00e0 laquelle M. Kharrat serait bien inspir\u00e9 de r\u00e9pondre: \u00e0 quoi sert, dans ce cas, les contr\u00f4les effectu\u00e9s par la Cour des comptes? A \u00eatre rang\u00e9s dans les tiroirs du chef du gouvernement?<\/p>\n<p style=\"text-align: right;\"><strong>Noureddine H<\/strong><\/p>\n","protected":false},"excerpt":{"rendered":"<p>La pr\u00e9sentation du rapport annuel de la Cour des Comptes portant sur l&rsquo;ann\u00e9e budg\u00e9taire 2013\/2014 a \u00e9t\u00e9 marqu\u00e9e par deux fausses r\u00e9v\u00e9lations.<\/p>\n","protected":false},"author":12,"featured_media":39999,"comment_status":"open","ping_status":"open","sticky":false,"template":"","format":"standard","meta":{"footnotes":""},"categories":[997,2433],"tags":[2766,1363,2330,4790,1716,4797,5597],"class_list":["post-39998","post","type-post","status-publish","format-standard","has-post-thumbnail","hentry","category-politique","category-tunisie","tag-avoirs","tag-candidat","tag-cour-des-comptes","tag-declaration","tag-etranger","tag-presidentielle","tag-revelations"],"yoast_head":"<!-- This site is optimized with the Yoast SEO plugin v26.6 - https:\/\/yoast.com\/wordpress\/plugins\/seo\/ -->\n<title>Abus et omerta: Les fausses r\u00e9v\u00e9lations de la Cour des Comptes - Kapitalis<\/title>\n<meta name=\"robots\" content=\"index, follow, max-snippet:-1, max-image-preview:large, max-video-preview:-1\" \/>\n<link rel=\"canonical\" href=\"https:\/\/kapitalis.com\/tunisie\/2016\/02\/16\/abus-et-omerta-les-fausses-revelations-de-la-cour-des-comptes\/\" \/>\n<meta property=\"og:locale\" content=\"fr_FR\" \/>\n<meta property=\"og:type\" content=\"article\" \/>\n<meta property=\"og:title\" content=\"Abus et omerta: Les fausses r\u00e9v\u00e9lations de la Cour des Comptes - Kapitalis\" \/>\n<meta property=\"og:description\" content=\"La pr\u00e9sentation du rapport annuel de la Cour des Comptes portant sur l&rsquo;ann\u00e9e budg\u00e9taire 2013\/2014 a \u00e9t\u00e9 marqu\u00e9e par deux fausses r\u00e9v\u00e9lations.\" \/>\n<meta property=\"og:url\" content=\"https:\/\/kapitalis.com\/tunisie\/2016\/02\/16\/abus-et-omerta-les-fausses-revelations-de-la-cour-des-comptes\/\" \/>\n<meta property=\"og:site_name\" content=\"Kapitalis\" \/>\n<meta property=\"article:publisher\" content=\"https:\/\/www.facebook.com\/KapitalisInfo\/\" \/>\n<meta property=\"article:published_time\" content=\"2016-02-16T20:43:53+00:00\" \/>\n<meta property=\"article:modified_time\" content=\"2016-02-16T20:50:44+00:00\" \/>\n<meta property=\"og:image\" content=\"https:\/\/kapitalis.com\/tunisie\/wp-content\/uploads\/2022\/05\/kapitalis-logo-fb.png\" \/>\n\t<meta property=\"og:image:width\" content=\"1200\" \/>\n\t<meta property=\"og:image:height\" content=\"630\" \/>\n\t<meta property=\"og:image:type\" content=\"image\/png\" \/>\n<meta name=\"author\" content=\"Noureddine Hlaoui\" \/>\n<meta name=\"twitter:card\" content=\"summary_large_image\" \/>\n<meta name=\"twitter:creator\" content=\"@KapitalisInfo\" \/>\n<meta name=\"twitter:site\" content=\"@KapitalisInfo\" \/>\n<meta name=\"twitter:label1\" content=\"\u00c9crit par\" \/>\n\t<meta name=\"twitter:data1\" content=\"Noureddine Hlaoui\" \/>\n\t<meta name=\"twitter:label2\" content=\"Dur\u00e9e de lecture estim\u00e9e\" \/>\n\t<meta name=\"twitter:data2\" content=\"2 minutes\" \/>\n<script type=\"application\/ld+json\" class=\"yoast-schema-graph\">{\"@context\":\"https:\/\/schema.org\",\"@graph\":[{\"@type\":\"Article\",\"@id\":\"https:\/\/kapitalis.com\/tunisie\/2016\/02\/16\/abus-et-omerta-les-fausses-revelations-de-la-cour-des-comptes\/#article\",\"isPartOf\":{\"@id\":\"https:\/\/kapitalis.com\/tunisie\/2016\/02\/16\/abus-et-omerta-les-fausses-revelations-de-la-cour-des-comptes\/\"},\"author\":{\"name\":\"Noureddine Hlaoui\",\"@id\":\"https:\/\/kapitalis.com\/tunisie\/#\/schema\/person\/e49e6dd6ed3f0512aef25da8b3483abf\"},\"headline\":\"Abus et omerta: Les fausses r\u00e9v\u00e9lations de la Cour des Comptes\",\"datePublished\":\"2016-02-16T20:43:53+00:00\",\"dateModified\":\"2016-02-16T20:50:44+00:00\",\"mainEntityOfPage\":{\"@id\":\"https:\/\/kapitalis.com\/tunisie\/2016\/02\/16\/abus-et-omerta-les-fausses-revelations-de-la-cour-des-comptes\/\"},\"wordCount\":342,\"commentCount\":5,\"publisher\":{\"@id\":\"https:\/\/kapitalis.com\/tunisie\/#organization\"},\"image\":{\"@id\":\"https:\/\/kapitalis.com\/tunisie\/2016\/02\/16\/abus-et-omerta-les-fausses-revelations-de-la-cour-des-comptes\/#primaryimage\"},\"thumbnailUrl\":\"\",\"keywords\":[\"avoirs\",\"candidat\",\"Cour des comptes\",\"d\u00e9claration\",\"\u00e9tranger\",\"pr\u00e9sidentielle\",\"r\u00e9v\u00e9lations\"],\"articleSection\":[\"POLITIQUE\",\"Tunisie\"],\"inLanguage\":\"fr-FR\",\"potentialAction\":[{\"@type\":\"CommentAction\",\"name\":\"Comment\",\"target\":[\"https:\/\/kapitalis.com\/tunisie\/2016\/02\/16\/abus-et-omerta-les-fausses-revelations-de-la-cour-des-comptes\/#respond\"]}]},{\"@type\":\"WebPage\",\"@id\":\"https:\/\/kapitalis.com\/tunisie\/2016\/02\/16\/abus-et-omerta-les-fausses-revelations-de-la-cour-des-comptes\/\",\"url\":\"https:\/\/kapitalis.com\/tunisie\/2016\/02\/16\/abus-et-omerta-les-fausses-revelations-de-la-cour-des-comptes\/\",\"name\":\"Abus et omerta: Les fausses r\u00e9v\u00e9lations de la Cour des Comptes - Kapitalis\",\"isPartOf\":{\"@id\":\"https:\/\/kapitalis.com\/tunisie\/#website\"},\"primaryImageOfPage\":{\"@id\":\"https:\/\/kapitalis.com\/tunisie\/2016\/02\/16\/abus-et-omerta-les-fausses-revelations-de-la-cour-des-comptes\/#primaryimage\"},\"image\":{\"@id\":\"https:\/\/kapitalis.com\/tunisie\/2016\/02\/16\/abus-et-omerta-les-fausses-revelations-de-la-cour-des-comptes\/#primaryimage\"},\"thumbnailUrl\":\"\",\"datePublished\":\"2016-02-16T20:43:53+00:00\",\"dateModified\":\"2016-02-16T20:50:44+00:00\",\"breadcrumb\":{\"@id\":\"https:\/\/kapitalis.com\/tunisie\/2016\/02\/16\/abus-et-omerta-les-fausses-revelations-de-la-cour-des-comptes\/#breadcrumb\"},\"inLanguage\":\"fr-FR\",\"potentialAction\":[{\"@type\":\"ReadAction\",\"target\":[\"https:\/\/kapitalis.com\/tunisie\/2016\/02\/16\/abus-et-omerta-les-fausses-revelations-de-la-cour-des-comptes\/\"]}]},{\"@type\":\"ImageObject\",\"inLanguage\":\"fr-FR\",\"@id\":\"https:\/\/kapitalis.com\/tunisie\/2016\/02\/16\/abus-et-omerta-les-fausses-revelations-de-la-cour-des-comptes\/#primaryimage\",\"url\":\"\",\"contentUrl\":\"\"},{\"@type\":\"BreadcrumbList\",\"@id\":\"https:\/\/kapitalis.com\/tunisie\/2016\/02\/16\/abus-et-omerta-les-fausses-revelations-de-la-cour-des-comptes\/#breadcrumb\",\"itemListElement\":[{\"@type\":\"ListItem\",\"position\":1,\"name\":\"Accueil\",\"item\":\"https:\/\/kapitalis.com\/tunisie\/\"},{\"@type\":\"ListItem\",\"position\":2,\"name\":\"Abus et omerta: Les fausses r\u00e9v\u00e9lations de la Cour des Comptes\"}]},{\"@type\":\"WebSite\",\"@id\":\"https:\/\/kapitalis.com\/tunisie\/#website\",\"url\":\"https:\/\/kapitalis.com\/tunisie\/\",\"name\":\"Kapitalis\",\"description\":\"L&#039;actualit\u00e9 en Tunisie et dans le monde\",\"publisher\":{\"@id\":\"https:\/\/kapitalis.com\/tunisie\/#organization\"},\"potentialAction\":[{\"@type\":\"SearchAction\",\"target\":{\"@type\":\"EntryPoint\",\"urlTemplate\":\"https:\/\/kapitalis.com\/tunisie\/?s={search_term_string}\"},\"query-input\":{\"@type\":\"PropertyValueSpecification\",\"valueRequired\":true,\"valueName\":\"search_term_string\"}}],\"inLanguage\":\"fr-FR\"},{\"@type\":\"Organization\",\"@id\":\"https:\/\/kapitalis.com\/tunisie\/#organization\",\"name\":\"Kapitalis\",\"url\":\"https:\/\/kapitalis.com\/tunisie\/\",\"logo\":{\"@type\":\"ImageObject\",\"inLanguage\":\"fr-FR\",\"@id\":\"https:\/\/kapitalis.com\/tunisie\/#\/schema\/logo\/image\/\",\"url\":\"https:\/\/kapitalis.com\/tunisie\/wp-content\/uploads\/2022\/05\/Kapitalis-big-size.png\",\"contentUrl\":\"https:\/\/kapitalis.com\/tunisie\/wp-content\/uploads\/2022\/05\/Kapitalis-big-size.png\",\"width\":5000,\"height\":1500,\"caption\":\"Kapitalis\"},\"image\":{\"@id\":\"https:\/\/kapitalis.com\/tunisie\/#\/schema\/logo\/image\/\"},\"sameAs\":[\"https:\/\/www.facebook.com\/KapitalisInfo\/\",\"https:\/\/x.com\/KapitalisInfo\",\"https:\/\/www.youtube.com\/channel\/UC-yDYrHyfFBWWZaOw3FPg9Q\"]},{\"@type\":\"Person\",\"@id\":\"https:\/\/kapitalis.com\/tunisie\/#\/schema\/person\/e49e6dd6ed3f0512aef25da8b3483abf\",\"name\":\"Noureddine Hlaoui\",\"url\":\"https:\/\/kapitalis.com\/tunisie\/author\/noureddine-hlaoui\/\"}]}<\/script>\n<!-- \/ Yoast SEO plugin. -->","yoast_head_json":{"title":"Abus et omerta: Les fausses r\u00e9v\u00e9lations de la Cour des Comptes - Kapitalis","robots":{"index":"index","follow":"follow","max-snippet":"max-snippet:-1","max-image-preview":"max-image-preview:large","max-video-preview":"max-video-preview:-1"},"canonical":"https:\/\/kapitalis.com\/tunisie\/2016\/02\/16\/abus-et-omerta-les-fausses-revelations-de-la-cour-des-comptes\/","og_locale":"fr_FR","og_type":"article","og_title":"Abus et omerta: Les fausses r\u00e9v\u00e9lations de la Cour des Comptes - Kapitalis","og_description":"La pr\u00e9sentation du rapport annuel de la Cour des Comptes portant sur l&rsquo;ann\u00e9e budg\u00e9taire 2013\/2014 a \u00e9t\u00e9 marqu\u00e9e par deux fausses r\u00e9v\u00e9lations.","og_url":"https:\/\/kapitalis.com\/tunisie\/2016\/02\/16\/abus-et-omerta-les-fausses-revelations-de-la-cour-des-comptes\/","og_site_name":"Kapitalis","article_publisher":"https:\/\/www.facebook.com\/KapitalisInfo\/","article_published_time":"2016-02-16T20:43:53+00:00","article_modified_time":"2016-02-16T20:50:44+00:00","og_image":[{"width":1200,"height":630,"url":"https:\/\/kapitalis.com\/tunisie\/wp-content\/uploads\/2022\/05\/kapitalis-logo-fb.png","type":"image\/png"}],"author":"Noureddine Hlaoui","twitter_card":"summary_large_image","twitter_creator":"@KapitalisInfo","twitter_site":"@KapitalisInfo","twitter_misc":{"\u00c9crit par":"Noureddine Hlaoui","Dur\u00e9e de lecture estim\u00e9e":"2 minutes"},"schema":{"@context":"https:\/\/schema.org","@graph":[{"@type":"Article","@id":"https:\/\/kapitalis.com\/tunisie\/2016\/02\/16\/abus-et-omerta-les-fausses-revelations-de-la-cour-des-comptes\/#article","isPartOf":{"@id":"https:\/\/kapitalis.com\/tunisie\/2016\/02\/16\/abus-et-omerta-les-fausses-revelations-de-la-cour-des-comptes\/"},"author":{"name":"Noureddine Hlaoui","@id":"https:\/\/kapitalis.com\/tunisie\/#\/schema\/person\/e49e6dd6ed3f0512aef25da8b3483abf"},"headline":"Abus et omerta: Les fausses r\u00e9v\u00e9lations de la Cour des Comptes","datePublished":"2016-02-16T20:43:53+00:00","dateModified":"2016-02-16T20:50:44+00:00","mainEntityOfPage":{"@id":"https:\/\/kapitalis.com\/tunisie\/2016\/02\/16\/abus-et-omerta-les-fausses-revelations-de-la-cour-des-comptes\/"},"wordCount":342,"commentCount":5,"publisher":{"@id":"https:\/\/kapitalis.com\/tunisie\/#organization"},"image":{"@id":"https:\/\/kapitalis.com\/tunisie\/2016\/02\/16\/abus-et-omerta-les-fausses-revelations-de-la-cour-des-comptes\/#primaryimage"},"thumbnailUrl":"","keywords":["avoirs","candidat","Cour des comptes","d\u00e9claration","\u00e9tranger","pr\u00e9sidentielle","r\u00e9v\u00e9lations"],"articleSection":["POLITIQUE","Tunisie"],"inLanguage":"fr-FR","potentialAction":[{"@type":"CommentAction","name":"Comment","target":["https:\/\/kapitalis.com\/tunisie\/2016\/02\/16\/abus-et-omerta-les-fausses-revelations-de-la-cour-des-comptes\/#respond"]}]},{"@type":"WebPage","@id":"https:\/\/kapitalis.com\/tunisie\/2016\/02\/16\/abus-et-omerta-les-fausses-revelations-de-la-cour-des-comptes\/","url":"https:\/\/kapitalis.com\/tunisie\/2016\/02\/16\/abus-et-omerta-les-fausses-revelations-de-la-cour-des-comptes\/","name":"Abus et omerta: Les fausses r\u00e9v\u00e9lations de la Cour des Comptes - Kapitalis","isPartOf":{"@id":"https:\/\/kapitalis.com\/tunisie\/#website"},"primaryImageOfPage":{"@id":"https:\/\/kapitalis.com\/tunisie\/2016\/02\/16\/abus-et-omerta-les-fausses-revelations-de-la-cour-des-comptes\/#primaryimage"},"image":{"@id":"https:\/\/kapitalis.com\/tunisie\/2016\/02\/16\/abus-et-omerta-les-fausses-revelations-de-la-cour-des-comptes\/#primaryimage"},"thumbnailUrl":"","datePublished":"2016-02-16T20:43:53+00:00","dateModified":"2016-02-16T20:50:44+00:00","breadcrumb":{"@id":"https:\/\/kapitalis.com\/tunisie\/2016\/02\/16\/abus-et-omerta-les-fausses-revelations-de-la-cour-des-comptes\/#breadcrumb"},"inLanguage":"fr-FR","potentialAction":[{"@type":"ReadAction","target":["https:\/\/kapitalis.com\/tunisie\/2016\/02\/16\/abus-et-omerta-les-fausses-revelations-de-la-cour-des-comptes\/"]}]},{"@type":"ImageObject","inLanguage":"fr-FR","@id":"https:\/\/kapitalis.com\/tunisie\/2016\/02\/16\/abus-et-omerta-les-fausses-revelations-de-la-cour-des-comptes\/#primaryimage","url":"","contentUrl":""},{"@type":"BreadcrumbList","@id":"https:\/\/kapitalis.com\/tunisie\/2016\/02\/16\/abus-et-omerta-les-fausses-revelations-de-la-cour-des-comptes\/#breadcrumb","itemListElement":[{"@type":"ListItem","position":1,"name":"Accueil","item":"https:\/\/kapitalis.com\/tunisie\/"},{"@type":"ListItem","position":2,"name":"Abus et omerta: Les fausses r\u00e9v\u00e9lations de la Cour des Comptes"}]},{"@type":"WebSite","@id":"https:\/\/kapitalis.com\/tunisie\/#website","url":"https:\/\/kapitalis.com\/tunisie\/","name":"Kapitalis","description":"L&#039;actualit\u00e9 en Tunisie et dans le monde","publisher":{"@id":"https:\/\/kapitalis.com\/tunisie\/#organization"},"potentialAction":[{"@type":"SearchAction","target":{"@type":"EntryPoint","urlTemplate":"https:\/\/kapitalis.com\/tunisie\/?s={search_term_string}"},"query-input":{"@type":"PropertyValueSpecification","valueRequired":true,"valueName":"search_term_string"}}],"inLanguage":"fr-FR"},{"@type":"Organization","@id":"https:\/\/kapitalis.com\/tunisie\/#organization","name":"Kapitalis","url":"https:\/\/kapitalis.com\/tunisie\/","logo":{"@type":"ImageObject","inLanguage":"fr-FR","@id":"https:\/\/kapitalis.com\/tunisie\/#\/schema\/logo\/image\/","url":"https:\/\/kapitalis.com\/tunisie\/wp-content\/uploads\/2022\/05\/Kapitalis-big-size.png","contentUrl":"https:\/\/kapitalis.com\/tunisie\/wp-content\/uploads\/2022\/05\/Kapitalis-big-size.png","width":5000,"height":1500,"caption":"Kapitalis"},"image":{"@id":"https:\/\/kapitalis.com\/tunisie\/#\/schema\/logo\/image\/"},"sameAs":["https:\/\/www.facebook.com\/KapitalisInfo\/","https:\/\/x.com\/KapitalisInfo","https:\/\/www.youtube.com\/channel\/UC-yDYrHyfFBWWZaOw3FPg9Q"]},{"@type":"Person","@id":"https:\/\/kapitalis.com\/tunisie\/#\/schema\/person\/e49e6dd6ed3f0512aef25da8b3483abf","name":"Noureddine Hlaoui","url":"https:\/\/kapitalis.com\/tunisie\/author\/noureddine-hlaoui\/"}]}},"_links":{"self":[{"href":"https:\/\/kapitalis.com\/tunisie\/wp-json\/wp\/v2\/posts\/39998","targetHints":{"allow":["GET"]}}],"collection":[{"href":"https:\/\/kapitalis.com\/tunisie\/wp-json\/wp\/v2\/posts"}],"about":[{"href":"https:\/\/kapitalis.com\/tunisie\/wp-json\/wp\/v2\/types\/post"}],"author":[{"embeddable":true,"href":"https:\/\/kapitalis.com\/tunisie\/wp-json\/wp\/v2\/users\/12"}],"replies":[{"embeddable":true,"href":"https:\/\/kapitalis.com\/tunisie\/wp-json\/wp\/v2\/comments?post=39998"}],"version-history":[{"count":0,"href":"https:\/\/kapitalis.com\/tunisie\/wp-json\/wp\/v2\/posts\/39998\/revisions"}],"wp:featuredmedia":[{"embeddable":true,"href":"https:\/\/kapitalis.com\/tunisie\/wp-json\/wp\/v2\/media\/39999"}],"wp:attachment":[{"href":"https:\/\/kapitalis.com\/tunisie\/wp-json\/wp\/v2\/media?parent=39998"}],"wp:term":[{"taxonomy":"category","embeddable":true,"href":"https:\/\/kapitalis.com\/tunisie\/wp-json\/wp\/v2\/categories?post=39998"},{"taxonomy":"post_tag","embeddable":true,"href":"https:\/\/kapitalis.com\/tunisie\/wp-json\/wp\/v2\/tags?post=39998"}],"curies":[{"name":"wp","href":"https:\/\/api.w.org\/{rel}","templated":true}]}}