{"id":40056,"date":"2016-02-17T12:06:10","date_gmt":"2016-02-17T11:06:10","guid":{"rendered":"http:\/\/kapitalis.com\/tunisie\/?p=40056"},"modified":"2016-02-17T12:07:29","modified_gmt":"2016-02-17T11:07:29","slug":"la-tunisie-face-aux-nouveaux-mouvements-migratoires","status":"publish","type":"post","link":"https:\/\/kapitalis.com\/tunisie\/2016\/02\/17\/la-tunisie-face-aux-nouveaux-mouvements-migratoires\/","title":{"rendered":"La  Tunisie face aux nouveaux mouvements migratoires"},"content":{"rendered":"<p><img loading=\"lazy\" decoding=\"async\" class=\"alignnone size-full wp-image-40057 aligncenter\" src=\"http:\/\/kapitalis.com\/tunisie\/wp-content\/uploads\/2016\/02\/Seminaire-Migration.jpg\" alt=\"Seminaire-Migration\" width=\"626\" height=\"380\" \/><\/p>\n<p><em><strong>Pays de tr\u00e8s ancienne tradition migratoire, comptant plus d\u2019un million d\u2019expatri\u00e9s \u00e0 travers le monde, la Tunisie est devenue un pays d\u2019accueil et de transit de migrants.<\/strong> <\/em><\/p>\n<p>Par<strong> Wajdi Msaed<\/strong><\/p>\n<p><!--more--><\/p>\n<p>Ce sujet a \u00e9t\u00e9 au centre d\u2019un s\u00e9minaire \u00e0 Gammarth, au nord de Tunis, les 11 et 12 f\u00e9vrier 2016, organis\u00e9 par le minist\u00e8re des Affaires sociales, avec le soutien de l\u2019Organisation internationale du travail (OIT) et le Haut commissariat des Nations Unies aux Droits de l\u2019Homme (HCDH), et qui a port\u00e9 sur la <em>\u00abprotection des droits des travailleurs migrants : vers la r\u00e9vision et l&rsquo;harmonisation des lois et r\u00e9glementations tunisiennes avec les normes internationales pertinentes\u00bb<\/em>.<\/p>\n<p><strong>L\u2019harmonisation des lois <\/strong><\/p>\n<p>Ce s\u00e9minaire, tenu dans le cadre du projet \u00abIram\u00bb, financ\u00e9 par la direction du D\u00e9veloppement et de la Coop\u00e9ration de la Conf\u00e9d\u00e9ration Suisse, et mis en oeuvre par l\u2019OIT et le HCDH, a permis aux participants de r\u00e9fl\u00e9chir aux moyens d\u2019une harmonisation de la l\u00e9gislation en vigueur avec la nouvelle Constitution Tunisienne et les normes internationales en la mati\u00e8re.<\/p>\n<p>Ont pris part aux deux journ\u00e9es d\u2019\u00e9tudes et de r\u00e9flexion des repr\u00e9sentants des d\u00e9partements minist\u00e9riels concern\u00e9s (Affaires sociales, Emploi et Formation), des organisations nationales (UGTT et Utica), des membres de l\u2019Assembl\u00e9e des repr\u00e9sentants du peuple (ARP), des universitaires et des activistes de la soci\u00e9t\u00e9 civile. La plupart des intervenants ont plaid\u00e9 pour la ratification par la Tunisie de la Convention internationale sur la protection des droits de tous les travailleurs migrants et des membres de leur famille et des Conventions de l\u2019OIT 97 et 143 sur les travailleurs migrants, et 189 sur les travailleurs domestiques.<\/p>\n<p style=\"text-align: center;\"><img loading=\"lazy\" decoding=\"async\" class=\"alignnone size-full wp-image-40060\" src=\"http:\/\/kapitalis.com\/tunisie\/wp-content\/uploads\/2016\/02\/Migration.jpg\" alt=\"Migration\" width=\"500\" height=\"700\" \/><\/p>\n<p>La r\u00e9volution de janvier 2011 et les bouleversements r\u00e9gionaux, notamment la crise s\u00e9vissant dans la Libye voisine, ont impact\u00e9 consid\u00e9rablement le <em>\u00abprofil migratoire\u00bb<\/em> de la Tunisie.<\/p>\n<p>Notre pays qui compte 12,5% de population expatri\u00e9e, dont 36% de femmes, devient aussi un pays de transit et d&rsquo;accueil de main d&rsquo;oeuvre migrante et de migrants, souvent originaires du Maghreb et de l\u2019Afrique sub-saharienne, qui atterrissent en Tunisie pour s\u2019y installer ou pour un transit en perspective d\u2019un d\u00e9part vers l\u2019Europe \u00e0 travers des convois clandestins.<\/p>\n<p><strong>Une protection qui s\u2019impose<\/strong><\/p>\n<p>L&rsquo;a protection des travailleurs migrants s&rsquo;impose \u00e0 la Tunisie comme un imp\u00e9ratif pour vaincre la pr\u00e9carit\u00e9 et la vuln\u00e9rabilit\u00e9 de ces populations et contrer les pratiques abusives de passeurs sans foi ni loi.<\/p>\n<p>D\u2019autre part, la l\u00e9gislation en vigueur et tout l\u2019arsenal juridique ayant trait \u00e0 cette probl\u00e9matique tr\u00e8s d\u00e9licate doivent d\u2019\u00eatre r\u00e9vis\u00e9s en vue, d\u2019abord, de les adapter au droit international, et d\u2019assurer, ensuite, une meilleure protection aux Tunisiens r\u00e9sidant \u00e0 l\u2019\u00e9tranger et \u00e0 ceux qui souhaitent revenir en Tunisie, ainsi qu\u2019\u00e0 tous les migrants \u00e9trangers que notre pays accueille, bon gr\u00e9 mal gr\u00e9, qu&rsquo;ils soient r\u00e9guliers, irr\u00e9guliers, travailleurs du secteur informel ou femmes domestiques.<\/p>\n<p>Les diff\u00e9rents aspects de cette probl\u00e9matique ont \u00e9t\u00e9 donc examin\u00e9s, analys\u00e9s et d\u00e9battus \u00e0 travers quatre th\u00e8mes abord\u00e9s dans le cadre d&rsquo;ateliers de travail, appuy\u00e9s et guid\u00e9s par des experts nationaux et internationaux.<\/p>\n<p>Le premier atelier s\u2019est int\u00e9ress\u00e9 \u00e0 la situation des Tunisiens r\u00e9sidant \u00e0 l&rsquo;\u00e9tranger (TRE) et l&rsquo;int\u00e9gration socio-\u00e9conomique des migrants tunisiens de retour au pays. Le 2e a d\u00e9battu de la protection des droits des travailleurs domestiques en Tunisie. Le 3e a trait\u00e9 de la r\u00e9vision des pr\u00e9rogatives et des r\u00f4les de l&rsquo;inspecteur du travail dans la protection de tous les travailleurs migrants. Quant au 4e, il s\u2019est pench\u00e9 sur la r\u00e9vision du cadre r\u00e9glementaire relatif \u00e0 l&rsquo;acc\u00e8s aux march\u00e9s du travail, notamment le code du travail, qui doit \u00eatre amend\u00e9 pour \u00eatre en phase avec la l\u00e9gislation internationale en mati\u00e8re de protection des travailleurs immigr\u00e9s.<\/p>\n<p>Un plan d&rsquo;action r\u00e9sumant les \u00e9tapes \u00e0 suivre et identifiant les acteurs responsables a \u00e9t\u00e9 d\u00e9fini en fin de session. En outre, des fiches techniques th\u00e9matiques vont \u00eatre \u00e9labor\u00e9es \u00e0 partir des discussions et recommandations des ateliers pour d\u00e9finir les lignes directrices pour les mandants tunisiens de l\u2019OIT (minist\u00e8res concern\u00e9s, UGTT et Utica) pour mener \u00e0 bien la r\u00e9vision l\u00e9gislative et r\u00e9glementaire selon les normes internationales et les besoins nationaux, et en harmonie avec la nouvelle constitution tunisienne<\/p>\n<p style=\"text-align: center;\"><img loading=\"lazy\" decoding=\"async\" class=\"alignnone size-full wp-image-40061\" src=\"http:\/\/kapitalis.com\/tunisie\/wp-content\/uploads\/2016\/02\/Seminaire-Migration-2.jpg\" alt=\"Seminaire-Migration-2\" width=\"500\" height=\"300\" \/><\/p>\n<p><strong>Les missions de l\u2019Iram <\/strong><\/p>\n<p>Notons que les interventions de l\u2019Institut de recherches et d\u2019applications de m\u00e9thodes de d\u00e9veloppement (Iram), qui est associ\u00e9 \u00e0 l\u2019organisation de ce s\u00e9minaire, visent la mise au point ou le perfectionnement d\u2019outils, la mise en place ou la consolidation d\u2019institutions ou de dispositifs collectifs tels que des institutions de microfinance, des centres de prestations de services, des instances de concertation entre les diff\u00e9rents acteurs d\u2019une fili\u00e8re ou d\u2019un territoire, etc. Il intervient aussi dans la formulation ou l\u2019\u00e9valuation de politiques publiques.<\/p>\n<p>Derni\u00e8rement, l\u2019Iram a fourni ses services dans une quarantaine de pays (Afrique, Am\u00e9rique Latine et Centrale, Asie du Sud-Est, Europe) \u00e0 la demande d\u2019administrations publiques, d\u2019organisations de la soci\u00e9t\u00e9 civile ou d\u2019institutions priv\u00e9es. Selon les cas, ces interventions sont financ\u00e9es par les demandeurs eux-m\u00eames, des agences de coop\u00e9ration bilat\u00e9rales, des organismes multilat\u00e9raux, des fondations ou des Ong.<\/p>\n<p>Pour apporter des r\u00e9ponses adapt\u00e9es aux demandes, l\u2019Iram mobilise des experts aux comp\u00e9tences sp\u00e9cifiques dans diff\u00e9rentes disciplines : agronomie, \u00e9conomie, sociologie, gestion des entreprises, am\u00e9nagement du territoire, d\u00e9veloppement institutionnel. Ils font partie de l\u2019\u00e9quipe permanente de l\u2019Iram, ou de son r\u00e9seau d\u2019experts associ\u00e9s.<\/p>\n","protected":false},"excerpt":{"rendered":"<p>Pays de tr\u00e8s ancienne tradition migratoire, comptant plus d\u2019un million d\u2019expatri\u00e9s \u00e0 travers le monde, la Tunisie est devenue un pays d\u2019accueil et de transit de migrants. Par Wajdi Msaed<\/p>\n","protected":false},"author":8,"featured_media":40057,"comment_status":"open","ping_status":"open","sticky":false,"template":"","format":"standard","meta":{"footnotes":""},"categories":[992,998,2433],"tags":[3145,5548,9846],"class_list":["post-40056","post","type-post","status-publish","format-standard","has-post-thumbnail","hentry","category-a-la-une","category-societe","category-tunisie","tag-migrants","tag-migration","tag-oit"],"yoast_head":"<!-- This site is optimized with the Yoast SEO plugin v26.6 - https:\/\/yoast.com\/wordpress\/plugins\/seo\/ -->\n<title>La Tunisie face aux nouveaux mouvements migratoires - Kapitalis<\/title>\n<meta name=\"robots\" content=\"index, follow, max-snippet:-1, max-image-preview:large, max-video-preview:-1\" \/>\n<link rel=\"canonical\" href=\"https:\/\/kapitalis.com\/tunisie\/2016\/02\/17\/la-tunisie-face-aux-nouveaux-mouvements-migratoires\/\" \/>\n<meta property=\"og:locale\" content=\"fr_FR\" \/>\n<meta property=\"og:type\" content=\"article\" \/>\n<meta property=\"og:title\" content=\"La Tunisie face aux nouveaux mouvements migratoires - Kapitalis\" \/>\n<meta property=\"og:description\" content=\"Pays de tr\u00e8s ancienne tradition migratoire, comptant plus d\u2019un million d\u2019expatri\u00e9s \u00e0 travers le monde, la Tunisie est devenue un pays d\u2019accueil et de transit de migrants. Par Wajdi Msaed\" \/>\n<meta property=\"og:url\" content=\"https:\/\/kapitalis.com\/tunisie\/2016\/02\/17\/la-tunisie-face-aux-nouveaux-mouvements-migratoires\/\" \/>\n<meta property=\"og:site_name\" content=\"Kapitalis\" \/>\n<meta property=\"article:publisher\" content=\"https:\/\/www.facebook.com\/KapitalisInfo\/\" \/>\n<meta property=\"article:published_time\" content=\"2016-02-17T11:06:10+00:00\" \/>\n<meta property=\"article:modified_time\" content=\"2016-02-17T11:07:29+00:00\" \/>\n<meta property=\"og:image\" content=\"https:\/\/kapitalis.com\/tunisie\/wp-content\/uploads\/2022\/05\/kapitalis-logo-fb.png\" \/>\n\t<meta property=\"og:image:width\" content=\"1200\" \/>\n\t<meta property=\"og:image:height\" content=\"630\" \/>\n\t<meta property=\"og:image:type\" content=\"image\/png\" \/>\n<meta name=\"author\" content=\"webmaster kapitalis\" \/>\n<meta name=\"twitter:card\" content=\"summary_large_image\" \/>\n<meta name=\"twitter:creator\" content=\"@KapitalisInfo\" \/>\n<meta name=\"twitter:site\" content=\"@KapitalisInfo\" \/>\n<meta name=\"twitter:label1\" content=\"\u00c9crit par\" \/>\n\t<meta name=\"twitter:data1\" content=\"webmaster kapitalis\" \/>\n\t<meta name=\"twitter:label2\" content=\"Dur\u00e9e de lecture estim\u00e9e\" \/>\n\t<meta name=\"twitter:data2\" content=\"5 minutes\" \/>\n<script type=\"application\/ld+json\" class=\"yoast-schema-graph\">{\"@context\":\"https:\/\/schema.org\",\"@graph\":[{\"@type\":\"Article\",\"@id\":\"https:\/\/kapitalis.com\/tunisie\/2016\/02\/17\/la-tunisie-face-aux-nouveaux-mouvements-migratoires\/#article\",\"isPartOf\":{\"@id\":\"https:\/\/kapitalis.com\/tunisie\/2016\/02\/17\/la-tunisie-face-aux-nouveaux-mouvements-migratoires\/\"},\"author\":{\"name\":\"webmaster kapitalis\",\"@id\":\"https:\/\/kapitalis.com\/tunisie\/#\/schema\/person\/d71f33a9ca44f7bad4698210b480c8e9\"},\"headline\":\"La Tunisie face aux nouveaux mouvements migratoires\",\"datePublished\":\"2016-02-17T11:06:10+00:00\",\"dateModified\":\"2016-02-17T11:07:29+00:00\",\"mainEntityOfPage\":{\"@id\":\"https:\/\/kapitalis.com\/tunisie\/2016\/02\/17\/la-tunisie-face-aux-nouveaux-mouvements-migratoires\/\"},\"wordCount\":981,\"commentCount\":0,\"publisher\":{\"@id\":\"https:\/\/kapitalis.com\/tunisie\/#organization\"},\"image\":{\"@id\":\"https:\/\/kapitalis.com\/tunisie\/2016\/02\/17\/la-tunisie-face-aux-nouveaux-mouvements-migratoires\/#primaryimage\"},\"thumbnailUrl\":\"\",\"keywords\":[\"migrants\",\"migration\",\"OIT\"],\"articleSection\":[\"A LA UNE\",\"SOCIETE\",\"Tunisie\"],\"inLanguage\":\"fr-FR\",\"potentialAction\":[{\"@type\":\"CommentAction\",\"name\":\"Comment\",\"target\":[\"https:\/\/kapitalis.com\/tunisie\/2016\/02\/17\/la-tunisie-face-aux-nouveaux-mouvements-migratoires\/#respond\"]}]},{\"@type\":\"WebPage\",\"@id\":\"https:\/\/kapitalis.com\/tunisie\/2016\/02\/17\/la-tunisie-face-aux-nouveaux-mouvements-migratoires\/\",\"url\":\"https:\/\/kapitalis.com\/tunisie\/2016\/02\/17\/la-tunisie-face-aux-nouveaux-mouvements-migratoires\/\",\"name\":\"La Tunisie face aux nouveaux mouvements migratoires - Kapitalis\",\"isPartOf\":{\"@id\":\"https:\/\/kapitalis.com\/tunisie\/#website\"},\"primaryImageOfPage\":{\"@id\":\"https:\/\/kapitalis.com\/tunisie\/2016\/02\/17\/la-tunisie-face-aux-nouveaux-mouvements-migratoires\/#primaryimage\"},\"image\":{\"@id\":\"https:\/\/kapitalis.com\/tunisie\/2016\/02\/17\/la-tunisie-face-aux-nouveaux-mouvements-migratoires\/#primaryimage\"},\"thumbnailUrl\":\"\",\"datePublished\":\"2016-02-17T11:06:10+00:00\",\"dateModified\":\"2016-02-17T11:07:29+00:00\",\"breadcrumb\":{\"@id\":\"https:\/\/kapitalis.com\/tunisie\/2016\/02\/17\/la-tunisie-face-aux-nouveaux-mouvements-migratoires\/#breadcrumb\"},\"inLanguage\":\"fr-FR\",\"potentialAction\":[{\"@type\":\"ReadAction\",\"target\":[\"https:\/\/kapitalis.com\/tunisie\/2016\/02\/17\/la-tunisie-face-aux-nouveaux-mouvements-migratoires\/\"]}]},{\"@type\":\"ImageObject\",\"inLanguage\":\"fr-FR\",\"@id\":\"https:\/\/kapitalis.com\/tunisie\/2016\/02\/17\/la-tunisie-face-aux-nouveaux-mouvements-migratoires\/#primaryimage\",\"url\":\"\",\"contentUrl\":\"\"},{\"@type\":\"BreadcrumbList\",\"@id\":\"https:\/\/kapitalis.com\/tunisie\/2016\/02\/17\/la-tunisie-face-aux-nouveaux-mouvements-migratoires\/#breadcrumb\",\"itemListElement\":[{\"@type\":\"ListItem\",\"position\":1,\"name\":\"Accueil\",\"item\":\"https:\/\/kapitalis.com\/tunisie\/\"},{\"@type\":\"ListItem\",\"position\":2,\"name\":\"La Tunisie face aux nouveaux mouvements migratoires\"}]},{\"@type\":\"WebSite\",\"@id\":\"https:\/\/kapitalis.com\/tunisie\/#website\",\"url\":\"https:\/\/kapitalis.com\/tunisie\/\",\"name\":\"Kapitalis\",\"description\":\"L&#039;actualit\u00e9 en Tunisie et dans le monde\",\"publisher\":{\"@id\":\"https:\/\/kapitalis.com\/tunisie\/#organization\"},\"potentialAction\":[{\"@type\":\"SearchAction\",\"target\":{\"@type\":\"EntryPoint\",\"urlTemplate\":\"https:\/\/kapitalis.com\/tunisie\/?s={search_term_string}\"},\"query-input\":{\"@type\":\"PropertyValueSpecification\",\"valueRequired\":true,\"valueName\":\"search_term_string\"}}],\"inLanguage\":\"fr-FR\"},{\"@type\":\"Organization\",\"@id\":\"https:\/\/kapitalis.com\/tunisie\/#organization\",\"name\":\"Kapitalis\",\"url\":\"https:\/\/kapitalis.com\/tunisie\/\",\"logo\":{\"@type\":\"ImageObject\",\"inLanguage\":\"fr-FR\",\"@id\":\"https:\/\/kapitalis.com\/tunisie\/#\/schema\/logo\/image\/\",\"url\":\"https:\/\/kapitalis.com\/tunisie\/wp-content\/uploads\/2022\/05\/Kapitalis-big-size.png\",\"contentUrl\":\"https:\/\/kapitalis.com\/tunisie\/wp-content\/uploads\/2022\/05\/Kapitalis-big-size.png\",\"width\":5000,\"height\":1500,\"caption\":\"Kapitalis\"},\"image\":{\"@id\":\"https:\/\/kapitalis.com\/tunisie\/#\/schema\/logo\/image\/\"},\"sameAs\":[\"https:\/\/www.facebook.com\/KapitalisInfo\/\",\"https:\/\/x.com\/KapitalisInfo\",\"https:\/\/www.youtube.com\/channel\/UC-yDYrHyfFBWWZaOw3FPg9Q\"]},{\"@type\":\"Person\",\"@id\":\"https:\/\/kapitalis.com\/tunisie\/#\/schema\/person\/d71f33a9ca44f7bad4698210b480c8e9\",\"name\":\"webmaster kapitalis\",\"url\":\"https:\/\/kapitalis.com\/tunisie\/author\/webmaster-kapitalis\/\"}]}<\/script>\n<!-- \/ Yoast SEO plugin. -->","yoast_head_json":{"title":"La Tunisie face aux nouveaux mouvements migratoires - Kapitalis","robots":{"index":"index","follow":"follow","max-snippet":"max-snippet:-1","max-image-preview":"max-image-preview:large","max-video-preview":"max-video-preview:-1"},"canonical":"https:\/\/kapitalis.com\/tunisie\/2016\/02\/17\/la-tunisie-face-aux-nouveaux-mouvements-migratoires\/","og_locale":"fr_FR","og_type":"article","og_title":"La Tunisie face aux nouveaux mouvements migratoires - Kapitalis","og_description":"Pays de tr\u00e8s ancienne tradition migratoire, comptant plus d\u2019un million d\u2019expatri\u00e9s \u00e0 travers le monde, la Tunisie est devenue un pays d\u2019accueil et de transit de migrants. Par Wajdi Msaed","og_url":"https:\/\/kapitalis.com\/tunisie\/2016\/02\/17\/la-tunisie-face-aux-nouveaux-mouvements-migratoires\/","og_site_name":"Kapitalis","article_publisher":"https:\/\/www.facebook.com\/KapitalisInfo\/","article_published_time":"2016-02-17T11:06:10+00:00","article_modified_time":"2016-02-17T11:07:29+00:00","og_image":[{"width":1200,"height":630,"url":"https:\/\/kapitalis.com\/tunisie\/wp-content\/uploads\/2022\/05\/kapitalis-logo-fb.png","type":"image\/png"}],"author":"webmaster kapitalis","twitter_card":"summary_large_image","twitter_creator":"@KapitalisInfo","twitter_site":"@KapitalisInfo","twitter_misc":{"\u00c9crit par":"webmaster kapitalis","Dur\u00e9e de lecture estim\u00e9e":"5 minutes"},"schema":{"@context":"https:\/\/schema.org","@graph":[{"@type":"Article","@id":"https:\/\/kapitalis.com\/tunisie\/2016\/02\/17\/la-tunisie-face-aux-nouveaux-mouvements-migratoires\/#article","isPartOf":{"@id":"https:\/\/kapitalis.com\/tunisie\/2016\/02\/17\/la-tunisie-face-aux-nouveaux-mouvements-migratoires\/"},"author":{"name":"webmaster kapitalis","@id":"https:\/\/kapitalis.com\/tunisie\/#\/schema\/person\/d71f33a9ca44f7bad4698210b480c8e9"},"headline":"La Tunisie face aux nouveaux mouvements migratoires","datePublished":"2016-02-17T11:06:10+00:00","dateModified":"2016-02-17T11:07:29+00:00","mainEntityOfPage":{"@id":"https:\/\/kapitalis.com\/tunisie\/2016\/02\/17\/la-tunisie-face-aux-nouveaux-mouvements-migratoires\/"},"wordCount":981,"commentCount":0,"publisher":{"@id":"https:\/\/kapitalis.com\/tunisie\/#organization"},"image":{"@id":"https:\/\/kapitalis.com\/tunisie\/2016\/02\/17\/la-tunisie-face-aux-nouveaux-mouvements-migratoires\/#primaryimage"},"thumbnailUrl":"","keywords":["migrants","migration","OIT"],"articleSection":["A LA UNE","SOCIETE","Tunisie"],"inLanguage":"fr-FR","potentialAction":[{"@type":"CommentAction","name":"Comment","target":["https:\/\/kapitalis.com\/tunisie\/2016\/02\/17\/la-tunisie-face-aux-nouveaux-mouvements-migratoires\/#respond"]}]},{"@type":"WebPage","@id":"https:\/\/kapitalis.com\/tunisie\/2016\/02\/17\/la-tunisie-face-aux-nouveaux-mouvements-migratoires\/","url":"https:\/\/kapitalis.com\/tunisie\/2016\/02\/17\/la-tunisie-face-aux-nouveaux-mouvements-migratoires\/","name":"La Tunisie face aux nouveaux mouvements migratoires - Kapitalis","isPartOf":{"@id":"https:\/\/kapitalis.com\/tunisie\/#website"},"primaryImageOfPage":{"@id":"https:\/\/kapitalis.com\/tunisie\/2016\/02\/17\/la-tunisie-face-aux-nouveaux-mouvements-migratoires\/#primaryimage"},"image":{"@id":"https:\/\/kapitalis.com\/tunisie\/2016\/02\/17\/la-tunisie-face-aux-nouveaux-mouvements-migratoires\/#primaryimage"},"thumbnailUrl":"","datePublished":"2016-02-17T11:06:10+00:00","dateModified":"2016-02-17T11:07:29+00:00","breadcrumb":{"@id":"https:\/\/kapitalis.com\/tunisie\/2016\/02\/17\/la-tunisie-face-aux-nouveaux-mouvements-migratoires\/#breadcrumb"},"inLanguage":"fr-FR","potentialAction":[{"@type":"ReadAction","target":["https:\/\/kapitalis.com\/tunisie\/2016\/02\/17\/la-tunisie-face-aux-nouveaux-mouvements-migratoires\/"]}]},{"@type":"ImageObject","inLanguage":"fr-FR","@id":"https:\/\/kapitalis.com\/tunisie\/2016\/02\/17\/la-tunisie-face-aux-nouveaux-mouvements-migratoires\/#primaryimage","url":"","contentUrl":""},{"@type":"BreadcrumbList","@id":"https:\/\/kapitalis.com\/tunisie\/2016\/02\/17\/la-tunisie-face-aux-nouveaux-mouvements-migratoires\/#breadcrumb","itemListElement":[{"@type":"ListItem","position":1,"name":"Accueil","item":"https:\/\/kapitalis.com\/tunisie\/"},{"@type":"ListItem","position":2,"name":"La Tunisie face aux nouveaux mouvements migratoires"}]},{"@type":"WebSite","@id":"https:\/\/kapitalis.com\/tunisie\/#website","url":"https:\/\/kapitalis.com\/tunisie\/","name":"Kapitalis","description":"L&#039;actualit\u00e9 en Tunisie et dans le monde","publisher":{"@id":"https:\/\/kapitalis.com\/tunisie\/#organization"},"potentialAction":[{"@type":"SearchAction","target":{"@type":"EntryPoint","urlTemplate":"https:\/\/kapitalis.com\/tunisie\/?s={search_term_string}"},"query-input":{"@type":"PropertyValueSpecification","valueRequired":true,"valueName":"search_term_string"}}],"inLanguage":"fr-FR"},{"@type":"Organization","@id":"https:\/\/kapitalis.com\/tunisie\/#organization","name":"Kapitalis","url":"https:\/\/kapitalis.com\/tunisie\/","logo":{"@type":"ImageObject","inLanguage":"fr-FR","@id":"https:\/\/kapitalis.com\/tunisie\/#\/schema\/logo\/image\/","url":"https:\/\/kapitalis.com\/tunisie\/wp-content\/uploads\/2022\/05\/Kapitalis-big-size.png","contentUrl":"https:\/\/kapitalis.com\/tunisie\/wp-content\/uploads\/2022\/05\/Kapitalis-big-size.png","width":5000,"height":1500,"caption":"Kapitalis"},"image":{"@id":"https:\/\/kapitalis.com\/tunisie\/#\/schema\/logo\/image\/"},"sameAs":["https:\/\/www.facebook.com\/KapitalisInfo\/","https:\/\/x.com\/KapitalisInfo","https:\/\/www.youtube.com\/channel\/UC-yDYrHyfFBWWZaOw3FPg9Q"]},{"@type":"Person","@id":"https:\/\/kapitalis.com\/tunisie\/#\/schema\/person\/d71f33a9ca44f7bad4698210b480c8e9","name":"webmaster kapitalis","url":"https:\/\/kapitalis.com\/tunisie\/author\/webmaster-kapitalis\/"}]}},"_links":{"self":[{"href":"https:\/\/kapitalis.com\/tunisie\/wp-json\/wp\/v2\/posts\/40056","targetHints":{"allow":["GET"]}}],"collection":[{"href":"https:\/\/kapitalis.com\/tunisie\/wp-json\/wp\/v2\/posts"}],"about":[{"href":"https:\/\/kapitalis.com\/tunisie\/wp-json\/wp\/v2\/types\/post"}],"author":[{"embeddable":true,"href":"https:\/\/kapitalis.com\/tunisie\/wp-json\/wp\/v2\/users\/8"}],"replies":[{"embeddable":true,"href":"https:\/\/kapitalis.com\/tunisie\/wp-json\/wp\/v2\/comments?post=40056"}],"version-history":[{"count":0,"href":"https:\/\/kapitalis.com\/tunisie\/wp-json\/wp\/v2\/posts\/40056\/revisions"}],"wp:featuredmedia":[{"embeddable":true,"href":"https:\/\/kapitalis.com\/tunisie\/wp-json\/wp\/v2\/media\/40057"}],"wp:attachment":[{"href":"https:\/\/kapitalis.com\/tunisie\/wp-json\/wp\/v2\/media?parent=40056"}],"wp:term":[{"taxonomy":"category","embeddable":true,"href":"https:\/\/kapitalis.com\/tunisie\/wp-json\/wp\/v2\/categories?post=40056"},{"taxonomy":"post_tag","embeddable":true,"href":"https:\/\/kapitalis.com\/tunisie\/wp-json\/wp\/v2\/tags?post=40056"}],"curies":[{"name":"wp","href":"https:\/\/api.w.org\/{rel}","templated":true}]}}