{"id":40229,"date":"2016-02-18T13:46:09","date_gmt":"2016-02-18T12:46:09","guid":{"rendered":"http:\/\/kapitalis.com\/tunisie\/?p=40229"},"modified":"2016-02-18T13:46:09","modified_gmt":"2016-02-18T12:46:09","slug":"la-berd-disposee-a-soutenir-davantage-le-secteur-prive-tunisien","status":"publish","type":"post","link":"https:\/\/kapitalis.com\/tunisie\/2016\/02\/18\/la-berd-disposee-a-soutenir-davantage-le-secteur-prive-tunisien\/","title":{"rendered":"La Berd dispos\u00e9e \u00e0 soutenir davantage le secteur priv\u00e9 tunisien"},"content":{"rendered":"<p style=\"text-align: center;\"><img loading=\"lazy\" decoding=\"async\" class=\"alignnone size-full wp-image-40230\" src=\"http:\/\/kapitalis.com\/tunisie\/wp-content\/uploads\/2016\/02\/Yassine-Brahim-et-Berd.jpg\" alt=\"Yassine-Brahim-et-Berd\" width=\"626\" height=\"380\" \/><\/p>\n<p style=\"text-align: left;\"><em><strong>La Berd est dispos\u00e9e \u00e0 accro\u00eetre le rythme de coop\u00e9ration avec la Tunisie conform\u00e9ment aux orientations du plan quinquennal de d\u00e9veloppement (2016\/2020).<\/strong> <\/em><\/p>\n<p style=\"text-align: left;\"><!--more--><\/p>\n<p style=\"text-align: left;\">C\u2019est ce qu\u2019a d\u00e9clar\u00e9 Hildegard Gacek, la directrice g\u00e9n\u00e9rale charg\u00e9e de la r\u00e9gion sud et est de la M\u00e9diterran\u00e9e \u00e0 la Banque europ\u00e9enne pour la reconstruction et le d\u00e9veloppement (Berd), lors d&rsquo;une rencontre, mercredi 17 f\u00e9vrier 2016, avec le ministre du D\u00e9veloppement, de l&rsquo;Investissement et de la Coop\u00e9ration Internationale, Yassine Brahim, ajoutant que son institution est \u00e9galement dispos\u00e9 \u00e0 soutenir le secteur priv\u00e9.<\/p>\n<p style=\"text-align: left;\">Mme Gacek a \u00e9voqu\u00e9, par ailleurs, la participation de la Tunisie, en mai 2016, aux r\u00e9unions annuelles de la Banque et la possibilit\u00e9 d&rsquo;y organiser un workshop sur les opportunit\u00e9s et le climat de l&rsquo;investissement en Tunisie.<br \/>\nCette ann\u00e9e sera marqu\u00e9e par l&rsquo;acc\u00e9l\u00e9ration du rythme des r\u00e9formes et par la r\u00e9alisation des projets, a soulign\u00e9, pour sa part, Yassine Brahim, lors de cette rencontre, \u00e0 laquelle a assist\u00e9 la directrice du bureau de la Berd en Tunisie, Marie Alexandra Veilleux.<\/p>\n<p style=\"text-align: left;\">Le ministre a fait observer que la conf\u00e9rence internationale sur le plan de d\u00e9veloppement (2016\/2020) pr\u00e9vue en septembre 2016, offrira \u00e0 la Berd l&rsquo;occasion de prendre connaissance des projets contenus dans ce plan et de voir la possibilit\u00e9 de contribuer \u00e0 leur financement.<\/p>\n<p style=\"text-align: left;\">Il convient de noter que la Berd a contribu\u00e9, en 2015, au financement de six projets moyennant une enveloppe de 80 millions d&rsquo;euros qui ont touch\u00e9 plusieurs secteurs dont notamment les finances, les industries agroalimentaires et l&rsquo;environnement.<\/p>\n<p style=\"text-align: right;\"><strong>I. B.<\/strong> (avec communiqu\u00e9).<\/p>\n","protected":false},"excerpt":{"rendered":"<p>La Berd est dispos\u00e9e \u00e0 accro\u00eetre le rythme de coop\u00e9ration avec la Tunisie conform\u00e9ment aux orientations du plan quinquennal de d\u00e9veloppement (2016\/2020).<\/p>\n","protected":false},"author":8,"featured_media":40230,"comment_status":"open","ping_status":"open","sticky":false,"template":"","format":"standard","meta":{"footnotes":""},"categories":[995,2433],"tags":[1952,275,494,6614,972],"class_list":["post-40229","post","type-post","status-publish","format-standard","has-post-thumbnail","hentry","category-economie","category-tunisie","tag-berd","tag-developpement","tag-investissement","tag-secteur-prive","tag-yassine-brahim"],"yoast_head":"<!-- This site is optimized with the Yoast SEO plugin v26.6 - https:\/\/yoast.com\/wordpress\/plugins\/seo\/ -->\n<title>La Berd dispos\u00e9e \u00e0 soutenir davantage le secteur priv\u00e9 tunisien - Kapitalis<\/title>\n<meta name=\"robots\" content=\"index, follow, max-snippet:-1, max-image-preview:large, max-video-preview:-1\" \/>\n<link rel=\"canonical\" href=\"https:\/\/kapitalis.com\/tunisie\/2016\/02\/18\/la-berd-disposee-a-soutenir-davantage-le-secteur-prive-tunisien\/\" \/>\n<meta property=\"og:locale\" content=\"fr_FR\" \/>\n<meta property=\"og:type\" content=\"article\" \/>\n<meta property=\"og:title\" content=\"La Berd dispos\u00e9e \u00e0 soutenir davantage le secteur priv\u00e9 tunisien - Kapitalis\" \/>\n<meta property=\"og:description\" content=\"La Berd est dispos\u00e9e \u00e0 accro\u00eetre le rythme de coop\u00e9ration avec la Tunisie conform\u00e9ment aux orientations du plan quinquennal de d\u00e9veloppement (2016\/2020).\" \/>\n<meta property=\"og:url\" content=\"https:\/\/kapitalis.com\/tunisie\/2016\/02\/18\/la-berd-disposee-a-soutenir-davantage-le-secteur-prive-tunisien\/\" \/>\n<meta property=\"og:site_name\" content=\"Kapitalis\" \/>\n<meta property=\"article:publisher\" content=\"https:\/\/www.facebook.com\/KapitalisInfo\/\" \/>\n<meta property=\"article:published_time\" content=\"2016-02-18T12:46:09+00:00\" \/>\n<meta property=\"og:image\" content=\"https:\/\/kapitalis.com\/tunisie\/wp-content\/uploads\/2022\/05\/kapitalis-logo-fb.png\" \/>\n\t<meta property=\"og:image:width\" content=\"1200\" \/>\n\t<meta property=\"og:image:height\" content=\"630\" \/>\n\t<meta property=\"og:image:type\" content=\"image\/png\" \/>\n<meta name=\"author\" content=\"webmaster kapitalis\" \/>\n<meta name=\"twitter:card\" content=\"summary_large_image\" \/>\n<meta name=\"twitter:creator\" content=\"@KapitalisInfo\" \/>\n<meta name=\"twitter:site\" content=\"@KapitalisInfo\" \/>\n<meta name=\"twitter:label1\" content=\"\u00c9crit par\" \/>\n\t<meta name=\"twitter:data1\" content=\"webmaster kapitalis\" \/>\n\t<meta name=\"twitter:label2\" content=\"Dur\u00e9e de lecture estim\u00e9e\" \/>\n\t<meta name=\"twitter:data2\" content=\"1 minute\" \/>\n<script type=\"application\/ld+json\" class=\"yoast-schema-graph\">{\"@context\":\"https:\/\/schema.org\",\"@graph\":[{\"@type\":\"Article\",\"@id\":\"https:\/\/kapitalis.com\/tunisie\/2016\/02\/18\/la-berd-disposee-a-soutenir-davantage-le-secteur-prive-tunisien\/#article\",\"isPartOf\":{\"@id\":\"https:\/\/kapitalis.com\/tunisie\/2016\/02\/18\/la-berd-disposee-a-soutenir-davantage-le-secteur-prive-tunisien\/\"},\"author\":{\"name\":\"webmaster kapitalis\",\"@id\":\"https:\/\/kapitalis.com\/tunisie\/#\/schema\/person\/d71f33a9ca44f7bad4698210b480c8e9\"},\"headline\":\"La Berd dispos\u00e9e \u00e0 soutenir davantage le secteur priv\u00e9 tunisien\",\"datePublished\":\"2016-02-18T12:46:09+00:00\",\"mainEntityOfPage\":{\"@id\":\"https:\/\/kapitalis.com\/tunisie\/2016\/02\/18\/la-berd-disposee-a-soutenir-davantage-le-secteur-prive-tunisien\/\"},\"wordCount\":275,\"commentCount\":0,\"publisher\":{\"@id\":\"https:\/\/kapitalis.com\/tunisie\/#organization\"},\"image\":{\"@id\":\"https:\/\/kapitalis.com\/tunisie\/2016\/02\/18\/la-berd-disposee-a-soutenir-davantage-le-secteur-prive-tunisien\/#primaryimage\"},\"thumbnailUrl\":\"\",\"keywords\":[\"Berd\",\"d\u00e9veloppement\",\"investissement\",\"secteur priv\u00e9\",\"Yassine Brahim\"],\"articleSection\":[\"ECONOMIE\",\"Tunisie\"],\"inLanguage\":\"fr-FR\",\"potentialAction\":[{\"@type\":\"CommentAction\",\"name\":\"Comment\",\"target\":[\"https:\/\/kapitalis.com\/tunisie\/2016\/02\/18\/la-berd-disposee-a-soutenir-davantage-le-secteur-prive-tunisien\/#respond\"]}]},{\"@type\":\"WebPage\",\"@id\":\"https:\/\/kapitalis.com\/tunisie\/2016\/02\/18\/la-berd-disposee-a-soutenir-davantage-le-secteur-prive-tunisien\/\",\"url\":\"https:\/\/kapitalis.com\/tunisie\/2016\/02\/18\/la-berd-disposee-a-soutenir-davantage-le-secteur-prive-tunisien\/\",\"name\":\"La Berd dispos\u00e9e \u00e0 soutenir davantage le secteur priv\u00e9 tunisien - Kapitalis\",\"isPartOf\":{\"@id\":\"https:\/\/kapitalis.com\/tunisie\/#website\"},\"primaryImageOfPage\":{\"@id\":\"https:\/\/kapitalis.com\/tunisie\/2016\/02\/18\/la-berd-disposee-a-soutenir-davantage-le-secteur-prive-tunisien\/#primaryimage\"},\"image\":{\"@id\":\"https:\/\/kapitalis.com\/tunisie\/2016\/02\/18\/la-berd-disposee-a-soutenir-davantage-le-secteur-prive-tunisien\/#primaryimage\"},\"thumbnailUrl\":\"\",\"datePublished\":\"2016-02-18T12:46:09+00:00\",\"breadcrumb\":{\"@id\":\"https:\/\/kapitalis.com\/tunisie\/2016\/02\/18\/la-berd-disposee-a-soutenir-davantage-le-secteur-prive-tunisien\/#breadcrumb\"},\"inLanguage\":\"fr-FR\",\"potentialAction\":[{\"@type\":\"ReadAction\",\"target\":[\"https:\/\/kapitalis.com\/tunisie\/2016\/02\/18\/la-berd-disposee-a-soutenir-davantage-le-secteur-prive-tunisien\/\"]}]},{\"@type\":\"ImageObject\",\"inLanguage\":\"fr-FR\",\"@id\":\"https:\/\/kapitalis.com\/tunisie\/2016\/02\/18\/la-berd-disposee-a-soutenir-davantage-le-secteur-prive-tunisien\/#primaryimage\",\"url\":\"\",\"contentUrl\":\"\"},{\"@type\":\"BreadcrumbList\",\"@id\":\"https:\/\/kapitalis.com\/tunisie\/2016\/02\/18\/la-berd-disposee-a-soutenir-davantage-le-secteur-prive-tunisien\/#breadcrumb\",\"itemListElement\":[{\"@type\":\"ListItem\",\"position\":1,\"name\":\"Accueil\",\"item\":\"https:\/\/kapitalis.com\/tunisie\/\"},{\"@type\":\"ListItem\",\"position\":2,\"name\":\"La Berd dispos\u00e9e \u00e0 soutenir davantage le secteur priv\u00e9 tunisien\"}]},{\"@type\":\"WebSite\",\"@id\":\"https:\/\/kapitalis.com\/tunisie\/#website\",\"url\":\"https:\/\/kapitalis.com\/tunisie\/\",\"name\":\"Kapitalis\",\"description\":\"L&#039;actualit\u00e9 en Tunisie et dans le monde\",\"publisher\":{\"@id\":\"https:\/\/kapitalis.com\/tunisie\/#organization\"},\"potentialAction\":[{\"@type\":\"SearchAction\",\"target\":{\"@type\":\"EntryPoint\",\"urlTemplate\":\"https:\/\/kapitalis.com\/tunisie\/?s={search_term_string}\"},\"query-input\":{\"@type\":\"PropertyValueSpecification\",\"valueRequired\":true,\"valueName\":\"search_term_string\"}}],\"inLanguage\":\"fr-FR\"},{\"@type\":\"Organization\",\"@id\":\"https:\/\/kapitalis.com\/tunisie\/#organization\",\"name\":\"Kapitalis\",\"url\":\"https:\/\/kapitalis.com\/tunisie\/\",\"logo\":{\"@type\":\"ImageObject\",\"inLanguage\":\"fr-FR\",\"@id\":\"https:\/\/kapitalis.com\/tunisie\/#\/schema\/logo\/image\/\",\"url\":\"https:\/\/kapitalis.com\/tunisie\/wp-content\/uploads\/2022\/05\/Kapitalis-big-size.png\",\"contentUrl\":\"https:\/\/kapitalis.com\/tunisie\/wp-content\/uploads\/2022\/05\/Kapitalis-big-size.png\",\"width\":5000,\"height\":1500,\"caption\":\"Kapitalis\"},\"image\":{\"@id\":\"https:\/\/kapitalis.com\/tunisie\/#\/schema\/logo\/image\/\"},\"sameAs\":[\"https:\/\/www.facebook.com\/KapitalisInfo\/\",\"https:\/\/x.com\/KapitalisInfo\",\"https:\/\/www.youtube.com\/channel\/UC-yDYrHyfFBWWZaOw3FPg9Q\"]},{\"@type\":\"Person\",\"@id\":\"https:\/\/kapitalis.com\/tunisie\/#\/schema\/person\/d71f33a9ca44f7bad4698210b480c8e9\",\"name\":\"webmaster kapitalis\",\"url\":\"https:\/\/kapitalis.com\/tunisie\/author\/webmaster-kapitalis\/\"}]}<\/script>\n<!-- \/ Yoast SEO plugin. -->","yoast_head_json":{"title":"La Berd dispos\u00e9e \u00e0 soutenir davantage le secteur priv\u00e9 tunisien - Kapitalis","robots":{"index":"index","follow":"follow","max-snippet":"max-snippet:-1","max-image-preview":"max-image-preview:large","max-video-preview":"max-video-preview:-1"},"canonical":"https:\/\/kapitalis.com\/tunisie\/2016\/02\/18\/la-berd-disposee-a-soutenir-davantage-le-secteur-prive-tunisien\/","og_locale":"fr_FR","og_type":"article","og_title":"La Berd dispos\u00e9e \u00e0 soutenir davantage le secteur priv\u00e9 tunisien - Kapitalis","og_description":"La Berd est dispos\u00e9e \u00e0 accro\u00eetre le rythme de coop\u00e9ration avec la Tunisie conform\u00e9ment aux orientations du plan quinquennal de d\u00e9veloppement (2016\/2020).","og_url":"https:\/\/kapitalis.com\/tunisie\/2016\/02\/18\/la-berd-disposee-a-soutenir-davantage-le-secteur-prive-tunisien\/","og_site_name":"Kapitalis","article_publisher":"https:\/\/www.facebook.com\/KapitalisInfo\/","article_published_time":"2016-02-18T12:46:09+00:00","og_image":[{"width":1200,"height":630,"url":"https:\/\/kapitalis.com\/tunisie\/wp-content\/uploads\/2022\/05\/kapitalis-logo-fb.png","type":"image\/png"}],"author":"webmaster kapitalis","twitter_card":"summary_large_image","twitter_creator":"@KapitalisInfo","twitter_site":"@KapitalisInfo","twitter_misc":{"\u00c9crit par":"webmaster kapitalis","Dur\u00e9e de lecture estim\u00e9e":"1 minute"},"schema":{"@context":"https:\/\/schema.org","@graph":[{"@type":"Article","@id":"https:\/\/kapitalis.com\/tunisie\/2016\/02\/18\/la-berd-disposee-a-soutenir-davantage-le-secteur-prive-tunisien\/#article","isPartOf":{"@id":"https:\/\/kapitalis.com\/tunisie\/2016\/02\/18\/la-berd-disposee-a-soutenir-davantage-le-secteur-prive-tunisien\/"},"author":{"name":"webmaster kapitalis","@id":"https:\/\/kapitalis.com\/tunisie\/#\/schema\/person\/d71f33a9ca44f7bad4698210b480c8e9"},"headline":"La Berd dispos\u00e9e \u00e0 soutenir davantage le secteur priv\u00e9 tunisien","datePublished":"2016-02-18T12:46:09+00:00","mainEntityOfPage":{"@id":"https:\/\/kapitalis.com\/tunisie\/2016\/02\/18\/la-berd-disposee-a-soutenir-davantage-le-secteur-prive-tunisien\/"},"wordCount":275,"commentCount":0,"publisher":{"@id":"https:\/\/kapitalis.com\/tunisie\/#organization"},"image":{"@id":"https:\/\/kapitalis.com\/tunisie\/2016\/02\/18\/la-berd-disposee-a-soutenir-davantage-le-secteur-prive-tunisien\/#primaryimage"},"thumbnailUrl":"","keywords":["Berd","d\u00e9veloppement","investissement","secteur priv\u00e9","Yassine Brahim"],"articleSection":["ECONOMIE","Tunisie"],"inLanguage":"fr-FR","potentialAction":[{"@type":"CommentAction","name":"Comment","target":["https:\/\/kapitalis.com\/tunisie\/2016\/02\/18\/la-berd-disposee-a-soutenir-davantage-le-secteur-prive-tunisien\/#respond"]}]},{"@type":"WebPage","@id":"https:\/\/kapitalis.com\/tunisie\/2016\/02\/18\/la-berd-disposee-a-soutenir-davantage-le-secteur-prive-tunisien\/","url":"https:\/\/kapitalis.com\/tunisie\/2016\/02\/18\/la-berd-disposee-a-soutenir-davantage-le-secteur-prive-tunisien\/","name":"La Berd dispos\u00e9e \u00e0 soutenir davantage le secteur priv\u00e9 tunisien - Kapitalis","isPartOf":{"@id":"https:\/\/kapitalis.com\/tunisie\/#website"},"primaryImageOfPage":{"@id":"https:\/\/kapitalis.com\/tunisie\/2016\/02\/18\/la-berd-disposee-a-soutenir-davantage-le-secteur-prive-tunisien\/#primaryimage"},"image":{"@id":"https:\/\/kapitalis.com\/tunisie\/2016\/02\/18\/la-berd-disposee-a-soutenir-davantage-le-secteur-prive-tunisien\/#primaryimage"},"thumbnailUrl":"","datePublished":"2016-02-18T12:46:09+00:00","breadcrumb":{"@id":"https:\/\/kapitalis.com\/tunisie\/2016\/02\/18\/la-berd-disposee-a-soutenir-davantage-le-secteur-prive-tunisien\/#breadcrumb"},"inLanguage":"fr-FR","potentialAction":[{"@type":"ReadAction","target":["https:\/\/kapitalis.com\/tunisie\/2016\/02\/18\/la-berd-disposee-a-soutenir-davantage-le-secteur-prive-tunisien\/"]}]},{"@type":"ImageObject","inLanguage":"fr-FR","@id":"https:\/\/kapitalis.com\/tunisie\/2016\/02\/18\/la-berd-disposee-a-soutenir-davantage-le-secteur-prive-tunisien\/#primaryimage","url":"","contentUrl":""},{"@type":"BreadcrumbList","@id":"https:\/\/kapitalis.com\/tunisie\/2016\/02\/18\/la-berd-disposee-a-soutenir-davantage-le-secteur-prive-tunisien\/#breadcrumb","itemListElement":[{"@type":"ListItem","position":1,"name":"Accueil","item":"https:\/\/kapitalis.com\/tunisie\/"},{"@type":"ListItem","position":2,"name":"La Berd dispos\u00e9e \u00e0 soutenir davantage le secteur priv\u00e9 tunisien"}]},{"@type":"WebSite","@id":"https:\/\/kapitalis.com\/tunisie\/#website","url":"https:\/\/kapitalis.com\/tunisie\/","name":"Kapitalis","description":"L&#039;actualit\u00e9 en Tunisie et dans le monde","publisher":{"@id":"https:\/\/kapitalis.com\/tunisie\/#organization"},"potentialAction":[{"@type":"SearchAction","target":{"@type":"EntryPoint","urlTemplate":"https:\/\/kapitalis.com\/tunisie\/?s={search_term_string}"},"query-input":{"@type":"PropertyValueSpecification","valueRequired":true,"valueName":"search_term_string"}}],"inLanguage":"fr-FR"},{"@type":"Organization","@id":"https:\/\/kapitalis.com\/tunisie\/#organization","name":"Kapitalis","url":"https:\/\/kapitalis.com\/tunisie\/","logo":{"@type":"ImageObject","inLanguage":"fr-FR","@id":"https:\/\/kapitalis.com\/tunisie\/#\/schema\/logo\/image\/","url":"https:\/\/kapitalis.com\/tunisie\/wp-content\/uploads\/2022\/05\/Kapitalis-big-size.png","contentUrl":"https:\/\/kapitalis.com\/tunisie\/wp-content\/uploads\/2022\/05\/Kapitalis-big-size.png","width":5000,"height":1500,"caption":"Kapitalis"},"image":{"@id":"https:\/\/kapitalis.com\/tunisie\/#\/schema\/logo\/image\/"},"sameAs":["https:\/\/www.facebook.com\/KapitalisInfo\/","https:\/\/x.com\/KapitalisInfo","https:\/\/www.youtube.com\/channel\/UC-yDYrHyfFBWWZaOw3FPg9Q"]},{"@type":"Person","@id":"https:\/\/kapitalis.com\/tunisie\/#\/schema\/person\/d71f33a9ca44f7bad4698210b480c8e9","name":"webmaster kapitalis","url":"https:\/\/kapitalis.com\/tunisie\/author\/webmaster-kapitalis\/"}]}},"_links":{"self":[{"href":"https:\/\/kapitalis.com\/tunisie\/wp-json\/wp\/v2\/posts\/40229","targetHints":{"allow":["GET"]}}],"collection":[{"href":"https:\/\/kapitalis.com\/tunisie\/wp-json\/wp\/v2\/posts"}],"about":[{"href":"https:\/\/kapitalis.com\/tunisie\/wp-json\/wp\/v2\/types\/post"}],"author":[{"embeddable":true,"href":"https:\/\/kapitalis.com\/tunisie\/wp-json\/wp\/v2\/users\/8"}],"replies":[{"embeddable":true,"href":"https:\/\/kapitalis.com\/tunisie\/wp-json\/wp\/v2\/comments?post=40229"}],"version-history":[{"count":0,"href":"https:\/\/kapitalis.com\/tunisie\/wp-json\/wp\/v2\/posts\/40229\/revisions"}],"wp:featuredmedia":[{"embeddable":true,"href":"https:\/\/kapitalis.com\/tunisie\/wp-json\/wp\/v2\/media\/40230"}],"wp:attachment":[{"href":"https:\/\/kapitalis.com\/tunisie\/wp-json\/wp\/v2\/media?parent=40229"}],"wp:term":[{"taxonomy":"category","embeddable":true,"href":"https:\/\/kapitalis.com\/tunisie\/wp-json\/wp\/v2\/categories?post=40229"},{"taxonomy":"post_tag","embeddable":true,"href":"https:\/\/kapitalis.com\/tunisie\/wp-json\/wp\/v2\/tags?post=40229"}],"curies":[{"name":"wp","href":"https:\/\/api.w.org\/{rel}","templated":true}]}}