{"id":40269,"date":"2016-02-18T18:25:24","date_gmt":"2016-02-18T17:25:24","guid":{"rendered":"http:\/\/kapitalis.com\/tunisie\/?p=40269"},"modified":"2016-02-18T18:25:24","modified_gmt":"2016-02-18T17:25:24","slug":"deux-tunisiens-liberes-3-mois-apres-leur-enlevement-en-libye","status":"publish","type":"post","link":"https:\/\/kapitalis.com\/tunisie\/2016\/02\/18\/deux-tunisiens-liberes-3-mois-apres-leur-enlevement-en-libye\/","title":{"rendered":"Deux Tunisiens lib\u00e9r\u00e9s, 3 mois  apr\u00e8s leur enl\u00e8vement en Libye"},"content":{"rendered":"<p style=\"text-align: center;\"><img loading=\"lazy\" decoding=\"async\" class=\"alignnone size-full wp-image-38241\" src=\"http:\/\/kapitalis.com\/tunisie\/wp-content\/uploads\/2016\/02\/fr\u00e8res-Romdhani-otages-Libye.jpg\" alt=\"fr\u00e8res Romdhani otages Libye\" width=\"626\" height=\"380\" \/><\/p>\n<p><em><strong>Les 2 fr\u00e8res Romdhani, enlev\u00e9s par des \u00e9l\u00e9ments arm\u00e9s en Libye depuis 3 mois, ont enfin \u00e9t\u00e9 lib\u00e9r\u00e9s, hier, mercredi 17 f\u00e9vrier 2016.<\/strong><\/em><\/p>\n<p><!--more--><\/p>\n<p>Habib (37 ans) et Belgacem (35 ans), originaire Markez Ben Mosbeh de la d\u00e9l\u00e9gation de Hebira, gouvernorat de Mahdia, ont atterrit dans la nuit du mercredi \u00e0 jeudi 18 f\u00e9vrier 2016, \u00e0 l\u2019a\u00e9roport de Sfax-Thyna, avant d\u2019\u00eatre transf\u00e9r\u00e9s \u00e0 Tunis, pour \u00eatre interrog\u00e9s sur les circonstances de leur enl\u00e8vement.<\/p>\n<p>Les fr\u00e8res Romdhani travaillaient dans une boucherie en Libye, \u00e0 Tarhouna, \u00e0 80 km au sud-est de Tripoli. Enlev\u00e9s par un groupe arm\u00e9, un Libyen avait contact\u00e9 leur famille, le 31 janvier dernier, pour les informer de leur d\u00e9tention, sans en dire davantage.<\/p>\n<p>Apr\u00e8s plusieurs d\u00e9marches effectu\u00e9es par Amira Jelassi, \u00e9pouse d\u2019Habib Romdhani, le gouverneur de Mahdia, Faouzi Gherab, a indiqu\u00e9 le 1<sup>er<\/sup> f\u00e9vrier, que la pr\u00e9sidence du gouvernement et le minist\u00e8re des Affaires \u00e9trang\u00e8res ont contact\u00e9 leurs homologues libyens pour n\u00e9gocier la lib\u00e9ration des 2 otages.<\/p>\n<p>Plusieurs centaines de Tunisiens ont \u00e9t\u00e9 enlev\u00e9s au cours des 2 derni\u00e8res ann\u00e9es par des groupes arm\u00e9s libyens qui, souvent, cherchent \u00e0 mettre la pression sur le gouvernement tunisien pour faire lib\u00e9rer leurs proches d\u00e9tenus en Tunisie dans diverses affaires.<\/p>\n<p>Parmi les Tunisiens enlev\u00e9s, on citera nos coll\u00e8gues Sofiane Chourabi et Nadhir Guetari, dont on ignore le sort depuis le 8 septembre 2014. Une affaire qui a fait couler autant d\u2019encre que de larmes, mais dont l\u2019issue reste incertaine.<\/p>\n<p style=\"text-align: right;\"><strong>Y. N.<\/strong><\/p>\n","protected":false},"excerpt":{"rendered":"<p>Les 2 fr\u00e8res Romdhani, enlev\u00e9s par des \u00e9l\u00e9ments arm\u00e9s en Libye depuis 3 mois, ont enfin \u00e9t\u00e9 lib\u00e9r\u00e9s, hier, mercredi 17 f\u00e9vrier 2016.<\/p>\n","protected":false},"author":6,"featured_media":0,"comment_status":"open","ping_status":"open","sticky":false,"template":"","format":"standard","meta":{"footnotes":""},"categories":[998,2433],"tags":[1011,1931,1053,652,2310,841],"class_list":["post-40269","post","type-post","status-publish","format-standard","hentry","category-societe","category-tunisie","tag-enlevement","tag-groupe-arme","tag-liberation","tag-nadhir-guetari","tag-otage","tag-sofiane-chourabi"],"yoast_head":"<!-- This site is optimized with the Yoast SEO plugin v26.6 - https:\/\/yoast.com\/wordpress\/plugins\/seo\/ -->\n<title>Deux Tunisiens lib\u00e9r\u00e9s, 3 mois apr\u00e8s leur enl\u00e8vement en Libye - Kapitalis<\/title>\n<meta name=\"robots\" content=\"index, follow, max-snippet:-1, max-image-preview:large, max-video-preview:-1\" \/>\n<link rel=\"canonical\" href=\"https:\/\/kapitalis.com\/tunisie\/2016\/02\/18\/deux-tunisiens-liberes-3-mois-apres-leur-enlevement-en-libye\/\" \/>\n<meta property=\"og:locale\" content=\"fr_FR\" \/>\n<meta property=\"og:type\" content=\"article\" \/>\n<meta property=\"og:title\" content=\"Deux Tunisiens lib\u00e9r\u00e9s, 3 mois apr\u00e8s leur enl\u00e8vement en Libye - Kapitalis\" \/>\n<meta property=\"og:description\" content=\"Les 2 fr\u00e8res Romdhani, enlev\u00e9s par des \u00e9l\u00e9ments arm\u00e9s en Libye depuis 3 mois, ont enfin \u00e9t\u00e9 lib\u00e9r\u00e9s, hier, mercredi 17 f\u00e9vrier 2016.\" \/>\n<meta property=\"og:url\" content=\"https:\/\/kapitalis.com\/tunisie\/2016\/02\/18\/deux-tunisiens-liberes-3-mois-apres-leur-enlevement-en-libye\/\" \/>\n<meta property=\"og:site_name\" content=\"Kapitalis\" \/>\n<meta property=\"article:publisher\" content=\"https:\/\/www.facebook.com\/KapitalisInfo\/\" \/>\n<meta property=\"article:published_time\" content=\"2016-02-18T17:25:24+00:00\" \/>\n<meta property=\"og:image\" content=\"https:\/\/kapitalis.com\/tunisie\/wp-content\/uploads\/2022\/05\/kapitalis-logo-fb.png\" \/>\n\t<meta property=\"og:image:width\" content=\"1200\" \/>\n\t<meta property=\"og:image:height\" content=\"630\" \/>\n\t<meta property=\"og:image:type\" content=\"image\/png\" \/>\n<meta name=\"author\" content=\"Yusra NY\" \/>\n<meta name=\"twitter:card\" content=\"summary_large_image\" \/>\n<meta name=\"twitter:creator\" content=\"@KapitalisInfo\" \/>\n<meta name=\"twitter:site\" content=\"@KapitalisInfo\" \/>\n<meta name=\"twitter:label1\" content=\"\u00c9crit par\" \/>\n\t<meta name=\"twitter:data1\" content=\"Yusra NY\" \/>\n\t<meta name=\"twitter:label2\" content=\"Dur\u00e9e de lecture estim\u00e9e\" \/>\n\t<meta name=\"twitter:data2\" content=\"1 minute\" \/>\n<script type=\"application\/ld+json\" class=\"yoast-schema-graph\">{\"@context\":\"https:\/\/schema.org\",\"@graph\":[{\"@type\":\"Article\",\"@id\":\"https:\/\/kapitalis.com\/tunisie\/2016\/02\/18\/deux-tunisiens-liberes-3-mois-apres-leur-enlevement-en-libye\/#article\",\"isPartOf\":{\"@id\":\"https:\/\/kapitalis.com\/tunisie\/2016\/02\/18\/deux-tunisiens-liberes-3-mois-apres-leur-enlevement-en-libye\/\"},\"author\":{\"name\":\"Yusra NY\",\"@id\":\"https:\/\/kapitalis.com\/tunisie\/#\/schema\/person\/74bbde0154d49d790a92aaeac5bc01d5\"},\"headline\":\"Deux Tunisiens lib\u00e9r\u00e9s, 3 mois apr\u00e8s leur enl\u00e8vement en Libye\",\"datePublished\":\"2016-02-18T17:25:24+00:00\",\"mainEntityOfPage\":{\"@id\":\"https:\/\/kapitalis.com\/tunisie\/2016\/02\/18\/deux-tunisiens-liberes-3-mois-apres-leur-enlevement-en-libye\/\"},\"wordCount\":273,\"commentCount\":0,\"publisher\":{\"@id\":\"https:\/\/kapitalis.com\/tunisie\/#organization\"},\"keywords\":[\"enl\u00e8vement\",\"groupe arm\u00e9\",\"lib\u00e9ration\",\"Nadhir Guetari\",\"otage\",\"Sofiane Chourabi\"],\"articleSection\":[\"SOCIETE\",\"Tunisie\"],\"inLanguage\":\"fr-FR\",\"potentialAction\":[{\"@type\":\"CommentAction\",\"name\":\"Comment\",\"target\":[\"https:\/\/kapitalis.com\/tunisie\/2016\/02\/18\/deux-tunisiens-liberes-3-mois-apres-leur-enlevement-en-libye\/#respond\"]}]},{\"@type\":\"WebPage\",\"@id\":\"https:\/\/kapitalis.com\/tunisie\/2016\/02\/18\/deux-tunisiens-liberes-3-mois-apres-leur-enlevement-en-libye\/\",\"url\":\"https:\/\/kapitalis.com\/tunisie\/2016\/02\/18\/deux-tunisiens-liberes-3-mois-apres-leur-enlevement-en-libye\/\",\"name\":\"Deux Tunisiens lib\u00e9r\u00e9s, 3 mois apr\u00e8s leur enl\u00e8vement en Libye - Kapitalis\",\"isPartOf\":{\"@id\":\"https:\/\/kapitalis.com\/tunisie\/#website\"},\"datePublished\":\"2016-02-18T17:25:24+00:00\",\"breadcrumb\":{\"@id\":\"https:\/\/kapitalis.com\/tunisie\/2016\/02\/18\/deux-tunisiens-liberes-3-mois-apres-leur-enlevement-en-libye\/#breadcrumb\"},\"inLanguage\":\"fr-FR\",\"potentialAction\":[{\"@type\":\"ReadAction\",\"target\":[\"https:\/\/kapitalis.com\/tunisie\/2016\/02\/18\/deux-tunisiens-liberes-3-mois-apres-leur-enlevement-en-libye\/\"]}]},{\"@type\":\"BreadcrumbList\",\"@id\":\"https:\/\/kapitalis.com\/tunisie\/2016\/02\/18\/deux-tunisiens-liberes-3-mois-apres-leur-enlevement-en-libye\/#breadcrumb\",\"itemListElement\":[{\"@type\":\"ListItem\",\"position\":1,\"name\":\"Accueil\",\"item\":\"https:\/\/kapitalis.com\/tunisie\/\"},{\"@type\":\"ListItem\",\"position\":2,\"name\":\"Deux Tunisiens lib\u00e9r\u00e9s, 3 mois apr\u00e8s leur enl\u00e8vement en Libye\"}]},{\"@type\":\"WebSite\",\"@id\":\"https:\/\/kapitalis.com\/tunisie\/#website\",\"url\":\"https:\/\/kapitalis.com\/tunisie\/\",\"name\":\"Kapitalis\",\"description\":\"L&#039;actualit\u00e9 en Tunisie et dans le monde\",\"publisher\":{\"@id\":\"https:\/\/kapitalis.com\/tunisie\/#organization\"},\"potentialAction\":[{\"@type\":\"SearchAction\",\"target\":{\"@type\":\"EntryPoint\",\"urlTemplate\":\"https:\/\/kapitalis.com\/tunisie\/?s={search_term_string}\"},\"query-input\":{\"@type\":\"PropertyValueSpecification\",\"valueRequired\":true,\"valueName\":\"search_term_string\"}}],\"inLanguage\":\"fr-FR\"},{\"@type\":\"Organization\",\"@id\":\"https:\/\/kapitalis.com\/tunisie\/#organization\",\"name\":\"Kapitalis\",\"url\":\"https:\/\/kapitalis.com\/tunisie\/\",\"logo\":{\"@type\":\"ImageObject\",\"inLanguage\":\"fr-FR\",\"@id\":\"https:\/\/kapitalis.com\/tunisie\/#\/schema\/logo\/image\/\",\"url\":\"https:\/\/kapitalis.com\/tunisie\/wp-content\/uploads\/2022\/05\/Kapitalis-big-size.png\",\"contentUrl\":\"https:\/\/kapitalis.com\/tunisie\/wp-content\/uploads\/2022\/05\/Kapitalis-big-size.png\",\"width\":5000,\"height\":1500,\"caption\":\"Kapitalis\"},\"image\":{\"@id\":\"https:\/\/kapitalis.com\/tunisie\/#\/schema\/logo\/image\/\"},\"sameAs\":[\"https:\/\/www.facebook.com\/KapitalisInfo\/\",\"https:\/\/x.com\/KapitalisInfo\",\"https:\/\/www.youtube.com\/channel\/UC-yDYrHyfFBWWZaOw3FPg9Q\"]},{\"@type\":\"Person\",\"@id\":\"https:\/\/kapitalis.com\/tunisie\/#\/schema\/person\/74bbde0154d49d790a92aaeac5bc01d5\",\"name\":\"Yusra NY\",\"url\":\"https:\/\/kapitalis.com\/tunisie\/author\/yuza_adam\/\"}]}<\/script>\n<!-- \/ Yoast SEO plugin. -->","yoast_head_json":{"title":"Deux Tunisiens lib\u00e9r\u00e9s, 3 mois apr\u00e8s leur enl\u00e8vement en Libye - Kapitalis","robots":{"index":"index","follow":"follow","max-snippet":"max-snippet:-1","max-image-preview":"max-image-preview:large","max-video-preview":"max-video-preview:-1"},"canonical":"https:\/\/kapitalis.com\/tunisie\/2016\/02\/18\/deux-tunisiens-liberes-3-mois-apres-leur-enlevement-en-libye\/","og_locale":"fr_FR","og_type":"article","og_title":"Deux Tunisiens lib\u00e9r\u00e9s, 3 mois apr\u00e8s leur enl\u00e8vement en Libye - Kapitalis","og_description":"Les 2 fr\u00e8res Romdhani, enlev\u00e9s par des \u00e9l\u00e9ments arm\u00e9s en Libye depuis 3 mois, ont enfin \u00e9t\u00e9 lib\u00e9r\u00e9s, hier, mercredi 17 f\u00e9vrier 2016.","og_url":"https:\/\/kapitalis.com\/tunisie\/2016\/02\/18\/deux-tunisiens-liberes-3-mois-apres-leur-enlevement-en-libye\/","og_site_name":"Kapitalis","article_publisher":"https:\/\/www.facebook.com\/KapitalisInfo\/","article_published_time":"2016-02-18T17:25:24+00:00","og_image":[{"width":1200,"height":630,"url":"https:\/\/kapitalis.com\/tunisie\/wp-content\/uploads\/2022\/05\/kapitalis-logo-fb.png","type":"image\/png"}],"author":"Yusra NY","twitter_card":"summary_large_image","twitter_creator":"@KapitalisInfo","twitter_site":"@KapitalisInfo","twitter_misc":{"\u00c9crit par":"Yusra NY","Dur\u00e9e de lecture estim\u00e9e":"1 minute"},"schema":{"@context":"https:\/\/schema.org","@graph":[{"@type":"Article","@id":"https:\/\/kapitalis.com\/tunisie\/2016\/02\/18\/deux-tunisiens-liberes-3-mois-apres-leur-enlevement-en-libye\/#article","isPartOf":{"@id":"https:\/\/kapitalis.com\/tunisie\/2016\/02\/18\/deux-tunisiens-liberes-3-mois-apres-leur-enlevement-en-libye\/"},"author":{"name":"Yusra NY","@id":"https:\/\/kapitalis.com\/tunisie\/#\/schema\/person\/74bbde0154d49d790a92aaeac5bc01d5"},"headline":"Deux Tunisiens lib\u00e9r\u00e9s, 3 mois apr\u00e8s leur enl\u00e8vement en Libye","datePublished":"2016-02-18T17:25:24+00:00","mainEntityOfPage":{"@id":"https:\/\/kapitalis.com\/tunisie\/2016\/02\/18\/deux-tunisiens-liberes-3-mois-apres-leur-enlevement-en-libye\/"},"wordCount":273,"commentCount":0,"publisher":{"@id":"https:\/\/kapitalis.com\/tunisie\/#organization"},"keywords":["enl\u00e8vement","groupe arm\u00e9","lib\u00e9ration","Nadhir Guetari","otage","Sofiane Chourabi"],"articleSection":["SOCIETE","Tunisie"],"inLanguage":"fr-FR","potentialAction":[{"@type":"CommentAction","name":"Comment","target":["https:\/\/kapitalis.com\/tunisie\/2016\/02\/18\/deux-tunisiens-liberes-3-mois-apres-leur-enlevement-en-libye\/#respond"]}]},{"@type":"WebPage","@id":"https:\/\/kapitalis.com\/tunisie\/2016\/02\/18\/deux-tunisiens-liberes-3-mois-apres-leur-enlevement-en-libye\/","url":"https:\/\/kapitalis.com\/tunisie\/2016\/02\/18\/deux-tunisiens-liberes-3-mois-apres-leur-enlevement-en-libye\/","name":"Deux Tunisiens lib\u00e9r\u00e9s, 3 mois apr\u00e8s leur enl\u00e8vement en Libye - Kapitalis","isPartOf":{"@id":"https:\/\/kapitalis.com\/tunisie\/#website"},"datePublished":"2016-02-18T17:25:24+00:00","breadcrumb":{"@id":"https:\/\/kapitalis.com\/tunisie\/2016\/02\/18\/deux-tunisiens-liberes-3-mois-apres-leur-enlevement-en-libye\/#breadcrumb"},"inLanguage":"fr-FR","potentialAction":[{"@type":"ReadAction","target":["https:\/\/kapitalis.com\/tunisie\/2016\/02\/18\/deux-tunisiens-liberes-3-mois-apres-leur-enlevement-en-libye\/"]}]},{"@type":"BreadcrumbList","@id":"https:\/\/kapitalis.com\/tunisie\/2016\/02\/18\/deux-tunisiens-liberes-3-mois-apres-leur-enlevement-en-libye\/#breadcrumb","itemListElement":[{"@type":"ListItem","position":1,"name":"Accueil","item":"https:\/\/kapitalis.com\/tunisie\/"},{"@type":"ListItem","position":2,"name":"Deux Tunisiens lib\u00e9r\u00e9s, 3 mois apr\u00e8s leur enl\u00e8vement en Libye"}]},{"@type":"WebSite","@id":"https:\/\/kapitalis.com\/tunisie\/#website","url":"https:\/\/kapitalis.com\/tunisie\/","name":"Kapitalis","description":"L&#039;actualit\u00e9 en Tunisie et dans le monde","publisher":{"@id":"https:\/\/kapitalis.com\/tunisie\/#organization"},"potentialAction":[{"@type":"SearchAction","target":{"@type":"EntryPoint","urlTemplate":"https:\/\/kapitalis.com\/tunisie\/?s={search_term_string}"},"query-input":{"@type":"PropertyValueSpecification","valueRequired":true,"valueName":"search_term_string"}}],"inLanguage":"fr-FR"},{"@type":"Organization","@id":"https:\/\/kapitalis.com\/tunisie\/#organization","name":"Kapitalis","url":"https:\/\/kapitalis.com\/tunisie\/","logo":{"@type":"ImageObject","inLanguage":"fr-FR","@id":"https:\/\/kapitalis.com\/tunisie\/#\/schema\/logo\/image\/","url":"https:\/\/kapitalis.com\/tunisie\/wp-content\/uploads\/2022\/05\/Kapitalis-big-size.png","contentUrl":"https:\/\/kapitalis.com\/tunisie\/wp-content\/uploads\/2022\/05\/Kapitalis-big-size.png","width":5000,"height":1500,"caption":"Kapitalis"},"image":{"@id":"https:\/\/kapitalis.com\/tunisie\/#\/schema\/logo\/image\/"},"sameAs":["https:\/\/www.facebook.com\/KapitalisInfo\/","https:\/\/x.com\/KapitalisInfo","https:\/\/www.youtube.com\/channel\/UC-yDYrHyfFBWWZaOw3FPg9Q"]},{"@type":"Person","@id":"https:\/\/kapitalis.com\/tunisie\/#\/schema\/person\/74bbde0154d49d790a92aaeac5bc01d5","name":"Yusra NY","url":"https:\/\/kapitalis.com\/tunisie\/author\/yuza_adam\/"}]}},"_links":{"self":[{"href":"https:\/\/kapitalis.com\/tunisie\/wp-json\/wp\/v2\/posts\/40269","targetHints":{"allow":["GET"]}}],"collection":[{"href":"https:\/\/kapitalis.com\/tunisie\/wp-json\/wp\/v2\/posts"}],"about":[{"href":"https:\/\/kapitalis.com\/tunisie\/wp-json\/wp\/v2\/types\/post"}],"author":[{"embeddable":true,"href":"https:\/\/kapitalis.com\/tunisie\/wp-json\/wp\/v2\/users\/6"}],"replies":[{"embeddable":true,"href":"https:\/\/kapitalis.com\/tunisie\/wp-json\/wp\/v2\/comments?post=40269"}],"version-history":[{"count":0,"href":"https:\/\/kapitalis.com\/tunisie\/wp-json\/wp\/v2\/posts\/40269\/revisions"}],"wp:attachment":[{"href":"https:\/\/kapitalis.com\/tunisie\/wp-json\/wp\/v2\/media?parent=40269"}],"wp:term":[{"taxonomy":"category","embeddable":true,"href":"https:\/\/kapitalis.com\/tunisie\/wp-json\/wp\/v2\/categories?post=40269"},{"taxonomy":"post_tag","embeddable":true,"href":"https:\/\/kapitalis.com\/tunisie\/wp-json\/wp\/v2\/tags?post=40269"}],"curies":[{"name":"wp","href":"https:\/\/api.w.org\/{rel}","templated":true}]}}