{"id":40280,"date":"2016-02-18T18:38:18","date_gmt":"2016-02-18T17:38:18","guid":{"rendered":"http:\/\/kapitalis.com\/tunisie\/?p=40280"},"modified":"2016-02-18T18:38:18","modified_gmt":"2016-02-18T17:38:18","slug":"neji-jalloul-accuse-de-diaboliser-les-enseignants","status":"publish","type":"post","link":"https:\/\/kapitalis.com\/tunisie\/2016\/02\/18\/neji-jalloul-accuse-de-diaboliser-les-enseignants\/","title":{"rendered":"N\u00e9ji Jalloul accus\u00e9 de diaboliser les enseignants"},"content":{"rendered":"<p><img loading=\"lazy\" decoding=\"async\" class=\"aligncenter size-full wp-image-40281\" src=\"http:\/\/kapitalis.com\/tunisie\/wp-content\/uploads\/2016\/02\/n\u00e9ji-jalloul.jpg\" alt=\"n\u00e9ji-jalloul\" width=\"626\" height=\"380\" \/><\/p>\n<p><em><strong>La tension monte de nouveau entre N\u00e9ji Jalloul et les syndicats de l\u2019enseignement qui lui reprochent la diabolisation du corps enseignant.<\/strong><\/em><\/p>\n<p><!--more--><\/p>\n<p>Six syndicats de l&rsquo;enseignement de base ont annonc\u00e9, lors d&rsquo;une conf\u00e9rence de presse, aujourd\u2019hui, jeudi 18 f\u00e9vrier 2016, que les employ\u00e9s de l&rsquo;\u00e9ducation (ouvriers, fonctionnaires, surveillants, surveillants g\u00e9n\u00e9raux et conseillers) ont d\u00e9cid\u00e9 d&rsquo;observer un rassemblement de protestation au cours de la semaine prochaine.<\/p>\n<p>Ils d\u00e9noncent ce qu\u2019ils qualifient d\u2019agressions \u00e0 r\u00e9p\u00e9tition contre les cadres enseignants et les institutions \u00e9ducatives, et appellent \u00e0 la promulgation d&rsquo;une loi criminalisant ces agressions.<\/p>\n<p>Ils accusent, \u00e9galement, le ministre de l&rsquo;Education, N\u00e9ji Jalloul, d\u2019incitation \u00e0 la violence \u00e0 leur encontre et de diabolisation de leurs mouvements de protestation.<\/p>\n<p>Par ailleurs, le syndicat g\u00e9n\u00e9ral de l&rsquo;enseignement de base appelle la pr\u00e9sidence du gouvernement \u00e0\u00a0 finaliser l\u2019ordre relatif au d\u00e9part \u00e0 la retraite des instituteurs au titre de l\u2019ann\u00e9e 2015.<\/p>\n<p>Pour mieux expliciter ce dernier point, Mastouri Gammoudi, secr\u00e9taire g\u00e9n\u00e9ral du syndicat, a indiqu\u00e9 que 510 enseignants ne sont pas partis \u00e0 la retraite alors qu\u2019ils devaient l\u2019\u00eatre. Au contraire, a-t-il ajout\u00e9, \u00ab<em>ils continuent d&rsquo;exercer leurs fonctions et certains assurent, m\u00eame, des heures suppl\u00e9mentaires<\/em>\u00bb.<\/p>\n<p style=\"text-align: right;\"><strong>N. H.<\/strong><\/p>\n","protected":false},"excerpt":{"rendered":"<p>La tension monte de nouveau entre N\u00e9ji Jalloul et les syndicats de l\u2019enseignement qui lui reprochent la diabolisation du corps enseignant.<\/p>\n","protected":false},"author":12,"featured_media":40281,"comment_status":"open","ping_status":"open","sticky":false,"template":"","format":"standard","meta":{"footnotes":""},"categories":[998,2433],"tags":[4768,306,327,328,12669,3159,12257,2542],"class_list":["post-40280","post","type-post","status-publish","format-standard","has-post-thumbnail","hentry","category-societe","category-tunisie","tag-agressions","tag-education","tag-enseignants","tag-enseignement","tag-haine","tag-neji-jalloul","tag-protestataires","tag-retraite"],"yoast_head":"<!-- This site is optimized with the Yoast SEO plugin v26.6 - https:\/\/yoast.com\/wordpress\/plugins\/seo\/ -->\n<title>N\u00e9ji Jalloul accus\u00e9 de diaboliser les enseignants - Kapitalis<\/title>\n<meta name=\"robots\" content=\"index, follow, max-snippet:-1, max-image-preview:large, max-video-preview:-1\" \/>\n<link rel=\"canonical\" href=\"https:\/\/kapitalis.com\/tunisie\/2016\/02\/18\/neji-jalloul-accuse-de-diaboliser-les-enseignants\/\" \/>\n<meta property=\"og:locale\" content=\"fr_FR\" \/>\n<meta property=\"og:type\" content=\"article\" \/>\n<meta property=\"og:title\" content=\"N\u00e9ji Jalloul accus\u00e9 de diaboliser les enseignants - Kapitalis\" \/>\n<meta property=\"og:description\" content=\"La tension monte de nouveau entre N\u00e9ji Jalloul et les syndicats de l\u2019enseignement qui lui reprochent la diabolisation du corps enseignant.\" \/>\n<meta property=\"og:url\" content=\"https:\/\/kapitalis.com\/tunisie\/2016\/02\/18\/neji-jalloul-accuse-de-diaboliser-les-enseignants\/\" \/>\n<meta property=\"og:site_name\" content=\"Kapitalis\" \/>\n<meta property=\"article:publisher\" content=\"https:\/\/www.facebook.com\/KapitalisInfo\/\" \/>\n<meta property=\"article:published_time\" content=\"2016-02-18T17:38:18+00:00\" \/>\n<meta property=\"og:image\" content=\"https:\/\/kapitalis.com\/tunisie\/wp-content\/uploads\/2022\/05\/kapitalis-logo-fb.png\" \/>\n\t<meta property=\"og:image:width\" content=\"1200\" \/>\n\t<meta property=\"og:image:height\" content=\"630\" \/>\n\t<meta property=\"og:image:type\" content=\"image\/png\" \/>\n<meta name=\"author\" content=\"Noureddine Hlaoui\" \/>\n<meta name=\"twitter:card\" content=\"summary_large_image\" \/>\n<meta name=\"twitter:creator\" content=\"@KapitalisInfo\" \/>\n<meta name=\"twitter:site\" content=\"@KapitalisInfo\" \/>\n<meta name=\"twitter:label1\" content=\"\u00c9crit par\" \/>\n\t<meta name=\"twitter:data1\" content=\"Noureddine Hlaoui\" \/>\n\t<meta name=\"twitter:label2\" content=\"Dur\u00e9e de lecture estim\u00e9e\" \/>\n\t<meta name=\"twitter:data2\" content=\"1 minute\" \/>\n<script type=\"application\/ld+json\" class=\"yoast-schema-graph\">{\"@context\":\"https:\/\/schema.org\",\"@graph\":[{\"@type\":\"Article\",\"@id\":\"https:\/\/kapitalis.com\/tunisie\/2016\/02\/18\/neji-jalloul-accuse-de-diaboliser-les-enseignants\/#article\",\"isPartOf\":{\"@id\":\"https:\/\/kapitalis.com\/tunisie\/2016\/02\/18\/neji-jalloul-accuse-de-diaboliser-les-enseignants\/\"},\"author\":{\"name\":\"Noureddine Hlaoui\",\"@id\":\"https:\/\/kapitalis.com\/tunisie\/#\/schema\/person\/e49e6dd6ed3f0512aef25da8b3483abf\"},\"headline\":\"N\u00e9ji Jalloul accus\u00e9 de diaboliser les enseignants\",\"datePublished\":\"2016-02-18T17:38:18+00:00\",\"mainEntityOfPage\":{\"@id\":\"https:\/\/kapitalis.com\/tunisie\/2016\/02\/18\/neji-jalloul-accuse-de-diaboliser-les-enseignants\/\"},\"wordCount\":218,\"commentCount\":2,\"publisher\":{\"@id\":\"https:\/\/kapitalis.com\/tunisie\/#organization\"},\"image\":{\"@id\":\"https:\/\/kapitalis.com\/tunisie\/2016\/02\/18\/neji-jalloul-accuse-de-diaboliser-les-enseignants\/#primaryimage\"},\"thumbnailUrl\":\"\",\"keywords\":[\"agressions\",\"\u00e9ducation\",\"enseignants\",\"enseignement\",\"haine\",\"Neji Jalloul\",\"protestataires\",\"retraite\"],\"articleSection\":[\"SOCIETE\",\"Tunisie\"],\"inLanguage\":\"fr-FR\",\"potentialAction\":[{\"@type\":\"CommentAction\",\"name\":\"Comment\",\"target\":[\"https:\/\/kapitalis.com\/tunisie\/2016\/02\/18\/neji-jalloul-accuse-de-diaboliser-les-enseignants\/#respond\"]}]},{\"@type\":\"WebPage\",\"@id\":\"https:\/\/kapitalis.com\/tunisie\/2016\/02\/18\/neji-jalloul-accuse-de-diaboliser-les-enseignants\/\",\"url\":\"https:\/\/kapitalis.com\/tunisie\/2016\/02\/18\/neji-jalloul-accuse-de-diaboliser-les-enseignants\/\",\"name\":\"N\u00e9ji Jalloul accus\u00e9 de diaboliser les enseignants - Kapitalis\",\"isPartOf\":{\"@id\":\"https:\/\/kapitalis.com\/tunisie\/#website\"},\"primaryImageOfPage\":{\"@id\":\"https:\/\/kapitalis.com\/tunisie\/2016\/02\/18\/neji-jalloul-accuse-de-diaboliser-les-enseignants\/#primaryimage\"},\"image\":{\"@id\":\"https:\/\/kapitalis.com\/tunisie\/2016\/02\/18\/neji-jalloul-accuse-de-diaboliser-les-enseignants\/#primaryimage\"},\"thumbnailUrl\":\"\",\"datePublished\":\"2016-02-18T17:38:18+00:00\",\"breadcrumb\":{\"@id\":\"https:\/\/kapitalis.com\/tunisie\/2016\/02\/18\/neji-jalloul-accuse-de-diaboliser-les-enseignants\/#breadcrumb\"},\"inLanguage\":\"fr-FR\",\"potentialAction\":[{\"@type\":\"ReadAction\",\"target\":[\"https:\/\/kapitalis.com\/tunisie\/2016\/02\/18\/neji-jalloul-accuse-de-diaboliser-les-enseignants\/\"]}]},{\"@type\":\"ImageObject\",\"inLanguage\":\"fr-FR\",\"@id\":\"https:\/\/kapitalis.com\/tunisie\/2016\/02\/18\/neji-jalloul-accuse-de-diaboliser-les-enseignants\/#primaryimage\",\"url\":\"\",\"contentUrl\":\"\"},{\"@type\":\"BreadcrumbList\",\"@id\":\"https:\/\/kapitalis.com\/tunisie\/2016\/02\/18\/neji-jalloul-accuse-de-diaboliser-les-enseignants\/#breadcrumb\",\"itemListElement\":[{\"@type\":\"ListItem\",\"position\":1,\"name\":\"Accueil\",\"item\":\"https:\/\/kapitalis.com\/tunisie\/\"},{\"@type\":\"ListItem\",\"position\":2,\"name\":\"N\u00e9ji Jalloul accus\u00e9 de diaboliser les enseignants\"}]},{\"@type\":\"WebSite\",\"@id\":\"https:\/\/kapitalis.com\/tunisie\/#website\",\"url\":\"https:\/\/kapitalis.com\/tunisie\/\",\"name\":\"Kapitalis\",\"description\":\"L&#039;actualit\u00e9 en Tunisie et dans le monde\",\"publisher\":{\"@id\":\"https:\/\/kapitalis.com\/tunisie\/#organization\"},\"potentialAction\":[{\"@type\":\"SearchAction\",\"target\":{\"@type\":\"EntryPoint\",\"urlTemplate\":\"https:\/\/kapitalis.com\/tunisie\/?s={search_term_string}\"},\"query-input\":{\"@type\":\"PropertyValueSpecification\",\"valueRequired\":true,\"valueName\":\"search_term_string\"}}],\"inLanguage\":\"fr-FR\"},{\"@type\":\"Organization\",\"@id\":\"https:\/\/kapitalis.com\/tunisie\/#organization\",\"name\":\"Kapitalis\",\"url\":\"https:\/\/kapitalis.com\/tunisie\/\",\"logo\":{\"@type\":\"ImageObject\",\"inLanguage\":\"fr-FR\",\"@id\":\"https:\/\/kapitalis.com\/tunisie\/#\/schema\/logo\/image\/\",\"url\":\"https:\/\/kapitalis.com\/tunisie\/wp-content\/uploads\/2022\/05\/Kapitalis-big-size.png\",\"contentUrl\":\"https:\/\/kapitalis.com\/tunisie\/wp-content\/uploads\/2022\/05\/Kapitalis-big-size.png\",\"width\":5000,\"height\":1500,\"caption\":\"Kapitalis\"},\"image\":{\"@id\":\"https:\/\/kapitalis.com\/tunisie\/#\/schema\/logo\/image\/\"},\"sameAs\":[\"https:\/\/www.facebook.com\/KapitalisInfo\/\",\"https:\/\/x.com\/KapitalisInfo\",\"https:\/\/www.youtube.com\/channel\/UC-yDYrHyfFBWWZaOw3FPg9Q\"]},{\"@type\":\"Person\",\"@id\":\"https:\/\/kapitalis.com\/tunisie\/#\/schema\/person\/e49e6dd6ed3f0512aef25da8b3483abf\",\"name\":\"Noureddine Hlaoui\",\"url\":\"https:\/\/kapitalis.com\/tunisie\/author\/noureddine-hlaoui\/\"}]}<\/script>\n<!-- \/ Yoast SEO plugin. -->","yoast_head_json":{"title":"N\u00e9ji Jalloul accus\u00e9 de diaboliser les enseignants - Kapitalis","robots":{"index":"index","follow":"follow","max-snippet":"max-snippet:-1","max-image-preview":"max-image-preview:large","max-video-preview":"max-video-preview:-1"},"canonical":"https:\/\/kapitalis.com\/tunisie\/2016\/02\/18\/neji-jalloul-accuse-de-diaboliser-les-enseignants\/","og_locale":"fr_FR","og_type":"article","og_title":"N\u00e9ji Jalloul accus\u00e9 de diaboliser les enseignants - Kapitalis","og_description":"La tension monte de nouveau entre N\u00e9ji Jalloul et les syndicats de l\u2019enseignement qui lui reprochent la diabolisation du corps enseignant.","og_url":"https:\/\/kapitalis.com\/tunisie\/2016\/02\/18\/neji-jalloul-accuse-de-diaboliser-les-enseignants\/","og_site_name":"Kapitalis","article_publisher":"https:\/\/www.facebook.com\/KapitalisInfo\/","article_published_time":"2016-02-18T17:38:18+00:00","og_image":[{"width":1200,"height":630,"url":"https:\/\/kapitalis.com\/tunisie\/wp-content\/uploads\/2022\/05\/kapitalis-logo-fb.png","type":"image\/png"}],"author":"Noureddine Hlaoui","twitter_card":"summary_large_image","twitter_creator":"@KapitalisInfo","twitter_site":"@KapitalisInfo","twitter_misc":{"\u00c9crit par":"Noureddine Hlaoui","Dur\u00e9e de lecture estim\u00e9e":"1 minute"},"schema":{"@context":"https:\/\/schema.org","@graph":[{"@type":"Article","@id":"https:\/\/kapitalis.com\/tunisie\/2016\/02\/18\/neji-jalloul-accuse-de-diaboliser-les-enseignants\/#article","isPartOf":{"@id":"https:\/\/kapitalis.com\/tunisie\/2016\/02\/18\/neji-jalloul-accuse-de-diaboliser-les-enseignants\/"},"author":{"name":"Noureddine Hlaoui","@id":"https:\/\/kapitalis.com\/tunisie\/#\/schema\/person\/e49e6dd6ed3f0512aef25da8b3483abf"},"headline":"N\u00e9ji Jalloul accus\u00e9 de diaboliser les enseignants","datePublished":"2016-02-18T17:38:18+00:00","mainEntityOfPage":{"@id":"https:\/\/kapitalis.com\/tunisie\/2016\/02\/18\/neji-jalloul-accuse-de-diaboliser-les-enseignants\/"},"wordCount":218,"commentCount":2,"publisher":{"@id":"https:\/\/kapitalis.com\/tunisie\/#organization"},"image":{"@id":"https:\/\/kapitalis.com\/tunisie\/2016\/02\/18\/neji-jalloul-accuse-de-diaboliser-les-enseignants\/#primaryimage"},"thumbnailUrl":"","keywords":["agressions","\u00e9ducation","enseignants","enseignement","haine","Neji Jalloul","protestataires","retraite"],"articleSection":["SOCIETE","Tunisie"],"inLanguage":"fr-FR","potentialAction":[{"@type":"CommentAction","name":"Comment","target":["https:\/\/kapitalis.com\/tunisie\/2016\/02\/18\/neji-jalloul-accuse-de-diaboliser-les-enseignants\/#respond"]}]},{"@type":"WebPage","@id":"https:\/\/kapitalis.com\/tunisie\/2016\/02\/18\/neji-jalloul-accuse-de-diaboliser-les-enseignants\/","url":"https:\/\/kapitalis.com\/tunisie\/2016\/02\/18\/neji-jalloul-accuse-de-diaboliser-les-enseignants\/","name":"N\u00e9ji Jalloul accus\u00e9 de diaboliser les enseignants - Kapitalis","isPartOf":{"@id":"https:\/\/kapitalis.com\/tunisie\/#website"},"primaryImageOfPage":{"@id":"https:\/\/kapitalis.com\/tunisie\/2016\/02\/18\/neji-jalloul-accuse-de-diaboliser-les-enseignants\/#primaryimage"},"image":{"@id":"https:\/\/kapitalis.com\/tunisie\/2016\/02\/18\/neji-jalloul-accuse-de-diaboliser-les-enseignants\/#primaryimage"},"thumbnailUrl":"","datePublished":"2016-02-18T17:38:18+00:00","breadcrumb":{"@id":"https:\/\/kapitalis.com\/tunisie\/2016\/02\/18\/neji-jalloul-accuse-de-diaboliser-les-enseignants\/#breadcrumb"},"inLanguage":"fr-FR","potentialAction":[{"@type":"ReadAction","target":["https:\/\/kapitalis.com\/tunisie\/2016\/02\/18\/neji-jalloul-accuse-de-diaboliser-les-enseignants\/"]}]},{"@type":"ImageObject","inLanguage":"fr-FR","@id":"https:\/\/kapitalis.com\/tunisie\/2016\/02\/18\/neji-jalloul-accuse-de-diaboliser-les-enseignants\/#primaryimage","url":"","contentUrl":""},{"@type":"BreadcrumbList","@id":"https:\/\/kapitalis.com\/tunisie\/2016\/02\/18\/neji-jalloul-accuse-de-diaboliser-les-enseignants\/#breadcrumb","itemListElement":[{"@type":"ListItem","position":1,"name":"Accueil","item":"https:\/\/kapitalis.com\/tunisie\/"},{"@type":"ListItem","position":2,"name":"N\u00e9ji Jalloul accus\u00e9 de diaboliser les enseignants"}]},{"@type":"WebSite","@id":"https:\/\/kapitalis.com\/tunisie\/#website","url":"https:\/\/kapitalis.com\/tunisie\/","name":"Kapitalis","description":"L&#039;actualit\u00e9 en Tunisie et dans le monde","publisher":{"@id":"https:\/\/kapitalis.com\/tunisie\/#organization"},"potentialAction":[{"@type":"SearchAction","target":{"@type":"EntryPoint","urlTemplate":"https:\/\/kapitalis.com\/tunisie\/?s={search_term_string}"},"query-input":{"@type":"PropertyValueSpecification","valueRequired":true,"valueName":"search_term_string"}}],"inLanguage":"fr-FR"},{"@type":"Organization","@id":"https:\/\/kapitalis.com\/tunisie\/#organization","name":"Kapitalis","url":"https:\/\/kapitalis.com\/tunisie\/","logo":{"@type":"ImageObject","inLanguage":"fr-FR","@id":"https:\/\/kapitalis.com\/tunisie\/#\/schema\/logo\/image\/","url":"https:\/\/kapitalis.com\/tunisie\/wp-content\/uploads\/2022\/05\/Kapitalis-big-size.png","contentUrl":"https:\/\/kapitalis.com\/tunisie\/wp-content\/uploads\/2022\/05\/Kapitalis-big-size.png","width":5000,"height":1500,"caption":"Kapitalis"},"image":{"@id":"https:\/\/kapitalis.com\/tunisie\/#\/schema\/logo\/image\/"},"sameAs":["https:\/\/www.facebook.com\/KapitalisInfo\/","https:\/\/x.com\/KapitalisInfo","https:\/\/www.youtube.com\/channel\/UC-yDYrHyfFBWWZaOw3FPg9Q"]},{"@type":"Person","@id":"https:\/\/kapitalis.com\/tunisie\/#\/schema\/person\/e49e6dd6ed3f0512aef25da8b3483abf","name":"Noureddine Hlaoui","url":"https:\/\/kapitalis.com\/tunisie\/author\/noureddine-hlaoui\/"}]}},"_links":{"self":[{"href":"https:\/\/kapitalis.com\/tunisie\/wp-json\/wp\/v2\/posts\/40280","targetHints":{"allow":["GET"]}}],"collection":[{"href":"https:\/\/kapitalis.com\/tunisie\/wp-json\/wp\/v2\/posts"}],"about":[{"href":"https:\/\/kapitalis.com\/tunisie\/wp-json\/wp\/v2\/types\/post"}],"author":[{"embeddable":true,"href":"https:\/\/kapitalis.com\/tunisie\/wp-json\/wp\/v2\/users\/12"}],"replies":[{"embeddable":true,"href":"https:\/\/kapitalis.com\/tunisie\/wp-json\/wp\/v2\/comments?post=40280"}],"version-history":[{"count":0,"href":"https:\/\/kapitalis.com\/tunisie\/wp-json\/wp\/v2\/posts\/40280\/revisions"}],"wp:featuredmedia":[{"embeddable":true,"href":"https:\/\/kapitalis.com\/tunisie\/wp-json\/wp\/v2\/media\/40281"}],"wp:attachment":[{"href":"https:\/\/kapitalis.com\/tunisie\/wp-json\/wp\/v2\/media?parent=40280"}],"wp:term":[{"taxonomy":"category","embeddable":true,"href":"https:\/\/kapitalis.com\/tunisie\/wp-json\/wp\/v2\/categories?post=40280"},{"taxonomy":"post_tag","embeddable":true,"href":"https:\/\/kapitalis.com\/tunisie\/wp-json\/wp\/v2\/tags?post=40280"}],"curies":[{"name":"wp","href":"https:\/\/api.w.org\/{rel}","templated":true}]}}