{"id":40317,"date":"2016-02-19T09:09:17","date_gmt":"2016-02-19T08:09:17","guid":{"rendered":"http:\/\/kapitalis.com\/tunisie\/?p=40317"},"modified":"2016-02-19T09:11:34","modified_gmt":"2016-02-19T08:11:34","slug":"les-artistes-de-sfax-ne-reconnaissent-pas-mokdad-sehili","status":"publish","type":"post","link":"https:\/\/kapitalis.com\/tunisie\/2016\/02\/19\/les-artistes-de-sfax-ne-reconnaissent-pas-mokdad-sehili\/","title":{"rendered":"Les artistes de Sfax ne reconnaissent pas Mokdad Sehili"},"content":{"rendered":"<p><img loading=\"lazy\" decoding=\"async\" class=\"aligncenter size-full wp-image-40318\" src=\"http:\/\/kapitalis.com\/tunisie\/wp-content\/uploads\/2016\/02\/sehili.jpg\" alt=\"sehili\" width=\"626\" height=\"380\" \/><\/p>\n<p><em><strong>Les clashes se multiplient entre Mokdad Sehili et les artistes qui ne reconnaissent pas son autorit\u00e9 et l\u2019accusent de se m\u00ealer de ce qui ne le regarde pas.<\/strong><\/em><\/p>\n<p><!--more--><\/p>\n<p>Le Syndicat des artistes professionnels de Sfax, relevant de l\u2019Union g\u00e9n\u00e9rale tunisienne du travail (UGTT), a\u00a0 condamn\u00e9 les derniers propos de Mokdad Sehili, pr\u00e9sident du Syndicat tunisien du secteur de la musique (STSM), qui a accus\u00e9 l\u2019un des artistes de la r\u00e9gion, Fathi Ben Ali, de s\u2019\u00eatre rendu en Isra\u00ebl pour donner des spectacles<\/p>\n<p>Lors d\u2019une conf\u00e9rence de presse tenue jeudi 18 f\u00e9vrier 2016, \u00e0 la maison de l\u2019Union r\u00e9gionale du travail, le Syndicat des artistes professionnels de Sfax assure qu\u2019il constitue le seul corps l\u00e9gitime qui supervise l\u2019organisation du secteur artistique dans la r\u00e9gion.<\/p>\n<p>Les repr\u00e9sentants ex\u00e9cutifs du syndicat sont d\u2019autant plus en col\u00e8re qu\u2019apr\u00e8s avoir v\u00e9rifi\u00e9 aupr\u00e8s de Fathi Ben Ali, il s\u2019est av\u00e9r\u00e9 que les accusations lanc\u00e9es contre lui par Mokdad Sehili \u00ab<em>\u00e9taient d\u00e9nu\u00e9es de tout fondement<\/em>\u00bb.<\/p>\n<p>Pour ce qui est de l\u2019\u00e9valuation de la situation artistique \u00e0 Sfax, Adel Samet, secr\u00e9taire g\u00e9n\u00e9ral du syndicat de base des artistes professionnels, a r\u00e9v\u00e9l\u00e9 que le paysage artistique de la r\u00e9gion semble fig\u00e9 et st\u00e9rile, alors que la ville s\u2019appr\u00eate \u00e0 vivre la manifestation \u00abSfax <em>capitale de la culture arabe<\/em>\u00bb.<\/p>\n<p>M. Samet estime que ce vide artistique et culturel est d\u00fb \u00e0 plusieurs facteurs dont notamment le fait que les artistes de la r\u00e9gion ne sont pas impliqu\u00e9s dans le processus de prise des d\u00e9cisions.<\/p>\n<p style=\"text-align: right;\"><strong>N. H.<\/strong><\/p>\n","protected":false},"excerpt":{"rendered":"<p>Les clashes se multiplient entre Mokdad Sehili et les artistes qui ne reconnaissent pas son autorit\u00e9 et l\u2019accusent de se m\u00ealer de ce qui ne le regarde pas.<\/p>\n","protected":false},"author":12,"featured_media":40318,"comment_status":"open","ping_status":"open","sticky":false,"template":"","format":"standard","meta":{"footnotes":""},"categories":[994,2433],"tags":[2363,186,2478,2872],"class_list":["post-40317","post","type-post","status-publish","format-standard","has-post-thumbnail","hentry","category-culture","category-tunisie","tag-artistes","tag-capitale","tag-israel","tag-spectacles"],"yoast_head":"<!-- This site is optimized with the Yoast SEO plugin v26.6 - https:\/\/yoast.com\/wordpress\/plugins\/seo\/ -->\n<title>Les artistes de Sfax ne reconnaissent pas Mokdad Sehili - Kapitalis<\/title>\n<meta name=\"robots\" content=\"index, follow, max-snippet:-1, max-image-preview:large, max-video-preview:-1\" \/>\n<link rel=\"canonical\" href=\"https:\/\/kapitalis.com\/tunisie\/2016\/02\/19\/les-artistes-de-sfax-ne-reconnaissent-pas-mokdad-sehili\/\" \/>\n<meta property=\"og:locale\" content=\"fr_FR\" \/>\n<meta property=\"og:type\" content=\"article\" \/>\n<meta property=\"og:title\" content=\"Les artistes de Sfax ne reconnaissent pas Mokdad Sehili - Kapitalis\" \/>\n<meta property=\"og:description\" content=\"Les clashes se multiplient entre Mokdad Sehili et les artistes qui ne reconnaissent pas son autorit\u00e9 et l\u2019accusent de se m\u00ealer de ce qui ne le regarde pas.\" \/>\n<meta property=\"og:url\" content=\"https:\/\/kapitalis.com\/tunisie\/2016\/02\/19\/les-artistes-de-sfax-ne-reconnaissent-pas-mokdad-sehili\/\" \/>\n<meta property=\"og:site_name\" content=\"Kapitalis\" \/>\n<meta property=\"article:publisher\" content=\"https:\/\/www.facebook.com\/KapitalisInfo\/\" \/>\n<meta property=\"article:published_time\" content=\"2016-02-19T08:09:17+00:00\" \/>\n<meta property=\"article:modified_time\" content=\"2016-02-19T08:11:34+00:00\" \/>\n<meta property=\"og:image\" content=\"https:\/\/kapitalis.com\/tunisie\/wp-content\/uploads\/2022\/05\/kapitalis-logo-fb.png\" \/>\n\t<meta property=\"og:image:width\" content=\"1200\" \/>\n\t<meta property=\"og:image:height\" content=\"630\" \/>\n\t<meta property=\"og:image:type\" content=\"image\/png\" \/>\n<meta name=\"author\" content=\"Noureddine Hlaoui\" \/>\n<meta name=\"twitter:card\" content=\"summary_large_image\" \/>\n<meta name=\"twitter:creator\" content=\"@KapitalisInfo\" \/>\n<meta name=\"twitter:site\" content=\"@KapitalisInfo\" \/>\n<meta name=\"twitter:label1\" content=\"\u00c9crit par\" \/>\n\t<meta name=\"twitter:data1\" content=\"Noureddine Hlaoui\" \/>\n\t<meta name=\"twitter:label2\" content=\"Dur\u00e9e de lecture estim\u00e9e\" \/>\n\t<meta name=\"twitter:data2\" content=\"1 minute\" \/>\n<script type=\"application\/ld+json\" class=\"yoast-schema-graph\">{\"@context\":\"https:\/\/schema.org\",\"@graph\":[{\"@type\":\"Article\",\"@id\":\"https:\/\/kapitalis.com\/tunisie\/2016\/02\/19\/les-artistes-de-sfax-ne-reconnaissent-pas-mokdad-sehili\/#article\",\"isPartOf\":{\"@id\":\"https:\/\/kapitalis.com\/tunisie\/2016\/02\/19\/les-artistes-de-sfax-ne-reconnaissent-pas-mokdad-sehili\/\"},\"author\":{\"name\":\"Noureddine Hlaoui\",\"@id\":\"https:\/\/kapitalis.com\/tunisie\/#\/schema\/person\/e49e6dd6ed3f0512aef25da8b3483abf\"},\"headline\":\"Les artistes de Sfax ne reconnaissent pas Mokdad Sehili\",\"datePublished\":\"2016-02-19T08:09:17+00:00\",\"dateModified\":\"2016-02-19T08:11:34+00:00\",\"mainEntityOfPage\":{\"@id\":\"https:\/\/kapitalis.com\/tunisie\/2016\/02\/19\/les-artistes-de-sfax-ne-reconnaissent-pas-mokdad-sehili\/\"},\"wordCount\":294,\"commentCount\":0,\"publisher\":{\"@id\":\"https:\/\/kapitalis.com\/tunisie\/#organization\"},\"image\":{\"@id\":\"https:\/\/kapitalis.com\/tunisie\/2016\/02\/19\/les-artistes-de-sfax-ne-reconnaissent-pas-mokdad-sehili\/#primaryimage\"},\"thumbnailUrl\":\"\",\"keywords\":[\"artistes\",\"capitale\",\"Isra\u00ebl\",\"spectacles\"],\"articleSection\":[\"CULTURE\",\"Tunisie\"],\"inLanguage\":\"fr-FR\",\"potentialAction\":[{\"@type\":\"CommentAction\",\"name\":\"Comment\",\"target\":[\"https:\/\/kapitalis.com\/tunisie\/2016\/02\/19\/les-artistes-de-sfax-ne-reconnaissent-pas-mokdad-sehili\/#respond\"]}]},{\"@type\":\"WebPage\",\"@id\":\"https:\/\/kapitalis.com\/tunisie\/2016\/02\/19\/les-artistes-de-sfax-ne-reconnaissent-pas-mokdad-sehili\/\",\"url\":\"https:\/\/kapitalis.com\/tunisie\/2016\/02\/19\/les-artistes-de-sfax-ne-reconnaissent-pas-mokdad-sehili\/\",\"name\":\"Les artistes de Sfax ne reconnaissent pas Mokdad Sehili - Kapitalis\",\"isPartOf\":{\"@id\":\"https:\/\/kapitalis.com\/tunisie\/#website\"},\"primaryImageOfPage\":{\"@id\":\"https:\/\/kapitalis.com\/tunisie\/2016\/02\/19\/les-artistes-de-sfax-ne-reconnaissent-pas-mokdad-sehili\/#primaryimage\"},\"image\":{\"@id\":\"https:\/\/kapitalis.com\/tunisie\/2016\/02\/19\/les-artistes-de-sfax-ne-reconnaissent-pas-mokdad-sehili\/#primaryimage\"},\"thumbnailUrl\":\"\",\"datePublished\":\"2016-02-19T08:09:17+00:00\",\"dateModified\":\"2016-02-19T08:11:34+00:00\",\"breadcrumb\":{\"@id\":\"https:\/\/kapitalis.com\/tunisie\/2016\/02\/19\/les-artistes-de-sfax-ne-reconnaissent-pas-mokdad-sehili\/#breadcrumb\"},\"inLanguage\":\"fr-FR\",\"potentialAction\":[{\"@type\":\"ReadAction\",\"target\":[\"https:\/\/kapitalis.com\/tunisie\/2016\/02\/19\/les-artistes-de-sfax-ne-reconnaissent-pas-mokdad-sehili\/\"]}]},{\"@type\":\"ImageObject\",\"inLanguage\":\"fr-FR\",\"@id\":\"https:\/\/kapitalis.com\/tunisie\/2016\/02\/19\/les-artistes-de-sfax-ne-reconnaissent-pas-mokdad-sehili\/#primaryimage\",\"url\":\"\",\"contentUrl\":\"\"},{\"@type\":\"BreadcrumbList\",\"@id\":\"https:\/\/kapitalis.com\/tunisie\/2016\/02\/19\/les-artistes-de-sfax-ne-reconnaissent-pas-mokdad-sehili\/#breadcrumb\",\"itemListElement\":[{\"@type\":\"ListItem\",\"position\":1,\"name\":\"Accueil\",\"item\":\"https:\/\/kapitalis.com\/tunisie\/\"},{\"@type\":\"ListItem\",\"position\":2,\"name\":\"Les artistes de Sfax ne reconnaissent pas Mokdad Sehili\"}]},{\"@type\":\"WebSite\",\"@id\":\"https:\/\/kapitalis.com\/tunisie\/#website\",\"url\":\"https:\/\/kapitalis.com\/tunisie\/\",\"name\":\"Kapitalis\",\"description\":\"L&#039;actualit\u00e9 en Tunisie et dans le monde\",\"publisher\":{\"@id\":\"https:\/\/kapitalis.com\/tunisie\/#organization\"},\"potentialAction\":[{\"@type\":\"SearchAction\",\"target\":{\"@type\":\"EntryPoint\",\"urlTemplate\":\"https:\/\/kapitalis.com\/tunisie\/?s={search_term_string}\"},\"query-input\":{\"@type\":\"PropertyValueSpecification\",\"valueRequired\":true,\"valueName\":\"search_term_string\"}}],\"inLanguage\":\"fr-FR\"},{\"@type\":\"Organization\",\"@id\":\"https:\/\/kapitalis.com\/tunisie\/#organization\",\"name\":\"Kapitalis\",\"url\":\"https:\/\/kapitalis.com\/tunisie\/\",\"logo\":{\"@type\":\"ImageObject\",\"inLanguage\":\"fr-FR\",\"@id\":\"https:\/\/kapitalis.com\/tunisie\/#\/schema\/logo\/image\/\",\"url\":\"https:\/\/kapitalis.com\/tunisie\/wp-content\/uploads\/2022\/05\/Kapitalis-big-size.png\",\"contentUrl\":\"https:\/\/kapitalis.com\/tunisie\/wp-content\/uploads\/2022\/05\/Kapitalis-big-size.png\",\"width\":5000,\"height\":1500,\"caption\":\"Kapitalis\"},\"image\":{\"@id\":\"https:\/\/kapitalis.com\/tunisie\/#\/schema\/logo\/image\/\"},\"sameAs\":[\"https:\/\/www.facebook.com\/KapitalisInfo\/\",\"https:\/\/x.com\/KapitalisInfo\",\"https:\/\/www.youtube.com\/channel\/UC-yDYrHyfFBWWZaOw3FPg9Q\"]},{\"@type\":\"Person\",\"@id\":\"https:\/\/kapitalis.com\/tunisie\/#\/schema\/person\/e49e6dd6ed3f0512aef25da8b3483abf\",\"name\":\"Noureddine Hlaoui\",\"url\":\"https:\/\/kapitalis.com\/tunisie\/author\/noureddine-hlaoui\/\"}]}<\/script>\n<!-- \/ Yoast SEO plugin. -->","yoast_head_json":{"title":"Les artistes de Sfax ne reconnaissent pas Mokdad Sehili - Kapitalis","robots":{"index":"index","follow":"follow","max-snippet":"max-snippet:-1","max-image-preview":"max-image-preview:large","max-video-preview":"max-video-preview:-1"},"canonical":"https:\/\/kapitalis.com\/tunisie\/2016\/02\/19\/les-artistes-de-sfax-ne-reconnaissent-pas-mokdad-sehili\/","og_locale":"fr_FR","og_type":"article","og_title":"Les artistes de Sfax ne reconnaissent pas Mokdad Sehili - Kapitalis","og_description":"Les clashes se multiplient entre Mokdad Sehili et les artistes qui ne reconnaissent pas son autorit\u00e9 et l\u2019accusent de se m\u00ealer de ce qui ne le regarde pas.","og_url":"https:\/\/kapitalis.com\/tunisie\/2016\/02\/19\/les-artistes-de-sfax-ne-reconnaissent-pas-mokdad-sehili\/","og_site_name":"Kapitalis","article_publisher":"https:\/\/www.facebook.com\/KapitalisInfo\/","article_published_time":"2016-02-19T08:09:17+00:00","article_modified_time":"2016-02-19T08:11:34+00:00","og_image":[{"width":1200,"height":630,"url":"https:\/\/kapitalis.com\/tunisie\/wp-content\/uploads\/2022\/05\/kapitalis-logo-fb.png","type":"image\/png"}],"author":"Noureddine Hlaoui","twitter_card":"summary_large_image","twitter_creator":"@KapitalisInfo","twitter_site":"@KapitalisInfo","twitter_misc":{"\u00c9crit par":"Noureddine Hlaoui","Dur\u00e9e de lecture estim\u00e9e":"1 minute"},"schema":{"@context":"https:\/\/schema.org","@graph":[{"@type":"Article","@id":"https:\/\/kapitalis.com\/tunisie\/2016\/02\/19\/les-artistes-de-sfax-ne-reconnaissent-pas-mokdad-sehili\/#article","isPartOf":{"@id":"https:\/\/kapitalis.com\/tunisie\/2016\/02\/19\/les-artistes-de-sfax-ne-reconnaissent-pas-mokdad-sehili\/"},"author":{"name":"Noureddine Hlaoui","@id":"https:\/\/kapitalis.com\/tunisie\/#\/schema\/person\/e49e6dd6ed3f0512aef25da8b3483abf"},"headline":"Les artistes de Sfax ne reconnaissent pas Mokdad Sehili","datePublished":"2016-02-19T08:09:17+00:00","dateModified":"2016-02-19T08:11:34+00:00","mainEntityOfPage":{"@id":"https:\/\/kapitalis.com\/tunisie\/2016\/02\/19\/les-artistes-de-sfax-ne-reconnaissent-pas-mokdad-sehili\/"},"wordCount":294,"commentCount":0,"publisher":{"@id":"https:\/\/kapitalis.com\/tunisie\/#organization"},"image":{"@id":"https:\/\/kapitalis.com\/tunisie\/2016\/02\/19\/les-artistes-de-sfax-ne-reconnaissent-pas-mokdad-sehili\/#primaryimage"},"thumbnailUrl":"","keywords":["artistes","capitale","Isra\u00ebl","spectacles"],"articleSection":["CULTURE","Tunisie"],"inLanguage":"fr-FR","potentialAction":[{"@type":"CommentAction","name":"Comment","target":["https:\/\/kapitalis.com\/tunisie\/2016\/02\/19\/les-artistes-de-sfax-ne-reconnaissent-pas-mokdad-sehili\/#respond"]}]},{"@type":"WebPage","@id":"https:\/\/kapitalis.com\/tunisie\/2016\/02\/19\/les-artistes-de-sfax-ne-reconnaissent-pas-mokdad-sehili\/","url":"https:\/\/kapitalis.com\/tunisie\/2016\/02\/19\/les-artistes-de-sfax-ne-reconnaissent-pas-mokdad-sehili\/","name":"Les artistes de Sfax ne reconnaissent pas Mokdad Sehili - Kapitalis","isPartOf":{"@id":"https:\/\/kapitalis.com\/tunisie\/#website"},"primaryImageOfPage":{"@id":"https:\/\/kapitalis.com\/tunisie\/2016\/02\/19\/les-artistes-de-sfax-ne-reconnaissent-pas-mokdad-sehili\/#primaryimage"},"image":{"@id":"https:\/\/kapitalis.com\/tunisie\/2016\/02\/19\/les-artistes-de-sfax-ne-reconnaissent-pas-mokdad-sehili\/#primaryimage"},"thumbnailUrl":"","datePublished":"2016-02-19T08:09:17+00:00","dateModified":"2016-02-19T08:11:34+00:00","breadcrumb":{"@id":"https:\/\/kapitalis.com\/tunisie\/2016\/02\/19\/les-artistes-de-sfax-ne-reconnaissent-pas-mokdad-sehili\/#breadcrumb"},"inLanguage":"fr-FR","potentialAction":[{"@type":"ReadAction","target":["https:\/\/kapitalis.com\/tunisie\/2016\/02\/19\/les-artistes-de-sfax-ne-reconnaissent-pas-mokdad-sehili\/"]}]},{"@type":"ImageObject","inLanguage":"fr-FR","@id":"https:\/\/kapitalis.com\/tunisie\/2016\/02\/19\/les-artistes-de-sfax-ne-reconnaissent-pas-mokdad-sehili\/#primaryimage","url":"","contentUrl":""},{"@type":"BreadcrumbList","@id":"https:\/\/kapitalis.com\/tunisie\/2016\/02\/19\/les-artistes-de-sfax-ne-reconnaissent-pas-mokdad-sehili\/#breadcrumb","itemListElement":[{"@type":"ListItem","position":1,"name":"Accueil","item":"https:\/\/kapitalis.com\/tunisie\/"},{"@type":"ListItem","position":2,"name":"Les artistes de Sfax ne reconnaissent pas Mokdad Sehili"}]},{"@type":"WebSite","@id":"https:\/\/kapitalis.com\/tunisie\/#website","url":"https:\/\/kapitalis.com\/tunisie\/","name":"Kapitalis","description":"L&#039;actualit\u00e9 en Tunisie et dans le monde","publisher":{"@id":"https:\/\/kapitalis.com\/tunisie\/#organization"},"potentialAction":[{"@type":"SearchAction","target":{"@type":"EntryPoint","urlTemplate":"https:\/\/kapitalis.com\/tunisie\/?s={search_term_string}"},"query-input":{"@type":"PropertyValueSpecification","valueRequired":true,"valueName":"search_term_string"}}],"inLanguage":"fr-FR"},{"@type":"Organization","@id":"https:\/\/kapitalis.com\/tunisie\/#organization","name":"Kapitalis","url":"https:\/\/kapitalis.com\/tunisie\/","logo":{"@type":"ImageObject","inLanguage":"fr-FR","@id":"https:\/\/kapitalis.com\/tunisie\/#\/schema\/logo\/image\/","url":"https:\/\/kapitalis.com\/tunisie\/wp-content\/uploads\/2022\/05\/Kapitalis-big-size.png","contentUrl":"https:\/\/kapitalis.com\/tunisie\/wp-content\/uploads\/2022\/05\/Kapitalis-big-size.png","width":5000,"height":1500,"caption":"Kapitalis"},"image":{"@id":"https:\/\/kapitalis.com\/tunisie\/#\/schema\/logo\/image\/"},"sameAs":["https:\/\/www.facebook.com\/KapitalisInfo\/","https:\/\/x.com\/KapitalisInfo","https:\/\/www.youtube.com\/channel\/UC-yDYrHyfFBWWZaOw3FPg9Q"]},{"@type":"Person","@id":"https:\/\/kapitalis.com\/tunisie\/#\/schema\/person\/e49e6dd6ed3f0512aef25da8b3483abf","name":"Noureddine Hlaoui","url":"https:\/\/kapitalis.com\/tunisie\/author\/noureddine-hlaoui\/"}]}},"_links":{"self":[{"href":"https:\/\/kapitalis.com\/tunisie\/wp-json\/wp\/v2\/posts\/40317","targetHints":{"allow":["GET"]}}],"collection":[{"href":"https:\/\/kapitalis.com\/tunisie\/wp-json\/wp\/v2\/posts"}],"about":[{"href":"https:\/\/kapitalis.com\/tunisie\/wp-json\/wp\/v2\/types\/post"}],"author":[{"embeddable":true,"href":"https:\/\/kapitalis.com\/tunisie\/wp-json\/wp\/v2\/users\/12"}],"replies":[{"embeddable":true,"href":"https:\/\/kapitalis.com\/tunisie\/wp-json\/wp\/v2\/comments?post=40317"}],"version-history":[{"count":0,"href":"https:\/\/kapitalis.com\/tunisie\/wp-json\/wp\/v2\/posts\/40317\/revisions"}],"wp:featuredmedia":[{"embeddable":true,"href":"https:\/\/kapitalis.com\/tunisie\/wp-json\/wp\/v2\/media\/40318"}],"wp:attachment":[{"href":"https:\/\/kapitalis.com\/tunisie\/wp-json\/wp\/v2\/media?parent=40317"}],"wp:term":[{"taxonomy":"category","embeddable":true,"href":"https:\/\/kapitalis.com\/tunisie\/wp-json\/wp\/v2\/categories?post=40317"},{"taxonomy":"post_tag","embeddable":true,"href":"https:\/\/kapitalis.com\/tunisie\/wp-json\/wp\/v2\/tags?post=40317"}],"curies":[{"name":"wp","href":"https:\/\/api.w.org\/{rel}","templated":true}]}}