{"id":40684,"date":"2016-02-22T08:47:59","date_gmt":"2016-02-22T07:47:59","guid":{"rendered":"http:\/\/kapitalis.com\/tunisie\/?p=40684"},"modified":"2016-02-22T08:49:28","modified_gmt":"2016-02-22T07:49:28","slug":"zarzis-des-marins-menacent-dun-depart-collectif-vers-lampedusa","status":"publish","type":"post","link":"https:\/\/kapitalis.com\/tunisie\/2016\/02\/22\/zarzis-des-marins-menacent-dun-depart-collectif-vers-lampedusa\/","title":{"rendered":"Zarzis : Des marins menacent d\u2019un d\u00e9part collectif vers Lampedusa"},"content":{"rendered":"<p><img loading=\"lazy\" decoding=\"async\" class=\"aligncenter size-full wp-image-40685\" src=\"http:\/\/kapitalis.com\/tunisie\/wp-content\/uploads\/2016\/02\/PECHEURS-ZARZIS.jpg\" alt=\"PECHEURS-ZARZIS\" width=\"626\" height=\"380\" \/><\/p>\n<p><em><strong>Apr\u00e8s la lib\u00e9ration des marins-p\u00eacheurs de Zarzis par les groupes arm\u00e9s libyens, la tension continue \u00e0 monter dans cette ville du sud-est tunisien<\/strong><\/em>.<\/p>\n<p><!--more--><\/p>\n<p>Les marins-p\u00eacheurs, qui se plaignent des conditions g\u00e9n\u00e9rales de leur travail, menacent d\u2019\u00e9migrer collectivement vers l\u2019\u00eele italienne de Lampedusa \u00e0 bord de leurs bateaux.<\/p>\n<p>Une r\u00e9union extraordinaire s\u2019est tenue, d\u2019urgence, dans la soir\u00e9e du dimanche 21 f\u00e9vrier 2016, \u00e0 Zarzis, en pr\u00e9sence des repr\u00e9sentants des syndicats concern\u00e9s par le secteur de la p\u00eache, pour arr\u00eater une position concert\u00e9e et une d\u00e9cision finale en cas de non-satisfaction de leurs revendications par le ministre de l\u2019Agriculture et de la P\u00eache, Sa\u00e2d Seddik, qui a supervis\u00e9, de son c\u00f4t\u00e9, une r\u00e9union avec les diff\u00e9rents acteurs du secteur dans cette r\u00e9gion.<\/p>\n<p style=\"text-align: right;\"><strong>N. H.<\/strong><\/p>\n","protected":false},"excerpt":{"rendered":"<p>Apr\u00e8s la lib\u00e9ration des marins-p\u00eacheurs de Zarzis par les groupes arm\u00e9s libyens, la tension continue \u00e0 monter dans cette ville du sud-est tunisien.<\/p>\n","protected":false},"author":12,"featured_media":40685,"comment_status":"open","ping_status":"open","sticky":false,"template":"","format":"standard","meta":{"footnotes":""},"categories":[998,2433],"tags":[47,2842,12780,2825,701,10467,975],"class_list":["post-40684","post","type-post","status-publish","format-standard","has-post-thumbnail","hentry","category-societe","category-tunisie","tag-agriculture","tag-lampedusa","tag-marins","tag-menaces","tag-peche","tag-tension","tag-zarzis"],"yoast_head":"<!-- This site is optimized with the Yoast SEO plugin v26.6 - https:\/\/yoast.com\/wordpress\/plugins\/seo\/ -->\n<title>Zarzis : Des marins menacent d\u2019un d\u00e9part collectif vers Lampedusa - Kapitalis<\/title>\n<meta name=\"robots\" content=\"index, follow, max-snippet:-1, max-image-preview:large, max-video-preview:-1\" \/>\n<link rel=\"canonical\" href=\"https:\/\/kapitalis.com\/tunisie\/2016\/02\/22\/zarzis-des-marins-menacent-dun-depart-collectif-vers-lampedusa\/\" \/>\n<meta property=\"og:locale\" content=\"fr_FR\" \/>\n<meta property=\"og:type\" content=\"article\" \/>\n<meta property=\"og:title\" content=\"Zarzis : Des marins menacent d\u2019un d\u00e9part collectif vers Lampedusa - Kapitalis\" \/>\n<meta property=\"og:description\" content=\"Apr\u00e8s la lib\u00e9ration des marins-p\u00eacheurs de Zarzis par les groupes arm\u00e9s libyens, la tension continue \u00e0 monter dans cette ville du sud-est tunisien.\" \/>\n<meta property=\"og:url\" content=\"https:\/\/kapitalis.com\/tunisie\/2016\/02\/22\/zarzis-des-marins-menacent-dun-depart-collectif-vers-lampedusa\/\" \/>\n<meta property=\"og:site_name\" content=\"Kapitalis\" \/>\n<meta property=\"article:publisher\" content=\"https:\/\/www.facebook.com\/KapitalisInfo\/\" \/>\n<meta property=\"article:published_time\" content=\"2016-02-22T07:47:59+00:00\" \/>\n<meta property=\"article:modified_time\" content=\"2016-02-22T07:49:28+00:00\" \/>\n<meta property=\"og:image\" content=\"https:\/\/kapitalis.com\/tunisie\/wp-content\/uploads\/2022\/05\/kapitalis-logo-fb.png\" \/>\n\t<meta property=\"og:image:width\" content=\"1200\" \/>\n\t<meta property=\"og:image:height\" content=\"630\" \/>\n\t<meta property=\"og:image:type\" content=\"image\/png\" \/>\n<meta name=\"author\" content=\"Noureddine Hlaoui\" \/>\n<meta name=\"twitter:card\" content=\"summary_large_image\" \/>\n<meta name=\"twitter:creator\" content=\"@KapitalisInfo\" \/>\n<meta name=\"twitter:site\" content=\"@KapitalisInfo\" \/>\n<meta name=\"twitter:label1\" content=\"\u00c9crit par\" \/>\n\t<meta name=\"twitter:data1\" content=\"Noureddine Hlaoui\" \/>\n\t<meta name=\"twitter:label2\" content=\"Dur\u00e9e de lecture estim\u00e9e\" \/>\n\t<meta name=\"twitter:data2\" content=\"1 minute\" \/>\n<script type=\"application\/ld+json\" class=\"yoast-schema-graph\">{\"@context\":\"https:\/\/schema.org\",\"@graph\":[{\"@type\":\"Article\",\"@id\":\"https:\/\/kapitalis.com\/tunisie\/2016\/02\/22\/zarzis-des-marins-menacent-dun-depart-collectif-vers-lampedusa\/#article\",\"isPartOf\":{\"@id\":\"https:\/\/kapitalis.com\/tunisie\/2016\/02\/22\/zarzis-des-marins-menacent-dun-depart-collectif-vers-lampedusa\/\"},\"author\":{\"name\":\"Noureddine Hlaoui\",\"@id\":\"https:\/\/kapitalis.com\/tunisie\/#\/schema\/person\/e49e6dd6ed3f0512aef25da8b3483abf\"},\"headline\":\"Zarzis : Des marins menacent d\u2019un d\u00e9part collectif vers Lampedusa\",\"datePublished\":\"2016-02-22T07:47:59+00:00\",\"dateModified\":\"2016-02-22T07:49:28+00:00\",\"mainEntityOfPage\":{\"@id\":\"https:\/\/kapitalis.com\/tunisie\/2016\/02\/22\/zarzis-des-marins-menacent-dun-depart-collectif-vers-lampedusa\/\"},\"wordCount\":156,\"commentCount\":1,\"publisher\":{\"@id\":\"https:\/\/kapitalis.com\/tunisie\/#organization\"},\"image\":{\"@id\":\"https:\/\/kapitalis.com\/tunisie\/2016\/02\/22\/zarzis-des-marins-menacent-dun-depart-collectif-vers-lampedusa\/#primaryimage\"},\"thumbnailUrl\":\"\",\"keywords\":[\"Agriculture\",\"Lampedusa\",\"marins\",\"menaces\",\"p\u00e9ch\u00e9\",\"tension\",\"Zarzis\"],\"articleSection\":[\"SOCIETE\",\"Tunisie\"],\"inLanguage\":\"fr-FR\",\"potentialAction\":[{\"@type\":\"CommentAction\",\"name\":\"Comment\",\"target\":[\"https:\/\/kapitalis.com\/tunisie\/2016\/02\/22\/zarzis-des-marins-menacent-dun-depart-collectif-vers-lampedusa\/#respond\"]}]},{\"@type\":\"WebPage\",\"@id\":\"https:\/\/kapitalis.com\/tunisie\/2016\/02\/22\/zarzis-des-marins-menacent-dun-depart-collectif-vers-lampedusa\/\",\"url\":\"https:\/\/kapitalis.com\/tunisie\/2016\/02\/22\/zarzis-des-marins-menacent-dun-depart-collectif-vers-lampedusa\/\",\"name\":\"Zarzis : Des marins menacent d\u2019un d\u00e9part collectif vers Lampedusa - Kapitalis\",\"isPartOf\":{\"@id\":\"https:\/\/kapitalis.com\/tunisie\/#website\"},\"primaryImageOfPage\":{\"@id\":\"https:\/\/kapitalis.com\/tunisie\/2016\/02\/22\/zarzis-des-marins-menacent-dun-depart-collectif-vers-lampedusa\/#primaryimage\"},\"image\":{\"@id\":\"https:\/\/kapitalis.com\/tunisie\/2016\/02\/22\/zarzis-des-marins-menacent-dun-depart-collectif-vers-lampedusa\/#primaryimage\"},\"thumbnailUrl\":\"\",\"datePublished\":\"2016-02-22T07:47:59+00:00\",\"dateModified\":\"2016-02-22T07:49:28+00:00\",\"breadcrumb\":{\"@id\":\"https:\/\/kapitalis.com\/tunisie\/2016\/02\/22\/zarzis-des-marins-menacent-dun-depart-collectif-vers-lampedusa\/#breadcrumb\"},\"inLanguage\":\"fr-FR\",\"potentialAction\":[{\"@type\":\"ReadAction\",\"target\":[\"https:\/\/kapitalis.com\/tunisie\/2016\/02\/22\/zarzis-des-marins-menacent-dun-depart-collectif-vers-lampedusa\/\"]}]},{\"@type\":\"ImageObject\",\"inLanguage\":\"fr-FR\",\"@id\":\"https:\/\/kapitalis.com\/tunisie\/2016\/02\/22\/zarzis-des-marins-menacent-dun-depart-collectif-vers-lampedusa\/#primaryimage\",\"url\":\"\",\"contentUrl\":\"\"},{\"@type\":\"BreadcrumbList\",\"@id\":\"https:\/\/kapitalis.com\/tunisie\/2016\/02\/22\/zarzis-des-marins-menacent-dun-depart-collectif-vers-lampedusa\/#breadcrumb\",\"itemListElement\":[{\"@type\":\"ListItem\",\"position\":1,\"name\":\"Accueil\",\"item\":\"https:\/\/kapitalis.com\/tunisie\/\"},{\"@type\":\"ListItem\",\"position\":2,\"name\":\"Zarzis : Des marins menacent d\u2019un d\u00e9part collectif vers Lampedusa\"}]},{\"@type\":\"WebSite\",\"@id\":\"https:\/\/kapitalis.com\/tunisie\/#website\",\"url\":\"https:\/\/kapitalis.com\/tunisie\/\",\"name\":\"Kapitalis\",\"description\":\"L&#039;actualit\u00e9 en Tunisie et dans le monde\",\"publisher\":{\"@id\":\"https:\/\/kapitalis.com\/tunisie\/#organization\"},\"potentialAction\":[{\"@type\":\"SearchAction\",\"target\":{\"@type\":\"EntryPoint\",\"urlTemplate\":\"https:\/\/kapitalis.com\/tunisie\/?s={search_term_string}\"},\"query-input\":{\"@type\":\"PropertyValueSpecification\",\"valueRequired\":true,\"valueName\":\"search_term_string\"}}],\"inLanguage\":\"fr-FR\"},{\"@type\":\"Organization\",\"@id\":\"https:\/\/kapitalis.com\/tunisie\/#organization\",\"name\":\"Kapitalis\",\"url\":\"https:\/\/kapitalis.com\/tunisie\/\",\"logo\":{\"@type\":\"ImageObject\",\"inLanguage\":\"fr-FR\",\"@id\":\"https:\/\/kapitalis.com\/tunisie\/#\/schema\/logo\/image\/\",\"url\":\"https:\/\/kapitalis.com\/tunisie\/wp-content\/uploads\/2022\/05\/Kapitalis-big-size.png\",\"contentUrl\":\"https:\/\/kapitalis.com\/tunisie\/wp-content\/uploads\/2022\/05\/Kapitalis-big-size.png\",\"width\":5000,\"height\":1500,\"caption\":\"Kapitalis\"},\"image\":{\"@id\":\"https:\/\/kapitalis.com\/tunisie\/#\/schema\/logo\/image\/\"},\"sameAs\":[\"https:\/\/www.facebook.com\/KapitalisInfo\/\",\"https:\/\/x.com\/KapitalisInfo\",\"https:\/\/www.youtube.com\/channel\/UC-yDYrHyfFBWWZaOw3FPg9Q\"]},{\"@type\":\"Person\",\"@id\":\"https:\/\/kapitalis.com\/tunisie\/#\/schema\/person\/e49e6dd6ed3f0512aef25da8b3483abf\",\"name\":\"Noureddine Hlaoui\",\"url\":\"https:\/\/kapitalis.com\/tunisie\/author\/noureddine-hlaoui\/\"}]}<\/script>\n<!-- \/ Yoast SEO plugin. -->","yoast_head_json":{"title":"Zarzis : Des marins menacent d\u2019un d\u00e9part collectif vers Lampedusa - Kapitalis","robots":{"index":"index","follow":"follow","max-snippet":"max-snippet:-1","max-image-preview":"max-image-preview:large","max-video-preview":"max-video-preview:-1"},"canonical":"https:\/\/kapitalis.com\/tunisie\/2016\/02\/22\/zarzis-des-marins-menacent-dun-depart-collectif-vers-lampedusa\/","og_locale":"fr_FR","og_type":"article","og_title":"Zarzis : Des marins menacent d\u2019un d\u00e9part collectif vers Lampedusa - Kapitalis","og_description":"Apr\u00e8s la lib\u00e9ration des marins-p\u00eacheurs de Zarzis par les groupes arm\u00e9s libyens, la tension continue \u00e0 monter dans cette ville du sud-est tunisien.","og_url":"https:\/\/kapitalis.com\/tunisie\/2016\/02\/22\/zarzis-des-marins-menacent-dun-depart-collectif-vers-lampedusa\/","og_site_name":"Kapitalis","article_publisher":"https:\/\/www.facebook.com\/KapitalisInfo\/","article_published_time":"2016-02-22T07:47:59+00:00","article_modified_time":"2016-02-22T07:49:28+00:00","og_image":[{"width":1200,"height":630,"url":"https:\/\/kapitalis.com\/tunisie\/wp-content\/uploads\/2022\/05\/kapitalis-logo-fb.png","type":"image\/png"}],"author":"Noureddine Hlaoui","twitter_card":"summary_large_image","twitter_creator":"@KapitalisInfo","twitter_site":"@KapitalisInfo","twitter_misc":{"\u00c9crit par":"Noureddine Hlaoui","Dur\u00e9e de lecture estim\u00e9e":"1 minute"},"schema":{"@context":"https:\/\/schema.org","@graph":[{"@type":"Article","@id":"https:\/\/kapitalis.com\/tunisie\/2016\/02\/22\/zarzis-des-marins-menacent-dun-depart-collectif-vers-lampedusa\/#article","isPartOf":{"@id":"https:\/\/kapitalis.com\/tunisie\/2016\/02\/22\/zarzis-des-marins-menacent-dun-depart-collectif-vers-lampedusa\/"},"author":{"name":"Noureddine Hlaoui","@id":"https:\/\/kapitalis.com\/tunisie\/#\/schema\/person\/e49e6dd6ed3f0512aef25da8b3483abf"},"headline":"Zarzis : Des marins menacent d\u2019un d\u00e9part collectif vers Lampedusa","datePublished":"2016-02-22T07:47:59+00:00","dateModified":"2016-02-22T07:49:28+00:00","mainEntityOfPage":{"@id":"https:\/\/kapitalis.com\/tunisie\/2016\/02\/22\/zarzis-des-marins-menacent-dun-depart-collectif-vers-lampedusa\/"},"wordCount":156,"commentCount":1,"publisher":{"@id":"https:\/\/kapitalis.com\/tunisie\/#organization"},"image":{"@id":"https:\/\/kapitalis.com\/tunisie\/2016\/02\/22\/zarzis-des-marins-menacent-dun-depart-collectif-vers-lampedusa\/#primaryimage"},"thumbnailUrl":"","keywords":["Agriculture","Lampedusa","marins","menaces","p\u00e9ch\u00e9","tension","Zarzis"],"articleSection":["SOCIETE","Tunisie"],"inLanguage":"fr-FR","potentialAction":[{"@type":"CommentAction","name":"Comment","target":["https:\/\/kapitalis.com\/tunisie\/2016\/02\/22\/zarzis-des-marins-menacent-dun-depart-collectif-vers-lampedusa\/#respond"]}]},{"@type":"WebPage","@id":"https:\/\/kapitalis.com\/tunisie\/2016\/02\/22\/zarzis-des-marins-menacent-dun-depart-collectif-vers-lampedusa\/","url":"https:\/\/kapitalis.com\/tunisie\/2016\/02\/22\/zarzis-des-marins-menacent-dun-depart-collectif-vers-lampedusa\/","name":"Zarzis : Des marins menacent d\u2019un d\u00e9part collectif vers Lampedusa - Kapitalis","isPartOf":{"@id":"https:\/\/kapitalis.com\/tunisie\/#website"},"primaryImageOfPage":{"@id":"https:\/\/kapitalis.com\/tunisie\/2016\/02\/22\/zarzis-des-marins-menacent-dun-depart-collectif-vers-lampedusa\/#primaryimage"},"image":{"@id":"https:\/\/kapitalis.com\/tunisie\/2016\/02\/22\/zarzis-des-marins-menacent-dun-depart-collectif-vers-lampedusa\/#primaryimage"},"thumbnailUrl":"","datePublished":"2016-02-22T07:47:59+00:00","dateModified":"2016-02-22T07:49:28+00:00","breadcrumb":{"@id":"https:\/\/kapitalis.com\/tunisie\/2016\/02\/22\/zarzis-des-marins-menacent-dun-depart-collectif-vers-lampedusa\/#breadcrumb"},"inLanguage":"fr-FR","potentialAction":[{"@type":"ReadAction","target":["https:\/\/kapitalis.com\/tunisie\/2016\/02\/22\/zarzis-des-marins-menacent-dun-depart-collectif-vers-lampedusa\/"]}]},{"@type":"ImageObject","inLanguage":"fr-FR","@id":"https:\/\/kapitalis.com\/tunisie\/2016\/02\/22\/zarzis-des-marins-menacent-dun-depart-collectif-vers-lampedusa\/#primaryimage","url":"","contentUrl":""},{"@type":"BreadcrumbList","@id":"https:\/\/kapitalis.com\/tunisie\/2016\/02\/22\/zarzis-des-marins-menacent-dun-depart-collectif-vers-lampedusa\/#breadcrumb","itemListElement":[{"@type":"ListItem","position":1,"name":"Accueil","item":"https:\/\/kapitalis.com\/tunisie\/"},{"@type":"ListItem","position":2,"name":"Zarzis : Des marins menacent d\u2019un d\u00e9part collectif vers Lampedusa"}]},{"@type":"WebSite","@id":"https:\/\/kapitalis.com\/tunisie\/#website","url":"https:\/\/kapitalis.com\/tunisie\/","name":"Kapitalis","description":"L&#039;actualit\u00e9 en Tunisie et dans le monde","publisher":{"@id":"https:\/\/kapitalis.com\/tunisie\/#organization"},"potentialAction":[{"@type":"SearchAction","target":{"@type":"EntryPoint","urlTemplate":"https:\/\/kapitalis.com\/tunisie\/?s={search_term_string}"},"query-input":{"@type":"PropertyValueSpecification","valueRequired":true,"valueName":"search_term_string"}}],"inLanguage":"fr-FR"},{"@type":"Organization","@id":"https:\/\/kapitalis.com\/tunisie\/#organization","name":"Kapitalis","url":"https:\/\/kapitalis.com\/tunisie\/","logo":{"@type":"ImageObject","inLanguage":"fr-FR","@id":"https:\/\/kapitalis.com\/tunisie\/#\/schema\/logo\/image\/","url":"https:\/\/kapitalis.com\/tunisie\/wp-content\/uploads\/2022\/05\/Kapitalis-big-size.png","contentUrl":"https:\/\/kapitalis.com\/tunisie\/wp-content\/uploads\/2022\/05\/Kapitalis-big-size.png","width":5000,"height":1500,"caption":"Kapitalis"},"image":{"@id":"https:\/\/kapitalis.com\/tunisie\/#\/schema\/logo\/image\/"},"sameAs":["https:\/\/www.facebook.com\/KapitalisInfo\/","https:\/\/x.com\/KapitalisInfo","https:\/\/www.youtube.com\/channel\/UC-yDYrHyfFBWWZaOw3FPg9Q"]},{"@type":"Person","@id":"https:\/\/kapitalis.com\/tunisie\/#\/schema\/person\/e49e6dd6ed3f0512aef25da8b3483abf","name":"Noureddine Hlaoui","url":"https:\/\/kapitalis.com\/tunisie\/author\/noureddine-hlaoui\/"}]}},"_links":{"self":[{"href":"https:\/\/kapitalis.com\/tunisie\/wp-json\/wp\/v2\/posts\/40684","targetHints":{"allow":["GET"]}}],"collection":[{"href":"https:\/\/kapitalis.com\/tunisie\/wp-json\/wp\/v2\/posts"}],"about":[{"href":"https:\/\/kapitalis.com\/tunisie\/wp-json\/wp\/v2\/types\/post"}],"author":[{"embeddable":true,"href":"https:\/\/kapitalis.com\/tunisie\/wp-json\/wp\/v2\/users\/12"}],"replies":[{"embeddable":true,"href":"https:\/\/kapitalis.com\/tunisie\/wp-json\/wp\/v2\/comments?post=40684"}],"version-history":[{"count":0,"href":"https:\/\/kapitalis.com\/tunisie\/wp-json\/wp\/v2\/posts\/40684\/revisions"}],"wp:featuredmedia":[{"embeddable":true,"href":"https:\/\/kapitalis.com\/tunisie\/wp-json\/wp\/v2\/media\/40685"}],"wp:attachment":[{"href":"https:\/\/kapitalis.com\/tunisie\/wp-json\/wp\/v2\/media?parent=40684"}],"wp:term":[{"taxonomy":"category","embeddable":true,"href":"https:\/\/kapitalis.com\/tunisie\/wp-json\/wp\/v2\/categories?post=40684"},{"taxonomy":"post_tag","embeddable":true,"href":"https:\/\/kapitalis.com\/tunisie\/wp-json\/wp\/v2\/tags?post=40684"}],"curies":[{"name":"wp","href":"https:\/\/api.w.org\/{rel}","templated":true}]}}