{"id":4069979,"date":"2022-09-14T23:24:54","date_gmt":"2022-09-14T22:24:54","guid":{"rendered":"https:\/\/kapitalis.com\/tunisie\/?p=4069979"},"modified":"2022-09-14T23:28:34","modified_gmt":"2022-09-14T22:28:34","slug":"tunisie-lancien-directeur-general-des-frontieres-et-des-etrangers-remis-en-liberte","status":"publish","type":"post","link":"https:\/\/kapitalis.com\/tunisie\/2022\/09\/14\/tunisie-lancien-directeur-general-des-frontieres-et-des-etrangers-remis-en-liberte\/","title":{"rendered":"Tunisie : L&rsquo;ancien directeur g\u00e9n\u00e9ral des fronti\u00e8res et des \u00e9trangers remis en libert\u00e9"},"content":{"rendered":"\n<p><em><strong>Entendu par l\u2019Unit\u00e9 centrale de la lutte antiterroriste dans le cadre de l\u2019affaire des r\u00e9seaux d\u2019envoi des Tunisiens vers les zones de conflits, l&rsquo;ancien directeur g\u00e9n\u00e9ral des fronti\u00e8res et des \u00e9trangers Lotfi Sghaier a \u00e9t\u00e9 remis en libert\u00e9.<\/strong><\/em><\/p>\n\n\n\n<!--more-->\n\n\n\n<p>C&rsquo;est ce que rapporte Mosa\u00efque FM, citant des sources proche du dossier, sachant que Lotfi Sghaier a \u00e9t\u00e9 arr\u00eat\u00e9 ce matin m\u00eame, avant d&rsquo;\u00eatre remis en libert\u00e9 tout en restant \u00e0 disposition de cette enqu\u00eate dans laquelle 126 suspects devront \u00eatre entendus.<\/p>\n\n\n\n<p>Parmi les personnes arr\u00eat\u00e9es pour suspicion de liens avec les r\u00e9seaux d\u2019envoi des Tunisiens aux zones de conflits, on compte notamment l\u2019ancien d\u00e9put\u00e9 de la coalition islamiste Al-Karama et imam radical Ridha Jaouadi, dont la d\u00e9tention a \u00e9t\u00e9 prolong\u00e9e hier, l\u2019homme d\u2019affaires Mohamed Frikha Pdg de Syphax Airlines, actuellement en garde \u00e0 vue, ou encore Habib Ellouze, arr\u00eat\u00e9 ce matin \u00e0 Sfax et transf\u00e9r\u00e9 \u00e0 l&rsquo;h\u00f4pital avant son audition, suite \u00e0 un malaise.<\/p>\n\n\n\n<p class=\"has-text-align-right\"><strong>Y. N.<\/strong><\/p>\n\n\n\n<figure class=\"wp-block-embed is-type-wp-embed is-provider-kapitalis wp-block-embed-kapitalis\"><div class=\"wp-block-embed__wrapper\">\n<blockquote class=\"wp-embedded-content\" data-secret=\"vRAoLXQWIw\"><a href=\"https:\/\/kapitalis.com\/tunisie\/2022\/09\/14\/arrestation-de-habib-ellouz-le-parti-de-ghannouchi-denonce-et-accuse\/\">Arrestation de Habib Ellouz : Le parti de Ghannouchi d\u00e9nonce et accuse<\/a><\/blockquote><iframe loading=\"lazy\" class=\"wp-embedded-content\" sandbox=\"allow-scripts\" security=\"restricted\" style=\"position: absolute; clip: rect(1px, 1px, 1px, 1px);\" title=\"\u00ab\u00a0Arrestation de Habib Ellouz : Le parti de Ghannouchi d\u00e9nonce et accuse\u00a0\u00bb &#8212; Kapitalis\" src=\"https:\/\/kapitalis.com\/tunisie\/2022\/09\/14\/arrestation-de-habib-ellouz-le-parti-de-ghannouchi-denonce-et-accuse\/embed\/#?secret=PbeRBo3dW1#?secret=vRAoLXQWIw\" data-secret=\"vRAoLXQWIw\" width=\"600\" height=\"338\" frameborder=\"0\" marginwidth=\"0\" marginheight=\"0\" scrolling=\"no\"><\/iframe>\n<\/div><\/figure>\n\n\n\n<figure class=\"wp-block-embed is-type-wp-embed is-provider-kapitalis wp-block-embed-kapitalis\"><div class=\"wp-block-embed__wrapper\">\n<blockquote class=\"wp-embedded-content\" data-secret=\"qFq3u06mUW\"><a href=\"https:\/\/kapitalis.com\/tunisie\/2022\/09\/14\/samir-dilou-habib-ellouz-transporte-a-lhopital\/\">Samir Dilou : \u00abHabib Ellouz transport\u00e9 \u00e0 l&rsquo;h\u00f4pital\u00bb\u2026<\/a><\/blockquote><iframe loading=\"lazy\" class=\"wp-embedded-content\" sandbox=\"allow-scripts\" security=\"restricted\" style=\"position: absolute; clip: rect(1px, 1px, 1px, 1px);\" title=\"\u00ab\u00a0Samir Dilou : \u00abHabib Ellouz transport\u00e9 \u00e0 l&rsquo;h\u00f4pital\u00bb\u2026\u00a0\u00bb &#8212; Kapitalis\" src=\"https:\/\/kapitalis.com\/tunisie\/2022\/09\/14\/samir-dilou-habib-ellouz-transporte-a-lhopital\/embed\/#?secret=6U4zLtXU91#?secret=qFq3u06mUW\" data-secret=\"qFq3u06mUW\" width=\"600\" height=\"338\" frameborder=\"0\" marginwidth=\"0\" marginheight=\"0\" scrolling=\"no\"><\/iframe>\n<\/div><\/figure>\n\n\n\n<figure class=\"wp-block-embed is-type-wp-embed is-provider-kapitalis wp-block-embed-kapitalis\"><div class=\"wp-block-embed__wrapper\">\n<blockquote class=\"wp-embedded-content\" data-secret=\"m7mIELNzvx\"><a href=\"https:\/\/kapitalis.com\/tunisie\/2022\/09\/14\/reseaux-denvoi-de-tunisiens-vers-les-zones-de-conflits-un-ancien-dg-des-frontieres-et-des-etrangers-en-detention\/\">R\u00e9seaux d&rsquo;envoi de Tunisiens vers les zones de conflits : Un ancien DG des fronti\u00e8res et des \u00e9trangers en d\u00e9tention<\/a><\/blockquote><iframe loading=\"lazy\" class=\"wp-embedded-content\" sandbox=\"allow-scripts\" security=\"restricted\" style=\"position: absolute; clip: rect(1px, 1px, 1px, 1px);\" title=\"\u00ab\u00a0R\u00e9seaux d&rsquo;envoi de Tunisiens vers les zones de conflits : Un ancien DG des fronti\u00e8res et des \u00e9trangers en d\u00e9tention\u00a0\u00bb &#8212; Kapitalis\" src=\"https:\/\/kapitalis.com\/tunisie\/2022\/09\/14\/reseaux-denvoi-de-tunisiens-vers-les-zones-de-conflits-un-ancien-dg-des-frontieres-et-des-etrangers-en-detention\/embed\/#?secret=EZYziKA3FG#?secret=m7mIELNzvx\" data-secret=\"m7mIELNzvx\" width=\"600\" height=\"338\" frameborder=\"0\" marginwidth=\"0\" marginheight=\"0\" scrolling=\"no\"><\/iframe>\n<\/div><\/figure>\n","protected":false},"excerpt":{"rendered":"<p>Tunisie : L&rsquo;ancien directeur g\u00e9n\u00e9ral des fronti\u00e8res et des \u00e9trangers remis en libert\u00e9<\/p>\n","protected":false},"author":6,"featured_media":792122,"comment_status":"open","ping_status":"open","sticky":false,"template":"","format":"standard","meta":{"footnotes":""},"categories":[998,2433],"tags":[102794,102795,49543,88443,541,102793,62643],"class_list":["post-4069979","post","type-post","status-publish","format-standard","has-post-thumbnail","hentry","category-societe","category-tunisie","tag-dg-frontieres-et-etrangers","tag-ellouz","tag-ennahdha","tag-frikha","tag-liberte","tag-lotfi-sghaier","tag-tunisie"],"yoast_head":"<!-- This site is optimized with the Yoast SEO plugin v26.6 - https:\/\/yoast.com\/wordpress\/plugins\/seo\/ -->\n<title>Tunisie : L&#039;ancien directeur g\u00e9n\u00e9ral des fronti\u00e8res et des \u00e9trangers remis en libert\u00e9 - Kapitalis<\/title>\n<meta name=\"description\" content=\"Entendu par l\u2019Unit\u00e9 centrale de la lutte antiterroriste dans le cadre de l\u2019affaire sur les r\u00e9seaux d\u2019envoi des Tunisiens aux zones de conflits, l&#039;ancien directeur g\u00e9n\u00e9ral des fronti\u00e8res et des \u00e9trangers Lotfi Sghaier a \u00e9t\u00e9 remis en libert\u00e9.\" \/>\n<meta name=\"robots\" content=\"index, follow, max-snippet:-1, max-image-preview:large, max-video-preview:-1\" \/>\n<link rel=\"canonical\" href=\"https:\/\/kapitalis.com\/tunisie\/2022\/09\/14\/tunisie-lancien-directeur-general-des-frontieres-et-des-etrangers-remis-en-liberte\/\" \/>\n<meta property=\"og:locale\" content=\"fr_FR\" \/>\n<meta property=\"og:type\" content=\"article\" \/>\n<meta property=\"og:title\" content=\"Tunisie : L&#039;ancien directeur g\u00e9n\u00e9ral des fronti\u00e8res et des \u00e9trangers remis en libert\u00e9 - Kapitalis\" \/>\n<meta property=\"og:description\" content=\"Entendu par l\u2019Unit\u00e9 centrale de la lutte antiterroriste dans le cadre de l\u2019affaire sur les r\u00e9seaux d\u2019envoi des Tunisiens aux zones de conflits, l&#039;ancien directeur g\u00e9n\u00e9ral des fronti\u00e8res et des \u00e9trangers Lotfi Sghaier a \u00e9t\u00e9 remis en libert\u00e9.\" \/>\n<meta property=\"og:url\" content=\"https:\/\/kapitalis.com\/tunisie\/2022\/09\/14\/tunisie-lancien-directeur-general-des-frontieres-et-des-etrangers-remis-en-liberte\/\" \/>\n<meta property=\"og:site_name\" content=\"Kapitalis\" \/>\n<meta property=\"article:publisher\" content=\"https:\/\/www.facebook.com\/KapitalisInfo\/\" \/>\n<meta property=\"article:published_time\" content=\"2022-09-14T22:24:54+00:00\" \/>\n<meta property=\"article:modified_time\" content=\"2022-09-14T22:28:34+00:00\" \/>\n<meta property=\"og:image\" content=\"https:\/\/kapitalis.com\/tunisie\/wp-content\/uploads\/2022\/05\/justice.jpg\" \/>\n\t<meta property=\"og:image:width\" content=\"1200\" \/>\n\t<meta property=\"og:image:height\" content=\"630\" \/>\n\t<meta property=\"og:image:type\" content=\"image\/jpeg\" \/>\n<meta name=\"author\" content=\"Yusra NY\" \/>\n<meta name=\"twitter:card\" content=\"summary_large_image\" \/>\n<meta name=\"twitter:creator\" content=\"@KapitalisInfo\" \/>\n<meta name=\"twitter:site\" content=\"@KapitalisInfo\" \/>\n<meta name=\"twitter:label1\" content=\"\u00c9crit par\" \/>\n\t<meta name=\"twitter:data1\" content=\"Yusra NY\" \/>\n\t<meta name=\"twitter:label2\" content=\"Dur\u00e9e de lecture estim\u00e9e\" \/>\n\t<meta name=\"twitter:data2\" content=\"1 minute\" \/>\n<script type=\"application\/ld+json\" class=\"yoast-schema-graph\">{\"@context\":\"https:\/\/schema.org\",\"@graph\":[{\"@type\":\"Article\",\"@id\":\"https:\/\/kapitalis.com\/tunisie\/2022\/09\/14\/tunisie-lancien-directeur-general-des-frontieres-et-des-etrangers-remis-en-liberte\/#article\",\"isPartOf\":{\"@id\":\"https:\/\/kapitalis.com\/tunisie\/2022\/09\/14\/tunisie-lancien-directeur-general-des-frontieres-et-des-etrangers-remis-en-liberte\/\"},\"author\":{\"name\":\"Yusra NY\",\"@id\":\"https:\/\/kapitalis.com\/tunisie\/#\/schema\/person\/74bbde0154d49d790a92aaeac5bc01d5\"},\"headline\":\"Tunisie : L&rsquo;ancien directeur g\u00e9n\u00e9ral des fronti\u00e8res et des \u00e9trangers remis en libert\u00e9\",\"datePublished\":\"2022-09-14T22:24:54+00:00\",\"dateModified\":\"2022-09-14T22:28:34+00:00\",\"mainEntityOfPage\":{\"@id\":\"https:\/\/kapitalis.com\/tunisie\/2022\/09\/14\/tunisie-lancien-directeur-general-des-frontieres-et-des-etrangers-remis-en-liberte\/\"},\"wordCount\":204,\"commentCount\":0,\"publisher\":{\"@id\":\"https:\/\/kapitalis.com\/tunisie\/#organization\"},\"image\":{\"@id\":\"https:\/\/kapitalis.com\/tunisie\/2022\/09\/14\/tunisie-lancien-directeur-general-des-frontieres-et-des-etrangers-remis-en-liberte\/#primaryimage\"},\"thumbnailUrl\":\"https:\/\/kapitalis.com\/tunisie\/wp-content\/uploads\/2022\/05\/justice.jpg\",\"keywords\":[\"DG fronti\u00e8res et \u00e9trangers\",\"Ellouz\",\"Ennahdha\",\"Frikha\",\"libert\u00e9\",\"Lotfi Sghaier\",\"Tunisie\"],\"articleSection\":[\"SOCIETE\",\"Tunisie\"],\"inLanguage\":\"fr-FR\",\"potentialAction\":[{\"@type\":\"CommentAction\",\"name\":\"Comment\",\"target\":[\"https:\/\/kapitalis.com\/tunisie\/2022\/09\/14\/tunisie-lancien-directeur-general-des-frontieres-et-des-etrangers-remis-en-liberte\/#respond\"]}]},{\"@type\":\"WebPage\",\"@id\":\"https:\/\/kapitalis.com\/tunisie\/2022\/09\/14\/tunisie-lancien-directeur-general-des-frontieres-et-des-etrangers-remis-en-liberte\/\",\"url\":\"https:\/\/kapitalis.com\/tunisie\/2022\/09\/14\/tunisie-lancien-directeur-general-des-frontieres-et-des-etrangers-remis-en-liberte\/\",\"name\":\"Tunisie : L'ancien directeur g\u00e9n\u00e9ral des fronti\u00e8res et des \u00e9trangers remis en libert\u00e9 - Kapitalis\",\"isPartOf\":{\"@id\":\"https:\/\/kapitalis.com\/tunisie\/#website\"},\"primaryImageOfPage\":{\"@id\":\"https:\/\/kapitalis.com\/tunisie\/2022\/09\/14\/tunisie-lancien-directeur-general-des-frontieres-et-des-etrangers-remis-en-liberte\/#primaryimage\"},\"image\":{\"@id\":\"https:\/\/kapitalis.com\/tunisie\/2022\/09\/14\/tunisie-lancien-directeur-general-des-frontieres-et-des-etrangers-remis-en-liberte\/#primaryimage\"},\"thumbnailUrl\":\"https:\/\/kapitalis.com\/tunisie\/wp-content\/uploads\/2022\/05\/justice.jpg\",\"datePublished\":\"2022-09-14T22:24:54+00:00\",\"dateModified\":\"2022-09-14T22:28:34+00:00\",\"description\":\"Entendu par l\u2019Unit\u00e9 centrale de la lutte antiterroriste dans le cadre de l\u2019affaire sur les r\u00e9seaux d\u2019envoi des Tunisiens aux zones de conflits, l'ancien directeur g\u00e9n\u00e9ral des fronti\u00e8res et des \u00e9trangers Lotfi Sghaier a \u00e9t\u00e9 remis en libert\u00e9.\",\"breadcrumb\":{\"@id\":\"https:\/\/kapitalis.com\/tunisie\/2022\/09\/14\/tunisie-lancien-directeur-general-des-frontieres-et-des-etrangers-remis-en-liberte\/#breadcrumb\"},\"inLanguage\":\"fr-FR\",\"potentialAction\":[{\"@type\":\"ReadAction\",\"target\":[\"https:\/\/kapitalis.com\/tunisie\/2022\/09\/14\/tunisie-lancien-directeur-general-des-frontieres-et-des-etrangers-remis-en-liberte\/\"]}]},{\"@type\":\"ImageObject\",\"inLanguage\":\"fr-FR\",\"@id\":\"https:\/\/kapitalis.com\/tunisie\/2022\/09\/14\/tunisie-lancien-directeur-general-des-frontieres-et-des-etrangers-remis-en-liberte\/#primaryimage\",\"url\":\"https:\/\/kapitalis.com\/tunisie\/wp-content\/uploads\/2022\/05\/justice.jpg\",\"contentUrl\":\"https:\/\/kapitalis.com\/tunisie\/wp-content\/uploads\/2022\/05\/justice.jpg\",\"width\":1200,\"height\":630},{\"@type\":\"BreadcrumbList\",\"@id\":\"https:\/\/kapitalis.com\/tunisie\/2022\/09\/14\/tunisie-lancien-directeur-general-des-frontieres-et-des-etrangers-remis-en-liberte\/#breadcrumb\",\"itemListElement\":[{\"@type\":\"ListItem\",\"position\":1,\"name\":\"Accueil\",\"item\":\"https:\/\/kapitalis.com\/tunisie\/\"},{\"@type\":\"ListItem\",\"position\":2,\"name\":\"Tunisie : L&rsquo;ancien directeur g\u00e9n\u00e9ral des fronti\u00e8res et des \u00e9trangers remis en libert\u00e9\"}]},{\"@type\":\"WebSite\",\"@id\":\"https:\/\/kapitalis.com\/tunisie\/#website\",\"url\":\"https:\/\/kapitalis.com\/tunisie\/\",\"name\":\"Kapitalis\",\"description\":\"L&#039;actualit\u00e9 en Tunisie et dans le monde\",\"publisher\":{\"@id\":\"https:\/\/kapitalis.com\/tunisie\/#organization\"},\"potentialAction\":[{\"@type\":\"SearchAction\",\"target\":{\"@type\":\"EntryPoint\",\"urlTemplate\":\"https:\/\/kapitalis.com\/tunisie\/?s={search_term_string}\"},\"query-input\":{\"@type\":\"PropertyValueSpecification\",\"valueRequired\":true,\"valueName\":\"search_term_string\"}}],\"inLanguage\":\"fr-FR\"},{\"@type\":\"Organization\",\"@id\":\"https:\/\/kapitalis.com\/tunisie\/#organization\",\"name\":\"Kapitalis\",\"url\":\"https:\/\/kapitalis.com\/tunisie\/\",\"logo\":{\"@type\":\"ImageObject\",\"inLanguage\":\"fr-FR\",\"@id\":\"https:\/\/kapitalis.com\/tunisie\/#\/schema\/logo\/image\/\",\"url\":\"https:\/\/kapitalis.com\/tunisie\/wp-content\/uploads\/2022\/05\/Kapitalis-big-size.png\",\"contentUrl\":\"https:\/\/kapitalis.com\/tunisie\/wp-content\/uploads\/2022\/05\/Kapitalis-big-size.png\",\"width\":5000,\"height\":1500,\"caption\":\"Kapitalis\"},\"image\":{\"@id\":\"https:\/\/kapitalis.com\/tunisie\/#\/schema\/logo\/image\/\"},\"sameAs\":[\"https:\/\/www.facebook.com\/KapitalisInfo\/\",\"https:\/\/x.com\/KapitalisInfo\",\"https:\/\/www.youtube.com\/channel\/UC-yDYrHyfFBWWZaOw3FPg9Q\"]},{\"@type\":\"Person\",\"@id\":\"https:\/\/kapitalis.com\/tunisie\/#\/schema\/person\/74bbde0154d49d790a92aaeac5bc01d5\",\"name\":\"Yusra NY\",\"url\":\"https:\/\/kapitalis.com\/tunisie\/author\/yuza_adam\/\"}]}<\/script>\n<!-- \/ Yoast SEO plugin. -->","yoast_head_json":{"title":"Tunisie : L'ancien directeur g\u00e9n\u00e9ral des fronti\u00e8res et des \u00e9trangers remis en libert\u00e9 - Kapitalis","description":"Entendu par l\u2019Unit\u00e9 centrale de la lutte antiterroriste dans le cadre de l\u2019affaire sur les r\u00e9seaux d\u2019envoi des Tunisiens aux zones de conflits, l'ancien directeur g\u00e9n\u00e9ral des fronti\u00e8res et des \u00e9trangers Lotfi Sghaier a \u00e9t\u00e9 remis en libert\u00e9.","robots":{"index":"index","follow":"follow","max-snippet":"max-snippet:-1","max-image-preview":"max-image-preview:large","max-video-preview":"max-video-preview:-1"},"canonical":"https:\/\/kapitalis.com\/tunisie\/2022\/09\/14\/tunisie-lancien-directeur-general-des-frontieres-et-des-etrangers-remis-en-liberte\/","og_locale":"fr_FR","og_type":"article","og_title":"Tunisie : L'ancien directeur g\u00e9n\u00e9ral des fronti\u00e8res et des \u00e9trangers remis en libert\u00e9 - Kapitalis","og_description":"Entendu par l\u2019Unit\u00e9 centrale de la lutte antiterroriste dans le cadre de l\u2019affaire sur les r\u00e9seaux d\u2019envoi des Tunisiens aux zones de conflits, l'ancien directeur g\u00e9n\u00e9ral des fronti\u00e8res et des \u00e9trangers Lotfi Sghaier a \u00e9t\u00e9 remis en libert\u00e9.","og_url":"https:\/\/kapitalis.com\/tunisie\/2022\/09\/14\/tunisie-lancien-directeur-general-des-frontieres-et-des-etrangers-remis-en-liberte\/","og_site_name":"Kapitalis","article_publisher":"https:\/\/www.facebook.com\/KapitalisInfo\/","article_published_time":"2022-09-14T22:24:54+00:00","article_modified_time":"2022-09-14T22:28:34+00:00","og_image":[{"width":1200,"height":630,"url":"https:\/\/kapitalis.com\/tunisie\/wp-content\/uploads\/2022\/05\/justice.jpg","type":"image\/jpeg"}],"author":"Yusra NY","twitter_card":"summary_large_image","twitter_creator":"@KapitalisInfo","twitter_site":"@KapitalisInfo","twitter_misc":{"\u00c9crit par":"Yusra NY","Dur\u00e9e de lecture estim\u00e9e":"1 minute"},"schema":{"@context":"https:\/\/schema.org","@graph":[{"@type":"Article","@id":"https:\/\/kapitalis.com\/tunisie\/2022\/09\/14\/tunisie-lancien-directeur-general-des-frontieres-et-des-etrangers-remis-en-liberte\/#article","isPartOf":{"@id":"https:\/\/kapitalis.com\/tunisie\/2022\/09\/14\/tunisie-lancien-directeur-general-des-frontieres-et-des-etrangers-remis-en-liberte\/"},"author":{"name":"Yusra NY","@id":"https:\/\/kapitalis.com\/tunisie\/#\/schema\/person\/74bbde0154d49d790a92aaeac5bc01d5"},"headline":"Tunisie : L&rsquo;ancien directeur g\u00e9n\u00e9ral des fronti\u00e8res et des \u00e9trangers remis en libert\u00e9","datePublished":"2022-09-14T22:24:54+00:00","dateModified":"2022-09-14T22:28:34+00:00","mainEntityOfPage":{"@id":"https:\/\/kapitalis.com\/tunisie\/2022\/09\/14\/tunisie-lancien-directeur-general-des-frontieres-et-des-etrangers-remis-en-liberte\/"},"wordCount":204,"commentCount":0,"publisher":{"@id":"https:\/\/kapitalis.com\/tunisie\/#organization"},"image":{"@id":"https:\/\/kapitalis.com\/tunisie\/2022\/09\/14\/tunisie-lancien-directeur-general-des-frontieres-et-des-etrangers-remis-en-liberte\/#primaryimage"},"thumbnailUrl":"https:\/\/kapitalis.com\/tunisie\/wp-content\/uploads\/2022\/05\/justice.jpg","keywords":["DG fronti\u00e8res et \u00e9trangers","Ellouz","Ennahdha","Frikha","libert\u00e9","Lotfi Sghaier","Tunisie"],"articleSection":["SOCIETE","Tunisie"],"inLanguage":"fr-FR","potentialAction":[{"@type":"CommentAction","name":"Comment","target":["https:\/\/kapitalis.com\/tunisie\/2022\/09\/14\/tunisie-lancien-directeur-general-des-frontieres-et-des-etrangers-remis-en-liberte\/#respond"]}]},{"@type":"WebPage","@id":"https:\/\/kapitalis.com\/tunisie\/2022\/09\/14\/tunisie-lancien-directeur-general-des-frontieres-et-des-etrangers-remis-en-liberte\/","url":"https:\/\/kapitalis.com\/tunisie\/2022\/09\/14\/tunisie-lancien-directeur-general-des-frontieres-et-des-etrangers-remis-en-liberte\/","name":"Tunisie : L'ancien directeur g\u00e9n\u00e9ral des fronti\u00e8res et des \u00e9trangers remis en libert\u00e9 - Kapitalis","isPartOf":{"@id":"https:\/\/kapitalis.com\/tunisie\/#website"},"primaryImageOfPage":{"@id":"https:\/\/kapitalis.com\/tunisie\/2022\/09\/14\/tunisie-lancien-directeur-general-des-frontieres-et-des-etrangers-remis-en-liberte\/#primaryimage"},"image":{"@id":"https:\/\/kapitalis.com\/tunisie\/2022\/09\/14\/tunisie-lancien-directeur-general-des-frontieres-et-des-etrangers-remis-en-liberte\/#primaryimage"},"thumbnailUrl":"https:\/\/kapitalis.com\/tunisie\/wp-content\/uploads\/2022\/05\/justice.jpg","datePublished":"2022-09-14T22:24:54+00:00","dateModified":"2022-09-14T22:28:34+00:00","description":"Entendu par l\u2019Unit\u00e9 centrale de la lutte antiterroriste dans le cadre de l\u2019affaire sur les r\u00e9seaux d\u2019envoi des Tunisiens aux zones de conflits, l'ancien directeur g\u00e9n\u00e9ral des fronti\u00e8res et des \u00e9trangers Lotfi Sghaier a \u00e9t\u00e9 remis en libert\u00e9.","breadcrumb":{"@id":"https:\/\/kapitalis.com\/tunisie\/2022\/09\/14\/tunisie-lancien-directeur-general-des-frontieres-et-des-etrangers-remis-en-liberte\/#breadcrumb"},"inLanguage":"fr-FR","potentialAction":[{"@type":"ReadAction","target":["https:\/\/kapitalis.com\/tunisie\/2022\/09\/14\/tunisie-lancien-directeur-general-des-frontieres-et-des-etrangers-remis-en-liberte\/"]}]},{"@type":"ImageObject","inLanguage":"fr-FR","@id":"https:\/\/kapitalis.com\/tunisie\/2022\/09\/14\/tunisie-lancien-directeur-general-des-frontieres-et-des-etrangers-remis-en-liberte\/#primaryimage","url":"https:\/\/kapitalis.com\/tunisie\/wp-content\/uploads\/2022\/05\/justice.jpg","contentUrl":"https:\/\/kapitalis.com\/tunisie\/wp-content\/uploads\/2022\/05\/justice.jpg","width":1200,"height":630},{"@type":"BreadcrumbList","@id":"https:\/\/kapitalis.com\/tunisie\/2022\/09\/14\/tunisie-lancien-directeur-general-des-frontieres-et-des-etrangers-remis-en-liberte\/#breadcrumb","itemListElement":[{"@type":"ListItem","position":1,"name":"Accueil","item":"https:\/\/kapitalis.com\/tunisie\/"},{"@type":"ListItem","position":2,"name":"Tunisie : L&rsquo;ancien directeur g\u00e9n\u00e9ral des fronti\u00e8res et des \u00e9trangers remis en libert\u00e9"}]},{"@type":"WebSite","@id":"https:\/\/kapitalis.com\/tunisie\/#website","url":"https:\/\/kapitalis.com\/tunisie\/","name":"Kapitalis","description":"L&#039;actualit\u00e9 en Tunisie et dans le monde","publisher":{"@id":"https:\/\/kapitalis.com\/tunisie\/#organization"},"potentialAction":[{"@type":"SearchAction","target":{"@type":"EntryPoint","urlTemplate":"https:\/\/kapitalis.com\/tunisie\/?s={search_term_string}"},"query-input":{"@type":"PropertyValueSpecification","valueRequired":true,"valueName":"search_term_string"}}],"inLanguage":"fr-FR"},{"@type":"Organization","@id":"https:\/\/kapitalis.com\/tunisie\/#organization","name":"Kapitalis","url":"https:\/\/kapitalis.com\/tunisie\/","logo":{"@type":"ImageObject","inLanguage":"fr-FR","@id":"https:\/\/kapitalis.com\/tunisie\/#\/schema\/logo\/image\/","url":"https:\/\/kapitalis.com\/tunisie\/wp-content\/uploads\/2022\/05\/Kapitalis-big-size.png","contentUrl":"https:\/\/kapitalis.com\/tunisie\/wp-content\/uploads\/2022\/05\/Kapitalis-big-size.png","width":5000,"height":1500,"caption":"Kapitalis"},"image":{"@id":"https:\/\/kapitalis.com\/tunisie\/#\/schema\/logo\/image\/"},"sameAs":["https:\/\/www.facebook.com\/KapitalisInfo\/","https:\/\/x.com\/KapitalisInfo","https:\/\/www.youtube.com\/channel\/UC-yDYrHyfFBWWZaOw3FPg9Q"]},{"@type":"Person","@id":"https:\/\/kapitalis.com\/tunisie\/#\/schema\/person\/74bbde0154d49d790a92aaeac5bc01d5","name":"Yusra NY","url":"https:\/\/kapitalis.com\/tunisie\/author\/yuza_adam\/"}]}},"_links":{"self":[{"href":"https:\/\/kapitalis.com\/tunisie\/wp-json\/wp\/v2\/posts\/4069979","targetHints":{"allow":["GET"]}}],"collection":[{"href":"https:\/\/kapitalis.com\/tunisie\/wp-json\/wp\/v2\/posts"}],"about":[{"href":"https:\/\/kapitalis.com\/tunisie\/wp-json\/wp\/v2\/types\/post"}],"author":[{"embeddable":true,"href":"https:\/\/kapitalis.com\/tunisie\/wp-json\/wp\/v2\/users\/6"}],"replies":[{"embeddable":true,"href":"https:\/\/kapitalis.com\/tunisie\/wp-json\/wp\/v2\/comments?post=4069979"}],"version-history":[{"count":0,"href":"https:\/\/kapitalis.com\/tunisie\/wp-json\/wp\/v2\/posts\/4069979\/revisions"}],"wp:featuredmedia":[{"embeddable":true,"href":"https:\/\/kapitalis.com\/tunisie\/wp-json\/wp\/v2\/media\/792122"}],"wp:attachment":[{"href":"https:\/\/kapitalis.com\/tunisie\/wp-json\/wp\/v2\/media?parent=4069979"}],"wp:term":[{"taxonomy":"category","embeddable":true,"href":"https:\/\/kapitalis.com\/tunisie\/wp-json\/wp\/v2\/categories?post=4069979"},{"taxonomy":"post_tag","embeddable":true,"href":"https:\/\/kapitalis.com\/tunisie\/wp-json\/wp\/v2\/tags?post=4069979"}],"curies":[{"name":"wp","href":"https:\/\/api.w.org\/{rel}","templated":true}]}}