{"id":4079247,"date":"2022-09-15T09:28:53","date_gmt":"2022-09-15T08:28:53","guid":{"rendered":"https:\/\/kapitalis.com\/tunisie\/?p=4079247"},"modified":"2022-09-15T09:28:54","modified_gmt":"2022-09-15T08:28:54","slug":"tunisie-libye-ou-est-passee-la-zone-de-libre-echange-frontaliere","status":"publish","type":"post","link":"https:\/\/kapitalis.com\/tunisie\/2022\/09\/15\/tunisie-libye-ou-est-passee-la-zone-de-libre-echange-frontaliere\/","title":{"rendered":"Tunisie-Libye&nbsp;: O\u00f9 est pass\u00e9e la zone de libre-\u00e9change frontali\u00e8re&nbsp;?"},"content":{"rendered":"\n<p><strong><em>La zone de libre-\u00e9change pr\u00e9vue par la Tunisie \u00e0 Ben Guerdane est au point mort alors que des projets similaires en Libye ont avanc\u00e9. Si les autorit\u00e9s tunisiennes agissent rapidement pour revitaliser le plan, elles peuvent stimuler l\u2019\u00e9conomie et donner de l\u2019espoir \u00e0 la population frontali\u00e8re marginalis\u00e9e (R\u00e9sum\u00e9 traduit de l\u2019anglais d\u2019une <a href=\"https:\/\/carnegie-mec.org\/2022\/09\/13\/reckless-abandon-why-tunisia-can-no-longer-delay-border-free-trade-zone-pub-87888\" target=\"_blank\" rel=\"noreferrer noopener\">\u00e9tude r\u00e9alis\u00e9e pour le Carnegie Middle East Center<\/a>, Liban). <\/em><\/strong><em>(Illustration: souks, d\u00e9p\u00f4ts et boutiques de change \u00e0 Ben Guerdane). <\/em><\/p>\n\n\n\n<p>La zone de libre-\u00e9change pr\u00e9vue par la Tunisie \u00e0 Ben Guerdane est au point mort alors que des projets similaires en Libye ont avanc\u00e9. Si les autorit\u00e9s tunisiennes agissent rapidement pour revitaliser le plan, elles peuvent stimuler l\u2019\u00e9conomie et donner de l\u2019espoir \u00e0 la population frontali\u00e8re marginalis\u00e9e (R\u00e9sum\u00e9 traduit de l\u2019anglais d\u2019une <a href=\"https:\/\/carnegie-mec.org\/2022\/09\/13\/reckless-abandon-why-tunisia-can-no-longer-delay-border-free-trade-zone-pub-87888\" target=\"_blank\" rel=\"noreferrer noopener\">\u00e9tude r\u00e9alis\u00e9e pour le Carnegie Middle East Center<\/a>, Liban). \u00a0<\/p>\n\n\n\n<p>Par <strong>Hamza Meddeb<\/strong> *<\/p>\n\n\n\n<!--more-->\n\n\n<div class=\"wp-block-image\">\n<figure class=\"alignleft size-full\"><img loading=\"lazy\" decoding=\"async\" width=\"200\" height=\"200\" src=\"https:\/\/kapitalis.com\/tunisie\/wp-content\/uploads\/2022\/09\/Hamza-Meddeb.jpg\" alt=\"\" class=\"wp-image-4079480\" srcset=\"https:\/\/kapitalis.com\/tunisie\/wp-content\/uploads\/2022\/09\/Hamza-Meddeb.jpg 200w, https:\/\/kapitalis.com\/tunisie\/wp-content\/uploads\/2022\/09\/Hamza-Meddeb-150x150.jpg 150w, https:\/\/kapitalis.com\/tunisie\/wp-content\/uploads\/2022\/09\/Hamza-Meddeb-120x120.jpg 120w\" sizes=\"auto, (max-width: 200px) 100vw, 200px\" \/><\/figure>\n<\/div>\n\n\n<p>En 2012, la Tunisie a annonc\u00e9 la cr\u00e9ation d\u2019une zone franche et logistique \u00e0 Ben Guerdane, pr\u00e8s de la fronti\u00e8re libyenne. L\u2019objectif est de d\u00e9velopper les r\u00e9gions frontali\u00e8res marginalis\u00e9es du sud-est et de formaliser les acteurs \u00e9conomiques informels.<\/p>\n\n\n\n<p>Cependant, le plan est au point mort en raison de la r\u00e9sistance institutionnelle, des divisions politiques et d\u2019une incapacit\u00e9 \u00e0 exploiter les rivalit\u00e9s g\u00e9opolitiques internationales. Si cela persiste, le projet pourrait devenir inutile en raison de l\u2019\u00e9mergence de zones franches en Libye, privant la Tunisie des revenus dont son \u00e9conomie en difficult\u00e9 a besoin.<\/p>\n\n\n\n<h2 class=\"wp-block-heading\">Une solution pour la d\u00e9tresse des populations frontali\u00e8res<\/h2>\n\n\n\n<p>La r\u00e9gion frontali\u00e8re tuniso-libyenne a longtemps repos\u00e9 sur le commerce transfrontalier informel. Cela \u00e9tait tol\u00e9r\u00e9 car cela renfor\u00e7ait la stabilit\u00e9 sociale dans une r\u00e9gion pauvre.<\/p>\n\n\n\n<p>Les soul\u00e8vements tunisien et libyen de 2010-2011 ont perturb\u00e9 l\u2019\u00e9conomie frontali\u00e8re. Un paysage s\u00e9curitaire fragment\u00e9 en Libye, l\u2019\u00e9rosion des cha\u00eenes d\u2019approvisionnement et des mesures de s\u00e9curit\u00e9 muscl\u00e9es aux fronti\u00e8res tunisiennes ont exacerb\u00e9 la d\u00e9tresse de la population frontali\u00e8re, poussant les autorit\u00e9s \u00e0 proposer la zone de libre \u00e9change de Ben Guerdane comme solution.<\/p>\n\n\n\n<p>La zone franche vise \u00e0 moderniser les infrastructures de commerce et d\u2019investissement, \u00e0 g\u00e9n\u00e9rer un d\u00e9veloppement \u00e9conomique r\u00e9gional et \u00e0 encourager les entrepreneurs de l\u2019\u00e9conomie informelle \u00e0 formaliser leurs activit\u00e9s.<\/p>\n\n\n\n<p>Le projet a subi de multiples retards caus\u00e9s par ses lacunes conceptuelles, les n\u00e9gociations sur les droits de propri\u00e9t\u00e9, la r\u00e9sistance institutionnelle li\u00e9e aux incitations fiscales et aux r\u00e9glementations mon\u00e9taires dans la zone franche, les rivalit\u00e9s entre les \u00e9lites \u00e9conomiques et l\u2019ambigu\u00eft\u00e9 autour de la participation de la Tunisie \u00e0 la concurrence internationale sur les routes commerciales m\u00e9diterran\u00e9ennes.<\/p>\n\n\n\n<p>Les autorit\u00e9s tunisiennes doivent relancer au plus vite le projet pour capitaliser sur le potentiel \u00e9conomique de la Tunisie et redonner espoir \u00e0 la population de la zone frontali\u00e8re.<\/p>\n\n\n\n<h2 class=\"wp-block-heading\">Pour une strat\u00e9gie de formalisation de l\u2019\u00e9conomie informelle<\/h2>\n\n\n\n<p>La Tunisie a un besoin urgent d\u2019\u00e9laborer un cadre r\u00e9glementaire et incitatif attractif pour la zone franche de Ben Guerdane afin d\u2019attirer les investisseurs tunisiens et \u00e9trangers. Son succ\u00e8s d\u00e9pendra \u00e9galement d\u2019une strat\u00e9gie cr\u00e9dible de formalisation de l\u2019\u00e9conomie informelle, car les principaux biens faisant l\u2019objet d\u2019\u00e9changes informels \u2013 l\u2019essence et les cigarettes \u2013 ne seront pas couverts par la zone franche.<\/p>\n\n\n\n<p>L\u2019incapacit\u00e9 \u00e0 positionner la Tunisie dans un environnement r\u00e9gional et mondial comp\u00e9titif \u2013 un positionnement que ladite zone franche fera progresser \u2013 exacerbera les difficult\u00e9s \u00e9conomiques tunisiennes. Jusqu\u2019\u00e0 pr\u00e9sent, cependant, la Tunisie a \u00e9t\u00e9 secou\u00e9e par des rivalit\u00e9s entre la Chine et les \u00c9tats occidentaux.<\/p>\n\n\n\n<p>L\u2019un des \u00e9l\u00e9ments de ce positionnement r\u00e9gional et mondial est d\u2019avancer dans l\u2019identification d\u2019un op\u00e9rateur international priv\u00e9 strat\u00e9gique pour investir dans la zone franche. Ce processus est report\u00e9 depuis 2015, alors que le temps presse, car les villes de l\u2019ouest de la Libye sont \u00e9galement engag\u00e9es dans des projets similaires, Misrata ayant d\u00e9j\u00e0 \u00e9tabli une zone franche dynamique et Zouara pr\u00e9voyant de le faire. La poursuite des progr\u00e8s en Libye pourrait bient\u00f4t rendre le projet Ben Guerdane hors de propos.<\/p>\n\n\n\n<p>Hamza Meddeb est chercheur non r\u00e9sident au Malcolm H. Kerr Carnegie Middle East Center \u00e0 Beyrouth, o\u00f9 ses recherches portent sur la r\u00e9forme \u00e9conomique, l\u2019\u00e9conomie politique des conflits et l\u2019ins\u00e9curit\u00e9 frontali\u00e8re au Moyen-Orient et en Afrique du Nord. <\/p>\n\n\n\n<p><strong><em>Lire l\u2019\u00e9tude dans sa version int\u00e9grale en anglais sur le site du<a href=\"https:\/\/carnegie-mec.org\/2022\/09\/13\/reckless-abandon-why-tunisia-can-no-longer-delay-border-free-trade-zone-pub-87888\" target=\"_blank\" rel=\"noreferrer noopener\"> Carnegie Middle East Center.<\/a> <\/em><\/strong><\/p>\n","protected":false},"excerpt":{"rendered":"<p>La zone de libre-\u00e9change pr\u00e9vue par la Tunisie \u00e0 Ben Guerdane est au point mort alors que des projets similaires en Libye ont avanc\u00e9.<\/p>\n","protected":false},"author":8,"featured_media":4079399,"comment_status":"open","ping_status":"open","sticky":false,"template":"","format":"standard","meta":{"footnotes":""},"categories":[992,995,1000,2433],"tags":[1818,8482,102820,544,2254,62643,14479,102819,5723],"class_list":["post-4079247","post","type-post","status-publish","format-standard","has-post-thumbnail","hentry","category-a-la-une","category-economie","category-tribune","category-tunisie","tag-ben-guerdane","tag-economie-informelle","tag-hamza-meddeb","tag-libye","tag-misrata","tag-tunisie","tag-zone-de-libre-echange","tag-zone-franche-frontaliere","tag-zouara"],"yoast_head":"<!-- This site is optimized with the Yoast SEO plugin v26.6 - https:\/\/yoast.com\/wordpress\/plugins\/seo\/ -->\n<title>Tunisie-Libye&nbsp;: O\u00f9 est pass\u00e9e la zone de libre-\u00e9change frontali\u00e8re&nbsp;? - Kapitalis<\/title>\n<meta name=\"robots\" content=\"index, follow, max-snippet:-1, max-image-preview:large, max-video-preview:-1\" \/>\n<link rel=\"canonical\" href=\"https:\/\/kapitalis.com\/tunisie\/2022\/09\/15\/tunisie-libye-ou-est-passee-la-zone-de-libre-echange-frontaliere\/\" \/>\n<meta property=\"og:locale\" content=\"fr_FR\" \/>\n<meta property=\"og:type\" content=\"article\" \/>\n<meta property=\"og:title\" content=\"Tunisie-Libye&nbsp;: O\u00f9 est pass\u00e9e la zone de libre-\u00e9change frontali\u00e8re&nbsp;? - Kapitalis\" \/>\n<meta property=\"og:description\" content=\"La zone de libre-\u00e9change pr\u00e9vue par la Tunisie \u00e0 Ben Guerdane est au point mort alors que des projets similaires en Libye ont avanc\u00e9.\" \/>\n<meta property=\"og:url\" content=\"https:\/\/kapitalis.com\/tunisie\/2022\/09\/15\/tunisie-libye-ou-est-passee-la-zone-de-libre-echange-frontaliere\/\" \/>\n<meta property=\"og:site_name\" content=\"Kapitalis\" \/>\n<meta property=\"article:publisher\" content=\"https:\/\/www.facebook.com\/KapitalisInfo\/\" \/>\n<meta property=\"article:published_time\" content=\"2022-09-15T08:28:53+00:00\" \/>\n<meta property=\"article:modified_time\" content=\"2022-09-15T08:28:54+00:00\" \/>\n<meta property=\"og:image\" content=\"https:\/\/kapitalis.com\/tunisie\/wp-content\/uploads\/2022\/09\/Ben-Guerdane.jpg\" \/>\n\t<meta property=\"og:image:width\" content=\"1200\" \/>\n\t<meta property=\"og:image:height\" content=\"630\" \/>\n\t<meta property=\"og:image:type\" content=\"image\/jpeg\" \/>\n<meta name=\"author\" content=\"webmaster kapitalis\" \/>\n<meta name=\"twitter:card\" content=\"summary_large_image\" \/>\n<meta name=\"twitter:creator\" content=\"@KapitalisInfo\" \/>\n<meta name=\"twitter:site\" content=\"@KapitalisInfo\" \/>\n<meta name=\"twitter:label1\" content=\"\u00c9crit par\" \/>\n\t<meta name=\"twitter:data1\" content=\"webmaster kapitalis\" \/>\n\t<meta name=\"twitter:label2\" content=\"Dur\u00e9e de lecture estim\u00e9e\" \/>\n\t<meta name=\"twitter:data2\" content=\"4 minutes\" \/>\n<script type=\"application\/ld+json\" class=\"yoast-schema-graph\">{\"@context\":\"https:\/\/schema.org\",\"@graph\":[{\"@type\":\"Article\",\"@id\":\"https:\/\/kapitalis.com\/tunisie\/2022\/09\/15\/tunisie-libye-ou-est-passee-la-zone-de-libre-echange-frontaliere\/#article\",\"isPartOf\":{\"@id\":\"https:\/\/kapitalis.com\/tunisie\/2022\/09\/15\/tunisie-libye-ou-est-passee-la-zone-de-libre-echange-frontaliere\/\"},\"author\":{\"name\":\"webmaster kapitalis\",\"@id\":\"https:\/\/kapitalis.com\/tunisie\/#\/schema\/person\/d71f33a9ca44f7bad4698210b480c8e9\"},\"headline\":\"Tunisie-Libye&nbsp;: O\u00f9 est pass\u00e9e la zone de libre-\u00e9change frontali\u00e8re&nbsp;?\",\"datePublished\":\"2022-09-15T08:28:53+00:00\",\"dateModified\":\"2022-09-15T08:28:54+00:00\",\"mainEntityOfPage\":{\"@id\":\"https:\/\/kapitalis.com\/tunisie\/2022\/09\/15\/tunisie-libye-ou-est-passee-la-zone-de-libre-echange-frontaliere\/\"},\"wordCount\":794,\"commentCount\":3,\"publisher\":{\"@id\":\"https:\/\/kapitalis.com\/tunisie\/#organization\"},\"image\":{\"@id\":\"https:\/\/kapitalis.com\/tunisie\/2022\/09\/15\/tunisie-libye-ou-est-passee-la-zone-de-libre-echange-frontaliere\/#primaryimage\"},\"thumbnailUrl\":\"https:\/\/kapitalis.com\/tunisie\/wp-content\/uploads\/2022\/09\/Ben-Guerdane.jpg\",\"keywords\":[\"Ben Guerdane\",\"\u00e9conomie informelle\",\"Hamza Meddeb\",\"Libye\",\"Misrata\",\"Tunisie\",\"zone de libre \u00e9change\",\"zone franche frontali\u00e8re\",\"Zouara\"],\"articleSection\":[\"A LA UNE\",\"ECONOMIE\",\"TRIBUNE\",\"Tunisie\"],\"inLanguage\":\"fr-FR\",\"potentialAction\":[{\"@type\":\"CommentAction\",\"name\":\"Comment\",\"target\":[\"https:\/\/kapitalis.com\/tunisie\/2022\/09\/15\/tunisie-libye-ou-est-passee-la-zone-de-libre-echange-frontaliere\/#respond\"]}]},{\"@type\":\"WebPage\",\"@id\":\"https:\/\/kapitalis.com\/tunisie\/2022\/09\/15\/tunisie-libye-ou-est-passee-la-zone-de-libre-echange-frontaliere\/\",\"url\":\"https:\/\/kapitalis.com\/tunisie\/2022\/09\/15\/tunisie-libye-ou-est-passee-la-zone-de-libre-echange-frontaliere\/\",\"name\":\"Tunisie-Libye&nbsp;: O\u00f9 est pass\u00e9e la zone de libre-\u00e9change frontali\u00e8re&nbsp;? - Kapitalis\",\"isPartOf\":{\"@id\":\"https:\/\/kapitalis.com\/tunisie\/#website\"},\"primaryImageOfPage\":{\"@id\":\"https:\/\/kapitalis.com\/tunisie\/2022\/09\/15\/tunisie-libye-ou-est-passee-la-zone-de-libre-echange-frontaliere\/#primaryimage\"},\"image\":{\"@id\":\"https:\/\/kapitalis.com\/tunisie\/2022\/09\/15\/tunisie-libye-ou-est-passee-la-zone-de-libre-echange-frontaliere\/#primaryimage\"},\"thumbnailUrl\":\"https:\/\/kapitalis.com\/tunisie\/wp-content\/uploads\/2022\/09\/Ben-Guerdane.jpg\",\"datePublished\":\"2022-09-15T08:28:53+00:00\",\"dateModified\":\"2022-09-15T08:28:54+00:00\",\"breadcrumb\":{\"@id\":\"https:\/\/kapitalis.com\/tunisie\/2022\/09\/15\/tunisie-libye-ou-est-passee-la-zone-de-libre-echange-frontaliere\/#breadcrumb\"},\"inLanguage\":\"fr-FR\",\"potentialAction\":[{\"@type\":\"ReadAction\",\"target\":[\"https:\/\/kapitalis.com\/tunisie\/2022\/09\/15\/tunisie-libye-ou-est-passee-la-zone-de-libre-echange-frontaliere\/\"]}]},{\"@type\":\"ImageObject\",\"inLanguage\":\"fr-FR\",\"@id\":\"https:\/\/kapitalis.com\/tunisie\/2022\/09\/15\/tunisie-libye-ou-est-passee-la-zone-de-libre-echange-frontaliere\/#primaryimage\",\"url\":\"https:\/\/kapitalis.com\/tunisie\/wp-content\/uploads\/2022\/09\/Ben-Guerdane.jpg\",\"contentUrl\":\"https:\/\/kapitalis.com\/tunisie\/wp-content\/uploads\/2022\/09\/Ben-Guerdane.jpg\",\"width\":1200,\"height\":630},{\"@type\":\"BreadcrumbList\",\"@id\":\"https:\/\/kapitalis.com\/tunisie\/2022\/09\/15\/tunisie-libye-ou-est-passee-la-zone-de-libre-echange-frontaliere\/#breadcrumb\",\"itemListElement\":[{\"@type\":\"ListItem\",\"position\":1,\"name\":\"Accueil\",\"item\":\"https:\/\/kapitalis.com\/tunisie\/\"},{\"@type\":\"ListItem\",\"position\":2,\"name\":\"Tunisie-Libye&nbsp;: O\u00f9 est pass\u00e9e la zone de libre-\u00e9change frontali\u00e8re&nbsp;?\"}]},{\"@type\":\"WebSite\",\"@id\":\"https:\/\/kapitalis.com\/tunisie\/#website\",\"url\":\"https:\/\/kapitalis.com\/tunisie\/\",\"name\":\"Kapitalis\",\"description\":\"L&#039;actualit\u00e9 en Tunisie et dans le monde\",\"publisher\":{\"@id\":\"https:\/\/kapitalis.com\/tunisie\/#organization\"},\"potentialAction\":[{\"@type\":\"SearchAction\",\"target\":{\"@type\":\"EntryPoint\",\"urlTemplate\":\"https:\/\/kapitalis.com\/tunisie\/?s={search_term_string}\"},\"query-input\":{\"@type\":\"PropertyValueSpecification\",\"valueRequired\":true,\"valueName\":\"search_term_string\"}}],\"inLanguage\":\"fr-FR\"},{\"@type\":\"Organization\",\"@id\":\"https:\/\/kapitalis.com\/tunisie\/#organization\",\"name\":\"Kapitalis\",\"url\":\"https:\/\/kapitalis.com\/tunisie\/\",\"logo\":{\"@type\":\"ImageObject\",\"inLanguage\":\"fr-FR\",\"@id\":\"https:\/\/kapitalis.com\/tunisie\/#\/schema\/logo\/image\/\",\"url\":\"https:\/\/kapitalis.com\/tunisie\/wp-content\/uploads\/2022\/05\/Kapitalis-big-size.png\",\"contentUrl\":\"https:\/\/kapitalis.com\/tunisie\/wp-content\/uploads\/2022\/05\/Kapitalis-big-size.png\",\"width\":5000,\"height\":1500,\"caption\":\"Kapitalis\"},\"image\":{\"@id\":\"https:\/\/kapitalis.com\/tunisie\/#\/schema\/logo\/image\/\"},\"sameAs\":[\"https:\/\/www.facebook.com\/KapitalisInfo\/\",\"https:\/\/x.com\/KapitalisInfo\",\"https:\/\/www.youtube.com\/channel\/UC-yDYrHyfFBWWZaOw3FPg9Q\"]},{\"@type\":\"Person\",\"@id\":\"https:\/\/kapitalis.com\/tunisie\/#\/schema\/person\/d71f33a9ca44f7bad4698210b480c8e9\",\"name\":\"webmaster kapitalis\",\"url\":\"https:\/\/kapitalis.com\/tunisie\/author\/webmaster-kapitalis\/\"}]}<\/script>\n<!-- \/ Yoast SEO plugin. -->","yoast_head_json":{"title":"Tunisie-Libye&nbsp;: O\u00f9 est pass\u00e9e la zone de libre-\u00e9change frontali\u00e8re&nbsp;? - Kapitalis","robots":{"index":"index","follow":"follow","max-snippet":"max-snippet:-1","max-image-preview":"max-image-preview:large","max-video-preview":"max-video-preview:-1"},"canonical":"https:\/\/kapitalis.com\/tunisie\/2022\/09\/15\/tunisie-libye-ou-est-passee-la-zone-de-libre-echange-frontaliere\/","og_locale":"fr_FR","og_type":"article","og_title":"Tunisie-Libye&nbsp;: O\u00f9 est pass\u00e9e la zone de libre-\u00e9change frontali\u00e8re&nbsp;? - Kapitalis","og_description":"La zone de libre-\u00e9change pr\u00e9vue par la Tunisie \u00e0 Ben Guerdane est au point mort alors que des projets similaires en Libye ont avanc\u00e9.","og_url":"https:\/\/kapitalis.com\/tunisie\/2022\/09\/15\/tunisie-libye-ou-est-passee-la-zone-de-libre-echange-frontaliere\/","og_site_name":"Kapitalis","article_publisher":"https:\/\/www.facebook.com\/KapitalisInfo\/","article_published_time":"2022-09-15T08:28:53+00:00","article_modified_time":"2022-09-15T08:28:54+00:00","og_image":[{"width":1200,"height":630,"url":"https:\/\/kapitalis.com\/tunisie\/wp-content\/uploads\/2022\/09\/Ben-Guerdane.jpg","type":"image\/jpeg"}],"author":"webmaster kapitalis","twitter_card":"summary_large_image","twitter_creator":"@KapitalisInfo","twitter_site":"@KapitalisInfo","twitter_misc":{"\u00c9crit par":"webmaster kapitalis","Dur\u00e9e de lecture estim\u00e9e":"4 minutes"},"schema":{"@context":"https:\/\/schema.org","@graph":[{"@type":"Article","@id":"https:\/\/kapitalis.com\/tunisie\/2022\/09\/15\/tunisie-libye-ou-est-passee-la-zone-de-libre-echange-frontaliere\/#article","isPartOf":{"@id":"https:\/\/kapitalis.com\/tunisie\/2022\/09\/15\/tunisie-libye-ou-est-passee-la-zone-de-libre-echange-frontaliere\/"},"author":{"name":"webmaster kapitalis","@id":"https:\/\/kapitalis.com\/tunisie\/#\/schema\/person\/d71f33a9ca44f7bad4698210b480c8e9"},"headline":"Tunisie-Libye&nbsp;: O\u00f9 est pass\u00e9e la zone de libre-\u00e9change frontali\u00e8re&nbsp;?","datePublished":"2022-09-15T08:28:53+00:00","dateModified":"2022-09-15T08:28:54+00:00","mainEntityOfPage":{"@id":"https:\/\/kapitalis.com\/tunisie\/2022\/09\/15\/tunisie-libye-ou-est-passee-la-zone-de-libre-echange-frontaliere\/"},"wordCount":794,"commentCount":3,"publisher":{"@id":"https:\/\/kapitalis.com\/tunisie\/#organization"},"image":{"@id":"https:\/\/kapitalis.com\/tunisie\/2022\/09\/15\/tunisie-libye-ou-est-passee-la-zone-de-libre-echange-frontaliere\/#primaryimage"},"thumbnailUrl":"https:\/\/kapitalis.com\/tunisie\/wp-content\/uploads\/2022\/09\/Ben-Guerdane.jpg","keywords":["Ben Guerdane","\u00e9conomie informelle","Hamza Meddeb","Libye","Misrata","Tunisie","zone de libre \u00e9change","zone franche frontali\u00e8re","Zouara"],"articleSection":["A LA UNE","ECONOMIE","TRIBUNE","Tunisie"],"inLanguage":"fr-FR","potentialAction":[{"@type":"CommentAction","name":"Comment","target":["https:\/\/kapitalis.com\/tunisie\/2022\/09\/15\/tunisie-libye-ou-est-passee-la-zone-de-libre-echange-frontaliere\/#respond"]}]},{"@type":"WebPage","@id":"https:\/\/kapitalis.com\/tunisie\/2022\/09\/15\/tunisie-libye-ou-est-passee-la-zone-de-libre-echange-frontaliere\/","url":"https:\/\/kapitalis.com\/tunisie\/2022\/09\/15\/tunisie-libye-ou-est-passee-la-zone-de-libre-echange-frontaliere\/","name":"Tunisie-Libye&nbsp;: O\u00f9 est pass\u00e9e la zone de libre-\u00e9change frontali\u00e8re&nbsp;? - Kapitalis","isPartOf":{"@id":"https:\/\/kapitalis.com\/tunisie\/#website"},"primaryImageOfPage":{"@id":"https:\/\/kapitalis.com\/tunisie\/2022\/09\/15\/tunisie-libye-ou-est-passee-la-zone-de-libre-echange-frontaliere\/#primaryimage"},"image":{"@id":"https:\/\/kapitalis.com\/tunisie\/2022\/09\/15\/tunisie-libye-ou-est-passee-la-zone-de-libre-echange-frontaliere\/#primaryimage"},"thumbnailUrl":"https:\/\/kapitalis.com\/tunisie\/wp-content\/uploads\/2022\/09\/Ben-Guerdane.jpg","datePublished":"2022-09-15T08:28:53+00:00","dateModified":"2022-09-15T08:28:54+00:00","breadcrumb":{"@id":"https:\/\/kapitalis.com\/tunisie\/2022\/09\/15\/tunisie-libye-ou-est-passee-la-zone-de-libre-echange-frontaliere\/#breadcrumb"},"inLanguage":"fr-FR","potentialAction":[{"@type":"ReadAction","target":["https:\/\/kapitalis.com\/tunisie\/2022\/09\/15\/tunisie-libye-ou-est-passee-la-zone-de-libre-echange-frontaliere\/"]}]},{"@type":"ImageObject","inLanguage":"fr-FR","@id":"https:\/\/kapitalis.com\/tunisie\/2022\/09\/15\/tunisie-libye-ou-est-passee-la-zone-de-libre-echange-frontaliere\/#primaryimage","url":"https:\/\/kapitalis.com\/tunisie\/wp-content\/uploads\/2022\/09\/Ben-Guerdane.jpg","contentUrl":"https:\/\/kapitalis.com\/tunisie\/wp-content\/uploads\/2022\/09\/Ben-Guerdane.jpg","width":1200,"height":630},{"@type":"BreadcrumbList","@id":"https:\/\/kapitalis.com\/tunisie\/2022\/09\/15\/tunisie-libye-ou-est-passee-la-zone-de-libre-echange-frontaliere\/#breadcrumb","itemListElement":[{"@type":"ListItem","position":1,"name":"Accueil","item":"https:\/\/kapitalis.com\/tunisie\/"},{"@type":"ListItem","position":2,"name":"Tunisie-Libye&nbsp;: O\u00f9 est pass\u00e9e la zone de libre-\u00e9change frontali\u00e8re&nbsp;?"}]},{"@type":"WebSite","@id":"https:\/\/kapitalis.com\/tunisie\/#website","url":"https:\/\/kapitalis.com\/tunisie\/","name":"Kapitalis","description":"L&#039;actualit\u00e9 en Tunisie et dans le monde","publisher":{"@id":"https:\/\/kapitalis.com\/tunisie\/#organization"},"potentialAction":[{"@type":"SearchAction","target":{"@type":"EntryPoint","urlTemplate":"https:\/\/kapitalis.com\/tunisie\/?s={search_term_string}"},"query-input":{"@type":"PropertyValueSpecification","valueRequired":true,"valueName":"search_term_string"}}],"inLanguage":"fr-FR"},{"@type":"Organization","@id":"https:\/\/kapitalis.com\/tunisie\/#organization","name":"Kapitalis","url":"https:\/\/kapitalis.com\/tunisie\/","logo":{"@type":"ImageObject","inLanguage":"fr-FR","@id":"https:\/\/kapitalis.com\/tunisie\/#\/schema\/logo\/image\/","url":"https:\/\/kapitalis.com\/tunisie\/wp-content\/uploads\/2022\/05\/Kapitalis-big-size.png","contentUrl":"https:\/\/kapitalis.com\/tunisie\/wp-content\/uploads\/2022\/05\/Kapitalis-big-size.png","width":5000,"height":1500,"caption":"Kapitalis"},"image":{"@id":"https:\/\/kapitalis.com\/tunisie\/#\/schema\/logo\/image\/"},"sameAs":["https:\/\/www.facebook.com\/KapitalisInfo\/","https:\/\/x.com\/KapitalisInfo","https:\/\/www.youtube.com\/channel\/UC-yDYrHyfFBWWZaOw3FPg9Q"]},{"@type":"Person","@id":"https:\/\/kapitalis.com\/tunisie\/#\/schema\/person\/d71f33a9ca44f7bad4698210b480c8e9","name":"webmaster kapitalis","url":"https:\/\/kapitalis.com\/tunisie\/author\/webmaster-kapitalis\/"}]}},"_links":{"self":[{"href":"https:\/\/kapitalis.com\/tunisie\/wp-json\/wp\/v2\/posts\/4079247","targetHints":{"allow":["GET"]}}],"collection":[{"href":"https:\/\/kapitalis.com\/tunisie\/wp-json\/wp\/v2\/posts"}],"about":[{"href":"https:\/\/kapitalis.com\/tunisie\/wp-json\/wp\/v2\/types\/post"}],"author":[{"embeddable":true,"href":"https:\/\/kapitalis.com\/tunisie\/wp-json\/wp\/v2\/users\/8"}],"replies":[{"embeddable":true,"href":"https:\/\/kapitalis.com\/tunisie\/wp-json\/wp\/v2\/comments?post=4079247"}],"version-history":[{"count":0,"href":"https:\/\/kapitalis.com\/tunisie\/wp-json\/wp\/v2\/posts\/4079247\/revisions"}],"wp:featuredmedia":[{"embeddable":true,"href":"https:\/\/kapitalis.com\/tunisie\/wp-json\/wp\/v2\/media\/4079399"}],"wp:attachment":[{"href":"https:\/\/kapitalis.com\/tunisie\/wp-json\/wp\/v2\/media?parent=4079247"}],"wp:term":[{"taxonomy":"category","embeddable":true,"href":"https:\/\/kapitalis.com\/tunisie\/wp-json\/wp\/v2\/categories?post=4079247"},{"taxonomy":"post_tag","embeddable":true,"href":"https:\/\/kapitalis.com\/tunisie\/wp-json\/wp\/v2\/tags?post=4079247"}],"curies":[{"name":"wp","href":"https:\/\/api.w.org\/{rel}","templated":true}]}}