{"id":4086013,"date":"2022-09-15T12:45:56","date_gmt":"2022-09-15T11:45:56","guid":{"rendered":"https:\/\/kapitalis.com\/tunisie\/?p=4086013"},"modified":"2022-09-15T12:45:57","modified_gmt":"2022-09-15T11:45:57","slug":"sommet-sur-la-securite-alimentaire-a-new-york-la-tunisie-invitee","status":"publish","type":"post","link":"https:\/\/kapitalis.com\/tunisie\/2022\/09\/15\/sommet-sur-la-securite-alimentaire-a-new-york-la-tunisie-invitee\/","title":{"rendered":"Sommet sur la s\u00e9curit\u00e9 alimentaire \u00e0 New York : La Tunisie invit\u00e9e"},"content":{"rendered":"\n<p><em><strong>La Tunisie a re\u00e7u une invitation pour participer \u00e0 une table ronde \u00e0 haut niveau sur la s\u00e9curit\u00e9 alimentaire mondiale qui se d\u00e9roulera mardi prochain, 20 septembre 2022, \u00e0 New York aux Etats-Unis, en marge de la 77\u00e8me session de l\u2019Assembl\u00e9e g\u00e9n\u00e9rale des Nations Unies.<\/strong><\/em><\/p>\n\n\n\n<!--more-->\n\n\n\n<p>C&rsquo;est ce qu&rsquo;a fait savoir, ce jeudi 15 septembre, le minist\u00e8re des Affaires \u00e9trang\u00e8res, pr\u00e9cisant dans son communiqu\u00e9, que la Tunisie a \u00e9t\u00e9 invit\u00e9e \u00e0 ce sommet par l\u2019Union africaine, l\u2019Union europ\u00e9enne et l\u2019Organisation \u00ab\u00a0Un 75 leaders network \u00ab\u00a0.<\/p>\n\n\n\n<p>Le ministre des Affaires \u00e9trang\u00e8res Othman Jerandi a re\u00e7u, mercredi, l\u2019invitation des ambassadeurs de l\u2019Union europ\u00e9enne et du S\u00e9n\u00e9gal \u00e0 Tunis ainsi que du charg\u00e9 des affaires de l\u2019ambassade d\u2019Espagne \u00e0 Tunis. Il a, par ailleurs, soulign\u00e9 la n\u00e9cessit\u00e9 de conjuguer les efforts pour concevoir des solutions collectives \u00e0 la question de la s\u00e9curit\u00e9 alimentaire dont les r\u00e9percussions menacent la paix et la stabilit\u00e9 \u00e0 l\u2019\u00e9chelle mondiale.<\/p>\n\n\n\n<p class=\"has-text-align-right\"><strong>C. B. Y.<\/strong><\/p>\n","protected":false},"excerpt":{"rendered":"<p>La Tunisie a re\u00e7u une invitation pour participer \u00e0 une table ronde \u00e0 haut niveau sur la s\u00e9curit\u00e9 alimentaire mondiale qui se d\u00e9roulera mardi prochain, 20 septembre 2022, \u00e0 New York aux Etats-Unis, en marge de la 77\u00e8me session de l\u2019Assembl\u00e9e g\u00e9n\u00e9rale des Nations Unies.<\/p>\n","protected":false},"author":24,"featured_media":1338382,"comment_status":"open","ping_status":"open","sticky":false,"template":"","format":"standard","meta":{"footnotes":""},"categories":[995,2433],"tags":[81850,102837,62643],"class_list":["post-4086013","post","type-post","status-publish","format-standard","has-post-thumbnail","hentry","category-economie","category-tunisie","tag-othman-jerandi","tag-sommet-sur-la-securite-alimentaire","tag-tunisie"],"yoast_head":"<!-- This site is optimized with the Yoast SEO plugin v26.6 - https:\/\/yoast.com\/wordpress\/plugins\/seo\/ -->\n<title>Sommet sur la s\u00e9curit\u00e9 alimentaire \u00e0 New York : La Tunisie invit\u00e9e - Kapitalis<\/title>\n<meta name=\"robots\" content=\"index, follow, max-snippet:-1, max-image-preview:large, max-video-preview:-1\" \/>\n<link rel=\"canonical\" href=\"https:\/\/kapitalis.com\/tunisie\/2022\/09\/15\/sommet-sur-la-securite-alimentaire-a-new-york-la-tunisie-invitee\/\" \/>\n<meta property=\"og:locale\" content=\"fr_FR\" \/>\n<meta property=\"og:type\" content=\"article\" \/>\n<meta property=\"og:title\" content=\"Sommet sur la s\u00e9curit\u00e9 alimentaire \u00e0 New York : La Tunisie invit\u00e9e - Kapitalis\" \/>\n<meta property=\"og:description\" content=\"La Tunisie a re\u00e7u une invitation pour participer \u00e0 une table ronde \u00e0 haut niveau sur la s\u00e9curit\u00e9 alimentaire mondiale qui se d\u00e9roulera mardi prochain, 20 septembre 2022, \u00e0 New York aux Etats-Unis, en marge de la 77\u00e8me session de l\u2019Assembl\u00e9e g\u00e9n\u00e9rale des Nations Unies.\" \/>\n<meta property=\"og:url\" content=\"https:\/\/kapitalis.com\/tunisie\/2022\/09\/15\/sommet-sur-la-securite-alimentaire-a-new-york-la-tunisie-invitee\/\" \/>\n<meta property=\"og:site_name\" content=\"Kapitalis\" \/>\n<meta property=\"article:publisher\" content=\"https:\/\/www.facebook.com\/KapitalisInfo\/\" \/>\n<meta property=\"article:published_time\" content=\"2022-09-15T11:45:56+00:00\" \/>\n<meta property=\"article:modified_time\" content=\"2022-09-15T11:45:57+00:00\" \/>\n<meta property=\"og:image\" content=\"https:\/\/kapitalis.com\/tunisie\/wp-content\/uploads\/2022\/06\/ministere-tunisien-des-Affaires-etrangeres.jpg\" \/>\n\t<meta property=\"og:image:width\" content=\"1200\" \/>\n\t<meta property=\"og:image:height\" content=\"630\" \/>\n\t<meta property=\"og:image:type\" content=\"image\/jpeg\" \/>\n<meta name=\"author\" content=\"Cherif Benyounes\" \/>\n<meta name=\"twitter:card\" content=\"summary_large_image\" \/>\n<meta name=\"twitter:creator\" content=\"@KapitalisInfo\" \/>\n<meta name=\"twitter:site\" content=\"@KapitalisInfo\" \/>\n<meta name=\"twitter:label1\" content=\"\u00c9crit par\" \/>\n\t<meta name=\"twitter:data1\" content=\"Cherif Benyounes\" \/>\n\t<meta name=\"twitter:label2\" content=\"Dur\u00e9e de lecture estim\u00e9e\" \/>\n\t<meta name=\"twitter:data2\" content=\"1 minute\" \/>\n<script type=\"application\/ld+json\" class=\"yoast-schema-graph\">{\"@context\":\"https:\/\/schema.org\",\"@graph\":[{\"@type\":\"Article\",\"@id\":\"https:\/\/kapitalis.com\/tunisie\/2022\/09\/15\/sommet-sur-la-securite-alimentaire-a-new-york-la-tunisie-invitee\/#article\",\"isPartOf\":{\"@id\":\"https:\/\/kapitalis.com\/tunisie\/2022\/09\/15\/sommet-sur-la-securite-alimentaire-a-new-york-la-tunisie-invitee\/\"},\"author\":{\"name\":\"Cherif Benyounes\",\"@id\":\"https:\/\/kapitalis.com\/tunisie\/#\/schema\/person\/b35b8d631961131107263178aeb8019e\"},\"headline\":\"Sommet sur la s\u00e9curit\u00e9 alimentaire \u00e0 New York : La Tunisie invit\u00e9e\",\"datePublished\":\"2022-09-15T11:45:56+00:00\",\"dateModified\":\"2022-09-15T11:45:57+00:00\",\"mainEntityOfPage\":{\"@id\":\"https:\/\/kapitalis.com\/tunisie\/2022\/09\/15\/sommet-sur-la-securite-alimentaire-a-new-york-la-tunisie-invitee\/\"},\"wordCount\":181,\"commentCount\":0,\"publisher\":{\"@id\":\"https:\/\/kapitalis.com\/tunisie\/#organization\"},\"image\":{\"@id\":\"https:\/\/kapitalis.com\/tunisie\/2022\/09\/15\/sommet-sur-la-securite-alimentaire-a-new-york-la-tunisie-invitee\/#primaryimage\"},\"thumbnailUrl\":\"https:\/\/kapitalis.com\/tunisie\/wp-content\/uploads\/2022\/06\/ministere-tunisien-des-Affaires-etrangeres.jpg\",\"keywords\":[\"Othman Jerandi\",\"Sommet sur la s\u00e9curit\u00e9 alimentaire\",\"Tunisie\"],\"articleSection\":[\"ECONOMIE\",\"Tunisie\"],\"inLanguage\":\"fr-FR\",\"potentialAction\":[{\"@type\":\"CommentAction\",\"name\":\"Comment\",\"target\":[\"https:\/\/kapitalis.com\/tunisie\/2022\/09\/15\/sommet-sur-la-securite-alimentaire-a-new-york-la-tunisie-invitee\/#respond\"]}]},{\"@type\":\"WebPage\",\"@id\":\"https:\/\/kapitalis.com\/tunisie\/2022\/09\/15\/sommet-sur-la-securite-alimentaire-a-new-york-la-tunisie-invitee\/\",\"url\":\"https:\/\/kapitalis.com\/tunisie\/2022\/09\/15\/sommet-sur-la-securite-alimentaire-a-new-york-la-tunisie-invitee\/\",\"name\":\"Sommet sur la s\u00e9curit\u00e9 alimentaire \u00e0 New York : La Tunisie invit\u00e9e - Kapitalis\",\"isPartOf\":{\"@id\":\"https:\/\/kapitalis.com\/tunisie\/#website\"},\"primaryImageOfPage\":{\"@id\":\"https:\/\/kapitalis.com\/tunisie\/2022\/09\/15\/sommet-sur-la-securite-alimentaire-a-new-york-la-tunisie-invitee\/#primaryimage\"},\"image\":{\"@id\":\"https:\/\/kapitalis.com\/tunisie\/2022\/09\/15\/sommet-sur-la-securite-alimentaire-a-new-york-la-tunisie-invitee\/#primaryimage\"},\"thumbnailUrl\":\"https:\/\/kapitalis.com\/tunisie\/wp-content\/uploads\/2022\/06\/ministere-tunisien-des-Affaires-etrangeres.jpg\",\"datePublished\":\"2022-09-15T11:45:56+00:00\",\"dateModified\":\"2022-09-15T11:45:57+00:00\",\"breadcrumb\":{\"@id\":\"https:\/\/kapitalis.com\/tunisie\/2022\/09\/15\/sommet-sur-la-securite-alimentaire-a-new-york-la-tunisie-invitee\/#breadcrumb\"},\"inLanguage\":\"fr-FR\",\"potentialAction\":[{\"@type\":\"ReadAction\",\"target\":[\"https:\/\/kapitalis.com\/tunisie\/2022\/09\/15\/sommet-sur-la-securite-alimentaire-a-new-york-la-tunisie-invitee\/\"]}]},{\"@type\":\"ImageObject\",\"inLanguage\":\"fr-FR\",\"@id\":\"https:\/\/kapitalis.com\/tunisie\/2022\/09\/15\/sommet-sur-la-securite-alimentaire-a-new-york-la-tunisie-invitee\/#primaryimage\",\"url\":\"https:\/\/kapitalis.com\/tunisie\/wp-content\/uploads\/2022\/06\/ministere-tunisien-des-Affaires-etrangeres.jpg\",\"contentUrl\":\"https:\/\/kapitalis.com\/tunisie\/wp-content\/uploads\/2022\/06\/ministere-tunisien-des-Affaires-etrangeres.jpg\",\"width\":1200,\"height\":630},{\"@type\":\"BreadcrumbList\",\"@id\":\"https:\/\/kapitalis.com\/tunisie\/2022\/09\/15\/sommet-sur-la-securite-alimentaire-a-new-york-la-tunisie-invitee\/#breadcrumb\",\"itemListElement\":[{\"@type\":\"ListItem\",\"position\":1,\"name\":\"Accueil\",\"item\":\"https:\/\/kapitalis.com\/tunisie\/\"},{\"@type\":\"ListItem\",\"position\":2,\"name\":\"Sommet sur la s\u00e9curit\u00e9 alimentaire \u00e0 New York : La Tunisie invit\u00e9e\"}]},{\"@type\":\"WebSite\",\"@id\":\"https:\/\/kapitalis.com\/tunisie\/#website\",\"url\":\"https:\/\/kapitalis.com\/tunisie\/\",\"name\":\"Kapitalis\",\"description\":\"L&#039;actualit\u00e9 en Tunisie et dans le monde\",\"publisher\":{\"@id\":\"https:\/\/kapitalis.com\/tunisie\/#organization\"},\"potentialAction\":[{\"@type\":\"SearchAction\",\"target\":{\"@type\":\"EntryPoint\",\"urlTemplate\":\"https:\/\/kapitalis.com\/tunisie\/?s={search_term_string}\"},\"query-input\":{\"@type\":\"PropertyValueSpecification\",\"valueRequired\":true,\"valueName\":\"search_term_string\"}}],\"inLanguage\":\"fr-FR\"},{\"@type\":\"Organization\",\"@id\":\"https:\/\/kapitalis.com\/tunisie\/#organization\",\"name\":\"Kapitalis\",\"url\":\"https:\/\/kapitalis.com\/tunisie\/\",\"logo\":{\"@type\":\"ImageObject\",\"inLanguage\":\"fr-FR\",\"@id\":\"https:\/\/kapitalis.com\/tunisie\/#\/schema\/logo\/image\/\",\"url\":\"https:\/\/kapitalis.com\/tunisie\/wp-content\/uploads\/2022\/05\/Kapitalis-big-size.png\",\"contentUrl\":\"https:\/\/kapitalis.com\/tunisie\/wp-content\/uploads\/2022\/05\/Kapitalis-big-size.png\",\"width\":5000,\"height\":1500,\"caption\":\"Kapitalis\"},\"image\":{\"@id\":\"https:\/\/kapitalis.com\/tunisie\/#\/schema\/logo\/image\/\"},\"sameAs\":[\"https:\/\/www.facebook.com\/KapitalisInfo\/\",\"https:\/\/x.com\/KapitalisInfo\",\"https:\/\/www.youtube.com\/channel\/UC-yDYrHyfFBWWZaOw3FPg9Q\"]},{\"@type\":\"Person\",\"@id\":\"https:\/\/kapitalis.com\/tunisie\/#\/schema\/person\/b35b8d631961131107263178aeb8019e\",\"name\":\"Cherif Benyounes\",\"url\":\"https:\/\/kapitalis.com\/tunisie\/author\/cherif\/\"}]}<\/script>\n<!-- \/ Yoast SEO plugin. -->","yoast_head_json":{"title":"Sommet sur la s\u00e9curit\u00e9 alimentaire \u00e0 New York : La Tunisie invit\u00e9e - Kapitalis","robots":{"index":"index","follow":"follow","max-snippet":"max-snippet:-1","max-image-preview":"max-image-preview:large","max-video-preview":"max-video-preview:-1"},"canonical":"https:\/\/kapitalis.com\/tunisie\/2022\/09\/15\/sommet-sur-la-securite-alimentaire-a-new-york-la-tunisie-invitee\/","og_locale":"fr_FR","og_type":"article","og_title":"Sommet sur la s\u00e9curit\u00e9 alimentaire \u00e0 New York : La Tunisie invit\u00e9e - Kapitalis","og_description":"La Tunisie a re\u00e7u une invitation pour participer \u00e0 une table ronde \u00e0 haut niveau sur la s\u00e9curit\u00e9 alimentaire mondiale qui se d\u00e9roulera mardi prochain, 20 septembre 2022, \u00e0 New York aux Etats-Unis, en marge de la 77\u00e8me session de l\u2019Assembl\u00e9e g\u00e9n\u00e9rale des Nations Unies.","og_url":"https:\/\/kapitalis.com\/tunisie\/2022\/09\/15\/sommet-sur-la-securite-alimentaire-a-new-york-la-tunisie-invitee\/","og_site_name":"Kapitalis","article_publisher":"https:\/\/www.facebook.com\/KapitalisInfo\/","article_published_time":"2022-09-15T11:45:56+00:00","article_modified_time":"2022-09-15T11:45:57+00:00","og_image":[{"width":1200,"height":630,"url":"https:\/\/kapitalis.com\/tunisie\/wp-content\/uploads\/2022\/06\/ministere-tunisien-des-Affaires-etrangeres.jpg","type":"image\/jpeg"}],"author":"Cherif Benyounes","twitter_card":"summary_large_image","twitter_creator":"@KapitalisInfo","twitter_site":"@KapitalisInfo","twitter_misc":{"\u00c9crit par":"Cherif Benyounes","Dur\u00e9e de lecture estim\u00e9e":"1 minute"},"schema":{"@context":"https:\/\/schema.org","@graph":[{"@type":"Article","@id":"https:\/\/kapitalis.com\/tunisie\/2022\/09\/15\/sommet-sur-la-securite-alimentaire-a-new-york-la-tunisie-invitee\/#article","isPartOf":{"@id":"https:\/\/kapitalis.com\/tunisie\/2022\/09\/15\/sommet-sur-la-securite-alimentaire-a-new-york-la-tunisie-invitee\/"},"author":{"name":"Cherif Benyounes","@id":"https:\/\/kapitalis.com\/tunisie\/#\/schema\/person\/b35b8d631961131107263178aeb8019e"},"headline":"Sommet sur la s\u00e9curit\u00e9 alimentaire \u00e0 New York : La Tunisie invit\u00e9e","datePublished":"2022-09-15T11:45:56+00:00","dateModified":"2022-09-15T11:45:57+00:00","mainEntityOfPage":{"@id":"https:\/\/kapitalis.com\/tunisie\/2022\/09\/15\/sommet-sur-la-securite-alimentaire-a-new-york-la-tunisie-invitee\/"},"wordCount":181,"commentCount":0,"publisher":{"@id":"https:\/\/kapitalis.com\/tunisie\/#organization"},"image":{"@id":"https:\/\/kapitalis.com\/tunisie\/2022\/09\/15\/sommet-sur-la-securite-alimentaire-a-new-york-la-tunisie-invitee\/#primaryimage"},"thumbnailUrl":"https:\/\/kapitalis.com\/tunisie\/wp-content\/uploads\/2022\/06\/ministere-tunisien-des-Affaires-etrangeres.jpg","keywords":["Othman Jerandi","Sommet sur la s\u00e9curit\u00e9 alimentaire","Tunisie"],"articleSection":["ECONOMIE","Tunisie"],"inLanguage":"fr-FR","potentialAction":[{"@type":"CommentAction","name":"Comment","target":["https:\/\/kapitalis.com\/tunisie\/2022\/09\/15\/sommet-sur-la-securite-alimentaire-a-new-york-la-tunisie-invitee\/#respond"]}]},{"@type":"WebPage","@id":"https:\/\/kapitalis.com\/tunisie\/2022\/09\/15\/sommet-sur-la-securite-alimentaire-a-new-york-la-tunisie-invitee\/","url":"https:\/\/kapitalis.com\/tunisie\/2022\/09\/15\/sommet-sur-la-securite-alimentaire-a-new-york-la-tunisie-invitee\/","name":"Sommet sur la s\u00e9curit\u00e9 alimentaire \u00e0 New York : La Tunisie invit\u00e9e - Kapitalis","isPartOf":{"@id":"https:\/\/kapitalis.com\/tunisie\/#website"},"primaryImageOfPage":{"@id":"https:\/\/kapitalis.com\/tunisie\/2022\/09\/15\/sommet-sur-la-securite-alimentaire-a-new-york-la-tunisie-invitee\/#primaryimage"},"image":{"@id":"https:\/\/kapitalis.com\/tunisie\/2022\/09\/15\/sommet-sur-la-securite-alimentaire-a-new-york-la-tunisie-invitee\/#primaryimage"},"thumbnailUrl":"https:\/\/kapitalis.com\/tunisie\/wp-content\/uploads\/2022\/06\/ministere-tunisien-des-Affaires-etrangeres.jpg","datePublished":"2022-09-15T11:45:56+00:00","dateModified":"2022-09-15T11:45:57+00:00","breadcrumb":{"@id":"https:\/\/kapitalis.com\/tunisie\/2022\/09\/15\/sommet-sur-la-securite-alimentaire-a-new-york-la-tunisie-invitee\/#breadcrumb"},"inLanguage":"fr-FR","potentialAction":[{"@type":"ReadAction","target":["https:\/\/kapitalis.com\/tunisie\/2022\/09\/15\/sommet-sur-la-securite-alimentaire-a-new-york-la-tunisie-invitee\/"]}]},{"@type":"ImageObject","inLanguage":"fr-FR","@id":"https:\/\/kapitalis.com\/tunisie\/2022\/09\/15\/sommet-sur-la-securite-alimentaire-a-new-york-la-tunisie-invitee\/#primaryimage","url":"https:\/\/kapitalis.com\/tunisie\/wp-content\/uploads\/2022\/06\/ministere-tunisien-des-Affaires-etrangeres.jpg","contentUrl":"https:\/\/kapitalis.com\/tunisie\/wp-content\/uploads\/2022\/06\/ministere-tunisien-des-Affaires-etrangeres.jpg","width":1200,"height":630},{"@type":"BreadcrumbList","@id":"https:\/\/kapitalis.com\/tunisie\/2022\/09\/15\/sommet-sur-la-securite-alimentaire-a-new-york-la-tunisie-invitee\/#breadcrumb","itemListElement":[{"@type":"ListItem","position":1,"name":"Accueil","item":"https:\/\/kapitalis.com\/tunisie\/"},{"@type":"ListItem","position":2,"name":"Sommet sur la s\u00e9curit\u00e9 alimentaire \u00e0 New York : La Tunisie invit\u00e9e"}]},{"@type":"WebSite","@id":"https:\/\/kapitalis.com\/tunisie\/#website","url":"https:\/\/kapitalis.com\/tunisie\/","name":"Kapitalis","description":"L&#039;actualit\u00e9 en Tunisie et dans le monde","publisher":{"@id":"https:\/\/kapitalis.com\/tunisie\/#organization"},"potentialAction":[{"@type":"SearchAction","target":{"@type":"EntryPoint","urlTemplate":"https:\/\/kapitalis.com\/tunisie\/?s={search_term_string}"},"query-input":{"@type":"PropertyValueSpecification","valueRequired":true,"valueName":"search_term_string"}}],"inLanguage":"fr-FR"},{"@type":"Organization","@id":"https:\/\/kapitalis.com\/tunisie\/#organization","name":"Kapitalis","url":"https:\/\/kapitalis.com\/tunisie\/","logo":{"@type":"ImageObject","inLanguage":"fr-FR","@id":"https:\/\/kapitalis.com\/tunisie\/#\/schema\/logo\/image\/","url":"https:\/\/kapitalis.com\/tunisie\/wp-content\/uploads\/2022\/05\/Kapitalis-big-size.png","contentUrl":"https:\/\/kapitalis.com\/tunisie\/wp-content\/uploads\/2022\/05\/Kapitalis-big-size.png","width":5000,"height":1500,"caption":"Kapitalis"},"image":{"@id":"https:\/\/kapitalis.com\/tunisie\/#\/schema\/logo\/image\/"},"sameAs":["https:\/\/www.facebook.com\/KapitalisInfo\/","https:\/\/x.com\/KapitalisInfo","https:\/\/www.youtube.com\/channel\/UC-yDYrHyfFBWWZaOw3FPg9Q"]},{"@type":"Person","@id":"https:\/\/kapitalis.com\/tunisie\/#\/schema\/person\/b35b8d631961131107263178aeb8019e","name":"Cherif Benyounes","url":"https:\/\/kapitalis.com\/tunisie\/author\/cherif\/"}]}},"_links":{"self":[{"href":"https:\/\/kapitalis.com\/tunisie\/wp-json\/wp\/v2\/posts\/4086013","targetHints":{"allow":["GET"]}}],"collection":[{"href":"https:\/\/kapitalis.com\/tunisie\/wp-json\/wp\/v2\/posts"}],"about":[{"href":"https:\/\/kapitalis.com\/tunisie\/wp-json\/wp\/v2\/types\/post"}],"author":[{"embeddable":true,"href":"https:\/\/kapitalis.com\/tunisie\/wp-json\/wp\/v2\/users\/24"}],"replies":[{"embeddable":true,"href":"https:\/\/kapitalis.com\/tunisie\/wp-json\/wp\/v2\/comments?post=4086013"}],"version-history":[{"count":0,"href":"https:\/\/kapitalis.com\/tunisie\/wp-json\/wp\/v2\/posts\/4086013\/revisions"}],"wp:featuredmedia":[{"embeddable":true,"href":"https:\/\/kapitalis.com\/tunisie\/wp-json\/wp\/v2\/media\/1338382"}],"wp:attachment":[{"href":"https:\/\/kapitalis.com\/tunisie\/wp-json\/wp\/v2\/media?parent=4086013"}],"wp:term":[{"taxonomy":"category","embeddable":true,"href":"https:\/\/kapitalis.com\/tunisie\/wp-json\/wp\/v2\/categories?post=4086013"},{"taxonomy":"post_tag","embeddable":true,"href":"https:\/\/kapitalis.com\/tunisie\/wp-json\/wp\/v2\/tags?post=4086013"}],"curies":[{"name":"wp","href":"https:\/\/api.w.org\/{rel}","templated":true}]}}