{"id":4093817,"date":"2022-09-15T19:02:29","date_gmt":"2022-09-15T18:02:29","guid":{"rendered":"https:\/\/kapitalis.com\/tunisie\/?p=4093817"},"modified":"2022-09-15T19:02:36","modified_gmt":"2022-09-15T18:02:36","slug":"tunisie-legislatives-pas-dexclusion-dans-le-projet-de-la-loi-electorale-selon-kais-saied","status":"publish","type":"post","link":"https:\/\/kapitalis.com\/tunisie\/2022\/09\/15\/tunisie-legislatives-pas-dexclusion-dans-le-projet-de-la-loi-electorale-selon-kais-saied\/","title":{"rendered":"Tunisie -L\u00e9gislatives : \u00abPas d&rsquo;exclusion dans le projet de la loi \u00e9lectorale\u00bb, selon Ka\u00efs Sa\u00efed"},"content":{"rendered":"\n<p><strong><em>Lors du conseil des ministres organis\u00e9, ce jeudi 15 septembre 2022, le pr\u00e9sident de la R\u00e9publique Ka\u00efs Sa\u00efed a \u00e9voqu\u00e9 le projet de la loi \u00e9lectorale et la convocation des \u00e9lecteurs pour les prochaines l\u00e9gislatives pr\u00e9vues le 17 d\u00e9cembre 2022.<\/em><\/strong><\/p>\n\n\n\n<!--more-->\n\n\n\n<p>Ka\u00efs Sa\u00efed a indiqu\u00e9 que le conseil \u00e9tudie le projet d\u2019amendement de la loi \u00e9lectorale, consid\u00e9rant que celle-ci est <em>\u00abaussi importante que la Constitution bien qu\u2019elle lui soit de rang inf\u00e9rieur<strong>\u00bb<\/strong>,<\/em> tout en affirmant que la Tunisie s&rsquo;appr\u00eate \u00e0 entamer une nouvelle page de son Histoire.<\/p>\n\n\n\n<p>Le chef de l&rsquo;Etat a affirm\u00e9 qu&rsquo;il n&rsquo;y aura pas d&rsquo;exclusion dans la nouvelle loi \u00e9lectorale : <em>\u00abIl n\u2019y aura aucune exclusion comme le pr\u00e9tendent certains. Ils disent que cette loi a \u00e9t\u00e9 faite sur la base de l\u2019exclusion, mais chacun a le droit de se pr\u00e9senter aux prochaines \u00e9lections tant qu&rsquo;il r\u00e9pond \u00e0 des crit\u00e8res objectifs sur la base de cette loi \u00e9lectorale\u00bb<\/em>, a-t-il lanc\u00e9, en \u00e9voquant, par ailleurs, les partis qui ont annonc\u00e9 boycotter le prochain rendez-vous \u00e9lectoral estimant que ces derniers sont libres.<\/p>\n\n\n\n<p>\u00ab<em>Ils n&rsquo;ont aucune obligation de se pr\u00e9senter\u2026Les \u00e9lections restent libres et ne sont soumises \u00e0 aucune contrainte ni exclusion\u2026les urnes trancheront\u00bb<\/em>, a encore lanc\u00e9 le pr\u00e9sident de la r\u00e9publique.<\/p>\n\n\n\n<p>Le chef de l&rsquo;Etat a \u00e9galement indiqu\u00e9 que les d\u00e9put\u00e9s qu&rsquo;ils soient issus d&rsquo;un parti politique ou pas, devront repr\u00e9senter le peuple et sa volont\u00e9, ajoutant que la lev\u00e9e de l\u2019immunit\u00e9 pour les \u00e9lus qui ne respectent pas leurs engagements pendant leur mandat, est pr\u00e9vue selon des conditions bien d\u00e9finies.<\/p>\n\n\n\n<p>Ka\u00efs Sa\u00efed a ajout\u00e9 que \u00ab<em>cette nouvelle page de l&rsquo;Histoire, est la responsabilit\u00e9 de tous, qui permettra d&rsquo;am\u00e9liorer la situation en Tunisie et de r\u00e9pondre aux revendications des Tunisiens\u00bb&#8230;<\/em><\/p>\n\n\n\n<p class=\"has-text-align-right\"><strong>Y. N.<\/strong><\/p>\n","protected":false},"excerpt":{"rendered":"<p>Tunisie -L\u00e9gislatives : \u00abPas d&rsquo;exclusion dans le projet de la loi \u00e9lectorale\u00bb, selon Ka\u00efs Sa\u00efed<\/p>\n","protected":false},"author":6,"featured_media":4094039,"comment_status":"open","ping_status":"open","sticky":false,"template":"","format":"standard","meta":{"footnotes":""},"categories":[997,2433],"tags":[102755,76012,9031,43626,62643],"class_list":["post-4093817","post","type-post","status-publish","format-standard","has-post-thumbnail","hentry","category-politique","category-tunisie","tag-17-decembre-2022","tag-kais-saied-2","tag-legislatives","tag-loi-electorale","tag-tunisie"],"yoast_head":"<!-- This site is optimized with the Yoast SEO plugin v26.6 - https:\/\/yoast.com\/wordpress\/plugins\/seo\/ -->\n<title>Tunisie -L\u00e9gislatives : \u00abPas d&#039;exclusion dans le projet de la loi \u00e9lectorale\u00bb, selon Ka\u00efs Sa\u00efed - Kapitalis<\/title>\n<meta name=\"description\" content=\"Lors du conseil des ministres organis\u00e9, ce jeudi 15 septembre 2022, le pr\u00e9sident de la R\u00e9publique Ka\u00efs Sa\u00efed a \u00e9voqu\u00e9 le projet de la loi \u00e9lectorale et la convocation des \u00e9lecteurs pour les prochaines l\u00e9gislatives pr\u00e9vues le 17 d\u00e9cembre 2022.\" \/>\n<meta name=\"robots\" content=\"index, follow, max-snippet:-1, max-image-preview:large, max-video-preview:-1\" \/>\n<link rel=\"canonical\" href=\"https:\/\/kapitalis.com\/tunisie\/2022\/09\/15\/tunisie-legislatives-pas-dexclusion-dans-le-projet-de-la-loi-electorale-selon-kais-saied\/\" \/>\n<meta property=\"og:locale\" content=\"fr_FR\" \/>\n<meta property=\"og:type\" content=\"article\" \/>\n<meta property=\"og:title\" content=\"Tunisie -L\u00e9gislatives : \u00abPas d&#039;exclusion dans le projet de la loi \u00e9lectorale\u00bb, selon Ka\u00efs Sa\u00efed - Kapitalis\" \/>\n<meta property=\"og:description\" content=\"Lors du conseil des ministres organis\u00e9, ce jeudi 15 septembre 2022, le pr\u00e9sident de la R\u00e9publique Ka\u00efs Sa\u00efed a \u00e9voqu\u00e9 le projet de la loi \u00e9lectorale et la convocation des \u00e9lecteurs pour les prochaines l\u00e9gislatives pr\u00e9vues le 17 d\u00e9cembre 2022.\" \/>\n<meta property=\"og:url\" content=\"https:\/\/kapitalis.com\/tunisie\/2022\/09\/15\/tunisie-legislatives-pas-dexclusion-dans-le-projet-de-la-loi-electorale-selon-kais-saied\/\" \/>\n<meta property=\"og:site_name\" content=\"Kapitalis\" \/>\n<meta property=\"article:publisher\" content=\"https:\/\/www.facebook.com\/KapitalisInfo\/\" \/>\n<meta property=\"article:published_time\" content=\"2022-09-15T18:02:29+00:00\" \/>\n<meta property=\"article:modified_time\" content=\"2022-09-15T18:02:36+00:00\" \/>\n<meta property=\"og:image\" content=\"https:\/\/kapitalis.com\/tunisie\/wp-content\/uploads\/2022\/09\/Saied-conseil-ministres.jpg\" \/>\n\t<meta property=\"og:image:width\" content=\"1200\" \/>\n\t<meta property=\"og:image:height\" content=\"630\" \/>\n\t<meta property=\"og:image:type\" content=\"image\/jpeg\" \/>\n<meta name=\"author\" content=\"Yusra NY\" \/>\n<meta name=\"twitter:card\" content=\"summary_large_image\" \/>\n<meta name=\"twitter:creator\" content=\"@KapitalisInfo\" \/>\n<meta name=\"twitter:site\" content=\"@KapitalisInfo\" \/>\n<meta name=\"twitter:label1\" content=\"\u00c9crit par\" \/>\n\t<meta name=\"twitter:data1\" content=\"Yusra NY\" \/>\n\t<meta name=\"twitter:label2\" content=\"Dur\u00e9e de lecture estim\u00e9e\" \/>\n\t<meta name=\"twitter:data2\" content=\"2 minutes\" \/>\n<script type=\"application\/ld+json\" class=\"yoast-schema-graph\">{\"@context\":\"https:\/\/schema.org\",\"@graph\":[{\"@type\":\"Article\",\"@id\":\"https:\/\/kapitalis.com\/tunisie\/2022\/09\/15\/tunisie-legislatives-pas-dexclusion-dans-le-projet-de-la-loi-electorale-selon-kais-saied\/#article\",\"isPartOf\":{\"@id\":\"https:\/\/kapitalis.com\/tunisie\/2022\/09\/15\/tunisie-legislatives-pas-dexclusion-dans-le-projet-de-la-loi-electorale-selon-kais-saied\/\"},\"author\":{\"name\":\"Yusra NY\",\"@id\":\"https:\/\/kapitalis.com\/tunisie\/#\/schema\/person\/74bbde0154d49d790a92aaeac5bc01d5\"},\"headline\":\"Tunisie -L\u00e9gislatives : \u00abPas d&rsquo;exclusion dans le projet de la loi \u00e9lectorale\u00bb, selon Ka\u00efs Sa\u00efed\",\"datePublished\":\"2022-09-15T18:02:29+00:00\",\"dateModified\":\"2022-09-15T18:02:36+00:00\",\"mainEntityOfPage\":{\"@id\":\"https:\/\/kapitalis.com\/tunisie\/2022\/09\/15\/tunisie-legislatives-pas-dexclusion-dans-le-projet-de-la-loi-electorale-selon-kais-saied\/\"},\"wordCount\":327,\"commentCount\":2,\"publisher\":{\"@id\":\"https:\/\/kapitalis.com\/tunisie\/#organization\"},\"image\":{\"@id\":\"https:\/\/kapitalis.com\/tunisie\/2022\/09\/15\/tunisie-legislatives-pas-dexclusion-dans-le-projet-de-la-loi-electorale-selon-kais-saied\/#primaryimage\"},\"thumbnailUrl\":\"https:\/\/kapitalis.com\/tunisie\/wp-content\/uploads\/2022\/09\/Saied-conseil-ministres.jpg\",\"keywords\":[\"17 d\u00e9cembre 2022\",\"Ka\u00efs Sa\u00efed\",\"l\u00e9gislatives\",\"loi \u00e9lectorale\",\"Tunisie\"],\"articleSection\":[\"POLITIQUE\",\"Tunisie\"],\"inLanguage\":\"fr-FR\",\"potentialAction\":[{\"@type\":\"CommentAction\",\"name\":\"Comment\",\"target\":[\"https:\/\/kapitalis.com\/tunisie\/2022\/09\/15\/tunisie-legislatives-pas-dexclusion-dans-le-projet-de-la-loi-electorale-selon-kais-saied\/#respond\"]}]},{\"@type\":\"WebPage\",\"@id\":\"https:\/\/kapitalis.com\/tunisie\/2022\/09\/15\/tunisie-legislatives-pas-dexclusion-dans-le-projet-de-la-loi-electorale-selon-kais-saied\/\",\"url\":\"https:\/\/kapitalis.com\/tunisie\/2022\/09\/15\/tunisie-legislatives-pas-dexclusion-dans-le-projet-de-la-loi-electorale-selon-kais-saied\/\",\"name\":\"Tunisie -L\u00e9gislatives : \u00abPas d'exclusion dans le projet de la loi \u00e9lectorale\u00bb, selon Ka\u00efs Sa\u00efed - Kapitalis\",\"isPartOf\":{\"@id\":\"https:\/\/kapitalis.com\/tunisie\/#website\"},\"primaryImageOfPage\":{\"@id\":\"https:\/\/kapitalis.com\/tunisie\/2022\/09\/15\/tunisie-legislatives-pas-dexclusion-dans-le-projet-de-la-loi-electorale-selon-kais-saied\/#primaryimage\"},\"image\":{\"@id\":\"https:\/\/kapitalis.com\/tunisie\/2022\/09\/15\/tunisie-legislatives-pas-dexclusion-dans-le-projet-de-la-loi-electorale-selon-kais-saied\/#primaryimage\"},\"thumbnailUrl\":\"https:\/\/kapitalis.com\/tunisie\/wp-content\/uploads\/2022\/09\/Saied-conseil-ministres.jpg\",\"datePublished\":\"2022-09-15T18:02:29+00:00\",\"dateModified\":\"2022-09-15T18:02:36+00:00\",\"description\":\"Lors du conseil des ministres organis\u00e9, ce jeudi 15 septembre 2022, le pr\u00e9sident de la R\u00e9publique Ka\u00efs Sa\u00efed a \u00e9voqu\u00e9 le projet de la loi \u00e9lectorale et la convocation des \u00e9lecteurs pour les prochaines l\u00e9gislatives pr\u00e9vues le 17 d\u00e9cembre 2022.\",\"breadcrumb\":{\"@id\":\"https:\/\/kapitalis.com\/tunisie\/2022\/09\/15\/tunisie-legislatives-pas-dexclusion-dans-le-projet-de-la-loi-electorale-selon-kais-saied\/#breadcrumb\"},\"inLanguage\":\"fr-FR\",\"potentialAction\":[{\"@type\":\"ReadAction\",\"target\":[\"https:\/\/kapitalis.com\/tunisie\/2022\/09\/15\/tunisie-legislatives-pas-dexclusion-dans-le-projet-de-la-loi-electorale-selon-kais-saied\/\"]}]},{\"@type\":\"ImageObject\",\"inLanguage\":\"fr-FR\",\"@id\":\"https:\/\/kapitalis.com\/tunisie\/2022\/09\/15\/tunisie-legislatives-pas-dexclusion-dans-le-projet-de-la-loi-electorale-selon-kais-saied\/#primaryimage\",\"url\":\"https:\/\/kapitalis.com\/tunisie\/wp-content\/uploads\/2022\/09\/Saied-conseil-ministres.jpg\",\"contentUrl\":\"https:\/\/kapitalis.com\/tunisie\/wp-content\/uploads\/2022\/09\/Saied-conseil-ministres.jpg\",\"width\":1200,\"height\":630},{\"@type\":\"BreadcrumbList\",\"@id\":\"https:\/\/kapitalis.com\/tunisie\/2022\/09\/15\/tunisie-legislatives-pas-dexclusion-dans-le-projet-de-la-loi-electorale-selon-kais-saied\/#breadcrumb\",\"itemListElement\":[{\"@type\":\"ListItem\",\"position\":1,\"name\":\"Accueil\",\"item\":\"https:\/\/kapitalis.com\/tunisie\/\"},{\"@type\":\"ListItem\",\"position\":2,\"name\":\"Tunisie -L\u00e9gislatives : \u00abPas d&rsquo;exclusion dans le projet de la loi \u00e9lectorale\u00bb, selon Ka\u00efs Sa\u00efed\"}]},{\"@type\":\"WebSite\",\"@id\":\"https:\/\/kapitalis.com\/tunisie\/#website\",\"url\":\"https:\/\/kapitalis.com\/tunisie\/\",\"name\":\"Kapitalis\",\"description\":\"L&#039;actualit\u00e9 en Tunisie et dans le monde\",\"publisher\":{\"@id\":\"https:\/\/kapitalis.com\/tunisie\/#organization\"},\"potentialAction\":[{\"@type\":\"SearchAction\",\"target\":{\"@type\":\"EntryPoint\",\"urlTemplate\":\"https:\/\/kapitalis.com\/tunisie\/?s={search_term_string}\"},\"query-input\":{\"@type\":\"PropertyValueSpecification\",\"valueRequired\":true,\"valueName\":\"search_term_string\"}}],\"inLanguage\":\"fr-FR\"},{\"@type\":\"Organization\",\"@id\":\"https:\/\/kapitalis.com\/tunisie\/#organization\",\"name\":\"Kapitalis\",\"url\":\"https:\/\/kapitalis.com\/tunisie\/\",\"logo\":{\"@type\":\"ImageObject\",\"inLanguage\":\"fr-FR\",\"@id\":\"https:\/\/kapitalis.com\/tunisie\/#\/schema\/logo\/image\/\",\"url\":\"https:\/\/kapitalis.com\/tunisie\/wp-content\/uploads\/2022\/05\/Kapitalis-big-size.png\",\"contentUrl\":\"https:\/\/kapitalis.com\/tunisie\/wp-content\/uploads\/2022\/05\/Kapitalis-big-size.png\",\"width\":5000,\"height\":1500,\"caption\":\"Kapitalis\"},\"image\":{\"@id\":\"https:\/\/kapitalis.com\/tunisie\/#\/schema\/logo\/image\/\"},\"sameAs\":[\"https:\/\/www.facebook.com\/KapitalisInfo\/\",\"https:\/\/x.com\/KapitalisInfo\",\"https:\/\/www.youtube.com\/channel\/UC-yDYrHyfFBWWZaOw3FPg9Q\"]},{\"@type\":\"Person\",\"@id\":\"https:\/\/kapitalis.com\/tunisie\/#\/schema\/person\/74bbde0154d49d790a92aaeac5bc01d5\",\"name\":\"Yusra NY\",\"url\":\"https:\/\/kapitalis.com\/tunisie\/author\/yuza_adam\/\"}]}<\/script>\n<!-- \/ Yoast SEO plugin. -->","yoast_head_json":{"title":"Tunisie -L\u00e9gislatives : \u00abPas d'exclusion dans le projet de la loi \u00e9lectorale\u00bb, selon Ka\u00efs Sa\u00efed - Kapitalis","description":"Lors du conseil des ministres organis\u00e9, ce jeudi 15 septembre 2022, le pr\u00e9sident de la R\u00e9publique Ka\u00efs Sa\u00efed a \u00e9voqu\u00e9 le projet de la loi \u00e9lectorale et la convocation des \u00e9lecteurs pour les prochaines l\u00e9gislatives pr\u00e9vues le 17 d\u00e9cembre 2022.","robots":{"index":"index","follow":"follow","max-snippet":"max-snippet:-1","max-image-preview":"max-image-preview:large","max-video-preview":"max-video-preview:-1"},"canonical":"https:\/\/kapitalis.com\/tunisie\/2022\/09\/15\/tunisie-legislatives-pas-dexclusion-dans-le-projet-de-la-loi-electorale-selon-kais-saied\/","og_locale":"fr_FR","og_type":"article","og_title":"Tunisie -L\u00e9gislatives : \u00abPas d'exclusion dans le projet de la loi \u00e9lectorale\u00bb, selon Ka\u00efs Sa\u00efed - Kapitalis","og_description":"Lors du conseil des ministres organis\u00e9, ce jeudi 15 septembre 2022, le pr\u00e9sident de la R\u00e9publique Ka\u00efs Sa\u00efed a \u00e9voqu\u00e9 le projet de la loi \u00e9lectorale et la convocation des \u00e9lecteurs pour les prochaines l\u00e9gislatives pr\u00e9vues le 17 d\u00e9cembre 2022.","og_url":"https:\/\/kapitalis.com\/tunisie\/2022\/09\/15\/tunisie-legislatives-pas-dexclusion-dans-le-projet-de-la-loi-electorale-selon-kais-saied\/","og_site_name":"Kapitalis","article_publisher":"https:\/\/www.facebook.com\/KapitalisInfo\/","article_published_time":"2022-09-15T18:02:29+00:00","article_modified_time":"2022-09-15T18:02:36+00:00","og_image":[{"width":1200,"height":630,"url":"https:\/\/kapitalis.com\/tunisie\/wp-content\/uploads\/2022\/09\/Saied-conseil-ministres.jpg","type":"image\/jpeg"}],"author":"Yusra NY","twitter_card":"summary_large_image","twitter_creator":"@KapitalisInfo","twitter_site":"@KapitalisInfo","twitter_misc":{"\u00c9crit par":"Yusra NY","Dur\u00e9e de lecture estim\u00e9e":"2 minutes"},"schema":{"@context":"https:\/\/schema.org","@graph":[{"@type":"Article","@id":"https:\/\/kapitalis.com\/tunisie\/2022\/09\/15\/tunisie-legislatives-pas-dexclusion-dans-le-projet-de-la-loi-electorale-selon-kais-saied\/#article","isPartOf":{"@id":"https:\/\/kapitalis.com\/tunisie\/2022\/09\/15\/tunisie-legislatives-pas-dexclusion-dans-le-projet-de-la-loi-electorale-selon-kais-saied\/"},"author":{"name":"Yusra NY","@id":"https:\/\/kapitalis.com\/tunisie\/#\/schema\/person\/74bbde0154d49d790a92aaeac5bc01d5"},"headline":"Tunisie -L\u00e9gislatives : \u00abPas d&rsquo;exclusion dans le projet de la loi \u00e9lectorale\u00bb, selon Ka\u00efs Sa\u00efed","datePublished":"2022-09-15T18:02:29+00:00","dateModified":"2022-09-15T18:02:36+00:00","mainEntityOfPage":{"@id":"https:\/\/kapitalis.com\/tunisie\/2022\/09\/15\/tunisie-legislatives-pas-dexclusion-dans-le-projet-de-la-loi-electorale-selon-kais-saied\/"},"wordCount":327,"commentCount":2,"publisher":{"@id":"https:\/\/kapitalis.com\/tunisie\/#organization"},"image":{"@id":"https:\/\/kapitalis.com\/tunisie\/2022\/09\/15\/tunisie-legislatives-pas-dexclusion-dans-le-projet-de-la-loi-electorale-selon-kais-saied\/#primaryimage"},"thumbnailUrl":"https:\/\/kapitalis.com\/tunisie\/wp-content\/uploads\/2022\/09\/Saied-conseil-ministres.jpg","keywords":["17 d\u00e9cembre 2022","Ka\u00efs Sa\u00efed","l\u00e9gislatives","loi \u00e9lectorale","Tunisie"],"articleSection":["POLITIQUE","Tunisie"],"inLanguage":"fr-FR","potentialAction":[{"@type":"CommentAction","name":"Comment","target":["https:\/\/kapitalis.com\/tunisie\/2022\/09\/15\/tunisie-legislatives-pas-dexclusion-dans-le-projet-de-la-loi-electorale-selon-kais-saied\/#respond"]}]},{"@type":"WebPage","@id":"https:\/\/kapitalis.com\/tunisie\/2022\/09\/15\/tunisie-legislatives-pas-dexclusion-dans-le-projet-de-la-loi-electorale-selon-kais-saied\/","url":"https:\/\/kapitalis.com\/tunisie\/2022\/09\/15\/tunisie-legislatives-pas-dexclusion-dans-le-projet-de-la-loi-electorale-selon-kais-saied\/","name":"Tunisie -L\u00e9gislatives : \u00abPas d'exclusion dans le projet de la loi \u00e9lectorale\u00bb, selon Ka\u00efs Sa\u00efed - Kapitalis","isPartOf":{"@id":"https:\/\/kapitalis.com\/tunisie\/#website"},"primaryImageOfPage":{"@id":"https:\/\/kapitalis.com\/tunisie\/2022\/09\/15\/tunisie-legislatives-pas-dexclusion-dans-le-projet-de-la-loi-electorale-selon-kais-saied\/#primaryimage"},"image":{"@id":"https:\/\/kapitalis.com\/tunisie\/2022\/09\/15\/tunisie-legislatives-pas-dexclusion-dans-le-projet-de-la-loi-electorale-selon-kais-saied\/#primaryimage"},"thumbnailUrl":"https:\/\/kapitalis.com\/tunisie\/wp-content\/uploads\/2022\/09\/Saied-conseil-ministres.jpg","datePublished":"2022-09-15T18:02:29+00:00","dateModified":"2022-09-15T18:02:36+00:00","description":"Lors du conseil des ministres organis\u00e9, ce jeudi 15 septembre 2022, le pr\u00e9sident de la R\u00e9publique Ka\u00efs Sa\u00efed a \u00e9voqu\u00e9 le projet de la loi \u00e9lectorale et la convocation des \u00e9lecteurs pour les prochaines l\u00e9gislatives pr\u00e9vues le 17 d\u00e9cembre 2022.","breadcrumb":{"@id":"https:\/\/kapitalis.com\/tunisie\/2022\/09\/15\/tunisie-legislatives-pas-dexclusion-dans-le-projet-de-la-loi-electorale-selon-kais-saied\/#breadcrumb"},"inLanguage":"fr-FR","potentialAction":[{"@type":"ReadAction","target":["https:\/\/kapitalis.com\/tunisie\/2022\/09\/15\/tunisie-legislatives-pas-dexclusion-dans-le-projet-de-la-loi-electorale-selon-kais-saied\/"]}]},{"@type":"ImageObject","inLanguage":"fr-FR","@id":"https:\/\/kapitalis.com\/tunisie\/2022\/09\/15\/tunisie-legislatives-pas-dexclusion-dans-le-projet-de-la-loi-electorale-selon-kais-saied\/#primaryimage","url":"https:\/\/kapitalis.com\/tunisie\/wp-content\/uploads\/2022\/09\/Saied-conseil-ministres.jpg","contentUrl":"https:\/\/kapitalis.com\/tunisie\/wp-content\/uploads\/2022\/09\/Saied-conseil-ministres.jpg","width":1200,"height":630},{"@type":"BreadcrumbList","@id":"https:\/\/kapitalis.com\/tunisie\/2022\/09\/15\/tunisie-legislatives-pas-dexclusion-dans-le-projet-de-la-loi-electorale-selon-kais-saied\/#breadcrumb","itemListElement":[{"@type":"ListItem","position":1,"name":"Accueil","item":"https:\/\/kapitalis.com\/tunisie\/"},{"@type":"ListItem","position":2,"name":"Tunisie -L\u00e9gislatives : \u00abPas d&rsquo;exclusion dans le projet de la loi \u00e9lectorale\u00bb, selon Ka\u00efs Sa\u00efed"}]},{"@type":"WebSite","@id":"https:\/\/kapitalis.com\/tunisie\/#website","url":"https:\/\/kapitalis.com\/tunisie\/","name":"Kapitalis","description":"L&#039;actualit\u00e9 en Tunisie et dans le monde","publisher":{"@id":"https:\/\/kapitalis.com\/tunisie\/#organization"},"potentialAction":[{"@type":"SearchAction","target":{"@type":"EntryPoint","urlTemplate":"https:\/\/kapitalis.com\/tunisie\/?s={search_term_string}"},"query-input":{"@type":"PropertyValueSpecification","valueRequired":true,"valueName":"search_term_string"}}],"inLanguage":"fr-FR"},{"@type":"Organization","@id":"https:\/\/kapitalis.com\/tunisie\/#organization","name":"Kapitalis","url":"https:\/\/kapitalis.com\/tunisie\/","logo":{"@type":"ImageObject","inLanguage":"fr-FR","@id":"https:\/\/kapitalis.com\/tunisie\/#\/schema\/logo\/image\/","url":"https:\/\/kapitalis.com\/tunisie\/wp-content\/uploads\/2022\/05\/Kapitalis-big-size.png","contentUrl":"https:\/\/kapitalis.com\/tunisie\/wp-content\/uploads\/2022\/05\/Kapitalis-big-size.png","width":5000,"height":1500,"caption":"Kapitalis"},"image":{"@id":"https:\/\/kapitalis.com\/tunisie\/#\/schema\/logo\/image\/"},"sameAs":["https:\/\/www.facebook.com\/KapitalisInfo\/","https:\/\/x.com\/KapitalisInfo","https:\/\/www.youtube.com\/channel\/UC-yDYrHyfFBWWZaOw3FPg9Q"]},{"@type":"Person","@id":"https:\/\/kapitalis.com\/tunisie\/#\/schema\/person\/74bbde0154d49d790a92aaeac5bc01d5","name":"Yusra NY","url":"https:\/\/kapitalis.com\/tunisie\/author\/yuza_adam\/"}]}},"_links":{"self":[{"href":"https:\/\/kapitalis.com\/tunisie\/wp-json\/wp\/v2\/posts\/4093817","targetHints":{"allow":["GET"]}}],"collection":[{"href":"https:\/\/kapitalis.com\/tunisie\/wp-json\/wp\/v2\/posts"}],"about":[{"href":"https:\/\/kapitalis.com\/tunisie\/wp-json\/wp\/v2\/types\/post"}],"author":[{"embeddable":true,"href":"https:\/\/kapitalis.com\/tunisie\/wp-json\/wp\/v2\/users\/6"}],"replies":[{"embeddable":true,"href":"https:\/\/kapitalis.com\/tunisie\/wp-json\/wp\/v2\/comments?post=4093817"}],"version-history":[{"count":0,"href":"https:\/\/kapitalis.com\/tunisie\/wp-json\/wp\/v2\/posts\/4093817\/revisions"}],"wp:featuredmedia":[{"embeddable":true,"href":"https:\/\/kapitalis.com\/tunisie\/wp-json\/wp\/v2\/media\/4094039"}],"wp:attachment":[{"href":"https:\/\/kapitalis.com\/tunisie\/wp-json\/wp\/v2\/media?parent=4093817"}],"wp:term":[{"taxonomy":"category","embeddable":true,"href":"https:\/\/kapitalis.com\/tunisie\/wp-json\/wp\/v2\/categories?post=4093817"},{"taxonomy":"post_tag","embeddable":true,"href":"https:\/\/kapitalis.com\/tunisie\/wp-json\/wp\/v2\/tags?post=4093817"}],"curies":[{"name":"wp","href":"https:\/\/api.w.org\/{rel}","templated":true}]}}