{"id":41003,"date":"2016-02-24T12:05:12","date_gmt":"2016-02-24T11:05:12","guid":{"rendered":"http:\/\/kapitalis.com\/tunisie\/?p=41003"},"modified":"2016-02-24T12:05:12","modified_gmt":"2016-02-24T11:05:12","slug":"sabratha-affrontements-sanglants-entre-daech-et-fajr-libya","status":"publish","type":"post","link":"https:\/\/kapitalis.com\/tunisie\/2016\/02\/24\/sabratha-affrontements-sanglants-entre-daech-et-fajr-libya\/","title":{"rendered":"Sabratha : Affrontements sanglants entre Daech et Fajr Libya"},"content":{"rendered":"<p><img loading=\"lazy\" decoding=\"async\" class=\"alignnone size-full wp-image-41004 aligncenter\" src=\"http:\/\/kapitalis.com\/tunisie\/wp-content\/uploads\/2016\/02\/Morts-Daech-Sabratha.jpg\" alt=\"Morts-Daech-Sabratha\" width=\"626\" height=\"380\" \/><\/p>\n<p><em><strong>Il y a eu plusieurs morts dans les affrontements d\u00e9clench\u00e9s, hier soir, dans \u00e0 Sabratha, entre les forces du conseil militaire de la ville et l\u2019organisation terroriste Daech.<\/strong> <\/em><\/p>\n<p><!--more--><\/p>\n<p>Selon plusieurs sources libyennes, dont des m\u00e9dias et Hassen Dhaouadi, maire de cette ville libyenne situ\u00e9e \u00e0 une centaine de kilom\u00e8tres des fronti\u00e8res tunisienne, les affrontements survenus dans la nuit du mardi \u00e0 mercredi 24 f\u00e9vrier 2016, ont fait plusieurs morts dans les 2 camps, notamment 7 agents \u00e9gorg\u00e9s dans le district de s\u00e9curit\u00e9.<\/p>\n<p>Apr\u00e8s une nuit tr\u00e8s agit\u00e9e dans plusieurs quartiers au sud de la ville, un calme pr\u00e9caire r\u00e8gne, aujourd\u2019hui, depuis l\u2019aube, alors que les unit\u00e9s du conseil militaire de la ville, relevant des milices islamistes de Fajr Libya, contr\u00f4lant Tripoli et tout l\u2019ouest libyen, tentent d\u2019isoler les groupes affili\u00e9s \u00e0 l\u2019organisation terroriste de l\u2019Etat islamique (Da\u00each) pour reprendre le contr\u00f4le de cette ville o\u00f9 l\u2019aviation am\u00e9ricaine a effectu\u00e9 un raid a\u00e9rien, vendredi dernier, qui a fait une quarantaine de morts, en majorit\u00e9 des jihadistes tunisiens.<\/p>\n<p style=\"text-align: right;\"><strong>Z. A.<\/strong><\/p>\n","protected":false},"excerpt":{"rendered":"<p>Il y a eu plusieurs morts dans les affrontements d\u00e9clench\u00e9s, hier soir, dans \u00e0 Sabratha, entre les forces du conseil militaire de la ville et l\u2019organisation terroriste Daech.<\/p>\n","protected":false},"author":8,"featured_media":41004,"comment_status":"open","ping_status":"open","sticky":false,"template":"","format":"standard","meta":{"footnotes":""},"categories":[998,2433],"tags":[36,370,609,3995,2777],"class_list":["post-41003","post","type-post","status-publish","format-standard","has-post-thumbnail","hentry","category-societe","category-tunisie","tag-affrontements","tag-fajr-libya","tag-milices-islamistes","tag-organisation-terroriste","tag-sabratha"],"yoast_head":"<!-- This site is optimized with the Yoast SEO plugin v26.6 - https:\/\/yoast.com\/wordpress\/plugins\/seo\/ -->\n<title>Sabratha : Affrontements sanglants entre Daech et Fajr Libya - Kapitalis<\/title>\n<meta name=\"robots\" content=\"index, follow, max-snippet:-1, max-image-preview:large, max-video-preview:-1\" \/>\n<link rel=\"canonical\" href=\"https:\/\/kapitalis.com\/tunisie\/2016\/02\/24\/sabratha-affrontements-sanglants-entre-daech-et-fajr-libya\/\" \/>\n<meta property=\"og:locale\" content=\"fr_FR\" \/>\n<meta property=\"og:type\" content=\"article\" \/>\n<meta property=\"og:title\" content=\"Sabratha : Affrontements sanglants entre Daech et Fajr Libya - Kapitalis\" \/>\n<meta property=\"og:description\" content=\"Il y a eu plusieurs morts dans les affrontements d\u00e9clench\u00e9s, hier soir, dans \u00e0 Sabratha, entre les forces du conseil militaire de la ville et l\u2019organisation terroriste Daech.\" \/>\n<meta property=\"og:url\" content=\"https:\/\/kapitalis.com\/tunisie\/2016\/02\/24\/sabratha-affrontements-sanglants-entre-daech-et-fajr-libya\/\" \/>\n<meta property=\"og:site_name\" content=\"Kapitalis\" \/>\n<meta property=\"article:publisher\" content=\"https:\/\/www.facebook.com\/KapitalisInfo\/\" \/>\n<meta property=\"article:published_time\" content=\"2016-02-24T11:05:12+00:00\" \/>\n<meta property=\"og:image\" content=\"https:\/\/kapitalis.com\/tunisie\/wp-content\/uploads\/2022\/05\/kapitalis-logo-fb.png\" \/>\n\t<meta property=\"og:image:width\" content=\"1200\" \/>\n\t<meta property=\"og:image:height\" content=\"630\" \/>\n\t<meta property=\"og:image:type\" content=\"image\/png\" \/>\n<meta name=\"author\" content=\"webmaster kapitalis\" \/>\n<meta name=\"twitter:card\" content=\"summary_large_image\" \/>\n<meta name=\"twitter:creator\" content=\"@KapitalisInfo\" \/>\n<meta name=\"twitter:site\" content=\"@KapitalisInfo\" \/>\n<meta name=\"twitter:label1\" content=\"\u00c9crit par\" \/>\n\t<meta name=\"twitter:data1\" content=\"webmaster kapitalis\" \/>\n\t<meta name=\"twitter:label2\" content=\"Dur\u00e9e de lecture estim\u00e9e\" \/>\n\t<meta name=\"twitter:data2\" content=\"1 minute\" \/>\n<script type=\"application\/ld+json\" class=\"yoast-schema-graph\">{\"@context\":\"https:\/\/schema.org\",\"@graph\":[{\"@type\":\"Article\",\"@id\":\"https:\/\/kapitalis.com\/tunisie\/2016\/02\/24\/sabratha-affrontements-sanglants-entre-daech-et-fajr-libya\/#article\",\"isPartOf\":{\"@id\":\"https:\/\/kapitalis.com\/tunisie\/2016\/02\/24\/sabratha-affrontements-sanglants-entre-daech-et-fajr-libya\/\"},\"author\":{\"name\":\"webmaster kapitalis\",\"@id\":\"https:\/\/kapitalis.com\/tunisie\/#\/schema\/person\/d71f33a9ca44f7bad4698210b480c8e9\"},\"headline\":\"Sabratha : Affrontements sanglants entre Daech et Fajr Libya\",\"datePublished\":\"2016-02-24T11:05:12+00:00\",\"mainEntityOfPage\":{\"@id\":\"https:\/\/kapitalis.com\/tunisie\/2016\/02\/24\/sabratha-affrontements-sanglants-entre-daech-et-fajr-libya\/\"},\"wordCount\":197,\"commentCount\":4,\"publisher\":{\"@id\":\"https:\/\/kapitalis.com\/tunisie\/#organization\"},\"image\":{\"@id\":\"https:\/\/kapitalis.com\/tunisie\/2016\/02\/24\/sabratha-affrontements-sanglants-entre-daech-et-fajr-libya\/#primaryimage\"},\"thumbnailUrl\":\"\",\"keywords\":[\"affrontements\",\"Fajr Libya\",\"milices islamistes\",\"organisation terroriste\",\"Sabratha\"],\"articleSection\":[\"SOCIETE\",\"Tunisie\"],\"inLanguage\":\"fr-FR\",\"potentialAction\":[{\"@type\":\"CommentAction\",\"name\":\"Comment\",\"target\":[\"https:\/\/kapitalis.com\/tunisie\/2016\/02\/24\/sabratha-affrontements-sanglants-entre-daech-et-fajr-libya\/#respond\"]}]},{\"@type\":\"WebPage\",\"@id\":\"https:\/\/kapitalis.com\/tunisie\/2016\/02\/24\/sabratha-affrontements-sanglants-entre-daech-et-fajr-libya\/\",\"url\":\"https:\/\/kapitalis.com\/tunisie\/2016\/02\/24\/sabratha-affrontements-sanglants-entre-daech-et-fajr-libya\/\",\"name\":\"Sabratha : Affrontements sanglants entre Daech et Fajr Libya - Kapitalis\",\"isPartOf\":{\"@id\":\"https:\/\/kapitalis.com\/tunisie\/#website\"},\"primaryImageOfPage\":{\"@id\":\"https:\/\/kapitalis.com\/tunisie\/2016\/02\/24\/sabratha-affrontements-sanglants-entre-daech-et-fajr-libya\/#primaryimage\"},\"image\":{\"@id\":\"https:\/\/kapitalis.com\/tunisie\/2016\/02\/24\/sabratha-affrontements-sanglants-entre-daech-et-fajr-libya\/#primaryimage\"},\"thumbnailUrl\":\"\",\"datePublished\":\"2016-02-24T11:05:12+00:00\",\"breadcrumb\":{\"@id\":\"https:\/\/kapitalis.com\/tunisie\/2016\/02\/24\/sabratha-affrontements-sanglants-entre-daech-et-fajr-libya\/#breadcrumb\"},\"inLanguage\":\"fr-FR\",\"potentialAction\":[{\"@type\":\"ReadAction\",\"target\":[\"https:\/\/kapitalis.com\/tunisie\/2016\/02\/24\/sabratha-affrontements-sanglants-entre-daech-et-fajr-libya\/\"]}]},{\"@type\":\"ImageObject\",\"inLanguage\":\"fr-FR\",\"@id\":\"https:\/\/kapitalis.com\/tunisie\/2016\/02\/24\/sabratha-affrontements-sanglants-entre-daech-et-fajr-libya\/#primaryimage\",\"url\":\"\",\"contentUrl\":\"\"},{\"@type\":\"BreadcrumbList\",\"@id\":\"https:\/\/kapitalis.com\/tunisie\/2016\/02\/24\/sabratha-affrontements-sanglants-entre-daech-et-fajr-libya\/#breadcrumb\",\"itemListElement\":[{\"@type\":\"ListItem\",\"position\":1,\"name\":\"Accueil\",\"item\":\"https:\/\/kapitalis.com\/tunisie\/\"},{\"@type\":\"ListItem\",\"position\":2,\"name\":\"Sabratha : Affrontements sanglants entre Daech et Fajr Libya\"}]},{\"@type\":\"WebSite\",\"@id\":\"https:\/\/kapitalis.com\/tunisie\/#website\",\"url\":\"https:\/\/kapitalis.com\/tunisie\/\",\"name\":\"Kapitalis\",\"description\":\"L&#039;actualit\u00e9 en Tunisie et dans le monde\",\"publisher\":{\"@id\":\"https:\/\/kapitalis.com\/tunisie\/#organization\"},\"potentialAction\":[{\"@type\":\"SearchAction\",\"target\":{\"@type\":\"EntryPoint\",\"urlTemplate\":\"https:\/\/kapitalis.com\/tunisie\/?s={search_term_string}\"},\"query-input\":{\"@type\":\"PropertyValueSpecification\",\"valueRequired\":true,\"valueName\":\"search_term_string\"}}],\"inLanguage\":\"fr-FR\"},{\"@type\":\"Organization\",\"@id\":\"https:\/\/kapitalis.com\/tunisie\/#organization\",\"name\":\"Kapitalis\",\"url\":\"https:\/\/kapitalis.com\/tunisie\/\",\"logo\":{\"@type\":\"ImageObject\",\"inLanguage\":\"fr-FR\",\"@id\":\"https:\/\/kapitalis.com\/tunisie\/#\/schema\/logo\/image\/\",\"url\":\"https:\/\/kapitalis.com\/tunisie\/wp-content\/uploads\/2022\/05\/Kapitalis-big-size.png\",\"contentUrl\":\"https:\/\/kapitalis.com\/tunisie\/wp-content\/uploads\/2022\/05\/Kapitalis-big-size.png\",\"width\":5000,\"height\":1500,\"caption\":\"Kapitalis\"},\"image\":{\"@id\":\"https:\/\/kapitalis.com\/tunisie\/#\/schema\/logo\/image\/\"},\"sameAs\":[\"https:\/\/www.facebook.com\/KapitalisInfo\/\",\"https:\/\/x.com\/KapitalisInfo\",\"https:\/\/www.youtube.com\/channel\/UC-yDYrHyfFBWWZaOw3FPg9Q\"]},{\"@type\":\"Person\",\"@id\":\"https:\/\/kapitalis.com\/tunisie\/#\/schema\/person\/d71f33a9ca44f7bad4698210b480c8e9\",\"name\":\"webmaster kapitalis\",\"url\":\"https:\/\/kapitalis.com\/tunisie\/author\/webmaster-kapitalis\/\"}]}<\/script>\n<!-- \/ Yoast SEO plugin. -->","yoast_head_json":{"title":"Sabratha : Affrontements sanglants entre Daech et Fajr Libya - Kapitalis","robots":{"index":"index","follow":"follow","max-snippet":"max-snippet:-1","max-image-preview":"max-image-preview:large","max-video-preview":"max-video-preview:-1"},"canonical":"https:\/\/kapitalis.com\/tunisie\/2016\/02\/24\/sabratha-affrontements-sanglants-entre-daech-et-fajr-libya\/","og_locale":"fr_FR","og_type":"article","og_title":"Sabratha : Affrontements sanglants entre Daech et Fajr Libya - Kapitalis","og_description":"Il y a eu plusieurs morts dans les affrontements d\u00e9clench\u00e9s, hier soir, dans \u00e0 Sabratha, entre les forces du conseil militaire de la ville et l\u2019organisation terroriste Daech.","og_url":"https:\/\/kapitalis.com\/tunisie\/2016\/02\/24\/sabratha-affrontements-sanglants-entre-daech-et-fajr-libya\/","og_site_name":"Kapitalis","article_publisher":"https:\/\/www.facebook.com\/KapitalisInfo\/","article_published_time":"2016-02-24T11:05:12+00:00","og_image":[{"width":1200,"height":630,"url":"https:\/\/kapitalis.com\/tunisie\/wp-content\/uploads\/2022\/05\/kapitalis-logo-fb.png","type":"image\/png"}],"author":"webmaster kapitalis","twitter_card":"summary_large_image","twitter_creator":"@KapitalisInfo","twitter_site":"@KapitalisInfo","twitter_misc":{"\u00c9crit par":"webmaster kapitalis","Dur\u00e9e de lecture estim\u00e9e":"1 minute"},"schema":{"@context":"https:\/\/schema.org","@graph":[{"@type":"Article","@id":"https:\/\/kapitalis.com\/tunisie\/2016\/02\/24\/sabratha-affrontements-sanglants-entre-daech-et-fajr-libya\/#article","isPartOf":{"@id":"https:\/\/kapitalis.com\/tunisie\/2016\/02\/24\/sabratha-affrontements-sanglants-entre-daech-et-fajr-libya\/"},"author":{"name":"webmaster kapitalis","@id":"https:\/\/kapitalis.com\/tunisie\/#\/schema\/person\/d71f33a9ca44f7bad4698210b480c8e9"},"headline":"Sabratha : Affrontements sanglants entre Daech et Fajr Libya","datePublished":"2016-02-24T11:05:12+00:00","mainEntityOfPage":{"@id":"https:\/\/kapitalis.com\/tunisie\/2016\/02\/24\/sabratha-affrontements-sanglants-entre-daech-et-fajr-libya\/"},"wordCount":197,"commentCount":4,"publisher":{"@id":"https:\/\/kapitalis.com\/tunisie\/#organization"},"image":{"@id":"https:\/\/kapitalis.com\/tunisie\/2016\/02\/24\/sabratha-affrontements-sanglants-entre-daech-et-fajr-libya\/#primaryimage"},"thumbnailUrl":"","keywords":["affrontements","Fajr Libya","milices islamistes","organisation terroriste","Sabratha"],"articleSection":["SOCIETE","Tunisie"],"inLanguage":"fr-FR","potentialAction":[{"@type":"CommentAction","name":"Comment","target":["https:\/\/kapitalis.com\/tunisie\/2016\/02\/24\/sabratha-affrontements-sanglants-entre-daech-et-fajr-libya\/#respond"]}]},{"@type":"WebPage","@id":"https:\/\/kapitalis.com\/tunisie\/2016\/02\/24\/sabratha-affrontements-sanglants-entre-daech-et-fajr-libya\/","url":"https:\/\/kapitalis.com\/tunisie\/2016\/02\/24\/sabratha-affrontements-sanglants-entre-daech-et-fajr-libya\/","name":"Sabratha : Affrontements sanglants entre Daech et Fajr Libya - Kapitalis","isPartOf":{"@id":"https:\/\/kapitalis.com\/tunisie\/#website"},"primaryImageOfPage":{"@id":"https:\/\/kapitalis.com\/tunisie\/2016\/02\/24\/sabratha-affrontements-sanglants-entre-daech-et-fajr-libya\/#primaryimage"},"image":{"@id":"https:\/\/kapitalis.com\/tunisie\/2016\/02\/24\/sabratha-affrontements-sanglants-entre-daech-et-fajr-libya\/#primaryimage"},"thumbnailUrl":"","datePublished":"2016-02-24T11:05:12+00:00","breadcrumb":{"@id":"https:\/\/kapitalis.com\/tunisie\/2016\/02\/24\/sabratha-affrontements-sanglants-entre-daech-et-fajr-libya\/#breadcrumb"},"inLanguage":"fr-FR","potentialAction":[{"@type":"ReadAction","target":["https:\/\/kapitalis.com\/tunisie\/2016\/02\/24\/sabratha-affrontements-sanglants-entre-daech-et-fajr-libya\/"]}]},{"@type":"ImageObject","inLanguage":"fr-FR","@id":"https:\/\/kapitalis.com\/tunisie\/2016\/02\/24\/sabratha-affrontements-sanglants-entre-daech-et-fajr-libya\/#primaryimage","url":"","contentUrl":""},{"@type":"BreadcrumbList","@id":"https:\/\/kapitalis.com\/tunisie\/2016\/02\/24\/sabratha-affrontements-sanglants-entre-daech-et-fajr-libya\/#breadcrumb","itemListElement":[{"@type":"ListItem","position":1,"name":"Accueil","item":"https:\/\/kapitalis.com\/tunisie\/"},{"@type":"ListItem","position":2,"name":"Sabratha : Affrontements sanglants entre Daech et Fajr Libya"}]},{"@type":"WebSite","@id":"https:\/\/kapitalis.com\/tunisie\/#website","url":"https:\/\/kapitalis.com\/tunisie\/","name":"Kapitalis","description":"L&#039;actualit\u00e9 en Tunisie et dans le monde","publisher":{"@id":"https:\/\/kapitalis.com\/tunisie\/#organization"},"potentialAction":[{"@type":"SearchAction","target":{"@type":"EntryPoint","urlTemplate":"https:\/\/kapitalis.com\/tunisie\/?s={search_term_string}"},"query-input":{"@type":"PropertyValueSpecification","valueRequired":true,"valueName":"search_term_string"}}],"inLanguage":"fr-FR"},{"@type":"Organization","@id":"https:\/\/kapitalis.com\/tunisie\/#organization","name":"Kapitalis","url":"https:\/\/kapitalis.com\/tunisie\/","logo":{"@type":"ImageObject","inLanguage":"fr-FR","@id":"https:\/\/kapitalis.com\/tunisie\/#\/schema\/logo\/image\/","url":"https:\/\/kapitalis.com\/tunisie\/wp-content\/uploads\/2022\/05\/Kapitalis-big-size.png","contentUrl":"https:\/\/kapitalis.com\/tunisie\/wp-content\/uploads\/2022\/05\/Kapitalis-big-size.png","width":5000,"height":1500,"caption":"Kapitalis"},"image":{"@id":"https:\/\/kapitalis.com\/tunisie\/#\/schema\/logo\/image\/"},"sameAs":["https:\/\/www.facebook.com\/KapitalisInfo\/","https:\/\/x.com\/KapitalisInfo","https:\/\/www.youtube.com\/channel\/UC-yDYrHyfFBWWZaOw3FPg9Q"]},{"@type":"Person","@id":"https:\/\/kapitalis.com\/tunisie\/#\/schema\/person\/d71f33a9ca44f7bad4698210b480c8e9","name":"webmaster kapitalis","url":"https:\/\/kapitalis.com\/tunisie\/author\/webmaster-kapitalis\/"}]}},"_links":{"self":[{"href":"https:\/\/kapitalis.com\/tunisie\/wp-json\/wp\/v2\/posts\/41003","targetHints":{"allow":["GET"]}}],"collection":[{"href":"https:\/\/kapitalis.com\/tunisie\/wp-json\/wp\/v2\/posts"}],"about":[{"href":"https:\/\/kapitalis.com\/tunisie\/wp-json\/wp\/v2\/types\/post"}],"author":[{"embeddable":true,"href":"https:\/\/kapitalis.com\/tunisie\/wp-json\/wp\/v2\/users\/8"}],"replies":[{"embeddable":true,"href":"https:\/\/kapitalis.com\/tunisie\/wp-json\/wp\/v2\/comments?post=41003"}],"version-history":[{"count":0,"href":"https:\/\/kapitalis.com\/tunisie\/wp-json\/wp\/v2\/posts\/41003\/revisions"}],"wp:featuredmedia":[{"embeddable":true,"href":"https:\/\/kapitalis.com\/tunisie\/wp-json\/wp\/v2\/media\/41004"}],"wp:attachment":[{"href":"https:\/\/kapitalis.com\/tunisie\/wp-json\/wp\/v2\/media?parent=41003"}],"wp:term":[{"taxonomy":"category","embeddable":true,"href":"https:\/\/kapitalis.com\/tunisie\/wp-json\/wp\/v2\/categories?post=41003"},{"taxonomy":"post_tag","embeddable":true,"href":"https:\/\/kapitalis.com\/tunisie\/wp-json\/wp\/v2\/tags?post=41003"}],"curies":[{"name":"wp","href":"https:\/\/api.w.org\/{rel}","templated":true}]}}