{"id":4105050,"date":"2022-09-16T08:45:10","date_gmt":"2022-09-16T07:45:10","guid":{"rendered":"https:\/\/kapitalis.com\/tunisie\/?p=4105050"},"modified":"2022-09-16T08:45:11","modified_gmt":"2022-09-16T07:45:11","slug":"tunisie-kairouan-et-mahdia-veulent-developper-des-services-velo","status":"publish","type":"post","link":"https:\/\/kapitalis.com\/tunisie\/2022\/09\/16\/tunisie-kairouan-et-mahdia-veulent-developper-des-services-velo\/","title":{"rendered":"Tunisie\u00a0: Kairouan et Mahdia veulent d\u00e9velopper des \u00abservices v\u00e9lo\u00bb"},"content":{"rendered":"\n<p><strong><em>La municipalit\u00e9 de Kairouan a lanc\u00e9 un appel \u00e0 projets pour encourager la mise en place de \u00abservices v\u00e9lo\u00bb dans les r\u00e9gions de Kairouan et Mahdia (centre et centre-est de la Tunisie), un mode de transport respectueux de l\u2019environnement.<\/em><\/strong><\/p>\n\n\n\n<!--more-->\n\n\n\n<p>Cet appel destin\u00e9 aux associations tunisiennes s\u2019inscrit dans le cadre du projet <em>Autrement<\/em> pour la coop\u00e9ration entre la Ville et Eurom\u00e9tropole de Strasbourg, les municipalit\u00e9s de Kairouan et Mahdia en Tunisie, l\u2019Association europ\u00e9enne pour la d\u00e9mocratie locale (Alda), l\u2019Association Coop\u00e9ration pour le d\u00e9veloppement et l\u2019am\u00e9lioration des transports urbains et p\u00e9riurbains (Codatu) et le Centre d\u2019\u00e9tudes et d\u2019expertise sur les risques, l\u2019environnement, la mobilit\u00e9 et l\u2019am\u00e9nagement (Cerema).<\/p>\n\n\n\n<p>L\u2019objectif de cette initiative est de faire participer les associations \u00e0 la cr\u00e9ation de services favorisant la pratique du v\u00e9lo pour des d\u00e9placements respectueux de l\u2019environnement, lancer des services autour du v\u00e9lo, participer \u00e0 faciliter l\u2019usage du v\u00e9lo pour les femmes et les jeunes de Kairouan et Mahdia, a-t-on indiqu\u00e9 sur la page officielle du projet <em>Autrement<\/em>.<\/p>\n\n\n\n<p>Les associations de la soci\u00e9t\u00e9 civile pourraient candidater en proposant et en imaginant des services de location, de r\u00e9paration ou encore d\u2019organisation de sorties v\u00e9los, des visites touristiques, des conf\u00e9rences, des d\u00e9bats\u2026<\/p>\n\n\n\n<figure class=\"wp-block-embed is-type-wp-embed is-provider-kapitalis wp-block-embed-kapitalis\"><div class=\"wp-block-embed__wrapper\">\n<blockquote class=\"wp-embedded-content\" data-secret=\"5GEDoeiiKr\"><a href=\"https:\/\/kapitalis.com\/tunisie\/2022\/04\/19\/velorution-organise-la-premiere-foire-aux-velos-en-tunisie-en-partenariat-avec-la-commune-de-lariana\/\">V\u00e9lorution organise la premi\u00e8re foire aux v\u00e9los en Tunisie, en partenariat avec la commune de l&rsquo;Ariana<\/a><\/blockquote><iframe loading=\"lazy\" class=\"wp-embedded-content\" sandbox=\"allow-scripts\" security=\"restricted\" style=\"position: absolute; clip: rect(1px, 1px, 1px, 1px);\" title=\"\u00ab\u00a0V\u00e9lorution organise la premi\u00e8re foire aux v\u00e9los en Tunisie, en partenariat avec la commune de l&rsquo;Ariana\u00a0\u00bb &#8212; Kapitalis\" src=\"https:\/\/kapitalis.com\/tunisie\/2022\/04\/19\/velorution-organise-la-premiere-foire-aux-velos-en-tunisie-en-partenariat-avec-la-commune-de-lariana\/embed\/#?secret=mR07Hhp78H#?secret=5GEDoeiiKr\" data-secret=\"5GEDoeiiKr\" width=\"600\" height=\"338\" frameborder=\"0\" marginwidth=\"0\" marginheight=\"0\" scrolling=\"no\"><\/iframe>\n<\/div><\/figure>\n\n\n\n<p>Elles devraient envoyer leurs candidatures avant le 10 octobre 2022 et un atelier d\u2019information et de coaching sera organis\u00e9 les 27 et 28 septembre courant, a-t-on aussi indiqu\u00e9.<\/p>\n\n\n\n<p>En Tunisie, le d\u00e9placement \u00e0 v\u00e9lo est loin d\u2019\u00eatre un mode de transport tr\u00e8s pris\u00e9 par les Tunisiens, bien qu\u2019il soit tr\u00e8s \u00e9cologique et \u00e9conomique. Ceci est du, entre autres, \u00e0 l\u2019absence de pistes cyclables et de parkings \u00e0 v\u00e9lo.<\/p>\n\n\n\n<p>Jusque-l\u00e0, peu d\u2019associations, dont V\u00e9lorution, militent pour promouvoir la mobilit\u00e9 \u00e0 v\u00e9lo comme mode de transport alternatif \u00e0 la voiture en milieu urbain. V\u00e9lorution cherche, ainsi, \u00e0 d\u00e9velopper le v\u00e9lo comme transport citoyen, \u00e9cologique et respectueux de l\u2019espace public.<\/p>\n\n\n\n<p>Ce mode de transport pourrait aussi aider \u00e0 lutter contre la pollution de l\u2019air et \u00e0 cr\u00e9er une alternative \u00e0 la chert\u00e9\u0301 du carburant qui p\u00e8se de plus en plus lourd dans le budget des m\u00e9nages tunisiens.<\/p>\n\n\n\n<p>Une g\u00e9n\u00e9ralisation de ce mode de transport pourrait aider la Tunisie \u00e0 r\u00e9soudre d\u2019\u00e9normes probl\u00e8mes \u00e0 la fois \u00e9conomiques et \u00e9cologiques, estiment des activistes et responsables de V\u00e9lorution.<\/p>\n\n\n\n<p><em><strong>D\u2019apr\u00e8s Tap.<\/strong><\/em><\/p>\n\n\n\n<figure class=\"wp-block-embed is-type-wp-embed is-provider-kapitalis wp-block-embed-kapitalis\"><div class=\"wp-block-embed__wrapper\">\n<blockquote class=\"wp-embedded-content\" data-secret=\"heO54j4Tc1\"><a href=\"https:\/\/kapitalis.com\/tunisie\/2018\/09\/15\/debat-a-tunis-quel-avenir-pour-le-velo-en-tunisie\/\">D\u00e9bat \u00e0 Tunis : Quel avenir pour le v\u00e9lo en Tunisie ?<\/a><\/blockquote><iframe loading=\"lazy\" class=\"wp-embedded-content\" sandbox=\"allow-scripts\" security=\"restricted\" style=\"position: absolute; clip: rect(1px, 1px, 1px, 1px);\" title=\"\u00ab\u00a0D\u00e9bat \u00e0 Tunis : Quel avenir pour le v\u00e9lo en Tunisie ?\u00a0\u00bb &#8212; Kapitalis\" src=\"https:\/\/kapitalis.com\/tunisie\/2018\/09\/15\/debat-a-tunis-quel-avenir-pour-le-velo-en-tunisie\/embed\/#?secret=ac7r1hRsWa#?secret=heO54j4Tc1\" data-secret=\"heO54j4Tc1\" width=\"600\" height=\"338\" frameborder=\"0\" marginwidth=\"0\" marginheight=\"0\" scrolling=\"no\"><\/iframe>\n<\/div><\/figure>\n","protected":false},"excerpt":{"rendered":"<p>Appel \u00e0 projets pour encourager la mise en place de \u00abservices v\u00e9lo\u00bb dans les r\u00e9gions de Kairouan et Mahdia.<\/p>\n","protected":false},"author":8,"featured_media":4105118,"comment_status":"open","ping_status":"open","sticky":false,"template":"","format":"standard","meta":{"footnotes":""},"categories":[995,998],"tags":[102848,102137,98563,335,64557,565,83233,102849,102847,62643,99035],"class_list":["post-4105050","post","type-post","status-publish","format-standard","has-post-thumbnail","hentry","category-economie","category-societe","tag-alda","tag-cerema","tag-codatu","tag-environnement","tag-kairouan","tag-mahdia","tag-mobilite","tag-projet-autrement","tag-services-velo","tag-tunisie","tag-velorution"],"yoast_head":"<!-- This site is optimized with the Yoast SEO plugin v26.6 - https:\/\/yoast.com\/wordpress\/plugins\/seo\/ -->\n<title>Tunisie\u00a0: Kairouan et Mahdia veulent d\u00e9velopper des \u00abservices v\u00e9lo\u00bb - Kapitalis<\/title>\n<meta name=\"robots\" content=\"index, follow, max-snippet:-1, max-image-preview:large, max-video-preview:-1\" \/>\n<link rel=\"canonical\" href=\"https:\/\/kapitalis.com\/tunisie\/2022\/09\/16\/tunisie-kairouan-et-mahdia-veulent-developper-des-services-velo\/\" \/>\n<meta property=\"og:locale\" content=\"fr_FR\" \/>\n<meta property=\"og:type\" content=\"article\" \/>\n<meta property=\"og:title\" content=\"Tunisie\u00a0: Kairouan et Mahdia veulent d\u00e9velopper des \u00abservices v\u00e9lo\u00bb - Kapitalis\" \/>\n<meta property=\"og:description\" content=\"Appel \u00e0 projets pour encourager la mise en place de \u00abservices v\u00e9lo\u00bb dans les r\u00e9gions de Kairouan et Mahdia.\" \/>\n<meta property=\"og:url\" content=\"https:\/\/kapitalis.com\/tunisie\/2022\/09\/16\/tunisie-kairouan-et-mahdia-veulent-developper-des-services-velo\/\" \/>\n<meta property=\"og:site_name\" content=\"Kapitalis\" \/>\n<meta property=\"article:publisher\" content=\"https:\/\/www.facebook.com\/KapitalisInfo\/\" \/>\n<meta property=\"article:published_time\" content=\"2022-09-16T07:45:10+00:00\" \/>\n<meta property=\"article:modified_time\" content=\"2022-09-16T07:45:11+00:00\" \/>\n<meta property=\"og:image\" content=\"https:\/\/kapitalis.com\/tunisie\/wp-content\/uploads\/2022\/09\/Projet-Autrement-Velo.jpg\" \/>\n\t<meta property=\"og:image:width\" content=\"1200\" \/>\n\t<meta property=\"og:image:height\" content=\"630\" \/>\n\t<meta property=\"og:image:type\" content=\"image\/jpeg\" \/>\n<meta name=\"author\" content=\"webmaster kapitalis\" \/>\n<meta name=\"twitter:card\" content=\"summary_large_image\" \/>\n<meta name=\"twitter:creator\" content=\"@KapitalisInfo\" \/>\n<meta name=\"twitter:site\" content=\"@KapitalisInfo\" \/>\n<meta name=\"twitter:label1\" content=\"\u00c9crit par\" \/>\n\t<meta name=\"twitter:data1\" content=\"webmaster kapitalis\" \/>\n\t<meta name=\"twitter:label2\" content=\"Dur\u00e9e de lecture estim\u00e9e\" \/>\n\t<meta name=\"twitter:data2\" content=\"2 minutes\" \/>\n<script type=\"application\/ld+json\" class=\"yoast-schema-graph\">{\"@context\":\"https:\/\/schema.org\",\"@graph\":[{\"@type\":\"Article\",\"@id\":\"https:\/\/kapitalis.com\/tunisie\/2022\/09\/16\/tunisie-kairouan-et-mahdia-veulent-developper-des-services-velo\/#article\",\"isPartOf\":{\"@id\":\"https:\/\/kapitalis.com\/tunisie\/2022\/09\/16\/tunisie-kairouan-et-mahdia-veulent-developper-des-services-velo\/\"},\"author\":{\"name\":\"webmaster kapitalis\",\"@id\":\"https:\/\/kapitalis.com\/tunisie\/#\/schema\/person\/d71f33a9ca44f7bad4698210b480c8e9\"},\"headline\":\"Tunisie\u00a0: Kairouan et Mahdia veulent d\u00e9velopper des \u00abservices v\u00e9lo\u00bb\",\"datePublished\":\"2022-09-16T07:45:10+00:00\",\"dateModified\":\"2022-09-16T07:45:11+00:00\",\"mainEntityOfPage\":{\"@id\":\"https:\/\/kapitalis.com\/tunisie\/2022\/09\/16\/tunisie-kairouan-et-mahdia-veulent-developper-des-services-velo\/\"},\"wordCount\":434,\"commentCount\":3,\"publisher\":{\"@id\":\"https:\/\/kapitalis.com\/tunisie\/#organization\"},\"image\":{\"@id\":\"https:\/\/kapitalis.com\/tunisie\/2022\/09\/16\/tunisie-kairouan-et-mahdia-veulent-developper-des-services-velo\/#primaryimage\"},\"thumbnailUrl\":\"https:\/\/kapitalis.com\/tunisie\/wp-content\/uploads\/2022\/09\/Projet-Autrement-Velo.jpg\",\"keywords\":[\"Alda\",\"Cerema\",\"Codatu\",\"environnement\",\"Kairouan\",\"Mahdia\",\"mobilit\u00e9\",\"projet Autrement\",\"services v\u00e9lo\",\"Tunisie\",\"V\u00e9lorution\"],\"articleSection\":[\"ECONOMIE\",\"SOCIETE\"],\"inLanguage\":\"fr-FR\",\"potentialAction\":[{\"@type\":\"CommentAction\",\"name\":\"Comment\",\"target\":[\"https:\/\/kapitalis.com\/tunisie\/2022\/09\/16\/tunisie-kairouan-et-mahdia-veulent-developper-des-services-velo\/#respond\"]}]},{\"@type\":\"WebPage\",\"@id\":\"https:\/\/kapitalis.com\/tunisie\/2022\/09\/16\/tunisie-kairouan-et-mahdia-veulent-developper-des-services-velo\/\",\"url\":\"https:\/\/kapitalis.com\/tunisie\/2022\/09\/16\/tunisie-kairouan-et-mahdia-veulent-developper-des-services-velo\/\",\"name\":\"Tunisie\u00a0: Kairouan et Mahdia veulent d\u00e9velopper des \u00abservices v\u00e9lo\u00bb - Kapitalis\",\"isPartOf\":{\"@id\":\"https:\/\/kapitalis.com\/tunisie\/#website\"},\"primaryImageOfPage\":{\"@id\":\"https:\/\/kapitalis.com\/tunisie\/2022\/09\/16\/tunisie-kairouan-et-mahdia-veulent-developper-des-services-velo\/#primaryimage\"},\"image\":{\"@id\":\"https:\/\/kapitalis.com\/tunisie\/2022\/09\/16\/tunisie-kairouan-et-mahdia-veulent-developper-des-services-velo\/#primaryimage\"},\"thumbnailUrl\":\"https:\/\/kapitalis.com\/tunisie\/wp-content\/uploads\/2022\/09\/Projet-Autrement-Velo.jpg\",\"datePublished\":\"2022-09-16T07:45:10+00:00\",\"dateModified\":\"2022-09-16T07:45:11+00:00\",\"breadcrumb\":{\"@id\":\"https:\/\/kapitalis.com\/tunisie\/2022\/09\/16\/tunisie-kairouan-et-mahdia-veulent-developper-des-services-velo\/#breadcrumb\"},\"inLanguage\":\"fr-FR\",\"potentialAction\":[{\"@type\":\"ReadAction\",\"target\":[\"https:\/\/kapitalis.com\/tunisie\/2022\/09\/16\/tunisie-kairouan-et-mahdia-veulent-developper-des-services-velo\/\"]}]},{\"@type\":\"ImageObject\",\"inLanguage\":\"fr-FR\",\"@id\":\"https:\/\/kapitalis.com\/tunisie\/2022\/09\/16\/tunisie-kairouan-et-mahdia-veulent-developper-des-services-velo\/#primaryimage\",\"url\":\"https:\/\/kapitalis.com\/tunisie\/wp-content\/uploads\/2022\/09\/Projet-Autrement-Velo.jpg\",\"contentUrl\":\"https:\/\/kapitalis.com\/tunisie\/wp-content\/uploads\/2022\/09\/Projet-Autrement-Velo.jpg\",\"width\":1200,\"height\":630},{\"@type\":\"BreadcrumbList\",\"@id\":\"https:\/\/kapitalis.com\/tunisie\/2022\/09\/16\/tunisie-kairouan-et-mahdia-veulent-developper-des-services-velo\/#breadcrumb\",\"itemListElement\":[{\"@type\":\"ListItem\",\"position\":1,\"name\":\"Accueil\",\"item\":\"https:\/\/kapitalis.com\/tunisie\/\"},{\"@type\":\"ListItem\",\"position\":2,\"name\":\"Tunisie\u00a0: Kairouan et Mahdia veulent d\u00e9velopper des \u00abservices v\u00e9lo\u00bb\"}]},{\"@type\":\"WebSite\",\"@id\":\"https:\/\/kapitalis.com\/tunisie\/#website\",\"url\":\"https:\/\/kapitalis.com\/tunisie\/\",\"name\":\"Kapitalis\",\"description\":\"L&#039;actualit\u00e9 en Tunisie et dans le monde\",\"publisher\":{\"@id\":\"https:\/\/kapitalis.com\/tunisie\/#organization\"},\"potentialAction\":[{\"@type\":\"SearchAction\",\"target\":{\"@type\":\"EntryPoint\",\"urlTemplate\":\"https:\/\/kapitalis.com\/tunisie\/?s={search_term_string}\"},\"query-input\":{\"@type\":\"PropertyValueSpecification\",\"valueRequired\":true,\"valueName\":\"search_term_string\"}}],\"inLanguage\":\"fr-FR\"},{\"@type\":\"Organization\",\"@id\":\"https:\/\/kapitalis.com\/tunisie\/#organization\",\"name\":\"Kapitalis\",\"url\":\"https:\/\/kapitalis.com\/tunisie\/\",\"logo\":{\"@type\":\"ImageObject\",\"inLanguage\":\"fr-FR\",\"@id\":\"https:\/\/kapitalis.com\/tunisie\/#\/schema\/logo\/image\/\",\"url\":\"https:\/\/kapitalis.com\/tunisie\/wp-content\/uploads\/2022\/05\/Kapitalis-big-size.png\",\"contentUrl\":\"https:\/\/kapitalis.com\/tunisie\/wp-content\/uploads\/2022\/05\/Kapitalis-big-size.png\",\"width\":5000,\"height\":1500,\"caption\":\"Kapitalis\"},\"image\":{\"@id\":\"https:\/\/kapitalis.com\/tunisie\/#\/schema\/logo\/image\/\"},\"sameAs\":[\"https:\/\/www.facebook.com\/KapitalisInfo\/\",\"https:\/\/x.com\/KapitalisInfo\",\"https:\/\/www.youtube.com\/channel\/UC-yDYrHyfFBWWZaOw3FPg9Q\"]},{\"@type\":\"Person\",\"@id\":\"https:\/\/kapitalis.com\/tunisie\/#\/schema\/person\/d71f33a9ca44f7bad4698210b480c8e9\",\"name\":\"webmaster kapitalis\",\"url\":\"https:\/\/kapitalis.com\/tunisie\/author\/webmaster-kapitalis\/\"}]}<\/script>\n<!-- \/ Yoast SEO plugin. -->","yoast_head_json":{"title":"Tunisie\u00a0: Kairouan et Mahdia veulent d\u00e9velopper des \u00abservices v\u00e9lo\u00bb - Kapitalis","robots":{"index":"index","follow":"follow","max-snippet":"max-snippet:-1","max-image-preview":"max-image-preview:large","max-video-preview":"max-video-preview:-1"},"canonical":"https:\/\/kapitalis.com\/tunisie\/2022\/09\/16\/tunisie-kairouan-et-mahdia-veulent-developper-des-services-velo\/","og_locale":"fr_FR","og_type":"article","og_title":"Tunisie\u00a0: Kairouan et Mahdia veulent d\u00e9velopper des \u00abservices v\u00e9lo\u00bb - Kapitalis","og_description":"Appel \u00e0 projets pour encourager la mise en place de \u00abservices v\u00e9lo\u00bb dans les r\u00e9gions de Kairouan et Mahdia.","og_url":"https:\/\/kapitalis.com\/tunisie\/2022\/09\/16\/tunisie-kairouan-et-mahdia-veulent-developper-des-services-velo\/","og_site_name":"Kapitalis","article_publisher":"https:\/\/www.facebook.com\/KapitalisInfo\/","article_published_time":"2022-09-16T07:45:10+00:00","article_modified_time":"2022-09-16T07:45:11+00:00","og_image":[{"width":1200,"height":630,"url":"https:\/\/kapitalis.com\/tunisie\/wp-content\/uploads\/2022\/09\/Projet-Autrement-Velo.jpg","type":"image\/jpeg"}],"author":"webmaster kapitalis","twitter_card":"summary_large_image","twitter_creator":"@KapitalisInfo","twitter_site":"@KapitalisInfo","twitter_misc":{"\u00c9crit par":"webmaster kapitalis","Dur\u00e9e de lecture estim\u00e9e":"2 minutes"},"schema":{"@context":"https:\/\/schema.org","@graph":[{"@type":"Article","@id":"https:\/\/kapitalis.com\/tunisie\/2022\/09\/16\/tunisie-kairouan-et-mahdia-veulent-developper-des-services-velo\/#article","isPartOf":{"@id":"https:\/\/kapitalis.com\/tunisie\/2022\/09\/16\/tunisie-kairouan-et-mahdia-veulent-developper-des-services-velo\/"},"author":{"name":"webmaster kapitalis","@id":"https:\/\/kapitalis.com\/tunisie\/#\/schema\/person\/d71f33a9ca44f7bad4698210b480c8e9"},"headline":"Tunisie\u00a0: Kairouan et Mahdia veulent d\u00e9velopper des \u00abservices v\u00e9lo\u00bb","datePublished":"2022-09-16T07:45:10+00:00","dateModified":"2022-09-16T07:45:11+00:00","mainEntityOfPage":{"@id":"https:\/\/kapitalis.com\/tunisie\/2022\/09\/16\/tunisie-kairouan-et-mahdia-veulent-developper-des-services-velo\/"},"wordCount":434,"commentCount":3,"publisher":{"@id":"https:\/\/kapitalis.com\/tunisie\/#organization"},"image":{"@id":"https:\/\/kapitalis.com\/tunisie\/2022\/09\/16\/tunisie-kairouan-et-mahdia-veulent-developper-des-services-velo\/#primaryimage"},"thumbnailUrl":"https:\/\/kapitalis.com\/tunisie\/wp-content\/uploads\/2022\/09\/Projet-Autrement-Velo.jpg","keywords":["Alda","Cerema","Codatu","environnement","Kairouan","Mahdia","mobilit\u00e9","projet Autrement","services v\u00e9lo","Tunisie","V\u00e9lorution"],"articleSection":["ECONOMIE","SOCIETE"],"inLanguage":"fr-FR","potentialAction":[{"@type":"CommentAction","name":"Comment","target":["https:\/\/kapitalis.com\/tunisie\/2022\/09\/16\/tunisie-kairouan-et-mahdia-veulent-developper-des-services-velo\/#respond"]}]},{"@type":"WebPage","@id":"https:\/\/kapitalis.com\/tunisie\/2022\/09\/16\/tunisie-kairouan-et-mahdia-veulent-developper-des-services-velo\/","url":"https:\/\/kapitalis.com\/tunisie\/2022\/09\/16\/tunisie-kairouan-et-mahdia-veulent-developper-des-services-velo\/","name":"Tunisie\u00a0: Kairouan et Mahdia veulent d\u00e9velopper des \u00abservices v\u00e9lo\u00bb - Kapitalis","isPartOf":{"@id":"https:\/\/kapitalis.com\/tunisie\/#website"},"primaryImageOfPage":{"@id":"https:\/\/kapitalis.com\/tunisie\/2022\/09\/16\/tunisie-kairouan-et-mahdia-veulent-developper-des-services-velo\/#primaryimage"},"image":{"@id":"https:\/\/kapitalis.com\/tunisie\/2022\/09\/16\/tunisie-kairouan-et-mahdia-veulent-developper-des-services-velo\/#primaryimage"},"thumbnailUrl":"https:\/\/kapitalis.com\/tunisie\/wp-content\/uploads\/2022\/09\/Projet-Autrement-Velo.jpg","datePublished":"2022-09-16T07:45:10+00:00","dateModified":"2022-09-16T07:45:11+00:00","breadcrumb":{"@id":"https:\/\/kapitalis.com\/tunisie\/2022\/09\/16\/tunisie-kairouan-et-mahdia-veulent-developper-des-services-velo\/#breadcrumb"},"inLanguage":"fr-FR","potentialAction":[{"@type":"ReadAction","target":["https:\/\/kapitalis.com\/tunisie\/2022\/09\/16\/tunisie-kairouan-et-mahdia-veulent-developper-des-services-velo\/"]}]},{"@type":"ImageObject","inLanguage":"fr-FR","@id":"https:\/\/kapitalis.com\/tunisie\/2022\/09\/16\/tunisie-kairouan-et-mahdia-veulent-developper-des-services-velo\/#primaryimage","url":"https:\/\/kapitalis.com\/tunisie\/wp-content\/uploads\/2022\/09\/Projet-Autrement-Velo.jpg","contentUrl":"https:\/\/kapitalis.com\/tunisie\/wp-content\/uploads\/2022\/09\/Projet-Autrement-Velo.jpg","width":1200,"height":630},{"@type":"BreadcrumbList","@id":"https:\/\/kapitalis.com\/tunisie\/2022\/09\/16\/tunisie-kairouan-et-mahdia-veulent-developper-des-services-velo\/#breadcrumb","itemListElement":[{"@type":"ListItem","position":1,"name":"Accueil","item":"https:\/\/kapitalis.com\/tunisie\/"},{"@type":"ListItem","position":2,"name":"Tunisie\u00a0: Kairouan et Mahdia veulent d\u00e9velopper des \u00abservices v\u00e9lo\u00bb"}]},{"@type":"WebSite","@id":"https:\/\/kapitalis.com\/tunisie\/#website","url":"https:\/\/kapitalis.com\/tunisie\/","name":"Kapitalis","description":"L&#039;actualit\u00e9 en Tunisie et dans le monde","publisher":{"@id":"https:\/\/kapitalis.com\/tunisie\/#organization"},"potentialAction":[{"@type":"SearchAction","target":{"@type":"EntryPoint","urlTemplate":"https:\/\/kapitalis.com\/tunisie\/?s={search_term_string}"},"query-input":{"@type":"PropertyValueSpecification","valueRequired":true,"valueName":"search_term_string"}}],"inLanguage":"fr-FR"},{"@type":"Organization","@id":"https:\/\/kapitalis.com\/tunisie\/#organization","name":"Kapitalis","url":"https:\/\/kapitalis.com\/tunisie\/","logo":{"@type":"ImageObject","inLanguage":"fr-FR","@id":"https:\/\/kapitalis.com\/tunisie\/#\/schema\/logo\/image\/","url":"https:\/\/kapitalis.com\/tunisie\/wp-content\/uploads\/2022\/05\/Kapitalis-big-size.png","contentUrl":"https:\/\/kapitalis.com\/tunisie\/wp-content\/uploads\/2022\/05\/Kapitalis-big-size.png","width":5000,"height":1500,"caption":"Kapitalis"},"image":{"@id":"https:\/\/kapitalis.com\/tunisie\/#\/schema\/logo\/image\/"},"sameAs":["https:\/\/www.facebook.com\/KapitalisInfo\/","https:\/\/x.com\/KapitalisInfo","https:\/\/www.youtube.com\/channel\/UC-yDYrHyfFBWWZaOw3FPg9Q"]},{"@type":"Person","@id":"https:\/\/kapitalis.com\/tunisie\/#\/schema\/person\/d71f33a9ca44f7bad4698210b480c8e9","name":"webmaster kapitalis","url":"https:\/\/kapitalis.com\/tunisie\/author\/webmaster-kapitalis\/"}]}},"_links":{"self":[{"href":"https:\/\/kapitalis.com\/tunisie\/wp-json\/wp\/v2\/posts\/4105050","targetHints":{"allow":["GET"]}}],"collection":[{"href":"https:\/\/kapitalis.com\/tunisie\/wp-json\/wp\/v2\/posts"}],"about":[{"href":"https:\/\/kapitalis.com\/tunisie\/wp-json\/wp\/v2\/types\/post"}],"author":[{"embeddable":true,"href":"https:\/\/kapitalis.com\/tunisie\/wp-json\/wp\/v2\/users\/8"}],"replies":[{"embeddable":true,"href":"https:\/\/kapitalis.com\/tunisie\/wp-json\/wp\/v2\/comments?post=4105050"}],"version-history":[{"count":0,"href":"https:\/\/kapitalis.com\/tunisie\/wp-json\/wp\/v2\/posts\/4105050\/revisions"}],"wp:featuredmedia":[{"embeddable":true,"href":"https:\/\/kapitalis.com\/tunisie\/wp-json\/wp\/v2\/media\/4105118"}],"wp:attachment":[{"href":"https:\/\/kapitalis.com\/tunisie\/wp-json\/wp\/v2\/media?parent=4105050"}],"wp:term":[{"taxonomy":"category","embeddable":true,"href":"https:\/\/kapitalis.com\/tunisie\/wp-json\/wp\/v2\/categories?post=4105050"},{"taxonomy":"post_tag","embeddable":true,"href":"https:\/\/kapitalis.com\/tunisie\/wp-json\/wp\/v2\/tags?post=4105050"}],"curies":[{"name":"wp","href":"https:\/\/api.w.org\/{rel}","templated":true}]}}