{"id":4124454,"date":"2022-09-17T16:55:55","date_gmt":"2022-09-17T15:55:55","guid":{"rendered":"https:\/\/kapitalis.com\/tunisie\/?p=4124454"},"modified":"2022-09-17T16:58:28","modified_gmt":"2022-09-17T15:58:28","slug":"lassociation-shams-saisit-la-haica-contre-le-chroniqueur-nejib-dziri-pour-homophobie","status":"publish","type":"post","link":"https:\/\/kapitalis.com\/tunisie\/2022\/09\/17\/lassociation-shams-saisit-la-haica-contre-le-chroniqueur-nejib-dziri-pour-homophobie\/","title":{"rendered":"L&rsquo;Association Shams saisit la Haica contre le chroniqueur Nejib Dziri pour homophobie"},"content":{"rendered":"\n<p><strong><em>Les d\u00e9clarations du chroniqueur Nejib Dziri sur IFM , qui a exprim\u00e9 sa position en faveur de l&#8217;emprisonnement des homosexuels a mis en col\u00e8re l&rsquo;Association Shams, qui a saisi la Haute autorit\u00e9 ind\u00e9pendante de la communication audiovisuelle (Haica). L&rsquo;Association qui lutte pour la d\u00e9p\u00e9nalisation de l\u2019homosexualit\u00e9 en Tunisie, a \u00e9galement lanc\u00e9 une proc\u00e9dure pour demander une interdiction d\u2019acc\u00e8s \u00e0 l\u2019espace Schengen \u00e0 son encontre.<\/em><\/strong><\/p>\n\n\n\n<!--more-->\n\n\n\n<p>Dans une d\u00e9claration \u00e0 Kapiatlis, ce samedi 17 septembre 2022, Me Mounir Baatour, fondateur de l&rsquo;association Shams actuellement r\u00e9fugi\u00e9 en France o\u00f9 il continue \u00e0 exercer sa profession d&rsquo;Avocat au barreau de Marseille, a d\u00e9nonc\u00e9 le <a href=\"https:\/\/www.facebook.com\/watch?v=778127176572406\" target=\"_blank\" rel=\"noreferrer noopener\">discours<\/a> du chroniqueur, estimant que cela porte atteinte \u00e0 la communaut\u00e9 LGBTQI + en Tunisie et la met en danger<\/p>\n\n\n\n<p>Me Baatour a affirm\u00e9 que le discours homophobe de Nejib Dziri va contre les principes des droits et des libert\u00e9s garantis par la constitution tunisienne, estimant que celui-ci s\u2019apparente \u00e0 un appel \u00e0 la haine et \u00e0 la violence : <em>\u00abLe d\u00e9nomm\u00e9 Nejib Dziri, souffre de st\u00e9rilit\u00e9 intellectuelle et morale. L&rsquo;appel \u00e0 la violence n&rsquo;est pas \u00e9tonnant venant d&rsquo;une personne connue par son pass\u00e9 marqu\u00e9 par des complots et des rapports de police contre ses camarades de l&rsquo;UGET au temps de Ben Ali\u00bb,<\/em> a-t-il lanc\u00e9.<\/p>\n\n\n\n<p>Le fondateur de Shams a ainsi d\u00e9nonc\u00e9 cette haine gratuite et s&rsquo;\u00e9tonne qu&rsquo;un pareil discours puisse \u00eatre transmis sur une radio, sans que celle-ci ne soit inqui\u00e9t\u00e9e par les autorit\u00e9s comp\u00e9tentes. L&rsquo;Association a de ce fait d\u00e9cid\u00e9 de saisir la Haute autorit\u00e9 ind\u00e9pendante de la communication audiovisuelle (Haica) afin qu&rsquo;elle prenne les mesures n\u00e9cessaires contre le chroniqueur ainsi que conte l&rsquo;institution m\u00e9diatique, qui s&rsquo;est permis de diffuser un discours haineux.<\/p>\n\n\n\n<p>Shams a aussi lanc\u00e9 une proc\u00e9dure pour demander une interdiction d\u2019acc\u00e8s \u00e0 l\u2019espace Schengen contre Nejib Dziri, qu&rsquo;elle estime repr\u00e9senter un danger en ne respectant pas les droits humains et en s&rsquo;attaquant gratuitement \u00e0 la communaut\u00e9 LGBTQI+.<\/p>\n\n\n\n<p>Rappelons que Mounir Baatour s&rsquo;est r\u00e9fugi\u00e9 en France apr\u00e8s avoir fait l&rsquo;objet de s\u00e9rieuses menaces de mort en Tunisie, o\u00f9 il a \u00e9galement \u00e9t\u00e9 condamn\u00e9 \u00e0 la prison, en octobre dernier, \u00e0 un an de prison ferme, ainsi qu\u2019\u00e0 une amende de 1.000 dinars et de deux ans de contr\u00f4le administratif et ce pour blasph\u00e8me<\/p>\n\n\n\n<p><a href=\"https:\/\/www.facebook.com\/watch?v=778127176572406\" target=\"_blank\" rel=\"noreferrer noopener\">Vid\u00e9o<\/a><\/p>\n\n\n\n<p class=\"has-text-align-right\"><strong>Y. N. <\/strong><\/p>\n","protected":false},"excerpt":{"rendered":"<p>L&rsquo;Association Shams saisit la Haica contre le chroniqueur Nejib Dziri pour homophobie<\/p>\n","protected":false},"author":6,"featured_media":4124481,"comment_status":"open","ping_status":"open","sticky":false,"template":"","format":"standard","meta":{"footnotes":""},"categories":[996,998,2433],"tags":[102874,1843,447,449,102876,102875,5702,62643],"class_list":["post-4124454","post","type-post","status-publish","format-standard","has-post-thumbnail","hentry","category-media","category-societe","category-tunisie","tag-chroniqueur-ifm","tag-haica","tag-homophobie","tag-homosexuels","tag-lgbtq-2","tag-nejib-dziri-2","tag-radio","tag-tunisie"],"yoast_head":"<!-- This site is optimized with the Yoast SEO plugin v26.6 - https:\/\/yoast.com\/wordpress\/plugins\/seo\/ -->\n<title>L&#039;Association Shams saisit la Haica contre le chroniqueur Nejib Dziri pour homophobie - Kapitalis<\/title>\n<meta name=\"description\" content=\"Les d\u00e9clarations du chroniqueur Nejib Dziri sur IFM , qui a affirm\u00e9 sa position en faveur de l&#039;emprisonnement des homosexuels a mis en col\u00e8re l&#039;Association Shams, qui a saisi la Haute autorit\u00e9 ind\u00e9pendante de la communication audiovisuelle (Haica). L&#039;Association qui lutte pour la d\u00e9p\u00e9nalisation de l\u2019homosexualit\u00e9 en Tunisie, a \u00e9galement lanc\u00e9 une proc\u00e9dure pour demander une interdiction d\u2019acc\u00e8s \u00e0 l\u2019espace Schengen \u00e0 son encontre.\" \/>\n<meta name=\"robots\" content=\"index, follow, max-snippet:-1, max-image-preview:large, max-video-preview:-1\" \/>\n<link rel=\"canonical\" href=\"https:\/\/kapitalis.com\/tunisie\/2022\/09\/17\/lassociation-shams-saisit-la-haica-contre-le-chroniqueur-nejib-dziri-pour-homophobie\/\" \/>\n<meta property=\"og:locale\" content=\"fr_FR\" \/>\n<meta property=\"og:type\" content=\"article\" \/>\n<meta property=\"og:title\" content=\"L&#039;Association Shams saisit la Haica contre le chroniqueur Nejib Dziri pour homophobie - Kapitalis\" \/>\n<meta property=\"og:description\" content=\"Les d\u00e9clarations du chroniqueur Nejib Dziri sur IFM , qui a affirm\u00e9 sa position en faveur de l&#039;emprisonnement des homosexuels a mis en col\u00e8re l&#039;Association Shams, qui a saisi la Haute autorit\u00e9 ind\u00e9pendante de la communication audiovisuelle (Haica). L&#039;Association qui lutte pour la d\u00e9p\u00e9nalisation de l\u2019homosexualit\u00e9 en Tunisie, a \u00e9galement lanc\u00e9 une proc\u00e9dure pour demander une interdiction d\u2019acc\u00e8s \u00e0 l\u2019espace Schengen \u00e0 son encontre.\" \/>\n<meta property=\"og:url\" content=\"https:\/\/kapitalis.com\/tunisie\/2022\/09\/17\/lassociation-shams-saisit-la-haica-contre-le-chroniqueur-nejib-dziri-pour-homophobie\/\" \/>\n<meta property=\"og:site_name\" content=\"Kapitalis\" \/>\n<meta property=\"article:publisher\" content=\"https:\/\/www.facebook.com\/KapitalisInfo\/\" \/>\n<meta property=\"article:published_time\" content=\"2022-09-17T15:55:55+00:00\" \/>\n<meta property=\"article:modified_time\" content=\"2022-09-17T15:58:28+00:00\" \/>\n<meta property=\"og:image\" content=\"https:\/\/kapitalis.com\/tunisie\/wp-content\/uploads\/2022\/09\/Nejib-Dziri-Shams-homophobie.jpg\" \/>\n\t<meta property=\"og:image:width\" content=\"1200\" \/>\n\t<meta property=\"og:image:height\" content=\"630\" \/>\n\t<meta property=\"og:image:type\" content=\"image\/jpeg\" \/>\n<meta name=\"author\" content=\"Yusra NY\" \/>\n<meta name=\"twitter:card\" content=\"summary_large_image\" \/>\n<meta name=\"twitter:creator\" content=\"@KapitalisInfo\" \/>\n<meta name=\"twitter:site\" content=\"@KapitalisInfo\" \/>\n<meta name=\"twitter:label1\" content=\"\u00c9crit par\" \/>\n\t<meta name=\"twitter:data1\" content=\"Yusra NY\" \/>\n\t<meta name=\"twitter:label2\" content=\"Dur\u00e9e de lecture estim\u00e9e\" \/>\n\t<meta name=\"twitter:data2\" content=\"2 minutes\" \/>\n<script type=\"application\/ld+json\" class=\"yoast-schema-graph\">{\"@context\":\"https:\/\/schema.org\",\"@graph\":[{\"@type\":\"Article\",\"@id\":\"https:\/\/kapitalis.com\/tunisie\/2022\/09\/17\/lassociation-shams-saisit-la-haica-contre-le-chroniqueur-nejib-dziri-pour-homophobie\/#article\",\"isPartOf\":{\"@id\":\"https:\/\/kapitalis.com\/tunisie\/2022\/09\/17\/lassociation-shams-saisit-la-haica-contre-le-chroniqueur-nejib-dziri-pour-homophobie\/\"},\"author\":{\"name\":\"Yusra NY\",\"@id\":\"https:\/\/kapitalis.com\/tunisie\/#\/schema\/person\/74bbde0154d49d790a92aaeac5bc01d5\"},\"headline\":\"L&rsquo;Association Shams saisit la Haica contre le chroniqueur Nejib Dziri pour homophobie\",\"datePublished\":\"2022-09-17T15:55:55+00:00\",\"dateModified\":\"2022-09-17T15:58:28+00:00\",\"mainEntityOfPage\":{\"@id\":\"https:\/\/kapitalis.com\/tunisie\/2022\/09\/17\/lassociation-shams-saisit-la-haica-contre-le-chroniqueur-nejib-dziri-pour-homophobie\/\"},\"wordCount\":401,\"commentCount\":3,\"publisher\":{\"@id\":\"https:\/\/kapitalis.com\/tunisie\/#organization\"},\"image\":{\"@id\":\"https:\/\/kapitalis.com\/tunisie\/2022\/09\/17\/lassociation-shams-saisit-la-haica-contre-le-chroniqueur-nejib-dziri-pour-homophobie\/#primaryimage\"},\"thumbnailUrl\":\"https:\/\/kapitalis.com\/tunisie\/wp-content\/uploads\/2022\/09\/Nejib-Dziri-Shams-homophobie.jpg\",\"keywords\":[\"chroniqueur IFM\",\"Haica\",\"homophobie\",\"homosexuels\",\"LGBTQ+\",\"Nejib Dziri\",\"Radio\",\"Tunisie\"],\"articleSection\":[\"MEDIA\",\"SOCIETE\",\"Tunisie\"],\"inLanguage\":\"fr-FR\",\"potentialAction\":[{\"@type\":\"CommentAction\",\"name\":\"Comment\",\"target\":[\"https:\/\/kapitalis.com\/tunisie\/2022\/09\/17\/lassociation-shams-saisit-la-haica-contre-le-chroniqueur-nejib-dziri-pour-homophobie\/#respond\"]}]},{\"@type\":\"WebPage\",\"@id\":\"https:\/\/kapitalis.com\/tunisie\/2022\/09\/17\/lassociation-shams-saisit-la-haica-contre-le-chroniqueur-nejib-dziri-pour-homophobie\/\",\"url\":\"https:\/\/kapitalis.com\/tunisie\/2022\/09\/17\/lassociation-shams-saisit-la-haica-contre-le-chroniqueur-nejib-dziri-pour-homophobie\/\",\"name\":\"L'Association Shams saisit la Haica contre le chroniqueur Nejib Dziri pour homophobie - Kapitalis\",\"isPartOf\":{\"@id\":\"https:\/\/kapitalis.com\/tunisie\/#website\"},\"primaryImageOfPage\":{\"@id\":\"https:\/\/kapitalis.com\/tunisie\/2022\/09\/17\/lassociation-shams-saisit-la-haica-contre-le-chroniqueur-nejib-dziri-pour-homophobie\/#primaryimage\"},\"image\":{\"@id\":\"https:\/\/kapitalis.com\/tunisie\/2022\/09\/17\/lassociation-shams-saisit-la-haica-contre-le-chroniqueur-nejib-dziri-pour-homophobie\/#primaryimage\"},\"thumbnailUrl\":\"https:\/\/kapitalis.com\/tunisie\/wp-content\/uploads\/2022\/09\/Nejib-Dziri-Shams-homophobie.jpg\",\"datePublished\":\"2022-09-17T15:55:55+00:00\",\"dateModified\":\"2022-09-17T15:58:28+00:00\",\"description\":\"Les d\u00e9clarations du chroniqueur Nejib Dziri sur IFM , qui a affirm\u00e9 sa position en faveur de l'emprisonnement des homosexuels a mis en col\u00e8re l'Association Shams, qui a saisi la Haute autorit\u00e9 ind\u00e9pendante de la communication audiovisuelle (Haica). L'Association qui lutte pour la d\u00e9p\u00e9nalisation de l\u2019homosexualit\u00e9 en Tunisie, a \u00e9galement lanc\u00e9 une proc\u00e9dure pour demander une interdiction d\u2019acc\u00e8s \u00e0 l\u2019espace Schengen \u00e0 son encontre.\",\"breadcrumb\":{\"@id\":\"https:\/\/kapitalis.com\/tunisie\/2022\/09\/17\/lassociation-shams-saisit-la-haica-contre-le-chroniqueur-nejib-dziri-pour-homophobie\/#breadcrumb\"},\"inLanguage\":\"fr-FR\",\"potentialAction\":[{\"@type\":\"ReadAction\",\"target\":[\"https:\/\/kapitalis.com\/tunisie\/2022\/09\/17\/lassociation-shams-saisit-la-haica-contre-le-chroniqueur-nejib-dziri-pour-homophobie\/\"]}]},{\"@type\":\"ImageObject\",\"inLanguage\":\"fr-FR\",\"@id\":\"https:\/\/kapitalis.com\/tunisie\/2022\/09\/17\/lassociation-shams-saisit-la-haica-contre-le-chroniqueur-nejib-dziri-pour-homophobie\/#primaryimage\",\"url\":\"https:\/\/kapitalis.com\/tunisie\/wp-content\/uploads\/2022\/09\/Nejib-Dziri-Shams-homophobie.jpg\",\"contentUrl\":\"https:\/\/kapitalis.com\/tunisie\/wp-content\/uploads\/2022\/09\/Nejib-Dziri-Shams-homophobie.jpg\",\"width\":1200,\"height\":630},{\"@type\":\"BreadcrumbList\",\"@id\":\"https:\/\/kapitalis.com\/tunisie\/2022\/09\/17\/lassociation-shams-saisit-la-haica-contre-le-chroniqueur-nejib-dziri-pour-homophobie\/#breadcrumb\",\"itemListElement\":[{\"@type\":\"ListItem\",\"position\":1,\"name\":\"Accueil\",\"item\":\"https:\/\/kapitalis.com\/tunisie\/\"},{\"@type\":\"ListItem\",\"position\":2,\"name\":\"L&rsquo;Association Shams saisit la Haica contre le chroniqueur Nejib Dziri pour homophobie\"}]},{\"@type\":\"WebSite\",\"@id\":\"https:\/\/kapitalis.com\/tunisie\/#website\",\"url\":\"https:\/\/kapitalis.com\/tunisie\/\",\"name\":\"Kapitalis\",\"description\":\"L&#039;actualit\u00e9 en Tunisie et dans le monde\",\"publisher\":{\"@id\":\"https:\/\/kapitalis.com\/tunisie\/#organization\"},\"potentialAction\":[{\"@type\":\"SearchAction\",\"target\":{\"@type\":\"EntryPoint\",\"urlTemplate\":\"https:\/\/kapitalis.com\/tunisie\/?s={search_term_string}\"},\"query-input\":{\"@type\":\"PropertyValueSpecification\",\"valueRequired\":true,\"valueName\":\"search_term_string\"}}],\"inLanguage\":\"fr-FR\"},{\"@type\":\"Organization\",\"@id\":\"https:\/\/kapitalis.com\/tunisie\/#organization\",\"name\":\"Kapitalis\",\"url\":\"https:\/\/kapitalis.com\/tunisie\/\",\"logo\":{\"@type\":\"ImageObject\",\"inLanguage\":\"fr-FR\",\"@id\":\"https:\/\/kapitalis.com\/tunisie\/#\/schema\/logo\/image\/\",\"url\":\"https:\/\/kapitalis.com\/tunisie\/wp-content\/uploads\/2022\/05\/Kapitalis-big-size.png\",\"contentUrl\":\"https:\/\/kapitalis.com\/tunisie\/wp-content\/uploads\/2022\/05\/Kapitalis-big-size.png\",\"width\":5000,\"height\":1500,\"caption\":\"Kapitalis\"},\"image\":{\"@id\":\"https:\/\/kapitalis.com\/tunisie\/#\/schema\/logo\/image\/\"},\"sameAs\":[\"https:\/\/www.facebook.com\/KapitalisInfo\/\",\"https:\/\/x.com\/KapitalisInfo\",\"https:\/\/www.youtube.com\/channel\/UC-yDYrHyfFBWWZaOw3FPg9Q\"]},{\"@type\":\"Person\",\"@id\":\"https:\/\/kapitalis.com\/tunisie\/#\/schema\/person\/74bbde0154d49d790a92aaeac5bc01d5\",\"name\":\"Yusra NY\",\"url\":\"https:\/\/kapitalis.com\/tunisie\/author\/yuza_adam\/\"}]}<\/script>\n<!-- \/ Yoast SEO plugin. -->","yoast_head_json":{"title":"L'Association Shams saisit la Haica contre le chroniqueur Nejib Dziri pour homophobie - Kapitalis","description":"Les d\u00e9clarations du chroniqueur Nejib Dziri sur IFM , qui a affirm\u00e9 sa position en faveur de l'emprisonnement des homosexuels a mis en col\u00e8re l'Association Shams, qui a saisi la Haute autorit\u00e9 ind\u00e9pendante de la communication audiovisuelle (Haica). L'Association qui lutte pour la d\u00e9p\u00e9nalisation de l\u2019homosexualit\u00e9 en Tunisie, a \u00e9galement lanc\u00e9 une proc\u00e9dure pour demander une interdiction d\u2019acc\u00e8s \u00e0 l\u2019espace Schengen \u00e0 son encontre.","robots":{"index":"index","follow":"follow","max-snippet":"max-snippet:-1","max-image-preview":"max-image-preview:large","max-video-preview":"max-video-preview:-1"},"canonical":"https:\/\/kapitalis.com\/tunisie\/2022\/09\/17\/lassociation-shams-saisit-la-haica-contre-le-chroniqueur-nejib-dziri-pour-homophobie\/","og_locale":"fr_FR","og_type":"article","og_title":"L'Association Shams saisit la Haica contre le chroniqueur Nejib Dziri pour homophobie - Kapitalis","og_description":"Les d\u00e9clarations du chroniqueur Nejib Dziri sur IFM , qui a affirm\u00e9 sa position en faveur de l'emprisonnement des homosexuels a mis en col\u00e8re l'Association Shams, qui a saisi la Haute autorit\u00e9 ind\u00e9pendante de la communication audiovisuelle (Haica). L'Association qui lutte pour la d\u00e9p\u00e9nalisation de l\u2019homosexualit\u00e9 en Tunisie, a \u00e9galement lanc\u00e9 une proc\u00e9dure pour demander une interdiction d\u2019acc\u00e8s \u00e0 l\u2019espace Schengen \u00e0 son encontre.","og_url":"https:\/\/kapitalis.com\/tunisie\/2022\/09\/17\/lassociation-shams-saisit-la-haica-contre-le-chroniqueur-nejib-dziri-pour-homophobie\/","og_site_name":"Kapitalis","article_publisher":"https:\/\/www.facebook.com\/KapitalisInfo\/","article_published_time":"2022-09-17T15:55:55+00:00","article_modified_time":"2022-09-17T15:58:28+00:00","og_image":[{"width":1200,"height":630,"url":"https:\/\/kapitalis.com\/tunisie\/wp-content\/uploads\/2022\/09\/Nejib-Dziri-Shams-homophobie.jpg","type":"image\/jpeg"}],"author":"Yusra NY","twitter_card":"summary_large_image","twitter_creator":"@KapitalisInfo","twitter_site":"@KapitalisInfo","twitter_misc":{"\u00c9crit par":"Yusra NY","Dur\u00e9e de lecture estim\u00e9e":"2 minutes"},"schema":{"@context":"https:\/\/schema.org","@graph":[{"@type":"Article","@id":"https:\/\/kapitalis.com\/tunisie\/2022\/09\/17\/lassociation-shams-saisit-la-haica-contre-le-chroniqueur-nejib-dziri-pour-homophobie\/#article","isPartOf":{"@id":"https:\/\/kapitalis.com\/tunisie\/2022\/09\/17\/lassociation-shams-saisit-la-haica-contre-le-chroniqueur-nejib-dziri-pour-homophobie\/"},"author":{"name":"Yusra NY","@id":"https:\/\/kapitalis.com\/tunisie\/#\/schema\/person\/74bbde0154d49d790a92aaeac5bc01d5"},"headline":"L&rsquo;Association Shams saisit la Haica contre le chroniqueur Nejib Dziri pour homophobie","datePublished":"2022-09-17T15:55:55+00:00","dateModified":"2022-09-17T15:58:28+00:00","mainEntityOfPage":{"@id":"https:\/\/kapitalis.com\/tunisie\/2022\/09\/17\/lassociation-shams-saisit-la-haica-contre-le-chroniqueur-nejib-dziri-pour-homophobie\/"},"wordCount":401,"commentCount":3,"publisher":{"@id":"https:\/\/kapitalis.com\/tunisie\/#organization"},"image":{"@id":"https:\/\/kapitalis.com\/tunisie\/2022\/09\/17\/lassociation-shams-saisit-la-haica-contre-le-chroniqueur-nejib-dziri-pour-homophobie\/#primaryimage"},"thumbnailUrl":"https:\/\/kapitalis.com\/tunisie\/wp-content\/uploads\/2022\/09\/Nejib-Dziri-Shams-homophobie.jpg","keywords":["chroniqueur IFM","Haica","homophobie","homosexuels","LGBTQ+","Nejib Dziri","Radio","Tunisie"],"articleSection":["MEDIA","SOCIETE","Tunisie"],"inLanguage":"fr-FR","potentialAction":[{"@type":"CommentAction","name":"Comment","target":["https:\/\/kapitalis.com\/tunisie\/2022\/09\/17\/lassociation-shams-saisit-la-haica-contre-le-chroniqueur-nejib-dziri-pour-homophobie\/#respond"]}]},{"@type":"WebPage","@id":"https:\/\/kapitalis.com\/tunisie\/2022\/09\/17\/lassociation-shams-saisit-la-haica-contre-le-chroniqueur-nejib-dziri-pour-homophobie\/","url":"https:\/\/kapitalis.com\/tunisie\/2022\/09\/17\/lassociation-shams-saisit-la-haica-contre-le-chroniqueur-nejib-dziri-pour-homophobie\/","name":"L'Association Shams saisit la Haica contre le chroniqueur Nejib Dziri pour homophobie - Kapitalis","isPartOf":{"@id":"https:\/\/kapitalis.com\/tunisie\/#website"},"primaryImageOfPage":{"@id":"https:\/\/kapitalis.com\/tunisie\/2022\/09\/17\/lassociation-shams-saisit-la-haica-contre-le-chroniqueur-nejib-dziri-pour-homophobie\/#primaryimage"},"image":{"@id":"https:\/\/kapitalis.com\/tunisie\/2022\/09\/17\/lassociation-shams-saisit-la-haica-contre-le-chroniqueur-nejib-dziri-pour-homophobie\/#primaryimage"},"thumbnailUrl":"https:\/\/kapitalis.com\/tunisie\/wp-content\/uploads\/2022\/09\/Nejib-Dziri-Shams-homophobie.jpg","datePublished":"2022-09-17T15:55:55+00:00","dateModified":"2022-09-17T15:58:28+00:00","description":"Les d\u00e9clarations du chroniqueur Nejib Dziri sur IFM , qui a affirm\u00e9 sa position en faveur de l'emprisonnement des homosexuels a mis en col\u00e8re l'Association Shams, qui a saisi la Haute autorit\u00e9 ind\u00e9pendante de la communication audiovisuelle (Haica). L'Association qui lutte pour la d\u00e9p\u00e9nalisation de l\u2019homosexualit\u00e9 en Tunisie, a \u00e9galement lanc\u00e9 une proc\u00e9dure pour demander une interdiction d\u2019acc\u00e8s \u00e0 l\u2019espace Schengen \u00e0 son encontre.","breadcrumb":{"@id":"https:\/\/kapitalis.com\/tunisie\/2022\/09\/17\/lassociation-shams-saisit-la-haica-contre-le-chroniqueur-nejib-dziri-pour-homophobie\/#breadcrumb"},"inLanguage":"fr-FR","potentialAction":[{"@type":"ReadAction","target":["https:\/\/kapitalis.com\/tunisie\/2022\/09\/17\/lassociation-shams-saisit-la-haica-contre-le-chroniqueur-nejib-dziri-pour-homophobie\/"]}]},{"@type":"ImageObject","inLanguage":"fr-FR","@id":"https:\/\/kapitalis.com\/tunisie\/2022\/09\/17\/lassociation-shams-saisit-la-haica-contre-le-chroniqueur-nejib-dziri-pour-homophobie\/#primaryimage","url":"https:\/\/kapitalis.com\/tunisie\/wp-content\/uploads\/2022\/09\/Nejib-Dziri-Shams-homophobie.jpg","contentUrl":"https:\/\/kapitalis.com\/tunisie\/wp-content\/uploads\/2022\/09\/Nejib-Dziri-Shams-homophobie.jpg","width":1200,"height":630},{"@type":"BreadcrumbList","@id":"https:\/\/kapitalis.com\/tunisie\/2022\/09\/17\/lassociation-shams-saisit-la-haica-contre-le-chroniqueur-nejib-dziri-pour-homophobie\/#breadcrumb","itemListElement":[{"@type":"ListItem","position":1,"name":"Accueil","item":"https:\/\/kapitalis.com\/tunisie\/"},{"@type":"ListItem","position":2,"name":"L&rsquo;Association Shams saisit la Haica contre le chroniqueur Nejib Dziri pour homophobie"}]},{"@type":"WebSite","@id":"https:\/\/kapitalis.com\/tunisie\/#website","url":"https:\/\/kapitalis.com\/tunisie\/","name":"Kapitalis","description":"L&#039;actualit\u00e9 en Tunisie et dans le monde","publisher":{"@id":"https:\/\/kapitalis.com\/tunisie\/#organization"},"potentialAction":[{"@type":"SearchAction","target":{"@type":"EntryPoint","urlTemplate":"https:\/\/kapitalis.com\/tunisie\/?s={search_term_string}"},"query-input":{"@type":"PropertyValueSpecification","valueRequired":true,"valueName":"search_term_string"}}],"inLanguage":"fr-FR"},{"@type":"Organization","@id":"https:\/\/kapitalis.com\/tunisie\/#organization","name":"Kapitalis","url":"https:\/\/kapitalis.com\/tunisie\/","logo":{"@type":"ImageObject","inLanguage":"fr-FR","@id":"https:\/\/kapitalis.com\/tunisie\/#\/schema\/logo\/image\/","url":"https:\/\/kapitalis.com\/tunisie\/wp-content\/uploads\/2022\/05\/Kapitalis-big-size.png","contentUrl":"https:\/\/kapitalis.com\/tunisie\/wp-content\/uploads\/2022\/05\/Kapitalis-big-size.png","width":5000,"height":1500,"caption":"Kapitalis"},"image":{"@id":"https:\/\/kapitalis.com\/tunisie\/#\/schema\/logo\/image\/"},"sameAs":["https:\/\/www.facebook.com\/KapitalisInfo\/","https:\/\/x.com\/KapitalisInfo","https:\/\/www.youtube.com\/channel\/UC-yDYrHyfFBWWZaOw3FPg9Q"]},{"@type":"Person","@id":"https:\/\/kapitalis.com\/tunisie\/#\/schema\/person\/74bbde0154d49d790a92aaeac5bc01d5","name":"Yusra NY","url":"https:\/\/kapitalis.com\/tunisie\/author\/yuza_adam\/"}]}},"_links":{"self":[{"href":"https:\/\/kapitalis.com\/tunisie\/wp-json\/wp\/v2\/posts\/4124454","targetHints":{"allow":["GET"]}}],"collection":[{"href":"https:\/\/kapitalis.com\/tunisie\/wp-json\/wp\/v2\/posts"}],"about":[{"href":"https:\/\/kapitalis.com\/tunisie\/wp-json\/wp\/v2\/types\/post"}],"author":[{"embeddable":true,"href":"https:\/\/kapitalis.com\/tunisie\/wp-json\/wp\/v2\/users\/6"}],"replies":[{"embeddable":true,"href":"https:\/\/kapitalis.com\/tunisie\/wp-json\/wp\/v2\/comments?post=4124454"}],"version-history":[{"count":0,"href":"https:\/\/kapitalis.com\/tunisie\/wp-json\/wp\/v2\/posts\/4124454\/revisions"}],"wp:featuredmedia":[{"embeddable":true,"href":"https:\/\/kapitalis.com\/tunisie\/wp-json\/wp\/v2\/media\/4124481"}],"wp:attachment":[{"href":"https:\/\/kapitalis.com\/tunisie\/wp-json\/wp\/v2\/media?parent=4124454"}],"wp:term":[{"taxonomy":"category","embeddable":true,"href":"https:\/\/kapitalis.com\/tunisie\/wp-json\/wp\/v2\/categories?post=4124454"},{"taxonomy":"post_tag","embeddable":true,"href":"https:\/\/kapitalis.com\/tunisie\/wp-json\/wp\/v2\/tags?post=4124454"}],"curies":[{"name":"wp","href":"https:\/\/api.w.org\/{rel}","templated":true}]}}