{"id":41246,"date":"2016-02-25T22:36:22","date_gmt":"2016-02-25T21:36:22","guid":{"rendered":"http:\/\/kapitalis.com\/tunisie\/?p=41246"},"modified":"2016-02-25T22:36:22","modified_gmt":"2016-02-25T21:36:22","slug":"sabratha-arrestation-de-15-tunisiens-membres-de-daech","status":"publish","type":"post","link":"https:\/\/kapitalis.com\/tunisie\/2016\/02\/25\/sabratha-arrestation-de-15-tunisiens-membres-de-daech\/","title":{"rendered":"Sabratha : Arrestation de 15 Tunisiens membres de Da\u00each"},"content":{"rendered":"<p style=\"text-align: center;\">\u00a0<img loading=\"lazy\" decoding=\"async\" class=\"alignnone size-full wp-image-41247\" src=\"http:\/\/kapitalis.com\/tunisie\/wp-content\/uploads\/2016\/02\/Sabratha-Bombardement.jpg\" alt=\"Sabratha-Bombardement\" width=\"626\" height=\"380\" \/><\/p>\n<p style=\"text-align: left;\"><em><strong>Les milices de Fajr Libya ont annonc\u00e9 l\u2019arrestation, aujourd\u2019hui, \u00e0 Sabratha, d\u2019une quinzaine de Tunisiens membres de l\u2019organisation terroriste Da\u00each.<\/strong><\/em><\/p>\n<p style=\"text-align: left;\"><!--more--><\/p>\n<p style=\"text-align: left;\">Les forces de Fajr Libya, bras arm\u00e9 du gouvernement islamiste de Tripoli, non reconnu par la communaut\u00e9 internationale, ont aussi annonc\u00e9 la mort de 2 responsables de Da\u00each, Abdallah Dabbachi, alias Abdallah Haftar, et Ahmed Sassi, qui ont succomb\u00e9 \u00e0 leurs blessures apr\u00e8s leur arrestation.<\/p>\n<p style=\"text-align: left;\">Fajr Libya a ajout\u00e9 que des dizaines d\u2019autres terroristes ont \u00e9t\u00e9 tu\u00e9s lors des affrontements, aujourd\u2019hui, \u00e0 Sabratha, une ville situ\u00e9e \u00e0 une centaine de kilom\u00e8tres de la fronti\u00e8re tunisienne. Plusieurs autres \u00e9l\u00e9ments d\u2019origine africaine subsaharienne ont \u00e9galement \u00e9t\u00e9 bless\u00e9s, a-t-il encore pr\u00e9cis\u00e9.<\/p>\n<p style=\"text-align: left;\">Selon la police municipale de Sabratha, la zone de la plage et plusieurs quartiers de la ville, dont celui de Dar Talil, o\u00f9 est bas\u00e9 le quartier g\u00e9n\u00e9ral de Da\u00each, ont \u00e9t\u00e9 lib\u00e9r\u00e9s, alors que la zone de Zouagha, o\u00f9 se sont r\u00e9fugi\u00e9s de nombreux terroristes, est actuellement encercl\u00e9e.<\/p>\n<p style=\"text-align: right;\"><strong>Z. A.<\/strong><\/p>\n","protected":false},"excerpt":{"rendered":"<p>\u00a0 Les milices de Fajr Libya ont annonc\u00e9 l\u2019arrestation, aujourd\u2019hui, \u00e0 Sabratha, d\u2019une quinzaine de Tunisiens membres de l\u2019organisation terroriste Da\u00each.<\/p>\n","protected":false},"author":8,"featured_media":41247,"comment_status":"open","ping_status":"open","sticky":false,"template":"","format":"standard","meta":{"footnotes":""},"categories":[998,2433],"tags":[36,370,609,2777,899,1119,1117],"class_list":["post-41246","post","type-post","status-publish","format-standard","has-post-thumbnail","hentry","category-societe","category-tunisie","tag-affrontements","tag-fajr-libya","tag-milices-islamistes","tag-sabratha","tag-terroristes","tag-tripoli","tag-tunisiens"],"yoast_head":"<!-- This site is optimized with the Yoast SEO plugin v26.6 - https:\/\/yoast.com\/wordpress\/plugins\/seo\/ -->\n<title>Sabratha : Arrestation de 15 Tunisiens membres de Da\u00each - Kapitalis<\/title>\n<meta name=\"robots\" content=\"index, follow, max-snippet:-1, max-image-preview:large, max-video-preview:-1\" \/>\n<link rel=\"canonical\" href=\"https:\/\/kapitalis.com\/tunisie\/2016\/02\/25\/sabratha-arrestation-de-15-tunisiens-membres-de-daech\/\" \/>\n<meta property=\"og:locale\" content=\"fr_FR\" \/>\n<meta property=\"og:type\" content=\"article\" \/>\n<meta property=\"og:title\" content=\"Sabratha : Arrestation de 15 Tunisiens membres de Da\u00each - Kapitalis\" \/>\n<meta property=\"og:description\" content=\"\u00a0 Les milices de Fajr Libya ont annonc\u00e9 l\u2019arrestation, aujourd\u2019hui, \u00e0 Sabratha, d\u2019une quinzaine de Tunisiens membres de l\u2019organisation terroriste Da\u00each.\" \/>\n<meta property=\"og:url\" content=\"https:\/\/kapitalis.com\/tunisie\/2016\/02\/25\/sabratha-arrestation-de-15-tunisiens-membres-de-daech\/\" \/>\n<meta property=\"og:site_name\" content=\"Kapitalis\" \/>\n<meta property=\"article:publisher\" content=\"https:\/\/www.facebook.com\/KapitalisInfo\/\" \/>\n<meta property=\"article:published_time\" content=\"2016-02-25T21:36:22+00:00\" \/>\n<meta property=\"og:image\" content=\"https:\/\/kapitalis.com\/tunisie\/wp-content\/uploads\/2022\/05\/kapitalis-logo-fb.png\" \/>\n\t<meta property=\"og:image:width\" content=\"1200\" \/>\n\t<meta property=\"og:image:height\" content=\"630\" \/>\n\t<meta property=\"og:image:type\" content=\"image\/png\" \/>\n<meta name=\"author\" content=\"webmaster kapitalis\" \/>\n<meta name=\"twitter:card\" content=\"summary_large_image\" \/>\n<meta name=\"twitter:creator\" content=\"@KapitalisInfo\" \/>\n<meta name=\"twitter:site\" content=\"@KapitalisInfo\" \/>\n<meta name=\"twitter:label1\" content=\"\u00c9crit par\" \/>\n\t<meta name=\"twitter:data1\" content=\"webmaster kapitalis\" \/>\n\t<meta name=\"twitter:label2\" content=\"Dur\u00e9e de lecture estim\u00e9e\" \/>\n\t<meta name=\"twitter:data2\" content=\"1 minute\" \/>\n<script type=\"application\/ld+json\" class=\"yoast-schema-graph\">{\"@context\":\"https:\/\/schema.org\",\"@graph\":[{\"@type\":\"Article\",\"@id\":\"https:\/\/kapitalis.com\/tunisie\/2016\/02\/25\/sabratha-arrestation-de-15-tunisiens-membres-de-daech\/#article\",\"isPartOf\":{\"@id\":\"https:\/\/kapitalis.com\/tunisie\/2016\/02\/25\/sabratha-arrestation-de-15-tunisiens-membres-de-daech\/\"},\"author\":{\"name\":\"webmaster kapitalis\",\"@id\":\"https:\/\/kapitalis.com\/tunisie\/#\/schema\/person\/d71f33a9ca44f7bad4698210b480c8e9\"},\"headline\":\"Sabratha : Arrestation de 15 Tunisiens membres de Da\u00each\",\"datePublished\":\"2016-02-25T21:36:22+00:00\",\"mainEntityOfPage\":{\"@id\":\"https:\/\/kapitalis.com\/tunisie\/2016\/02\/25\/sabratha-arrestation-de-15-tunisiens-membres-de-daech\/\"},\"wordCount\":187,\"commentCount\":1,\"publisher\":{\"@id\":\"https:\/\/kapitalis.com\/tunisie\/#organization\"},\"image\":{\"@id\":\"https:\/\/kapitalis.com\/tunisie\/2016\/02\/25\/sabratha-arrestation-de-15-tunisiens-membres-de-daech\/#primaryimage\"},\"thumbnailUrl\":\"\",\"keywords\":[\"affrontements\",\"Fajr Libya\",\"milices islamistes\",\"Sabratha\",\"terroristes\",\"Tripoli\",\"tunisiens\"],\"articleSection\":[\"SOCIETE\",\"Tunisie\"],\"inLanguage\":\"fr-FR\",\"potentialAction\":[{\"@type\":\"CommentAction\",\"name\":\"Comment\",\"target\":[\"https:\/\/kapitalis.com\/tunisie\/2016\/02\/25\/sabratha-arrestation-de-15-tunisiens-membres-de-daech\/#respond\"]}]},{\"@type\":\"WebPage\",\"@id\":\"https:\/\/kapitalis.com\/tunisie\/2016\/02\/25\/sabratha-arrestation-de-15-tunisiens-membres-de-daech\/\",\"url\":\"https:\/\/kapitalis.com\/tunisie\/2016\/02\/25\/sabratha-arrestation-de-15-tunisiens-membres-de-daech\/\",\"name\":\"Sabratha : Arrestation de 15 Tunisiens membres de Da\u00each - Kapitalis\",\"isPartOf\":{\"@id\":\"https:\/\/kapitalis.com\/tunisie\/#website\"},\"primaryImageOfPage\":{\"@id\":\"https:\/\/kapitalis.com\/tunisie\/2016\/02\/25\/sabratha-arrestation-de-15-tunisiens-membres-de-daech\/#primaryimage\"},\"image\":{\"@id\":\"https:\/\/kapitalis.com\/tunisie\/2016\/02\/25\/sabratha-arrestation-de-15-tunisiens-membres-de-daech\/#primaryimage\"},\"thumbnailUrl\":\"\",\"datePublished\":\"2016-02-25T21:36:22+00:00\",\"breadcrumb\":{\"@id\":\"https:\/\/kapitalis.com\/tunisie\/2016\/02\/25\/sabratha-arrestation-de-15-tunisiens-membres-de-daech\/#breadcrumb\"},\"inLanguage\":\"fr-FR\",\"potentialAction\":[{\"@type\":\"ReadAction\",\"target\":[\"https:\/\/kapitalis.com\/tunisie\/2016\/02\/25\/sabratha-arrestation-de-15-tunisiens-membres-de-daech\/\"]}]},{\"@type\":\"ImageObject\",\"inLanguage\":\"fr-FR\",\"@id\":\"https:\/\/kapitalis.com\/tunisie\/2016\/02\/25\/sabratha-arrestation-de-15-tunisiens-membres-de-daech\/#primaryimage\",\"url\":\"\",\"contentUrl\":\"\"},{\"@type\":\"BreadcrumbList\",\"@id\":\"https:\/\/kapitalis.com\/tunisie\/2016\/02\/25\/sabratha-arrestation-de-15-tunisiens-membres-de-daech\/#breadcrumb\",\"itemListElement\":[{\"@type\":\"ListItem\",\"position\":1,\"name\":\"Accueil\",\"item\":\"https:\/\/kapitalis.com\/tunisie\/\"},{\"@type\":\"ListItem\",\"position\":2,\"name\":\"Sabratha : Arrestation de 15 Tunisiens membres de Da\u00each\"}]},{\"@type\":\"WebSite\",\"@id\":\"https:\/\/kapitalis.com\/tunisie\/#website\",\"url\":\"https:\/\/kapitalis.com\/tunisie\/\",\"name\":\"Kapitalis\",\"description\":\"L&#039;actualit\u00e9 en Tunisie et dans le monde\",\"publisher\":{\"@id\":\"https:\/\/kapitalis.com\/tunisie\/#organization\"},\"potentialAction\":[{\"@type\":\"SearchAction\",\"target\":{\"@type\":\"EntryPoint\",\"urlTemplate\":\"https:\/\/kapitalis.com\/tunisie\/?s={search_term_string}\"},\"query-input\":{\"@type\":\"PropertyValueSpecification\",\"valueRequired\":true,\"valueName\":\"search_term_string\"}}],\"inLanguage\":\"fr-FR\"},{\"@type\":\"Organization\",\"@id\":\"https:\/\/kapitalis.com\/tunisie\/#organization\",\"name\":\"Kapitalis\",\"url\":\"https:\/\/kapitalis.com\/tunisie\/\",\"logo\":{\"@type\":\"ImageObject\",\"inLanguage\":\"fr-FR\",\"@id\":\"https:\/\/kapitalis.com\/tunisie\/#\/schema\/logo\/image\/\",\"url\":\"https:\/\/kapitalis.com\/tunisie\/wp-content\/uploads\/2022\/05\/Kapitalis-big-size.png\",\"contentUrl\":\"https:\/\/kapitalis.com\/tunisie\/wp-content\/uploads\/2022\/05\/Kapitalis-big-size.png\",\"width\":5000,\"height\":1500,\"caption\":\"Kapitalis\"},\"image\":{\"@id\":\"https:\/\/kapitalis.com\/tunisie\/#\/schema\/logo\/image\/\"},\"sameAs\":[\"https:\/\/www.facebook.com\/KapitalisInfo\/\",\"https:\/\/x.com\/KapitalisInfo\",\"https:\/\/www.youtube.com\/channel\/UC-yDYrHyfFBWWZaOw3FPg9Q\"]},{\"@type\":\"Person\",\"@id\":\"https:\/\/kapitalis.com\/tunisie\/#\/schema\/person\/d71f33a9ca44f7bad4698210b480c8e9\",\"name\":\"webmaster kapitalis\",\"url\":\"https:\/\/kapitalis.com\/tunisie\/author\/webmaster-kapitalis\/\"}]}<\/script>\n<!-- \/ Yoast SEO plugin. -->","yoast_head_json":{"title":"Sabratha : Arrestation de 15 Tunisiens membres de Da\u00each - Kapitalis","robots":{"index":"index","follow":"follow","max-snippet":"max-snippet:-1","max-image-preview":"max-image-preview:large","max-video-preview":"max-video-preview:-1"},"canonical":"https:\/\/kapitalis.com\/tunisie\/2016\/02\/25\/sabratha-arrestation-de-15-tunisiens-membres-de-daech\/","og_locale":"fr_FR","og_type":"article","og_title":"Sabratha : Arrestation de 15 Tunisiens membres de Da\u00each - Kapitalis","og_description":"\u00a0 Les milices de Fajr Libya ont annonc\u00e9 l\u2019arrestation, aujourd\u2019hui, \u00e0 Sabratha, d\u2019une quinzaine de Tunisiens membres de l\u2019organisation terroriste Da\u00each.","og_url":"https:\/\/kapitalis.com\/tunisie\/2016\/02\/25\/sabratha-arrestation-de-15-tunisiens-membres-de-daech\/","og_site_name":"Kapitalis","article_publisher":"https:\/\/www.facebook.com\/KapitalisInfo\/","article_published_time":"2016-02-25T21:36:22+00:00","og_image":[{"width":1200,"height":630,"url":"https:\/\/kapitalis.com\/tunisie\/wp-content\/uploads\/2022\/05\/kapitalis-logo-fb.png","type":"image\/png"}],"author":"webmaster kapitalis","twitter_card":"summary_large_image","twitter_creator":"@KapitalisInfo","twitter_site":"@KapitalisInfo","twitter_misc":{"\u00c9crit par":"webmaster kapitalis","Dur\u00e9e de lecture estim\u00e9e":"1 minute"},"schema":{"@context":"https:\/\/schema.org","@graph":[{"@type":"Article","@id":"https:\/\/kapitalis.com\/tunisie\/2016\/02\/25\/sabratha-arrestation-de-15-tunisiens-membres-de-daech\/#article","isPartOf":{"@id":"https:\/\/kapitalis.com\/tunisie\/2016\/02\/25\/sabratha-arrestation-de-15-tunisiens-membres-de-daech\/"},"author":{"name":"webmaster kapitalis","@id":"https:\/\/kapitalis.com\/tunisie\/#\/schema\/person\/d71f33a9ca44f7bad4698210b480c8e9"},"headline":"Sabratha : Arrestation de 15 Tunisiens membres de Da\u00each","datePublished":"2016-02-25T21:36:22+00:00","mainEntityOfPage":{"@id":"https:\/\/kapitalis.com\/tunisie\/2016\/02\/25\/sabratha-arrestation-de-15-tunisiens-membres-de-daech\/"},"wordCount":187,"commentCount":1,"publisher":{"@id":"https:\/\/kapitalis.com\/tunisie\/#organization"},"image":{"@id":"https:\/\/kapitalis.com\/tunisie\/2016\/02\/25\/sabratha-arrestation-de-15-tunisiens-membres-de-daech\/#primaryimage"},"thumbnailUrl":"","keywords":["affrontements","Fajr Libya","milices islamistes","Sabratha","terroristes","Tripoli","tunisiens"],"articleSection":["SOCIETE","Tunisie"],"inLanguage":"fr-FR","potentialAction":[{"@type":"CommentAction","name":"Comment","target":["https:\/\/kapitalis.com\/tunisie\/2016\/02\/25\/sabratha-arrestation-de-15-tunisiens-membres-de-daech\/#respond"]}]},{"@type":"WebPage","@id":"https:\/\/kapitalis.com\/tunisie\/2016\/02\/25\/sabratha-arrestation-de-15-tunisiens-membres-de-daech\/","url":"https:\/\/kapitalis.com\/tunisie\/2016\/02\/25\/sabratha-arrestation-de-15-tunisiens-membres-de-daech\/","name":"Sabratha : Arrestation de 15 Tunisiens membres de Da\u00each - Kapitalis","isPartOf":{"@id":"https:\/\/kapitalis.com\/tunisie\/#website"},"primaryImageOfPage":{"@id":"https:\/\/kapitalis.com\/tunisie\/2016\/02\/25\/sabratha-arrestation-de-15-tunisiens-membres-de-daech\/#primaryimage"},"image":{"@id":"https:\/\/kapitalis.com\/tunisie\/2016\/02\/25\/sabratha-arrestation-de-15-tunisiens-membres-de-daech\/#primaryimage"},"thumbnailUrl":"","datePublished":"2016-02-25T21:36:22+00:00","breadcrumb":{"@id":"https:\/\/kapitalis.com\/tunisie\/2016\/02\/25\/sabratha-arrestation-de-15-tunisiens-membres-de-daech\/#breadcrumb"},"inLanguage":"fr-FR","potentialAction":[{"@type":"ReadAction","target":["https:\/\/kapitalis.com\/tunisie\/2016\/02\/25\/sabratha-arrestation-de-15-tunisiens-membres-de-daech\/"]}]},{"@type":"ImageObject","inLanguage":"fr-FR","@id":"https:\/\/kapitalis.com\/tunisie\/2016\/02\/25\/sabratha-arrestation-de-15-tunisiens-membres-de-daech\/#primaryimage","url":"","contentUrl":""},{"@type":"BreadcrumbList","@id":"https:\/\/kapitalis.com\/tunisie\/2016\/02\/25\/sabratha-arrestation-de-15-tunisiens-membres-de-daech\/#breadcrumb","itemListElement":[{"@type":"ListItem","position":1,"name":"Accueil","item":"https:\/\/kapitalis.com\/tunisie\/"},{"@type":"ListItem","position":2,"name":"Sabratha : Arrestation de 15 Tunisiens membres de Da\u00each"}]},{"@type":"WebSite","@id":"https:\/\/kapitalis.com\/tunisie\/#website","url":"https:\/\/kapitalis.com\/tunisie\/","name":"Kapitalis","description":"L&#039;actualit\u00e9 en Tunisie et dans le monde","publisher":{"@id":"https:\/\/kapitalis.com\/tunisie\/#organization"},"potentialAction":[{"@type":"SearchAction","target":{"@type":"EntryPoint","urlTemplate":"https:\/\/kapitalis.com\/tunisie\/?s={search_term_string}"},"query-input":{"@type":"PropertyValueSpecification","valueRequired":true,"valueName":"search_term_string"}}],"inLanguage":"fr-FR"},{"@type":"Organization","@id":"https:\/\/kapitalis.com\/tunisie\/#organization","name":"Kapitalis","url":"https:\/\/kapitalis.com\/tunisie\/","logo":{"@type":"ImageObject","inLanguage":"fr-FR","@id":"https:\/\/kapitalis.com\/tunisie\/#\/schema\/logo\/image\/","url":"https:\/\/kapitalis.com\/tunisie\/wp-content\/uploads\/2022\/05\/Kapitalis-big-size.png","contentUrl":"https:\/\/kapitalis.com\/tunisie\/wp-content\/uploads\/2022\/05\/Kapitalis-big-size.png","width":5000,"height":1500,"caption":"Kapitalis"},"image":{"@id":"https:\/\/kapitalis.com\/tunisie\/#\/schema\/logo\/image\/"},"sameAs":["https:\/\/www.facebook.com\/KapitalisInfo\/","https:\/\/x.com\/KapitalisInfo","https:\/\/www.youtube.com\/channel\/UC-yDYrHyfFBWWZaOw3FPg9Q"]},{"@type":"Person","@id":"https:\/\/kapitalis.com\/tunisie\/#\/schema\/person\/d71f33a9ca44f7bad4698210b480c8e9","name":"webmaster kapitalis","url":"https:\/\/kapitalis.com\/tunisie\/author\/webmaster-kapitalis\/"}]}},"_links":{"self":[{"href":"https:\/\/kapitalis.com\/tunisie\/wp-json\/wp\/v2\/posts\/41246","targetHints":{"allow":["GET"]}}],"collection":[{"href":"https:\/\/kapitalis.com\/tunisie\/wp-json\/wp\/v2\/posts"}],"about":[{"href":"https:\/\/kapitalis.com\/tunisie\/wp-json\/wp\/v2\/types\/post"}],"author":[{"embeddable":true,"href":"https:\/\/kapitalis.com\/tunisie\/wp-json\/wp\/v2\/users\/8"}],"replies":[{"embeddable":true,"href":"https:\/\/kapitalis.com\/tunisie\/wp-json\/wp\/v2\/comments?post=41246"}],"version-history":[{"count":0,"href":"https:\/\/kapitalis.com\/tunisie\/wp-json\/wp\/v2\/posts\/41246\/revisions"}],"wp:featuredmedia":[{"embeddable":true,"href":"https:\/\/kapitalis.com\/tunisie\/wp-json\/wp\/v2\/media\/41247"}],"wp:attachment":[{"href":"https:\/\/kapitalis.com\/tunisie\/wp-json\/wp\/v2\/media?parent=41246"}],"wp:term":[{"taxonomy":"category","embeddable":true,"href":"https:\/\/kapitalis.com\/tunisie\/wp-json\/wp\/v2\/categories?post=41246"},{"taxonomy":"post_tag","embeddable":true,"href":"https:\/\/kapitalis.com\/tunisie\/wp-json\/wp\/v2\/tags?post=41246"}],"curies":[{"name":"wp","href":"https:\/\/api.w.org\/{rel}","templated":true}]}}