{"id":41352,"date":"2016-02-26T18:29:33","date_gmt":"2016-02-26T17:29:33","guid":{"rendered":"http:\/\/kapitalis.com\/tunisie\/?p=41352"},"modified":"2016-02-26T18:29:33","modified_gmt":"2016-02-26T17:29:33","slug":"electronique-le-groupe-actia-renforce-ses-activites-en-tunisie","status":"publish","type":"post","link":"https:\/\/kapitalis.com\/tunisie\/2016\/02\/26\/electronique-le-groupe-actia-renforce-ses-activites-en-tunisie\/","title":{"rendered":"Electronique : Le groupe Actia renforce ses activit\u00e9s en Tunisie"},"content":{"rendered":"<p><img loading=\"lazy\" decoding=\"async\" class=\"alignnone size-full wp-image-41353 aligncenter\" src=\"http:\/\/kapitalis.com\/tunisie\/wp-content\/uploads\/2016\/02\/Actia-Group.jpg\" alt=\"Actia-Group\" width=\"626\" height=\"380\" \/><\/p>\n<p><em><strong>Le groupe Actia compte r\u00e9aliser de nouveaux projets en Tunisie dans le domaine des industries \u00e9lectroniques, pour un co\u00fbt de 22 millions de dinars (MD).<\/strong><\/em><\/p>\n<p><!--more--><\/p>\n<p>Ces projets vont g\u00e9n\u00e9rer pr\u00e8s de 100 emplois pour les dipl\u00f4m\u00e9s de sup\u00e9rieur, a indiqu\u00e9 Zakaria Hamad, ministre de l&rsquo;Industrie, en recevant, jeudi 25 f\u00e9vrier 2016, \u00e0 Tunis, le fondateur et pr\u00e9sident du conseil de surveillance du groupe, Louis Pech, son pr\u00e9sident du directoire, Jean-Louis Pech, le pr\u00e9sident des 3 unit\u00e9s implant\u00e9es en Tunisie (Actia, Cipi et Ardia Tunisie), Hsouna Fatnassi, et le DG d&rsquo;Ardia, Walid Rouiss.<\/p>\n<p>Tout en assurant que son d\u00e9partement apportera son soutien \u00e0 ces projets innovants et \u00e0 haut niveau technologique, le ministre a pr\u00e9sent\u00e9 \u00e0 ses h\u00f4tes le climat d&rsquo;investissement en Tunisie et les opportunit\u00e9s offertes pour la cr\u00e9ation de projets \u00e0 forte valeur ajout\u00e9e.<\/p>\n<p>M. Pech a affirm\u00e9, pour sa part, que la politique de l&rsquo;Etat tunisien en mati\u00e8re d&rsquo;investissement \u00e9tranger a encourag\u00e9 son groupe \u00e0 investir davantage et \u00e0 proc\u00e9der \u00e0 des extensions de ses projets d\u00e9j\u00e0 op\u00e9rationnels.<br \/>\nRappelant que les trois soci\u00e9t\u00e9s du groupe implant\u00e9es en Tunisie assurent 1150 emplois dont 350 ing\u00e9nieurs, M. Pech a fait l&rsquo;\u00e9loge des comp\u00e9tences tunisiennes dans ce domaine.<\/p>\n<p>A noter qu&rsquo;Actia est un groupe toulousain de dimension internationale, sp\u00e9cialis\u00e9 dans les syst\u00e8mes \u00e9lectroniques embarqu\u00e9s \u00e0 haute valeur ajout\u00e9e, destin\u00e9s aux march\u00e9s des v\u00e9hicules et des t\u00e9l\u00e9communications.<\/p>\n<p style=\"text-align: right;\"><strong>I. B.<\/strong> (avec Tap).<\/p>\n","protected":false},"excerpt":{"rendered":"<p>Le groupe Actia compte r\u00e9aliser de nouveaux projets en Tunisie dans le domaine des industries \u00e9lectroniques, pour un co\u00fbt de 22 millions de dinars (MD).<\/p>\n","protected":false},"author":8,"featured_media":41353,"comment_status":"open","ping_status":"open","sticky":false,"template":"","format":"standard","meta":{"footnotes":""},"categories":[995,2433],"tags":[974],"class_list":["post-41352","post","type-post","status-publish","format-standard","has-post-thumbnail","hentry","category-economie","category-tunisie","tag-zakaria-hamad"],"yoast_head":"<!-- This site is optimized with the Yoast SEO plugin v26.6 - https:\/\/yoast.com\/wordpress\/plugins\/seo\/ -->\n<title>Electronique : Le groupe Actia renforce ses activit\u00e9s en Tunisie - Kapitalis<\/title>\n<meta name=\"robots\" content=\"index, follow, max-snippet:-1, max-image-preview:large, max-video-preview:-1\" \/>\n<link rel=\"canonical\" href=\"https:\/\/kapitalis.com\/tunisie\/2016\/02\/26\/electronique-le-groupe-actia-renforce-ses-activites-en-tunisie\/\" \/>\n<meta property=\"og:locale\" content=\"fr_FR\" \/>\n<meta property=\"og:type\" content=\"article\" \/>\n<meta property=\"og:title\" content=\"Electronique : Le groupe Actia renforce ses activit\u00e9s en Tunisie - Kapitalis\" \/>\n<meta property=\"og:description\" content=\"Le groupe Actia compte r\u00e9aliser de nouveaux projets en Tunisie dans le domaine des industries \u00e9lectroniques, pour un co\u00fbt de 22 millions de dinars (MD).\" \/>\n<meta property=\"og:url\" content=\"https:\/\/kapitalis.com\/tunisie\/2016\/02\/26\/electronique-le-groupe-actia-renforce-ses-activites-en-tunisie\/\" \/>\n<meta property=\"og:site_name\" content=\"Kapitalis\" \/>\n<meta property=\"article:publisher\" content=\"https:\/\/www.facebook.com\/KapitalisInfo\/\" \/>\n<meta property=\"article:published_time\" content=\"2016-02-26T17:29:33+00:00\" \/>\n<meta property=\"og:image\" content=\"https:\/\/kapitalis.com\/tunisie\/wp-content\/uploads\/2022\/05\/kapitalis-logo-fb.png\" \/>\n\t<meta property=\"og:image:width\" content=\"1200\" \/>\n\t<meta property=\"og:image:height\" content=\"630\" \/>\n\t<meta property=\"og:image:type\" content=\"image\/png\" \/>\n<meta name=\"author\" content=\"webmaster kapitalis\" \/>\n<meta name=\"twitter:card\" content=\"summary_large_image\" \/>\n<meta name=\"twitter:creator\" content=\"@KapitalisInfo\" \/>\n<meta name=\"twitter:site\" content=\"@KapitalisInfo\" \/>\n<meta name=\"twitter:label1\" content=\"\u00c9crit par\" \/>\n\t<meta name=\"twitter:data1\" content=\"webmaster kapitalis\" \/>\n\t<meta name=\"twitter:label2\" content=\"Dur\u00e9e de lecture estim\u00e9e\" \/>\n\t<meta name=\"twitter:data2\" content=\"1 minute\" \/>\n<script type=\"application\/ld+json\" class=\"yoast-schema-graph\">{\"@context\":\"https:\/\/schema.org\",\"@graph\":[{\"@type\":\"Article\",\"@id\":\"https:\/\/kapitalis.com\/tunisie\/2016\/02\/26\/electronique-le-groupe-actia-renforce-ses-activites-en-tunisie\/#article\",\"isPartOf\":{\"@id\":\"https:\/\/kapitalis.com\/tunisie\/2016\/02\/26\/electronique-le-groupe-actia-renforce-ses-activites-en-tunisie\/\"},\"author\":{\"name\":\"webmaster kapitalis\",\"@id\":\"https:\/\/kapitalis.com\/tunisie\/#\/schema\/person\/d71f33a9ca44f7bad4698210b480c8e9\"},\"headline\":\"Electronique : Le groupe Actia renforce ses activit\u00e9s en Tunisie\",\"datePublished\":\"2016-02-26T17:29:33+00:00\",\"mainEntityOfPage\":{\"@id\":\"https:\/\/kapitalis.com\/tunisie\/2016\/02\/26\/electronique-le-groupe-actia-renforce-ses-activites-en-tunisie\/\"},\"wordCount\":262,\"commentCount\":0,\"publisher\":{\"@id\":\"https:\/\/kapitalis.com\/tunisie\/#organization\"},\"image\":{\"@id\":\"https:\/\/kapitalis.com\/tunisie\/2016\/02\/26\/electronique-le-groupe-actia-renforce-ses-activites-en-tunisie\/#primaryimage\"},\"thumbnailUrl\":\"\",\"keywords\":[\"Zakaria Hamad\"],\"articleSection\":[\"ECONOMIE\",\"Tunisie\"],\"inLanguage\":\"fr-FR\",\"potentialAction\":[{\"@type\":\"CommentAction\",\"name\":\"Comment\",\"target\":[\"https:\/\/kapitalis.com\/tunisie\/2016\/02\/26\/electronique-le-groupe-actia-renforce-ses-activites-en-tunisie\/#respond\"]}]},{\"@type\":\"WebPage\",\"@id\":\"https:\/\/kapitalis.com\/tunisie\/2016\/02\/26\/electronique-le-groupe-actia-renforce-ses-activites-en-tunisie\/\",\"url\":\"https:\/\/kapitalis.com\/tunisie\/2016\/02\/26\/electronique-le-groupe-actia-renforce-ses-activites-en-tunisie\/\",\"name\":\"Electronique : Le groupe Actia renforce ses activit\u00e9s en Tunisie - Kapitalis\",\"isPartOf\":{\"@id\":\"https:\/\/kapitalis.com\/tunisie\/#website\"},\"primaryImageOfPage\":{\"@id\":\"https:\/\/kapitalis.com\/tunisie\/2016\/02\/26\/electronique-le-groupe-actia-renforce-ses-activites-en-tunisie\/#primaryimage\"},\"image\":{\"@id\":\"https:\/\/kapitalis.com\/tunisie\/2016\/02\/26\/electronique-le-groupe-actia-renforce-ses-activites-en-tunisie\/#primaryimage\"},\"thumbnailUrl\":\"\",\"datePublished\":\"2016-02-26T17:29:33+00:00\",\"breadcrumb\":{\"@id\":\"https:\/\/kapitalis.com\/tunisie\/2016\/02\/26\/electronique-le-groupe-actia-renforce-ses-activites-en-tunisie\/#breadcrumb\"},\"inLanguage\":\"fr-FR\",\"potentialAction\":[{\"@type\":\"ReadAction\",\"target\":[\"https:\/\/kapitalis.com\/tunisie\/2016\/02\/26\/electronique-le-groupe-actia-renforce-ses-activites-en-tunisie\/\"]}]},{\"@type\":\"ImageObject\",\"inLanguage\":\"fr-FR\",\"@id\":\"https:\/\/kapitalis.com\/tunisie\/2016\/02\/26\/electronique-le-groupe-actia-renforce-ses-activites-en-tunisie\/#primaryimage\",\"url\":\"\",\"contentUrl\":\"\"},{\"@type\":\"BreadcrumbList\",\"@id\":\"https:\/\/kapitalis.com\/tunisie\/2016\/02\/26\/electronique-le-groupe-actia-renforce-ses-activites-en-tunisie\/#breadcrumb\",\"itemListElement\":[{\"@type\":\"ListItem\",\"position\":1,\"name\":\"Accueil\",\"item\":\"https:\/\/kapitalis.com\/tunisie\/\"},{\"@type\":\"ListItem\",\"position\":2,\"name\":\"Electronique : Le groupe Actia renforce ses activit\u00e9s en Tunisie\"}]},{\"@type\":\"WebSite\",\"@id\":\"https:\/\/kapitalis.com\/tunisie\/#website\",\"url\":\"https:\/\/kapitalis.com\/tunisie\/\",\"name\":\"Kapitalis\",\"description\":\"L&#039;actualit\u00e9 en Tunisie et dans le monde\",\"publisher\":{\"@id\":\"https:\/\/kapitalis.com\/tunisie\/#organization\"},\"potentialAction\":[{\"@type\":\"SearchAction\",\"target\":{\"@type\":\"EntryPoint\",\"urlTemplate\":\"https:\/\/kapitalis.com\/tunisie\/?s={search_term_string}\"},\"query-input\":{\"@type\":\"PropertyValueSpecification\",\"valueRequired\":true,\"valueName\":\"search_term_string\"}}],\"inLanguage\":\"fr-FR\"},{\"@type\":\"Organization\",\"@id\":\"https:\/\/kapitalis.com\/tunisie\/#organization\",\"name\":\"Kapitalis\",\"url\":\"https:\/\/kapitalis.com\/tunisie\/\",\"logo\":{\"@type\":\"ImageObject\",\"inLanguage\":\"fr-FR\",\"@id\":\"https:\/\/kapitalis.com\/tunisie\/#\/schema\/logo\/image\/\",\"url\":\"https:\/\/kapitalis.com\/tunisie\/wp-content\/uploads\/2022\/05\/Kapitalis-big-size.png\",\"contentUrl\":\"https:\/\/kapitalis.com\/tunisie\/wp-content\/uploads\/2022\/05\/Kapitalis-big-size.png\",\"width\":5000,\"height\":1500,\"caption\":\"Kapitalis\"},\"image\":{\"@id\":\"https:\/\/kapitalis.com\/tunisie\/#\/schema\/logo\/image\/\"},\"sameAs\":[\"https:\/\/www.facebook.com\/KapitalisInfo\/\",\"https:\/\/x.com\/KapitalisInfo\",\"https:\/\/www.youtube.com\/channel\/UC-yDYrHyfFBWWZaOw3FPg9Q\"]},{\"@type\":\"Person\",\"@id\":\"https:\/\/kapitalis.com\/tunisie\/#\/schema\/person\/d71f33a9ca44f7bad4698210b480c8e9\",\"name\":\"webmaster kapitalis\",\"url\":\"https:\/\/kapitalis.com\/tunisie\/author\/webmaster-kapitalis\/\"}]}<\/script>\n<!-- \/ Yoast SEO plugin. -->","yoast_head_json":{"title":"Electronique : Le groupe Actia renforce ses activit\u00e9s en Tunisie - Kapitalis","robots":{"index":"index","follow":"follow","max-snippet":"max-snippet:-1","max-image-preview":"max-image-preview:large","max-video-preview":"max-video-preview:-1"},"canonical":"https:\/\/kapitalis.com\/tunisie\/2016\/02\/26\/electronique-le-groupe-actia-renforce-ses-activites-en-tunisie\/","og_locale":"fr_FR","og_type":"article","og_title":"Electronique : Le groupe Actia renforce ses activit\u00e9s en Tunisie - Kapitalis","og_description":"Le groupe Actia compte r\u00e9aliser de nouveaux projets en Tunisie dans le domaine des industries \u00e9lectroniques, pour un co\u00fbt de 22 millions de dinars (MD).","og_url":"https:\/\/kapitalis.com\/tunisie\/2016\/02\/26\/electronique-le-groupe-actia-renforce-ses-activites-en-tunisie\/","og_site_name":"Kapitalis","article_publisher":"https:\/\/www.facebook.com\/KapitalisInfo\/","article_published_time":"2016-02-26T17:29:33+00:00","og_image":[{"width":1200,"height":630,"url":"https:\/\/kapitalis.com\/tunisie\/wp-content\/uploads\/2022\/05\/kapitalis-logo-fb.png","type":"image\/png"}],"author":"webmaster kapitalis","twitter_card":"summary_large_image","twitter_creator":"@KapitalisInfo","twitter_site":"@KapitalisInfo","twitter_misc":{"\u00c9crit par":"webmaster kapitalis","Dur\u00e9e de lecture estim\u00e9e":"1 minute"},"schema":{"@context":"https:\/\/schema.org","@graph":[{"@type":"Article","@id":"https:\/\/kapitalis.com\/tunisie\/2016\/02\/26\/electronique-le-groupe-actia-renforce-ses-activites-en-tunisie\/#article","isPartOf":{"@id":"https:\/\/kapitalis.com\/tunisie\/2016\/02\/26\/electronique-le-groupe-actia-renforce-ses-activites-en-tunisie\/"},"author":{"name":"webmaster kapitalis","@id":"https:\/\/kapitalis.com\/tunisie\/#\/schema\/person\/d71f33a9ca44f7bad4698210b480c8e9"},"headline":"Electronique : Le groupe Actia renforce ses activit\u00e9s en Tunisie","datePublished":"2016-02-26T17:29:33+00:00","mainEntityOfPage":{"@id":"https:\/\/kapitalis.com\/tunisie\/2016\/02\/26\/electronique-le-groupe-actia-renforce-ses-activites-en-tunisie\/"},"wordCount":262,"commentCount":0,"publisher":{"@id":"https:\/\/kapitalis.com\/tunisie\/#organization"},"image":{"@id":"https:\/\/kapitalis.com\/tunisie\/2016\/02\/26\/electronique-le-groupe-actia-renforce-ses-activites-en-tunisie\/#primaryimage"},"thumbnailUrl":"","keywords":["Zakaria Hamad"],"articleSection":["ECONOMIE","Tunisie"],"inLanguage":"fr-FR","potentialAction":[{"@type":"CommentAction","name":"Comment","target":["https:\/\/kapitalis.com\/tunisie\/2016\/02\/26\/electronique-le-groupe-actia-renforce-ses-activites-en-tunisie\/#respond"]}]},{"@type":"WebPage","@id":"https:\/\/kapitalis.com\/tunisie\/2016\/02\/26\/electronique-le-groupe-actia-renforce-ses-activites-en-tunisie\/","url":"https:\/\/kapitalis.com\/tunisie\/2016\/02\/26\/electronique-le-groupe-actia-renforce-ses-activites-en-tunisie\/","name":"Electronique : Le groupe Actia renforce ses activit\u00e9s en Tunisie - Kapitalis","isPartOf":{"@id":"https:\/\/kapitalis.com\/tunisie\/#website"},"primaryImageOfPage":{"@id":"https:\/\/kapitalis.com\/tunisie\/2016\/02\/26\/electronique-le-groupe-actia-renforce-ses-activites-en-tunisie\/#primaryimage"},"image":{"@id":"https:\/\/kapitalis.com\/tunisie\/2016\/02\/26\/electronique-le-groupe-actia-renforce-ses-activites-en-tunisie\/#primaryimage"},"thumbnailUrl":"","datePublished":"2016-02-26T17:29:33+00:00","breadcrumb":{"@id":"https:\/\/kapitalis.com\/tunisie\/2016\/02\/26\/electronique-le-groupe-actia-renforce-ses-activites-en-tunisie\/#breadcrumb"},"inLanguage":"fr-FR","potentialAction":[{"@type":"ReadAction","target":["https:\/\/kapitalis.com\/tunisie\/2016\/02\/26\/electronique-le-groupe-actia-renforce-ses-activites-en-tunisie\/"]}]},{"@type":"ImageObject","inLanguage":"fr-FR","@id":"https:\/\/kapitalis.com\/tunisie\/2016\/02\/26\/electronique-le-groupe-actia-renforce-ses-activites-en-tunisie\/#primaryimage","url":"","contentUrl":""},{"@type":"BreadcrumbList","@id":"https:\/\/kapitalis.com\/tunisie\/2016\/02\/26\/electronique-le-groupe-actia-renforce-ses-activites-en-tunisie\/#breadcrumb","itemListElement":[{"@type":"ListItem","position":1,"name":"Accueil","item":"https:\/\/kapitalis.com\/tunisie\/"},{"@type":"ListItem","position":2,"name":"Electronique : Le groupe Actia renforce ses activit\u00e9s en Tunisie"}]},{"@type":"WebSite","@id":"https:\/\/kapitalis.com\/tunisie\/#website","url":"https:\/\/kapitalis.com\/tunisie\/","name":"Kapitalis","description":"L&#039;actualit\u00e9 en Tunisie et dans le monde","publisher":{"@id":"https:\/\/kapitalis.com\/tunisie\/#organization"},"potentialAction":[{"@type":"SearchAction","target":{"@type":"EntryPoint","urlTemplate":"https:\/\/kapitalis.com\/tunisie\/?s={search_term_string}"},"query-input":{"@type":"PropertyValueSpecification","valueRequired":true,"valueName":"search_term_string"}}],"inLanguage":"fr-FR"},{"@type":"Organization","@id":"https:\/\/kapitalis.com\/tunisie\/#organization","name":"Kapitalis","url":"https:\/\/kapitalis.com\/tunisie\/","logo":{"@type":"ImageObject","inLanguage":"fr-FR","@id":"https:\/\/kapitalis.com\/tunisie\/#\/schema\/logo\/image\/","url":"https:\/\/kapitalis.com\/tunisie\/wp-content\/uploads\/2022\/05\/Kapitalis-big-size.png","contentUrl":"https:\/\/kapitalis.com\/tunisie\/wp-content\/uploads\/2022\/05\/Kapitalis-big-size.png","width":5000,"height":1500,"caption":"Kapitalis"},"image":{"@id":"https:\/\/kapitalis.com\/tunisie\/#\/schema\/logo\/image\/"},"sameAs":["https:\/\/www.facebook.com\/KapitalisInfo\/","https:\/\/x.com\/KapitalisInfo","https:\/\/www.youtube.com\/channel\/UC-yDYrHyfFBWWZaOw3FPg9Q"]},{"@type":"Person","@id":"https:\/\/kapitalis.com\/tunisie\/#\/schema\/person\/d71f33a9ca44f7bad4698210b480c8e9","name":"webmaster kapitalis","url":"https:\/\/kapitalis.com\/tunisie\/author\/webmaster-kapitalis\/"}]}},"_links":{"self":[{"href":"https:\/\/kapitalis.com\/tunisie\/wp-json\/wp\/v2\/posts\/41352","targetHints":{"allow":["GET"]}}],"collection":[{"href":"https:\/\/kapitalis.com\/tunisie\/wp-json\/wp\/v2\/posts"}],"about":[{"href":"https:\/\/kapitalis.com\/tunisie\/wp-json\/wp\/v2\/types\/post"}],"author":[{"embeddable":true,"href":"https:\/\/kapitalis.com\/tunisie\/wp-json\/wp\/v2\/users\/8"}],"replies":[{"embeddable":true,"href":"https:\/\/kapitalis.com\/tunisie\/wp-json\/wp\/v2\/comments?post=41352"}],"version-history":[{"count":0,"href":"https:\/\/kapitalis.com\/tunisie\/wp-json\/wp\/v2\/posts\/41352\/revisions"}],"wp:featuredmedia":[{"embeddable":true,"href":"https:\/\/kapitalis.com\/tunisie\/wp-json\/wp\/v2\/media\/41353"}],"wp:attachment":[{"href":"https:\/\/kapitalis.com\/tunisie\/wp-json\/wp\/v2\/media?parent=41352"}],"wp:term":[{"taxonomy":"category","embeddable":true,"href":"https:\/\/kapitalis.com\/tunisie\/wp-json\/wp\/v2\/categories?post=41352"},{"taxonomy":"post_tag","embeddable":true,"href":"https:\/\/kapitalis.com\/tunisie\/wp-json\/wp\/v2\/tags?post=41352"}],"curies":[{"name":"wp","href":"https:\/\/api.w.org\/{rel}","templated":true}]}}