{"id":41376,"date":"2016-02-27T08:49:12","date_gmt":"2016-02-27T07:49:12","guid":{"rendered":"http:\/\/kapitalis.com\/tunisie\/?p=41376"},"modified":"2016-02-27T08:49:12","modified_gmt":"2016-02-27T07:49:12","slug":"geneve-tunis-si-loin-si-proche","status":"publish","type":"post","link":"https:\/\/kapitalis.com\/tunisie\/2016\/02\/27\/geneve-tunis-si-loin-si-proche\/","title":{"rendered":"Gen\u00e8ve-Tunis: \u201cSi loin&#8230; si proche\u201d"},"content":{"rendered":"<p><img loading=\"lazy\" decoding=\"async\" class=\"alignnone size-full wp-image-41377 aligncenter\" src=\"http:\/\/kapitalis.com\/tunisie\/wp-content\/uploads\/2016\/02\/Tunis-Geneve-Si-loin-si-proche.jpg\" alt=\"Tunis-Geneve-Si-loin-si-proche\" width=\"626\" height=\"380\" \/><\/p>\n<p style=\"text-align: center;\"><em>Jalel Matri.<\/em><\/p>\n<p><em><strong>L\u2019association Le Pont Gen\u00e8ve organise des projections simultan\u00e9es de films tunisiens en Suisse et de films suisses en Tunisie. \u00a0<\/strong><\/em><\/p>\n<p>Par <strong>Haykel Ezzeddine<\/strong>, <em>correspondant \u00e0 Gen\u00e8ve<\/em><\/p>\n<p><!--more--><\/p>\n<p>Deuxi\u00e8me grande initiative de l\u2019association Le Pont Gen\u00e8ve apr\u00e8s celle organis\u00e9e en 2015 avec Air Marin (<em>\u201cUn avion pour Tunis\u201d<\/em>) pour relancer le tourisme tunisien, une journ\u00e9e cin\u00e9matographique aura lieu le 12 mars 2016, simultan\u00e9ment, \u00e0 Gen\u00e8ve, dans le cadre du Festival du Film et Forum international sur les Droits humains (FIFDH), et au Kram et \u00e0 Menzel Bourguiba, avec des films tunisiens pour le public genevois et des films suisses pour les cin\u00e9philes tunisiens. Un \u00e9change pour tisser et renforcer les liens entre les deux peuples durant cette p\u00e9riode de transition d\u00e9mocratique.<\/p>\n<p>La 14e \u00e9dition du Festival du Film et le Forum international sur les Droits humains (FIFDH)\u00a0 auront lieu \u00e0 Gen\u00e8ve du 4 au 13 mars avec un programme riche et vari\u00e9. Le cin\u00e9ma mais aussi la photo et le th\u00e9\u00e2tre seront \u00e0 l\u2019honneur durant 10 jours dans 37 lieux diff\u00e9rents. 200 cin\u00e9astes et professionnels de l\u2019image et des m\u00e9dias sont invit\u00e9s pour d\u00e9battre de sujets qui font l\u2019actualit\u00e9 comme le climat, les droits humains, la libert\u00e9 et la politique s\u00e9curitaire, le saccage du patrimoine, le flux migratoire \u00e0 cause des conflits, la lutte des peuples autochtones pour leur terre sacr\u00e9, les violences conjugales&#8230;<\/p>\n<p>Les participants concourront dans trois comp\u00e9titions officielles dot\u00e9es de prix entre 500 et 10.000 francs suisses (entre 1030 et 20.550 dinars tunisiens). Mais le but premier pour cette manifestation c\u2019est la condamnation des atteintes au droit de l\u2019homme et les moyens d\u2019y mettre fin.<\/p>\n<p>L\u2019association le Pont Gen\u00e8ve, dont l\u2019objectif est de promouvoir les \u00e9changes entre Suisses et Tunisiens pour un meilleur vivre ensemble, participe \u00e0 cette rencontre cin\u00e9matographique. Fort des multiples \u00e9v\u00e8nements qu&rsquo;il a mis sur pied durant sa premi\u00e8re ann\u00e9e d\u2019existence, le Pont s\u2019est associ\u00e9 au FIFDH pour organiser une journ\u00e9e du cin\u00e9ma tunisien avec la projection du long-m\u00e9trage<em> \u201cC\u2019\u00e9tait mieux demain\u201d<\/em> de Hind Boujemaa, de 3 cours m\u00e9trages (<em>\u201cHors-Je\u201d<\/em> de Moufida Fedhila, <em>\u201cLa nuit de Badr\u201d<\/em> de Mehdi Hmili, et <em>\u201cEt Rom\u00e9o \u00e9pousa Juliette\u2019\u2019<\/em> de Hind Boujemaa ) et de 2 documentaires (<em>\u201cEl Gort\u201d<\/em> de Hamza Ouni et <em>\u201c7 Vies\u201d<\/em> de Lilia Blaise et Amine Boufaied).<\/p>\n<p>Le m\u00eame jour, et presque simultan\u00e9ment aux m\u00eames heures au Cin\u00e9vog au Kram et au cin\u00e9ma M\u00e9tropole \u00e0 Menzel Bourguiba, des courts m\u00e9trages et des documentaires suisses seront projet\u00e9s au public tunisien. Le long-m\u00e9trage de fiction <em>\u201cNarcisse\u201d<\/em> de la tunisienne Sonia Chamkhi fera partie du programme de cette journ\u00e9e cin\u00e9matographique comme <em>\u201cHeidi\u201d<\/em> d\u2019Alain Gsponer qui sera projet\u00e9 en avant-premi\u00e8re.<\/p>\n<p>Pour Jalel Matri, pr\u00e9sident de l\u2019association Le Pont, cette initiative citoyenne sera certainement renouvel\u00e9e l\u2019ann\u00e9e prochaine, qui s\u2019en plaindra?<\/p>\n<p>Gen\u00e8ve et Tunis, la Suisse et la Tunisie, <em>\u201cSi loin&#8230;si proche\u201d<\/em>, gr\u00e2ce \u00e0 la passerelle du Pont qui unit l\u2019espace d\u2019un jour les cin\u00e9philes des deux pays.<\/p>\n<p><em><strong>Articles li\u00e9s:<\/strong><\/em><\/p>\n<p><a href=\"http:\/\/kapitalis.com\/tunisie\/2015\/09\/15\/tourisme-la-suisse-se-mobilise-pour-la-relance-de-la-destination-tunisie\/\" target=\"_blank\"><em>Tourisme : La Suisse se mobilise pour la relance de la destination Tunisie<\/em><\/a><\/p>\n<p><a href=\"http:\/\/kapitalis.com\/tunisie\/2015\/09\/21\/tourisme-des-suisses-au-bardo-et-a-hammamet\/\" target=\"_blank\"><em>Tourisme : Des Suisses au Bardo et \u00e0 Hammamet\u00a0\u00a0\u00a0\u00a0\u00a0<\/em> <\/a><\/p>\n","protected":false},"excerpt":{"rendered":"<p>Jalel Matri. L\u2019association Le Pont Gen\u00e8ve organise des projections simultan\u00e9es de films tunisiens en Suisse et de films suisses en Tunisie. \u00a0 Par Haykel Ezzeddine, correspondant \u00e0 Gen\u00e8ve<\/p>\n","protected":false},"author":8,"featured_media":41377,"comment_status":"open","ping_status":"open","sticky":false,"template":"","format":"standard","meta":{"footnotes":""},"categories":[992,994,2433],"tags":[9668,5137,2794,5138,601,14506],"class_list":["post-41376","post","type-post","status-publish","format-standard","has-post-thumbnail","hentry","category-a-la-une","category-culture","category-tunisie","tag-cinema-tunisien","tag-cinevog","tag-geneve","tag-kram","tag-menzel-bourguiba","tag-sonia-chamkhi"],"yoast_head":"<!-- This site is optimized with the Yoast SEO plugin v26.6 - https:\/\/yoast.com\/wordpress\/plugins\/seo\/ -->\n<title>Gen\u00e8ve-Tunis: \u201cSi loin... si proche\u201d - Kapitalis<\/title>\n<meta name=\"robots\" content=\"index, follow, max-snippet:-1, max-image-preview:large, max-video-preview:-1\" \/>\n<link rel=\"canonical\" href=\"https:\/\/kapitalis.com\/tunisie\/2016\/02\/27\/geneve-tunis-si-loin-si-proche\/\" \/>\n<meta property=\"og:locale\" content=\"fr_FR\" \/>\n<meta property=\"og:type\" content=\"article\" \/>\n<meta property=\"og:title\" content=\"Gen\u00e8ve-Tunis: \u201cSi loin... si proche\u201d - Kapitalis\" \/>\n<meta property=\"og:description\" content=\"Jalel Matri. L\u2019association Le Pont Gen\u00e8ve organise des projections simultan\u00e9es de films tunisiens en Suisse et de films suisses en Tunisie. \u00a0 Par Haykel Ezzeddine, correspondant \u00e0 Gen\u00e8ve\" \/>\n<meta property=\"og:url\" content=\"https:\/\/kapitalis.com\/tunisie\/2016\/02\/27\/geneve-tunis-si-loin-si-proche\/\" \/>\n<meta property=\"og:site_name\" content=\"Kapitalis\" \/>\n<meta property=\"article:publisher\" content=\"https:\/\/www.facebook.com\/KapitalisInfo\/\" \/>\n<meta property=\"article:published_time\" content=\"2016-02-27T07:49:12+00:00\" \/>\n<meta property=\"og:image\" content=\"https:\/\/kapitalis.com\/tunisie\/wp-content\/uploads\/2022\/05\/kapitalis-logo-fb.png\" \/>\n\t<meta property=\"og:image:width\" content=\"1200\" \/>\n\t<meta property=\"og:image:height\" content=\"630\" \/>\n\t<meta property=\"og:image:type\" content=\"image\/png\" \/>\n<meta name=\"author\" content=\"webmaster kapitalis\" \/>\n<meta name=\"twitter:card\" content=\"summary_large_image\" \/>\n<meta name=\"twitter:creator\" content=\"@KapitalisInfo\" \/>\n<meta name=\"twitter:site\" content=\"@KapitalisInfo\" \/>\n<meta name=\"twitter:label1\" content=\"\u00c9crit par\" \/>\n\t<meta name=\"twitter:data1\" content=\"webmaster kapitalis\" \/>\n\t<meta name=\"twitter:label2\" content=\"Dur\u00e9e de lecture estim\u00e9e\" \/>\n\t<meta name=\"twitter:data2\" content=\"3 minutes\" \/>\n<script type=\"application\/ld+json\" class=\"yoast-schema-graph\">{\"@context\":\"https:\/\/schema.org\",\"@graph\":[{\"@type\":\"Article\",\"@id\":\"https:\/\/kapitalis.com\/tunisie\/2016\/02\/27\/geneve-tunis-si-loin-si-proche\/#article\",\"isPartOf\":{\"@id\":\"https:\/\/kapitalis.com\/tunisie\/2016\/02\/27\/geneve-tunis-si-loin-si-proche\/\"},\"author\":{\"name\":\"webmaster kapitalis\",\"@id\":\"https:\/\/kapitalis.com\/tunisie\/#\/schema\/person\/d71f33a9ca44f7bad4698210b480c8e9\"},\"headline\":\"Gen\u00e8ve-Tunis: \u201cSi loin&#8230; si proche\u201d\",\"datePublished\":\"2016-02-27T07:49:12+00:00\",\"mainEntityOfPage\":{\"@id\":\"https:\/\/kapitalis.com\/tunisie\/2016\/02\/27\/geneve-tunis-si-loin-si-proche\/\"},\"wordCount\":553,\"commentCount\":0,\"publisher\":{\"@id\":\"https:\/\/kapitalis.com\/tunisie\/#organization\"},\"image\":{\"@id\":\"https:\/\/kapitalis.com\/tunisie\/2016\/02\/27\/geneve-tunis-si-loin-si-proche\/#primaryimage\"},\"thumbnailUrl\":\"\",\"keywords\":[\"cin\u00e9ma tunisien\",\"Cin\u00e9vog\",\"Gen\u00e8ve\",\"Kram\",\"Menzel Bourguiba\",\"Sonia Chamkhi\"],\"articleSection\":[\"A LA UNE\",\"CULTURE\",\"Tunisie\"],\"inLanguage\":\"fr-FR\",\"potentialAction\":[{\"@type\":\"CommentAction\",\"name\":\"Comment\",\"target\":[\"https:\/\/kapitalis.com\/tunisie\/2016\/02\/27\/geneve-tunis-si-loin-si-proche\/#respond\"]}]},{\"@type\":\"WebPage\",\"@id\":\"https:\/\/kapitalis.com\/tunisie\/2016\/02\/27\/geneve-tunis-si-loin-si-proche\/\",\"url\":\"https:\/\/kapitalis.com\/tunisie\/2016\/02\/27\/geneve-tunis-si-loin-si-proche\/\",\"name\":\"Gen\u00e8ve-Tunis: \u201cSi loin... si proche\u201d - Kapitalis\",\"isPartOf\":{\"@id\":\"https:\/\/kapitalis.com\/tunisie\/#website\"},\"primaryImageOfPage\":{\"@id\":\"https:\/\/kapitalis.com\/tunisie\/2016\/02\/27\/geneve-tunis-si-loin-si-proche\/#primaryimage\"},\"image\":{\"@id\":\"https:\/\/kapitalis.com\/tunisie\/2016\/02\/27\/geneve-tunis-si-loin-si-proche\/#primaryimage\"},\"thumbnailUrl\":\"\",\"datePublished\":\"2016-02-27T07:49:12+00:00\",\"breadcrumb\":{\"@id\":\"https:\/\/kapitalis.com\/tunisie\/2016\/02\/27\/geneve-tunis-si-loin-si-proche\/#breadcrumb\"},\"inLanguage\":\"fr-FR\",\"potentialAction\":[{\"@type\":\"ReadAction\",\"target\":[\"https:\/\/kapitalis.com\/tunisie\/2016\/02\/27\/geneve-tunis-si-loin-si-proche\/\"]}]},{\"@type\":\"ImageObject\",\"inLanguage\":\"fr-FR\",\"@id\":\"https:\/\/kapitalis.com\/tunisie\/2016\/02\/27\/geneve-tunis-si-loin-si-proche\/#primaryimage\",\"url\":\"\",\"contentUrl\":\"\"},{\"@type\":\"BreadcrumbList\",\"@id\":\"https:\/\/kapitalis.com\/tunisie\/2016\/02\/27\/geneve-tunis-si-loin-si-proche\/#breadcrumb\",\"itemListElement\":[{\"@type\":\"ListItem\",\"position\":1,\"name\":\"Accueil\",\"item\":\"https:\/\/kapitalis.com\/tunisie\/\"},{\"@type\":\"ListItem\",\"position\":2,\"name\":\"Gen\u00e8ve-Tunis: \u201cSi loin&#8230; si proche\u201d\"}]},{\"@type\":\"WebSite\",\"@id\":\"https:\/\/kapitalis.com\/tunisie\/#website\",\"url\":\"https:\/\/kapitalis.com\/tunisie\/\",\"name\":\"Kapitalis\",\"description\":\"L&#039;actualit\u00e9 en Tunisie et dans le monde\",\"publisher\":{\"@id\":\"https:\/\/kapitalis.com\/tunisie\/#organization\"},\"potentialAction\":[{\"@type\":\"SearchAction\",\"target\":{\"@type\":\"EntryPoint\",\"urlTemplate\":\"https:\/\/kapitalis.com\/tunisie\/?s={search_term_string}\"},\"query-input\":{\"@type\":\"PropertyValueSpecification\",\"valueRequired\":true,\"valueName\":\"search_term_string\"}}],\"inLanguage\":\"fr-FR\"},{\"@type\":\"Organization\",\"@id\":\"https:\/\/kapitalis.com\/tunisie\/#organization\",\"name\":\"Kapitalis\",\"url\":\"https:\/\/kapitalis.com\/tunisie\/\",\"logo\":{\"@type\":\"ImageObject\",\"inLanguage\":\"fr-FR\",\"@id\":\"https:\/\/kapitalis.com\/tunisie\/#\/schema\/logo\/image\/\",\"url\":\"https:\/\/kapitalis.com\/tunisie\/wp-content\/uploads\/2022\/05\/Kapitalis-big-size.png\",\"contentUrl\":\"https:\/\/kapitalis.com\/tunisie\/wp-content\/uploads\/2022\/05\/Kapitalis-big-size.png\",\"width\":5000,\"height\":1500,\"caption\":\"Kapitalis\"},\"image\":{\"@id\":\"https:\/\/kapitalis.com\/tunisie\/#\/schema\/logo\/image\/\"},\"sameAs\":[\"https:\/\/www.facebook.com\/KapitalisInfo\/\",\"https:\/\/x.com\/KapitalisInfo\",\"https:\/\/www.youtube.com\/channel\/UC-yDYrHyfFBWWZaOw3FPg9Q\"]},{\"@type\":\"Person\",\"@id\":\"https:\/\/kapitalis.com\/tunisie\/#\/schema\/person\/d71f33a9ca44f7bad4698210b480c8e9\",\"name\":\"webmaster kapitalis\",\"url\":\"https:\/\/kapitalis.com\/tunisie\/author\/webmaster-kapitalis\/\"}]}<\/script>\n<!-- \/ Yoast SEO plugin. -->","yoast_head_json":{"title":"Gen\u00e8ve-Tunis: \u201cSi loin... si proche\u201d - Kapitalis","robots":{"index":"index","follow":"follow","max-snippet":"max-snippet:-1","max-image-preview":"max-image-preview:large","max-video-preview":"max-video-preview:-1"},"canonical":"https:\/\/kapitalis.com\/tunisie\/2016\/02\/27\/geneve-tunis-si-loin-si-proche\/","og_locale":"fr_FR","og_type":"article","og_title":"Gen\u00e8ve-Tunis: \u201cSi loin... si proche\u201d - Kapitalis","og_description":"Jalel Matri. L\u2019association Le Pont Gen\u00e8ve organise des projections simultan\u00e9es de films tunisiens en Suisse et de films suisses en Tunisie. \u00a0 Par Haykel Ezzeddine, correspondant \u00e0 Gen\u00e8ve","og_url":"https:\/\/kapitalis.com\/tunisie\/2016\/02\/27\/geneve-tunis-si-loin-si-proche\/","og_site_name":"Kapitalis","article_publisher":"https:\/\/www.facebook.com\/KapitalisInfo\/","article_published_time":"2016-02-27T07:49:12+00:00","og_image":[{"width":1200,"height":630,"url":"https:\/\/kapitalis.com\/tunisie\/wp-content\/uploads\/2022\/05\/kapitalis-logo-fb.png","type":"image\/png"}],"author":"webmaster kapitalis","twitter_card":"summary_large_image","twitter_creator":"@KapitalisInfo","twitter_site":"@KapitalisInfo","twitter_misc":{"\u00c9crit par":"webmaster kapitalis","Dur\u00e9e de lecture estim\u00e9e":"3 minutes"},"schema":{"@context":"https:\/\/schema.org","@graph":[{"@type":"Article","@id":"https:\/\/kapitalis.com\/tunisie\/2016\/02\/27\/geneve-tunis-si-loin-si-proche\/#article","isPartOf":{"@id":"https:\/\/kapitalis.com\/tunisie\/2016\/02\/27\/geneve-tunis-si-loin-si-proche\/"},"author":{"name":"webmaster kapitalis","@id":"https:\/\/kapitalis.com\/tunisie\/#\/schema\/person\/d71f33a9ca44f7bad4698210b480c8e9"},"headline":"Gen\u00e8ve-Tunis: \u201cSi loin&#8230; si proche\u201d","datePublished":"2016-02-27T07:49:12+00:00","mainEntityOfPage":{"@id":"https:\/\/kapitalis.com\/tunisie\/2016\/02\/27\/geneve-tunis-si-loin-si-proche\/"},"wordCount":553,"commentCount":0,"publisher":{"@id":"https:\/\/kapitalis.com\/tunisie\/#organization"},"image":{"@id":"https:\/\/kapitalis.com\/tunisie\/2016\/02\/27\/geneve-tunis-si-loin-si-proche\/#primaryimage"},"thumbnailUrl":"","keywords":["cin\u00e9ma tunisien","Cin\u00e9vog","Gen\u00e8ve","Kram","Menzel Bourguiba","Sonia Chamkhi"],"articleSection":["A LA UNE","CULTURE","Tunisie"],"inLanguage":"fr-FR","potentialAction":[{"@type":"CommentAction","name":"Comment","target":["https:\/\/kapitalis.com\/tunisie\/2016\/02\/27\/geneve-tunis-si-loin-si-proche\/#respond"]}]},{"@type":"WebPage","@id":"https:\/\/kapitalis.com\/tunisie\/2016\/02\/27\/geneve-tunis-si-loin-si-proche\/","url":"https:\/\/kapitalis.com\/tunisie\/2016\/02\/27\/geneve-tunis-si-loin-si-proche\/","name":"Gen\u00e8ve-Tunis: \u201cSi loin... si proche\u201d - Kapitalis","isPartOf":{"@id":"https:\/\/kapitalis.com\/tunisie\/#website"},"primaryImageOfPage":{"@id":"https:\/\/kapitalis.com\/tunisie\/2016\/02\/27\/geneve-tunis-si-loin-si-proche\/#primaryimage"},"image":{"@id":"https:\/\/kapitalis.com\/tunisie\/2016\/02\/27\/geneve-tunis-si-loin-si-proche\/#primaryimage"},"thumbnailUrl":"","datePublished":"2016-02-27T07:49:12+00:00","breadcrumb":{"@id":"https:\/\/kapitalis.com\/tunisie\/2016\/02\/27\/geneve-tunis-si-loin-si-proche\/#breadcrumb"},"inLanguage":"fr-FR","potentialAction":[{"@type":"ReadAction","target":["https:\/\/kapitalis.com\/tunisie\/2016\/02\/27\/geneve-tunis-si-loin-si-proche\/"]}]},{"@type":"ImageObject","inLanguage":"fr-FR","@id":"https:\/\/kapitalis.com\/tunisie\/2016\/02\/27\/geneve-tunis-si-loin-si-proche\/#primaryimage","url":"","contentUrl":""},{"@type":"BreadcrumbList","@id":"https:\/\/kapitalis.com\/tunisie\/2016\/02\/27\/geneve-tunis-si-loin-si-proche\/#breadcrumb","itemListElement":[{"@type":"ListItem","position":1,"name":"Accueil","item":"https:\/\/kapitalis.com\/tunisie\/"},{"@type":"ListItem","position":2,"name":"Gen\u00e8ve-Tunis: \u201cSi loin&#8230; si proche\u201d"}]},{"@type":"WebSite","@id":"https:\/\/kapitalis.com\/tunisie\/#website","url":"https:\/\/kapitalis.com\/tunisie\/","name":"Kapitalis","description":"L&#039;actualit\u00e9 en Tunisie et dans le monde","publisher":{"@id":"https:\/\/kapitalis.com\/tunisie\/#organization"},"potentialAction":[{"@type":"SearchAction","target":{"@type":"EntryPoint","urlTemplate":"https:\/\/kapitalis.com\/tunisie\/?s={search_term_string}"},"query-input":{"@type":"PropertyValueSpecification","valueRequired":true,"valueName":"search_term_string"}}],"inLanguage":"fr-FR"},{"@type":"Organization","@id":"https:\/\/kapitalis.com\/tunisie\/#organization","name":"Kapitalis","url":"https:\/\/kapitalis.com\/tunisie\/","logo":{"@type":"ImageObject","inLanguage":"fr-FR","@id":"https:\/\/kapitalis.com\/tunisie\/#\/schema\/logo\/image\/","url":"https:\/\/kapitalis.com\/tunisie\/wp-content\/uploads\/2022\/05\/Kapitalis-big-size.png","contentUrl":"https:\/\/kapitalis.com\/tunisie\/wp-content\/uploads\/2022\/05\/Kapitalis-big-size.png","width":5000,"height":1500,"caption":"Kapitalis"},"image":{"@id":"https:\/\/kapitalis.com\/tunisie\/#\/schema\/logo\/image\/"},"sameAs":["https:\/\/www.facebook.com\/KapitalisInfo\/","https:\/\/x.com\/KapitalisInfo","https:\/\/www.youtube.com\/channel\/UC-yDYrHyfFBWWZaOw3FPg9Q"]},{"@type":"Person","@id":"https:\/\/kapitalis.com\/tunisie\/#\/schema\/person\/d71f33a9ca44f7bad4698210b480c8e9","name":"webmaster kapitalis","url":"https:\/\/kapitalis.com\/tunisie\/author\/webmaster-kapitalis\/"}]}},"_links":{"self":[{"href":"https:\/\/kapitalis.com\/tunisie\/wp-json\/wp\/v2\/posts\/41376","targetHints":{"allow":["GET"]}}],"collection":[{"href":"https:\/\/kapitalis.com\/tunisie\/wp-json\/wp\/v2\/posts"}],"about":[{"href":"https:\/\/kapitalis.com\/tunisie\/wp-json\/wp\/v2\/types\/post"}],"author":[{"embeddable":true,"href":"https:\/\/kapitalis.com\/tunisie\/wp-json\/wp\/v2\/users\/8"}],"replies":[{"embeddable":true,"href":"https:\/\/kapitalis.com\/tunisie\/wp-json\/wp\/v2\/comments?post=41376"}],"version-history":[{"count":0,"href":"https:\/\/kapitalis.com\/tunisie\/wp-json\/wp\/v2\/posts\/41376\/revisions"}],"wp:featuredmedia":[{"embeddable":true,"href":"https:\/\/kapitalis.com\/tunisie\/wp-json\/wp\/v2\/media\/41377"}],"wp:attachment":[{"href":"https:\/\/kapitalis.com\/tunisie\/wp-json\/wp\/v2\/media?parent=41376"}],"wp:term":[{"taxonomy":"category","embeddable":true,"href":"https:\/\/kapitalis.com\/tunisie\/wp-json\/wp\/v2\/categories?post=41376"},{"taxonomy":"post_tag","embeddable":true,"href":"https:\/\/kapitalis.com\/tunisie\/wp-json\/wp\/v2\/tags?post=41376"}],"curies":[{"name":"wp","href":"https:\/\/api.w.org\/{rel}","templated":true}]}}