{"id":41499,"date":"2016-02-28T10:02:00","date_gmt":"2016-02-28T09:02:00","guid":{"rendered":"http:\/\/kapitalis.com\/tunisie\/?p=41499"},"modified":"2016-02-28T10:42:19","modified_gmt":"2016-02-28T09:42:19","slug":"le-chemin-de-fer-est-lavenir-du-transport-en-tunisie","status":"publish","type":"post","link":"https:\/\/kapitalis.com\/tunisie\/2016\/02\/28\/le-chemin-de-fer-est-lavenir-du-transport-en-tunisie\/","title":{"rendered":"Le chemin de fer est l\u2019avenir du transport en Tunisie"},"content":{"rendered":"<p><img loading=\"lazy\" decoding=\"async\" class=\"alignnone size-full wp-image-41500 aligncenter\" src=\"http:\/\/kapitalis.com\/tunisie\/wp-content\/uploads\/2016\/02\/RFR-Universite.jpg\" alt=\"RFR-Universite\" width=\"626\" height=\"380\" \/><\/p>\n<p><em><strong>La solution aux probl\u00e8mes du transport en Tunisie passe syst\u00e9matiquement par le chemin de fer, qui demeure un choix strat\u00e9gique de premier ordre.<\/strong> <\/em><\/p>\n<p>Par <strong>Wajdi Msaed<\/strong><\/p>\n<p><!--more--><\/p>\n<p><em>\u00abLe projet du R\u00e9seau Ferroviaire Rapide (RFR) sera mis en exploitation en octobre 2018\u00bb<\/em> sur le Grand-Tunis, a annonc\u00e9 Anis Ghedira, ministre du Transport, au cours d\u2019une c\u00e9r\u00e9monie organis\u00e9e vendredi 26 f\u00e9vrier 2016, par la soci\u00e9t\u00e9 RFR pour la signature de protocoles de partenariat avec 6 \u00e9tablissements de l\u2019enseignement sup\u00e9rieur (instituts et \u00e9coles d\u2019ing\u00e9nieurs, 5 \u00e0 Tunis et 1 \u00e0 Sousse). <em>\u00abL\u2019objectif \u00e9tant de permettre aux \u00e9l\u00e8ves ing\u00e9nieurs de b\u00e9n\u00e9ficier de stages pratiques au sein de l\u2019entreprise et d\u2019effectuer des visites sur le terrain\u00bb<\/em>, a pr\u00e9cis\u00e9 le ministre du Transport.<\/p>\n<p><strong>Jeter des ponts entre l\u2019universit\u00e9 et l\u2019entreprise <\/strong><\/p>\n<p>Apr\u00e8s avoir annonc\u00e9 que 90% des probl\u00e8mes fonciers ayant retard\u00e9 la r\u00e9alisation du projet du RFR ont \u00e9t\u00e9 r\u00e9solus, M. Ghedira a ajout\u00e9 que, les conventions sign\u00e9es \u00ab<em>permettront aussi l\u2019encadrement des projets de fin d\u2019\u00e9tudes et l\u2019appui aux activit\u00e9s scientifiques<\/em>\u00bb. <em>\u00abUne telle initiative permet \u00e0 l\u2019entreprise \u00e9conomique de s\u2019ouvrir davantage sur l\u2019universit\u00e9 et sur l\u2019enseignement d\u2019une fa\u00e7on g\u00e9n\u00e9rale et refl\u00e8te le souci d\u2019adapter davantage l\u2019enseignement aux besoins du\u00a0 march\u00e9 de l\u2019emploi\u00bb<\/em>, a encore dit M. Ghedira, en pr\u00e9cisant que ce processus, qui s\u2019\u00e9tendra sur d\u2019autres sp\u00e9cialit\u00e9s, ne sera pas l\u2019apanage des universit\u00e9s publiques mais touchera aussi, dans un proche futur, les universit\u00e9s priv\u00e9es.<\/p>\n<p>Chiheb Bouden, ministre de l\u2019Enseignement sup\u00e9rieur se de la Recherche scientifique, a mis l\u2019accent, de son c\u00f4t\u00e9, sur la n\u00e9cessit\u00e9 de l\u2019apprentissage des \u00e9tudiants sur le terrain et la mise au point de laboratoires de recherches en collaboration entre les \u00e9tablissements universitaires et les entreprises \u00e9conomiques. <em>\u00abLes embryons de laboratoires de recherches qui existent \u00e0 l\u2019heure actuelle doivent \u00eatre renforc\u00e9s, soutenus et d\u00e9velopp\u00e9s davantage\u00bb<\/em>, a indiqu\u00e9 M. Bouden, ajoutant que les accords conclus contribueront \u00e0 la formation des ing\u00e9nieurs dans les activit\u00e9s li\u00e9es \u00e0 la logistique, secteurs dans lesquels la Tunisie manque de comp\u00e9tences.<\/p>\n<p style=\"text-align: center;\"><img loading=\"lazy\" decoding=\"async\" class=\"alignnone size-full wp-image-41501\" src=\"http:\/\/kapitalis.com\/tunisie\/wp-content\/uploads\/2016\/02\/RFR-Universite-2.jpg\" alt=\"RFR-Universite-2\" width=\"500\" height=\"300\" \/><\/p>\n<p><strong>Des techniques utilis\u00e9es pour la 1\u00e8re fois en Afrique<\/strong><\/p>\n<p><em>\u00abLe RFR est un projet de grande envergure dont les \u00e9tapes de r\u00e9alisation m\u00e9ritent d\u2019\u00eatre suivies par les \u00e9tudiants, d\u2019autant que les techniques mises au point sont utilis\u00e9es pour la premi\u00e8re fois sur le continent africain\u00bb<\/em>, a pr\u00e9cis\u00e9 pour sa part Moez Mokaddem, Pdg de RFR, qui a soulign\u00e9 que la solution aux probl\u00e8mes du transport dans le pays passe syst\u00e9matiquement par les chemins de fer, qui demeurent un choix strat\u00e9gique de premier ordre.<\/p>\n<p><em>\u00abCe projet, dont le co\u00fbt de r\u00e9alisation est estim\u00e9 \u00e0 7 milliards de dinars, procure aux habitants du Grand-Tunis de nombreux avantages aux niveaux, entre autres, de la capacit\u00e9 d\u2019accueil des convois (la charge d&rsquo;un seul train est l&rsquo;\u00e9quivalent de la charge de 50 bus et 1700 voitures), de la fr\u00e9quence des circulations et de r\u00e9duction des \u00e9missions de gaz responsables de la pollution\u00bb,<\/em> a conclu le Pdg de RFR.<\/p>\n","protected":false},"excerpt":{"rendered":"<p>La solution aux probl\u00e8mes du transport en Tunisie passe syst\u00e9matiquement par le chemin de fer, qui demeure un choix strat\u00e9gique de premier ordre. Par Wajdi Msaed<\/p>\n","protected":false},"author":8,"featured_media":41500,"comment_status":"open","ping_status":"open","sticky":false,"template":"","format":"standard","meta":{"footnotes":""},"categories":[992,995,2433],"tags":[5009,5901,2052,2511,2786],"class_list":["post-41499","post","type-post","status-publish","format-standard","has-post-thumbnail","hentry","category-a-la-une","category-economie","category-tunisie","tag-anis-ghedira","tag-chiheb-bouden","tag-enseignement-superieur","tag-reseau-ferroviaire-rapide","tag-universite"],"yoast_head":"<!-- This site is optimized with the Yoast SEO plugin v26.6 - https:\/\/yoast.com\/wordpress\/plugins\/seo\/ -->\n<title>Le chemin de fer est l\u2019avenir du transport en Tunisie - Kapitalis<\/title>\n<meta name=\"robots\" content=\"index, follow, max-snippet:-1, max-image-preview:large, max-video-preview:-1\" \/>\n<link rel=\"canonical\" href=\"https:\/\/kapitalis.com\/tunisie\/2016\/02\/28\/le-chemin-de-fer-est-lavenir-du-transport-en-tunisie\/\" \/>\n<meta property=\"og:locale\" content=\"fr_FR\" \/>\n<meta property=\"og:type\" content=\"article\" \/>\n<meta property=\"og:title\" content=\"Le chemin de fer est l\u2019avenir du transport en Tunisie - Kapitalis\" \/>\n<meta property=\"og:description\" content=\"La solution aux probl\u00e8mes du transport en Tunisie passe syst\u00e9matiquement par le chemin de fer, qui demeure un choix strat\u00e9gique de premier ordre. Par Wajdi Msaed\" \/>\n<meta property=\"og:url\" content=\"https:\/\/kapitalis.com\/tunisie\/2016\/02\/28\/le-chemin-de-fer-est-lavenir-du-transport-en-tunisie\/\" \/>\n<meta property=\"og:site_name\" content=\"Kapitalis\" \/>\n<meta property=\"article:publisher\" content=\"https:\/\/www.facebook.com\/KapitalisInfo\/\" \/>\n<meta property=\"article:published_time\" content=\"2016-02-28T09:02:00+00:00\" \/>\n<meta property=\"article:modified_time\" content=\"2016-02-28T09:42:19+00:00\" \/>\n<meta property=\"og:image\" content=\"https:\/\/kapitalis.com\/tunisie\/wp-content\/uploads\/2022\/05\/kapitalis-logo-fb.png\" \/>\n\t<meta property=\"og:image:width\" content=\"1200\" \/>\n\t<meta property=\"og:image:height\" content=\"630\" \/>\n\t<meta property=\"og:image:type\" content=\"image\/png\" \/>\n<meta name=\"author\" content=\"webmaster kapitalis\" \/>\n<meta name=\"twitter:card\" content=\"summary_large_image\" \/>\n<meta name=\"twitter:creator\" content=\"@KapitalisInfo\" \/>\n<meta name=\"twitter:site\" content=\"@KapitalisInfo\" \/>\n<meta name=\"twitter:label1\" content=\"\u00c9crit par\" \/>\n\t<meta name=\"twitter:data1\" content=\"webmaster kapitalis\" \/>\n\t<meta name=\"twitter:label2\" content=\"Dur\u00e9e de lecture estim\u00e9e\" \/>\n\t<meta name=\"twitter:data2\" content=\"3 minutes\" \/>\n<script type=\"application\/ld+json\" class=\"yoast-schema-graph\">{\"@context\":\"https:\/\/schema.org\",\"@graph\":[{\"@type\":\"Article\",\"@id\":\"https:\/\/kapitalis.com\/tunisie\/2016\/02\/28\/le-chemin-de-fer-est-lavenir-du-transport-en-tunisie\/#article\",\"isPartOf\":{\"@id\":\"https:\/\/kapitalis.com\/tunisie\/2016\/02\/28\/le-chemin-de-fer-est-lavenir-du-transport-en-tunisie\/\"},\"author\":{\"name\":\"webmaster kapitalis\",\"@id\":\"https:\/\/kapitalis.com\/tunisie\/#\/schema\/person\/d71f33a9ca44f7bad4698210b480c8e9\"},\"headline\":\"Le chemin de fer est l\u2019avenir du transport en Tunisie\",\"datePublished\":\"2016-02-28T09:02:00+00:00\",\"dateModified\":\"2016-02-28T09:42:19+00:00\",\"mainEntityOfPage\":{\"@id\":\"https:\/\/kapitalis.com\/tunisie\/2016\/02\/28\/le-chemin-de-fer-est-lavenir-du-transport-en-tunisie\/\"},\"wordCount\":552,\"commentCount\":9,\"publisher\":{\"@id\":\"https:\/\/kapitalis.com\/tunisie\/#organization\"},\"image\":{\"@id\":\"https:\/\/kapitalis.com\/tunisie\/2016\/02\/28\/le-chemin-de-fer-est-lavenir-du-transport-en-tunisie\/#primaryimage\"},\"thumbnailUrl\":\"\",\"keywords\":[\"Anis Ghedira\",\"Chiheb Bouden\",\"enseignement sup\u00e9rieur\",\"R\u00e9seau ferroviaire rapide\",\"universit\u00e9\"],\"articleSection\":[\"A LA UNE\",\"ECONOMIE\",\"Tunisie\"],\"inLanguage\":\"fr-FR\",\"potentialAction\":[{\"@type\":\"CommentAction\",\"name\":\"Comment\",\"target\":[\"https:\/\/kapitalis.com\/tunisie\/2016\/02\/28\/le-chemin-de-fer-est-lavenir-du-transport-en-tunisie\/#respond\"]}]},{\"@type\":\"WebPage\",\"@id\":\"https:\/\/kapitalis.com\/tunisie\/2016\/02\/28\/le-chemin-de-fer-est-lavenir-du-transport-en-tunisie\/\",\"url\":\"https:\/\/kapitalis.com\/tunisie\/2016\/02\/28\/le-chemin-de-fer-est-lavenir-du-transport-en-tunisie\/\",\"name\":\"Le chemin de fer est l\u2019avenir du transport en Tunisie - Kapitalis\",\"isPartOf\":{\"@id\":\"https:\/\/kapitalis.com\/tunisie\/#website\"},\"primaryImageOfPage\":{\"@id\":\"https:\/\/kapitalis.com\/tunisie\/2016\/02\/28\/le-chemin-de-fer-est-lavenir-du-transport-en-tunisie\/#primaryimage\"},\"image\":{\"@id\":\"https:\/\/kapitalis.com\/tunisie\/2016\/02\/28\/le-chemin-de-fer-est-lavenir-du-transport-en-tunisie\/#primaryimage\"},\"thumbnailUrl\":\"\",\"datePublished\":\"2016-02-28T09:02:00+00:00\",\"dateModified\":\"2016-02-28T09:42:19+00:00\",\"breadcrumb\":{\"@id\":\"https:\/\/kapitalis.com\/tunisie\/2016\/02\/28\/le-chemin-de-fer-est-lavenir-du-transport-en-tunisie\/#breadcrumb\"},\"inLanguage\":\"fr-FR\",\"potentialAction\":[{\"@type\":\"ReadAction\",\"target\":[\"https:\/\/kapitalis.com\/tunisie\/2016\/02\/28\/le-chemin-de-fer-est-lavenir-du-transport-en-tunisie\/\"]}]},{\"@type\":\"ImageObject\",\"inLanguage\":\"fr-FR\",\"@id\":\"https:\/\/kapitalis.com\/tunisie\/2016\/02\/28\/le-chemin-de-fer-est-lavenir-du-transport-en-tunisie\/#primaryimage\",\"url\":\"\",\"contentUrl\":\"\"},{\"@type\":\"BreadcrumbList\",\"@id\":\"https:\/\/kapitalis.com\/tunisie\/2016\/02\/28\/le-chemin-de-fer-est-lavenir-du-transport-en-tunisie\/#breadcrumb\",\"itemListElement\":[{\"@type\":\"ListItem\",\"position\":1,\"name\":\"Accueil\",\"item\":\"https:\/\/kapitalis.com\/tunisie\/\"},{\"@type\":\"ListItem\",\"position\":2,\"name\":\"Le chemin de fer est l\u2019avenir du transport en Tunisie\"}]},{\"@type\":\"WebSite\",\"@id\":\"https:\/\/kapitalis.com\/tunisie\/#website\",\"url\":\"https:\/\/kapitalis.com\/tunisie\/\",\"name\":\"Kapitalis\",\"description\":\"L&#039;actualit\u00e9 en Tunisie et dans le monde\",\"publisher\":{\"@id\":\"https:\/\/kapitalis.com\/tunisie\/#organization\"},\"potentialAction\":[{\"@type\":\"SearchAction\",\"target\":{\"@type\":\"EntryPoint\",\"urlTemplate\":\"https:\/\/kapitalis.com\/tunisie\/?s={search_term_string}\"},\"query-input\":{\"@type\":\"PropertyValueSpecification\",\"valueRequired\":true,\"valueName\":\"search_term_string\"}}],\"inLanguage\":\"fr-FR\"},{\"@type\":\"Organization\",\"@id\":\"https:\/\/kapitalis.com\/tunisie\/#organization\",\"name\":\"Kapitalis\",\"url\":\"https:\/\/kapitalis.com\/tunisie\/\",\"logo\":{\"@type\":\"ImageObject\",\"inLanguage\":\"fr-FR\",\"@id\":\"https:\/\/kapitalis.com\/tunisie\/#\/schema\/logo\/image\/\",\"url\":\"https:\/\/kapitalis.com\/tunisie\/wp-content\/uploads\/2022\/05\/Kapitalis-big-size.png\",\"contentUrl\":\"https:\/\/kapitalis.com\/tunisie\/wp-content\/uploads\/2022\/05\/Kapitalis-big-size.png\",\"width\":5000,\"height\":1500,\"caption\":\"Kapitalis\"},\"image\":{\"@id\":\"https:\/\/kapitalis.com\/tunisie\/#\/schema\/logo\/image\/\"},\"sameAs\":[\"https:\/\/www.facebook.com\/KapitalisInfo\/\",\"https:\/\/x.com\/KapitalisInfo\",\"https:\/\/www.youtube.com\/channel\/UC-yDYrHyfFBWWZaOw3FPg9Q\"]},{\"@type\":\"Person\",\"@id\":\"https:\/\/kapitalis.com\/tunisie\/#\/schema\/person\/d71f33a9ca44f7bad4698210b480c8e9\",\"name\":\"webmaster kapitalis\",\"url\":\"https:\/\/kapitalis.com\/tunisie\/author\/webmaster-kapitalis\/\"}]}<\/script>\n<!-- \/ Yoast SEO plugin. -->","yoast_head_json":{"title":"Le chemin de fer est l\u2019avenir du transport en Tunisie - Kapitalis","robots":{"index":"index","follow":"follow","max-snippet":"max-snippet:-1","max-image-preview":"max-image-preview:large","max-video-preview":"max-video-preview:-1"},"canonical":"https:\/\/kapitalis.com\/tunisie\/2016\/02\/28\/le-chemin-de-fer-est-lavenir-du-transport-en-tunisie\/","og_locale":"fr_FR","og_type":"article","og_title":"Le chemin de fer est l\u2019avenir du transport en Tunisie - Kapitalis","og_description":"La solution aux probl\u00e8mes du transport en Tunisie passe syst\u00e9matiquement par le chemin de fer, qui demeure un choix strat\u00e9gique de premier ordre. Par Wajdi Msaed","og_url":"https:\/\/kapitalis.com\/tunisie\/2016\/02\/28\/le-chemin-de-fer-est-lavenir-du-transport-en-tunisie\/","og_site_name":"Kapitalis","article_publisher":"https:\/\/www.facebook.com\/KapitalisInfo\/","article_published_time":"2016-02-28T09:02:00+00:00","article_modified_time":"2016-02-28T09:42:19+00:00","og_image":[{"width":1200,"height":630,"url":"https:\/\/kapitalis.com\/tunisie\/wp-content\/uploads\/2022\/05\/kapitalis-logo-fb.png","type":"image\/png"}],"author":"webmaster kapitalis","twitter_card":"summary_large_image","twitter_creator":"@KapitalisInfo","twitter_site":"@KapitalisInfo","twitter_misc":{"\u00c9crit par":"webmaster kapitalis","Dur\u00e9e de lecture estim\u00e9e":"3 minutes"},"schema":{"@context":"https:\/\/schema.org","@graph":[{"@type":"Article","@id":"https:\/\/kapitalis.com\/tunisie\/2016\/02\/28\/le-chemin-de-fer-est-lavenir-du-transport-en-tunisie\/#article","isPartOf":{"@id":"https:\/\/kapitalis.com\/tunisie\/2016\/02\/28\/le-chemin-de-fer-est-lavenir-du-transport-en-tunisie\/"},"author":{"name":"webmaster kapitalis","@id":"https:\/\/kapitalis.com\/tunisie\/#\/schema\/person\/d71f33a9ca44f7bad4698210b480c8e9"},"headline":"Le chemin de fer est l\u2019avenir du transport en Tunisie","datePublished":"2016-02-28T09:02:00+00:00","dateModified":"2016-02-28T09:42:19+00:00","mainEntityOfPage":{"@id":"https:\/\/kapitalis.com\/tunisie\/2016\/02\/28\/le-chemin-de-fer-est-lavenir-du-transport-en-tunisie\/"},"wordCount":552,"commentCount":9,"publisher":{"@id":"https:\/\/kapitalis.com\/tunisie\/#organization"},"image":{"@id":"https:\/\/kapitalis.com\/tunisie\/2016\/02\/28\/le-chemin-de-fer-est-lavenir-du-transport-en-tunisie\/#primaryimage"},"thumbnailUrl":"","keywords":["Anis Ghedira","Chiheb Bouden","enseignement sup\u00e9rieur","R\u00e9seau ferroviaire rapide","universit\u00e9"],"articleSection":["A LA UNE","ECONOMIE","Tunisie"],"inLanguage":"fr-FR","potentialAction":[{"@type":"CommentAction","name":"Comment","target":["https:\/\/kapitalis.com\/tunisie\/2016\/02\/28\/le-chemin-de-fer-est-lavenir-du-transport-en-tunisie\/#respond"]}]},{"@type":"WebPage","@id":"https:\/\/kapitalis.com\/tunisie\/2016\/02\/28\/le-chemin-de-fer-est-lavenir-du-transport-en-tunisie\/","url":"https:\/\/kapitalis.com\/tunisie\/2016\/02\/28\/le-chemin-de-fer-est-lavenir-du-transport-en-tunisie\/","name":"Le chemin de fer est l\u2019avenir du transport en Tunisie - Kapitalis","isPartOf":{"@id":"https:\/\/kapitalis.com\/tunisie\/#website"},"primaryImageOfPage":{"@id":"https:\/\/kapitalis.com\/tunisie\/2016\/02\/28\/le-chemin-de-fer-est-lavenir-du-transport-en-tunisie\/#primaryimage"},"image":{"@id":"https:\/\/kapitalis.com\/tunisie\/2016\/02\/28\/le-chemin-de-fer-est-lavenir-du-transport-en-tunisie\/#primaryimage"},"thumbnailUrl":"","datePublished":"2016-02-28T09:02:00+00:00","dateModified":"2016-02-28T09:42:19+00:00","breadcrumb":{"@id":"https:\/\/kapitalis.com\/tunisie\/2016\/02\/28\/le-chemin-de-fer-est-lavenir-du-transport-en-tunisie\/#breadcrumb"},"inLanguage":"fr-FR","potentialAction":[{"@type":"ReadAction","target":["https:\/\/kapitalis.com\/tunisie\/2016\/02\/28\/le-chemin-de-fer-est-lavenir-du-transport-en-tunisie\/"]}]},{"@type":"ImageObject","inLanguage":"fr-FR","@id":"https:\/\/kapitalis.com\/tunisie\/2016\/02\/28\/le-chemin-de-fer-est-lavenir-du-transport-en-tunisie\/#primaryimage","url":"","contentUrl":""},{"@type":"BreadcrumbList","@id":"https:\/\/kapitalis.com\/tunisie\/2016\/02\/28\/le-chemin-de-fer-est-lavenir-du-transport-en-tunisie\/#breadcrumb","itemListElement":[{"@type":"ListItem","position":1,"name":"Accueil","item":"https:\/\/kapitalis.com\/tunisie\/"},{"@type":"ListItem","position":2,"name":"Le chemin de fer est l\u2019avenir du transport en Tunisie"}]},{"@type":"WebSite","@id":"https:\/\/kapitalis.com\/tunisie\/#website","url":"https:\/\/kapitalis.com\/tunisie\/","name":"Kapitalis","description":"L&#039;actualit\u00e9 en Tunisie et dans le monde","publisher":{"@id":"https:\/\/kapitalis.com\/tunisie\/#organization"},"potentialAction":[{"@type":"SearchAction","target":{"@type":"EntryPoint","urlTemplate":"https:\/\/kapitalis.com\/tunisie\/?s={search_term_string}"},"query-input":{"@type":"PropertyValueSpecification","valueRequired":true,"valueName":"search_term_string"}}],"inLanguage":"fr-FR"},{"@type":"Organization","@id":"https:\/\/kapitalis.com\/tunisie\/#organization","name":"Kapitalis","url":"https:\/\/kapitalis.com\/tunisie\/","logo":{"@type":"ImageObject","inLanguage":"fr-FR","@id":"https:\/\/kapitalis.com\/tunisie\/#\/schema\/logo\/image\/","url":"https:\/\/kapitalis.com\/tunisie\/wp-content\/uploads\/2022\/05\/Kapitalis-big-size.png","contentUrl":"https:\/\/kapitalis.com\/tunisie\/wp-content\/uploads\/2022\/05\/Kapitalis-big-size.png","width":5000,"height":1500,"caption":"Kapitalis"},"image":{"@id":"https:\/\/kapitalis.com\/tunisie\/#\/schema\/logo\/image\/"},"sameAs":["https:\/\/www.facebook.com\/KapitalisInfo\/","https:\/\/x.com\/KapitalisInfo","https:\/\/www.youtube.com\/channel\/UC-yDYrHyfFBWWZaOw3FPg9Q"]},{"@type":"Person","@id":"https:\/\/kapitalis.com\/tunisie\/#\/schema\/person\/d71f33a9ca44f7bad4698210b480c8e9","name":"webmaster kapitalis","url":"https:\/\/kapitalis.com\/tunisie\/author\/webmaster-kapitalis\/"}]}},"_links":{"self":[{"href":"https:\/\/kapitalis.com\/tunisie\/wp-json\/wp\/v2\/posts\/41499","targetHints":{"allow":["GET"]}}],"collection":[{"href":"https:\/\/kapitalis.com\/tunisie\/wp-json\/wp\/v2\/posts"}],"about":[{"href":"https:\/\/kapitalis.com\/tunisie\/wp-json\/wp\/v2\/types\/post"}],"author":[{"embeddable":true,"href":"https:\/\/kapitalis.com\/tunisie\/wp-json\/wp\/v2\/users\/8"}],"replies":[{"embeddable":true,"href":"https:\/\/kapitalis.com\/tunisie\/wp-json\/wp\/v2\/comments?post=41499"}],"version-history":[{"count":0,"href":"https:\/\/kapitalis.com\/tunisie\/wp-json\/wp\/v2\/posts\/41499\/revisions"}],"wp:featuredmedia":[{"embeddable":true,"href":"https:\/\/kapitalis.com\/tunisie\/wp-json\/wp\/v2\/media\/41500"}],"wp:attachment":[{"href":"https:\/\/kapitalis.com\/tunisie\/wp-json\/wp\/v2\/media?parent=41499"}],"wp:term":[{"taxonomy":"category","embeddable":true,"href":"https:\/\/kapitalis.com\/tunisie\/wp-json\/wp\/v2\/categories?post=41499"},{"taxonomy":"post_tag","embeddable":true,"href":"https:\/\/kapitalis.com\/tunisie\/wp-json\/wp\/v2\/tags?post=41499"}],"curies":[{"name":"wp","href":"https:\/\/api.w.org\/{rel}","templated":true}]}}