{"id":4150586,"date":"2022-09-19T08:05:03","date_gmt":"2022-09-19T07:05:03","guid":{"rendered":"https:\/\/kapitalis.com\/tunisie\/?p=4150586"},"modified":"2022-09-20T06:38:21","modified_gmt":"2022-09-20T05:38:21","slug":"tunisie-six-tonnes-de-dechets-collectes-en-une-journee-au-cap-zerbib","status":"publish","type":"post","link":"https:\/\/kapitalis.com\/tunisie\/2022\/09\/19\/tunisie-six-tonnes-de-dechets-collectes-en-une-journee-au-cap-zerbib\/","title":{"rendered":"Tunisie \u00a0: six tonnes de d\u00e9chets collect\u00e9s en une journ\u00e9e au Cap Zebib"},"content":{"rendered":"\n<p><strong><em>C\u2019est au Cap Zebib, dans le gouvernorat de Bizerte, que la d\u00e9l\u00e9gation de l\u2019Union europ\u00e9enne (UE) en Tunisie et l\u2019Association Tounes Recyclage ont men\u00e9 durant le week-end une vaste op\u00e9ration de nettoyage dans le cadre de l\u2019EUBeachCleanUp, une initiative europ\u00e9enne visant \u00e0 sensibiliser \u00e0 l\u2019importance de prot\u00e9ger les oc\u00e9ans notamment de la pollution plastique. <\/em><\/strong><\/p>\n\n\n\n<!--more-->\n\n\n\n<p>Cette op\u00e9ration de nettoyage, organis\u00e9e pour la 3e ann\u00e9e cons\u00e9cutive en Tunisie, a permis de collecter 3 tonnes de verre, 2 tonnes de d\u00e9chets non recyclables et 800 kg de d\u00e9chets recyclables, a indiqu\u00e9 le pr\u00e9sident de Tunisie Recyclage, Houssem Hamdi.<\/p>\n\n\n\n<h2 class=\"wp-block-heading\">Tant de salet\u00e9s dans un paysage unique en M\u00e9diterran\u00e9e <\/h2>\n\n\n\n<p>Sous un soleil de plomb, entre 400 et 450 personnes se sont rassembl\u00e9es, samedi 17 septembre 2022, sur cette plage pour une matin\u00e9e laborieuse.<\/p>\n\n\n\n<p>\u00c9quip\u00e9s de sacs plastiques verts pour les d\u00e9chets recyclables et noirs pour les d\u00e9chets non recyclables et de seaux pour les bouteilles en verre, les diplomates et fonctionnaires de l\u2019UE et des pays membres se sont joints \u00e0 eux.<\/p>\n\n\n\n<p>Le chef de mission adjoint de la d\u00e9l\u00e9gation de l\u2019UE en Tunisie, Francisco Acosta, a d\u00e9clar\u00e9 \u00e0 l\u2019agence Tap qu\u2019il est d\u00e9plorable de voir tant de salet\u00e9s dans un paysage qui serait unique en M\u00e9diterran\u00e9e. <\/p>\n\n\n\n<figure class=\"wp-block-embed is-type-wp-embed is-provider-kapitalis wp-block-embed-kapitalis\"><div class=\"wp-block-embed__wrapper\">\n<blockquote class=\"wp-embedded-content\" data-secret=\"wr1RNxeU4c\"><a href=\"https:\/\/kapitalis.com\/tunisie\/2022\/05\/12\/tunisie-la-campagne-clean-up-the-med-a-la-plage-des-palmiers-a-monastir\/\">Tunisie\u00a0: la campagne Clean Up The Med \u00e0 la plage des Palmiers \u00e0 Monastir<\/a><\/blockquote><iframe loading=\"lazy\" class=\"wp-embedded-content\" sandbox=\"allow-scripts\" security=\"restricted\" style=\"position: absolute; clip: rect(1px, 1px, 1px, 1px);\" title=\"\u00ab\u00a0Tunisie\u00a0: la campagne Clean Up The Med \u00e0 la plage des Palmiers \u00e0 Monastir\u00a0\u00bb &#8212; Kapitalis\" src=\"https:\/\/kapitalis.com\/tunisie\/2022\/05\/12\/tunisie-la-campagne-clean-up-the-med-a-la-plage-des-palmiers-a-monastir\/embed\/#?secret=Jsbox8pOcU#?secret=wr1RNxeU4c\" data-secret=\"wr1RNxeU4c\" width=\"600\" height=\"338\" frameborder=\"0\" marginwidth=\"0\" marginheight=\"0\" scrolling=\"no\"><\/iframe>\n<\/div><\/figure>\n\n\n\n<p>Il a soulign\u00e9 la n\u00e9cessit\u00e9 de pr\u00e9server ce type de site, ajoutant que l\u2019objectif de l\u2019UE n\u2019est pas de donner des le\u00e7ons, mais de sensibiliser \u00e0 la n\u00e9cessit\u00e9 de prot\u00e9ger le littoral, <em>\u00abqui nous appartient \u00e0 tous\u00bb<\/em>, d\u2019autant plus que la M\u00e9diterran\u00e9e est une mer quasi ferm\u00e9e.<\/p>\n\n\n\n<p>M. Acosta a estim\u00e9 qu\u2019il est n\u00e9cessaire de mettre l\u2019accent sur la sensibilisation et l\u2019\u00e9ducation des enfants afin de changer leur comportement vis-\u00e0-vis de l\u2019environnement. Cependant, les sanctions peuvent aider les adultes \u00e0 comprendre qu\u2019<em>\u00abil y a un prix \u00e0 payer pour ne pas respecter l\u2019environnement\u00bb<\/em>, a-t-il d\u00e9clar\u00e9.<\/p>\n\n\n\n<h2 class=\"wp-block-heading\">La tortue <em>\u00abSalouha\u00bb<\/em> rel\u00e2ch\u00e9e \u00e0 la mer<\/h2>\n\n\n\n<p><em>\u00abSalouha\u00bb<\/em>, une tortue de 20 \u00e0 25 ans, a \u00e9t\u00e9 rel\u00e2ch\u00e9e \u00e0 la mer au Cap Zbib, sous les applaudissements des volontaires.<\/p>\n\n\n\n<p>Cette tortue, appartenant \u00e0 l\u2019esp\u00e8ce Caretta Caretta, a \u00e9t\u00e9 captur\u00e9e dans un filet de p\u00eacheur \u00e0 Gab\u00e8s. Il a \u00e9t\u00e9 pris en charge au Centre de sauvetage des tortues marines de la Facult\u00e9 des sciences de Sfax.<\/p>\n\n\n\n<p>Les tortues marines sont les principales victimes du plastique et de ses r\u00e9sidus jet\u00e9s \u00e0 la mer.<\/p>\n\n\n\n<p><strong><em>D\u2019apr\u00e8s Tap.<\/em><\/strong><\/p>\n\n\n\n<figure class=\"wp-block-embed is-type-wp-embed is-provider-kapitalis wp-block-embed-kapitalis\"><div class=\"wp-block-embed__wrapper\">\n<blockquote class=\"wp-embedded-content\" data-secret=\"am64JMcrEe\"><a href=\"https:\/\/kapitalis.com\/tunisie\/2021\/09\/18\/world-clean-up-day-2021-operation-de-nettoyage-au-coeur-de-la-medina-de-tunis-photos\/\">World Clean Up Day 2021 : Op\u00e9ration de nettoyage au c\u0153ur de la M\u00e9dina de Tunis (Photos)<\/a><\/blockquote><iframe loading=\"lazy\" class=\"wp-embedded-content\" sandbox=\"allow-scripts\" security=\"restricted\" style=\"position: absolute; clip: rect(1px, 1px, 1px, 1px);\" title=\"\u00ab\u00a0World Clean Up Day 2021 : Op\u00e9ration de nettoyage au c\u0153ur de la M\u00e9dina de Tunis (Photos)\u00a0\u00bb &#8212; Kapitalis\" src=\"https:\/\/kapitalis.com\/tunisie\/2021\/09\/18\/world-clean-up-day-2021-operation-de-nettoyage-au-coeur-de-la-medina-de-tunis-photos\/embed\/#?secret=VwsP9ePOFm#?secret=am64JMcrEe\" data-secret=\"am64JMcrEe\" width=\"600\" height=\"338\" frameborder=\"0\" marginwidth=\"0\" marginheight=\"0\" scrolling=\"no\"><\/iframe>\n<\/div><\/figure>\n","protected":false},"excerpt":{"rendered":"<p>Lors d&rsquo;une vaste op\u00e9ration de nettoyage dans le cadre du programme  l\u2019EUBeachCleanUp, six tonnes de d\u00e9chets ont \u00e9t\u00e9 collect\u00e9s en une journ\u00e9e au Cap Zerbib, \u00e0 Bizerte.<\/p>\n","protected":false},"author":8,"featured_media":4150654,"comment_status":"open","ping_status":"open","sticky":false,"template":"","format":"standard","meta":{"footnotes":""},"categories":[995,998,2433],"tags":[148,102893,102894,12534,62643,49716,937],"class_list":["post-4150586","post","type-post","status-publish","format-standard","has-post-thumbnail","hentry","category-economie","category-societe","category-tunisie","tag-bizerte","tag-cap-zerbib","tag-francisco-acosta","tag-houssem-hamdi","tag-tunisie","tag-tunisie-recyclage","tag-union-europeenne"],"yoast_head":"<!-- This site is optimized with the Yoast SEO plugin v26.6 - https:\/\/yoast.com\/wordpress\/plugins\/seo\/ -->\n<title>Tunisie \u00a0: six tonnes de d\u00e9chets collect\u00e9s en une journ\u00e9e au Cap Zebib - Kapitalis<\/title>\n<meta name=\"robots\" content=\"index, follow, max-snippet:-1, max-image-preview:large, max-video-preview:-1\" \/>\n<link rel=\"canonical\" href=\"https:\/\/kapitalis.com\/tunisie\/2022\/09\/19\/tunisie-six-tonnes-de-dechets-collectes-en-une-journee-au-cap-zerbib\/\" \/>\n<meta property=\"og:locale\" content=\"fr_FR\" \/>\n<meta property=\"og:type\" content=\"article\" \/>\n<meta property=\"og:title\" content=\"Tunisie \u00a0: six tonnes de d\u00e9chets collect\u00e9s en une journ\u00e9e au Cap Zebib - Kapitalis\" \/>\n<meta property=\"og:description\" content=\"Lors d&#039;une vaste op\u00e9ration de nettoyage dans le cadre du programme l\u2019EUBeachCleanUp, six tonnes de d\u00e9chets ont \u00e9t\u00e9 collect\u00e9s en une journ\u00e9e au Cap Zerbib, \u00e0 Bizerte.\" \/>\n<meta property=\"og:url\" content=\"https:\/\/kapitalis.com\/tunisie\/2022\/09\/19\/tunisie-six-tonnes-de-dechets-collectes-en-une-journee-au-cap-zerbib\/\" \/>\n<meta property=\"og:site_name\" content=\"Kapitalis\" \/>\n<meta property=\"article:publisher\" content=\"https:\/\/www.facebook.com\/KapitalisInfo\/\" \/>\n<meta property=\"article:published_time\" content=\"2022-09-19T07:05:03+00:00\" \/>\n<meta property=\"article:modified_time\" content=\"2022-09-20T05:38:21+00:00\" \/>\n<meta property=\"og:image\" content=\"https:\/\/kapitalis.com\/tunisie\/wp-content\/uploads\/2022\/09\/Operation-Clean-Up-Cap-Zerbib.jpg\" \/>\n\t<meta property=\"og:image:width\" content=\"1200\" \/>\n\t<meta property=\"og:image:height\" content=\"630\" \/>\n\t<meta property=\"og:image:type\" content=\"image\/jpeg\" \/>\n<meta name=\"author\" content=\"webmaster kapitalis\" \/>\n<meta name=\"twitter:card\" content=\"summary_large_image\" \/>\n<meta name=\"twitter:creator\" content=\"@KapitalisInfo\" \/>\n<meta name=\"twitter:site\" content=\"@KapitalisInfo\" \/>\n<meta name=\"twitter:label1\" content=\"\u00c9crit par\" \/>\n\t<meta name=\"twitter:data1\" content=\"webmaster kapitalis\" \/>\n\t<meta name=\"twitter:label2\" content=\"Dur\u00e9e de lecture estim\u00e9e\" \/>\n\t<meta name=\"twitter:data2\" content=\"2 minutes\" \/>\n<script type=\"application\/ld+json\" class=\"yoast-schema-graph\">{\"@context\":\"https:\/\/schema.org\",\"@graph\":[{\"@type\":\"Article\",\"@id\":\"https:\/\/kapitalis.com\/tunisie\/2022\/09\/19\/tunisie-six-tonnes-de-dechets-collectes-en-une-journee-au-cap-zerbib\/#article\",\"isPartOf\":{\"@id\":\"https:\/\/kapitalis.com\/tunisie\/2022\/09\/19\/tunisie-six-tonnes-de-dechets-collectes-en-une-journee-au-cap-zerbib\/\"},\"author\":{\"name\":\"webmaster kapitalis\",\"@id\":\"https:\/\/kapitalis.com\/tunisie\/#\/schema\/person\/d71f33a9ca44f7bad4698210b480c8e9\"},\"headline\":\"Tunisie \u00a0: six tonnes de d\u00e9chets collect\u00e9s en une journ\u00e9e au Cap Zebib\",\"datePublished\":\"2022-09-19T07:05:03+00:00\",\"dateModified\":\"2022-09-20T05:38:21+00:00\",\"mainEntityOfPage\":{\"@id\":\"https:\/\/kapitalis.com\/tunisie\/2022\/09\/19\/tunisie-six-tonnes-de-dechets-collectes-en-une-journee-au-cap-zerbib\/\"},\"wordCount\":457,\"commentCount\":5,\"publisher\":{\"@id\":\"https:\/\/kapitalis.com\/tunisie\/#organization\"},\"image\":{\"@id\":\"https:\/\/kapitalis.com\/tunisie\/2022\/09\/19\/tunisie-six-tonnes-de-dechets-collectes-en-une-journee-au-cap-zerbib\/#primaryimage\"},\"thumbnailUrl\":\"https:\/\/kapitalis.com\/tunisie\/wp-content\/uploads\/2022\/09\/Operation-Clean-Up-Cap-Zerbib.jpg\",\"keywords\":[\"Bizerte\",\"Cap Zerbib\",\"Francisco Acosta\",\"Houssem Hamdi\",\"Tunisie\",\"Tunisie recyclage\",\"Union europ\u00e9enne\"],\"articleSection\":[\"ECONOMIE\",\"SOCIETE\",\"Tunisie\"],\"inLanguage\":\"fr-FR\",\"potentialAction\":[{\"@type\":\"CommentAction\",\"name\":\"Comment\",\"target\":[\"https:\/\/kapitalis.com\/tunisie\/2022\/09\/19\/tunisie-six-tonnes-de-dechets-collectes-en-une-journee-au-cap-zerbib\/#respond\"]}]},{\"@type\":\"WebPage\",\"@id\":\"https:\/\/kapitalis.com\/tunisie\/2022\/09\/19\/tunisie-six-tonnes-de-dechets-collectes-en-une-journee-au-cap-zerbib\/\",\"url\":\"https:\/\/kapitalis.com\/tunisie\/2022\/09\/19\/tunisie-six-tonnes-de-dechets-collectes-en-une-journee-au-cap-zerbib\/\",\"name\":\"Tunisie \u00a0: six tonnes de d\u00e9chets collect\u00e9s en une journ\u00e9e au Cap Zebib - Kapitalis\",\"isPartOf\":{\"@id\":\"https:\/\/kapitalis.com\/tunisie\/#website\"},\"primaryImageOfPage\":{\"@id\":\"https:\/\/kapitalis.com\/tunisie\/2022\/09\/19\/tunisie-six-tonnes-de-dechets-collectes-en-une-journee-au-cap-zerbib\/#primaryimage\"},\"image\":{\"@id\":\"https:\/\/kapitalis.com\/tunisie\/2022\/09\/19\/tunisie-six-tonnes-de-dechets-collectes-en-une-journee-au-cap-zerbib\/#primaryimage\"},\"thumbnailUrl\":\"https:\/\/kapitalis.com\/tunisie\/wp-content\/uploads\/2022\/09\/Operation-Clean-Up-Cap-Zerbib.jpg\",\"datePublished\":\"2022-09-19T07:05:03+00:00\",\"dateModified\":\"2022-09-20T05:38:21+00:00\",\"breadcrumb\":{\"@id\":\"https:\/\/kapitalis.com\/tunisie\/2022\/09\/19\/tunisie-six-tonnes-de-dechets-collectes-en-une-journee-au-cap-zerbib\/#breadcrumb\"},\"inLanguage\":\"fr-FR\",\"potentialAction\":[{\"@type\":\"ReadAction\",\"target\":[\"https:\/\/kapitalis.com\/tunisie\/2022\/09\/19\/tunisie-six-tonnes-de-dechets-collectes-en-une-journee-au-cap-zerbib\/\"]}]},{\"@type\":\"ImageObject\",\"inLanguage\":\"fr-FR\",\"@id\":\"https:\/\/kapitalis.com\/tunisie\/2022\/09\/19\/tunisie-six-tonnes-de-dechets-collectes-en-une-journee-au-cap-zerbib\/#primaryimage\",\"url\":\"https:\/\/kapitalis.com\/tunisie\/wp-content\/uploads\/2022\/09\/Operation-Clean-Up-Cap-Zerbib.jpg\",\"contentUrl\":\"https:\/\/kapitalis.com\/tunisie\/wp-content\/uploads\/2022\/09\/Operation-Clean-Up-Cap-Zerbib.jpg\",\"width\":1200,\"height\":630},{\"@type\":\"BreadcrumbList\",\"@id\":\"https:\/\/kapitalis.com\/tunisie\/2022\/09\/19\/tunisie-six-tonnes-de-dechets-collectes-en-une-journee-au-cap-zerbib\/#breadcrumb\",\"itemListElement\":[{\"@type\":\"ListItem\",\"position\":1,\"name\":\"Accueil\",\"item\":\"https:\/\/kapitalis.com\/tunisie\/\"},{\"@type\":\"ListItem\",\"position\":2,\"name\":\"Tunisie \u00a0: six tonnes de d\u00e9chets collect\u00e9s en une journ\u00e9e au Cap Zebib\"}]},{\"@type\":\"WebSite\",\"@id\":\"https:\/\/kapitalis.com\/tunisie\/#website\",\"url\":\"https:\/\/kapitalis.com\/tunisie\/\",\"name\":\"Kapitalis\",\"description\":\"L&#039;actualit\u00e9 en Tunisie et dans le monde\",\"publisher\":{\"@id\":\"https:\/\/kapitalis.com\/tunisie\/#organization\"},\"potentialAction\":[{\"@type\":\"SearchAction\",\"target\":{\"@type\":\"EntryPoint\",\"urlTemplate\":\"https:\/\/kapitalis.com\/tunisie\/?s={search_term_string}\"},\"query-input\":{\"@type\":\"PropertyValueSpecification\",\"valueRequired\":true,\"valueName\":\"search_term_string\"}}],\"inLanguage\":\"fr-FR\"},{\"@type\":\"Organization\",\"@id\":\"https:\/\/kapitalis.com\/tunisie\/#organization\",\"name\":\"Kapitalis\",\"url\":\"https:\/\/kapitalis.com\/tunisie\/\",\"logo\":{\"@type\":\"ImageObject\",\"inLanguage\":\"fr-FR\",\"@id\":\"https:\/\/kapitalis.com\/tunisie\/#\/schema\/logo\/image\/\",\"url\":\"https:\/\/kapitalis.com\/tunisie\/wp-content\/uploads\/2022\/05\/Kapitalis-big-size.png\",\"contentUrl\":\"https:\/\/kapitalis.com\/tunisie\/wp-content\/uploads\/2022\/05\/Kapitalis-big-size.png\",\"width\":5000,\"height\":1500,\"caption\":\"Kapitalis\"},\"image\":{\"@id\":\"https:\/\/kapitalis.com\/tunisie\/#\/schema\/logo\/image\/\"},\"sameAs\":[\"https:\/\/www.facebook.com\/KapitalisInfo\/\",\"https:\/\/x.com\/KapitalisInfo\",\"https:\/\/www.youtube.com\/channel\/UC-yDYrHyfFBWWZaOw3FPg9Q\"]},{\"@type\":\"Person\",\"@id\":\"https:\/\/kapitalis.com\/tunisie\/#\/schema\/person\/d71f33a9ca44f7bad4698210b480c8e9\",\"name\":\"webmaster kapitalis\",\"url\":\"https:\/\/kapitalis.com\/tunisie\/author\/webmaster-kapitalis\/\"}]}<\/script>\n<!-- \/ Yoast SEO plugin. -->","yoast_head_json":{"title":"Tunisie \u00a0: six tonnes de d\u00e9chets collect\u00e9s en une journ\u00e9e au Cap Zebib - Kapitalis","robots":{"index":"index","follow":"follow","max-snippet":"max-snippet:-1","max-image-preview":"max-image-preview:large","max-video-preview":"max-video-preview:-1"},"canonical":"https:\/\/kapitalis.com\/tunisie\/2022\/09\/19\/tunisie-six-tonnes-de-dechets-collectes-en-une-journee-au-cap-zerbib\/","og_locale":"fr_FR","og_type":"article","og_title":"Tunisie \u00a0: six tonnes de d\u00e9chets collect\u00e9s en une journ\u00e9e au Cap Zebib - Kapitalis","og_description":"Lors d'une vaste op\u00e9ration de nettoyage dans le cadre du programme l\u2019EUBeachCleanUp, six tonnes de d\u00e9chets ont \u00e9t\u00e9 collect\u00e9s en une journ\u00e9e au Cap Zerbib, \u00e0 Bizerte.","og_url":"https:\/\/kapitalis.com\/tunisie\/2022\/09\/19\/tunisie-six-tonnes-de-dechets-collectes-en-une-journee-au-cap-zerbib\/","og_site_name":"Kapitalis","article_publisher":"https:\/\/www.facebook.com\/KapitalisInfo\/","article_published_time":"2022-09-19T07:05:03+00:00","article_modified_time":"2022-09-20T05:38:21+00:00","og_image":[{"width":1200,"height":630,"url":"https:\/\/kapitalis.com\/tunisie\/wp-content\/uploads\/2022\/09\/Operation-Clean-Up-Cap-Zerbib.jpg","type":"image\/jpeg"}],"author":"webmaster kapitalis","twitter_card":"summary_large_image","twitter_creator":"@KapitalisInfo","twitter_site":"@KapitalisInfo","twitter_misc":{"\u00c9crit par":"webmaster kapitalis","Dur\u00e9e de lecture estim\u00e9e":"2 minutes"},"schema":{"@context":"https:\/\/schema.org","@graph":[{"@type":"Article","@id":"https:\/\/kapitalis.com\/tunisie\/2022\/09\/19\/tunisie-six-tonnes-de-dechets-collectes-en-une-journee-au-cap-zerbib\/#article","isPartOf":{"@id":"https:\/\/kapitalis.com\/tunisie\/2022\/09\/19\/tunisie-six-tonnes-de-dechets-collectes-en-une-journee-au-cap-zerbib\/"},"author":{"name":"webmaster kapitalis","@id":"https:\/\/kapitalis.com\/tunisie\/#\/schema\/person\/d71f33a9ca44f7bad4698210b480c8e9"},"headline":"Tunisie \u00a0: six tonnes de d\u00e9chets collect\u00e9s en une journ\u00e9e au Cap Zebib","datePublished":"2022-09-19T07:05:03+00:00","dateModified":"2022-09-20T05:38:21+00:00","mainEntityOfPage":{"@id":"https:\/\/kapitalis.com\/tunisie\/2022\/09\/19\/tunisie-six-tonnes-de-dechets-collectes-en-une-journee-au-cap-zerbib\/"},"wordCount":457,"commentCount":5,"publisher":{"@id":"https:\/\/kapitalis.com\/tunisie\/#organization"},"image":{"@id":"https:\/\/kapitalis.com\/tunisie\/2022\/09\/19\/tunisie-six-tonnes-de-dechets-collectes-en-une-journee-au-cap-zerbib\/#primaryimage"},"thumbnailUrl":"https:\/\/kapitalis.com\/tunisie\/wp-content\/uploads\/2022\/09\/Operation-Clean-Up-Cap-Zerbib.jpg","keywords":["Bizerte","Cap Zerbib","Francisco Acosta","Houssem Hamdi","Tunisie","Tunisie recyclage","Union europ\u00e9enne"],"articleSection":["ECONOMIE","SOCIETE","Tunisie"],"inLanguage":"fr-FR","potentialAction":[{"@type":"CommentAction","name":"Comment","target":["https:\/\/kapitalis.com\/tunisie\/2022\/09\/19\/tunisie-six-tonnes-de-dechets-collectes-en-une-journee-au-cap-zerbib\/#respond"]}]},{"@type":"WebPage","@id":"https:\/\/kapitalis.com\/tunisie\/2022\/09\/19\/tunisie-six-tonnes-de-dechets-collectes-en-une-journee-au-cap-zerbib\/","url":"https:\/\/kapitalis.com\/tunisie\/2022\/09\/19\/tunisie-six-tonnes-de-dechets-collectes-en-une-journee-au-cap-zerbib\/","name":"Tunisie \u00a0: six tonnes de d\u00e9chets collect\u00e9s en une journ\u00e9e au Cap Zebib - Kapitalis","isPartOf":{"@id":"https:\/\/kapitalis.com\/tunisie\/#website"},"primaryImageOfPage":{"@id":"https:\/\/kapitalis.com\/tunisie\/2022\/09\/19\/tunisie-six-tonnes-de-dechets-collectes-en-une-journee-au-cap-zerbib\/#primaryimage"},"image":{"@id":"https:\/\/kapitalis.com\/tunisie\/2022\/09\/19\/tunisie-six-tonnes-de-dechets-collectes-en-une-journee-au-cap-zerbib\/#primaryimage"},"thumbnailUrl":"https:\/\/kapitalis.com\/tunisie\/wp-content\/uploads\/2022\/09\/Operation-Clean-Up-Cap-Zerbib.jpg","datePublished":"2022-09-19T07:05:03+00:00","dateModified":"2022-09-20T05:38:21+00:00","breadcrumb":{"@id":"https:\/\/kapitalis.com\/tunisie\/2022\/09\/19\/tunisie-six-tonnes-de-dechets-collectes-en-une-journee-au-cap-zerbib\/#breadcrumb"},"inLanguage":"fr-FR","potentialAction":[{"@type":"ReadAction","target":["https:\/\/kapitalis.com\/tunisie\/2022\/09\/19\/tunisie-six-tonnes-de-dechets-collectes-en-une-journee-au-cap-zerbib\/"]}]},{"@type":"ImageObject","inLanguage":"fr-FR","@id":"https:\/\/kapitalis.com\/tunisie\/2022\/09\/19\/tunisie-six-tonnes-de-dechets-collectes-en-une-journee-au-cap-zerbib\/#primaryimage","url":"https:\/\/kapitalis.com\/tunisie\/wp-content\/uploads\/2022\/09\/Operation-Clean-Up-Cap-Zerbib.jpg","contentUrl":"https:\/\/kapitalis.com\/tunisie\/wp-content\/uploads\/2022\/09\/Operation-Clean-Up-Cap-Zerbib.jpg","width":1200,"height":630},{"@type":"BreadcrumbList","@id":"https:\/\/kapitalis.com\/tunisie\/2022\/09\/19\/tunisie-six-tonnes-de-dechets-collectes-en-une-journee-au-cap-zerbib\/#breadcrumb","itemListElement":[{"@type":"ListItem","position":1,"name":"Accueil","item":"https:\/\/kapitalis.com\/tunisie\/"},{"@type":"ListItem","position":2,"name":"Tunisie \u00a0: six tonnes de d\u00e9chets collect\u00e9s en une journ\u00e9e au Cap Zebib"}]},{"@type":"WebSite","@id":"https:\/\/kapitalis.com\/tunisie\/#website","url":"https:\/\/kapitalis.com\/tunisie\/","name":"Kapitalis","description":"L&#039;actualit\u00e9 en Tunisie et dans le monde","publisher":{"@id":"https:\/\/kapitalis.com\/tunisie\/#organization"},"potentialAction":[{"@type":"SearchAction","target":{"@type":"EntryPoint","urlTemplate":"https:\/\/kapitalis.com\/tunisie\/?s={search_term_string}"},"query-input":{"@type":"PropertyValueSpecification","valueRequired":true,"valueName":"search_term_string"}}],"inLanguage":"fr-FR"},{"@type":"Organization","@id":"https:\/\/kapitalis.com\/tunisie\/#organization","name":"Kapitalis","url":"https:\/\/kapitalis.com\/tunisie\/","logo":{"@type":"ImageObject","inLanguage":"fr-FR","@id":"https:\/\/kapitalis.com\/tunisie\/#\/schema\/logo\/image\/","url":"https:\/\/kapitalis.com\/tunisie\/wp-content\/uploads\/2022\/05\/Kapitalis-big-size.png","contentUrl":"https:\/\/kapitalis.com\/tunisie\/wp-content\/uploads\/2022\/05\/Kapitalis-big-size.png","width":5000,"height":1500,"caption":"Kapitalis"},"image":{"@id":"https:\/\/kapitalis.com\/tunisie\/#\/schema\/logo\/image\/"},"sameAs":["https:\/\/www.facebook.com\/KapitalisInfo\/","https:\/\/x.com\/KapitalisInfo","https:\/\/www.youtube.com\/channel\/UC-yDYrHyfFBWWZaOw3FPg9Q"]},{"@type":"Person","@id":"https:\/\/kapitalis.com\/tunisie\/#\/schema\/person\/d71f33a9ca44f7bad4698210b480c8e9","name":"webmaster kapitalis","url":"https:\/\/kapitalis.com\/tunisie\/author\/webmaster-kapitalis\/"}]}},"_links":{"self":[{"href":"https:\/\/kapitalis.com\/tunisie\/wp-json\/wp\/v2\/posts\/4150586","targetHints":{"allow":["GET"]}}],"collection":[{"href":"https:\/\/kapitalis.com\/tunisie\/wp-json\/wp\/v2\/posts"}],"about":[{"href":"https:\/\/kapitalis.com\/tunisie\/wp-json\/wp\/v2\/types\/post"}],"author":[{"embeddable":true,"href":"https:\/\/kapitalis.com\/tunisie\/wp-json\/wp\/v2\/users\/8"}],"replies":[{"embeddable":true,"href":"https:\/\/kapitalis.com\/tunisie\/wp-json\/wp\/v2\/comments?post=4150586"}],"version-history":[{"count":0,"href":"https:\/\/kapitalis.com\/tunisie\/wp-json\/wp\/v2\/posts\/4150586\/revisions"}],"wp:featuredmedia":[{"embeddable":true,"href":"https:\/\/kapitalis.com\/tunisie\/wp-json\/wp\/v2\/media\/4150654"}],"wp:attachment":[{"href":"https:\/\/kapitalis.com\/tunisie\/wp-json\/wp\/v2\/media?parent=4150586"}],"wp:term":[{"taxonomy":"category","embeddable":true,"href":"https:\/\/kapitalis.com\/tunisie\/wp-json\/wp\/v2\/categories?post=4150586"},{"taxonomy":"post_tag","embeddable":true,"href":"https:\/\/kapitalis.com\/tunisie\/wp-json\/wp\/v2\/tags?post=4150586"}],"curies":[{"name":"wp","href":"https:\/\/api.w.org\/{rel}","templated":true}]}}