{"id":41567,"date":"2016-02-29T12:24:22","date_gmt":"2016-02-29T11:24:22","guid":{"rendered":"http:\/\/kapitalis.com\/tunisie\/?p=41567"},"modified":"2016-02-29T14:15:20","modified_gmt":"2016-02-29T13:15:20","slug":"tawfiq-okacha-agresse-a-lassemblee-pour-avoir-dine-avec-un-israelien","status":"publish","type":"post","link":"https:\/\/kapitalis.com\/tunisie\/2016\/02\/29\/tawfiq-okacha-agresse-a-lassemblee-pour-avoir-dine-avec-un-israelien\/","title":{"rendered":"Tawfiq Okacha agress\u00e9 \u00e0 l\u2019Assembl\u00e9e pour avoir din\u00e9 avec un Isra\u00e9lien"},"content":{"rendered":"<p style=\"text-align: center;\"><img loading=\"lazy\" decoding=\"async\" class=\"alignnone size-full wp-image-41570\" src=\"http:\/\/kapitalis.com\/tunisie\/wp-content\/uploads\/2016\/02\/Tawfiq-Okacha-Haim-Koren.jpg\" alt=\"Tawfiq Okacha - Haim Koren\" width=\"626\" height=\"380\" \/><\/p>\n<p style=\"text-align: center;\"><em>Haim Koren et Tawfik Okacha.<\/em><\/p>\n<p><em><strong>Le d\u00e9put\u00e9 \u00e9gyptien Tawfiq Okacha a \u00e9t\u00e9 agress\u00e9, hier, \u00e0 l\u2019Assembl\u00e9e, par son coll\u00e8gue qui l\u2019a frapp\u00e9 avec une chaussure.<\/strong><\/em><\/p>\n<p><!--more--><\/p>\n<p>Le d\u00e9put\u00e9 Tawfiq Okacha s&rsquo;est attir\u00e9 les foudres apr\u00e8s avoir invit\u00e9, mercredi dernier, \u00e0 son domicile, l&rsquo;ambassadeur isra\u00e9lien en \u00c9gypte, Haim Koren. Une rencontre vivement critiqu\u00e9e par une majorit\u00e9 d\u2019Egyptiens et qui, selon des m\u00e9dias isra\u00e9liens, auraient port\u00e9 sur la coop\u00e9ration entre les deux pays.<\/p>\n<p>Une r\u00e9union d\u2019urgence a \u00e9t\u00e9 organis\u00e9e et le d\u00e9put\u00e9 convoqu\u00e9 \u00e0 compara\u00eetre devant une commission d&rsquo;enqu\u00eate interne, au cours de laquelle une centaine de d\u00e9put\u00e9s ont demand\u00e9 que leur coll\u00e8gue soit priv\u00e9 de ses droits de parlementaires.<\/p>\n<p><img loading=\"lazy\" decoding=\"async\" class=\"size-full wp-image-41607 aligncenter\" src=\"http:\/\/kapitalis.com\/tunisie\/wp-content\/uploads\/2016\/02\/akacha.jpg\" alt=\"akacha\" width=\"400\" height=\"500\" \/><\/p>\n<p>Alors que Tawfiq Okacha tentait d\u2019apporter une explication \u00e0 cette rencontre controvers\u00e9e, le d\u00e9put\u00e9 Kamel Ahmed a surgi, chaussure \u00e0 la main, et lui a port\u00e9 un coup sur la t\u00eate, sous les applaudissements de ses coll\u00e8gues. Un peu sonn\u00e9, Tawfiq Okacha a quitt\u00e9 l\u2019Assembl\u00e9e sous haute protection.<\/p>\n<p>Ce coup de chaussure humiliant visait \u00e0 d\u00e9noncer ce que les d\u00e9put\u00e9s ont qualifi\u00e9 de \u00ab<em>trahison impardonnable\u00bb<\/em>.<\/p>\n<div class=\"embed\">\n<div class=\"video\"><iframe loading=\"lazy\" src=\"https:\/\/www.youtube.com\/embed\/Q6KlyYL6_yw\" width=\"560\" height=\"315\" frameborder=\"0\" allowfullscreen=\"allowfullscreen\"><\/iframe><\/div>\n<\/div>\n<p>Tawfiq Okacha, journaliste de son \u00e9tat, propri\u00e9taire de la cha\u00eene Faraeen, s\u2019est lanc\u00e9 en politique au lendemain de la <em>\u00abr\u00e9volution\u00bb<\/em> \u00e9gyptienne. En f\u00e9vrier 2012, il s\u2019\u00e9tait attaqu\u00e9 aux juifs, les accusant de recourir \u00e0 la m\u00eame politique qu\u2019Hitler, <em>\u00abune politique sanguinaire dans le monde, comme en Palestine, en Irak, en Libye, au Y\u00e9men et en Syrie. Mais Allah soit lou\u00e9, les Arabes commencent \u00e0 distinguer la v\u00e9rit\u00e9 du mensonge\u00bb,<\/em> avait-il lanc\u00e9 sur sa t\u00e9l\u00e9 priv\u00e9e.<\/p>\n<p>Notons qu\u2019Isra\u00ebl a rouvert son ambassade au Caire en septembre 2015, soit 5 ans apr\u00e8s un d\u00e9part contraint des diplomates \u00e0 cause des repr\u00e9sailles de manifestants, qui avaient m\u00eame pris d\u2019assaut le si\u00e8ge de l\u2019ambassade.<\/p>\n<p>Cette histoire n&rsquo;honore pas ces chers d\u00e9put\u00e9s \u00e9gyptiens. Au contraire, elle les d\u00e9shonore. Car, ils auraient \u00e9t\u00e9 moins hypocrites et bien plus dans leur r\u00f4le s&rsquo;ils avaient fait voter une loi pour la rupture des relations diplomatique avec Isra\u00ebl.<\/p>\n<p style=\"text-align: right;\"><strong>Y. N.<\/strong><\/p>\n","protected":false},"excerpt":{"rendered":"<p>Haim Koren et Tawfik Okacha. Le d\u00e9put\u00e9 \u00e9gyptien Tawfiq Okacha a \u00e9t\u00e9 agress\u00e9, hier, \u00e0 l\u2019Assembl\u00e9e, par son coll\u00e8gue qui l\u2019a frapp\u00e9 avec une chaussure.<\/p>\n","protected":false},"author":6,"featured_media":41570,"comment_status":"open","ping_status":"open","sticky":false,"template":"","format":"standard","meta":{"footnotes":""},"categories":[4806],"tags":[3363,3668,2379,5848],"class_list":["post-41567","post","type-post","status-publish","format-standard","has-post-thumbnail","hentry","category-videos","tag-agresse","tag-deputes","tag-egypte","tag-parlement"],"yoast_head":"<!-- This site is optimized with the Yoast SEO plugin v26.6 - https:\/\/yoast.com\/wordpress\/plugins\/seo\/ -->\n<title>Tawfiq Okacha agress\u00e9 \u00e0 l\u2019Assembl\u00e9e pour avoir din\u00e9 avec un Isra\u00e9lien - Kapitalis<\/title>\n<meta name=\"robots\" content=\"index, follow, max-snippet:-1, max-image-preview:large, max-video-preview:-1\" \/>\n<link rel=\"canonical\" href=\"https:\/\/kapitalis.com\/tunisie\/2016\/02\/29\/tawfiq-okacha-agresse-a-lassemblee-pour-avoir-dine-avec-un-israelien\/\" \/>\n<meta property=\"og:locale\" content=\"fr_FR\" \/>\n<meta property=\"og:type\" content=\"article\" \/>\n<meta property=\"og:title\" content=\"Tawfiq Okacha agress\u00e9 \u00e0 l\u2019Assembl\u00e9e pour avoir din\u00e9 avec un Isra\u00e9lien - Kapitalis\" \/>\n<meta property=\"og:description\" content=\"Haim Koren et Tawfik Okacha. Le d\u00e9put\u00e9 \u00e9gyptien Tawfiq Okacha a \u00e9t\u00e9 agress\u00e9, hier, \u00e0 l\u2019Assembl\u00e9e, par son coll\u00e8gue qui l\u2019a frapp\u00e9 avec une chaussure.\" \/>\n<meta property=\"og:url\" content=\"https:\/\/kapitalis.com\/tunisie\/2016\/02\/29\/tawfiq-okacha-agresse-a-lassemblee-pour-avoir-dine-avec-un-israelien\/\" \/>\n<meta property=\"og:site_name\" content=\"Kapitalis\" \/>\n<meta property=\"article:publisher\" content=\"https:\/\/www.facebook.com\/KapitalisInfo\/\" \/>\n<meta property=\"article:published_time\" content=\"2016-02-29T11:24:22+00:00\" \/>\n<meta property=\"article:modified_time\" content=\"2016-02-29T13:15:20+00:00\" \/>\n<meta property=\"og:image\" content=\"https:\/\/kapitalis.com\/tunisie\/wp-content\/uploads\/2022\/05\/kapitalis-logo-fb.png\" \/>\n\t<meta property=\"og:image:width\" content=\"1200\" \/>\n\t<meta property=\"og:image:height\" content=\"630\" \/>\n\t<meta property=\"og:image:type\" content=\"image\/png\" \/>\n<meta name=\"author\" content=\"Yusra NY\" \/>\n<meta name=\"twitter:card\" content=\"summary_large_image\" \/>\n<meta name=\"twitter:creator\" content=\"@KapitalisInfo\" \/>\n<meta name=\"twitter:site\" content=\"@KapitalisInfo\" \/>\n<meta name=\"twitter:label1\" content=\"\u00c9crit par\" \/>\n\t<meta name=\"twitter:data1\" content=\"Yusra NY\" \/>\n\t<meta name=\"twitter:label2\" content=\"Dur\u00e9e de lecture estim\u00e9e\" \/>\n\t<meta name=\"twitter:data2\" content=\"2 minutes\" \/>\n<script type=\"application\/ld+json\" class=\"yoast-schema-graph\">{\"@context\":\"https:\/\/schema.org\",\"@graph\":[{\"@type\":\"Article\",\"@id\":\"https:\/\/kapitalis.com\/tunisie\/2016\/02\/29\/tawfiq-okacha-agresse-a-lassemblee-pour-avoir-dine-avec-un-israelien\/#article\",\"isPartOf\":{\"@id\":\"https:\/\/kapitalis.com\/tunisie\/2016\/02\/29\/tawfiq-okacha-agresse-a-lassemblee-pour-avoir-dine-avec-un-israelien\/\"},\"author\":{\"name\":\"Yusra NY\",\"@id\":\"https:\/\/kapitalis.com\/tunisie\/#\/schema\/person\/74bbde0154d49d790a92aaeac5bc01d5\"},\"headline\":\"Tawfiq Okacha agress\u00e9 \u00e0 l\u2019Assembl\u00e9e pour avoir din\u00e9 avec un Isra\u00e9lien\",\"datePublished\":\"2016-02-29T11:24:22+00:00\",\"dateModified\":\"2016-02-29T13:15:20+00:00\",\"mainEntityOfPage\":{\"@id\":\"https:\/\/kapitalis.com\/tunisie\/2016\/02\/29\/tawfiq-okacha-agresse-a-lassemblee-pour-avoir-dine-avec-un-israelien\/\"},\"wordCount\":382,\"commentCount\":4,\"publisher\":{\"@id\":\"https:\/\/kapitalis.com\/tunisie\/#organization\"},\"image\":{\"@id\":\"https:\/\/kapitalis.com\/tunisie\/2016\/02\/29\/tawfiq-okacha-agresse-a-lassemblee-pour-avoir-dine-avec-un-israelien\/#primaryimage\"},\"thumbnailUrl\":\"\",\"keywords\":[\"agress\u00e9\",\"d\u00e9put\u00e9s\",\"Egypte\",\"parlement\"],\"articleSection\":[\"VIDEOS\"],\"inLanguage\":\"fr-FR\",\"potentialAction\":[{\"@type\":\"CommentAction\",\"name\":\"Comment\",\"target\":[\"https:\/\/kapitalis.com\/tunisie\/2016\/02\/29\/tawfiq-okacha-agresse-a-lassemblee-pour-avoir-dine-avec-un-israelien\/#respond\"]}]},{\"@type\":\"WebPage\",\"@id\":\"https:\/\/kapitalis.com\/tunisie\/2016\/02\/29\/tawfiq-okacha-agresse-a-lassemblee-pour-avoir-dine-avec-un-israelien\/\",\"url\":\"https:\/\/kapitalis.com\/tunisie\/2016\/02\/29\/tawfiq-okacha-agresse-a-lassemblee-pour-avoir-dine-avec-un-israelien\/\",\"name\":\"Tawfiq Okacha agress\u00e9 \u00e0 l\u2019Assembl\u00e9e pour avoir din\u00e9 avec un Isra\u00e9lien - Kapitalis\",\"isPartOf\":{\"@id\":\"https:\/\/kapitalis.com\/tunisie\/#website\"},\"primaryImageOfPage\":{\"@id\":\"https:\/\/kapitalis.com\/tunisie\/2016\/02\/29\/tawfiq-okacha-agresse-a-lassemblee-pour-avoir-dine-avec-un-israelien\/#primaryimage\"},\"image\":{\"@id\":\"https:\/\/kapitalis.com\/tunisie\/2016\/02\/29\/tawfiq-okacha-agresse-a-lassemblee-pour-avoir-dine-avec-un-israelien\/#primaryimage\"},\"thumbnailUrl\":\"\",\"datePublished\":\"2016-02-29T11:24:22+00:00\",\"dateModified\":\"2016-02-29T13:15:20+00:00\",\"breadcrumb\":{\"@id\":\"https:\/\/kapitalis.com\/tunisie\/2016\/02\/29\/tawfiq-okacha-agresse-a-lassemblee-pour-avoir-dine-avec-un-israelien\/#breadcrumb\"},\"inLanguage\":\"fr-FR\",\"potentialAction\":[{\"@type\":\"ReadAction\",\"target\":[\"https:\/\/kapitalis.com\/tunisie\/2016\/02\/29\/tawfiq-okacha-agresse-a-lassemblee-pour-avoir-dine-avec-un-israelien\/\"]}]},{\"@type\":\"ImageObject\",\"inLanguage\":\"fr-FR\",\"@id\":\"https:\/\/kapitalis.com\/tunisie\/2016\/02\/29\/tawfiq-okacha-agresse-a-lassemblee-pour-avoir-dine-avec-un-israelien\/#primaryimage\",\"url\":\"\",\"contentUrl\":\"\"},{\"@type\":\"BreadcrumbList\",\"@id\":\"https:\/\/kapitalis.com\/tunisie\/2016\/02\/29\/tawfiq-okacha-agresse-a-lassemblee-pour-avoir-dine-avec-un-israelien\/#breadcrumb\",\"itemListElement\":[{\"@type\":\"ListItem\",\"position\":1,\"name\":\"Accueil\",\"item\":\"https:\/\/kapitalis.com\/tunisie\/\"},{\"@type\":\"ListItem\",\"position\":2,\"name\":\"Tawfiq Okacha agress\u00e9 \u00e0 l\u2019Assembl\u00e9e pour avoir din\u00e9 avec un Isra\u00e9lien\"}]},{\"@type\":\"WebSite\",\"@id\":\"https:\/\/kapitalis.com\/tunisie\/#website\",\"url\":\"https:\/\/kapitalis.com\/tunisie\/\",\"name\":\"Kapitalis\",\"description\":\"L&#039;actualit\u00e9 en Tunisie et dans le monde\",\"publisher\":{\"@id\":\"https:\/\/kapitalis.com\/tunisie\/#organization\"},\"potentialAction\":[{\"@type\":\"SearchAction\",\"target\":{\"@type\":\"EntryPoint\",\"urlTemplate\":\"https:\/\/kapitalis.com\/tunisie\/?s={search_term_string}\"},\"query-input\":{\"@type\":\"PropertyValueSpecification\",\"valueRequired\":true,\"valueName\":\"search_term_string\"}}],\"inLanguage\":\"fr-FR\"},{\"@type\":\"Organization\",\"@id\":\"https:\/\/kapitalis.com\/tunisie\/#organization\",\"name\":\"Kapitalis\",\"url\":\"https:\/\/kapitalis.com\/tunisie\/\",\"logo\":{\"@type\":\"ImageObject\",\"inLanguage\":\"fr-FR\",\"@id\":\"https:\/\/kapitalis.com\/tunisie\/#\/schema\/logo\/image\/\",\"url\":\"https:\/\/kapitalis.com\/tunisie\/wp-content\/uploads\/2022\/05\/Kapitalis-big-size.png\",\"contentUrl\":\"https:\/\/kapitalis.com\/tunisie\/wp-content\/uploads\/2022\/05\/Kapitalis-big-size.png\",\"width\":5000,\"height\":1500,\"caption\":\"Kapitalis\"},\"image\":{\"@id\":\"https:\/\/kapitalis.com\/tunisie\/#\/schema\/logo\/image\/\"},\"sameAs\":[\"https:\/\/www.facebook.com\/KapitalisInfo\/\",\"https:\/\/x.com\/KapitalisInfo\",\"https:\/\/www.youtube.com\/channel\/UC-yDYrHyfFBWWZaOw3FPg9Q\"]},{\"@type\":\"Person\",\"@id\":\"https:\/\/kapitalis.com\/tunisie\/#\/schema\/person\/74bbde0154d49d790a92aaeac5bc01d5\",\"name\":\"Yusra NY\",\"url\":\"https:\/\/kapitalis.com\/tunisie\/author\/yuza_adam\/\"}]}<\/script>\n<!-- \/ Yoast SEO plugin. -->","yoast_head_json":{"title":"Tawfiq Okacha agress\u00e9 \u00e0 l\u2019Assembl\u00e9e pour avoir din\u00e9 avec un Isra\u00e9lien - Kapitalis","robots":{"index":"index","follow":"follow","max-snippet":"max-snippet:-1","max-image-preview":"max-image-preview:large","max-video-preview":"max-video-preview:-1"},"canonical":"https:\/\/kapitalis.com\/tunisie\/2016\/02\/29\/tawfiq-okacha-agresse-a-lassemblee-pour-avoir-dine-avec-un-israelien\/","og_locale":"fr_FR","og_type":"article","og_title":"Tawfiq Okacha agress\u00e9 \u00e0 l\u2019Assembl\u00e9e pour avoir din\u00e9 avec un Isra\u00e9lien - Kapitalis","og_description":"Haim Koren et Tawfik Okacha. Le d\u00e9put\u00e9 \u00e9gyptien Tawfiq Okacha a \u00e9t\u00e9 agress\u00e9, hier, \u00e0 l\u2019Assembl\u00e9e, par son coll\u00e8gue qui l\u2019a frapp\u00e9 avec une chaussure.","og_url":"https:\/\/kapitalis.com\/tunisie\/2016\/02\/29\/tawfiq-okacha-agresse-a-lassemblee-pour-avoir-dine-avec-un-israelien\/","og_site_name":"Kapitalis","article_publisher":"https:\/\/www.facebook.com\/KapitalisInfo\/","article_published_time":"2016-02-29T11:24:22+00:00","article_modified_time":"2016-02-29T13:15:20+00:00","og_image":[{"width":1200,"height":630,"url":"https:\/\/kapitalis.com\/tunisie\/wp-content\/uploads\/2022\/05\/kapitalis-logo-fb.png","type":"image\/png"}],"author":"Yusra NY","twitter_card":"summary_large_image","twitter_creator":"@KapitalisInfo","twitter_site":"@KapitalisInfo","twitter_misc":{"\u00c9crit par":"Yusra NY","Dur\u00e9e de lecture estim\u00e9e":"2 minutes"},"schema":{"@context":"https:\/\/schema.org","@graph":[{"@type":"Article","@id":"https:\/\/kapitalis.com\/tunisie\/2016\/02\/29\/tawfiq-okacha-agresse-a-lassemblee-pour-avoir-dine-avec-un-israelien\/#article","isPartOf":{"@id":"https:\/\/kapitalis.com\/tunisie\/2016\/02\/29\/tawfiq-okacha-agresse-a-lassemblee-pour-avoir-dine-avec-un-israelien\/"},"author":{"name":"Yusra NY","@id":"https:\/\/kapitalis.com\/tunisie\/#\/schema\/person\/74bbde0154d49d790a92aaeac5bc01d5"},"headline":"Tawfiq Okacha agress\u00e9 \u00e0 l\u2019Assembl\u00e9e pour avoir din\u00e9 avec un Isra\u00e9lien","datePublished":"2016-02-29T11:24:22+00:00","dateModified":"2016-02-29T13:15:20+00:00","mainEntityOfPage":{"@id":"https:\/\/kapitalis.com\/tunisie\/2016\/02\/29\/tawfiq-okacha-agresse-a-lassemblee-pour-avoir-dine-avec-un-israelien\/"},"wordCount":382,"commentCount":4,"publisher":{"@id":"https:\/\/kapitalis.com\/tunisie\/#organization"},"image":{"@id":"https:\/\/kapitalis.com\/tunisie\/2016\/02\/29\/tawfiq-okacha-agresse-a-lassemblee-pour-avoir-dine-avec-un-israelien\/#primaryimage"},"thumbnailUrl":"","keywords":["agress\u00e9","d\u00e9put\u00e9s","Egypte","parlement"],"articleSection":["VIDEOS"],"inLanguage":"fr-FR","potentialAction":[{"@type":"CommentAction","name":"Comment","target":["https:\/\/kapitalis.com\/tunisie\/2016\/02\/29\/tawfiq-okacha-agresse-a-lassemblee-pour-avoir-dine-avec-un-israelien\/#respond"]}]},{"@type":"WebPage","@id":"https:\/\/kapitalis.com\/tunisie\/2016\/02\/29\/tawfiq-okacha-agresse-a-lassemblee-pour-avoir-dine-avec-un-israelien\/","url":"https:\/\/kapitalis.com\/tunisie\/2016\/02\/29\/tawfiq-okacha-agresse-a-lassemblee-pour-avoir-dine-avec-un-israelien\/","name":"Tawfiq Okacha agress\u00e9 \u00e0 l\u2019Assembl\u00e9e pour avoir din\u00e9 avec un Isra\u00e9lien - Kapitalis","isPartOf":{"@id":"https:\/\/kapitalis.com\/tunisie\/#website"},"primaryImageOfPage":{"@id":"https:\/\/kapitalis.com\/tunisie\/2016\/02\/29\/tawfiq-okacha-agresse-a-lassemblee-pour-avoir-dine-avec-un-israelien\/#primaryimage"},"image":{"@id":"https:\/\/kapitalis.com\/tunisie\/2016\/02\/29\/tawfiq-okacha-agresse-a-lassemblee-pour-avoir-dine-avec-un-israelien\/#primaryimage"},"thumbnailUrl":"","datePublished":"2016-02-29T11:24:22+00:00","dateModified":"2016-02-29T13:15:20+00:00","breadcrumb":{"@id":"https:\/\/kapitalis.com\/tunisie\/2016\/02\/29\/tawfiq-okacha-agresse-a-lassemblee-pour-avoir-dine-avec-un-israelien\/#breadcrumb"},"inLanguage":"fr-FR","potentialAction":[{"@type":"ReadAction","target":["https:\/\/kapitalis.com\/tunisie\/2016\/02\/29\/tawfiq-okacha-agresse-a-lassemblee-pour-avoir-dine-avec-un-israelien\/"]}]},{"@type":"ImageObject","inLanguage":"fr-FR","@id":"https:\/\/kapitalis.com\/tunisie\/2016\/02\/29\/tawfiq-okacha-agresse-a-lassemblee-pour-avoir-dine-avec-un-israelien\/#primaryimage","url":"","contentUrl":""},{"@type":"BreadcrumbList","@id":"https:\/\/kapitalis.com\/tunisie\/2016\/02\/29\/tawfiq-okacha-agresse-a-lassemblee-pour-avoir-dine-avec-un-israelien\/#breadcrumb","itemListElement":[{"@type":"ListItem","position":1,"name":"Accueil","item":"https:\/\/kapitalis.com\/tunisie\/"},{"@type":"ListItem","position":2,"name":"Tawfiq Okacha agress\u00e9 \u00e0 l\u2019Assembl\u00e9e pour avoir din\u00e9 avec un Isra\u00e9lien"}]},{"@type":"WebSite","@id":"https:\/\/kapitalis.com\/tunisie\/#website","url":"https:\/\/kapitalis.com\/tunisie\/","name":"Kapitalis","description":"L&#039;actualit\u00e9 en Tunisie et dans le monde","publisher":{"@id":"https:\/\/kapitalis.com\/tunisie\/#organization"},"potentialAction":[{"@type":"SearchAction","target":{"@type":"EntryPoint","urlTemplate":"https:\/\/kapitalis.com\/tunisie\/?s={search_term_string}"},"query-input":{"@type":"PropertyValueSpecification","valueRequired":true,"valueName":"search_term_string"}}],"inLanguage":"fr-FR"},{"@type":"Organization","@id":"https:\/\/kapitalis.com\/tunisie\/#organization","name":"Kapitalis","url":"https:\/\/kapitalis.com\/tunisie\/","logo":{"@type":"ImageObject","inLanguage":"fr-FR","@id":"https:\/\/kapitalis.com\/tunisie\/#\/schema\/logo\/image\/","url":"https:\/\/kapitalis.com\/tunisie\/wp-content\/uploads\/2022\/05\/Kapitalis-big-size.png","contentUrl":"https:\/\/kapitalis.com\/tunisie\/wp-content\/uploads\/2022\/05\/Kapitalis-big-size.png","width":5000,"height":1500,"caption":"Kapitalis"},"image":{"@id":"https:\/\/kapitalis.com\/tunisie\/#\/schema\/logo\/image\/"},"sameAs":["https:\/\/www.facebook.com\/KapitalisInfo\/","https:\/\/x.com\/KapitalisInfo","https:\/\/www.youtube.com\/channel\/UC-yDYrHyfFBWWZaOw3FPg9Q"]},{"@type":"Person","@id":"https:\/\/kapitalis.com\/tunisie\/#\/schema\/person\/74bbde0154d49d790a92aaeac5bc01d5","name":"Yusra NY","url":"https:\/\/kapitalis.com\/tunisie\/author\/yuza_adam\/"}]}},"_links":{"self":[{"href":"https:\/\/kapitalis.com\/tunisie\/wp-json\/wp\/v2\/posts\/41567","targetHints":{"allow":["GET"]}}],"collection":[{"href":"https:\/\/kapitalis.com\/tunisie\/wp-json\/wp\/v2\/posts"}],"about":[{"href":"https:\/\/kapitalis.com\/tunisie\/wp-json\/wp\/v2\/types\/post"}],"author":[{"embeddable":true,"href":"https:\/\/kapitalis.com\/tunisie\/wp-json\/wp\/v2\/users\/6"}],"replies":[{"embeddable":true,"href":"https:\/\/kapitalis.com\/tunisie\/wp-json\/wp\/v2\/comments?post=41567"}],"version-history":[{"count":0,"href":"https:\/\/kapitalis.com\/tunisie\/wp-json\/wp\/v2\/posts\/41567\/revisions"}],"wp:featuredmedia":[{"embeddable":true,"href":"https:\/\/kapitalis.com\/tunisie\/wp-json\/wp\/v2\/media\/41570"}],"wp:attachment":[{"href":"https:\/\/kapitalis.com\/tunisie\/wp-json\/wp\/v2\/media?parent=41567"}],"wp:term":[{"taxonomy":"category","embeddable":true,"href":"https:\/\/kapitalis.com\/tunisie\/wp-json\/wp\/v2\/categories?post=41567"},{"taxonomy":"post_tag","embeddable":true,"href":"https:\/\/kapitalis.com\/tunisie\/wp-json\/wp\/v2\/tags?post=41567"}],"curies":[{"name":"wp","href":"https:\/\/api.w.org\/{rel}","templated":true}]}}