{"id":416337,"date":"2022-05-08T12:33:02","date_gmt":"2022-05-08T10:33:02","guid":{"rendered":"https:\/\/kapitalis.com\/tunisie\/?p=416337"},"modified":"2022-05-08T13:43:09","modified_gmt":"2022-05-08T11:43:09","slug":"tunisie-demonstration-de-force-des-pro-saied-au-centre-ville-de-tunis","status":"publish","type":"post","link":"https:\/\/kapitalis.com\/tunisie\/2022\/05\/08\/tunisie-demonstration-de-force-des-pro-saied-au-centre-ville-de-tunis\/","title":{"rendered":"Tunisie : d\u00e9monstration de force des pro-Sa\u00efed au centre-ville de Tunis"},"content":{"rendered":"\n<p><em style=\"\"><b>Les partisans Ka\u00efs Sa\u00efed se sont donn\u00e9 rendez-vous, aujourd&rsquo;hui, \u00e0 l&rsquo;avenue Habib Bourguiba, \u00e0 Tunis, pour manifester leur soutien au projet de nouvelle r\u00e9publique port\u00e9 par le pr\u00e9sident de la r\u00e9publique en exercice. Les opposants ne voient pas d&rsquo;un bon <\/b><\/em><strong><em>\u0153il ce qu&rsquo;ils consid\u00e8rent comme une d\u00e9monstration de force dont ils redoutent les suites. <\/em><\/strong>  <\/p>\n\n\n\n<p>Par <strong>Imed Bahri<\/strong><\/p>\n\n\n\n<!--more-->\n\n\n\n<p>Officiellement, la manifestation n&rsquo;a \u00e9t\u00e9 organis\u00e9e par aucune partie officielle. Les manifestants sont venus par bus entiers de plusieurs r\u00e9gions du pays pour se rassembler devant le th\u00e9\u00e2tre municipal de Tunis, \u00e0 l&rsquo;avenue Habib Bourguiba, \u00e0 une centaine de m\u00e8tres du si\u00e8ge du minist\u00e8re de l&rsquo;Int\u00e9rieur. <\/p>\n\n\n\n<p>Au moment o\u00f9 nous mettions en ligne cet article, ils \u00e9taient quelques milliers de citoyens portant des banderoles appelant le chef de l&rsquo;Etat \u00e0 dissoudre les partis, la justice \u00e0 juger les responsables de la faillite financi\u00e8re du pays et scandant des slogans hostiles aux opposants au pr\u00e9sident Sa\u00efed et notamment au parti Ennahdha et \u00e0 son pr\u00e9sident Rached Ghannouchi, qui ont dirig\u00e9 le pays, directement ou au sein de coalitions qu&rsquo;ils conduisaient, depuis 2011. <\/p>\n\n\n\n<p>S&rsquo;ils ne revendiquent aucune appartenance partisane, les manifestants se pr\u00e9sentent comme des partisans du mouvement du 25-Juillet, par allusion \u00e0 l&rsquo;annonce des mesures exceptionnelles par le pr\u00e9sident Sa\u00efed, le 25 juillet 2021. Et crient leur hostilit\u00e9 \u00e0 la corruption politique incarn\u00e9e, selon eux, par les partis, tous les partis, sans exception. <\/p>\n\n\n\n<div class=\"wp-block-image\"><figure class=\"aligncenter size-full is-resized\"><img decoding=\"async\" src=\"https:\/\/kapitalis.com\/tunisie\/wp-content\/uploads\/2022\/05\/Manifestation-Pro-Saied-du-8-mai-2022-2.jpg\" alt=\"\" class=\"wp-image-416962\" width=\"500\" srcset=\"https:\/\/kapitalis.com\/tunisie\/wp-content\/uploads\/2022\/05\/Manifestation-Pro-Saied-du-8-mai-2022-2.jpg 626w, https:\/\/kapitalis.com\/tunisie\/wp-content\/uploads\/2022\/05\/Manifestation-Pro-Saied-du-8-mai-2022-2-300x182.jpg 300w, https:\/\/kapitalis.com\/tunisie\/wp-content\/uploads\/2022\/05\/Manifestation-Pro-Saied-du-8-mai-2022-2-580x352.jpg 580w\" sizes=\"(max-width: 626px) 100vw, 626px\" \/><\/figure><\/div>\n\n\n\n<p>Aussi ne faut-il pas s&rsquo;\u00e9tonner de l&rsquo;absence des figures politiques parmi les manifestants, qui, \u00e0 l&rsquo;instar de leur champion du jour, ne voient pas l&rsquo;utilit\u00e9 des corps interm\u00e9diaires, ne reconnaissent pas leur r\u00f4le et appellent \u00e0 la mise en place d&rsquo;une d\u00e9mocratie directe, conform\u00e9ment au slogan de campagne du pr\u00e9sident Sa\u00efed<em> \u00abEchaab yourid\u00bb<\/em> (litt\u00e9ralement: le peuple veut).   <\/p>\n\n\n\n<p>Les opposants voient dans les manifestations d&rsquo;aujourd&rsquo;hui une d\u00e9monstration de force voulue par le pr\u00e9sident de la r\u00e9publique, organis\u00e9e par ce qu&rsquo;ils appellent ses <em>\u00abtansiqiat\u00bb<\/em> (coordinations de partisans diss\u00e9min\u00e9es aux quatre coins du pays) et facilit\u00e9es par le minist\u00e8re de l&rsquo;Int\u00e9rieur. Ils qualifient le pr\u00e9sident de <em>\u00abputschiste\u00bb<\/em>, avertissent contre sa d\u00e9rive autoritaire et<strong><em> <\/em><\/strong>redoutent les suites de cette d\u00e9monstration de force. <\/p>\n","protected":false},"excerpt":{"rendered":"<p>Les partisans Ka\u00efs Sa\u00efed se sont donn\u00e9 rendez-vous, aujourd&rsquo;hui, \u00e0 l&rsquo;avenue Habib Bourguiba, \u00e0 Tunis, pour manifester leur soutien au projet de nouvelle r\u00e9publique port\u00e9 par le pr\u00e9sident de la r\u00e9publique en exercice. Les opposants ne voient pas d&rsquo;un bon \u0153il ce qu&rsquo;ils consid\u00e8rent comme une d\u00e9monstration de force dont ils redoutent les suites. Par&#8230;<\/p>\n","protected":false},"author":8,"featured_media":416954,"comment_status":"open","ping_status":"open","sticky":false,"template":"","format":"standard","meta":{"footnotes":""},"categories":[992,997,2433],"tags":[49543,12235,758,62643],"class_list":["post-416337","post","type-post","status-publish","format-standard","has-post-thumbnail","hentry","category-a-la-une","category-politique","category-tunisie","tag-ennahdha","tag-kais-saied","tag-rached-ghannouchi","tag-tunisie"],"yoast_head":"<!-- This site is optimized with the Yoast SEO plugin v26.6 - https:\/\/yoast.com\/wordpress\/plugins\/seo\/ -->\n<title>Tunisie : d\u00e9monstration de force des pro-Sa\u00efed au centre-ville de Tunis - Kapitalis<\/title>\n<meta name=\"robots\" content=\"index, follow, max-snippet:-1, max-image-preview:large, max-video-preview:-1\" \/>\n<link rel=\"canonical\" href=\"https:\/\/kapitalis.com\/tunisie\/2022\/05\/08\/tunisie-demonstration-de-force-des-pro-saied-au-centre-ville-de-tunis\/\" \/>\n<meta property=\"og:locale\" content=\"fr_FR\" \/>\n<meta property=\"og:type\" content=\"article\" \/>\n<meta property=\"og:title\" content=\"Tunisie : d\u00e9monstration de force des pro-Sa\u00efed au centre-ville de Tunis - Kapitalis\" \/>\n<meta property=\"og:description\" content=\"Les partisans Ka\u00efs Sa\u00efed se sont donn\u00e9 rendez-vous, aujourd&rsquo;hui, \u00e0 l&rsquo;avenue Habib Bourguiba, \u00e0 Tunis, pour manifester leur soutien au projet de nouvelle r\u00e9publique port\u00e9 par le pr\u00e9sident de la r\u00e9publique en exercice. Les opposants ne voient pas d&rsquo;un bon \u0153il ce qu&rsquo;ils consid\u00e8rent comme une d\u00e9monstration de force dont ils redoutent les suites. Par...\" \/>\n<meta property=\"og:url\" content=\"https:\/\/kapitalis.com\/tunisie\/2022\/05\/08\/tunisie-demonstration-de-force-des-pro-saied-au-centre-ville-de-tunis\/\" \/>\n<meta property=\"og:site_name\" content=\"Kapitalis\" \/>\n<meta property=\"article:publisher\" content=\"https:\/\/www.facebook.com\/KapitalisInfo\/\" \/>\n<meta property=\"article:published_time\" content=\"2022-05-08T10:33:02+00:00\" \/>\n<meta property=\"article:modified_time\" content=\"2022-05-08T11:43:09+00:00\" \/>\n<meta property=\"og:image\" content=\"https:\/\/kapitalis.com\/tunisie\/wp-content\/uploads\/2022\/05\/Manifestation-Pro-Saied-du-8-mai-2022.jpg\" \/>\n\t<meta property=\"og:image:width\" content=\"626\" \/>\n\t<meta property=\"og:image:height\" content=\"380\" \/>\n\t<meta property=\"og:image:type\" content=\"image\/jpeg\" \/>\n<meta name=\"author\" content=\"webmaster kapitalis\" \/>\n<meta name=\"twitter:card\" content=\"summary_large_image\" \/>\n<meta name=\"twitter:creator\" content=\"@KapitalisInfo\" \/>\n<meta name=\"twitter:site\" content=\"@KapitalisInfo\" \/>\n<meta name=\"twitter:label1\" content=\"\u00c9crit par\" \/>\n\t<meta name=\"twitter:data1\" content=\"webmaster kapitalis\" \/>\n\t<meta name=\"twitter:label2\" content=\"Dur\u00e9e de lecture estim\u00e9e\" \/>\n\t<meta name=\"twitter:data2\" content=\"2 minutes\" \/>\n<script type=\"application\/ld+json\" class=\"yoast-schema-graph\">{\"@context\":\"https:\/\/schema.org\",\"@graph\":[{\"@type\":\"Article\",\"@id\":\"https:\/\/kapitalis.com\/tunisie\/2022\/05\/08\/tunisie-demonstration-de-force-des-pro-saied-au-centre-ville-de-tunis\/#article\",\"isPartOf\":{\"@id\":\"https:\/\/kapitalis.com\/tunisie\/2022\/05\/08\/tunisie-demonstration-de-force-des-pro-saied-au-centre-ville-de-tunis\/\"},\"author\":{\"name\":\"webmaster kapitalis\",\"@id\":\"https:\/\/kapitalis.com\/tunisie\/#\/schema\/person\/d71f33a9ca44f7bad4698210b480c8e9\"},\"headline\":\"Tunisie : d\u00e9monstration de force des pro-Sa\u00efed au centre-ville de Tunis\",\"datePublished\":\"2022-05-08T10:33:02+00:00\",\"dateModified\":\"2022-05-08T11:43:09+00:00\",\"mainEntityOfPage\":{\"@id\":\"https:\/\/kapitalis.com\/tunisie\/2022\/05\/08\/tunisie-demonstration-de-force-des-pro-saied-au-centre-ville-de-tunis\/\"},\"wordCount\":387,\"commentCount\":5,\"publisher\":{\"@id\":\"https:\/\/kapitalis.com\/tunisie\/#organization\"},\"image\":{\"@id\":\"https:\/\/kapitalis.com\/tunisie\/2022\/05\/08\/tunisie-demonstration-de-force-des-pro-saied-au-centre-ville-de-tunis\/#primaryimage\"},\"thumbnailUrl\":\"https:\/\/kapitalis.com\/tunisie\/wp-content\/uploads\/2022\/05\/Manifestation-Pro-Saied-du-8-mai-2022.jpg\",\"keywords\":[\"Ennahdha\",\"Ka\u00efs Saied\",\"Rached Ghannouchi\",\"Tunisie\"],\"articleSection\":[\"A LA UNE\",\"POLITIQUE\",\"Tunisie\"],\"inLanguage\":\"fr-FR\",\"potentialAction\":[{\"@type\":\"CommentAction\",\"name\":\"Comment\",\"target\":[\"https:\/\/kapitalis.com\/tunisie\/2022\/05\/08\/tunisie-demonstration-de-force-des-pro-saied-au-centre-ville-de-tunis\/#respond\"]}]},{\"@type\":\"WebPage\",\"@id\":\"https:\/\/kapitalis.com\/tunisie\/2022\/05\/08\/tunisie-demonstration-de-force-des-pro-saied-au-centre-ville-de-tunis\/\",\"url\":\"https:\/\/kapitalis.com\/tunisie\/2022\/05\/08\/tunisie-demonstration-de-force-des-pro-saied-au-centre-ville-de-tunis\/\",\"name\":\"Tunisie : d\u00e9monstration de force des pro-Sa\u00efed au centre-ville de Tunis - Kapitalis\",\"isPartOf\":{\"@id\":\"https:\/\/kapitalis.com\/tunisie\/#website\"},\"primaryImageOfPage\":{\"@id\":\"https:\/\/kapitalis.com\/tunisie\/2022\/05\/08\/tunisie-demonstration-de-force-des-pro-saied-au-centre-ville-de-tunis\/#primaryimage\"},\"image\":{\"@id\":\"https:\/\/kapitalis.com\/tunisie\/2022\/05\/08\/tunisie-demonstration-de-force-des-pro-saied-au-centre-ville-de-tunis\/#primaryimage\"},\"thumbnailUrl\":\"https:\/\/kapitalis.com\/tunisie\/wp-content\/uploads\/2022\/05\/Manifestation-Pro-Saied-du-8-mai-2022.jpg\",\"datePublished\":\"2022-05-08T10:33:02+00:00\",\"dateModified\":\"2022-05-08T11:43:09+00:00\",\"breadcrumb\":{\"@id\":\"https:\/\/kapitalis.com\/tunisie\/2022\/05\/08\/tunisie-demonstration-de-force-des-pro-saied-au-centre-ville-de-tunis\/#breadcrumb\"},\"inLanguage\":\"fr-FR\",\"potentialAction\":[{\"@type\":\"ReadAction\",\"target\":[\"https:\/\/kapitalis.com\/tunisie\/2022\/05\/08\/tunisie-demonstration-de-force-des-pro-saied-au-centre-ville-de-tunis\/\"]}]},{\"@type\":\"ImageObject\",\"inLanguage\":\"fr-FR\",\"@id\":\"https:\/\/kapitalis.com\/tunisie\/2022\/05\/08\/tunisie-demonstration-de-force-des-pro-saied-au-centre-ville-de-tunis\/#primaryimage\",\"url\":\"https:\/\/kapitalis.com\/tunisie\/wp-content\/uploads\/2022\/05\/Manifestation-Pro-Saied-du-8-mai-2022.jpg\",\"contentUrl\":\"https:\/\/kapitalis.com\/tunisie\/wp-content\/uploads\/2022\/05\/Manifestation-Pro-Saied-du-8-mai-2022.jpg\",\"width\":626,\"height\":380},{\"@type\":\"BreadcrumbList\",\"@id\":\"https:\/\/kapitalis.com\/tunisie\/2022\/05\/08\/tunisie-demonstration-de-force-des-pro-saied-au-centre-ville-de-tunis\/#breadcrumb\",\"itemListElement\":[{\"@type\":\"ListItem\",\"position\":1,\"name\":\"Accueil\",\"item\":\"https:\/\/kapitalis.com\/tunisie\/\"},{\"@type\":\"ListItem\",\"position\":2,\"name\":\"Tunisie : d\u00e9monstration de force des pro-Sa\u00efed au centre-ville de Tunis\"}]},{\"@type\":\"WebSite\",\"@id\":\"https:\/\/kapitalis.com\/tunisie\/#website\",\"url\":\"https:\/\/kapitalis.com\/tunisie\/\",\"name\":\"Kapitalis\",\"description\":\"L&#039;actualit\u00e9 en Tunisie et dans le monde\",\"publisher\":{\"@id\":\"https:\/\/kapitalis.com\/tunisie\/#organization\"},\"potentialAction\":[{\"@type\":\"SearchAction\",\"target\":{\"@type\":\"EntryPoint\",\"urlTemplate\":\"https:\/\/kapitalis.com\/tunisie\/?s={search_term_string}\"},\"query-input\":{\"@type\":\"PropertyValueSpecification\",\"valueRequired\":true,\"valueName\":\"search_term_string\"}}],\"inLanguage\":\"fr-FR\"},{\"@type\":\"Organization\",\"@id\":\"https:\/\/kapitalis.com\/tunisie\/#organization\",\"name\":\"Kapitalis\",\"url\":\"https:\/\/kapitalis.com\/tunisie\/\",\"logo\":{\"@type\":\"ImageObject\",\"inLanguage\":\"fr-FR\",\"@id\":\"https:\/\/kapitalis.com\/tunisie\/#\/schema\/logo\/image\/\",\"url\":\"https:\/\/kapitalis.com\/tunisie\/wp-content\/uploads\/2022\/05\/Kapitalis-big-size.png\",\"contentUrl\":\"https:\/\/kapitalis.com\/tunisie\/wp-content\/uploads\/2022\/05\/Kapitalis-big-size.png\",\"width\":5000,\"height\":1500,\"caption\":\"Kapitalis\"},\"image\":{\"@id\":\"https:\/\/kapitalis.com\/tunisie\/#\/schema\/logo\/image\/\"},\"sameAs\":[\"https:\/\/www.facebook.com\/KapitalisInfo\/\",\"https:\/\/x.com\/KapitalisInfo\",\"https:\/\/www.youtube.com\/channel\/UC-yDYrHyfFBWWZaOw3FPg9Q\"]},{\"@type\":\"Person\",\"@id\":\"https:\/\/kapitalis.com\/tunisie\/#\/schema\/person\/d71f33a9ca44f7bad4698210b480c8e9\",\"name\":\"webmaster kapitalis\",\"url\":\"https:\/\/kapitalis.com\/tunisie\/author\/webmaster-kapitalis\/\"}]}<\/script>\n<!-- \/ Yoast SEO plugin. -->","yoast_head_json":{"title":"Tunisie : d\u00e9monstration de force des pro-Sa\u00efed au centre-ville de Tunis - Kapitalis","robots":{"index":"index","follow":"follow","max-snippet":"max-snippet:-1","max-image-preview":"max-image-preview:large","max-video-preview":"max-video-preview:-1"},"canonical":"https:\/\/kapitalis.com\/tunisie\/2022\/05\/08\/tunisie-demonstration-de-force-des-pro-saied-au-centre-ville-de-tunis\/","og_locale":"fr_FR","og_type":"article","og_title":"Tunisie : d\u00e9monstration de force des pro-Sa\u00efed au centre-ville de Tunis - Kapitalis","og_description":"Les partisans Ka\u00efs Sa\u00efed se sont donn\u00e9 rendez-vous, aujourd&rsquo;hui, \u00e0 l&rsquo;avenue Habib Bourguiba, \u00e0 Tunis, pour manifester leur soutien au projet de nouvelle r\u00e9publique port\u00e9 par le pr\u00e9sident de la r\u00e9publique en exercice. Les opposants ne voient pas d&rsquo;un bon \u0153il ce qu&rsquo;ils consid\u00e8rent comme une d\u00e9monstration de force dont ils redoutent les suites. Par...","og_url":"https:\/\/kapitalis.com\/tunisie\/2022\/05\/08\/tunisie-demonstration-de-force-des-pro-saied-au-centre-ville-de-tunis\/","og_site_name":"Kapitalis","article_publisher":"https:\/\/www.facebook.com\/KapitalisInfo\/","article_published_time":"2022-05-08T10:33:02+00:00","article_modified_time":"2022-05-08T11:43:09+00:00","og_image":[{"width":626,"height":380,"url":"https:\/\/kapitalis.com\/tunisie\/wp-content\/uploads\/2022\/05\/Manifestation-Pro-Saied-du-8-mai-2022.jpg","type":"image\/jpeg"}],"author":"webmaster kapitalis","twitter_card":"summary_large_image","twitter_creator":"@KapitalisInfo","twitter_site":"@KapitalisInfo","twitter_misc":{"\u00c9crit par":"webmaster kapitalis","Dur\u00e9e de lecture estim\u00e9e":"2 minutes"},"schema":{"@context":"https:\/\/schema.org","@graph":[{"@type":"Article","@id":"https:\/\/kapitalis.com\/tunisie\/2022\/05\/08\/tunisie-demonstration-de-force-des-pro-saied-au-centre-ville-de-tunis\/#article","isPartOf":{"@id":"https:\/\/kapitalis.com\/tunisie\/2022\/05\/08\/tunisie-demonstration-de-force-des-pro-saied-au-centre-ville-de-tunis\/"},"author":{"name":"webmaster kapitalis","@id":"https:\/\/kapitalis.com\/tunisie\/#\/schema\/person\/d71f33a9ca44f7bad4698210b480c8e9"},"headline":"Tunisie : d\u00e9monstration de force des pro-Sa\u00efed au centre-ville de Tunis","datePublished":"2022-05-08T10:33:02+00:00","dateModified":"2022-05-08T11:43:09+00:00","mainEntityOfPage":{"@id":"https:\/\/kapitalis.com\/tunisie\/2022\/05\/08\/tunisie-demonstration-de-force-des-pro-saied-au-centre-ville-de-tunis\/"},"wordCount":387,"commentCount":5,"publisher":{"@id":"https:\/\/kapitalis.com\/tunisie\/#organization"},"image":{"@id":"https:\/\/kapitalis.com\/tunisie\/2022\/05\/08\/tunisie-demonstration-de-force-des-pro-saied-au-centre-ville-de-tunis\/#primaryimage"},"thumbnailUrl":"https:\/\/kapitalis.com\/tunisie\/wp-content\/uploads\/2022\/05\/Manifestation-Pro-Saied-du-8-mai-2022.jpg","keywords":["Ennahdha","Ka\u00efs Saied","Rached Ghannouchi","Tunisie"],"articleSection":["A LA UNE","POLITIQUE","Tunisie"],"inLanguage":"fr-FR","potentialAction":[{"@type":"CommentAction","name":"Comment","target":["https:\/\/kapitalis.com\/tunisie\/2022\/05\/08\/tunisie-demonstration-de-force-des-pro-saied-au-centre-ville-de-tunis\/#respond"]}]},{"@type":"WebPage","@id":"https:\/\/kapitalis.com\/tunisie\/2022\/05\/08\/tunisie-demonstration-de-force-des-pro-saied-au-centre-ville-de-tunis\/","url":"https:\/\/kapitalis.com\/tunisie\/2022\/05\/08\/tunisie-demonstration-de-force-des-pro-saied-au-centre-ville-de-tunis\/","name":"Tunisie : d\u00e9monstration de force des pro-Sa\u00efed au centre-ville de Tunis - Kapitalis","isPartOf":{"@id":"https:\/\/kapitalis.com\/tunisie\/#website"},"primaryImageOfPage":{"@id":"https:\/\/kapitalis.com\/tunisie\/2022\/05\/08\/tunisie-demonstration-de-force-des-pro-saied-au-centre-ville-de-tunis\/#primaryimage"},"image":{"@id":"https:\/\/kapitalis.com\/tunisie\/2022\/05\/08\/tunisie-demonstration-de-force-des-pro-saied-au-centre-ville-de-tunis\/#primaryimage"},"thumbnailUrl":"https:\/\/kapitalis.com\/tunisie\/wp-content\/uploads\/2022\/05\/Manifestation-Pro-Saied-du-8-mai-2022.jpg","datePublished":"2022-05-08T10:33:02+00:00","dateModified":"2022-05-08T11:43:09+00:00","breadcrumb":{"@id":"https:\/\/kapitalis.com\/tunisie\/2022\/05\/08\/tunisie-demonstration-de-force-des-pro-saied-au-centre-ville-de-tunis\/#breadcrumb"},"inLanguage":"fr-FR","potentialAction":[{"@type":"ReadAction","target":["https:\/\/kapitalis.com\/tunisie\/2022\/05\/08\/tunisie-demonstration-de-force-des-pro-saied-au-centre-ville-de-tunis\/"]}]},{"@type":"ImageObject","inLanguage":"fr-FR","@id":"https:\/\/kapitalis.com\/tunisie\/2022\/05\/08\/tunisie-demonstration-de-force-des-pro-saied-au-centre-ville-de-tunis\/#primaryimage","url":"https:\/\/kapitalis.com\/tunisie\/wp-content\/uploads\/2022\/05\/Manifestation-Pro-Saied-du-8-mai-2022.jpg","contentUrl":"https:\/\/kapitalis.com\/tunisie\/wp-content\/uploads\/2022\/05\/Manifestation-Pro-Saied-du-8-mai-2022.jpg","width":626,"height":380},{"@type":"BreadcrumbList","@id":"https:\/\/kapitalis.com\/tunisie\/2022\/05\/08\/tunisie-demonstration-de-force-des-pro-saied-au-centre-ville-de-tunis\/#breadcrumb","itemListElement":[{"@type":"ListItem","position":1,"name":"Accueil","item":"https:\/\/kapitalis.com\/tunisie\/"},{"@type":"ListItem","position":2,"name":"Tunisie : d\u00e9monstration de force des pro-Sa\u00efed au centre-ville de Tunis"}]},{"@type":"WebSite","@id":"https:\/\/kapitalis.com\/tunisie\/#website","url":"https:\/\/kapitalis.com\/tunisie\/","name":"Kapitalis","description":"L&#039;actualit\u00e9 en Tunisie et dans le monde","publisher":{"@id":"https:\/\/kapitalis.com\/tunisie\/#organization"},"potentialAction":[{"@type":"SearchAction","target":{"@type":"EntryPoint","urlTemplate":"https:\/\/kapitalis.com\/tunisie\/?s={search_term_string}"},"query-input":{"@type":"PropertyValueSpecification","valueRequired":true,"valueName":"search_term_string"}}],"inLanguage":"fr-FR"},{"@type":"Organization","@id":"https:\/\/kapitalis.com\/tunisie\/#organization","name":"Kapitalis","url":"https:\/\/kapitalis.com\/tunisie\/","logo":{"@type":"ImageObject","inLanguage":"fr-FR","@id":"https:\/\/kapitalis.com\/tunisie\/#\/schema\/logo\/image\/","url":"https:\/\/kapitalis.com\/tunisie\/wp-content\/uploads\/2022\/05\/Kapitalis-big-size.png","contentUrl":"https:\/\/kapitalis.com\/tunisie\/wp-content\/uploads\/2022\/05\/Kapitalis-big-size.png","width":5000,"height":1500,"caption":"Kapitalis"},"image":{"@id":"https:\/\/kapitalis.com\/tunisie\/#\/schema\/logo\/image\/"},"sameAs":["https:\/\/www.facebook.com\/KapitalisInfo\/","https:\/\/x.com\/KapitalisInfo","https:\/\/www.youtube.com\/channel\/UC-yDYrHyfFBWWZaOw3FPg9Q"]},{"@type":"Person","@id":"https:\/\/kapitalis.com\/tunisie\/#\/schema\/person\/d71f33a9ca44f7bad4698210b480c8e9","name":"webmaster kapitalis","url":"https:\/\/kapitalis.com\/tunisie\/author\/webmaster-kapitalis\/"}]}},"_links":{"self":[{"href":"https:\/\/kapitalis.com\/tunisie\/wp-json\/wp\/v2\/posts\/416337","targetHints":{"allow":["GET"]}}],"collection":[{"href":"https:\/\/kapitalis.com\/tunisie\/wp-json\/wp\/v2\/posts"}],"about":[{"href":"https:\/\/kapitalis.com\/tunisie\/wp-json\/wp\/v2\/types\/post"}],"author":[{"embeddable":true,"href":"https:\/\/kapitalis.com\/tunisie\/wp-json\/wp\/v2\/users\/8"}],"replies":[{"embeddable":true,"href":"https:\/\/kapitalis.com\/tunisie\/wp-json\/wp\/v2\/comments?post=416337"}],"version-history":[{"count":0,"href":"https:\/\/kapitalis.com\/tunisie\/wp-json\/wp\/v2\/posts\/416337\/revisions"}],"wp:featuredmedia":[{"embeddable":true,"href":"https:\/\/kapitalis.com\/tunisie\/wp-json\/wp\/v2\/media\/416954"}],"wp:attachment":[{"href":"https:\/\/kapitalis.com\/tunisie\/wp-json\/wp\/v2\/media?parent=416337"}],"wp:term":[{"taxonomy":"category","embeddable":true,"href":"https:\/\/kapitalis.com\/tunisie\/wp-json\/wp\/v2\/categories?post=416337"},{"taxonomy":"post_tag","embeddable":true,"href":"https:\/\/kapitalis.com\/tunisie\/wp-json\/wp\/v2\/tags?post=416337"}],"curies":[{"name":"wp","href":"https:\/\/api.w.org\/{rel}","templated":true}]}}