{"id":41706,"date":"2016-03-01T10:51:01","date_gmt":"2016-03-01T09:51:01","guid":{"rendered":"http:\/\/kapitalis.com\/tunisie\/?p=41706"},"modified":"2016-03-01T11:25:41","modified_gmt":"2016-03-01T10:25:41","slug":"tunisie-quand-les-jeunes-et-les-regions-se-reveilleront","status":"publish","type":"post","link":"https:\/\/kapitalis.com\/tunisie\/2016\/03\/01\/tunisie-quand-les-jeunes-et-les-regions-se-reveilleront\/","title":{"rendered":"Tunisie : Quand les jeunes et les r\u00e9gions se r\u00e9veilleront&#8230;"},"content":{"rendered":"<p><img loading=\"lazy\" decoding=\"async\" class=\"alignnone size-full wp-image-10340 aligncenter\" src=\"http:\/\/kapitalis.com\/tunisie\/wp-content\/uploads\/2015\/08\/Chantier-de-jeunes.jpg\" alt=\"Chantier-de-jeunes\" width=\"626\" height=\"380\" \/><\/p>\n<p><em><strong>Le salut de la Tunisie ne viendra de son Etat exsangue ou de son \u00e9lite politique sans imagination, mais de la \u00abrichesse\u00bb de ses jeunes et de ses r\u00e9gions.<\/strong> <\/em><\/p>\n<p>Par <strong>Ezzedine Ferjani<\/strong> *<\/p>\n<p><!--more--><\/p>\n<p>Notre pays \u00e9chappe de peu \u00e0 un janvier chaud : colmatage de br\u00e8ches, rafistolages partiels, bribes aux uns, miettes\u00a0 aux autres, l\u2019essentiel \u00e9tait d\u2019\u00e9viter le pire. Ouf ! Un janvier terrible mais aucune cartouche tir\u00e9e, aucune goutte de sang. Un policier est mort tout de m\u00eame par d\u00e9rapage suite \u00e0 des jets de pierres.<\/p>\n<p>Cette Tunisie de 2106 se cherche dans un brouhaha aussi bien m\u00e9diatique que culturel, <em>\u00abpolitique\u00bb<\/em> mais les solutions tardent et semblent de plus en plus difficiles \u00e0 jaillir, \u00e0 enfanter, \u00e0 offrir au pays. Panne d\u2019id\u00e9es, panne de projets \u00e9conomico-socio-politique? La petite (grande par la richesse de ses parcours historiques) Tunisie a connu des \u00e9pisodes bien plus complexes et bien plus difficiles (lisez Hassen Hosni Abdelwaheb !)<\/p>\n<p><strong>D\u00e9ficit de leadership, panne de solution <\/strong><\/p>\n<p>Il y a que cette r\u00e9volution demeure orpheline de repr\u00e9sentants r\u00e9els capables d\u2019infl\u00e9chir le cours de l\u2019Histoire. Il y a que le discours et ses t\u00e9nors sont en panne de cr\u00e9dibilit\u00e9. Il y a que la soci\u00e9t\u00e9 diverse et massive ne se retrouve pas avec la <em>\u00abrepr\u00e9sentation politique\u00bb<\/em> officielle et que la majorit\u00e9 de ses franges a peur ou souffre dans sa chair du fait du quotidien. Il n\u2019y a que les clivages politico-politiciens qui n\u2019arrangent que leurs auteurs.<\/p>\n<p>Quelles solutions alors pour l\u2019\u00e9pineux probl\u00e8me exacerb\u00e9 et approfondi de la corruption par le fait m\u00eame des conditions post-r\u00e9volution? La lutte, \u00e0 mort, de longue haleine, inlassable, pendant 20, 30 ans !! Mais par qui? Quand l\u2019ordonnateur lui-m\u00eame est rong\u00e9, d\u00e9vor\u00e9, impr\u00e9gn\u00e9, travers\u00e9, infiltr\u00e9 par le mal? Les philosophes, les intellectuels, le tissu associatif, Facebook, vous et moi, nous tous, tout citoyen, toute citoyenne&#8230;<\/p>\n<p>D\u2019abord ne jamais c\u00e9der soi-m\u00eame \u00e0 la tentation, m\u00eame \u00e0 la plus petite des corruptions (l\u2019enfer, c\u2019est parfois nous aussi quand on se tait, quand on le fait juste pour ne pas payer 30 DT de contravention !!), donner l\u2019exemple, d\u00e9noncer, porter en justice&#8230; Cette question cruciale sera d\u2019actualit\u00e9, vitale \u00e0 long terme.<\/p>\n<p><strong>Les jeunes sont la solution<\/strong><\/p>\n<p>Les jeunes. Ne nous leurrons point. Ne l\u2019oublions jamais. Ils sont acteurs de ce nouveau. Ils ont\u00a0 ouvert la br\u00e8che. Ils ont donn\u00e9 g\u00e9n\u00e9reusement leur sang. Ils nous ont fait r\u00eaver. Ils n\u2019ont rien eu ou trop peu. Or, c\u2019est par eux que viendront les solutions. Plus que nous, ils sont porteurs d\u2019\u00e9nergie extraordinaire, d\u2019imagination fertile, d\u2019endurance et de capacit\u00e9 de souffrance dans l\u2019abn\u00e9gation, de r\u00e9silience inconnue par notre g\u00e9n\u00e9ration. C\u2019est eux la solution et ce n\u2019est pas en croyant \u00e0 l\u2019aum\u00f4ne des marchands de promesses creuses, mensong\u00e8res, souvent malhonn\u00eates qu\u2019ils arriveront \u00e0 s\u2019imposer dans le circuit social, le march\u00e9 de l\u2019\u00e9conomie et l\u2019action du nouveau intellectuel, culturel et politique.<\/p>\n<p style=\"text-align: center;\"><img loading=\"lazy\" decoding=\"async\" class=\"alignnone size-full wp-image-41709\" src=\"http:\/\/kapitalis.com\/tunisie\/wp-content\/uploads\/2016\/03\/Jeunes.jpg\" alt=\"Jeunes\" width=\"500\" height=\"300\" \/><\/p>\n<p style=\"text-align: center;\"><em>Une force de travail qui ne demande qu&rsquo;\u00e0 \u00eatre fructifi\u00e9e.<\/em><\/p>\n<p>La mendicit\u00e9 n\u2019apportera rien. L\u2019attentisme ne fera que porter \u00e0 des calandres d\u2019antan des besoins, des \u00e9nergies, des r\u00eaves et des capacit\u00e9s de toute urgence. Aussi, jeunes ! Allez-y !! Fort et puissamment ! Imposez votre id\u00e9al, votre existence. Organisez vous ! Luttez ! Montez des projets ! Tous azimuts ! La r\u00e9ussite, \u00e0 la dimension du r\u00eave, est possible. Passez par l\u2019instruction, la formation, l\u2019acquisition de comp\u00e9tences, le travail, veiller la nuit, discuter, bouger, agir&#8230; N\u2019attendez plus les cadeaux. L\u2019Etat exsangue en est incapable; les v\u00e9reux vous regardent comme un danger \u00e0 mater. Aussi, prenez votre existence en charge. Faites bouger l\u2019ordre \u00e9tabli en vous y imposant, en l\u2019infiltrant, en en cr\u00e9ant de nouveaux : travail, travail, travail ! R\u00eave et pers\u00e9v\u00e9rance. Vous serez auteurs de la nouvelle libert\u00e9, du nouveau monde, de la durabilit\u00e9 promise.<\/p>\n<p>Les banques pr\u00eatent aux riches. C\u2019est un fait. Elles ont le devoir aujourd\u2019hui de vous pr\u00eater. Imposez par la pertinence et l\u2019abn\u00e9gation vos projets. Beaucoup parmi vous seront les riches de demain : cr\u00e9ateurs, investisseurs, moteurs durables du d\u00e9veloppement.<\/p>\n<p><strong>L\u2019essentiel viendra des r\u00e9gions<\/strong><\/p>\n<p>Le d\u00e9veloppement (<em>\u00abattanmiah\u00bb<\/em>) ! Un mot rab\u00e2ch\u00e9, brandi, mendi\u00e9, malmen\u00e9, usurp\u00e9. Entendons nous d\u2019abord : c\u2019est un processus d\u2019\u00e9volution, de longue haleine, de cumul et de multiplication des biens mat\u00e9riels et immat\u00e9riels suite \u00e0 des choix strat\u00e9giques, un dynamisme social et des conjonctures adjacentes favorables. L\u2019Etat tunisien actuel est-il en mesure d\u2019initier, d\u2019enrichir et de diriger un tel projet? N\u2019en d\u00e9plaise \u00e0 mes <em>\u00abamis\u00bb<\/em>, fervents partisans du dirigisme, du collectivisme et du centralisme <em>\u00abscientifique\u00bb<\/em>, toutes ces exp\u00e9riences ont lamentablement \u00e9chou\u00e9. Elles ont invent\u00e9 le monstre du totalitarisme, de l\u2019asphyxie, du nivellement par le bas et de la d\u00e9shumanisation de l\u2019\u00eatre: l\u2019ex-URSS essaie de rattraper le temps perdu; la Chine s\u2019ouvre \u00e0 la comp\u00e9tition par le produit; m\u00eame Cuba n\u2019attend plus la mort du Leader Maximo pour s\u2019ouvrir aux d\u00e9lices du tourisme.<\/p>\n<p>Soit dit en passant, la nouvelle gauche en gestation de par le monde construira avec la libert\u00e9 d\u2019entreprendre, la g\u00e9n\u00e9rosit\u00e9 (un peu), la solidarit\u00e9 (un peu), la durabilit\u00e9 (beaucoup) et la stricte application de la loi con\u00e7ue par des \u00eatres altruistes et intelligents, garante de la libert\u00e9, de l\u2019\u00e9panouissement individuel et collectif.<\/p>\n<p>Le d\u00e9veloppement en Tunisie d\u2019aujourd\u2019hui ne peut \u00eatre apanage d\u2019un Etat exsangue, pauvre, amoindri et menac\u00e9 dans sa survie. Il sera l\u2019\u0153uvre d\u2019abord de cette jeunesse et ensuite de ces gens d\u00e9tenteurs de moyens, patriotes et auteurs d\u2019id\u00e9es nouvelles, audacieux et entreprenants, g\u00e9nies d\u2019organisations, de gestions, de cr\u00e9ativit\u00e9, de courage et de saisie d\u2019opportunit\u00e9s. Main dans la main, avec la jeunesse, ils sauveront le pays.<\/p>\n<p>Et enfin, un mot sur les r\u00e9gions <em>\u00abd\u00e9favoris\u00e9es\u00bb<\/em>. Soyons francs : ce n\u2019est pas la mendicit\u00e9, l\u2019Etat providence ou un quelconque miracle venant du ciel qui sauvera l\u2019arri\u00e8re pays. Bien s\u00fbr, une infrastructure minimale \u00e0 la charge de l\u2019Etat est \u00e0 mettre en place ; bien s\u00fbr, il y a les diff\u00e9rents pr\u00eats de la banque mondiale, arabe ou africaine; bien s\u00fbr, il y a des philanthropes dans le pays mais l\u2019essentiel viendra de la r\u00e9gion; des hommes et des femmes de la r\u00e9gion, de ses richesses naturelles agricoles, de commerce, d\u2019\u00e9change, de comp\u00e9tences locales, de volont\u00e9 de s\u2019en sortir soi m\u00eame. Aide-toi, toi-m\u00eame et le ciel t\u2019aidera !! Toutes ces fausses promesses qui fusent, toute cette sentimentalit\u00e9 \u00e9tal\u00e9e sur les m\u00e9dias, tout ce brouhaha creux et inutile&#8230; tout cela ne fera qu\u2019enfoncer les r\u00e9gions dans de faux espoirs et nourrir les manifestations d\u00e9sastreuses de vandalisme et de \u00ab<em>protestations<\/em>\u00bb st\u00e9riles.<\/p>\n<p>La Tunisie est\u00a0 \u00e0 un carrefour important de son Histoire. Elle a obligation de r\u00e9ussite. Cet enfantement doit \u00eatre heureux aussi douloureux soit il, quel qu\u2019en soit le prix. Ce chantier ne peut \u00eatre r\u00e9ussi et nous mener\u00a0 \u00e0 bon port de s\u00e9r\u00e9nit\u00e9 et de qui\u00e9tude que si tout le pays entame enfin la marche en avant : par le travail, l\u2019abn\u00e9gation, le d\u00e9vouement, l\u2019optimisme, la volont\u00e9 et l\u2019intelligence. En avant, Tunisie !<\/p>\n<p><em>* Professeur \u00e0 l\u2019Universit\u00e9 de Carthage.<\/em><\/p>\n","protected":false},"excerpt":{"rendered":"<p>Le salut de la Tunisie ne viendra de son Etat exsangue ou de son \u00e9lite politique sans imagination, mais de la \u00abrichesse\u00bb de ses jeunes et de ses r\u00e9gions. Par Ezzedine Ferjani *<\/p>\n","protected":false},"author":8,"featured_media":41709,"comment_status":"open","ping_status":"open","sticky":false,"template":"","format":"standard","meta":{"footnotes":""},"categories":[992,1000,2433],"tags":[275,3353,777],"class_list":["post-41706","post","type-post","status-publish","format-standard","has-post-thumbnail","hentry","category-a-la-une","category-tribune","category-tunisie","tag-developpement","tag-jeunes","tag-regions"],"yoast_head":"<!-- This site is optimized with the Yoast SEO plugin v26.6 - https:\/\/yoast.com\/wordpress\/plugins\/seo\/ -->\n<title>Tunisie : Quand les jeunes et les r\u00e9gions se r\u00e9veilleront... - Kapitalis<\/title>\n<meta name=\"robots\" content=\"index, follow, max-snippet:-1, max-image-preview:large, max-video-preview:-1\" \/>\n<link rel=\"canonical\" href=\"https:\/\/kapitalis.com\/tunisie\/2016\/03\/01\/tunisie-quand-les-jeunes-et-les-regions-se-reveilleront\/\" \/>\n<meta property=\"og:locale\" content=\"fr_FR\" \/>\n<meta property=\"og:type\" content=\"article\" \/>\n<meta property=\"og:title\" content=\"Tunisie : Quand les jeunes et les r\u00e9gions se r\u00e9veilleront... - Kapitalis\" \/>\n<meta property=\"og:description\" content=\"Le salut de la Tunisie ne viendra de son Etat exsangue ou de son \u00e9lite politique sans imagination, mais de la \u00abrichesse\u00bb de ses jeunes et de ses r\u00e9gions. Par Ezzedine Ferjani *\" \/>\n<meta property=\"og:url\" content=\"https:\/\/kapitalis.com\/tunisie\/2016\/03\/01\/tunisie-quand-les-jeunes-et-les-regions-se-reveilleront\/\" \/>\n<meta property=\"og:site_name\" content=\"Kapitalis\" \/>\n<meta property=\"article:publisher\" content=\"https:\/\/www.facebook.com\/KapitalisInfo\/\" \/>\n<meta property=\"article:published_time\" content=\"2016-03-01T09:51:01+00:00\" \/>\n<meta property=\"article:modified_time\" content=\"2016-03-01T10:25:41+00:00\" \/>\n<meta property=\"og:image\" content=\"https:\/\/kapitalis.com\/tunisie\/wp-content\/uploads\/2022\/05\/kapitalis-logo-fb.png\" \/>\n\t<meta property=\"og:image:width\" content=\"1200\" \/>\n\t<meta property=\"og:image:height\" content=\"630\" \/>\n\t<meta property=\"og:image:type\" content=\"image\/png\" \/>\n<meta name=\"author\" content=\"webmaster kapitalis\" \/>\n<meta name=\"twitter:card\" content=\"summary_large_image\" \/>\n<meta name=\"twitter:creator\" content=\"@KapitalisInfo\" \/>\n<meta name=\"twitter:site\" content=\"@KapitalisInfo\" \/>\n<meta name=\"twitter:label1\" content=\"\u00c9crit par\" \/>\n\t<meta name=\"twitter:data1\" content=\"webmaster kapitalis\" \/>\n\t<meta name=\"twitter:label2\" content=\"Dur\u00e9e de lecture estim\u00e9e\" \/>\n\t<meta name=\"twitter:data2\" content=\"6 minutes\" \/>\n<script type=\"application\/ld+json\" class=\"yoast-schema-graph\">{\"@context\":\"https:\/\/schema.org\",\"@graph\":[{\"@type\":\"Article\",\"@id\":\"https:\/\/kapitalis.com\/tunisie\/2016\/03\/01\/tunisie-quand-les-jeunes-et-les-regions-se-reveilleront\/#article\",\"isPartOf\":{\"@id\":\"https:\/\/kapitalis.com\/tunisie\/2016\/03\/01\/tunisie-quand-les-jeunes-et-les-regions-se-reveilleront\/\"},\"author\":{\"name\":\"webmaster kapitalis\",\"@id\":\"https:\/\/kapitalis.com\/tunisie\/#\/schema\/person\/d71f33a9ca44f7bad4698210b480c8e9\"},\"headline\":\"Tunisie : Quand les jeunes et les r\u00e9gions se r\u00e9veilleront&#8230;\",\"datePublished\":\"2016-03-01T09:51:01+00:00\",\"dateModified\":\"2016-03-01T10:25:41+00:00\",\"mainEntityOfPage\":{\"@id\":\"https:\/\/kapitalis.com\/tunisie\/2016\/03\/01\/tunisie-quand-les-jeunes-et-les-regions-se-reveilleront\/\"},\"wordCount\":1278,\"commentCount\":1,\"publisher\":{\"@id\":\"https:\/\/kapitalis.com\/tunisie\/#organization\"},\"image\":{\"@id\":\"https:\/\/kapitalis.com\/tunisie\/2016\/03\/01\/tunisie-quand-les-jeunes-et-les-regions-se-reveilleront\/#primaryimage\"},\"thumbnailUrl\":\"\",\"keywords\":[\"d\u00e9veloppement\",\"jeunes\",\"r\u00e9gions\"],\"articleSection\":[\"A LA UNE\",\"TRIBUNE\",\"Tunisie\"],\"inLanguage\":\"fr-FR\",\"potentialAction\":[{\"@type\":\"CommentAction\",\"name\":\"Comment\",\"target\":[\"https:\/\/kapitalis.com\/tunisie\/2016\/03\/01\/tunisie-quand-les-jeunes-et-les-regions-se-reveilleront\/#respond\"]}]},{\"@type\":\"WebPage\",\"@id\":\"https:\/\/kapitalis.com\/tunisie\/2016\/03\/01\/tunisie-quand-les-jeunes-et-les-regions-se-reveilleront\/\",\"url\":\"https:\/\/kapitalis.com\/tunisie\/2016\/03\/01\/tunisie-quand-les-jeunes-et-les-regions-se-reveilleront\/\",\"name\":\"Tunisie : Quand les jeunes et les r\u00e9gions se r\u00e9veilleront... - Kapitalis\",\"isPartOf\":{\"@id\":\"https:\/\/kapitalis.com\/tunisie\/#website\"},\"primaryImageOfPage\":{\"@id\":\"https:\/\/kapitalis.com\/tunisie\/2016\/03\/01\/tunisie-quand-les-jeunes-et-les-regions-se-reveilleront\/#primaryimage\"},\"image\":{\"@id\":\"https:\/\/kapitalis.com\/tunisie\/2016\/03\/01\/tunisie-quand-les-jeunes-et-les-regions-se-reveilleront\/#primaryimage\"},\"thumbnailUrl\":\"\",\"datePublished\":\"2016-03-01T09:51:01+00:00\",\"dateModified\":\"2016-03-01T10:25:41+00:00\",\"breadcrumb\":{\"@id\":\"https:\/\/kapitalis.com\/tunisie\/2016\/03\/01\/tunisie-quand-les-jeunes-et-les-regions-se-reveilleront\/#breadcrumb\"},\"inLanguage\":\"fr-FR\",\"potentialAction\":[{\"@type\":\"ReadAction\",\"target\":[\"https:\/\/kapitalis.com\/tunisie\/2016\/03\/01\/tunisie-quand-les-jeunes-et-les-regions-se-reveilleront\/\"]}]},{\"@type\":\"ImageObject\",\"inLanguage\":\"fr-FR\",\"@id\":\"https:\/\/kapitalis.com\/tunisie\/2016\/03\/01\/tunisie-quand-les-jeunes-et-les-regions-se-reveilleront\/#primaryimage\",\"url\":\"\",\"contentUrl\":\"\"},{\"@type\":\"BreadcrumbList\",\"@id\":\"https:\/\/kapitalis.com\/tunisie\/2016\/03\/01\/tunisie-quand-les-jeunes-et-les-regions-se-reveilleront\/#breadcrumb\",\"itemListElement\":[{\"@type\":\"ListItem\",\"position\":1,\"name\":\"Accueil\",\"item\":\"https:\/\/kapitalis.com\/tunisie\/\"},{\"@type\":\"ListItem\",\"position\":2,\"name\":\"Tunisie : Quand les jeunes et les r\u00e9gions se r\u00e9veilleront&#8230;\"}]},{\"@type\":\"WebSite\",\"@id\":\"https:\/\/kapitalis.com\/tunisie\/#website\",\"url\":\"https:\/\/kapitalis.com\/tunisie\/\",\"name\":\"Kapitalis\",\"description\":\"L&#039;actualit\u00e9 en Tunisie et dans le monde\",\"publisher\":{\"@id\":\"https:\/\/kapitalis.com\/tunisie\/#organization\"},\"potentialAction\":[{\"@type\":\"SearchAction\",\"target\":{\"@type\":\"EntryPoint\",\"urlTemplate\":\"https:\/\/kapitalis.com\/tunisie\/?s={search_term_string}\"},\"query-input\":{\"@type\":\"PropertyValueSpecification\",\"valueRequired\":true,\"valueName\":\"search_term_string\"}}],\"inLanguage\":\"fr-FR\"},{\"@type\":\"Organization\",\"@id\":\"https:\/\/kapitalis.com\/tunisie\/#organization\",\"name\":\"Kapitalis\",\"url\":\"https:\/\/kapitalis.com\/tunisie\/\",\"logo\":{\"@type\":\"ImageObject\",\"inLanguage\":\"fr-FR\",\"@id\":\"https:\/\/kapitalis.com\/tunisie\/#\/schema\/logo\/image\/\",\"url\":\"https:\/\/kapitalis.com\/tunisie\/wp-content\/uploads\/2022\/05\/Kapitalis-big-size.png\",\"contentUrl\":\"https:\/\/kapitalis.com\/tunisie\/wp-content\/uploads\/2022\/05\/Kapitalis-big-size.png\",\"width\":5000,\"height\":1500,\"caption\":\"Kapitalis\"},\"image\":{\"@id\":\"https:\/\/kapitalis.com\/tunisie\/#\/schema\/logo\/image\/\"},\"sameAs\":[\"https:\/\/www.facebook.com\/KapitalisInfo\/\",\"https:\/\/x.com\/KapitalisInfo\",\"https:\/\/www.youtube.com\/channel\/UC-yDYrHyfFBWWZaOw3FPg9Q\"]},{\"@type\":\"Person\",\"@id\":\"https:\/\/kapitalis.com\/tunisie\/#\/schema\/person\/d71f33a9ca44f7bad4698210b480c8e9\",\"name\":\"webmaster kapitalis\",\"url\":\"https:\/\/kapitalis.com\/tunisie\/author\/webmaster-kapitalis\/\"}]}<\/script>\n<!-- \/ Yoast SEO plugin. -->","yoast_head_json":{"title":"Tunisie : Quand les jeunes et les r\u00e9gions se r\u00e9veilleront... - Kapitalis","robots":{"index":"index","follow":"follow","max-snippet":"max-snippet:-1","max-image-preview":"max-image-preview:large","max-video-preview":"max-video-preview:-1"},"canonical":"https:\/\/kapitalis.com\/tunisie\/2016\/03\/01\/tunisie-quand-les-jeunes-et-les-regions-se-reveilleront\/","og_locale":"fr_FR","og_type":"article","og_title":"Tunisie : Quand les jeunes et les r\u00e9gions se r\u00e9veilleront... - Kapitalis","og_description":"Le salut de la Tunisie ne viendra de son Etat exsangue ou de son \u00e9lite politique sans imagination, mais de la \u00abrichesse\u00bb de ses jeunes et de ses r\u00e9gions. Par Ezzedine Ferjani *","og_url":"https:\/\/kapitalis.com\/tunisie\/2016\/03\/01\/tunisie-quand-les-jeunes-et-les-regions-se-reveilleront\/","og_site_name":"Kapitalis","article_publisher":"https:\/\/www.facebook.com\/KapitalisInfo\/","article_published_time":"2016-03-01T09:51:01+00:00","article_modified_time":"2016-03-01T10:25:41+00:00","og_image":[{"width":1200,"height":630,"url":"https:\/\/kapitalis.com\/tunisie\/wp-content\/uploads\/2022\/05\/kapitalis-logo-fb.png","type":"image\/png"}],"author":"webmaster kapitalis","twitter_card":"summary_large_image","twitter_creator":"@KapitalisInfo","twitter_site":"@KapitalisInfo","twitter_misc":{"\u00c9crit par":"webmaster kapitalis","Dur\u00e9e de lecture estim\u00e9e":"6 minutes"},"schema":{"@context":"https:\/\/schema.org","@graph":[{"@type":"Article","@id":"https:\/\/kapitalis.com\/tunisie\/2016\/03\/01\/tunisie-quand-les-jeunes-et-les-regions-se-reveilleront\/#article","isPartOf":{"@id":"https:\/\/kapitalis.com\/tunisie\/2016\/03\/01\/tunisie-quand-les-jeunes-et-les-regions-se-reveilleront\/"},"author":{"name":"webmaster kapitalis","@id":"https:\/\/kapitalis.com\/tunisie\/#\/schema\/person\/d71f33a9ca44f7bad4698210b480c8e9"},"headline":"Tunisie : Quand les jeunes et les r\u00e9gions se r\u00e9veilleront&#8230;","datePublished":"2016-03-01T09:51:01+00:00","dateModified":"2016-03-01T10:25:41+00:00","mainEntityOfPage":{"@id":"https:\/\/kapitalis.com\/tunisie\/2016\/03\/01\/tunisie-quand-les-jeunes-et-les-regions-se-reveilleront\/"},"wordCount":1278,"commentCount":1,"publisher":{"@id":"https:\/\/kapitalis.com\/tunisie\/#organization"},"image":{"@id":"https:\/\/kapitalis.com\/tunisie\/2016\/03\/01\/tunisie-quand-les-jeunes-et-les-regions-se-reveilleront\/#primaryimage"},"thumbnailUrl":"","keywords":["d\u00e9veloppement","jeunes","r\u00e9gions"],"articleSection":["A LA UNE","TRIBUNE","Tunisie"],"inLanguage":"fr-FR","potentialAction":[{"@type":"CommentAction","name":"Comment","target":["https:\/\/kapitalis.com\/tunisie\/2016\/03\/01\/tunisie-quand-les-jeunes-et-les-regions-se-reveilleront\/#respond"]}]},{"@type":"WebPage","@id":"https:\/\/kapitalis.com\/tunisie\/2016\/03\/01\/tunisie-quand-les-jeunes-et-les-regions-se-reveilleront\/","url":"https:\/\/kapitalis.com\/tunisie\/2016\/03\/01\/tunisie-quand-les-jeunes-et-les-regions-se-reveilleront\/","name":"Tunisie : Quand les jeunes et les r\u00e9gions se r\u00e9veilleront... - Kapitalis","isPartOf":{"@id":"https:\/\/kapitalis.com\/tunisie\/#website"},"primaryImageOfPage":{"@id":"https:\/\/kapitalis.com\/tunisie\/2016\/03\/01\/tunisie-quand-les-jeunes-et-les-regions-se-reveilleront\/#primaryimage"},"image":{"@id":"https:\/\/kapitalis.com\/tunisie\/2016\/03\/01\/tunisie-quand-les-jeunes-et-les-regions-se-reveilleront\/#primaryimage"},"thumbnailUrl":"","datePublished":"2016-03-01T09:51:01+00:00","dateModified":"2016-03-01T10:25:41+00:00","breadcrumb":{"@id":"https:\/\/kapitalis.com\/tunisie\/2016\/03\/01\/tunisie-quand-les-jeunes-et-les-regions-se-reveilleront\/#breadcrumb"},"inLanguage":"fr-FR","potentialAction":[{"@type":"ReadAction","target":["https:\/\/kapitalis.com\/tunisie\/2016\/03\/01\/tunisie-quand-les-jeunes-et-les-regions-se-reveilleront\/"]}]},{"@type":"ImageObject","inLanguage":"fr-FR","@id":"https:\/\/kapitalis.com\/tunisie\/2016\/03\/01\/tunisie-quand-les-jeunes-et-les-regions-se-reveilleront\/#primaryimage","url":"","contentUrl":""},{"@type":"BreadcrumbList","@id":"https:\/\/kapitalis.com\/tunisie\/2016\/03\/01\/tunisie-quand-les-jeunes-et-les-regions-se-reveilleront\/#breadcrumb","itemListElement":[{"@type":"ListItem","position":1,"name":"Accueil","item":"https:\/\/kapitalis.com\/tunisie\/"},{"@type":"ListItem","position":2,"name":"Tunisie : Quand les jeunes et les r\u00e9gions se r\u00e9veilleront&#8230;"}]},{"@type":"WebSite","@id":"https:\/\/kapitalis.com\/tunisie\/#website","url":"https:\/\/kapitalis.com\/tunisie\/","name":"Kapitalis","description":"L&#039;actualit\u00e9 en Tunisie et dans le monde","publisher":{"@id":"https:\/\/kapitalis.com\/tunisie\/#organization"},"potentialAction":[{"@type":"SearchAction","target":{"@type":"EntryPoint","urlTemplate":"https:\/\/kapitalis.com\/tunisie\/?s={search_term_string}"},"query-input":{"@type":"PropertyValueSpecification","valueRequired":true,"valueName":"search_term_string"}}],"inLanguage":"fr-FR"},{"@type":"Organization","@id":"https:\/\/kapitalis.com\/tunisie\/#organization","name":"Kapitalis","url":"https:\/\/kapitalis.com\/tunisie\/","logo":{"@type":"ImageObject","inLanguage":"fr-FR","@id":"https:\/\/kapitalis.com\/tunisie\/#\/schema\/logo\/image\/","url":"https:\/\/kapitalis.com\/tunisie\/wp-content\/uploads\/2022\/05\/Kapitalis-big-size.png","contentUrl":"https:\/\/kapitalis.com\/tunisie\/wp-content\/uploads\/2022\/05\/Kapitalis-big-size.png","width":5000,"height":1500,"caption":"Kapitalis"},"image":{"@id":"https:\/\/kapitalis.com\/tunisie\/#\/schema\/logo\/image\/"},"sameAs":["https:\/\/www.facebook.com\/KapitalisInfo\/","https:\/\/x.com\/KapitalisInfo","https:\/\/www.youtube.com\/channel\/UC-yDYrHyfFBWWZaOw3FPg9Q"]},{"@type":"Person","@id":"https:\/\/kapitalis.com\/tunisie\/#\/schema\/person\/d71f33a9ca44f7bad4698210b480c8e9","name":"webmaster kapitalis","url":"https:\/\/kapitalis.com\/tunisie\/author\/webmaster-kapitalis\/"}]}},"_links":{"self":[{"href":"https:\/\/kapitalis.com\/tunisie\/wp-json\/wp\/v2\/posts\/41706","targetHints":{"allow":["GET"]}}],"collection":[{"href":"https:\/\/kapitalis.com\/tunisie\/wp-json\/wp\/v2\/posts"}],"about":[{"href":"https:\/\/kapitalis.com\/tunisie\/wp-json\/wp\/v2\/types\/post"}],"author":[{"embeddable":true,"href":"https:\/\/kapitalis.com\/tunisie\/wp-json\/wp\/v2\/users\/8"}],"replies":[{"embeddable":true,"href":"https:\/\/kapitalis.com\/tunisie\/wp-json\/wp\/v2\/comments?post=41706"}],"version-history":[{"count":0,"href":"https:\/\/kapitalis.com\/tunisie\/wp-json\/wp\/v2\/posts\/41706\/revisions"}],"wp:featuredmedia":[{"embeddable":true,"href":"https:\/\/kapitalis.com\/tunisie\/wp-json\/wp\/v2\/media\/41709"}],"wp:attachment":[{"href":"https:\/\/kapitalis.com\/tunisie\/wp-json\/wp\/v2\/media?parent=41706"}],"wp:term":[{"taxonomy":"category","embeddable":true,"href":"https:\/\/kapitalis.com\/tunisie\/wp-json\/wp\/v2\/categories?post=41706"},{"taxonomy":"post_tag","embeddable":true,"href":"https:\/\/kapitalis.com\/tunisie\/wp-json\/wp\/v2\/tags?post=41706"}],"curies":[{"name":"wp","href":"https:\/\/api.w.org\/{rel}","templated":true}]}}