{"id":4187630,"date":"2022-09-21T01:07:12","date_gmt":"2022-09-21T00:07:12","guid":{"rendered":"https:\/\/kapitalis.com\/tunisie\/?p=4187630"},"modified":"2022-09-21T01:10:09","modified_gmt":"2022-09-21T00:10:09","slug":"tunisie-les-legislatives-de-decembre-2022-nauront-pas-lieu-selon-nejib-chebbi","status":"publish","type":"post","link":"https:\/\/kapitalis.com\/tunisie\/2022\/09\/21\/tunisie-les-legislatives-de-decembre-2022-nauront-pas-lieu-selon-nejib-chebbi\/","title":{"rendered":"Tunisie : \u00ab Les l\u00e9gislatives de d\u00e9cembre 2022 n\u2019auront pas lieu\u00bb, selon N\u00e9jib Chebbi"},"content":{"rendered":"\n<p><strong><em>\u00abLes l\u00e9gislatives du 17 d\u00e9cembre 2022 n\u2019auront pas lieu\u00bb, a estim\u00e9 le pr\u00e9sident du Front du salut national Ahmed N\u00e9jib Chebbi, en rappelant que la plupart des partis ont d\u00e9cid\u00e9 de boycotter ce rendez-vous \u00e9lectoral.<\/em><\/strong><\/p>\n\n\n\n<!--more-->\n\n\n\n<p>N\u00e9jib Chebbi a fait cette d\u00e9claration lors d&rsquo;une conf\u00e9rence de presse organis\u00e9e, ce mardi 20 septembre 2022, par le FSN qu&rsquo;il pr\u00e9side, en s&rsquo;exprimant \u00e9galement sur le d\u00e9cret-loi portant amendement de la loi \u00e9lectorale, qu&rsquo;il a qualifi\u00e9 de loi autoritaire contenant des \u00ab<em>conditions excessives quasi impossible \u00e0 remplir, impos\u00e9es aux candidats aux l\u00e9gislatives et faite sur mesure pour assurer la base que le pr\u00e9sident de la r\u00e9publique veut mettre en place<\/em>\u00bb.<\/p>\n\n\n\n<p>Il a \u00e9galement indiqu\u00e9 que cette loi est discriminatoire en la comparant \u00e0 un outil de r\u00e9pression, et en affirmant qu&rsquo;elle aboutira \u00e0 un parlement d\u00e9pourvu de ses pr\u00e9rogatives et qui n&rsquo;aura aucun r\u00f4le de contr\u00f4le : \u00ab<em>Pour toutes ces raisons, les partis et forces politiques ont d\u00e9cid\u00e9 de boycotter les prochaines l\u00e9gislatives et en l&rsquo;absence de la majorit\u00e9 des parties prenantes, les \u00e9lections ne peuvent donc \u00eatre organis\u00e9es\u00bb<\/em>, a-t-il estim\u00e9.<\/p>\n\n\n\n<figure class=\"wp-block-embed is-type-wp-embed is-provider-kapitalis wp-block-embed-kapitalis\"><div class=\"wp-block-embed__wrapper\">\n<blockquote class=\"wp-embedded-content\" data-secret=\"9mTFruQj3G\"><a href=\"https:\/\/kapitalis.com\/tunisie\/2022\/09\/19\/audition-de-ghannouchi-larayedh-chebbi-dit-craindre-linstrumentalisation-de-la-justice-pour-des-reglements-de-comptes-politiques\/\">Audition de Ghannouchi &amp; Larayedh : Chebbi dit \u00abcraindre l&rsquo;instrumentalisation de la justice pour des r\u00e8glements de comptes politiques\u00bb<\/a><\/blockquote><iframe loading=\"lazy\" class=\"wp-embedded-content\" sandbox=\"allow-scripts\" security=\"restricted\" style=\"position: absolute; clip: rect(1px, 1px, 1px, 1px);\" title=\"\u00ab\u00a0Audition de Ghannouchi &amp; Larayedh : Chebbi dit \u00abcraindre l&rsquo;instrumentalisation de la justice pour des r\u00e8glements de comptes politiques\u00bb\u00a0\u00bb &#8212; Kapitalis\" src=\"https:\/\/kapitalis.com\/tunisie\/2022\/09\/19\/audition-de-ghannouchi-larayedh-chebbi-dit-craindre-linstrumentalisation-de-la-justice-pour-des-reglements-de-comptes-politiques\/embed\/#?secret=oLlT5DZ0vK#?secret=9mTFruQj3G\" data-secret=\"9mTFruQj3G\" width=\"600\" height=\"338\" frameborder=\"0\" marginwidth=\"0\" marginheight=\"0\" scrolling=\"no\"><\/iframe>\n<\/div><\/figure>\n\n\n\n<p>Sur un autre plan, N\u00e9jib Chebbi a rappel\u00e9 que la Tunisie traverse une crise sans pr\u00e9c\u00e9dent, citant les p\u00e9nuries de plusieurs denr\u00e9es alimentaires et la chert\u00e9 de la vie, en affirmant que le pr\u00e9sident de la r\u00e9publique ne cherche pas de solutions aux probl\u00e8mes des Tunisiens.  <em>\u00abPis encore, il divise les Tunisiens et en diabolise d&rsquo;autres, en l\u2019occurrence ceux qui lui sont oppos\u00e9s\u00bb,<\/em> a-t-il lanc\u00e9.<\/p>\n\n\n\n<p>Le pr\u00e9sident du FSN est \u00e9galement revenu sur les auditions du pr\u00e9sident et vice-pr\u00e9sident d&rsquo;Ennahdha, Rached Ghannouchi et Ali Larayedh, estimant que de nombreux abus ont \u00e9t\u00e9 commis dans cette affaire et que les conditions des auditions des dirigeants islamistes \u00e9taient d\u00e9plorables, dit-il.<\/p>\n\n\n\n<p class=\"has-text-align-right\"><strong>Y. N.<\/strong><\/p>\n\n\n\n<figure class=\"wp-block-embed is-type-wp-embed is-provider-kapitalis wp-block-embed-kapitalis\"><div class=\"wp-block-embed__wrapper\">\n<blockquote class=\"wp-embedded-content\" data-secret=\"0V6M2JfAEl\"><a href=\"https:\/\/kapitalis.com\/tunisie\/2022\/09\/20\/auditions-des-dirigeants-ennahdha-ridha-belhaj-denonce-des-reglements-de-comptes-politiques\/\">Auditions des dirigeants Ennahdha : Ridha Belhaj d\u00e9nonce des r\u00e8glements de comptes politiques<\/a><\/blockquote><iframe loading=\"lazy\" class=\"wp-embedded-content\" sandbox=\"allow-scripts\" security=\"restricted\" style=\"position: absolute; clip: rect(1px, 1px, 1px, 1px);\" title=\"\u00ab\u00a0Auditions des dirigeants Ennahdha : Ridha Belhaj d\u00e9nonce des r\u00e8glements de comptes politiques\u00a0\u00bb &#8212; Kapitalis\" src=\"https:\/\/kapitalis.com\/tunisie\/2022\/09\/20\/auditions-des-dirigeants-ennahdha-ridha-belhaj-denonce-des-reglements-de-comptes-politiques\/embed\/#?secret=y8LV58RiiO#?secret=0V6M2JfAEl\" data-secret=\"0V6M2JfAEl\" width=\"600\" height=\"338\" frameborder=\"0\" marginwidth=\"0\" marginheight=\"0\" scrolling=\"no\"><\/iframe>\n<\/div><\/figure>\n\n\n\n<figure class=\"wp-block-embed is-type-wp-embed is-provider-kapitalis wp-block-embed-kapitalis\"><div class=\"wp-block-embed__wrapper\">\n<blockquote class=\"wp-embedded-content\" data-secret=\"xek494F3sh\"><a href=\"https:\/\/kapitalis.com\/tunisie\/2022\/09\/20\/tunisie-remis-en-liberte-ellouze-devra-comparaitre-devant-la-justice-demain\/\">Tunisie : Remis en libert\u00e9, Ellouze devra compara\u00eetre devant la justice demain<\/a><\/blockquote><iframe loading=\"lazy\" class=\"wp-embedded-content\" sandbox=\"allow-scripts\" security=\"restricted\" style=\"position: absolute; clip: rect(1px, 1px, 1px, 1px);\" title=\"\u00ab\u00a0Tunisie : Remis en libert\u00e9, Ellouze devra compara\u00eetre devant la justice demain\u00a0\u00bb &#8212; Kapitalis\" src=\"https:\/\/kapitalis.com\/tunisie\/2022\/09\/20\/tunisie-remis-en-liberte-ellouze-devra-comparaitre-devant-la-justice-demain\/embed\/#?secret=fdypCBcSej#?secret=xek494F3sh\" data-secret=\"xek494F3sh\" width=\"600\" height=\"338\" frameborder=\"0\" marginwidth=\"0\" marginheight=\"0\" scrolling=\"no\"><\/iframe>\n<\/div><\/figure>\n\n\n\n<figure class=\"wp-block-embed is-type-wp-embed is-provider-kapitalis wp-block-embed-kapitalis\"><div class=\"wp-block-embed__wrapper\">\n<blockquote class=\"wp-embedded-content\" data-secret=\"456PmiETQH\"><a href=\"https:\/\/kapitalis.com\/tunisie\/2022\/09\/20\/tunisie-ali-larayedh-en-garde-a-vue-dilou\/\">Tunisie : Ali Larayedh en garde \u00e0 vue (Dilou)<\/a><\/blockquote><iframe loading=\"lazy\" class=\"wp-embedded-content\" sandbox=\"allow-scripts\" security=\"restricted\" style=\"position: absolute; clip: rect(1px, 1px, 1px, 1px);\" title=\"\u00ab\u00a0Tunisie : Ali Larayedh en garde \u00e0 vue (Dilou)\u00a0\u00bb &#8212; Kapitalis\" src=\"https:\/\/kapitalis.com\/tunisie\/2022\/09\/20\/tunisie-ali-larayedh-en-garde-a-vue-dilou\/embed\/#?secret=Pa0auaFaA6#?secret=456PmiETQH\" data-secret=\"456PmiETQH\" width=\"600\" height=\"338\" frameborder=\"0\" marginwidth=\"0\" marginheight=\"0\" scrolling=\"no\"><\/iframe>\n<\/div><\/figure>\n","protected":false},"excerpt":{"rendered":"<p>Tunisie : \u00ab Les l\u00e9gislatives de d\u00e9cembre 2022 n\u2019auront pas lieu\u00bb, selon N\u00e9jib Chebbi<\/p>\n","protected":false},"author":6,"featured_media":4187729,"comment_status":"open","ping_status":"open","sticky":false,"template":"","format":"standard","meta":{"footnotes":""},"categories":[997,2433],"tags":[102755,5590,49543,102922,76012,9031,4759,62643],"class_list":["post-4187630","post","type-post","status-publish","format-standard","has-post-thumbnail","hentry","category-politique","category-tunisie","tag-17-decembre-2022","tag-boycott","tag-ennahdha","tag-fsn","tag-kais-saied-2","tag-legislatives","tag-nejib-chebbi","tag-tunisie"],"yoast_head":"<!-- This site is optimized with the Yoast SEO plugin v26.6 - https:\/\/yoast.com\/wordpress\/plugins\/seo\/ -->\n<title>Tunisie : \u00ab Les l\u00e9gislatives de d\u00e9cembre 2022 n\u2019auront pas lieu\u00bb, selon N\u00e9jib Chebbi - Kapitalis<\/title>\n<meta name=\"description\" content=\"\u00abLes l\u00e9gislatives du 17 d\u00e9cembre 2022 n\u2019auront pas lieu\u00bb, a estim\u00e9 le pr\u00e9sident du Front du salut national Ahmed N\u00e9jib Chebbi, en rappelant que la plupart des partis ont d\u00e9cid\u00e9 de boycotter ce rendez-vous \u00e9lectoral.\" \/>\n<meta name=\"robots\" content=\"index, follow, max-snippet:-1, max-image-preview:large, max-video-preview:-1\" \/>\n<link rel=\"canonical\" href=\"https:\/\/kapitalis.com\/tunisie\/2022\/09\/21\/tunisie-les-legislatives-de-decembre-2022-nauront-pas-lieu-selon-nejib-chebbi\/\" \/>\n<meta property=\"og:locale\" content=\"fr_FR\" \/>\n<meta property=\"og:type\" content=\"article\" \/>\n<meta property=\"og:title\" content=\"Tunisie : \u00ab Les l\u00e9gislatives de d\u00e9cembre 2022 n\u2019auront pas lieu\u00bb, selon N\u00e9jib Chebbi - Kapitalis\" \/>\n<meta property=\"og:description\" content=\"\u00abLes l\u00e9gislatives du 17 d\u00e9cembre 2022 n\u2019auront pas lieu\u00bb, a estim\u00e9 le pr\u00e9sident du Front du salut national Ahmed N\u00e9jib Chebbi, en rappelant que la plupart des partis ont d\u00e9cid\u00e9 de boycotter ce rendez-vous \u00e9lectoral.\" \/>\n<meta property=\"og:url\" content=\"https:\/\/kapitalis.com\/tunisie\/2022\/09\/21\/tunisie-les-legislatives-de-decembre-2022-nauront-pas-lieu-selon-nejib-chebbi\/\" \/>\n<meta property=\"og:site_name\" content=\"Kapitalis\" \/>\n<meta property=\"article:publisher\" content=\"https:\/\/www.facebook.com\/KapitalisInfo\/\" \/>\n<meta property=\"article:published_time\" content=\"2022-09-21T00:07:12+00:00\" \/>\n<meta property=\"article:modified_time\" content=\"2022-09-21T00:10:09+00:00\" \/>\n<meta property=\"og:image\" content=\"https:\/\/kapitalis.com\/tunisie\/wp-content\/uploads\/2022\/09\/Nejib-Chebbi.jpg\" \/>\n\t<meta property=\"og:image:width\" content=\"1200\" \/>\n\t<meta property=\"og:image:height\" content=\"630\" \/>\n\t<meta property=\"og:image:type\" content=\"image\/jpeg\" \/>\n<meta name=\"author\" content=\"Yusra NY\" \/>\n<meta name=\"twitter:card\" content=\"summary_large_image\" \/>\n<meta name=\"twitter:creator\" content=\"@KapitalisInfo\" \/>\n<meta name=\"twitter:site\" content=\"@KapitalisInfo\" \/>\n<meta name=\"twitter:label1\" content=\"\u00c9crit par\" \/>\n\t<meta name=\"twitter:data1\" content=\"Yusra NY\" \/>\n\t<meta name=\"twitter:label2\" content=\"Dur\u00e9e de lecture estim\u00e9e\" \/>\n\t<meta name=\"twitter:data2\" content=\"2 minutes\" \/>\n<script type=\"application\/ld+json\" class=\"yoast-schema-graph\">{\"@context\":\"https:\/\/schema.org\",\"@graph\":[{\"@type\":\"Article\",\"@id\":\"https:\/\/kapitalis.com\/tunisie\/2022\/09\/21\/tunisie-les-legislatives-de-decembre-2022-nauront-pas-lieu-selon-nejib-chebbi\/#article\",\"isPartOf\":{\"@id\":\"https:\/\/kapitalis.com\/tunisie\/2022\/09\/21\/tunisie-les-legislatives-de-decembre-2022-nauront-pas-lieu-selon-nejib-chebbi\/\"},\"author\":{\"name\":\"Yusra NY\",\"@id\":\"https:\/\/kapitalis.com\/tunisie\/#\/schema\/person\/74bbde0154d49d790a92aaeac5bc01d5\"},\"headline\":\"Tunisie : \u00ab Les l\u00e9gislatives de d\u00e9cembre 2022 n\u2019auront pas lieu\u00bb, selon N\u00e9jib Chebbi\",\"datePublished\":\"2022-09-21T00:07:12+00:00\",\"dateModified\":\"2022-09-21T00:10:09+00:00\",\"mainEntityOfPage\":{\"@id\":\"https:\/\/kapitalis.com\/tunisie\/2022\/09\/21\/tunisie-les-legislatives-de-decembre-2022-nauront-pas-lieu-selon-nejib-chebbi\/\"},\"wordCount\":352,\"commentCount\":0,\"publisher\":{\"@id\":\"https:\/\/kapitalis.com\/tunisie\/#organization\"},\"image\":{\"@id\":\"https:\/\/kapitalis.com\/tunisie\/2022\/09\/21\/tunisie-les-legislatives-de-decembre-2022-nauront-pas-lieu-selon-nejib-chebbi\/#primaryimage\"},\"thumbnailUrl\":\"https:\/\/kapitalis.com\/tunisie\/wp-content\/uploads\/2022\/09\/Nejib-Chebbi.jpg\",\"keywords\":[\"17 d\u00e9cembre 2022\",\"boycott\",\"Ennahdha\",\"FSN\",\"Ka\u00efs Sa\u00efed\",\"l\u00e9gislatives\",\"N\u00e9jib Chebbi\",\"Tunisie\"],\"articleSection\":[\"POLITIQUE\",\"Tunisie\"],\"inLanguage\":\"fr-FR\",\"potentialAction\":[{\"@type\":\"CommentAction\",\"name\":\"Comment\",\"target\":[\"https:\/\/kapitalis.com\/tunisie\/2022\/09\/21\/tunisie-les-legislatives-de-decembre-2022-nauront-pas-lieu-selon-nejib-chebbi\/#respond\"]}]},{\"@type\":\"WebPage\",\"@id\":\"https:\/\/kapitalis.com\/tunisie\/2022\/09\/21\/tunisie-les-legislatives-de-decembre-2022-nauront-pas-lieu-selon-nejib-chebbi\/\",\"url\":\"https:\/\/kapitalis.com\/tunisie\/2022\/09\/21\/tunisie-les-legislatives-de-decembre-2022-nauront-pas-lieu-selon-nejib-chebbi\/\",\"name\":\"Tunisie : \u00ab Les l\u00e9gislatives de d\u00e9cembre 2022 n\u2019auront pas lieu\u00bb, selon N\u00e9jib Chebbi - Kapitalis\",\"isPartOf\":{\"@id\":\"https:\/\/kapitalis.com\/tunisie\/#website\"},\"primaryImageOfPage\":{\"@id\":\"https:\/\/kapitalis.com\/tunisie\/2022\/09\/21\/tunisie-les-legislatives-de-decembre-2022-nauront-pas-lieu-selon-nejib-chebbi\/#primaryimage\"},\"image\":{\"@id\":\"https:\/\/kapitalis.com\/tunisie\/2022\/09\/21\/tunisie-les-legislatives-de-decembre-2022-nauront-pas-lieu-selon-nejib-chebbi\/#primaryimage\"},\"thumbnailUrl\":\"https:\/\/kapitalis.com\/tunisie\/wp-content\/uploads\/2022\/09\/Nejib-Chebbi.jpg\",\"datePublished\":\"2022-09-21T00:07:12+00:00\",\"dateModified\":\"2022-09-21T00:10:09+00:00\",\"description\":\"\u00abLes l\u00e9gislatives du 17 d\u00e9cembre 2022 n\u2019auront pas lieu\u00bb, a estim\u00e9 le pr\u00e9sident du Front du salut national Ahmed N\u00e9jib Chebbi, en rappelant que la plupart des partis ont d\u00e9cid\u00e9 de boycotter ce rendez-vous \u00e9lectoral.\",\"breadcrumb\":{\"@id\":\"https:\/\/kapitalis.com\/tunisie\/2022\/09\/21\/tunisie-les-legislatives-de-decembre-2022-nauront-pas-lieu-selon-nejib-chebbi\/#breadcrumb\"},\"inLanguage\":\"fr-FR\",\"potentialAction\":[{\"@type\":\"ReadAction\",\"target\":[\"https:\/\/kapitalis.com\/tunisie\/2022\/09\/21\/tunisie-les-legislatives-de-decembre-2022-nauront-pas-lieu-selon-nejib-chebbi\/\"]}]},{\"@type\":\"ImageObject\",\"inLanguage\":\"fr-FR\",\"@id\":\"https:\/\/kapitalis.com\/tunisie\/2022\/09\/21\/tunisie-les-legislatives-de-decembre-2022-nauront-pas-lieu-selon-nejib-chebbi\/#primaryimage\",\"url\":\"https:\/\/kapitalis.com\/tunisie\/wp-content\/uploads\/2022\/09\/Nejib-Chebbi.jpg\",\"contentUrl\":\"https:\/\/kapitalis.com\/tunisie\/wp-content\/uploads\/2022\/09\/Nejib-Chebbi.jpg\",\"width\":1200,\"height\":630},{\"@type\":\"BreadcrumbList\",\"@id\":\"https:\/\/kapitalis.com\/tunisie\/2022\/09\/21\/tunisie-les-legislatives-de-decembre-2022-nauront-pas-lieu-selon-nejib-chebbi\/#breadcrumb\",\"itemListElement\":[{\"@type\":\"ListItem\",\"position\":1,\"name\":\"Accueil\",\"item\":\"https:\/\/kapitalis.com\/tunisie\/\"},{\"@type\":\"ListItem\",\"position\":2,\"name\":\"Tunisie : \u00ab Les l\u00e9gislatives de d\u00e9cembre 2022 n\u2019auront pas lieu\u00bb, selon N\u00e9jib Chebbi\"}]},{\"@type\":\"WebSite\",\"@id\":\"https:\/\/kapitalis.com\/tunisie\/#website\",\"url\":\"https:\/\/kapitalis.com\/tunisie\/\",\"name\":\"Kapitalis\",\"description\":\"L&#039;actualit\u00e9 en Tunisie et dans le monde\",\"publisher\":{\"@id\":\"https:\/\/kapitalis.com\/tunisie\/#organization\"},\"potentialAction\":[{\"@type\":\"SearchAction\",\"target\":{\"@type\":\"EntryPoint\",\"urlTemplate\":\"https:\/\/kapitalis.com\/tunisie\/?s={search_term_string}\"},\"query-input\":{\"@type\":\"PropertyValueSpecification\",\"valueRequired\":true,\"valueName\":\"search_term_string\"}}],\"inLanguage\":\"fr-FR\"},{\"@type\":\"Organization\",\"@id\":\"https:\/\/kapitalis.com\/tunisie\/#organization\",\"name\":\"Kapitalis\",\"url\":\"https:\/\/kapitalis.com\/tunisie\/\",\"logo\":{\"@type\":\"ImageObject\",\"inLanguage\":\"fr-FR\",\"@id\":\"https:\/\/kapitalis.com\/tunisie\/#\/schema\/logo\/image\/\",\"url\":\"https:\/\/kapitalis.com\/tunisie\/wp-content\/uploads\/2022\/05\/Kapitalis-big-size.png\",\"contentUrl\":\"https:\/\/kapitalis.com\/tunisie\/wp-content\/uploads\/2022\/05\/Kapitalis-big-size.png\",\"width\":5000,\"height\":1500,\"caption\":\"Kapitalis\"},\"image\":{\"@id\":\"https:\/\/kapitalis.com\/tunisie\/#\/schema\/logo\/image\/\"},\"sameAs\":[\"https:\/\/www.facebook.com\/KapitalisInfo\/\",\"https:\/\/x.com\/KapitalisInfo\",\"https:\/\/www.youtube.com\/channel\/UC-yDYrHyfFBWWZaOw3FPg9Q\"]},{\"@type\":\"Person\",\"@id\":\"https:\/\/kapitalis.com\/tunisie\/#\/schema\/person\/74bbde0154d49d790a92aaeac5bc01d5\",\"name\":\"Yusra NY\",\"url\":\"https:\/\/kapitalis.com\/tunisie\/author\/yuza_adam\/\"}]}<\/script>\n<!-- \/ Yoast SEO plugin. -->","yoast_head_json":{"title":"Tunisie : \u00ab Les l\u00e9gislatives de d\u00e9cembre 2022 n\u2019auront pas lieu\u00bb, selon N\u00e9jib Chebbi - Kapitalis","description":"\u00abLes l\u00e9gislatives du 17 d\u00e9cembre 2022 n\u2019auront pas lieu\u00bb, a estim\u00e9 le pr\u00e9sident du Front du salut national Ahmed N\u00e9jib Chebbi, en rappelant que la plupart des partis ont d\u00e9cid\u00e9 de boycotter ce rendez-vous \u00e9lectoral.","robots":{"index":"index","follow":"follow","max-snippet":"max-snippet:-1","max-image-preview":"max-image-preview:large","max-video-preview":"max-video-preview:-1"},"canonical":"https:\/\/kapitalis.com\/tunisie\/2022\/09\/21\/tunisie-les-legislatives-de-decembre-2022-nauront-pas-lieu-selon-nejib-chebbi\/","og_locale":"fr_FR","og_type":"article","og_title":"Tunisie : \u00ab Les l\u00e9gislatives de d\u00e9cembre 2022 n\u2019auront pas lieu\u00bb, selon N\u00e9jib Chebbi - Kapitalis","og_description":"\u00abLes l\u00e9gislatives du 17 d\u00e9cembre 2022 n\u2019auront pas lieu\u00bb, a estim\u00e9 le pr\u00e9sident du Front du salut national Ahmed N\u00e9jib Chebbi, en rappelant que la plupart des partis ont d\u00e9cid\u00e9 de boycotter ce rendez-vous \u00e9lectoral.","og_url":"https:\/\/kapitalis.com\/tunisie\/2022\/09\/21\/tunisie-les-legislatives-de-decembre-2022-nauront-pas-lieu-selon-nejib-chebbi\/","og_site_name":"Kapitalis","article_publisher":"https:\/\/www.facebook.com\/KapitalisInfo\/","article_published_time":"2022-09-21T00:07:12+00:00","article_modified_time":"2022-09-21T00:10:09+00:00","og_image":[{"width":1200,"height":630,"url":"https:\/\/kapitalis.com\/tunisie\/wp-content\/uploads\/2022\/09\/Nejib-Chebbi.jpg","type":"image\/jpeg"}],"author":"Yusra NY","twitter_card":"summary_large_image","twitter_creator":"@KapitalisInfo","twitter_site":"@KapitalisInfo","twitter_misc":{"\u00c9crit par":"Yusra NY","Dur\u00e9e de lecture estim\u00e9e":"2 minutes"},"schema":{"@context":"https:\/\/schema.org","@graph":[{"@type":"Article","@id":"https:\/\/kapitalis.com\/tunisie\/2022\/09\/21\/tunisie-les-legislatives-de-decembre-2022-nauront-pas-lieu-selon-nejib-chebbi\/#article","isPartOf":{"@id":"https:\/\/kapitalis.com\/tunisie\/2022\/09\/21\/tunisie-les-legislatives-de-decembre-2022-nauront-pas-lieu-selon-nejib-chebbi\/"},"author":{"name":"Yusra NY","@id":"https:\/\/kapitalis.com\/tunisie\/#\/schema\/person\/74bbde0154d49d790a92aaeac5bc01d5"},"headline":"Tunisie : \u00ab Les l\u00e9gislatives de d\u00e9cembre 2022 n\u2019auront pas lieu\u00bb, selon N\u00e9jib Chebbi","datePublished":"2022-09-21T00:07:12+00:00","dateModified":"2022-09-21T00:10:09+00:00","mainEntityOfPage":{"@id":"https:\/\/kapitalis.com\/tunisie\/2022\/09\/21\/tunisie-les-legislatives-de-decembre-2022-nauront-pas-lieu-selon-nejib-chebbi\/"},"wordCount":352,"commentCount":0,"publisher":{"@id":"https:\/\/kapitalis.com\/tunisie\/#organization"},"image":{"@id":"https:\/\/kapitalis.com\/tunisie\/2022\/09\/21\/tunisie-les-legislatives-de-decembre-2022-nauront-pas-lieu-selon-nejib-chebbi\/#primaryimage"},"thumbnailUrl":"https:\/\/kapitalis.com\/tunisie\/wp-content\/uploads\/2022\/09\/Nejib-Chebbi.jpg","keywords":["17 d\u00e9cembre 2022","boycott","Ennahdha","FSN","Ka\u00efs Sa\u00efed","l\u00e9gislatives","N\u00e9jib Chebbi","Tunisie"],"articleSection":["POLITIQUE","Tunisie"],"inLanguage":"fr-FR","potentialAction":[{"@type":"CommentAction","name":"Comment","target":["https:\/\/kapitalis.com\/tunisie\/2022\/09\/21\/tunisie-les-legislatives-de-decembre-2022-nauront-pas-lieu-selon-nejib-chebbi\/#respond"]}]},{"@type":"WebPage","@id":"https:\/\/kapitalis.com\/tunisie\/2022\/09\/21\/tunisie-les-legislatives-de-decembre-2022-nauront-pas-lieu-selon-nejib-chebbi\/","url":"https:\/\/kapitalis.com\/tunisie\/2022\/09\/21\/tunisie-les-legislatives-de-decembre-2022-nauront-pas-lieu-selon-nejib-chebbi\/","name":"Tunisie : \u00ab Les l\u00e9gislatives de d\u00e9cembre 2022 n\u2019auront pas lieu\u00bb, selon N\u00e9jib Chebbi - Kapitalis","isPartOf":{"@id":"https:\/\/kapitalis.com\/tunisie\/#website"},"primaryImageOfPage":{"@id":"https:\/\/kapitalis.com\/tunisie\/2022\/09\/21\/tunisie-les-legislatives-de-decembre-2022-nauront-pas-lieu-selon-nejib-chebbi\/#primaryimage"},"image":{"@id":"https:\/\/kapitalis.com\/tunisie\/2022\/09\/21\/tunisie-les-legislatives-de-decembre-2022-nauront-pas-lieu-selon-nejib-chebbi\/#primaryimage"},"thumbnailUrl":"https:\/\/kapitalis.com\/tunisie\/wp-content\/uploads\/2022\/09\/Nejib-Chebbi.jpg","datePublished":"2022-09-21T00:07:12+00:00","dateModified":"2022-09-21T00:10:09+00:00","description":"\u00abLes l\u00e9gislatives du 17 d\u00e9cembre 2022 n\u2019auront pas lieu\u00bb, a estim\u00e9 le pr\u00e9sident du Front du salut national Ahmed N\u00e9jib Chebbi, en rappelant que la plupart des partis ont d\u00e9cid\u00e9 de boycotter ce rendez-vous \u00e9lectoral.","breadcrumb":{"@id":"https:\/\/kapitalis.com\/tunisie\/2022\/09\/21\/tunisie-les-legislatives-de-decembre-2022-nauront-pas-lieu-selon-nejib-chebbi\/#breadcrumb"},"inLanguage":"fr-FR","potentialAction":[{"@type":"ReadAction","target":["https:\/\/kapitalis.com\/tunisie\/2022\/09\/21\/tunisie-les-legislatives-de-decembre-2022-nauront-pas-lieu-selon-nejib-chebbi\/"]}]},{"@type":"ImageObject","inLanguage":"fr-FR","@id":"https:\/\/kapitalis.com\/tunisie\/2022\/09\/21\/tunisie-les-legislatives-de-decembre-2022-nauront-pas-lieu-selon-nejib-chebbi\/#primaryimage","url":"https:\/\/kapitalis.com\/tunisie\/wp-content\/uploads\/2022\/09\/Nejib-Chebbi.jpg","contentUrl":"https:\/\/kapitalis.com\/tunisie\/wp-content\/uploads\/2022\/09\/Nejib-Chebbi.jpg","width":1200,"height":630},{"@type":"BreadcrumbList","@id":"https:\/\/kapitalis.com\/tunisie\/2022\/09\/21\/tunisie-les-legislatives-de-decembre-2022-nauront-pas-lieu-selon-nejib-chebbi\/#breadcrumb","itemListElement":[{"@type":"ListItem","position":1,"name":"Accueil","item":"https:\/\/kapitalis.com\/tunisie\/"},{"@type":"ListItem","position":2,"name":"Tunisie : \u00ab Les l\u00e9gislatives de d\u00e9cembre 2022 n\u2019auront pas lieu\u00bb, selon N\u00e9jib Chebbi"}]},{"@type":"WebSite","@id":"https:\/\/kapitalis.com\/tunisie\/#website","url":"https:\/\/kapitalis.com\/tunisie\/","name":"Kapitalis","description":"L&#039;actualit\u00e9 en Tunisie et dans le monde","publisher":{"@id":"https:\/\/kapitalis.com\/tunisie\/#organization"},"potentialAction":[{"@type":"SearchAction","target":{"@type":"EntryPoint","urlTemplate":"https:\/\/kapitalis.com\/tunisie\/?s={search_term_string}"},"query-input":{"@type":"PropertyValueSpecification","valueRequired":true,"valueName":"search_term_string"}}],"inLanguage":"fr-FR"},{"@type":"Organization","@id":"https:\/\/kapitalis.com\/tunisie\/#organization","name":"Kapitalis","url":"https:\/\/kapitalis.com\/tunisie\/","logo":{"@type":"ImageObject","inLanguage":"fr-FR","@id":"https:\/\/kapitalis.com\/tunisie\/#\/schema\/logo\/image\/","url":"https:\/\/kapitalis.com\/tunisie\/wp-content\/uploads\/2022\/05\/Kapitalis-big-size.png","contentUrl":"https:\/\/kapitalis.com\/tunisie\/wp-content\/uploads\/2022\/05\/Kapitalis-big-size.png","width":5000,"height":1500,"caption":"Kapitalis"},"image":{"@id":"https:\/\/kapitalis.com\/tunisie\/#\/schema\/logo\/image\/"},"sameAs":["https:\/\/www.facebook.com\/KapitalisInfo\/","https:\/\/x.com\/KapitalisInfo","https:\/\/www.youtube.com\/channel\/UC-yDYrHyfFBWWZaOw3FPg9Q"]},{"@type":"Person","@id":"https:\/\/kapitalis.com\/tunisie\/#\/schema\/person\/74bbde0154d49d790a92aaeac5bc01d5","name":"Yusra NY","url":"https:\/\/kapitalis.com\/tunisie\/author\/yuza_adam\/"}]}},"_links":{"self":[{"href":"https:\/\/kapitalis.com\/tunisie\/wp-json\/wp\/v2\/posts\/4187630","targetHints":{"allow":["GET"]}}],"collection":[{"href":"https:\/\/kapitalis.com\/tunisie\/wp-json\/wp\/v2\/posts"}],"about":[{"href":"https:\/\/kapitalis.com\/tunisie\/wp-json\/wp\/v2\/types\/post"}],"author":[{"embeddable":true,"href":"https:\/\/kapitalis.com\/tunisie\/wp-json\/wp\/v2\/users\/6"}],"replies":[{"embeddable":true,"href":"https:\/\/kapitalis.com\/tunisie\/wp-json\/wp\/v2\/comments?post=4187630"}],"version-history":[{"count":0,"href":"https:\/\/kapitalis.com\/tunisie\/wp-json\/wp\/v2\/posts\/4187630\/revisions"}],"wp:featuredmedia":[{"embeddable":true,"href":"https:\/\/kapitalis.com\/tunisie\/wp-json\/wp\/v2\/media\/4187729"}],"wp:attachment":[{"href":"https:\/\/kapitalis.com\/tunisie\/wp-json\/wp\/v2\/media?parent=4187630"}],"wp:term":[{"taxonomy":"category","embeddable":true,"href":"https:\/\/kapitalis.com\/tunisie\/wp-json\/wp\/v2\/categories?post=4187630"},{"taxonomy":"post_tag","embeddable":true,"href":"https:\/\/kapitalis.com\/tunisie\/wp-json\/wp\/v2\/tags?post=4187630"}],"curies":[{"name":"wp","href":"https:\/\/api.w.org\/{rel}","templated":true}]}}