{"id":41895,"date":"2016-03-02T16:21:19","date_gmt":"2016-03-02T15:21:19","guid":{"rendered":"http:\/\/kapitalis.com\/tunisie\/?p=41895"},"modified":"2016-03-02T17:42:02","modified_gmt":"2016-03-02T16:42:02","slug":"asma-le-bebe-dont-les-parents-tunisiens-sont-morts-dans-le-raid-sabratha","status":"publish","type":"post","link":"https:\/\/kapitalis.com\/tunisie\/2016\/03\/02\/asma-le-bebe-dont-les-parents-tunisiens-sont-morts-dans-le-raid-sabratha\/","title":{"rendered":"Les parents tunisiens de Asma sont morts dans le raid Sabratha"},"content":{"rendered":"<p style=\"text-align: center;\"><img loading=\"lazy\" decoding=\"async\" class=\"alignnone size-full wp-image-41896\" src=\"http:\/\/kapitalis.com\/tunisie\/wp-content\/uploads\/2016\/03\/Asma-b\u00e9b\u00e9-Sabratha-Libye.jpg\" alt=\"Asma b\u00e9b\u00e9 Sabratha-Libye\" width=\"626\" height=\"380\" \/><\/p>\n<p><em><strong>Un couple tunisien est mort dans le raid am\u00e9ricain \u00e0 Sabratha, laissant un b\u00e9b\u00e9 seul en Libye. La famille, en Tunisie, appelle \u00e0 l\u2019aide pour le rapatrier.<\/strong><\/em><\/p>\n<p><!--more--><\/p>\n<p>C\u2019est ce qu\u2019a indiqu\u00e9 l&rsquo;activiste Mustapha Abdelkebir, pr\u00e9cisant que les parents d\u2019Asma Mhamdi (1 an) ont \u00e9t\u00e9 tu\u00e9s dans le raid am\u00e9ricain, vendredi 19 f\u00e9vrier 2016, contre un camp de l\u2019organisation terroriste Etat islamique (Daech), \u00e0 Sabratha, qui a fait une soixantaine de morts, en majorit\u00e9 des Tunisiens.<\/p>\n<p>\u00ab<em>Asma a miraculeusement surv\u00e9cu et elle est prise en charge par une famille libyenne\u00bb,<\/em> a pr\u00e9cis\u00e9 Mustapha Abdelkebir, qui appelle les autorit\u00e9s tunisiennes \u00e0 enclencher les proc\u00e9dures n\u00e9cessaires pour que la petite Asma puisse rentrer aupr\u00e8s de sa famille, en Tunisie.<\/p>\n<p>La situation est assez compliqu\u00e9e, en l&rsquo;absence d&rsquo;une autorit\u00e9 en Libye capable de proc\u00e9der aux v\u00e9rifications n\u00e9cessaires pour \u00e9tablir l&rsquo;identit\u00e9 du b\u00e9b\u00e9 et, \u00e9ventuellement, ordonner son rapatriement avec l&rsquo;accord des autorit\u00e9s judiciaires et administratives tunisiennes.<\/p>\n<p>Le fait que les parents \u00e9taient tr\u00e8s probablement des extr\u00e9mistes religieux ayant rejoint Da\u00each ne devrait pas, normalement, peser sur la d\u00e9cision du c\u00f4t\u00e9 aussi bien libyen que tunisien. Mais en cette p\u00e9riode trouble, on peut s&rsquo;attendre \u00e0 des difficult\u00e9s dans la gestion de ce dossier.<\/p>\n<p style=\"text-align: right;\"><strong>Y. N.<\/strong><\/p>\n","protected":false},"excerpt":{"rendered":"<p>Un couple tunisien est mort dans le raid am\u00e9ricain \u00e0 Sabratha, laissant un b\u00e9b\u00e9 seul en Libye. La famille, en Tunisie, appelle \u00e0 l\u2019aide pour le rapatrier.<\/p>\n","protected":false},"author":6,"featured_media":41896,"comment_status":"open","ping_status":"open","sticky":false,"template":"","format":"standard","meta":{"footnotes":""},"categories":[998,2433],"tags":[10745,2257,638,2563,2777],"class_list":["post-41895","post","type-post","status-publish","format-standard","has-post-thumbnail","hentry","category-societe","category-tunisie","tag-avions-libyens","tag-libyens","tag-morts","tag-raid-americain","tag-sabratha"],"yoast_head":"<!-- This site is optimized with the Yoast SEO plugin v26.6 - https:\/\/yoast.com\/wordpress\/plugins\/seo\/ -->\n<title>Les parents tunisiens de Asma sont morts dans le raid Sabratha - Kapitalis<\/title>\n<meta name=\"robots\" content=\"index, follow, max-snippet:-1, max-image-preview:large, max-video-preview:-1\" \/>\n<link rel=\"canonical\" href=\"https:\/\/kapitalis.com\/tunisie\/2016\/03\/02\/asma-le-bebe-dont-les-parents-tunisiens-sont-morts-dans-le-raid-sabratha\/\" \/>\n<meta property=\"og:locale\" content=\"fr_FR\" \/>\n<meta property=\"og:type\" content=\"article\" \/>\n<meta property=\"og:title\" content=\"Les parents tunisiens de Asma sont morts dans le raid Sabratha - Kapitalis\" \/>\n<meta property=\"og:description\" content=\"Un couple tunisien est mort dans le raid am\u00e9ricain \u00e0 Sabratha, laissant un b\u00e9b\u00e9 seul en Libye. La famille, en Tunisie, appelle \u00e0 l\u2019aide pour le rapatrier.\" \/>\n<meta property=\"og:url\" content=\"https:\/\/kapitalis.com\/tunisie\/2016\/03\/02\/asma-le-bebe-dont-les-parents-tunisiens-sont-morts-dans-le-raid-sabratha\/\" \/>\n<meta property=\"og:site_name\" content=\"Kapitalis\" \/>\n<meta property=\"article:publisher\" content=\"https:\/\/www.facebook.com\/KapitalisInfo\/\" \/>\n<meta property=\"article:published_time\" content=\"2016-03-02T15:21:19+00:00\" \/>\n<meta property=\"article:modified_time\" content=\"2016-03-02T16:42:02+00:00\" \/>\n<meta property=\"og:image\" content=\"https:\/\/kapitalis.com\/tunisie\/wp-content\/uploads\/2022\/05\/kapitalis-logo-fb.png\" \/>\n\t<meta property=\"og:image:width\" content=\"1200\" \/>\n\t<meta property=\"og:image:height\" content=\"630\" \/>\n\t<meta property=\"og:image:type\" content=\"image\/png\" \/>\n<meta name=\"author\" content=\"Yusra NY\" \/>\n<meta name=\"twitter:card\" content=\"summary_large_image\" \/>\n<meta name=\"twitter:creator\" content=\"@KapitalisInfo\" \/>\n<meta name=\"twitter:site\" content=\"@KapitalisInfo\" \/>\n<meta name=\"twitter:label1\" content=\"\u00c9crit par\" \/>\n\t<meta name=\"twitter:data1\" content=\"Yusra NY\" \/>\n\t<meta name=\"twitter:label2\" content=\"Dur\u00e9e de lecture estim\u00e9e\" \/>\n\t<meta name=\"twitter:data2\" content=\"1 minute\" \/>\n<script type=\"application\/ld+json\" class=\"yoast-schema-graph\">{\"@context\":\"https:\/\/schema.org\",\"@graph\":[{\"@type\":\"Article\",\"@id\":\"https:\/\/kapitalis.com\/tunisie\/2016\/03\/02\/asma-le-bebe-dont-les-parents-tunisiens-sont-morts-dans-le-raid-sabratha\/#article\",\"isPartOf\":{\"@id\":\"https:\/\/kapitalis.com\/tunisie\/2016\/03\/02\/asma-le-bebe-dont-les-parents-tunisiens-sont-morts-dans-le-raid-sabratha\/\"},\"author\":{\"name\":\"Yusra NY\",\"@id\":\"https:\/\/kapitalis.com\/tunisie\/#\/schema\/person\/74bbde0154d49d790a92aaeac5bc01d5\"},\"headline\":\"Les parents tunisiens de Asma sont morts dans le raid Sabratha\",\"datePublished\":\"2016-03-02T15:21:19+00:00\",\"dateModified\":\"2016-03-02T16:42:02+00:00\",\"mainEntityOfPage\":{\"@id\":\"https:\/\/kapitalis.com\/tunisie\/2016\/03\/02\/asma-le-bebe-dont-les-parents-tunisiens-sont-morts-dans-le-raid-sabratha\/\"},\"wordCount\":232,\"commentCount\":0,\"publisher\":{\"@id\":\"https:\/\/kapitalis.com\/tunisie\/#organization\"},\"image\":{\"@id\":\"https:\/\/kapitalis.com\/tunisie\/2016\/03\/02\/asma-le-bebe-dont-les-parents-tunisiens-sont-morts-dans-le-raid-sabratha\/#primaryimage\"},\"thumbnailUrl\":\"\",\"keywords\":[\"avions libyens\",\"Libyens\",\"morts\",\"raid am\u00e9ricain\",\"Sabratha\"],\"articleSection\":[\"SOCIETE\",\"Tunisie\"],\"inLanguage\":\"fr-FR\",\"potentialAction\":[{\"@type\":\"CommentAction\",\"name\":\"Comment\",\"target\":[\"https:\/\/kapitalis.com\/tunisie\/2016\/03\/02\/asma-le-bebe-dont-les-parents-tunisiens-sont-morts-dans-le-raid-sabratha\/#respond\"]}]},{\"@type\":\"WebPage\",\"@id\":\"https:\/\/kapitalis.com\/tunisie\/2016\/03\/02\/asma-le-bebe-dont-les-parents-tunisiens-sont-morts-dans-le-raid-sabratha\/\",\"url\":\"https:\/\/kapitalis.com\/tunisie\/2016\/03\/02\/asma-le-bebe-dont-les-parents-tunisiens-sont-morts-dans-le-raid-sabratha\/\",\"name\":\"Les parents tunisiens de Asma sont morts dans le raid Sabratha - Kapitalis\",\"isPartOf\":{\"@id\":\"https:\/\/kapitalis.com\/tunisie\/#website\"},\"primaryImageOfPage\":{\"@id\":\"https:\/\/kapitalis.com\/tunisie\/2016\/03\/02\/asma-le-bebe-dont-les-parents-tunisiens-sont-morts-dans-le-raid-sabratha\/#primaryimage\"},\"image\":{\"@id\":\"https:\/\/kapitalis.com\/tunisie\/2016\/03\/02\/asma-le-bebe-dont-les-parents-tunisiens-sont-morts-dans-le-raid-sabratha\/#primaryimage\"},\"thumbnailUrl\":\"\",\"datePublished\":\"2016-03-02T15:21:19+00:00\",\"dateModified\":\"2016-03-02T16:42:02+00:00\",\"breadcrumb\":{\"@id\":\"https:\/\/kapitalis.com\/tunisie\/2016\/03\/02\/asma-le-bebe-dont-les-parents-tunisiens-sont-morts-dans-le-raid-sabratha\/#breadcrumb\"},\"inLanguage\":\"fr-FR\",\"potentialAction\":[{\"@type\":\"ReadAction\",\"target\":[\"https:\/\/kapitalis.com\/tunisie\/2016\/03\/02\/asma-le-bebe-dont-les-parents-tunisiens-sont-morts-dans-le-raid-sabratha\/\"]}]},{\"@type\":\"ImageObject\",\"inLanguage\":\"fr-FR\",\"@id\":\"https:\/\/kapitalis.com\/tunisie\/2016\/03\/02\/asma-le-bebe-dont-les-parents-tunisiens-sont-morts-dans-le-raid-sabratha\/#primaryimage\",\"url\":\"\",\"contentUrl\":\"\"},{\"@type\":\"BreadcrumbList\",\"@id\":\"https:\/\/kapitalis.com\/tunisie\/2016\/03\/02\/asma-le-bebe-dont-les-parents-tunisiens-sont-morts-dans-le-raid-sabratha\/#breadcrumb\",\"itemListElement\":[{\"@type\":\"ListItem\",\"position\":1,\"name\":\"Accueil\",\"item\":\"https:\/\/kapitalis.com\/tunisie\/\"},{\"@type\":\"ListItem\",\"position\":2,\"name\":\"Les parents tunisiens de Asma sont morts dans le raid Sabratha\"}]},{\"@type\":\"WebSite\",\"@id\":\"https:\/\/kapitalis.com\/tunisie\/#website\",\"url\":\"https:\/\/kapitalis.com\/tunisie\/\",\"name\":\"Kapitalis\",\"description\":\"L&#039;actualit\u00e9 en Tunisie et dans le monde\",\"publisher\":{\"@id\":\"https:\/\/kapitalis.com\/tunisie\/#organization\"},\"potentialAction\":[{\"@type\":\"SearchAction\",\"target\":{\"@type\":\"EntryPoint\",\"urlTemplate\":\"https:\/\/kapitalis.com\/tunisie\/?s={search_term_string}\"},\"query-input\":{\"@type\":\"PropertyValueSpecification\",\"valueRequired\":true,\"valueName\":\"search_term_string\"}}],\"inLanguage\":\"fr-FR\"},{\"@type\":\"Organization\",\"@id\":\"https:\/\/kapitalis.com\/tunisie\/#organization\",\"name\":\"Kapitalis\",\"url\":\"https:\/\/kapitalis.com\/tunisie\/\",\"logo\":{\"@type\":\"ImageObject\",\"inLanguage\":\"fr-FR\",\"@id\":\"https:\/\/kapitalis.com\/tunisie\/#\/schema\/logo\/image\/\",\"url\":\"https:\/\/kapitalis.com\/tunisie\/wp-content\/uploads\/2022\/05\/Kapitalis-big-size.png\",\"contentUrl\":\"https:\/\/kapitalis.com\/tunisie\/wp-content\/uploads\/2022\/05\/Kapitalis-big-size.png\",\"width\":5000,\"height\":1500,\"caption\":\"Kapitalis\"},\"image\":{\"@id\":\"https:\/\/kapitalis.com\/tunisie\/#\/schema\/logo\/image\/\"},\"sameAs\":[\"https:\/\/www.facebook.com\/KapitalisInfo\/\",\"https:\/\/x.com\/KapitalisInfo\",\"https:\/\/www.youtube.com\/channel\/UC-yDYrHyfFBWWZaOw3FPg9Q\"]},{\"@type\":\"Person\",\"@id\":\"https:\/\/kapitalis.com\/tunisie\/#\/schema\/person\/74bbde0154d49d790a92aaeac5bc01d5\",\"name\":\"Yusra NY\",\"url\":\"https:\/\/kapitalis.com\/tunisie\/author\/yuza_adam\/\"}]}<\/script>\n<!-- \/ Yoast SEO plugin. -->","yoast_head_json":{"title":"Les parents tunisiens de Asma sont morts dans le raid Sabratha - Kapitalis","robots":{"index":"index","follow":"follow","max-snippet":"max-snippet:-1","max-image-preview":"max-image-preview:large","max-video-preview":"max-video-preview:-1"},"canonical":"https:\/\/kapitalis.com\/tunisie\/2016\/03\/02\/asma-le-bebe-dont-les-parents-tunisiens-sont-morts-dans-le-raid-sabratha\/","og_locale":"fr_FR","og_type":"article","og_title":"Les parents tunisiens de Asma sont morts dans le raid Sabratha - Kapitalis","og_description":"Un couple tunisien est mort dans le raid am\u00e9ricain \u00e0 Sabratha, laissant un b\u00e9b\u00e9 seul en Libye. La famille, en Tunisie, appelle \u00e0 l\u2019aide pour le rapatrier.","og_url":"https:\/\/kapitalis.com\/tunisie\/2016\/03\/02\/asma-le-bebe-dont-les-parents-tunisiens-sont-morts-dans-le-raid-sabratha\/","og_site_name":"Kapitalis","article_publisher":"https:\/\/www.facebook.com\/KapitalisInfo\/","article_published_time":"2016-03-02T15:21:19+00:00","article_modified_time":"2016-03-02T16:42:02+00:00","og_image":[{"width":1200,"height":630,"url":"https:\/\/kapitalis.com\/tunisie\/wp-content\/uploads\/2022\/05\/kapitalis-logo-fb.png","type":"image\/png"}],"author":"Yusra NY","twitter_card":"summary_large_image","twitter_creator":"@KapitalisInfo","twitter_site":"@KapitalisInfo","twitter_misc":{"\u00c9crit par":"Yusra NY","Dur\u00e9e de lecture estim\u00e9e":"1 minute"},"schema":{"@context":"https:\/\/schema.org","@graph":[{"@type":"Article","@id":"https:\/\/kapitalis.com\/tunisie\/2016\/03\/02\/asma-le-bebe-dont-les-parents-tunisiens-sont-morts-dans-le-raid-sabratha\/#article","isPartOf":{"@id":"https:\/\/kapitalis.com\/tunisie\/2016\/03\/02\/asma-le-bebe-dont-les-parents-tunisiens-sont-morts-dans-le-raid-sabratha\/"},"author":{"name":"Yusra NY","@id":"https:\/\/kapitalis.com\/tunisie\/#\/schema\/person\/74bbde0154d49d790a92aaeac5bc01d5"},"headline":"Les parents tunisiens de Asma sont morts dans le raid Sabratha","datePublished":"2016-03-02T15:21:19+00:00","dateModified":"2016-03-02T16:42:02+00:00","mainEntityOfPage":{"@id":"https:\/\/kapitalis.com\/tunisie\/2016\/03\/02\/asma-le-bebe-dont-les-parents-tunisiens-sont-morts-dans-le-raid-sabratha\/"},"wordCount":232,"commentCount":0,"publisher":{"@id":"https:\/\/kapitalis.com\/tunisie\/#organization"},"image":{"@id":"https:\/\/kapitalis.com\/tunisie\/2016\/03\/02\/asma-le-bebe-dont-les-parents-tunisiens-sont-morts-dans-le-raid-sabratha\/#primaryimage"},"thumbnailUrl":"","keywords":["avions libyens","Libyens","morts","raid am\u00e9ricain","Sabratha"],"articleSection":["SOCIETE","Tunisie"],"inLanguage":"fr-FR","potentialAction":[{"@type":"CommentAction","name":"Comment","target":["https:\/\/kapitalis.com\/tunisie\/2016\/03\/02\/asma-le-bebe-dont-les-parents-tunisiens-sont-morts-dans-le-raid-sabratha\/#respond"]}]},{"@type":"WebPage","@id":"https:\/\/kapitalis.com\/tunisie\/2016\/03\/02\/asma-le-bebe-dont-les-parents-tunisiens-sont-morts-dans-le-raid-sabratha\/","url":"https:\/\/kapitalis.com\/tunisie\/2016\/03\/02\/asma-le-bebe-dont-les-parents-tunisiens-sont-morts-dans-le-raid-sabratha\/","name":"Les parents tunisiens de Asma sont morts dans le raid Sabratha - Kapitalis","isPartOf":{"@id":"https:\/\/kapitalis.com\/tunisie\/#website"},"primaryImageOfPage":{"@id":"https:\/\/kapitalis.com\/tunisie\/2016\/03\/02\/asma-le-bebe-dont-les-parents-tunisiens-sont-morts-dans-le-raid-sabratha\/#primaryimage"},"image":{"@id":"https:\/\/kapitalis.com\/tunisie\/2016\/03\/02\/asma-le-bebe-dont-les-parents-tunisiens-sont-morts-dans-le-raid-sabratha\/#primaryimage"},"thumbnailUrl":"","datePublished":"2016-03-02T15:21:19+00:00","dateModified":"2016-03-02T16:42:02+00:00","breadcrumb":{"@id":"https:\/\/kapitalis.com\/tunisie\/2016\/03\/02\/asma-le-bebe-dont-les-parents-tunisiens-sont-morts-dans-le-raid-sabratha\/#breadcrumb"},"inLanguage":"fr-FR","potentialAction":[{"@type":"ReadAction","target":["https:\/\/kapitalis.com\/tunisie\/2016\/03\/02\/asma-le-bebe-dont-les-parents-tunisiens-sont-morts-dans-le-raid-sabratha\/"]}]},{"@type":"ImageObject","inLanguage":"fr-FR","@id":"https:\/\/kapitalis.com\/tunisie\/2016\/03\/02\/asma-le-bebe-dont-les-parents-tunisiens-sont-morts-dans-le-raid-sabratha\/#primaryimage","url":"","contentUrl":""},{"@type":"BreadcrumbList","@id":"https:\/\/kapitalis.com\/tunisie\/2016\/03\/02\/asma-le-bebe-dont-les-parents-tunisiens-sont-morts-dans-le-raid-sabratha\/#breadcrumb","itemListElement":[{"@type":"ListItem","position":1,"name":"Accueil","item":"https:\/\/kapitalis.com\/tunisie\/"},{"@type":"ListItem","position":2,"name":"Les parents tunisiens de Asma sont morts dans le raid Sabratha"}]},{"@type":"WebSite","@id":"https:\/\/kapitalis.com\/tunisie\/#website","url":"https:\/\/kapitalis.com\/tunisie\/","name":"Kapitalis","description":"L&#039;actualit\u00e9 en Tunisie et dans le monde","publisher":{"@id":"https:\/\/kapitalis.com\/tunisie\/#organization"},"potentialAction":[{"@type":"SearchAction","target":{"@type":"EntryPoint","urlTemplate":"https:\/\/kapitalis.com\/tunisie\/?s={search_term_string}"},"query-input":{"@type":"PropertyValueSpecification","valueRequired":true,"valueName":"search_term_string"}}],"inLanguage":"fr-FR"},{"@type":"Organization","@id":"https:\/\/kapitalis.com\/tunisie\/#organization","name":"Kapitalis","url":"https:\/\/kapitalis.com\/tunisie\/","logo":{"@type":"ImageObject","inLanguage":"fr-FR","@id":"https:\/\/kapitalis.com\/tunisie\/#\/schema\/logo\/image\/","url":"https:\/\/kapitalis.com\/tunisie\/wp-content\/uploads\/2022\/05\/Kapitalis-big-size.png","contentUrl":"https:\/\/kapitalis.com\/tunisie\/wp-content\/uploads\/2022\/05\/Kapitalis-big-size.png","width":5000,"height":1500,"caption":"Kapitalis"},"image":{"@id":"https:\/\/kapitalis.com\/tunisie\/#\/schema\/logo\/image\/"},"sameAs":["https:\/\/www.facebook.com\/KapitalisInfo\/","https:\/\/x.com\/KapitalisInfo","https:\/\/www.youtube.com\/channel\/UC-yDYrHyfFBWWZaOw3FPg9Q"]},{"@type":"Person","@id":"https:\/\/kapitalis.com\/tunisie\/#\/schema\/person\/74bbde0154d49d790a92aaeac5bc01d5","name":"Yusra NY","url":"https:\/\/kapitalis.com\/tunisie\/author\/yuza_adam\/"}]}},"_links":{"self":[{"href":"https:\/\/kapitalis.com\/tunisie\/wp-json\/wp\/v2\/posts\/41895","targetHints":{"allow":["GET"]}}],"collection":[{"href":"https:\/\/kapitalis.com\/tunisie\/wp-json\/wp\/v2\/posts"}],"about":[{"href":"https:\/\/kapitalis.com\/tunisie\/wp-json\/wp\/v2\/types\/post"}],"author":[{"embeddable":true,"href":"https:\/\/kapitalis.com\/tunisie\/wp-json\/wp\/v2\/users\/6"}],"replies":[{"embeddable":true,"href":"https:\/\/kapitalis.com\/tunisie\/wp-json\/wp\/v2\/comments?post=41895"}],"version-history":[{"count":0,"href":"https:\/\/kapitalis.com\/tunisie\/wp-json\/wp\/v2\/posts\/41895\/revisions"}],"wp:featuredmedia":[{"embeddable":true,"href":"https:\/\/kapitalis.com\/tunisie\/wp-json\/wp\/v2\/media\/41896"}],"wp:attachment":[{"href":"https:\/\/kapitalis.com\/tunisie\/wp-json\/wp\/v2\/media?parent=41895"}],"wp:term":[{"taxonomy":"category","embeddable":true,"href":"https:\/\/kapitalis.com\/tunisie\/wp-json\/wp\/v2\/categories?post=41895"},{"taxonomy":"post_tag","embeddable":true,"href":"https:\/\/kapitalis.com\/tunisie\/wp-json\/wp\/v2\/tags?post=41895"}],"curies":[{"name":"wp","href":"https:\/\/api.w.org\/{rel}","templated":true}]}}