{"id":4196432,"date":"2022-09-21T18:20:07","date_gmt":"2022-09-21T17:20:07","guid":{"rendered":"https:\/\/kapitalis.com\/tunisie\/?p=4196432"},"modified":"2022-09-21T18:33:57","modified_gmt":"2022-09-21T17:33:57","slug":"reseaux-denvoi-de-tunisiens-vers-les-zones-de-conflits-fatma-mseddi-placee-sous-protection-policiere","status":"publish","type":"post","link":"https:\/\/kapitalis.com\/tunisie\/2022\/09\/21\/reseaux-denvoi-de-tunisiens-vers-les-zones-de-conflits-fatma-mseddi-placee-sous-protection-policiere\/","title":{"rendered":"R\u00e9seaux d\u2019envoi de Tunisiens vers les zones de conflits : Fatma Mseddi plac\u00e9e sous protection polici\u00e8re"},"content":{"rendered":"\n<p><em><strong>Fatma Mseddi ancienne membre de la Commission parlementaire d\u2019enqu\u00eate sur les r\u00e9seaux d\u2019envoi de Tunisiens vers les zones de conflits a annonc\u00e9, ce mercredi 21 septembre 2022, qu&rsquo;elle a \u00e9t\u00e9 plac\u00e9e sous protection polici\u00e8re.<\/strong><\/em><\/p>\n\n\n\n<!--more-->\n\n\n\n<p>L&rsquo;ancienne d\u00e9put\u00e9e (2014-2019) qui est derri\u00e8re l&rsquo;ouverture de cette enqu\u00eate sur ces r\u00e9seaux terroristes et ayant conduit, \u00e0 ce jour, \u00e0 l&rsquo;audition de plusieurs dirigeants du parti islamiste Ennahdha \u00e0 l&rsquo;instar de Ghannouchi, Larayedh, Khademi et Ellouze, ainsi que des cadres s\u00e9curitaires dont certains ont \u00e9t\u00e9 plac\u00e9s en d\u00e9tention, a affirm\u00e9, ce matin m\u00eame \u00eatre vis\u00e9e par des menaces.<\/p>\n\n\n\n<p>Fatma Mseddi qui est cibl\u00e9e par une campagne sur les r\u00e9seaux sociaux a affirm\u00e9 <em>\u00abcraindre pour sa vie<\/em>\u00bb d&rsquo;autant que plusieurs individus l&rsquo;ont insult\u00e9e et menac\u00e9e, apr\u00e8s que des dirigeants Ennahdha de premier rang, aient \u00e9t\u00e9 convoqu\u00e9s par la justice dans le cadre de cette affaire d\u2019envoi de Tunisiens vers les zones de conflits.<\/p>\n\n\n\n<figure class=\"wp-block-embed is-type-wp-embed is-provider-kapitalis wp-block-embed-kapitalis\"><div class=\"wp-block-embed__wrapper\">\n<blockquote class=\"wp-embedded-content\" data-secret=\"csY6h00EO5\"><a href=\"https:\/\/kapitalis.com\/tunisie\/2022\/09\/21\/tunisie-noureddine-bhiri-anouar-aouled-ali-et-abderraouf-ayadi-convoques-a-comparaitre-devant-le-pole-antiterroriste\/\">Tunisie :  Noureddine Bhiri, Abderraouf Ayadi et Anouar Aouled Ali convoqu\u00e9s \u00e0 compara\u00eetre devant le P\u00f4le antiterroriste<\/a><\/blockquote><iframe loading=\"lazy\" class=\"wp-embedded-content\" sandbox=\"allow-scripts\" security=\"restricted\" style=\"position: absolute; clip: rect(1px, 1px, 1px, 1px);\" title=\"\u00ab\u00a0Tunisie :  Noureddine Bhiri, Abderraouf Ayadi et Anouar Aouled Ali convoqu\u00e9s \u00e0 compara\u00eetre devant le P\u00f4le antiterroriste\u00a0\u00bb &#8212; Kapitalis\" src=\"https:\/\/kapitalis.com\/tunisie\/2022\/09\/21\/tunisie-noureddine-bhiri-anouar-aouled-ali-et-abderraouf-ayadi-convoques-a-comparaitre-devant-le-pole-antiterroriste\/embed\/#?secret=zBGn6V5Oq0#?secret=csY6h00EO5\" data-secret=\"csY6h00EO5\" width=\"600\" height=\"338\" frameborder=\"0\" marginwidth=\"0\" marginheight=\"0\" scrolling=\"no\"><\/iframe>\n<\/div><\/figure>\n\n\n\n<p>Par ailleurs, Fatma Mseddi a \u00e9galement publi\u00e9 un autre post sur sa page Facebook, en estimant qu&rsquo;il fallait \u00eatre positif malgr\u00e9 la lib\u00e9ration de certains accus\u00e9s parmi les dirigeants du parti islamiste, estimant qu&rsquo;ils n&rsquo;ont pas \u00e9t\u00e9 innocent\u00e9s mais que les investigations doivent prendre le temps n\u00e9cessaire, dit-elle. <\/p>\n\n\n\n<p>\u00ab<em>Pourquoi tout ce pessimisme ? Voyons le c\u00f4t\u00e9 positif&#8230;..Pour la premi\u00e8re fois, une information judiciaire a \u00e9t\u00e9 ouverte sur cette affaire&#8230; Aussi, ce dossier est une affaire de s\u00fbret\u00e9 nationale et fait l&rsquo;objet d&rsquo;un suivi national et international. Je ne pense pas qu&rsquo;il soit possible que la justice manipule notre s\u00fbret\u00e9 nationale\u2026\u00bb<\/em>, a-t-elle notamment \u00e9crit.<\/p>\n\n\n\n<p class=\"has-text-align-right\"><strong>Y. N.<\/strong><\/p>\n\n\n\n<figure class=\"wp-block-embed is-type-wp-embed is-provider-kapitalis wp-block-embed-kapitalis\"><div class=\"wp-block-embed__wrapper\">\n<blockquote class=\"wp-embedded-content\" data-secret=\"nzPFrjvRoL\"><a href=\"https:\/\/kapitalis.com\/tunisie\/2022\/09\/14\/fatma-mseddi-sexprime-sur-les-arrestations-liees-aux-reseaux-denvoi-de-tunisiens-vers-les-zones-de-conflits\/\">Fatma Mseddi s&rsquo;exprime sur les arrestations li\u00e9es aux r\u00e9seaux d&rsquo;envoi de Tunisiens vers les zones de conflits<\/a><\/blockquote><iframe loading=\"lazy\" class=\"wp-embedded-content\" sandbox=\"allow-scripts\" security=\"restricted\" style=\"position: absolute; clip: rect(1px, 1px, 1px, 1px);\" title=\"\u00ab\u00a0Fatma Mseddi s&rsquo;exprime sur les arrestations li\u00e9es aux r\u00e9seaux d&rsquo;envoi de Tunisiens vers les zones de conflits\u00a0\u00bb &#8212; Kapitalis\" src=\"https:\/\/kapitalis.com\/tunisie\/2022\/09\/14\/fatma-mseddi-sexprime-sur-les-arrestations-liees-aux-reseaux-denvoi-de-tunisiens-vers-les-zones-de-conflits\/embed\/#?secret=BwzJC7ZFII#?secret=nzPFrjvRoL\" data-secret=\"nzPFrjvRoL\" width=\"600\" height=\"338\" frameborder=\"0\" marginwidth=\"0\" marginheight=\"0\" scrolling=\"no\"><\/iframe>\n<\/div><\/figure>\n\n\n\n<figure class=\"wp-block-embed is-type-wp-embed is-provider-kapitalis wp-block-embed-kapitalis\"><div class=\"wp-block-embed__wrapper\">\n<blockquote class=\"wp-embedded-content\" data-secret=\"AEEU4YEVv6\"><a href=\"https:\/\/kapitalis.com\/tunisie\/2022\/09\/21\/reseau-denvoi-de-tunisiens-vers-les-zones-de-conflit-rached-ghannouchi-maintenu-en-liberte\/\">R\u00e9seau d&rsquo;envoi de Tunisiens vers les zones de conflit : Rached Ghannouchi maintenu en libert\u00e9<\/a><\/blockquote><iframe loading=\"lazy\" class=\"wp-embedded-content\" sandbox=\"allow-scripts\" security=\"restricted\" style=\"position: absolute; clip: rect(1px, 1px, 1px, 1px);\" title=\"\u00ab\u00a0R\u00e9seau d&rsquo;envoi de Tunisiens vers les zones de conflit : Rached Ghannouchi maintenu en libert\u00e9\u00a0\u00bb &#8212; Kapitalis\" src=\"https:\/\/kapitalis.com\/tunisie\/2022\/09\/21\/reseau-denvoi-de-tunisiens-vers-les-zones-de-conflit-rached-ghannouchi-maintenu-en-liberte\/embed\/#?secret=F8IIQiGOAh#?secret=AEEU4YEVv6\" data-secret=\"AEEU4YEVv6\" width=\"600\" height=\"338\" frameborder=\"0\" marginwidth=\"0\" marginheight=\"0\" scrolling=\"no\"><\/iframe>\n<\/div><\/figure>\n\n\n\n<figure class=\"wp-block-embed is-type-wp-embed is-provider-kapitalis wp-block-embed-kapitalis\"><div class=\"wp-block-embed__wrapper\">\n<blockquote class=\"wp-embedded-content\" data-secret=\"CtitEfBlQC\"><a href=\"https:\/\/kapitalis.com\/tunisie\/2022\/09\/21\/affaire-denvoi-de-tunisiens-dans-les-zones-de-conflit-habib-ellouz-et-noureddine-khadmi-maintenus-en-liberte\/\">Affaire d&rsquo;envoi de Tunisiens dans les zones de conflit : Habib Ellouz et Noureddine Khadmi maintenus en libert\u00e9<\/a><\/blockquote><iframe loading=\"lazy\" class=\"wp-embedded-content\" sandbox=\"allow-scripts\" security=\"restricted\" style=\"position: absolute; clip: rect(1px, 1px, 1px, 1px);\" title=\"\u00ab\u00a0Affaire d&rsquo;envoi de Tunisiens dans les zones de conflit : Habib Ellouz et Noureddine Khadmi maintenus en libert\u00e9\u00a0\u00bb &#8212; Kapitalis\" src=\"https:\/\/kapitalis.com\/tunisie\/2022\/09\/21\/affaire-denvoi-de-tunisiens-dans-les-zones-de-conflit-habib-ellouz-et-noureddine-khadmi-maintenus-en-liberte\/embed\/#?secret=8WDQZZYADm#?secret=CtitEfBlQC\" data-secret=\"CtitEfBlQC\" width=\"600\" height=\"338\" frameborder=\"0\" marginwidth=\"0\" marginheight=\"0\" scrolling=\"no\"><\/iframe>\n<\/div><\/figure>\n","protected":false},"excerpt":{"rendered":"<p>R\u00e9seaux d\u2019envoi de Tunisiens vers les zones de conflits : Fatma Mseddi plac\u00e9e sous protection polici\u00e8re<\/p>\n","protected":false},"author":6,"featured_media":4196491,"comment_status":"open","ping_status":"open","sticky":false,"template":"","format":"standard","meta":{"footnotes":""},"categories":[997,2433],"tags":[49543,16909,102990,758,62643],"class_list":["post-4196432","post","type-post","status-publish","format-standard","has-post-thumbnail","hentry","category-politique","category-tunisie","tag-ennahdha","tag-fatma-mseddi","tag-protection-policiere","tag-rached-ghannouchi","tag-tunisie"],"yoast_head":"<!-- This site is optimized with the Yoast SEO plugin v26.6 - https:\/\/yoast.com\/wordpress\/plugins\/seo\/ -->\n<title>R\u00e9seaux d\u2019envoi de Tunisiens vers les zones de conflits : Fatma Mseddi plac\u00e9e sous protection polici\u00e8re - Kapitalis<\/title>\n<meta name=\"description\" content=\"Fatma Mseddi ancienne membre de la Commission parlementaire d\u2019enqu\u00eate sur les r\u00e9seaux d\u2019envoi de Tunisiens vers les zones de conflits a annonc\u00e9, ce mercredi 21 septembre 2022, qu&#039;elle a \u00e9t\u00e9 plac\u00e9e sous la protection polici\u00e8re.\" \/>\n<meta name=\"robots\" content=\"index, follow, max-snippet:-1, max-image-preview:large, max-video-preview:-1\" \/>\n<link rel=\"canonical\" href=\"https:\/\/kapitalis.com\/tunisie\/2022\/09\/21\/reseaux-denvoi-de-tunisiens-vers-les-zones-de-conflits-fatma-mseddi-placee-sous-protection-policiere\/\" \/>\n<meta property=\"og:locale\" content=\"fr_FR\" \/>\n<meta property=\"og:type\" content=\"article\" \/>\n<meta property=\"og:title\" content=\"R\u00e9seaux d\u2019envoi de Tunisiens vers les zones de conflits : Fatma Mseddi plac\u00e9e sous protection polici\u00e8re - Kapitalis\" \/>\n<meta property=\"og:description\" content=\"Fatma Mseddi ancienne membre de la Commission parlementaire d\u2019enqu\u00eate sur les r\u00e9seaux d\u2019envoi de Tunisiens vers les zones de conflits a annonc\u00e9, ce mercredi 21 septembre 2022, qu&#039;elle a \u00e9t\u00e9 plac\u00e9e sous la protection polici\u00e8re.\" \/>\n<meta property=\"og:url\" content=\"https:\/\/kapitalis.com\/tunisie\/2022\/09\/21\/reseaux-denvoi-de-tunisiens-vers-les-zones-de-conflits-fatma-mseddi-placee-sous-protection-policiere\/\" \/>\n<meta property=\"og:site_name\" content=\"Kapitalis\" \/>\n<meta property=\"article:publisher\" content=\"https:\/\/www.facebook.com\/KapitalisInfo\/\" \/>\n<meta property=\"article:published_time\" content=\"2022-09-21T17:20:07+00:00\" \/>\n<meta property=\"article:modified_time\" content=\"2022-09-21T17:33:57+00:00\" \/>\n<meta property=\"og:image\" content=\"https:\/\/kapitalis.com\/tunisie\/wp-content\/uploads\/2022\/09\/Fatma-Mseddi-1.jpg\" \/>\n\t<meta property=\"og:image:width\" content=\"1200\" \/>\n\t<meta property=\"og:image:height\" content=\"630\" \/>\n\t<meta property=\"og:image:type\" content=\"image\/jpeg\" \/>\n<meta name=\"author\" content=\"Yusra NY\" \/>\n<meta name=\"twitter:card\" content=\"summary_large_image\" \/>\n<meta name=\"twitter:creator\" content=\"@KapitalisInfo\" \/>\n<meta name=\"twitter:site\" content=\"@KapitalisInfo\" \/>\n<meta name=\"twitter:label1\" content=\"\u00c9crit par\" \/>\n\t<meta name=\"twitter:data1\" content=\"Yusra NY\" \/>\n\t<meta name=\"twitter:label2\" content=\"Dur\u00e9e de lecture estim\u00e9e\" \/>\n\t<meta name=\"twitter:data2\" content=\"2 minutes\" \/>\n<script type=\"application\/ld+json\" class=\"yoast-schema-graph\">{\"@context\":\"https:\/\/schema.org\",\"@graph\":[{\"@type\":\"Article\",\"@id\":\"https:\/\/kapitalis.com\/tunisie\/2022\/09\/21\/reseaux-denvoi-de-tunisiens-vers-les-zones-de-conflits-fatma-mseddi-placee-sous-protection-policiere\/#article\",\"isPartOf\":{\"@id\":\"https:\/\/kapitalis.com\/tunisie\/2022\/09\/21\/reseaux-denvoi-de-tunisiens-vers-les-zones-de-conflits-fatma-mseddi-placee-sous-protection-policiere\/\"},\"author\":{\"name\":\"Yusra NY\",\"@id\":\"https:\/\/kapitalis.com\/tunisie\/#\/schema\/person\/74bbde0154d49d790a92aaeac5bc01d5\"},\"headline\":\"R\u00e9seaux d\u2019envoi de Tunisiens vers les zones de conflits : Fatma Mseddi plac\u00e9e sous protection polici\u00e8re\",\"datePublished\":\"2022-09-21T17:20:07+00:00\",\"dateModified\":\"2022-09-21T17:33:57+00:00\",\"mainEntityOfPage\":{\"@id\":\"https:\/\/kapitalis.com\/tunisie\/2022\/09\/21\/reseaux-denvoi-de-tunisiens-vers-les-zones-de-conflits-fatma-mseddi-placee-sous-protection-policiere\/\"},\"wordCount\":317,\"commentCount\":4,\"publisher\":{\"@id\":\"https:\/\/kapitalis.com\/tunisie\/#organization\"},\"image\":{\"@id\":\"https:\/\/kapitalis.com\/tunisie\/2022\/09\/21\/reseaux-denvoi-de-tunisiens-vers-les-zones-de-conflits-fatma-mseddi-placee-sous-protection-policiere\/#primaryimage\"},\"thumbnailUrl\":\"https:\/\/kapitalis.com\/tunisie\/wp-content\/uploads\/2022\/09\/Fatma-Mseddi-1.jpg\",\"keywords\":[\"Ennahdha\",\"Fatma Mseddi\",\"protection polici\u00e8re\",\"Rached Ghannouchi\",\"Tunisie\"],\"articleSection\":[\"POLITIQUE\",\"Tunisie\"],\"inLanguage\":\"fr-FR\",\"potentialAction\":[{\"@type\":\"CommentAction\",\"name\":\"Comment\",\"target\":[\"https:\/\/kapitalis.com\/tunisie\/2022\/09\/21\/reseaux-denvoi-de-tunisiens-vers-les-zones-de-conflits-fatma-mseddi-placee-sous-protection-policiere\/#respond\"]}]},{\"@type\":\"WebPage\",\"@id\":\"https:\/\/kapitalis.com\/tunisie\/2022\/09\/21\/reseaux-denvoi-de-tunisiens-vers-les-zones-de-conflits-fatma-mseddi-placee-sous-protection-policiere\/\",\"url\":\"https:\/\/kapitalis.com\/tunisie\/2022\/09\/21\/reseaux-denvoi-de-tunisiens-vers-les-zones-de-conflits-fatma-mseddi-placee-sous-protection-policiere\/\",\"name\":\"R\u00e9seaux d\u2019envoi de Tunisiens vers les zones de conflits : Fatma Mseddi plac\u00e9e sous protection polici\u00e8re - Kapitalis\",\"isPartOf\":{\"@id\":\"https:\/\/kapitalis.com\/tunisie\/#website\"},\"primaryImageOfPage\":{\"@id\":\"https:\/\/kapitalis.com\/tunisie\/2022\/09\/21\/reseaux-denvoi-de-tunisiens-vers-les-zones-de-conflits-fatma-mseddi-placee-sous-protection-policiere\/#primaryimage\"},\"image\":{\"@id\":\"https:\/\/kapitalis.com\/tunisie\/2022\/09\/21\/reseaux-denvoi-de-tunisiens-vers-les-zones-de-conflits-fatma-mseddi-placee-sous-protection-policiere\/#primaryimage\"},\"thumbnailUrl\":\"https:\/\/kapitalis.com\/tunisie\/wp-content\/uploads\/2022\/09\/Fatma-Mseddi-1.jpg\",\"datePublished\":\"2022-09-21T17:20:07+00:00\",\"dateModified\":\"2022-09-21T17:33:57+00:00\",\"description\":\"Fatma Mseddi ancienne membre de la Commission parlementaire d\u2019enqu\u00eate sur les r\u00e9seaux d\u2019envoi de Tunisiens vers les zones de conflits a annonc\u00e9, ce mercredi 21 septembre 2022, qu'elle a \u00e9t\u00e9 plac\u00e9e sous la protection polici\u00e8re.\",\"breadcrumb\":{\"@id\":\"https:\/\/kapitalis.com\/tunisie\/2022\/09\/21\/reseaux-denvoi-de-tunisiens-vers-les-zones-de-conflits-fatma-mseddi-placee-sous-protection-policiere\/#breadcrumb\"},\"inLanguage\":\"fr-FR\",\"potentialAction\":[{\"@type\":\"ReadAction\",\"target\":[\"https:\/\/kapitalis.com\/tunisie\/2022\/09\/21\/reseaux-denvoi-de-tunisiens-vers-les-zones-de-conflits-fatma-mseddi-placee-sous-protection-policiere\/\"]}]},{\"@type\":\"ImageObject\",\"inLanguage\":\"fr-FR\",\"@id\":\"https:\/\/kapitalis.com\/tunisie\/2022\/09\/21\/reseaux-denvoi-de-tunisiens-vers-les-zones-de-conflits-fatma-mseddi-placee-sous-protection-policiere\/#primaryimage\",\"url\":\"https:\/\/kapitalis.com\/tunisie\/wp-content\/uploads\/2022\/09\/Fatma-Mseddi-1.jpg\",\"contentUrl\":\"https:\/\/kapitalis.com\/tunisie\/wp-content\/uploads\/2022\/09\/Fatma-Mseddi-1.jpg\",\"width\":1200,\"height\":630},{\"@type\":\"BreadcrumbList\",\"@id\":\"https:\/\/kapitalis.com\/tunisie\/2022\/09\/21\/reseaux-denvoi-de-tunisiens-vers-les-zones-de-conflits-fatma-mseddi-placee-sous-protection-policiere\/#breadcrumb\",\"itemListElement\":[{\"@type\":\"ListItem\",\"position\":1,\"name\":\"Accueil\",\"item\":\"https:\/\/kapitalis.com\/tunisie\/\"},{\"@type\":\"ListItem\",\"position\":2,\"name\":\"R\u00e9seaux d\u2019envoi de Tunisiens vers les zones de conflits : Fatma Mseddi plac\u00e9e sous protection polici\u00e8re\"}]},{\"@type\":\"WebSite\",\"@id\":\"https:\/\/kapitalis.com\/tunisie\/#website\",\"url\":\"https:\/\/kapitalis.com\/tunisie\/\",\"name\":\"Kapitalis\",\"description\":\"L&#039;actualit\u00e9 en Tunisie et dans le monde\",\"publisher\":{\"@id\":\"https:\/\/kapitalis.com\/tunisie\/#organization\"},\"potentialAction\":[{\"@type\":\"SearchAction\",\"target\":{\"@type\":\"EntryPoint\",\"urlTemplate\":\"https:\/\/kapitalis.com\/tunisie\/?s={search_term_string}\"},\"query-input\":{\"@type\":\"PropertyValueSpecification\",\"valueRequired\":true,\"valueName\":\"search_term_string\"}}],\"inLanguage\":\"fr-FR\"},{\"@type\":\"Organization\",\"@id\":\"https:\/\/kapitalis.com\/tunisie\/#organization\",\"name\":\"Kapitalis\",\"url\":\"https:\/\/kapitalis.com\/tunisie\/\",\"logo\":{\"@type\":\"ImageObject\",\"inLanguage\":\"fr-FR\",\"@id\":\"https:\/\/kapitalis.com\/tunisie\/#\/schema\/logo\/image\/\",\"url\":\"https:\/\/kapitalis.com\/tunisie\/wp-content\/uploads\/2022\/05\/Kapitalis-big-size.png\",\"contentUrl\":\"https:\/\/kapitalis.com\/tunisie\/wp-content\/uploads\/2022\/05\/Kapitalis-big-size.png\",\"width\":5000,\"height\":1500,\"caption\":\"Kapitalis\"},\"image\":{\"@id\":\"https:\/\/kapitalis.com\/tunisie\/#\/schema\/logo\/image\/\"},\"sameAs\":[\"https:\/\/www.facebook.com\/KapitalisInfo\/\",\"https:\/\/x.com\/KapitalisInfo\",\"https:\/\/www.youtube.com\/channel\/UC-yDYrHyfFBWWZaOw3FPg9Q\"]},{\"@type\":\"Person\",\"@id\":\"https:\/\/kapitalis.com\/tunisie\/#\/schema\/person\/74bbde0154d49d790a92aaeac5bc01d5\",\"name\":\"Yusra NY\",\"url\":\"https:\/\/kapitalis.com\/tunisie\/author\/yuza_adam\/\"}]}<\/script>\n<!-- \/ Yoast SEO plugin. -->","yoast_head_json":{"title":"R\u00e9seaux d\u2019envoi de Tunisiens vers les zones de conflits : Fatma Mseddi plac\u00e9e sous protection polici\u00e8re - Kapitalis","description":"Fatma Mseddi ancienne membre de la Commission parlementaire d\u2019enqu\u00eate sur les r\u00e9seaux d\u2019envoi de Tunisiens vers les zones de conflits a annonc\u00e9, ce mercredi 21 septembre 2022, qu'elle a \u00e9t\u00e9 plac\u00e9e sous la protection polici\u00e8re.","robots":{"index":"index","follow":"follow","max-snippet":"max-snippet:-1","max-image-preview":"max-image-preview:large","max-video-preview":"max-video-preview:-1"},"canonical":"https:\/\/kapitalis.com\/tunisie\/2022\/09\/21\/reseaux-denvoi-de-tunisiens-vers-les-zones-de-conflits-fatma-mseddi-placee-sous-protection-policiere\/","og_locale":"fr_FR","og_type":"article","og_title":"R\u00e9seaux d\u2019envoi de Tunisiens vers les zones de conflits : Fatma Mseddi plac\u00e9e sous protection polici\u00e8re - Kapitalis","og_description":"Fatma Mseddi ancienne membre de la Commission parlementaire d\u2019enqu\u00eate sur les r\u00e9seaux d\u2019envoi de Tunisiens vers les zones de conflits a annonc\u00e9, ce mercredi 21 septembre 2022, qu'elle a \u00e9t\u00e9 plac\u00e9e sous la protection polici\u00e8re.","og_url":"https:\/\/kapitalis.com\/tunisie\/2022\/09\/21\/reseaux-denvoi-de-tunisiens-vers-les-zones-de-conflits-fatma-mseddi-placee-sous-protection-policiere\/","og_site_name":"Kapitalis","article_publisher":"https:\/\/www.facebook.com\/KapitalisInfo\/","article_published_time":"2022-09-21T17:20:07+00:00","article_modified_time":"2022-09-21T17:33:57+00:00","og_image":[{"width":1200,"height":630,"url":"https:\/\/kapitalis.com\/tunisie\/wp-content\/uploads\/2022\/09\/Fatma-Mseddi-1.jpg","type":"image\/jpeg"}],"author":"Yusra NY","twitter_card":"summary_large_image","twitter_creator":"@KapitalisInfo","twitter_site":"@KapitalisInfo","twitter_misc":{"\u00c9crit par":"Yusra NY","Dur\u00e9e de lecture estim\u00e9e":"2 minutes"},"schema":{"@context":"https:\/\/schema.org","@graph":[{"@type":"Article","@id":"https:\/\/kapitalis.com\/tunisie\/2022\/09\/21\/reseaux-denvoi-de-tunisiens-vers-les-zones-de-conflits-fatma-mseddi-placee-sous-protection-policiere\/#article","isPartOf":{"@id":"https:\/\/kapitalis.com\/tunisie\/2022\/09\/21\/reseaux-denvoi-de-tunisiens-vers-les-zones-de-conflits-fatma-mseddi-placee-sous-protection-policiere\/"},"author":{"name":"Yusra NY","@id":"https:\/\/kapitalis.com\/tunisie\/#\/schema\/person\/74bbde0154d49d790a92aaeac5bc01d5"},"headline":"R\u00e9seaux d\u2019envoi de Tunisiens vers les zones de conflits : Fatma Mseddi plac\u00e9e sous protection polici\u00e8re","datePublished":"2022-09-21T17:20:07+00:00","dateModified":"2022-09-21T17:33:57+00:00","mainEntityOfPage":{"@id":"https:\/\/kapitalis.com\/tunisie\/2022\/09\/21\/reseaux-denvoi-de-tunisiens-vers-les-zones-de-conflits-fatma-mseddi-placee-sous-protection-policiere\/"},"wordCount":317,"commentCount":4,"publisher":{"@id":"https:\/\/kapitalis.com\/tunisie\/#organization"},"image":{"@id":"https:\/\/kapitalis.com\/tunisie\/2022\/09\/21\/reseaux-denvoi-de-tunisiens-vers-les-zones-de-conflits-fatma-mseddi-placee-sous-protection-policiere\/#primaryimage"},"thumbnailUrl":"https:\/\/kapitalis.com\/tunisie\/wp-content\/uploads\/2022\/09\/Fatma-Mseddi-1.jpg","keywords":["Ennahdha","Fatma Mseddi","protection polici\u00e8re","Rached Ghannouchi","Tunisie"],"articleSection":["POLITIQUE","Tunisie"],"inLanguage":"fr-FR","potentialAction":[{"@type":"CommentAction","name":"Comment","target":["https:\/\/kapitalis.com\/tunisie\/2022\/09\/21\/reseaux-denvoi-de-tunisiens-vers-les-zones-de-conflits-fatma-mseddi-placee-sous-protection-policiere\/#respond"]}]},{"@type":"WebPage","@id":"https:\/\/kapitalis.com\/tunisie\/2022\/09\/21\/reseaux-denvoi-de-tunisiens-vers-les-zones-de-conflits-fatma-mseddi-placee-sous-protection-policiere\/","url":"https:\/\/kapitalis.com\/tunisie\/2022\/09\/21\/reseaux-denvoi-de-tunisiens-vers-les-zones-de-conflits-fatma-mseddi-placee-sous-protection-policiere\/","name":"R\u00e9seaux d\u2019envoi de Tunisiens vers les zones de conflits : Fatma Mseddi plac\u00e9e sous protection polici\u00e8re - Kapitalis","isPartOf":{"@id":"https:\/\/kapitalis.com\/tunisie\/#website"},"primaryImageOfPage":{"@id":"https:\/\/kapitalis.com\/tunisie\/2022\/09\/21\/reseaux-denvoi-de-tunisiens-vers-les-zones-de-conflits-fatma-mseddi-placee-sous-protection-policiere\/#primaryimage"},"image":{"@id":"https:\/\/kapitalis.com\/tunisie\/2022\/09\/21\/reseaux-denvoi-de-tunisiens-vers-les-zones-de-conflits-fatma-mseddi-placee-sous-protection-policiere\/#primaryimage"},"thumbnailUrl":"https:\/\/kapitalis.com\/tunisie\/wp-content\/uploads\/2022\/09\/Fatma-Mseddi-1.jpg","datePublished":"2022-09-21T17:20:07+00:00","dateModified":"2022-09-21T17:33:57+00:00","description":"Fatma Mseddi ancienne membre de la Commission parlementaire d\u2019enqu\u00eate sur les r\u00e9seaux d\u2019envoi de Tunisiens vers les zones de conflits a annonc\u00e9, ce mercredi 21 septembre 2022, qu'elle a \u00e9t\u00e9 plac\u00e9e sous la protection polici\u00e8re.","breadcrumb":{"@id":"https:\/\/kapitalis.com\/tunisie\/2022\/09\/21\/reseaux-denvoi-de-tunisiens-vers-les-zones-de-conflits-fatma-mseddi-placee-sous-protection-policiere\/#breadcrumb"},"inLanguage":"fr-FR","potentialAction":[{"@type":"ReadAction","target":["https:\/\/kapitalis.com\/tunisie\/2022\/09\/21\/reseaux-denvoi-de-tunisiens-vers-les-zones-de-conflits-fatma-mseddi-placee-sous-protection-policiere\/"]}]},{"@type":"ImageObject","inLanguage":"fr-FR","@id":"https:\/\/kapitalis.com\/tunisie\/2022\/09\/21\/reseaux-denvoi-de-tunisiens-vers-les-zones-de-conflits-fatma-mseddi-placee-sous-protection-policiere\/#primaryimage","url":"https:\/\/kapitalis.com\/tunisie\/wp-content\/uploads\/2022\/09\/Fatma-Mseddi-1.jpg","contentUrl":"https:\/\/kapitalis.com\/tunisie\/wp-content\/uploads\/2022\/09\/Fatma-Mseddi-1.jpg","width":1200,"height":630},{"@type":"BreadcrumbList","@id":"https:\/\/kapitalis.com\/tunisie\/2022\/09\/21\/reseaux-denvoi-de-tunisiens-vers-les-zones-de-conflits-fatma-mseddi-placee-sous-protection-policiere\/#breadcrumb","itemListElement":[{"@type":"ListItem","position":1,"name":"Accueil","item":"https:\/\/kapitalis.com\/tunisie\/"},{"@type":"ListItem","position":2,"name":"R\u00e9seaux d\u2019envoi de Tunisiens vers les zones de conflits : Fatma Mseddi plac\u00e9e sous protection polici\u00e8re"}]},{"@type":"WebSite","@id":"https:\/\/kapitalis.com\/tunisie\/#website","url":"https:\/\/kapitalis.com\/tunisie\/","name":"Kapitalis","description":"L&#039;actualit\u00e9 en Tunisie et dans le monde","publisher":{"@id":"https:\/\/kapitalis.com\/tunisie\/#organization"},"potentialAction":[{"@type":"SearchAction","target":{"@type":"EntryPoint","urlTemplate":"https:\/\/kapitalis.com\/tunisie\/?s={search_term_string}"},"query-input":{"@type":"PropertyValueSpecification","valueRequired":true,"valueName":"search_term_string"}}],"inLanguage":"fr-FR"},{"@type":"Organization","@id":"https:\/\/kapitalis.com\/tunisie\/#organization","name":"Kapitalis","url":"https:\/\/kapitalis.com\/tunisie\/","logo":{"@type":"ImageObject","inLanguage":"fr-FR","@id":"https:\/\/kapitalis.com\/tunisie\/#\/schema\/logo\/image\/","url":"https:\/\/kapitalis.com\/tunisie\/wp-content\/uploads\/2022\/05\/Kapitalis-big-size.png","contentUrl":"https:\/\/kapitalis.com\/tunisie\/wp-content\/uploads\/2022\/05\/Kapitalis-big-size.png","width":5000,"height":1500,"caption":"Kapitalis"},"image":{"@id":"https:\/\/kapitalis.com\/tunisie\/#\/schema\/logo\/image\/"},"sameAs":["https:\/\/www.facebook.com\/KapitalisInfo\/","https:\/\/x.com\/KapitalisInfo","https:\/\/www.youtube.com\/channel\/UC-yDYrHyfFBWWZaOw3FPg9Q"]},{"@type":"Person","@id":"https:\/\/kapitalis.com\/tunisie\/#\/schema\/person\/74bbde0154d49d790a92aaeac5bc01d5","name":"Yusra NY","url":"https:\/\/kapitalis.com\/tunisie\/author\/yuza_adam\/"}]}},"_links":{"self":[{"href":"https:\/\/kapitalis.com\/tunisie\/wp-json\/wp\/v2\/posts\/4196432","targetHints":{"allow":["GET"]}}],"collection":[{"href":"https:\/\/kapitalis.com\/tunisie\/wp-json\/wp\/v2\/posts"}],"about":[{"href":"https:\/\/kapitalis.com\/tunisie\/wp-json\/wp\/v2\/types\/post"}],"author":[{"embeddable":true,"href":"https:\/\/kapitalis.com\/tunisie\/wp-json\/wp\/v2\/users\/6"}],"replies":[{"embeddable":true,"href":"https:\/\/kapitalis.com\/tunisie\/wp-json\/wp\/v2\/comments?post=4196432"}],"version-history":[{"count":0,"href":"https:\/\/kapitalis.com\/tunisie\/wp-json\/wp\/v2\/posts\/4196432\/revisions"}],"wp:featuredmedia":[{"embeddable":true,"href":"https:\/\/kapitalis.com\/tunisie\/wp-json\/wp\/v2\/media\/4196491"}],"wp:attachment":[{"href":"https:\/\/kapitalis.com\/tunisie\/wp-json\/wp\/v2\/media?parent=4196432"}],"wp:term":[{"taxonomy":"category","embeddable":true,"href":"https:\/\/kapitalis.com\/tunisie\/wp-json\/wp\/v2\/categories?post=4196432"},{"taxonomy":"post_tag","embeddable":true,"href":"https:\/\/kapitalis.com\/tunisie\/wp-json\/wp\/v2\/tags?post=4196432"}],"curies":[{"name":"wp","href":"https:\/\/api.w.org\/{rel}","templated":true}]}}