{"id":4208894,"date":"2022-09-22T15:30:00","date_gmt":"2022-09-22T14:30:00","guid":{"rendered":"https:\/\/kapitalis.com\/tunisie\/?p=4208894"},"modified":"2022-09-22T16:22:16","modified_gmt":"2022-09-22T15:22:16","slug":"tunisie-journee-de-colere-organisee-par-la-federation-de-lenseignement-de-base","status":"publish","type":"post","link":"https:\/\/kapitalis.com\/tunisie\/2022\/09\/22\/tunisie-journee-de-colere-organisee-par-la-federation-de-lenseignement-de-base\/","title":{"rendered":"Tunisie : Journ\u00e9e de col\u00e8re organis\u00e9e par la F\u00e9d\u00e9ration de l&rsquo;enseignement de base"},"content":{"rendered":"\n<p><em><strong>La F\u00e9d\u00e9ration g\u00e9n\u00e9rale de l\u2019enseignement de base organise, lundi prochain, 26 septembre 2022, une journ\u00e9e de col\u00e8re. A travers un communiqu\u00e9, elle a appel\u00e9 ses structures \u00e0 y participer dans toutes les r\u00e9gions.<\/strong><\/em><\/p>\n\n\n\n<!--more-->\n\n\n\n<p>L&rsquo;organisation syndicale a \u00e9galement annonc\u00e9 la tenue d&rsquo;un sit-in jusqu\u2019au 28 septembre, tout en pr\u00e9parant la journ\u00e9e de col\u00e8re nationale programm\u00e9e pour le 29 septembre.&nbsp;<\/p>\n\n\n\n<p>Pour rappel, la F\u00e9d\u00e9ration affili\u00e9e \u00e0 l&rsquo;UGTT r\u00e9clame du minist\u00e8re de l\u2019Education de mettre un terme \u00e0 toutes les formes d\u2019emploi pr\u00e9caire en annulant la cat\u00e9gorie d\u2019agent provisoire et de titulariser les promotions de 2018 \u00e0 2022.<\/p>\n\n\n\n<p>Elle demande \u00e9galement le recrutement de tous les suppl\u00e9ants selon des mesures et des r\u00e8gles transparentes, exigeant de se conformer aux r\u00e8gles du statut du secteur en recrutant les dipl\u00f4m\u00e9s de la licence appliqu\u00e9e en tant que stagiaires (pour la promotion 2022).<\/p>\n\n\n\n<p>Le communiqu\u00e9 ajoute que les dipl\u00f4m\u00e9s de la promotion 2021 doivent b\u00e9n\u00e9ficier d\u2019une nomination l\u00e9gale tout en acc\u00e9l\u00e9rant leur d\u00e9signation. Le syndicat les appelle, par ailleurs, \u00e0 refuser de faire des heures suppl\u00e9mentaires.<\/p>\n","protected":false},"excerpt":{"rendered":"<p>La F\u00e9d\u00e9ration g\u00e9n\u00e9rale de l\u2019enseignement de base organise, lundi prochain, 26 septembre 2022, une journ\u00e9e de col\u00e8re. A travers un communiqu\u00e9, elle a appel\u00e9 ses structures \u00e0 y participer dans toutes les r\u00e9gions.<\/p>\n","protected":false},"author":24,"featured_media":4210085,"comment_status":"open","ping_status":"open","sticky":false,"template":"","format":"standard","meta":{"footnotes":""},"categories":[998,2433],"tags":[79239,62643],"class_list":["post-4208894","post","type-post","status-publish","format-standard","has-post-thumbnail","hentry","category-societe","category-tunisie","tag-journee-de-colere","tag-tunisie"],"yoast_head":"<!-- This site is optimized with the Yoast SEO plugin v26.6 - https:\/\/yoast.com\/wordpress\/plugins\/seo\/ -->\n<title>Tunisie : Journ\u00e9e de col\u00e8re organis\u00e9e par la F\u00e9d\u00e9ration de l&#039;enseignement de base - Kapitalis<\/title>\n<meta name=\"robots\" content=\"index, follow, max-snippet:-1, max-image-preview:large, max-video-preview:-1\" \/>\n<link rel=\"canonical\" href=\"https:\/\/kapitalis.com\/tunisie\/2022\/09\/22\/tunisie-journee-de-colere-organisee-par-la-federation-de-lenseignement-de-base\/\" \/>\n<meta property=\"og:locale\" content=\"fr_FR\" \/>\n<meta property=\"og:type\" content=\"article\" \/>\n<meta property=\"og:title\" content=\"Tunisie : Journ\u00e9e de col\u00e8re organis\u00e9e par la F\u00e9d\u00e9ration de l&#039;enseignement de base - Kapitalis\" \/>\n<meta property=\"og:description\" content=\"La F\u00e9d\u00e9ration g\u00e9n\u00e9rale de l\u2019enseignement de base organise, lundi prochain, 26 septembre 2022, une journ\u00e9e de col\u00e8re. A travers un communiqu\u00e9, elle a appel\u00e9 ses structures \u00e0 y participer dans toutes les r\u00e9gions.\" \/>\n<meta property=\"og:url\" content=\"https:\/\/kapitalis.com\/tunisie\/2022\/09\/22\/tunisie-journee-de-colere-organisee-par-la-federation-de-lenseignement-de-base\/\" \/>\n<meta property=\"og:site_name\" content=\"Kapitalis\" \/>\n<meta property=\"article:publisher\" content=\"https:\/\/www.facebook.com\/KapitalisInfo\/\" \/>\n<meta property=\"article:published_time\" content=\"2022-09-22T14:30:00+00:00\" \/>\n<meta property=\"article:modified_time\" content=\"2022-09-22T15:22:16+00:00\" \/>\n<meta property=\"og:image\" content=\"https:\/\/kapitalis.com\/tunisie\/wp-content\/uploads\/2022\/09\/ecole-greve.jpg\" \/>\n\t<meta property=\"og:image:width\" content=\"1200\" \/>\n\t<meta property=\"og:image:height\" content=\"630\" \/>\n\t<meta property=\"og:image:type\" content=\"image\/jpeg\" \/>\n<meta name=\"author\" content=\"Cherif Benyounes\" \/>\n<meta name=\"twitter:card\" content=\"summary_large_image\" \/>\n<meta name=\"twitter:creator\" content=\"@KapitalisInfo\" \/>\n<meta name=\"twitter:site\" content=\"@KapitalisInfo\" \/>\n<meta name=\"twitter:label1\" content=\"\u00c9crit par\" \/>\n\t<meta name=\"twitter:data1\" content=\"Cherif Benyounes\" \/>\n\t<meta name=\"twitter:label2\" content=\"Dur\u00e9e de lecture estim\u00e9e\" \/>\n\t<meta name=\"twitter:data2\" content=\"1 minute\" \/>\n<script type=\"application\/ld+json\" class=\"yoast-schema-graph\">{\"@context\":\"https:\/\/schema.org\",\"@graph\":[{\"@type\":\"Article\",\"@id\":\"https:\/\/kapitalis.com\/tunisie\/2022\/09\/22\/tunisie-journee-de-colere-organisee-par-la-federation-de-lenseignement-de-base\/#article\",\"isPartOf\":{\"@id\":\"https:\/\/kapitalis.com\/tunisie\/2022\/09\/22\/tunisie-journee-de-colere-organisee-par-la-federation-de-lenseignement-de-base\/\"},\"author\":{\"name\":\"Cherif Benyounes\",\"@id\":\"https:\/\/kapitalis.com\/tunisie\/#\/schema\/person\/b35b8d631961131107263178aeb8019e\"},\"headline\":\"Tunisie : Journ\u00e9e de col\u00e8re organis\u00e9e par la F\u00e9d\u00e9ration de l&rsquo;enseignement de base\",\"datePublished\":\"2022-09-22T14:30:00+00:00\",\"dateModified\":\"2022-09-22T15:22:16+00:00\",\"mainEntityOfPage\":{\"@id\":\"https:\/\/kapitalis.com\/tunisie\/2022\/09\/22\/tunisie-journee-de-colere-organisee-par-la-federation-de-lenseignement-de-base\/\"},\"wordCount\":214,\"commentCount\":0,\"publisher\":{\"@id\":\"https:\/\/kapitalis.com\/tunisie\/#organization\"},\"image\":{\"@id\":\"https:\/\/kapitalis.com\/tunisie\/2022\/09\/22\/tunisie-journee-de-colere-organisee-par-la-federation-de-lenseignement-de-base\/#primaryimage\"},\"thumbnailUrl\":\"https:\/\/kapitalis.com\/tunisie\/wp-content\/uploads\/2022\/09\/ecole-greve.jpg\",\"keywords\":[\"Journ\u00e9e de col\u00e8re\",\"Tunisie\"],\"articleSection\":[\"SOCIETE\",\"Tunisie\"],\"inLanguage\":\"fr-FR\",\"potentialAction\":[{\"@type\":\"CommentAction\",\"name\":\"Comment\",\"target\":[\"https:\/\/kapitalis.com\/tunisie\/2022\/09\/22\/tunisie-journee-de-colere-organisee-par-la-federation-de-lenseignement-de-base\/#respond\"]}]},{\"@type\":\"WebPage\",\"@id\":\"https:\/\/kapitalis.com\/tunisie\/2022\/09\/22\/tunisie-journee-de-colere-organisee-par-la-federation-de-lenseignement-de-base\/\",\"url\":\"https:\/\/kapitalis.com\/tunisie\/2022\/09\/22\/tunisie-journee-de-colere-organisee-par-la-federation-de-lenseignement-de-base\/\",\"name\":\"Tunisie : Journ\u00e9e de col\u00e8re organis\u00e9e par la F\u00e9d\u00e9ration de l'enseignement de base - Kapitalis\",\"isPartOf\":{\"@id\":\"https:\/\/kapitalis.com\/tunisie\/#website\"},\"primaryImageOfPage\":{\"@id\":\"https:\/\/kapitalis.com\/tunisie\/2022\/09\/22\/tunisie-journee-de-colere-organisee-par-la-federation-de-lenseignement-de-base\/#primaryimage\"},\"image\":{\"@id\":\"https:\/\/kapitalis.com\/tunisie\/2022\/09\/22\/tunisie-journee-de-colere-organisee-par-la-federation-de-lenseignement-de-base\/#primaryimage\"},\"thumbnailUrl\":\"https:\/\/kapitalis.com\/tunisie\/wp-content\/uploads\/2022\/09\/ecole-greve.jpg\",\"datePublished\":\"2022-09-22T14:30:00+00:00\",\"dateModified\":\"2022-09-22T15:22:16+00:00\",\"breadcrumb\":{\"@id\":\"https:\/\/kapitalis.com\/tunisie\/2022\/09\/22\/tunisie-journee-de-colere-organisee-par-la-federation-de-lenseignement-de-base\/#breadcrumb\"},\"inLanguage\":\"fr-FR\",\"potentialAction\":[{\"@type\":\"ReadAction\",\"target\":[\"https:\/\/kapitalis.com\/tunisie\/2022\/09\/22\/tunisie-journee-de-colere-organisee-par-la-federation-de-lenseignement-de-base\/\"]}]},{\"@type\":\"ImageObject\",\"inLanguage\":\"fr-FR\",\"@id\":\"https:\/\/kapitalis.com\/tunisie\/2022\/09\/22\/tunisie-journee-de-colere-organisee-par-la-federation-de-lenseignement-de-base\/#primaryimage\",\"url\":\"https:\/\/kapitalis.com\/tunisie\/wp-content\/uploads\/2022\/09\/ecole-greve.jpg\",\"contentUrl\":\"https:\/\/kapitalis.com\/tunisie\/wp-content\/uploads\/2022\/09\/ecole-greve.jpg\",\"width\":1200,\"height\":630},{\"@type\":\"BreadcrumbList\",\"@id\":\"https:\/\/kapitalis.com\/tunisie\/2022\/09\/22\/tunisie-journee-de-colere-organisee-par-la-federation-de-lenseignement-de-base\/#breadcrumb\",\"itemListElement\":[{\"@type\":\"ListItem\",\"position\":1,\"name\":\"Accueil\",\"item\":\"https:\/\/kapitalis.com\/tunisie\/\"},{\"@type\":\"ListItem\",\"position\":2,\"name\":\"Tunisie : Journ\u00e9e de col\u00e8re organis\u00e9e par la F\u00e9d\u00e9ration de l&rsquo;enseignement de base\"}]},{\"@type\":\"WebSite\",\"@id\":\"https:\/\/kapitalis.com\/tunisie\/#website\",\"url\":\"https:\/\/kapitalis.com\/tunisie\/\",\"name\":\"Kapitalis\",\"description\":\"L&#039;actualit\u00e9 en Tunisie et dans le monde\",\"publisher\":{\"@id\":\"https:\/\/kapitalis.com\/tunisie\/#organization\"},\"potentialAction\":[{\"@type\":\"SearchAction\",\"target\":{\"@type\":\"EntryPoint\",\"urlTemplate\":\"https:\/\/kapitalis.com\/tunisie\/?s={search_term_string}\"},\"query-input\":{\"@type\":\"PropertyValueSpecification\",\"valueRequired\":true,\"valueName\":\"search_term_string\"}}],\"inLanguage\":\"fr-FR\"},{\"@type\":\"Organization\",\"@id\":\"https:\/\/kapitalis.com\/tunisie\/#organization\",\"name\":\"Kapitalis\",\"url\":\"https:\/\/kapitalis.com\/tunisie\/\",\"logo\":{\"@type\":\"ImageObject\",\"inLanguage\":\"fr-FR\",\"@id\":\"https:\/\/kapitalis.com\/tunisie\/#\/schema\/logo\/image\/\",\"url\":\"https:\/\/kapitalis.com\/tunisie\/wp-content\/uploads\/2022\/05\/Kapitalis-big-size.png\",\"contentUrl\":\"https:\/\/kapitalis.com\/tunisie\/wp-content\/uploads\/2022\/05\/Kapitalis-big-size.png\",\"width\":5000,\"height\":1500,\"caption\":\"Kapitalis\"},\"image\":{\"@id\":\"https:\/\/kapitalis.com\/tunisie\/#\/schema\/logo\/image\/\"},\"sameAs\":[\"https:\/\/www.facebook.com\/KapitalisInfo\/\",\"https:\/\/x.com\/KapitalisInfo\",\"https:\/\/www.youtube.com\/channel\/UC-yDYrHyfFBWWZaOw3FPg9Q\"]},{\"@type\":\"Person\",\"@id\":\"https:\/\/kapitalis.com\/tunisie\/#\/schema\/person\/b35b8d631961131107263178aeb8019e\",\"name\":\"Cherif Benyounes\",\"url\":\"https:\/\/kapitalis.com\/tunisie\/author\/cherif\/\"}]}<\/script>\n<!-- \/ Yoast SEO plugin. -->","yoast_head_json":{"title":"Tunisie : Journ\u00e9e de col\u00e8re organis\u00e9e par la F\u00e9d\u00e9ration de l'enseignement de base - Kapitalis","robots":{"index":"index","follow":"follow","max-snippet":"max-snippet:-1","max-image-preview":"max-image-preview:large","max-video-preview":"max-video-preview:-1"},"canonical":"https:\/\/kapitalis.com\/tunisie\/2022\/09\/22\/tunisie-journee-de-colere-organisee-par-la-federation-de-lenseignement-de-base\/","og_locale":"fr_FR","og_type":"article","og_title":"Tunisie : Journ\u00e9e de col\u00e8re organis\u00e9e par la F\u00e9d\u00e9ration de l'enseignement de base - Kapitalis","og_description":"La F\u00e9d\u00e9ration g\u00e9n\u00e9rale de l\u2019enseignement de base organise, lundi prochain, 26 septembre 2022, une journ\u00e9e de col\u00e8re. A travers un communiqu\u00e9, elle a appel\u00e9 ses structures \u00e0 y participer dans toutes les r\u00e9gions.","og_url":"https:\/\/kapitalis.com\/tunisie\/2022\/09\/22\/tunisie-journee-de-colere-organisee-par-la-federation-de-lenseignement-de-base\/","og_site_name":"Kapitalis","article_publisher":"https:\/\/www.facebook.com\/KapitalisInfo\/","article_published_time":"2022-09-22T14:30:00+00:00","article_modified_time":"2022-09-22T15:22:16+00:00","og_image":[{"width":1200,"height":630,"url":"https:\/\/kapitalis.com\/tunisie\/wp-content\/uploads\/2022\/09\/ecole-greve.jpg","type":"image\/jpeg"}],"author":"Cherif Benyounes","twitter_card":"summary_large_image","twitter_creator":"@KapitalisInfo","twitter_site":"@KapitalisInfo","twitter_misc":{"\u00c9crit par":"Cherif Benyounes","Dur\u00e9e de lecture estim\u00e9e":"1 minute"},"schema":{"@context":"https:\/\/schema.org","@graph":[{"@type":"Article","@id":"https:\/\/kapitalis.com\/tunisie\/2022\/09\/22\/tunisie-journee-de-colere-organisee-par-la-federation-de-lenseignement-de-base\/#article","isPartOf":{"@id":"https:\/\/kapitalis.com\/tunisie\/2022\/09\/22\/tunisie-journee-de-colere-organisee-par-la-federation-de-lenseignement-de-base\/"},"author":{"name":"Cherif Benyounes","@id":"https:\/\/kapitalis.com\/tunisie\/#\/schema\/person\/b35b8d631961131107263178aeb8019e"},"headline":"Tunisie : Journ\u00e9e de col\u00e8re organis\u00e9e par la F\u00e9d\u00e9ration de l&rsquo;enseignement de base","datePublished":"2022-09-22T14:30:00+00:00","dateModified":"2022-09-22T15:22:16+00:00","mainEntityOfPage":{"@id":"https:\/\/kapitalis.com\/tunisie\/2022\/09\/22\/tunisie-journee-de-colere-organisee-par-la-federation-de-lenseignement-de-base\/"},"wordCount":214,"commentCount":0,"publisher":{"@id":"https:\/\/kapitalis.com\/tunisie\/#organization"},"image":{"@id":"https:\/\/kapitalis.com\/tunisie\/2022\/09\/22\/tunisie-journee-de-colere-organisee-par-la-federation-de-lenseignement-de-base\/#primaryimage"},"thumbnailUrl":"https:\/\/kapitalis.com\/tunisie\/wp-content\/uploads\/2022\/09\/ecole-greve.jpg","keywords":["Journ\u00e9e de col\u00e8re","Tunisie"],"articleSection":["SOCIETE","Tunisie"],"inLanguage":"fr-FR","potentialAction":[{"@type":"CommentAction","name":"Comment","target":["https:\/\/kapitalis.com\/tunisie\/2022\/09\/22\/tunisie-journee-de-colere-organisee-par-la-federation-de-lenseignement-de-base\/#respond"]}]},{"@type":"WebPage","@id":"https:\/\/kapitalis.com\/tunisie\/2022\/09\/22\/tunisie-journee-de-colere-organisee-par-la-federation-de-lenseignement-de-base\/","url":"https:\/\/kapitalis.com\/tunisie\/2022\/09\/22\/tunisie-journee-de-colere-organisee-par-la-federation-de-lenseignement-de-base\/","name":"Tunisie : Journ\u00e9e de col\u00e8re organis\u00e9e par la F\u00e9d\u00e9ration de l'enseignement de base - Kapitalis","isPartOf":{"@id":"https:\/\/kapitalis.com\/tunisie\/#website"},"primaryImageOfPage":{"@id":"https:\/\/kapitalis.com\/tunisie\/2022\/09\/22\/tunisie-journee-de-colere-organisee-par-la-federation-de-lenseignement-de-base\/#primaryimage"},"image":{"@id":"https:\/\/kapitalis.com\/tunisie\/2022\/09\/22\/tunisie-journee-de-colere-organisee-par-la-federation-de-lenseignement-de-base\/#primaryimage"},"thumbnailUrl":"https:\/\/kapitalis.com\/tunisie\/wp-content\/uploads\/2022\/09\/ecole-greve.jpg","datePublished":"2022-09-22T14:30:00+00:00","dateModified":"2022-09-22T15:22:16+00:00","breadcrumb":{"@id":"https:\/\/kapitalis.com\/tunisie\/2022\/09\/22\/tunisie-journee-de-colere-organisee-par-la-federation-de-lenseignement-de-base\/#breadcrumb"},"inLanguage":"fr-FR","potentialAction":[{"@type":"ReadAction","target":["https:\/\/kapitalis.com\/tunisie\/2022\/09\/22\/tunisie-journee-de-colere-organisee-par-la-federation-de-lenseignement-de-base\/"]}]},{"@type":"ImageObject","inLanguage":"fr-FR","@id":"https:\/\/kapitalis.com\/tunisie\/2022\/09\/22\/tunisie-journee-de-colere-organisee-par-la-federation-de-lenseignement-de-base\/#primaryimage","url":"https:\/\/kapitalis.com\/tunisie\/wp-content\/uploads\/2022\/09\/ecole-greve.jpg","contentUrl":"https:\/\/kapitalis.com\/tunisie\/wp-content\/uploads\/2022\/09\/ecole-greve.jpg","width":1200,"height":630},{"@type":"BreadcrumbList","@id":"https:\/\/kapitalis.com\/tunisie\/2022\/09\/22\/tunisie-journee-de-colere-organisee-par-la-federation-de-lenseignement-de-base\/#breadcrumb","itemListElement":[{"@type":"ListItem","position":1,"name":"Accueil","item":"https:\/\/kapitalis.com\/tunisie\/"},{"@type":"ListItem","position":2,"name":"Tunisie : Journ\u00e9e de col\u00e8re organis\u00e9e par la F\u00e9d\u00e9ration de l&rsquo;enseignement de base"}]},{"@type":"WebSite","@id":"https:\/\/kapitalis.com\/tunisie\/#website","url":"https:\/\/kapitalis.com\/tunisie\/","name":"Kapitalis","description":"L&#039;actualit\u00e9 en Tunisie et dans le monde","publisher":{"@id":"https:\/\/kapitalis.com\/tunisie\/#organization"},"potentialAction":[{"@type":"SearchAction","target":{"@type":"EntryPoint","urlTemplate":"https:\/\/kapitalis.com\/tunisie\/?s={search_term_string}"},"query-input":{"@type":"PropertyValueSpecification","valueRequired":true,"valueName":"search_term_string"}}],"inLanguage":"fr-FR"},{"@type":"Organization","@id":"https:\/\/kapitalis.com\/tunisie\/#organization","name":"Kapitalis","url":"https:\/\/kapitalis.com\/tunisie\/","logo":{"@type":"ImageObject","inLanguage":"fr-FR","@id":"https:\/\/kapitalis.com\/tunisie\/#\/schema\/logo\/image\/","url":"https:\/\/kapitalis.com\/tunisie\/wp-content\/uploads\/2022\/05\/Kapitalis-big-size.png","contentUrl":"https:\/\/kapitalis.com\/tunisie\/wp-content\/uploads\/2022\/05\/Kapitalis-big-size.png","width":5000,"height":1500,"caption":"Kapitalis"},"image":{"@id":"https:\/\/kapitalis.com\/tunisie\/#\/schema\/logo\/image\/"},"sameAs":["https:\/\/www.facebook.com\/KapitalisInfo\/","https:\/\/x.com\/KapitalisInfo","https:\/\/www.youtube.com\/channel\/UC-yDYrHyfFBWWZaOw3FPg9Q"]},{"@type":"Person","@id":"https:\/\/kapitalis.com\/tunisie\/#\/schema\/person\/b35b8d631961131107263178aeb8019e","name":"Cherif Benyounes","url":"https:\/\/kapitalis.com\/tunisie\/author\/cherif\/"}]}},"_links":{"self":[{"href":"https:\/\/kapitalis.com\/tunisie\/wp-json\/wp\/v2\/posts\/4208894","targetHints":{"allow":["GET"]}}],"collection":[{"href":"https:\/\/kapitalis.com\/tunisie\/wp-json\/wp\/v2\/posts"}],"about":[{"href":"https:\/\/kapitalis.com\/tunisie\/wp-json\/wp\/v2\/types\/post"}],"author":[{"embeddable":true,"href":"https:\/\/kapitalis.com\/tunisie\/wp-json\/wp\/v2\/users\/24"}],"replies":[{"embeddable":true,"href":"https:\/\/kapitalis.com\/tunisie\/wp-json\/wp\/v2\/comments?post=4208894"}],"version-history":[{"count":0,"href":"https:\/\/kapitalis.com\/tunisie\/wp-json\/wp\/v2\/posts\/4208894\/revisions"}],"wp:featuredmedia":[{"embeddable":true,"href":"https:\/\/kapitalis.com\/tunisie\/wp-json\/wp\/v2\/media\/4210085"}],"wp:attachment":[{"href":"https:\/\/kapitalis.com\/tunisie\/wp-json\/wp\/v2\/media?parent=4208894"}],"wp:term":[{"taxonomy":"category","embeddable":true,"href":"https:\/\/kapitalis.com\/tunisie\/wp-json\/wp\/v2\/categories?post=4208894"},{"taxonomy":"post_tag","embeddable":true,"href":"https:\/\/kapitalis.com\/tunisie\/wp-json\/wp\/v2\/tags?post=4208894"}],"curies":[{"name":"wp","href":"https:\/\/api.w.org\/{rel}","templated":true}]}}