{"id":42092,"date":"2016-03-04T08:45:50","date_gmt":"2016-03-04T07:45:50","guid":{"rendered":"http:\/\/kapitalis.com\/tunisie\/?p=42092"},"modified":"2016-03-04T08:45:50","modified_gmt":"2016-03-04T07:45:50","slug":"tourisme-les-reservations-allemandes-sur-la-tunisie-en-chute-de-40","status":"publish","type":"post","link":"https:\/\/kapitalis.com\/tunisie\/2016\/03\/04\/tourisme-les-reservations-allemandes-sur-la-tunisie-en-chute-de-40\/","title":{"rendered":"Tourisme: Les r\u00e9servations allemandes sur la Tunisie en chute de 40%"},"content":{"rendered":"<p><img loading=\"lazy\" decoding=\"async\" class=\"alignnone size-full wp-image-37750 aligncenter\" src=\"http:\/\/kapitalis.com\/tunisie\/wp-content\/uploads\/2016\/02\/Tourisme-crise.jpg\" alt=\"Tourisme-crise\" width=\"626\" height=\"380\" \/><\/p>\n<p><em><strong>Les r\u00e9servations des touristes allemands sur la Tunisie, l\u2019Egypte et la Turquie pour l\u2019\u00e9t\u00e9 prochain enregistrent une baisse de 40% par rapport \u00e0 l\u2019an dernier.<\/strong><\/em><\/p>\n<p><!--more--><\/p>\n<p>C\u2019est ce qu\u2019a r\u00e9v\u00e9l\u00e9, jeudi 3 mars 2016, l\u2019Association des voyagistes allemands (DRV), accompagnant cette annonce par l\u2019explication que cette chute traduit <em>\u00abla pr\u00e9occupation s\u00e9curitaire \u00e9vidente des touristes allemands.\u00bb<\/em><\/p>\n<p>Lors d\u2019un rencontre avec la presse, hier \u00e0 Berlin, Norbert Fiebig, pr\u00e9sident de la DRV, a indiqu\u00e9 que <em>\u00abdans l\u2019ensemble, les r\u00e9servations des touristes allemands pour l\u2019\u00e9t\u00e9 2016 ont baiss\u00e9 d\u2019une unit\u00e9 de pourcentage, mais cette chute g\u00e9n\u00e9rale est dans tr\u00e8s large mesure imputable aux tr\u00e8s mauvais r\u00e9sultats enregistr\u00e9s sur ces march\u00e9s \u00e0 gros volume<\/em> (c\u2019est-\u00e0-dire, la Tunisie, l\u2019Egypte et la Turquie, Ndlr).\u00bb<\/p>\n<p>Comparant les trois destinations les plus affect\u00e9es par cette chute des r\u00e9servations allemandes pour l\u2019\u00e9t\u00e9 2016, M. Fiebig a pr\u00e9cis\u00e9 que la baisse se situe \u00e0 40% pour la Turquie et qu\u2019elle est \u00ab<em>un peu plus \u00e9lev\u00e9e<\/em>\u00bb pour la Tunisie et l\u2019Egypte\u2026<\/p>\n<p>Est-il utile, une fois encore, de rappeler que le risque s\u00e9curitaire z\u00e9ro n\u2019existe nulle part et que la folie terroriste (islamiste ou autre) frappe et frappera l\u00e0 o\u00f9 elle trouvera la possibilit\u00e9?<\/p>\n<p style=\"text-align: right;\"><strong>Marwan Chahla<\/strong><\/p>\n","protected":false},"excerpt":{"rendered":"<p>Les r\u00e9servations des touristes allemands sur la Tunisie, l\u2019Egypte et la Turquie pour l\u2019\u00e9t\u00e9 prochain enregistrent une baisse de 40% par rapport \u00e0 l\u2019an dernier.<\/p>\n","protected":false},"author":8,"featured_media":0,"comment_status":"open","ping_status":"open","sticky":false,"template":"","format":"standard","meta":{"footnotes":""},"categories":[995,2433],"tags":[2379,2802,908,1855,2891],"class_list":["post-42092","post","type-post","status-publish","format-standard","hentry","category-economie","category-tunisie","tag-egypte","tag-reservations","tag-tourisme","tag-turquie","tag-voyagistes"],"yoast_head":"<!-- This site is optimized with the Yoast SEO plugin v26.6 - https:\/\/yoast.com\/wordpress\/plugins\/seo\/ -->\n<title>Tourisme: Les r\u00e9servations allemandes sur la Tunisie en chute de 40% - Kapitalis<\/title>\n<meta name=\"robots\" content=\"index, follow, max-snippet:-1, max-image-preview:large, max-video-preview:-1\" \/>\n<link rel=\"canonical\" href=\"https:\/\/kapitalis.com\/tunisie\/2016\/03\/04\/tourisme-les-reservations-allemandes-sur-la-tunisie-en-chute-de-40\/\" \/>\n<meta property=\"og:locale\" content=\"fr_FR\" \/>\n<meta property=\"og:type\" content=\"article\" \/>\n<meta property=\"og:title\" content=\"Tourisme: Les r\u00e9servations allemandes sur la Tunisie en chute de 40% - Kapitalis\" \/>\n<meta property=\"og:description\" content=\"Les r\u00e9servations des touristes allemands sur la Tunisie, l\u2019Egypte et la Turquie pour l\u2019\u00e9t\u00e9 prochain enregistrent une baisse de 40% par rapport \u00e0 l\u2019an dernier.\" \/>\n<meta property=\"og:url\" content=\"https:\/\/kapitalis.com\/tunisie\/2016\/03\/04\/tourisme-les-reservations-allemandes-sur-la-tunisie-en-chute-de-40\/\" \/>\n<meta property=\"og:site_name\" content=\"Kapitalis\" \/>\n<meta property=\"article:publisher\" content=\"https:\/\/www.facebook.com\/KapitalisInfo\/\" \/>\n<meta property=\"article:published_time\" content=\"2016-03-04T07:45:50+00:00\" \/>\n<meta property=\"og:image\" content=\"http:\/\/kapitalis.com\/tunisie\/wp-content\/uploads\/2016\/02\/Tourisme-crise.jpg\" \/>\n<meta name=\"author\" content=\"webmaster kapitalis\" \/>\n<meta name=\"twitter:card\" content=\"summary_large_image\" \/>\n<meta name=\"twitter:creator\" content=\"@KapitalisInfo\" \/>\n<meta name=\"twitter:site\" content=\"@KapitalisInfo\" \/>\n<meta name=\"twitter:label1\" content=\"\u00c9crit par\" \/>\n\t<meta name=\"twitter:data1\" content=\"webmaster kapitalis\" \/>\n\t<meta name=\"twitter:label2\" content=\"Dur\u00e9e de lecture estim\u00e9e\" \/>\n\t<meta name=\"twitter:data2\" content=\"1 minute\" \/>\n<script type=\"application\/ld+json\" class=\"yoast-schema-graph\">{\"@context\":\"https:\/\/schema.org\",\"@graph\":[{\"@type\":\"Article\",\"@id\":\"https:\/\/kapitalis.com\/tunisie\/2016\/03\/04\/tourisme-les-reservations-allemandes-sur-la-tunisie-en-chute-de-40\/#article\",\"isPartOf\":{\"@id\":\"https:\/\/kapitalis.com\/tunisie\/2016\/03\/04\/tourisme-les-reservations-allemandes-sur-la-tunisie-en-chute-de-40\/\"},\"author\":{\"name\":\"webmaster kapitalis\",\"@id\":\"https:\/\/kapitalis.com\/tunisie\/#\/schema\/person\/d71f33a9ca44f7bad4698210b480c8e9\"},\"headline\":\"Tourisme: Les r\u00e9servations allemandes sur la Tunisie en chute de 40%\",\"datePublished\":\"2016-03-04T07:45:50+00:00\",\"mainEntityOfPage\":{\"@id\":\"https:\/\/kapitalis.com\/tunisie\/2016\/03\/04\/tourisme-les-reservations-allemandes-sur-la-tunisie-en-chute-de-40\/\"},\"wordCount\":232,\"commentCount\":0,\"publisher\":{\"@id\":\"https:\/\/kapitalis.com\/tunisie\/#organization\"},\"image\":{\"@id\":\"https:\/\/kapitalis.com\/tunisie\/2016\/03\/04\/tourisme-les-reservations-allemandes-sur-la-tunisie-en-chute-de-40\/#primaryimage\"},\"thumbnailUrl\":\"http:\/\/kapitalis.com\/tunisie\/wp-content\/uploads\/2016\/02\/Tourisme-crise.jpg\",\"keywords\":[\"Egypte\",\"r\u00e9servations\",\"tourisme\",\"Turquie\",\"voyagistes\"],\"articleSection\":[\"ECONOMIE\",\"Tunisie\"],\"inLanguage\":\"fr-FR\",\"potentialAction\":[{\"@type\":\"CommentAction\",\"name\":\"Comment\",\"target\":[\"https:\/\/kapitalis.com\/tunisie\/2016\/03\/04\/tourisme-les-reservations-allemandes-sur-la-tunisie-en-chute-de-40\/#respond\"]}]},{\"@type\":\"WebPage\",\"@id\":\"https:\/\/kapitalis.com\/tunisie\/2016\/03\/04\/tourisme-les-reservations-allemandes-sur-la-tunisie-en-chute-de-40\/\",\"url\":\"https:\/\/kapitalis.com\/tunisie\/2016\/03\/04\/tourisme-les-reservations-allemandes-sur-la-tunisie-en-chute-de-40\/\",\"name\":\"Tourisme: Les r\u00e9servations allemandes sur la Tunisie en chute de 40% - Kapitalis\",\"isPartOf\":{\"@id\":\"https:\/\/kapitalis.com\/tunisie\/#website\"},\"primaryImageOfPage\":{\"@id\":\"https:\/\/kapitalis.com\/tunisie\/2016\/03\/04\/tourisme-les-reservations-allemandes-sur-la-tunisie-en-chute-de-40\/#primaryimage\"},\"image\":{\"@id\":\"https:\/\/kapitalis.com\/tunisie\/2016\/03\/04\/tourisme-les-reservations-allemandes-sur-la-tunisie-en-chute-de-40\/#primaryimage\"},\"thumbnailUrl\":\"http:\/\/kapitalis.com\/tunisie\/wp-content\/uploads\/2016\/02\/Tourisme-crise.jpg\",\"datePublished\":\"2016-03-04T07:45:50+00:00\",\"breadcrumb\":{\"@id\":\"https:\/\/kapitalis.com\/tunisie\/2016\/03\/04\/tourisme-les-reservations-allemandes-sur-la-tunisie-en-chute-de-40\/#breadcrumb\"},\"inLanguage\":\"fr-FR\",\"potentialAction\":[{\"@type\":\"ReadAction\",\"target\":[\"https:\/\/kapitalis.com\/tunisie\/2016\/03\/04\/tourisme-les-reservations-allemandes-sur-la-tunisie-en-chute-de-40\/\"]}]},{\"@type\":\"ImageObject\",\"inLanguage\":\"fr-FR\",\"@id\":\"https:\/\/kapitalis.com\/tunisie\/2016\/03\/04\/tourisme-les-reservations-allemandes-sur-la-tunisie-en-chute-de-40\/#primaryimage\",\"url\":\"http:\/\/kapitalis.com\/tunisie\/wp-content\/uploads\/2016\/02\/Tourisme-crise.jpg\",\"contentUrl\":\"http:\/\/kapitalis.com\/tunisie\/wp-content\/uploads\/2016\/02\/Tourisme-crise.jpg\"},{\"@type\":\"BreadcrumbList\",\"@id\":\"https:\/\/kapitalis.com\/tunisie\/2016\/03\/04\/tourisme-les-reservations-allemandes-sur-la-tunisie-en-chute-de-40\/#breadcrumb\",\"itemListElement\":[{\"@type\":\"ListItem\",\"position\":1,\"name\":\"Accueil\",\"item\":\"https:\/\/kapitalis.com\/tunisie\/\"},{\"@type\":\"ListItem\",\"position\":2,\"name\":\"Tourisme: Les r\u00e9servations allemandes sur la Tunisie en chute de 40%\"}]},{\"@type\":\"WebSite\",\"@id\":\"https:\/\/kapitalis.com\/tunisie\/#website\",\"url\":\"https:\/\/kapitalis.com\/tunisie\/\",\"name\":\"Kapitalis\",\"description\":\"L&#039;actualit\u00e9 en Tunisie et dans le monde\",\"publisher\":{\"@id\":\"https:\/\/kapitalis.com\/tunisie\/#organization\"},\"potentialAction\":[{\"@type\":\"SearchAction\",\"target\":{\"@type\":\"EntryPoint\",\"urlTemplate\":\"https:\/\/kapitalis.com\/tunisie\/?s={search_term_string}\"},\"query-input\":{\"@type\":\"PropertyValueSpecification\",\"valueRequired\":true,\"valueName\":\"search_term_string\"}}],\"inLanguage\":\"fr-FR\"},{\"@type\":\"Organization\",\"@id\":\"https:\/\/kapitalis.com\/tunisie\/#organization\",\"name\":\"Kapitalis\",\"url\":\"https:\/\/kapitalis.com\/tunisie\/\",\"logo\":{\"@type\":\"ImageObject\",\"inLanguage\":\"fr-FR\",\"@id\":\"https:\/\/kapitalis.com\/tunisie\/#\/schema\/logo\/image\/\",\"url\":\"https:\/\/kapitalis.com\/tunisie\/wp-content\/uploads\/2022\/05\/Kapitalis-big-size.png\",\"contentUrl\":\"https:\/\/kapitalis.com\/tunisie\/wp-content\/uploads\/2022\/05\/Kapitalis-big-size.png\",\"width\":5000,\"height\":1500,\"caption\":\"Kapitalis\"},\"image\":{\"@id\":\"https:\/\/kapitalis.com\/tunisie\/#\/schema\/logo\/image\/\"},\"sameAs\":[\"https:\/\/www.facebook.com\/KapitalisInfo\/\",\"https:\/\/x.com\/KapitalisInfo\",\"https:\/\/www.youtube.com\/channel\/UC-yDYrHyfFBWWZaOw3FPg9Q\"]},{\"@type\":\"Person\",\"@id\":\"https:\/\/kapitalis.com\/tunisie\/#\/schema\/person\/d71f33a9ca44f7bad4698210b480c8e9\",\"name\":\"webmaster kapitalis\",\"url\":\"https:\/\/kapitalis.com\/tunisie\/author\/webmaster-kapitalis\/\"}]}<\/script>\n<!-- \/ Yoast SEO plugin. -->","yoast_head_json":{"title":"Tourisme: Les r\u00e9servations allemandes sur la Tunisie en chute de 40% - Kapitalis","robots":{"index":"index","follow":"follow","max-snippet":"max-snippet:-1","max-image-preview":"max-image-preview:large","max-video-preview":"max-video-preview:-1"},"canonical":"https:\/\/kapitalis.com\/tunisie\/2016\/03\/04\/tourisme-les-reservations-allemandes-sur-la-tunisie-en-chute-de-40\/","og_locale":"fr_FR","og_type":"article","og_title":"Tourisme: Les r\u00e9servations allemandes sur la Tunisie en chute de 40% - Kapitalis","og_description":"Les r\u00e9servations des touristes allemands sur la Tunisie, l\u2019Egypte et la Turquie pour l\u2019\u00e9t\u00e9 prochain enregistrent une baisse de 40% par rapport \u00e0 l\u2019an dernier.","og_url":"https:\/\/kapitalis.com\/tunisie\/2016\/03\/04\/tourisme-les-reservations-allemandes-sur-la-tunisie-en-chute-de-40\/","og_site_name":"Kapitalis","article_publisher":"https:\/\/www.facebook.com\/KapitalisInfo\/","article_published_time":"2016-03-04T07:45:50+00:00","og_image":[{"url":"http:\/\/kapitalis.com\/tunisie\/wp-content\/uploads\/2016\/02\/Tourisme-crise.jpg","type":"","width":"","height":""}],"author":"webmaster kapitalis","twitter_card":"summary_large_image","twitter_creator":"@KapitalisInfo","twitter_site":"@KapitalisInfo","twitter_misc":{"\u00c9crit par":"webmaster kapitalis","Dur\u00e9e de lecture estim\u00e9e":"1 minute"},"schema":{"@context":"https:\/\/schema.org","@graph":[{"@type":"Article","@id":"https:\/\/kapitalis.com\/tunisie\/2016\/03\/04\/tourisme-les-reservations-allemandes-sur-la-tunisie-en-chute-de-40\/#article","isPartOf":{"@id":"https:\/\/kapitalis.com\/tunisie\/2016\/03\/04\/tourisme-les-reservations-allemandes-sur-la-tunisie-en-chute-de-40\/"},"author":{"name":"webmaster kapitalis","@id":"https:\/\/kapitalis.com\/tunisie\/#\/schema\/person\/d71f33a9ca44f7bad4698210b480c8e9"},"headline":"Tourisme: Les r\u00e9servations allemandes sur la Tunisie en chute de 40%","datePublished":"2016-03-04T07:45:50+00:00","mainEntityOfPage":{"@id":"https:\/\/kapitalis.com\/tunisie\/2016\/03\/04\/tourisme-les-reservations-allemandes-sur-la-tunisie-en-chute-de-40\/"},"wordCount":232,"commentCount":0,"publisher":{"@id":"https:\/\/kapitalis.com\/tunisie\/#organization"},"image":{"@id":"https:\/\/kapitalis.com\/tunisie\/2016\/03\/04\/tourisme-les-reservations-allemandes-sur-la-tunisie-en-chute-de-40\/#primaryimage"},"thumbnailUrl":"http:\/\/kapitalis.com\/tunisie\/wp-content\/uploads\/2016\/02\/Tourisme-crise.jpg","keywords":["Egypte","r\u00e9servations","tourisme","Turquie","voyagistes"],"articleSection":["ECONOMIE","Tunisie"],"inLanguage":"fr-FR","potentialAction":[{"@type":"CommentAction","name":"Comment","target":["https:\/\/kapitalis.com\/tunisie\/2016\/03\/04\/tourisme-les-reservations-allemandes-sur-la-tunisie-en-chute-de-40\/#respond"]}]},{"@type":"WebPage","@id":"https:\/\/kapitalis.com\/tunisie\/2016\/03\/04\/tourisme-les-reservations-allemandes-sur-la-tunisie-en-chute-de-40\/","url":"https:\/\/kapitalis.com\/tunisie\/2016\/03\/04\/tourisme-les-reservations-allemandes-sur-la-tunisie-en-chute-de-40\/","name":"Tourisme: Les r\u00e9servations allemandes sur la Tunisie en chute de 40% - Kapitalis","isPartOf":{"@id":"https:\/\/kapitalis.com\/tunisie\/#website"},"primaryImageOfPage":{"@id":"https:\/\/kapitalis.com\/tunisie\/2016\/03\/04\/tourisme-les-reservations-allemandes-sur-la-tunisie-en-chute-de-40\/#primaryimage"},"image":{"@id":"https:\/\/kapitalis.com\/tunisie\/2016\/03\/04\/tourisme-les-reservations-allemandes-sur-la-tunisie-en-chute-de-40\/#primaryimage"},"thumbnailUrl":"http:\/\/kapitalis.com\/tunisie\/wp-content\/uploads\/2016\/02\/Tourisme-crise.jpg","datePublished":"2016-03-04T07:45:50+00:00","breadcrumb":{"@id":"https:\/\/kapitalis.com\/tunisie\/2016\/03\/04\/tourisme-les-reservations-allemandes-sur-la-tunisie-en-chute-de-40\/#breadcrumb"},"inLanguage":"fr-FR","potentialAction":[{"@type":"ReadAction","target":["https:\/\/kapitalis.com\/tunisie\/2016\/03\/04\/tourisme-les-reservations-allemandes-sur-la-tunisie-en-chute-de-40\/"]}]},{"@type":"ImageObject","inLanguage":"fr-FR","@id":"https:\/\/kapitalis.com\/tunisie\/2016\/03\/04\/tourisme-les-reservations-allemandes-sur-la-tunisie-en-chute-de-40\/#primaryimage","url":"http:\/\/kapitalis.com\/tunisie\/wp-content\/uploads\/2016\/02\/Tourisme-crise.jpg","contentUrl":"http:\/\/kapitalis.com\/tunisie\/wp-content\/uploads\/2016\/02\/Tourisme-crise.jpg"},{"@type":"BreadcrumbList","@id":"https:\/\/kapitalis.com\/tunisie\/2016\/03\/04\/tourisme-les-reservations-allemandes-sur-la-tunisie-en-chute-de-40\/#breadcrumb","itemListElement":[{"@type":"ListItem","position":1,"name":"Accueil","item":"https:\/\/kapitalis.com\/tunisie\/"},{"@type":"ListItem","position":2,"name":"Tourisme: Les r\u00e9servations allemandes sur la Tunisie en chute de 40%"}]},{"@type":"WebSite","@id":"https:\/\/kapitalis.com\/tunisie\/#website","url":"https:\/\/kapitalis.com\/tunisie\/","name":"Kapitalis","description":"L&#039;actualit\u00e9 en Tunisie et dans le monde","publisher":{"@id":"https:\/\/kapitalis.com\/tunisie\/#organization"},"potentialAction":[{"@type":"SearchAction","target":{"@type":"EntryPoint","urlTemplate":"https:\/\/kapitalis.com\/tunisie\/?s={search_term_string}"},"query-input":{"@type":"PropertyValueSpecification","valueRequired":true,"valueName":"search_term_string"}}],"inLanguage":"fr-FR"},{"@type":"Organization","@id":"https:\/\/kapitalis.com\/tunisie\/#organization","name":"Kapitalis","url":"https:\/\/kapitalis.com\/tunisie\/","logo":{"@type":"ImageObject","inLanguage":"fr-FR","@id":"https:\/\/kapitalis.com\/tunisie\/#\/schema\/logo\/image\/","url":"https:\/\/kapitalis.com\/tunisie\/wp-content\/uploads\/2022\/05\/Kapitalis-big-size.png","contentUrl":"https:\/\/kapitalis.com\/tunisie\/wp-content\/uploads\/2022\/05\/Kapitalis-big-size.png","width":5000,"height":1500,"caption":"Kapitalis"},"image":{"@id":"https:\/\/kapitalis.com\/tunisie\/#\/schema\/logo\/image\/"},"sameAs":["https:\/\/www.facebook.com\/KapitalisInfo\/","https:\/\/x.com\/KapitalisInfo","https:\/\/www.youtube.com\/channel\/UC-yDYrHyfFBWWZaOw3FPg9Q"]},{"@type":"Person","@id":"https:\/\/kapitalis.com\/tunisie\/#\/schema\/person\/d71f33a9ca44f7bad4698210b480c8e9","name":"webmaster kapitalis","url":"https:\/\/kapitalis.com\/tunisie\/author\/webmaster-kapitalis\/"}]}},"_links":{"self":[{"href":"https:\/\/kapitalis.com\/tunisie\/wp-json\/wp\/v2\/posts\/42092","targetHints":{"allow":["GET"]}}],"collection":[{"href":"https:\/\/kapitalis.com\/tunisie\/wp-json\/wp\/v2\/posts"}],"about":[{"href":"https:\/\/kapitalis.com\/tunisie\/wp-json\/wp\/v2\/types\/post"}],"author":[{"embeddable":true,"href":"https:\/\/kapitalis.com\/tunisie\/wp-json\/wp\/v2\/users\/8"}],"replies":[{"embeddable":true,"href":"https:\/\/kapitalis.com\/tunisie\/wp-json\/wp\/v2\/comments?post=42092"}],"version-history":[{"count":0,"href":"https:\/\/kapitalis.com\/tunisie\/wp-json\/wp\/v2\/posts\/42092\/revisions"}],"wp:attachment":[{"href":"https:\/\/kapitalis.com\/tunisie\/wp-json\/wp\/v2\/media?parent=42092"}],"wp:term":[{"taxonomy":"category","embeddable":true,"href":"https:\/\/kapitalis.com\/tunisie\/wp-json\/wp\/v2\/categories?post=42092"},{"taxonomy":"post_tag","embeddable":true,"href":"https:\/\/kapitalis.com\/tunisie\/wp-json\/wp\/v2\/tags?post=42092"}],"curies":[{"name":"wp","href":"https:\/\/api.w.org\/{rel}","templated":true}]}}