{"id":4218419,"date":"2022-09-23T09:08:07","date_gmt":"2022-09-23T08:08:07","guid":{"rendered":"https:\/\/kapitalis.com\/tunisie\/?p=4218419"},"modified":"2022-09-23T09:08:08","modified_gmt":"2022-09-23T08:08:08","slug":"tunisie-des-elections-pour-quoi-faire-ou-les-cauchemars-de-farouk-bouasker","status":"publish","type":"post","link":"https:\/\/kapitalis.com\/tunisie\/2022\/09\/23\/tunisie-des-elections-pour-quoi-faire-ou-les-cauchemars-de-farouk-bouasker\/","title":{"rendered":"Tunisie: des \u00e9lections pour quoi faire ou les cauchemars de Farouk Bouasker\u00a0"},"content":{"rendered":"\n<p><strong><em>Il est tout de m\u00eame \u00e9tonnant qu\u2019en Tunisie, un pays soumis \u00e0 la volont\u00e9 d\u2019un seul homme, le pr\u00e9sident Sa\u00efs Sa\u00efed en l\u2019occurrence, certains osent encore parler de d\u00e9mocratie, d\u2019\u00e9lections voire m\u00eame de politique, \u00e0 l\u2019instar de Farouk Bouasker, ci-devant pr\u00e9sident d\u2019une commission \u00e9lectorale que n&rsquo;aurait pas reni\u00e9 feu Ben Ali.<\/em><\/strong> <em>(Illustration: Farouk Bouasker n&rsquo;a \u00e0 rendre compte qu&rsquo;au pr\u00e9sident Ka\u00efs Sa\u00efed). <\/em><\/p>\n\n\n\n<p>Par <strong>Imed Bahri<\/strong> \u00a0<\/p>\n\n\n\n<!--more-->\n\n\n\n<p>En appelant tous ceux qui entendent se pr\u00e9senter aux \u00e9lections l\u00e9gislatives du 17 d\u00e9cembre prochain, \u00e0 commencer d\u00e8s maintenant \u00e0 pr\u00e9parer leurs dossiers, et \u00e0 ne pas attendre la semaine du d\u00e9p\u00f4t des candidatures, \u00e0 la mi-octobre, le chef de l&rsquo;Instance sup\u00e9rieure ind\u00e9pendante pour les Elections (Isie), Farouk Bouasker, fait comme si les candidats allaient se bousculer au portillon. Il sait pourtant que des donn\u00e9es objectives laissent pr\u00e9sager un immense pschitt \u00e0 la hauteur de la m\u00e9galomanie du pr\u00e9sident de la r\u00e9publique, qui n\u2019a pas fait dans la dentelle en promulguant par d\u00e9cret une nouvelle constitution et une nouvelle loi \u00e9lectorale qui vident l\u2019acte m\u00eame de candidature \u00e0 l\u2019Assembl\u00e9e des repr\u00e9sentants du peuple (ARP) de tout int\u00e9r\u00eat.<\/p>\n\n\n\n<h2 class=\"wp-block-heading\">Le boycott se g\u00e9n\u00e9ralise<\/h2>\n\n\n\n<p>M. Bouasker, qui intervenait hier, jeudi 22 septembre 2022, sur Shems FM, a fait comme si ce d\u00e9bat sur l\u2019utilit\u00e9 et la l\u00e9galit\u00e9 de ce scrutin n\u2019existait pas, sachant que la plupart des forces politiques qui comptent dans le pays ont d\u00e9j\u00e0 d\u00e9cid\u00e9 de ne pas y participer et que, m\u00eame pour les m\u00e9diocres et les opportunistes habituels, qui pensent \u00e0 juste titre que ce sera l\u2019occasion ou jamais pour eux de si\u00e9ger sous la coupole du palais du Bardo, le d\u00e9p\u00f4t de candidature ne sera pas une sin\u00e9cure, car ils vont devoir r\u00e9unir 400 parrainages, \u00e0 moiti\u00e9 constitu\u00e9s de femmes et au quart de jeunes, les faire l\u00e9galiser par les autorit\u00e9s concern\u00e9es et financer leurs campagnes par leurs propres deniers, comme le stipule la nouvelle loi \u00e9lectorale. Bonjour donc l\u2019argent sale, le n\u00e9potisme, le clanisme et les petites combines\u2026<\/p>\n\n\n\n<p>Les documents requis pour le d\u00e9p\u00f4t de candidature sont un bulletin n\u00b0 3 ou un re\u00e7u du d\u00e9p\u00f4t de la demande y aff\u00e9rente aupr\u00e8s des autorit\u00e9s, une attestation de paiement de l\u2019imp\u00f4t sur le revenu, une attestation de paiement de la taxe municipale et un certificat de r\u00e9sidence, a cru devoir rappeler M. Bouasker, dont le cauchemar, on l\u2019image, est d\u2019avoir \u00e0 g\u00e9rer une \u00e9lection froide et fade, car sans int\u00e9r\u00eat pour les partis politiques et boycott\u00e9e par l\u2019\u00e9crasante majorit\u00e9 des Tunisiens, dont le taux de participation a toujours \u00e9t\u00e9 tr\u00e8s faible et le taux d\u2019abstention tr\u00e8s fort, comme ce fut le cas lors du r\u00e9f\u00e9rendum constitutionnel du 15 juillet dernier (75%).<\/p>\n\n\n\n<h2 class=\"wp-block-heading\">On ose encore parler d\u2019\u00e9lections<\/h2>\n\n\n\n<p>Tout en admettant que la principale difficult\u00e9 r\u00e9side dans la collecte des 400 parrainages, M. Bouasker a cru aussi devoir appeler les \u00e9ventuels candidats \u00e0 un si improbable scrutin \u00e0 commencer d\u00e8s maintenant \u00e0 pr\u00e9parer leur dossier, trahissant ainsi les inqui\u00e9tudes qui sont les siennes, lui et ses coll\u00e8gues de l\u2019Isie, tous tri\u00e9s sur le volet et nomm\u00e9s par d\u00e9cret pr\u00e9sidentiel. Dans un pays o\u00f9 tous les pouvoirs sont accapar\u00e9s par un chef de l\u2019Etat qui n\u2019\u00e9coute personne, M. Bouasker et ses coll\u00e8gues sont, forc\u00e9ment, soumis aux d\u00e9sid\u00e9ratas et aux\u2026 caprices de ce dernier. <\/p>\n\n\n\n<p>Et on ose encore parler de d\u00e9mocratie, d\u2019\u00e9lections voire m\u00eame de politique dans un pays soumis \u00e0 la volont\u00e9 d\u2019un seul homme.\u00a0<\/p>\n","protected":false},"excerpt":{"rendered":"<p>Le cauchemar de Farouk Bouasker est d\u2019avoir \u00e0 g\u00e9rer une \u00e9lection froide et fade, car sans int\u00e9r\u00eat pour les partis politiques et boycott\u00e9e par l\u2019\u00e9crasante majorit\u00e9 des Tunisiens. <\/p>\n","protected":false},"author":8,"featured_media":1214632,"comment_status":"open","ping_status":"open","sticky":false,"template":"","format":"standard","meta":{"footnotes":""},"categories":[992,997,2433],"tags":[64353,499,9031,99922,62643],"class_list":["post-4218419","post","type-post","status-publish","format-standard","has-post-thumbnail","hentry","category-a-la-une","category-politique","category-tunisie","tag-farouk-bouasker","tag-isie","tag-legislatives","tag-sais-saied","tag-tunisie"],"yoast_head":"<!-- This site is optimized with the Yoast SEO plugin v26.6 - https:\/\/yoast.com\/wordpress\/plugins\/seo\/ -->\n<title>Tunisie: des \u00e9lections pour quoi faire ou les cauchemars de Farouk Bouasker\u00a0 - Kapitalis<\/title>\n<meta name=\"robots\" content=\"index, follow, max-snippet:-1, max-image-preview:large, max-video-preview:-1\" \/>\n<link rel=\"canonical\" href=\"https:\/\/kapitalis.com\/tunisie\/2022\/09\/23\/tunisie-des-elections-pour-quoi-faire-ou-les-cauchemars-de-farouk-bouasker\/\" \/>\n<meta property=\"og:locale\" content=\"fr_FR\" \/>\n<meta property=\"og:type\" content=\"article\" \/>\n<meta property=\"og:title\" content=\"Tunisie: des \u00e9lections pour quoi faire ou les cauchemars de Farouk Bouasker\u00a0 - Kapitalis\" \/>\n<meta property=\"og:description\" content=\"Le cauchemar de Farouk Bouasker est d\u2019avoir \u00e0 g\u00e9rer une \u00e9lection froide et fade, car sans int\u00e9r\u00eat pour les partis politiques et boycott\u00e9e par l\u2019\u00e9crasante majorit\u00e9 des Tunisiens.\" \/>\n<meta property=\"og:url\" content=\"https:\/\/kapitalis.com\/tunisie\/2022\/09\/23\/tunisie-des-elections-pour-quoi-faire-ou-les-cauchemars-de-farouk-bouasker\/\" \/>\n<meta property=\"og:site_name\" content=\"Kapitalis\" \/>\n<meta property=\"article:publisher\" content=\"https:\/\/www.facebook.com\/KapitalisInfo\/\" \/>\n<meta property=\"article:published_time\" content=\"2022-09-23T08:08:07+00:00\" \/>\n<meta property=\"article:modified_time\" content=\"2022-09-23T08:08:08+00:00\" \/>\n<meta property=\"og:image\" content=\"https:\/\/kapitalis.com\/tunisie\/wp-content\/uploads\/2022\/06\/Kais-Saied-Fouad-Bouasker.jpg\" \/>\n\t<meta property=\"og:image:width\" content=\"1200\" \/>\n\t<meta property=\"og:image:height\" content=\"630\" \/>\n\t<meta property=\"og:image:type\" content=\"image\/jpeg\" \/>\n<meta name=\"author\" content=\"webmaster kapitalis\" \/>\n<meta name=\"twitter:card\" content=\"summary_large_image\" \/>\n<meta name=\"twitter:creator\" content=\"@KapitalisInfo\" \/>\n<meta name=\"twitter:site\" content=\"@KapitalisInfo\" \/>\n<meta name=\"twitter:label1\" content=\"\u00c9crit par\" \/>\n\t<meta name=\"twitter:data1\" content=\"webmaster kapitalis\" \/>\n\t<meta name=\"twitter:label2\" content=\"Dur\u00e9e de lecture estim\u00e9e\" \/>\n\t<meta name=\"twitter:data2\" content=\"3 minutes\" \/>\n<script type=\"application\/ld+json\" class=\"yoast-schema-graph\">{\"@context\":\"https:\/\/schema.org\",\"@graph\":[{\"@type\":\"Article\",\"@id\":\"https:\/\/kapitalis.com\/tunisie\/2022\/09\/23\/tunisie-des-elections-pour-quoi-faire-ou-les-cauchemars-de-farouk-bouasker\/#article\",\"isPartOf\":{\"@id\":\"https:\/\/kapitalis.com\/tunisie\/2022\/09\/23\/tunisie-des-elections-pour-quoi-faire-ou-les-cauchemars-de-farouk-bouasker\/\"},\"author\":{\"name\":\"webmaster kapitalis\",\"@id\":\"https:\/\/kapitalis.com\/tunisie\/#\/schema\/person\/d71f33a9ca44f7bad4698210b480c8e9\"},\"headline\":\"Tunisie: des \u00e9lections pour quoi faire ou les cauchemars de Farouk Bouasker\u00a0\",\"datePublished\":\"2022-09-23T08:08:07+00:00\",\"dateModified\":\"2022-09-23T08:08:08+00:00\",\"mainEntityOfPage\":{\"@id\":\"https:\/\/kapitalis.com\/tunisie\/2022\/09\/23\/tunisie-des-elections-pour-quoi-faire-ou-les-cauchemars-de-farouk-bouasker\/\"},\"wordCount\":653,\"commentCount\":4,\"publisher\":{\"@id\":\"https:\/\/kapitalis.com\/tunisie\/#organization\"},\"image\":{\"@id\":\"https:\/\/kapitalis.com\/tunisie\/2022\/09\/23\/tunisie-des-elections-pour-quoi-faire-ou-les-cauchemars-de-farouk-bouasker\/#primaryimage\"},\"thumbnailUrl\":\"https:\/\/kapitalis.com\/tunisie\/wp-content\/uploads\/2022\/06\/Kais-Saied-Fouad-Bouasker.jpg\",\"keywords\":[\"Farouk Bouasker\",\"Isie\",\"l\u00e9gislatives\",\"Sa\u00efs Sa\u00efed\",\"Tunisie\"],\"articleSection\":[\"A LA UNE\",\"POLITIQUE\",\"Tunisie\"],\"inLanguage\":\"fr-FR\",\"potentialAction\":[{\"@type\":\"CommentAction\",\"name\":\"Comment\",\"target\":[\"https:\/\/kapitalis.com\/tunisie\/2022\/09\/23\/tunisie-des-elections-pour-quoi-faire-ou-les-cauchemars-de-farouk-bouasker\/#respond\"]}]},{\"@type\":\"WebPage\",\"@id\":\"https:\/\/kapitalis.com\/tunisie\/2022\/09\/23\/tunisie-des-elections-pour-quoi-faire-ou-les-cauchemars-de-farouk-bouasker\/\",\"url\":\"https:\/\/kapitalis.com\/tunisie\/2022\/09\/23\/tunisie-des-elections-pour-quoi-faire-ou-les-cauchemars-de-farouk-bouasker\/\",\"name\":\"Tunisie: des \u00e9lections pour quoi faire ou les cauchemars de Farouk Bouasker\u00a0 - Kapitalis\",\"isPartOf\":{\"@id\":\"https:\/\/kapitalis.com\/tunisie\/#website\"},\"primaryImageOfPage\":{\"@id\":\"https:\/\/kapitalis.com\/tunisie\/2022\/09\/23\/tunisie-des-elections-pour-quoi-faire-ou-les-cauchemars-de-farouk-bouasker\/#primaryimage\"},\"image\":{\"@id\":\"https:\/\/kapitalis.com\/tunisie\/2022\/09\/23\/tunisie-des-elections-pour-quoi-faire-ou-les-cauchemars-de-farouk-bouasker\/#primaryimage\"},\"thumbnailUrl\":\"https:\/\/kapitalis.com\/tunisie\/wp-content\/uploads\/2022\/06\/Kais-Saied-Fouad-Bouasker.jpg\",\"datePublished\":\"2022-09-23T08:08:07+00:00\",\"dateModified\":\"2022-09-23T08:08:08+00:00\",\"breadcrumb\":{\"@id\":\"https:\/\/kapitalis.com\/tunisie\/2022\/09\/23\/tunisie-des-elections-pour-quoi-faire-ou-les-cauchemars-de-farouk-bouasker\/#breadcrumb\"},\"inLanguage\":\"fr-FR\",\"potentialAction\":[{\"@type\":\"ReadAction\",\"target\":[\"https:\/\/kapitalis.com\/tunisie\/2022\/09\/23\/tunisie-des-elections-pour-quoi-faire-ou-les-cauchemars-de-farouk-bouasker\/\"]}]},{\"@type\":\"ImageObject\",\"inLanguage\":\"fr-FR\",\"@id\":\"https:\/\/kapitalis.com\/tunisie\/2022\/09\/23\/tunisie-des-elections-pour-quoi-faire-ou-les-cauchemars-de-farouk-bouasker\/#primaryimage\",\"url\":\"https:\/\/kapitalis.com\/tunisie\/wp-content\/uploads\/2022\/06\/Kais-Saied-Fouad-Bouasker.jpg\",\"contentUrl\":\"https:\/\/kapitalis.com\/tunisie\/wp-content\/uploads\/2022\/06\/Kais-Saied-Fouad-Bouasker.jpg\",\"width\":1200,\"height\":630},{\"@type\":\"BreadcrumbList\",\"@id\":\"https:\/\/kapitalis.com\/tunisie\/2022\/09\/23\/tunisie-des-elections-pour-quoi-faire-ou-les-cauchemars-de-farouk-bouasker\/#breadcrumb\",\"itemListElement\":[{\"@type\":\"ListItem\",\"position\":1,\"name\":\"Accueil\",\"item\":\"https:\/\/kapitalis.com\/tunisie\/\"},{\"@type\":\"ListItem\",\"position\":2,\"name\":\"Tunisie: des \u00e9lections pour quoi faire ou les cauchemars de Farouk Bouasker\u00a0\"}]},{\"@type\":\"WebSite\",\"@id\":\"https:\/\/kapitalis.com\/tunisie\/#website\",\"url\":\"https:\/\/kapitalis.com\/tunisie\/\",\"name\":\"Kapitalis\",\"description\":\"L&#039;actualit\u00e9 en Tunisie et dans le monde\",\"publisher\":{\"@id\":\"https:\/\/kapitalis.com\/tunisie\/#organization\"},\"potentialAction\":[{\"@type\":\"SearchAction\",\"target\":{\"@type\":\"EntryPoint\",\"urlTemplate\":\"https:\/\/kapitalis.com\/tunisie\/?s={search_term_string}\"},\"query-input\":{\"@type\":\"PropertyValueSpecification\",\"valueRequired\":true,\"valueName\":\"search_term_string\"}}],\"inLanguage\":\"fr-FR\"},{\"@type\":\"Organization\",\"@id\":\"https:\/\/kapitalis.com\/tunisie\/#organization\",\"name\":\"Kapitalis\",\"url\":\"https:\/\/kapitalis.com\/tunisie\/\",\"logo\":{\"@type\":\"ImageObject\",\"inLanguage\":\"fr-FR\",\"@id\":\"https:\/\/kapitalis.com\/tunisie\/#\/schema\/logo\/image\/\",\"url\":\"https:\/\/kapitalis.com\/tunisie\/wp-content\/uploads\/2022\/05\/Kapitalis-big-size.png\",\"contentUrl\":\"https:\/\/kapitalis.com\/tunisie\/wp-content\/uploads\/2022\/05\/Kapitalis-big-size.png\",\"width\":5000,\"height\":1500,\"caption\":\"Kapitalis\"},\"image\":{\"@id\":\"https:\/\/kapitalis.com\/tunisie\/#\/schema\/logo\/image\/\"},\"sameAs\":[\"https:\/\/www.facebook.com\/KapitalisInfo\/\",\"https:\/\/x.com\/KapitalisInfo\",\"https:\/\/www.youtube.com\/channel\/UC-yDYrHyfFBWWZaOw3FPg9Q\"]},{\"@type\":\"Person\",\"@id\":\"https:\/\/kapitalis.com\/tunisie\/#\/schema\/person\/d71f33a9ca44f7bad4698210b480c8e9\",\"name\":\"webmaster kapitalis\",\"url\":\"https:\/\/kapitalis.com\/tunisie\/author\/webmaster-kapitalis\/\"}]}<\/script>\n<!-- \/ Yoast SEO plugin. -->","yoast_head_json":{"title":"Tunisie: des \u00e9lections pour quoi faire ou les cauchemars de Farouk Bouasker\u00a0 - Kapitalis","robots":{"index":"index","follow":"follow","max-snippet":"max-snippet:-1","max-image-preview":"max-image-preview:large","max-video-preview":"max-video-preview:-1"},"canonical":"https:\/\/kapitalis.com\/tunisie\/2022\/09\/23\/tunisie-des-elections-pour-quoi-faire-ou-les-cauchemars-de-farouk-bouasker\/","og_locale":"fr_FR","og_type":"article","og_title":"Tunisie: des \u00e9lections pour quoi faire ou les cauchemars de Farouk Bouasker\u00a0 - Kapitalis","og_description":"Le cauchemar de Farouk Bouasker est d\u2019avoir \u00e0 g\u00e9rer une \u00e9lection froide et fade, car sans int\u00e9r\u00eat pour les partis politiques et boycott\u00e9e par l\u2019\u00e9crasante majorit\u00e9 des Tunisiens.","og_url":"https:\/\/kapitalis.com\/tunisie\/2022\/09\/23\/tunisie-des-elections-pour-quoi-faire-ou-les-cauchemars-de-farouk-bouasker\/","og_site_name":"Kapitalis","article_publisher":"https:\/\/www.facebook.com\/KapitalisInfo\/","article_published_time":"2022-09-23T08:08:07+00:00","article_modified_time":"2022-09-23T08:08:08+00:00","og_image":[{"width":1200,"height":630,"url":"https:\/\/kapitalis.com\/tunisie\/wp-content\/uploads\/2022\/06\/Kais-Saied-Fouad-Bouasker.jpg","type":"image\/jpeg"}],"author":"webmaster kapitalis","twitter_card":"summary_large_image","twitter_creator":"@KapitalisInfo","twitter_site":"@KapitalisInfo","twitter_misc":{"\u00c9crit par":"webmaster kapitalis","Dur\u00e9e de lecture estim\u00e9e":"3 minutes"},"schema":{"@context":"https:\/\/schema.org","@graph":[{"@type":"Article","@id":"https:\/\/kapitalis.com\/tunisie\/2022\/09\/23\/tunisie-des-elections-pour-quoi-faire-ou-les-cauchemars-de-farouk-bouasker\/#article","isPartOf":{"@id":"https:\/\/kapitalis.com\/tunisie\/2022\/09\/23\/tunisie-des-elections-pour-quoi-faire-ou-les-cauchemars-de-farouk-bouasker\/"},"author":{"name":"webmaster kapitalis","@id":"https:\/\/kapitalis.com\/tunisie\/#\/schema\/person\/d71f33a9ca44f7bad4698210b480c8e9"},"headline":"Tunisie: des \u00e9lections pour quoi faire ou les cauchemars de Farouk Bouasker\u00a0","datePublished":"2022-09-23T08:08:07+00:00","dateModified":"2022-09-23T08:08:08+00:00","mainEntityOfPage":{"@id":"https:\/\/kapitalis.com\/tunisie\/2022\/09\/23\/tunisie-des-elections-pour-quoi-faire-ou-les-cauchemars-de-farouk-bouasker\/"},"wordCount":653,"commentCount":4,"publisher":{"@id":"https:\/\/kapitalis.com\/tunisie\/#organization"},"image":{"@id":"https:\/\/kapitalis.com\/tunisie\/2022\/09\/23\/tunisie-des-elections-pour-quoi-faire-ou-les-cauchemars-de-farouk-bouasker\/#primaryimage"},"thumbnailUrl":"https:\/\/kapitalis.com\/tunisie\/wp-content\/uploads\/2022\/06\/Kais-Saied-Fouad-Bouasker.jpg","keywords":["Farouk Bouasker","Isie","l\u00e9gislatives","Sa\u00efs Sa\u00efed","Tunisie"],"articleSection":["A LA UNE","POLITIQUE","Tunisie"],"inLanguage":"fr-FR","potentialAction":[{"@type":"CommentAction","name":"Comment","target":["https:\/\/kapitalis.com\/tunisie\/2022\/09\/23\/tunisie-des-elections-pour-quoi-faire-ou-les-cauchemars-de-farouk-bouasker\/#respond"]}]},{"@type":"WebPage","@id":"https:\/\/kapitalis.com\/tunisie\/2022\/09\/23\/tunisie-des-elections-pour-quoi-faire-ou-les-cauchemars-de-farouk-bouasker\/","url":"https:\/\/kapitalis.com\/tunisie\/2022\/09\/23\/tunisie-des-elections-pour-quoi-faire-ou-les-cauchemars-de-farouk-bouasker\/","name":"Tunisie: des \u00e9lections pour quoi faire ou les cauchemars de Farouk Bouasker\u00a0 - Kapitalis","isPartOf":{"@id":"https:\/\/kapitalis.com\/tunisie\/#website"},"primaryImageOfPage":{"@id":"https:\/\/kapitalis.com\/tunisie\/2022\/09\/23\/tunisie-des-elections-pour-quoi-faire-ou-les-cauchemars-de-farouk-bouasker\/#primaryimage"},"image":{"@id":"https:\/\/kapitalis.com\/tunisie\/2022\/09\/23\/tunisie-des-elections-pour-quoi-faire-ou-les-cauchemars-de-farouk-bouasker\/#primaryimage"},"thumbnailUrl":"https:\/\/kapitalis.com\/tunisie\/wp-content\/uploads\/2022\/06\/Kais-Saied-Fouad-Bouasker.jpg","datePublished":"2022-09-23T08:08:07+00:00","dateModified":"2022-09-23T08:08:08+00:00","breadcrumb":{"@id":"https:\/\/kapitalis.com\/tunisie\/2022\/09\/23\/tunisie-des-elections-pour-quoi-faire-ou-les-cauchemars-de-farouk-bouasker\/#breadcrumb"},"inLanguage":"fr-FR","potentialAction":[{"@type":"ReadAction","target":["https:\/\/kapitalis.com\/tunisie\/2022\/09\/23\/tunisie-des-elections-pour-quoi-faire-ou-les-cauchemars-de-farouk-bouasker\/"]}]},{"@type":"ImageObject","inLanguage":"fr-FR","@id":"https:\/\/kapitalis.com\/tunisie\/2022\/09\/23\/tunisie-des-elections-pour-quoi-faire-ou-les-cauchemars-de-farouk-bouasker\/#primaryimage","url":"https:\/\/kapitalis.com\/tunisie\/wp-content\/uploads\/2022\/06\/Kais-Saied-Fouad-Bouasker.jpg","contentUrl":"https:\/\/kapitalis.com\/tunisie\/wp-content\/uploads\/2022\/06\/Kais-Saied-Fouad-Bouasker.jpg","width":1200,"height":630},{"@type":"BreadcrumbList","@id":"https:\/\/kapitalis.com\/tunisie\/2022\/09\/23\/tunisie-des-elections-pour-quoi-faire-ou-les-cauchemars-de-farouk-bouasker\/#breadcrumb","itemListElement":[{"@type":"ListItem","position":1,"name":"Accueil","item":"https:\/\/kapitalis.com\/tunisie\/"},{"@type":"ListItem","position":2,"name":"Tunisie: des \u00e9lections pour quoi faire ou les cauchemars de Farouk Bouasker\u00a0"}]},{"@type":"WebSite","@id":"https:\/\/kapitalis.com\/tunisie\/#website","url":"https:\/\/kapitalis.com\/tunisie\/","name":"Kapitalis","description":"L&#039;actualit\u00e9 en Tunisie et dans le monde","publisher":{"@id":"https:\/\/kapitalis.com\/tunisie\/#organization"},"potentialAction":[{"@type":"SearchAction","target":{"@type":"EntryPoint","urlTemplate":"https:\/\/kapitalis.com\/tunisie\/?s={search_term_string}"},"query-input":{"@type":"PropertyValueSpecification","valueRequired":true,"valueName":"search_term_string"}}],"inLanguage":"fr-FR"},{"@type":"Organization","@id":"https:\/\/kapitalis.com\/tunisie\/#organization","name":"Kapitalis","url":"https:\/\/kapitalis.com\/tunisie\/","logo":{"@type":"ImageObject","inLanguage":"fr-FR","@id":"https:\/\/kapitalis.com\/tunisie\/#\/schema\/logo\/image\/","url":"https:\/\/kapitalis.com\/tunisie\/wp-content\/uploads\/2022\/05\/Kapitalis-big-size.png","contentUrl":"https:\/\/kapitalis.com\/tunisie\/wp-content\/uploads\/2022\/05\/Kapitalis-big-size.png","width":5000,"height":1500,"caption":"Kapitalis"},"image":{"@id":"https:\/\/kapitalis.com\/tunisie\/#\/schema\/logo\/image\/"},"sameAs":["https:\/\/www.facebook.com\/KapitalisInfo\/","https:\/\/x.com\/KapitalisInfo","https:\/\/www.youtube.com\/channel\/UC-yDYrHyfFBWWZaOw3FPg9Q"]},{"@type":"Person","@id":"https:\/\/kapitalis.com\/tunisie\/#\/schema\/person\/d71f33a9ca44f7bad4698210b480c8e9","name":"webmaster kapitalis","url":"https:\/\/kapitalis.com\/tunisie\/author\/webmaster-kapitalis\/"}]}},"_links":{"self":[{"href":"https:\/\/kapitalis.com\/tunisie\/wp-json\/wp\/v2\/posts\/4218419","targetHints":{"allow":["GET"]}}],"collection":[{"href":"https:\/\/kapitalis.com\/tunisie\/wp-json\/wp\/v2\/posts"}],"about":[{"href":"https:\/\/kapitalis.com\/tunisie\/wp-json\/wp\/v2\/types\/post"}],"author":[{"embeddable":true,"href":"https:\/\/kapitalis.com\/tunisie\/wp-json\/wp\/v2\/users\/8"}],"replies":[{"embeddable":true,"href":"https:\/\/kapitalis.com\/tunisie\/wp-json\/wp\/v2\/comments?post=4218419"}],"version-history":[{"count":0,"href":"https:\/\/kapitalis.com\/tunisie\/wp-json\/wp\/v2\/posts\/4218419\/revisions"}],"wp:featuredmedia":[{"embeddable":true,"href":"https:\/\/kapitalis.com\/tunisie\/wp-json\/wp\/v2\/media\/1214632"}],"wp:attachment":[{"href":"https:\/\/kapitalis.com\/tunisie\/wp-json\/wp\/v2\/media?parent=4218419"}],"wp:term":[{"taxonomy":"category","embeddable":true,"href":"https:\/\/kapitalis.com\/tunisie\/wp-json\/wp\/v2\/categories?post=4218419"},{"taxonomy":"post_tag","embeddable":true,"href":"https:\/\/kapitalis.com\/tunisie\/wp-json\/wp\/v2\/tags?post=4218419"}],"curies":[{"name":"wp","href":"https:\/\/api.w.org\/{rel}","templated":true}]}}