{"id":4218718,"date":"2022-09-23T09:36:29","date_gmt":"2022-09-23T08:36:29","guid":{"rendered":"https:\/\/kapitalis.com\/tunisie\/?p=4218718"},"modified":"2022-09-23T09:36:30","modified_gmt":"2022-09-23T08:36:30","slug":"aram-belhadj-la-hausse-du-taux-directeur-ne-freinera-pas-une-inflation-importee","status":"publish","type":"post","link":"https:\/\/kapitalis.com\/tunisie\/2022\/09\/23\/aram-belhadj-la-hausse-du-taux-directeur-ne-freinera-pas-une-inflation-importee\/","title":{"rendered":"Aram Belhadj\u00a0: \u00abLa hausse du taux directeur ne freinera pas une inflation import\u00e9e\u00bb"},"content":{"rendered":"\n<p><strong><em>L\u2019\u00e9conomiste Aram Belhadj a affirm\u00e9 que, face \u00e0 la poursuite de la hausse du taux d\u2019inflation (8,6% en ao\u00fbt dernier), la Banque centrale de Tunisie pourrait d\u00e9cider une nouvelle augmentation du taux d\u2019int\u00e9r\u00eat directeur sans coordination avec le gouvernement ni explication \u00e0 l\u2019opinion publique.<\/em><\/strong><\/p>\n\n\n\n<!--more-->\n\n\n\n<p>M. Belhadj, qui intervenait dans un appel t\u00e9l\u00e9phonique \u00e0 la Matinale de Shems FM, aujourd&rsquo;hui, vendredi 23 septembre 2022, a appel\u00e9 les responsables de la BCT, au cas o\u00f9 ils d\u00e9cideraient cette augmentation, \u00e0 fournir une explication \u00e0 l\u2019opinion publique sur les raisons et les r\u00e9percussions d\u2019une telle d\u00e9cision.<\/p>\n\n\n\n<p>Tout en avertissant que toute nouvelle augmentation du taux d\u2019int\u00e9r\u00eat directeur affectera n\u00e9gativement le pouvoir d\u2019achat du citoyen et la comp\u00e9titivit\u00e9 de l\u2019entreprise, l\u2019\u00e9conomiste a \u00a0estim\u00e9 que l\u2019augmentation du taux d\u2019int\u00e9r\u00eat directeur n\u2019est pas la meilleure solution pour freiner l\u2019inflation en Tunisie, qui est principalement li\u00e9e \u00e0 des facteurs externes, notamment la hausse g\u00e9n\u00e9rale des prix cons\u00e9cutive \u00e0 la guerre russo- ukrainienne.<\/p>\n\n\n\n<p class=\"has-text-align-right\"><strong>I. B.<\/strong><\/p>\n\n\n\n<figure class=\"wp-block-embed is-type-wp-embed is-provider-kapitalis wp-block-embed-kapitalis\"><div class=\"wp-block-embed__wrapper\">\n<blockquote class=\"wp-embedded-content\" data-secret=\"w6igfkYrEc\"><a href=\"https:\/\/kapitalis.com\/tunisie\/2022\/05\/23\/tunisie-le-relevement-inapproprie-et-douloureux-du-taux-directeur\/\">Tunisie\u00a0: Le rel\u00e8vement inappropri\u00e9 et douloureux du taux directeur<\/a><\/blockquote><iframe loading=\"lazy\" class=\"wp-embedded-content\" sandbox=\"allow-scripts\" security=\"restricted\" style=\"position: absolute; clip: rect(1px, 1px, 1px, 1px);\" title=\"\u00ab\u00a0Tunisie\u00a0: Le rel\u00e8vement inappropri\u00e9 et douloureux du taux directeur\u00a0\u00bb &#8212; Kapitalis\" src=\"https:\/\/kapitalis.com\/tunisie\/2022\/05\/23\/tunisie-le-relevement-inapproprie-et-douloureux-du-taux-directeur\/embed\/#?secret=KkrE0wCNdA#?secret=w6igfkYrEc\" data-secret=\"w6igfkYrEc\" width=\"600\" height=\"338\" frameborder=\"0\" marginwidth=\"0\" marginheight=\"0\" scrolling=\"no\"><\/iframe>\n<\/div><\/figure>\n\n\n\n<figure class=\"wp-block-embed is-type-wp-embed is-provider-kapitalis wp-block-embed-kapitalis\"><div class=\"wp-block-embed__wrapper\">\n<blockquote class=\"wp-embedded-content\" data-secret=\"L7KrzWpJ1C\"><a href=\"https:\/\/kapitalis.com\/tunisie\/2022\/05\/19\/tunisie-la-hausse-du-taux-directeur-quel-impact-sur-les-banques-et-leurs-clients\/\">Tunisie\u00a0: La hausse du taux directeur, quel impact sur les banques\u00a0et leurs clients ?<\/a><\/blockquote><iframe loading=\"lazy\" class=\"wp-embedded-content\" sandbox=\"allow-scripts\" security=\"restricted\" style=\"position: absolute; clip: rect(1px, 1px, 1px, 1px);\" title=\"\u00ab\u00a0Tunisie\u00a0: La hausse du taux directeur, quel impact sur les banques\u00a0et leurs clients ?\u00a0\u00bb &#8212; Kapitalis\" src=\"https:\/\/kapitalis.com\/tunisie\/2022\/05\/19\/tunisie-la-hausse-du-taux-directeur-quel-impact-sur-les-banques-et-leurs-clients\/embed\/#?secret=9zg0iInw8I#?secret=L7KrzWpJ1C\" data-secret=\"L7KrzWpJ1C\" width=\"600\" height=\"338\" frameborder=\"0\" marginwidth=\"0\" marginheight=\"0\" scrolling=\"no\"><\/iframe>\n<\/div><\/figure>\n\n\n\n<figure class=\"wp-block-embed is-type-wp-embed is-provider-kapitalis wp-block-embed-kapitalis\"><div class=\"wp-block-embed__wrapper\">\n<blockquote class=\"wp-embedded-content\" data-secret=\"utm9oQr8ek\"><a href=\"https:\/\/kapitalis.com\/tunisie\/2022\/05\/15\/tunisie-taux-directeur-evitons-le-pire\/\">Tunisie : Taux directeur, \u00e9vitons le pire !<\/a><\/blockquote><iframe loading=\"lazy\" class=\"wp-embedded-content\" sandbox=\"allow-scripts\" security=\"restricted\" style=\"position: absolute; clip: rect(1px, 1px, 1px, 1px);\" title=\"\u00ab\u00a0Tunisie : Taux directeur, \u00e9vitons le pire !\u00a0\u00bb &#8212; Kapitalis\" src=\"https:\/\/kapitalis.com\/tunisie\/2022\/05\/15\/tunisie-taux-directeur-evitons-le-pire\/embed\/#?secret=XgUaI8Td27#?secret=utm9oQr8ek\" data-secret=\"utm9oQr8ek\" width=\"600\" height=\"338\" frameborder=\"0\" marginwidth=\"0\" marginheight=\"0\" scrolling=\"no\"><\/iframe>\n<\/div><\/figure>\n","protected":false},"excerpt":{"rendered":"<p>L\u2019augmentation du taux d\u2019int\u00e9r\u00eat directeur n\u2019est pas la meilleure solution pour freiner l\u2019inflation en Tunisie.<\/p>\n","protected":false},"author":8,"featured_media":4218792,"comment_status":"open","ping_status":"open","sticky":false,"template":"","format":"standard","meta":{"footnotes":""},"categories":[995,2433],"tags":[128,478,3920,62643],"class_list":["post-4218718","post","type-post","status-publish","format-standard","has-post-thumbnail","hentry","category-economie","category-tunisie","tag-banque-centrale","tag-inflation","tag-taux-dinteret-directeur","tag-tunisie"],"yoast_head":"<!-- This site is optimized with the Yoast SEO plugin v26.6 - https:\/\/yoast.com\/wordpress\/plugins\/seo\/ -->\n<title>Aram Belhadj\u00a0: \u00abLa hausse du taux directeur ne freinera pas une inflation import\u00e9e\u00bb - Kapitalis<\/title>\n<meta name=\"robots\" content=\"index, follow, max-snippet:-1, max-image-preview:large, max-video-preview:-1\" \/>\n<link rel=\"canonical\" href=\"https:\/\/kapitalis.com\/tunisie\/2022\/09\/23\/aram-belhadj-la-hausse-du-taux-directeur-ne-freinera-pas-une-inflation-importee\/\" \/>\n<meta property=\"og:locale\" content=\"fr_FR\" \/>\n<meta property=\"og:type\" content=\"article\" \/>\n<meta property=\"og:title\" content=\"Aram Belhadj\u00a0: \u00abLa hausse du taux directeur ne freinera pas une inflation import\u00e9e\u00bb - Kapitalis\" \/>\n<meta property=\"og:description\" content=\"L\u2019augmentation du taux d\u2019int\u00e9r\u00eat directeur n\u2019est pas la meilleure solution pour freiner l\u2019inflation en Tunisie.\" \/>\n<meta property=\"og:url\" content=\"https:\/\/kapitalis.com\/tunisie\/2022\/09\/23\/aram-belhadj-la-hausse-du-taux-directeur-ne-freinera-pas-une-inflation-importee\/\" \/>\n<meta property=\"og:site_name\" content=\"Kapitalis\" \/>\n<meta property=\"article:publisher\" content=\"https:\/\/www.facebook.com\/KapitalisInfo\/\" \/>\n<meta property=\"article:published_time\" content=\"2022-09-23T08:36:29+00:00\" \/>\n<meta property=\"article:modified_time\" content=\"2022-09-23T08:36:30+00:00\" \/>\n<meta property=\"og:image\" content=\"https:\/\/kapitalis.com\/tunisie\/wp-content\/uploads\/2022\/09\/Aram-Belhadj.jpg\" \/>\n\t<meta property=\"og:image:width\" content=\"1200\" \/>\n\t<meta property=\"og:image:height\" content=\"630\" \/>\n\t<meta property=\"og:image:type\" content=\"image\/jpeg\" \/>\n<meta name=\"author\" content=\"webmaster kapitalis\" \/>\n<meta name=\"twitter:card\" content=\"summary_large_image\" \/>\n<meta name=\"twitter:creator\" content=\"@KapitalisInfo\" \/>\n<meta name=\"twitter:site\" content=\"@KapitalisInfo\" \/>\n<meta name=\"twitter:label1\" content=\"\u00c9crit par\" \/>\n\t<meta name=\"twitter:data1\" content=\"webmaster kapitalis\" \/>\n\t<meta name=\"twitter:label2\" content=\"Dur\u00e9e de lecture estim\u00e9e\" \/>\n\t<meta name=\"twitter:data2\" content=\"1 minute\" \/>\n<script type=\"application\/ld+json\" class=\"yoast-schema-graph\">{\"@context\":\"https:\/\/schema.org\",\"@graph\":[{\"@type\":\"Article\",\"@id\":\"https:\/\/kapitalis.com\/tunisie\/2022\/09\/23\/aram-belhadj-la-hausse-du-taux-directeur-ne-freinera-pas-une-inflation-importee\/#article\",\"isPartOf\":{\"@id\":\"https:\/\/kapitalis.com\/tunisie\/2022\/09\/23\/aram-belhadj-la-hausse-du-taux-directeur-ne-freinera-pas-une-inflation-importee\/\"},\"author\":{\"name\":\"webmaster kapitalis\",\"@id\":\"https:\/\/kapitalis.com\/tunisie\/#\/schema\/person\/d71f33a9ca44f7bad4698210b480c8e9\"},\"headline\":\"Aram Belhadj\u00a0: \u00abLa hausse du taux directeur ne freinera pas une inflation import\u00e9e\u00bb\",\"datePublished\":\"2022-09-23T08:36:29+00:00\",\"dateModified\":\"2022-09-23T08:36:30+00:00\",\"mainEntityOfPage\":{\"@id\":\"https:\/\/kapitalis.com\/tunisie\/2022\/09\/23\/aram-belhadj-la-hausse-du-taux-directeur-ne-freinera-pas-une-inflation-importee\/\"},\"wordCount\":209,\"commentCount\":1,\"publisher\":{\"@id\":\"https:\/\/kapitalis.com\/tunisie\/#organization\"},\"image\":{\"@id\":\"https:\/\/kapitalis.com\/tunisie\/2022\/09\/23\/aram-belhadj-la-hausse-du-taux-directeur-ne-freinera-pas-une-inflation-importee\/#primaryimage\"},\"thumbnailUrl\":\"https:\/\/kapitalis.com\/tunisie\/wp-content\/uploads\/2022\/09\/Aram-Belhadj.jpg\",\"keywords\":[\"banque centrale\",\"inflation\",\"taux d'int\u00e9r\u00eat directeur\",\"Tunisie\"],\"articleSection\":[\"ECONOMIE\",\"Tunisie\"],\"inLanguage\":\"fr-FR\",\"potentialAction\":[{\"@type\":\"CommentAction\",\"name\":\"Comment\",\"target\":[\"https:\/\/kapitalis.com\/tunisie\/2022\/09\/23\/aram-belhadj-la-hausse-du-taux-directeur-ne-freinera-pas-une-inflation-importee\/#respond\"]}]},{\"@type\":\"WebPage\",\"@id\":\"https:\/\/kapitalis.com\/tunisie\/2022\/09\/23\/aram-belhadj-la-hausse-du-taux-directeur-ne-freinera-pas-une-inflation-importee\/\",\"url\":\"https:\/\/kapitalis.com\/tunisie\/2022\/09\/23\/aram-belhadj-la-hausse-du-taux-directeur-ne-freinera-pas-une-inflation-importee\/\",\"name\":\"Aram Belhadj\u00a0: \u00abLa hausse du taux directeur ne freinera pas une inflation import\u00e9e\u00bb - Kapitalis\",\"isPartOf\":{\"@id\":\"https:\/\/kapitalis.com\/tunisie\/#website\"},\"primaryImageOfPage\":{\"@id\":\"https:\/\/kapitalis.com\/tunisie\/2022\/09\/23\/aram-belhadj-la-hausse-du-taux-directeur-ne-freinera-pas-une-inflation-importee\/#primaryimage\"},\"image\":{\"@id\":\"https:\/\/kapitalis.com\/tunisie\/2022\/09\/23\/aram-belhadj-la-hausse-du-taux-directeur-ne-freinera-pas-une-inflation-importee\/#primaryimage\"},\"thumbnailUrl\":\"https:\/\/kapitalis.com\/tunisie\/wp-content\/uploads\/2022\/09\/Aram-Belhadj.jpg\",\"datePublished\":\"2022-09-23T08:36:29+00:00\",\"dateModified\":\"2022-09-23T08:36:30+00:00\",\"breadcrumb\":{\"@id\":\"https:\/\/kapitalis.com\/tunisie\/2022\/09\/23\/aram-belhadj-la-hausse-du-taux-directeur-ne-freinera-pas-une-inflation-importee\/#breadcrumb\"},\"inLanguage\":\"fr-FR\",\"potentialAction\":[{\"@type\":\"ReadAction\",\"target\":[\"https:\/\/kapitalis.com\/tunisie\/2022\/09\/23\/aram-belhadj-la-hausse-du-taux-directeur-ne-freinera-pas-une-inflation-importee\/\"]}]},{\"@type\":\"ImageObject\",\"inLanguage\":\"fr-FR\",\"@id\":\"https:\/\/kapitalis.com\/tunisie\/2022\/09\/23\/aram-belhadj-la-hausse-du-taux-directeur-ne-freinera-pas-une-inflation-importee\/#primaryimage\",\"url\":\"https:\/\/kapitalis.com\/tunisie\/wp-content\/uploads\/2022\/09\/Aram-Belhadj.jpg\",\"contentUrl\":\"https:\/\/kapitalis.com\/tunisie\/wp-content\/uploads\/2022\/09\/Aram-Belhadj.jpg\",\"width\":1200,\"height\":630},{\"@type\":\"BreadcrumbList\",\"@id\":\"https:\/\/kapitalis.com\/tunisie\/2022\/09\/23\/aram-belhadj-la-hausse-du-taux-directeur-ne-freinera-pas-une-inflation-importee\/#breadcrumb\",\"itemListElement\":[{\"@type\":\"ListItem\",\"position\":1,\"name\":\"Accueil\",\"item\":\"https:\/\/kapitalis.com\/tunisie\/\"},{\"@type\":\"ListItem\",\"position\":2,\"name\":\"Aram Belhadj\u00a0: \u00abLa hausse du taux directeur ne freinera pas une inflation import\u00e9e\u00bb\"}]},{\"@type\":\"WebSite\",\"@id\":\"https:\/\/kapitalis.com\/tunisie\/#website\",\"url\":\"https:\/\/kapitalis.com\/tunisie\/\",\"name\":\"Kapitalis\",\"description\":\"L&#039;actualit\u00e9 en Tunisie et dans le monde\",\"publisher\":{\"@id\":\"https:\/\/kapitalis.com\/tunisie\/#organization\"},\"potentialAction\":[{\"@type\":\"SearchAction\",\"target\":{\"@type\":\"EntryPoint\",\"urlTemplate\":\"https:\/\/kapitalis.com\/tunisie\/?s={search_term_string}\"},\"query-input\":{\"@type\":\"PropertyValueSpecification\",\"valueRequired\":true,\"valueName\":\"search_term_string\"}}],\"inLanguage\":\"fr-FR\"},{\"@type\":\"Organization\",\"@id\":\"https:\/\/kapitalis.com\/tunisie\/#organization\",\"name\":\"Kapitalis\",\"url\":\"https:\/\/kapitalis.com\/tunisie\/\",\"logo\":{\"@type\":\"ImageObject\",\"inLanguage\":\"fr-FR\",\"@id\":\"https:\/\/kapitalis.com\/tunisie\/#\/schema\/logo\/image\/\",\"url\":\"https:\/\/kapitalis.com\/tunisie\/wp-content\/uploads\/2022\/05\/Kapitalis-big-size.png\",\"contentUrl\":\"https:\/\/kapitalis.com\/tunisie\/wp-content\/uploads\/2022\/05\/Kapitalis-big-size.png\",\"width\":5000,\"height\":1500,\"caption\":\"Kapitalis\"},\"image\":{\"@id\":\"https:\/\/kapitalis.com\/tunisie\/#\/schema\/logo\/image\/\"},\"sameAs\":[\"https:\/\/www.facebook.com\/KapitalisInfo\/\",\"https:\/\/x.com\/KapitalisInfo\",\"https:\/\/www.youtube.com\/channel\/UC-yDYrHyfFBWWZaOw3FPg9Q\"]},{\"@type\":\"Person\",\"@id\":\"https:\/\/kapitalis.com\/tunisie\/#\/schema\/person\/d71f33a9ca44f7bad4698210b480c8e9\",\"name\":\"webmaster kapitalis\",\"url\":\"https:\/\/kapitalis.com\/tunisie\/author\/webmaster-kapitalis\/\"}]}<\/script>\n<!-- \/ Yoast SEO plugin. -->","yoast_head_json":{"title":"Aram Belhadj\u00a0: \u00abLa hausse du taux directeur ne freinera pas une inflation import\u00e9e\u00bb - Kapitalis","robots":{"index":"index","follow":"follow","max-snippet":"max-snippet:-1","max-image-preview":"max-image-preview:large","max-video-preview":"max-video-preview:-1"},"canonical":"https:\/\/kapitalis.com\/tunisie\/2022\/09\/23\/aram-belhadj-la-hausse-du-taux-directeur-ne-freinera-pas-une-inflation-importee\/","og_locale":"fr_FR","og_type":"article","og_title":"Aram Belhadj\u00a0: \u00abLa hausse du taux directeur ne freinera pas une inflation import\u00e9e\u00bb - Kapitalis","og_description":"L\u2019augmentation du taux d\u2019int\u00e9r\u00eat directeur n\u2019est pas la meilleure solution pour freiner l\u2019inflation en Tunisie.","og_url":"https:\/\/kapitalis.com\/tunisie\/2022\/09\/23\/aram-belhadj-la-hausse-du-taux-directeur-ne-freinera-pas-une-inflation-importee\/","og_site_name":"Kapitalis","article_publisher":"https:\/\/www.facebook.com\/KapitalisInfo\/","article_published_time":"2022-09-23T08:36:29+00:00","article_modified_time":"2022-09-23T08:36:30+00:00","og_image":[{"width":1200,"height":630,"url":"https:\/\/kapitalis.com\/tunisie\/wp-content\/uploads\/2022\/09\/Aram-Belhadj.jpg","type":"image\/jpeg"}],"author":"webmaster kapitalis","twitter_card":"summary_large_image","twitter_creator":"@KapitalisInfo","twitter_site":"@KapitalisInfo","twitter_misc":{"\u00c9crit par":"webmaster kapitalis","Dur\u00e9e de lecture estim\u00e9e":"1 minute"},"schema":{"@context":"https:\/\/schema.org","@graph":[{"@type":"Article","@id":"https:\/\/kapitalis.com\/tunisie\/2022\/09\/23\/aram-belhadj-la-hausse-du-taux-directeur-ne-freinera-pas-une-inflation-importee\/#article","isPartOf":{"@id":"https:\/\/kapitalis.com\/tunisie\/2022\/09\/23\/aram-belhadj-la-hausse-du-taux-directeur-ne-freinera-pas-une-inflation-importee\/"},"author":{"name":"webmaster kapitalis","@id":"https:\/\/kapitalis.com\/tunisie\/#\/schema\/person\/d71f33a9ca44f7bad4698210b480c8e9"},"headline":"Aram Belhadj\u00a0: \u00abLa hausse du taux directeur ne freinera pas une inflation import\u00e9e\u00bb","datePublished":"2022-09-23T08:36:29+00:00","dateModified":"2022-09-23T08:36:30+00:00","mainEntityOfPage":{"@id":"https:\/\/kapitalis.com\/tunisie\/2022\/09\/23\/aram-belhadj-la-hausse-du-taux-directeur-ne-freinera-pas-une-inflation-importee\/"},"wordCount":209,"commentCount":1,"publisher":{"@id":"https:\/\/kapitalis.com\/tunisie\/#organization"},"image":{"@id":"https:\/\/kapitalis.com\/tunisie\/2022\/09\/23\/aram-belhadj-la-hausse-du-taux-directeur-ne-freinera-pas-une-inflation-importee\/#primaryimage"},"thumbnailUrl":"https:\/\/kapitalis.com\/tunisie\/wp-content\/uploads\/2022\/09\/Aram-Belhadj.jpg","keywords":["banque centrale","inflation","taux d'int\u00e9r\u00eat directeur","Tunisie"],"articleSection":["ECONOMIE","Tunisie"],"inLanguage":"fr-FR","potentialAction":[{"@type":"CommentAction","name":"Comment","target":["https:\/\/kapitalis.com\/tunisie\/2022\/09\/23\/aram-belhadj-la-hausse-du-taux-directeur-ne-freinera-pas-une-inflation-importee\/#respond"]}]},{"@type":"WebPage","@id":"https:\/\/kapitalis.com\/tunisie\/2022\/09\/23\/aram-belhadj-la-hausse-du-taux-directeur-ne-freinera-pas-une-inflation-importee\/","url":"https:\/\/kapitalis.com\/tunisie\/2022\/09\/23\/aram-belhadj-la-hausse-du-taux-directeur-ne-freinera-pas-une-inflation-importee\/","name":"Aram Belhadj\u00a0: \u00abLa hausse du taux directeur ne freinera pas une inflation import\u00e9e\u00bb - Kapitalis","isPartOf":{"@id":"https:\/\/kapitalis.com\/tunisie\/#website"},"primaryImageOfPage":{"@id":"https:\/\/kapitalis.com\/tunisie\/2022\/09\/23\/aram-belhadj-la-hausse-du-taux-directeur-ne-freinera-pas-une-inflation-importee\/#primaryimage"},"image":{"@id":"https:\/\/kapitalis.com\/tunisie\/2022\/09\/23\/aram-belhadj-la-hausse-du-taux-directeur-ne-freinera-pas-une-inflation-importee\/#primaryimage"},"thumbnailUrl":"https:\/\/kapitalis.com\/tunisie\/wp-content\/uploads\/2022\/09\/Aram-Belhadj.jpg","datePublished":"2022-09-23T08:36:29+00:00","dateModified":"2022-09-23T08:36:30+00:00","breadcrumb":{"@id":"https:\/\/kapitalis.com\/tunisie\/2022\/09\/23\/aram-belhadj-la-hausse-du-taux-directeur-ne-freinera-pas-une-inflation-importee\/#breadcrumb"},"inLanguage":"fr-FR","potentialAction":[{"@type":"ReadAction","target":["https:\/\/kapitalis.com\/tunisie\/2022\/09\/23\/aram-belhadj-la-hausse-du-taux-directeur-ne-freinera-pas-une-inflation-importee\/"]}]},{"@type":"ImageObject","inLanguage":"fr-FR","@id":"https:\/\/kapitalis.com\/tunisie\/2022\/09\/23\/aram-belhadj-la-hausse-du-taux-directeur-ne-freinera-pas-une-inflation-importee\/#primaryimage","url":"https:\/\/kapitalis.com\/tunisie\/wp-content\/uploads\/2022\/09\/Aram-Belhadj.jpg","contentUrl":"https:\/\/kapitalis.com\/tunisie\/wp-content\/uploads\/2022\/09\/Aram-Belhadj.jpg","width":1200,"height":630},{"@type":"BreadcrumbList","@id":"https:\/\/kapitalis.com\/tunisie\/2022\/09\/23\/aram-belhadj-la-hausse-du-taux-directeur-ne-freinera-pas-une-inflation-importee\/#breadcrumb","itemListElement":[{"@type":"ListItem","position":1,"name":"Accueil","item":"https:\/\/kapitalis.com\/tunisie\/"},{"@type":"ListItem","position":2,"name":"Aram Belhadj\u00a0: \u00abLa hausse du taux directeur ne freinera pas une inflation import\u00e9e\u00bb"}]},{"@type":"WebSite","@id":"https:\/\/kapitalis.com\/tunisie\/#website","url":"https:\/\/kapitalis.com\/tunisie\/","name":"Kapitalis","description":"L&#039;actualit\u00e9 en Tunisie et dans le monde","publisher":{"@id":"https:\/\/kapitalis.com\/tunisie\/#organization"},"potentialAction":[{"@type":"SearchAction","target":{"@type":"EntryPoint","urlTemplate":"https:\/\/kapitalis.com\/tunisie\/?s={search_term_string}"},"query-input":{"@type":"PropertyValueSpecification","valueRequired":true,"valueName":"search_term_string"}}],"inLanguage":"fr-FR"},{"@type":"Organization","@id":"https:\/\/kapitalis.com\/tunisie\/#organization","name":"Kapitalis","url":"https:\/\/kapitalis.com\/tunisie\/","logo":{"@type":"ImageObject","inLanguage":"fr-FR","@id":"https:\/\/kapitalis.com\/tunisie\/#\/schema\/logo\/image\/","url":"https:\/\/kapitalis.com\/tunisie\/wp-content\/uploads\/2022\/05\/Kapitalis-big-size.png","contentUrl":"https:\/\/kapitalis.com\/tunisie\/wp-content\/uploads\/2022\/05\/Kapitalis-big-size.png","width":5000,"height":1500,"caption":"Kapitalis"},"image":{"@id":"https:\/\/kapitalis.com\/tunisie\/#\/schema\/logo\/image\/"},"sameAs":["https:\/\/www.facebook.com\/KapitalisInfo\/","https:\/\/x.com\/KapitalisInfo","https:\/\/www.youtube.com\/channel\/UC-yDYrHyfFBWWZaOw3FPg9Q"]},{"@type":"Person","@id":"https:\/\/kapitalis.com\/tunisie\/#\/schema\/person\/d71f33a9ca44f7bad4698210b480c8e9","name":"webmaster kapitalis","url":"https:\/\/kapitalis.com\/tunisie\/author\/webmaster-kapitalis\/"}]}},"_links":{"self":[{"href":"https:\/\/kapitalis.com\/tunisie\/wp-json\/wp\/v2\/posts\/4218718","targetHints":{"allow":["GET"]}}],"collection":[{"href":"https:\/\/kapitalis.com\/tunisie\/wp-json\/wp\/v2\/posts"}],"about":[{"href":"https:\/\/kapitalis.com\/tunisie\/wp-json\/wp\/v2\/types\/post"}],"author":[{"embeddable":true,"href":"https:\/\/kapitalis.com\/tunisie\/wp-json\/wp\/v2\/users\/8"}],"replies":[{"embeddable":true,"href":"https:\/\/kapitalis.com\/tunisie\/wp-json\/wp\/v2\/comments?post=4218718"}],"version-history":[{"count":0,"href":"https:\/\/kapitalis.com\/tunisie\/wp-json\/wp\/v2\/posts\/4218718\/revisions"}],"wp:featuredmedia":[{"embeddable":true,"href":"https:\/\/kapitalis.com\/tunisie\/wp-json\/wp\/v2\/media\/4218792"}],"wp:attachment":[{"href":"https:\/\/kapitalis.com\/tunisie\/wp-json\/wp\/v2\/media?parent=4218718"}],"wp:term":[{"taxonomy":"category","embeddable":true,"href":"https:\/\/kapitalis.com\/tunisie\/wp-json\/wp\/v2\/categories?post=4218718"},{"taxonomy":"post_tag","embeddable":true,"href":"https:\/\/kapitalis.com\/tunisie\/wp-json\/wp\/v2\/tags?post=4218718"}],"curies":[{"name":"wp","href":"https:\/\/api.w.org\/{rel}","templated":true}]}}