{"id":4219642,"date":"2022-09-23T11:09:26","date_gmt":"2022-09-23T10:09:26","guid":{"rendered":"https:\/\/kapitalis.com\/tunisie\/?p=4219642"},"modified":"2022-09-24T12:05:26","modified_gmt":"2022-09-24T11:05:26","slug":"tunisie-seifeddine-erraies-le-jihadiste-que-jai-croise","status":"publish","type":"post","link":"https:\/\/kapitalis.com\/tunisie\/2022\/09\/23\/tunisie-seifeddine-erraies-le-jihadiste-que-jai-croise\/","title":{"rendered":"Tunisie\u00a0: Se\u00effeddine Erra\u00efes, le jihadiste \u00a0que j\u2019ai crois\u00e9"},"content":{"rendered":"\n<p><strong><em>Mandat de d\u00e9p\u00f4t contre <a href=\"https:\/\/kapitalis.com\/tunisie\/2022\/09\/22\/me-harrath-mandat-de-depot-contre-seifeddine-raies-ansar-charia\/\" target=\"_blank\" rel=\"noreferrer noopener\">Se\u00effeddine Erra\u00efes<\/a> dans le cadre de l\u2019affaire des r\u00e9seaux d\u2019envoi des Tunisiens pour le jihad dans les zones de conflits. Franchement, si ce type-l\u00e0 se tire de cette affaire, nous devrons d\u00e9finitivement acqu\u00e9rir la conviction que nos terroristes ne payeront jamais pour ce qu\u2019ils ont fait.<\/em><\/strong> <em>(Illustration: Se\u00effeddine Erra\u00efes avant et apr\u00e8s: les m\u00e9tamorphoses d&rsquo;un jihadiste).<\/em><\/p>\n\n\n\n<p>Par <strong>Mohamed Sadok Lejri<\/strong> *<\/p>\n\n\n\n<!--more-->\n\n\n<div class=\"wp-block-image\">\n<figure class=\"alignleft size-full\"><img decoding=\"async\" src=\"http:\/\/kapitalis.com\/tunisie\/wp-content\/uploads\/2021\/08\/Mohamed-Sadok-Lejri-1.jpg\" alt=\"\" class=\"wp-image-358589\"\/><\/figure>\n<\/div>\n\n\n<p>Cet homme, ancien porte-parole de Ansar Charia, a jou\u00e9 un r\u00f4le tr\u00e8s important dans la profusion des tentes de pr\u00e9dication mises en place par cette organisation terroriste et dans l\u2019endoctrinement des jeunes des quartiers populaires de Tunis, qu\u2019il embrigadait \u00e0 tour de bras.<\/p>\n\n\n\n<p>J\u2019ai personnellement assist\u00e9 un jour \u00e0 l\u2019un de ses discours prononc\u00e9s lors d\u2019une assembl\u00e9e publique tenue \u00e0 Hay Ettadhamen, \u00e0 la lisi\u00e8re ouest de Tunis, et plus pr\u00e9cis\u00e9ment dans un terrain de foot laiss\u00e9 \u00e0 l\u2019abandon et am\u00e9nag\u00e9 \u00e0 l\u2019occasion de ce sinistre \u00e9v\u00e9nement.<\/p>\n\n\n\n<h2 class=\"wp-block-heading\">D\u00e9linquance, trafic de stup\u00e9fiants et jihad<\/h2>\n\n\n\n<p>Le terrain en question se trouve dans un quartier sensible d\u2019Ettadhamen o\u00f9 r\u00e8gne la d\u00e9linquance, le trafic de stup\u00e9fiants et qui s\u2019appelle Houmet El Jabbena.<\/p>\n\n\n\n<p>Se\u00effeddine Erra\u00efes n\u2019habitait pas ce secteur; il venait de Jebel Lahmar si ma m\u00e9moire ne me trahit pas, mais les jeunes de Hay Ettadhamen et des quartiers environnants (El-Joumhouriya, Douar Hicher, El-Intilaka, M\u2019nihla, etc.) \u00e9taient fascin\u00e9s par ce jeune pr\u00e9dicateur et buvaient ses paroles, alors qu\u2019il \u00e9tait anim\u00e9 d\u2019une haine implacable et pr\u00f4nait ouvertement le jihad arm\u00e9.<\/p>\n\n\n\n<figure class=\"wp-block-embed is-type-wp-embed is-provider-kapitalis wp-block-embed-kapitalis\"><div class=\"wp-block-embed__wrapper\">\n<blockquote class=\"wp-embedded-content\" data-secret=\"YknruGGFCO\"><a href=\"https:\/\/kapitalis.com\/tunisie\/2022\/09\/22\/me-harrath-mandat-de-depot-contre-seifeddine-raies-ansar-charia\/\">Me Harrath : Mandat de d\u00e9p\u00f4t contre Seifeddine Ra\u00efes (Ansar Charia)<\/a><\/blockquote><iframe loading=\"lazy\" class=\"wp-embedded-content\" sandbox=\"allow-scripts\" security=\"restricted\" style=\"position: absolute; clip: rect(1px, 1px, 1px, 1px);\" title=\"\u00ab\u00a0Me Harrath : Mandat de d\u00e9p\u00f4t contre Seifeddine Ra\u00efes (Ansar Charia)\u00a0\u00bb &#8212; Kapitalis\" src=\"https:\/\/kapitalis.com\/tunisie\/2022\/09\/22\/me-harrath-mandat-de-depot-contre-seifeddine-raies-ansar-charia\/embed\/#?secret=YoXldzfQjb#?secret=YknruGGFCO\" data-secret=\"YknruGGFCO\" width=\"600\" height=\"338\" frameborder=\"0\" marginwidth=\"0\" marginheight=\"0\" scrolling=\"no\"><\/iframe>\n<\/div><\/figure>\n\n\n\n<p>Se\u00effeddine Erra\u00efs et le salafisme jihadiste d\u2019une fa\u00e7on g\u00e9n\u00e9rale suscitaient en ces jeunes un sentiment d\u2019admiration m\u00eal\u00e9 de crainte.&nbsp;&nbsp;&nbsp;&nbsp;<\/p>\n\n\n\n<p>En effet, lorsque j\u2019ai voulu en savoir davantage sur lui et sur les salafistes qui lui servaient de compagnons et qui ne le quittaient presque jamais, les habitants de ces quartiers m\u2019ont fait comprendre que j\u2019\u00e9tais en train de jouer avec le feu; je me suis but\u00e9 \u00e0 une sorte d\u2019omerta.<\/p>\n\n\n\n<p>Il serait utile de mentionner que tous les quartiers susnomm\u00e9s, a fortiori Hay Ettadhamen, \u00e9taient quadrill\u00e9s par le parti Ennahdha, au pouvoir en ces ann\u00e9es 2012-2014, et, dans une mesure beaucoup moins importante, par Hizb Ettahrir.<\/p>\n\n\n\n<h2 class=\"wp-block-heading\">Ennahdha laissait faire et veillait au grain &nbsp;<\/h2>\n\n\n\n<p>Par cons\u00e9quent, \u00e0 l\u2019\u00e9poque, rien ne se faisait dans ces quartiers populaires de Tunis-Ouest sans l\u2019approbation du parti islamiste tunisien. Celui qui voulait organiser quelque chose \u00e0 Ettadhamen devait pr\u00e9venir le bureau d\u2019Ennahdha avant de demander quoi que ce soit \u00e0 la municipalit\u00e9 et aux fonctionnaires qui rel\u00e8vent du minist\u00e8re de l\u2019Int\u00e9rieur.<\/p>\n\n\n\n<p>Maintenant, quand je vois les leaders d\u2019Ennahdha jouer aux vierges effarouch\u00e9es et <a href=\"https:\/\/kapitalis.com\/tunisie\/2015\/10\/10\/seifeddine-errais-en-master-de-langue-arabe-a-kairouan\/\" target=\"_blank\" rel=\"noreferrer noopener\">Se\u00effeddine Makhlouf <\/a>en train de magnifier Se\u00effeddine Erra\u00efes, arguant qu&rsquo;il s&rsquo;appr\u00eatait \u00e0 soutenir sa th\u00e8se de doctorat&#8230; je ris doucement et me pose des questions sur l&rsquo;imp\u00e9ritie de notre syst\u00e8me \u00e9ducatif.<\/p>\n\n\n\n<p>La prochaine fois, je vous parlerai d\u2019un salafiste jihadiste tr\u00e8s dangereux, un type que beaucoup de Tunisiens connaissent, qui a \u00e0 peu pr\u00e8s le m\u00eame \u00e2ge que Se\u00effeddine Erra\u00efes, qui m\u00e8ne un train de vie des plus fastueux dans un pays \u00e9tranger et qui s\u2019est fait des ouilles en or gr\u00e2ce aux contingents de jihadistes (hommes et femmes) qu\u2019il exp\u00e9diait en Syrie.<\/p>\n\n\n\n<p>*<em>Universitaire.<\/em><\/p>\n\n\n\n<figure class=\"wp-block-embed is-type-wp-embed is-provider-kapitalis wp-block-embed-kapitalis\"><div class=\"wp-block-embed__wrapper\">\n<blockquote class=\"wp-embedded-content\" data-secret=\"mJ8VprcZty\"><a href=\"https:\/\/kapitalis.com\/tunisie\/2015\/10\/10\/seifeddine-errais-en-master-de-langue-arabe-a-kairouan\/\">Seifeddine Erra\u00efs en master de langue arabe \u00e0 Kairouan<\/a><\/blockquote><iframe loading=\"lazy\" class=\"wp-embedded-content\" sandbox=\"allow-scripts\" security=\"restricted\" style=\"position: absolute; clip: rect(1px, 1px, 1px, 1px);\" title=\"\u00ab\u00a0Seifeddine Erra\u00efs en master de langue arabe \u00e0 Kairouan\u00a0\u00bb &#8212; Kapitalis\" src=\"https:\/\/kapitalis.com\/tunisie\/2015\/10\/10\/seifeddine-errais-en-master-de-langue-arabe-a-kairouan\/embed\/#?secret=BYhiCn8I9H#?secret=mJ8VprcZty\" data-secret=\"mJ8VprcZty\" width=\"600\" height=\"338\" frameborder=\"0\" marginwidth=\"0\" marginheight=\"0\" scrolling=\"no\"><\/iframe>\n<\/div><\/figure>\n","protected":false},"excerpt":{"rendered":"<p>Franchement, si Se\u00effeddine Erra\u00efes, se tire de cette affaire, nous devrons d\u00e9finitivement acqu\u00e9rir la conviction que nos terroristes ne payeront jamais pour ce qu\u2019ils ont fait.<\/p>\n","protected":false},"author":8,"featured_media":4219694,"comment_status":"open","ping_status":"open","sticky":false,"template":"","format":"standard","meta":{"footnotes":""},"categories":[992,997,1000,2433],"tags":[1937,49543,8457,1753,83591,103034,80752,62643],"class_list":["post-4219642","post","type-post","status-publish","format-standard","has-post-thumbnail","hentry","category-a-la-une","category-politique","category-tribune","category-tunisie","tag-ansar-charia","tag-ennahdha","tag-ettadhamen","tag-jihad","tag-mohamed-sadok-lejri","tag-seifeddine-erraies","tag-seifeddine-makhlouf-2","tag-tunisie"],"yoast_head":"<!-- This site is optimized with the Yoast SEO plugin v26.6 - https:\/\/yoast.com\/wordpress\/plugins\/seo\/ -->\n<title>Tunisie\u00a0: Se\u00effeddine Erra\u00efes, le jihadiste \u00a0que j\u2019ai crois\u00e9 - Kapitalis<\/title>\n<meta name=\"robots\" content=\"index, follow, max-snippet:-1, max-image-preview:large, max-video-preview:-1\" \/>\n<link rel=\"canonical\" href=\"https:\/\/kapitalis.com\/tunisie\/2022\/09\/23\/tunisie-seifeddine-erraies-le-jihadiste-que-jai-croise\/\" \/>\n<meta property=\"og:locale\" content=\"fr_FR\" \/>\n<meta property=\"og:type\" content=\"article\" \/>\n<meta property=\"og:title\" content=\"Tunisie\u00a0: Se\u00effeddine Erra\u00efes, le jihadiste \u00a0que j\u2019ai crois\u00e9 - Kapitalis\" \/>\n<meta property=\"og:description\" content=\"Franchement, si Se\u00effeddine Erra\u00efes, se tire de cette affaire, nous devrons d\u00e9finitivement acqu\u00e9rir la conviction que nos terroristes ne payeront jamais pour ce qu\u2019ils ont fait.\" \/>\n<meta property=\"og:url\" content=\"https:\/\/kapitalis.com\/tunisie\/2022\/09\/23\/tunisie-seifeddine-erraies-le-jihadiste-que-jai-croise\/\" \/>\n<meta property=\"og:site_name\" content=\"Kapitalis\" \/>\n<meta property=\"article:publisher\" content=\"https:\/\/www.facebook.com\/KapitalisInfo\/\" \/>\n<meta property=\"article:published_time\" content=\"2022-09-23T10:09:26+00:00\" \/>\n<meta property=\"article:modified_time\" content=\"2022-09-24T11:05:26+00:00\" \/>\n<meta property=\"og:image\" content=\"https:\/\/kapitalis.com\/tunisie\/wp-content\/uploads\/2022\/09\/Seifeddine-Erraies.jpg\" \/>\n\t<meta property=\"og:image:width\" content=\"1200\" \/>\n\t<meta property=\"og:image:height\" content=\"630\" \/>\n\t<meta property=\"og:image:type\" content=\"image\/jpeg\" \/>\n<meta name=\"author\" content=\"webmaster kapitalis\" \/>\n<meta name=\"twitter:card\" content=\"summary_large_image\" \/>\n<meta name=\"twitter:creator\" content=\"@KapitalisInfo\" \/>\n<meta name=\"twitter:site\" content=\"@KapitalisInfo\" \/>\n<meta name=\"twitter:label1\" content=\"\u00c9crit par\" \/>\n\t<meta name=\"twitter:data1\" content=\"webmaster kapitalis\" \/>\n\t<meta name=\"twitter:label2\" content=\"Dur\u00e9e de lecture estim\u00e9e\" \/>\n\t<meta name=\"twitter:data2\" content=\"3 minutes\" \/>\n<script type=\"application\/ld+json\" class=\"yoast-schema-graph\">{\"@context\":\"https:\/\/schema.org\",\"@graph\":[{\"@type\":\"Article\",\"@id\":\"https:\/\/kapitalis.com\/tunisie\/2022\/09\/23\/tunisie-seifeddine-erraies-le-jihadiste-que-jai-croise\/#article\",\"isPartOf\":{\"@id\":\"https:\/\/kapitalis.com\/tunisie\/2022\/09\/23\/tunisie-seifeddine-erraies-le-jihadiste-que-jai-croise\/\"},\"author\":{\"name\":\"webmaster kapitalis\",\"@id\":\"https:\/\/kapitalis.com\/tunisie\/#\/schema\/person\/d71f33a9ca44f7bad4698210b480c8e9\"},\"headline\":\"Tunisie\u00a0: Se\u00effeddine Erra\u00efes, le jihadiste \u00a0que j\u2019ai crois\u00e9\",\"datePublished\":\"2022-09-23T10:09:26+00:00\",\"dateModified\":\"2022-09-24T11:05:26+00:00\",\"mainEntityOfPage\":{\"@id\":\"https:\/\/kapitalis.com\/tunisie\/2022\/09\/23\/tunisie-seifeddine-erraies-le-jihadiste-que-jai-croise\/\"},\"wordCount\":616,\"commentCount\":2,\"publisher\":{\"@id\":\"https:\/\/kapitalis.com\/tunisie\/#organization\"},\"image\":{\"@id\":\"https:\/\/kapitalis.com\/tunisie\/2022\/09\/23\/tunisie-seifeddine-erraies-le-jihadiste-que-jai-croise\/#primaryimage\"},\"thumbnailUrl\":\"https:\/\/kapitalis.com\/tunisie\/wp-content\/uploads\/2022\/09\/Seifeddine-Erraies.jpg\",\"keywords\":[\"Ansar Charia\",\"Ennahdha\",\"Ettadhamen\",\"jihad\",\"Mohamed Sadok Lejri\",\"Se\u00effeddine Erra\u00efes\",\"Se\u00effeddine Makhlouf\",\"Tunisie\"],\"articleSection\":[\"A LA UNE\",\"POLITIQUE\",\"TRIBUNE\",\"Tunisie\"],\"inLanguage\":\"fr-FR\",\"potentialAction\":[{\"@type\":\"CommentAction\",\"name\":\"Comment\",\"target\":[\"https:\/\/kapitalis.com\/tunisie\/2022\/09\/23\/tunisie-seifeddine-erraies-le-jihadiste-que-jai-croise\/#respond\"]}]},{\"@type\":\"WebPage\",\"@id\":\"https:\/\/kapitalis.com\/tunisie\/2022\/09\/23\/tunisie-seifeddine-erraies-le-jihadiste-que-jai-croise\/\",\"url\":\"https:\/\/kapitalis.com\/tunisie\/2022\/09\/23\/tunisie-seifeddine-erraies-le-jihadiste-que-jai-croise\/\",\"name\":\"Tunisie\u00a0: Se\u00effeddine Erra\u00efes, le jihadiste \u00a0que j\u2019ai crois\u00e9 - Kapitalis\",\"isPartOf\":{\"@id\":\"https:\/\/kapitalis.com\/tunisie\/#website\"},\"primaryImageOfPage\":{\"@id\":\"https:\/\/kapitalis.com\/tunisie\/2022\/09\/23\/tunisie-seifeddine-erraies-le-jihadiste-que-jai-croise\/#primaryimage\"},\"image\":{\"@id\":\"https:\/\/kapitalis.com\/tunisie\/2022\/09\/23\/tunisie-seifeddine-erraies-le-jihadiste-que-jai-croise\/#primaryimage\"},\"thumbnailUrl\":\"https:\/\/kapitalis.com\/tunisie\/wp-content\/uploads\/2022\/09\/Seifeddine-Erraies.jpg\",\"datePublished\":\"2022-09-23T10:09:26+00:00\",\"dateModified\":\"2022-09-24T11:05:26+00:00\",\"breadcrumb\":{\"@id\":\"https:\/\/kapitalis.com\/tunisie\/2022\/09\/23\/tunisie-seifeddine-erraies-le-jihadiste-que-jai-croise\/#breadcrumb\"},\"inLanguage\":\"fr-FR\",\"potentialAction\":[{\"@type\":\"ReadAction\",\"target\":[\"https:\/\/kapitalis.com\/tunisie\/2022\/09\/23\/tunisie-seifeddine-erraies-le-jihadiste-que-jai-croise\/\"]}]},{\"@type\":\"ImageObject\",\"inLanguage\":\"fr-FR\",\"@id\":\"https:\/\/kapitalis.com\/tunisie\/2022\/09\/23\/tunisie-seifeddine-erraies-le-jihadiste-que-jai-croise\/#primaryimage\",\"url\":\"https:\/\/kapitalis.com\/tunisie\/wp-content\/uploads\/2022\/09\/Seifeddine-Erraies.jpg\",\"contentUrl\":\"https:\/\/kapitalis.com\/tunisie\/wp-content\/uploads\/2022\/09\/Seifeddine-Erraies.jpg\",\"width\":1200,\"height\":630},{\"@type\":\"BreadcrumbList\",\"@id\":\"https:\/\/kapitalis.com\/tunisie\/2022\/09\/23\/tunisie-seifeddine-erraies-le-jihadiste-que-jai-croise\/#breadcrumb\",\"itemListElement\":[{\"@type\":\"ListItem\",\"position\":1,\"name\":\"Accueil\",\"item\":\"https:\/\/kapitalis.com\/tunisie\/\"},{\"@type\":\"ListItem\",\"position\":2,\"name\":\"Tunisie\u00a0: Se\u00effeddine Erra\u00efes, le jihadiste \u00a0que j\u2019ai crois\u00e9\"}]},{\"@type\":\"WebSite\",\"@id\":\"https:\/\/kapitalis.com\/tunisie\/#website\",\"url\":\"https:\/\/kapitalis.com\/tunisie\/\",\"name\":\"Kapitalis\",\"description\":\"L&#039;actualit\u00e9 en Tunisie et dans le monde\",\"publisher\":{\"@id\":\"https:\/\/kapitalis.com\/tunisie\/#organization\"},\"potentialAction\":[{\"@type\":\"SearchAction\",\"target\":{\"@type\":\"EntryPoint\",\"urlTemplate\":\"https:\/\/kapitalis.com\/tunisie\/?s={search_term_string}\"},\"query-input\":{\"@type\":\"PropertyValueSpecification\",\"valueRequired\":true,\"valueName\":\"search_term_string\"}}],\"inLanguage\":\"fr-FR\"},{\"@type\":\"Organization\",\"@id\":\"https:\/\/kapitalis.com\/tunisie\/#organization\",\"name\":\"Kapitalis\",\"url\":\"https:\/\/kapitalis.com\/tunisie\/\",\"logo\":{\"@type\":\"ImageObject\",\"inLanguage\":\"fr-FR\",\"@id\":\"https:\/\/kapitalis.com\/tunisie\/#\/schema\/logo\/image\/\",\"url\":\"https:\/\/kapitalis.com\/tunisie\/wp-content\/uploads\/2022\/05\/Kapitalis-big-size.png\",\"contentUrl\":\"https:\/\/kapitalis.com\/tunisie\/wp-content\/uploads\/2022\/05\/Kapitalis-big-size.png\",\"width\":5000,\"height\":1500,\"caption\":\"Kapitalis\"},\"image\":{\"@id\":\"https:\/\/kapitalis.com\/tunisie\/#\/schema\/logo\/image\/\"},\"sameAs\":[\"https:\/\/www.facebook.com\/KapitalisInfo\/\",\"https:\/\/x.com\/KapitalisInfo\",\"https:\/\/www.youtube.com\/channel\/UC-yDYrHyfFBWWZaOw3FPg9Q\"]},{\"@type\":\"Person\",\"@id\":\"https:\/\/kapitalis.com\/tunisie\/#\/schema\/person\/d71f33a9ca44f7bad4698210b480c8e9\",\"name\":\"webmaster kapitalis\",\"url\":\"https:\/\/kapitalis.com\/tunisie\/author\/webmaster-kapitalis\/\"}]}<\/script>\n<!-- \/ Yoast SEO plugin. -->","yoast_head_json":{"title":"Tunisie\u00a0: Se\u00effeddine Erra\u00efes, le jihadiste \u00a0que j\u2019ai crois\u00e9 - Kapitalis","robots":{"index":"index","follow":"follow","max-snippet":"max-snippet:-1","max-image-preview":"max-image-preview:large","max-video-preview":"max-video-preview:-1"},"canonical":"https:\/\/kapitalis.com\/tunisie\/2022\/09\/23\/tunisie-seifeddine-erraies-le-jihadiste-que-jai-croise\/","og_locale":"fr_FR","og_type":"article","og_title":"Tunisie\u00a0: Se\u00effeddine Erra\u00efes, le jihadiste \u00a0que j\u2019ai crois\u00e9 - Kapitalis","og_description":"Franchement, si Se\u00effeddine Erra\u00efes, se tire de cette affaire, nous devrons d\u00e9finitivement acqu\u00e9rir la conviction que nos terroristes ne payeront jamais pour ce qu\u2019ils ont fait.","og_url":"https:\/\/kapitalis.com\/tunisie\/2022\/09\/23\/tunisie-seifeddine-erraies-le-jihadiste-que-jai-croise\/","og_site_name":"Kapitalis","article_publisher":"https:\/\/www.facebook.com\/KapitalisInfo\/","article_published_time":"2022-09-23T10:09:26+00:00","article_modified_time":"2022-09-24T11:05:26+00:00","og_image":[{"width":1200,"height":630,"url":"https:\/\/kapitalis.com\/tunisie\/wp-content\/uploads\/2022\/09\/Seifeddine-Erraies.jpg","type":"image\/jpeg"}],"author":"webmaster kapitalis","twitter_card":"summary_large_image","twitter_creator":"@KapitalisInfo","twitter_site":"@KapitalisInfo","twitter_misc":{"\u00c9crit par":"webmaster kapitalis","Dur\u00e9e de lecture estim\u00e9e":"3 minutes"},"schema":{"@context":"https:\/\/schema.org","@graph":[{"@type":"Article","@id":"https:\/\/kapitalis.com\/tunisie\/2022\/09\/23\/tunisie-seifeddine-erraies-le-jihadiste-que-jai-croise\/#article","isPartOf":{"@id":"https:\/\/kapitalis.com\/tunisie\/2022\/09\/23\/tunisie-seifeddine-erraies-le-jihadiste-que-jai-croise\/"},"author":{"name":"webmaster kapitalis","@id":"https:\/\/kapitalis.com\/tunisie\/#\/schema\/person\/d71f33a9ca44f7bad4698210b480c8e9"},"headline":"Tunisie\u00a0: Se\u00effeddine Erra\u00efes, le jihadiste \u00a0que j\u2019ai crois\u00e9","datePublished":"2022-09-23T10:09:26+00:00","dateModified":"2022-09-24T11:05:26+00:00","mainEntityOfPage":{"@id":"https:\/\/kapitalis.com\/tunisie\/2022\/09\/23\/tunisie-seifeddine-erraies-le-jihadiste-que-jai-croise\/"},"wordCount":616,"commentCount":2,"publisher":{"@id":"https:\/\/kapitalis.com\/tunisie\/#organization"},"image":{"@id":"https:\/\/kapitalis.com\/tunisie\/2022\/09\/23\/tunisie-seifeddine-erraies-le-jihadiste-que-jai-croise\/#primaryimage"},"thumbnailUrl":"https:\/\/kapitalis.com\/tunisie\/wp-content\/uploads\/2022\/09\/Seifeddine-Erraies.jpg","keywords":["Ansar Charia","Ennahdha","Ettadhamen","jihad","Mohamed Sadok Lejri","Se\u00effeddine Erra\u00efes","Se\u00effeddine Makhlouf","Tunisie"],"articleSection":["A LA UNE","POLITIQUE","TRIBUNE","Tunisie"],"inLanguage":"fr-FR","potentialAction":[{"@type":"CommentAction","name":"Comment","target":["https:\/\/kapitalis.com\/tunisie\/2022\/09\/23\/tunisie-seifeddine-erraies-le-jihadiste-que-jai-croise\/#respond"]}]},{"@type":"WebPage","@id":"https:\/\/kapitalis.com\/tunisie\/2022\/09\/23\/tunisie-seifeddine-erraies-le-jihadiste-que-jai-croise\/","url":"https:\/\/kapitalis.com\/tunisie\/2022\/09\/23\/tunisie-seifeddine-erraies-le-jihadiste-que-jai-croise\/","name":"Tunisie\u00a0: Se\u00effeddine Erra\u00efes, le jihadiste \u00a0que j\u2019ai crois\u00e9 - Kapitalis","isPartOf":{"@id":"https:\/\/kapitalis.com\/tunisie\/#website"},"primaryImageOfPage":{"@id":"https:\/\/kapitalis.com\/tunisie\/2022\/09\/23\/tunisie-seifeddine-erraies-le-jihadiste-que-jai-croise\/#primaryimage"},"image":{"@id":"https:\/\/kapitalis.com\/tunisie\/2022\/09\/23\/tunisie-seifeddine-erraies-le-jihadiste-que-jai-croise\/#primaryimage"},"thumbnailUrl":"https:\/\/kapitalis.com\/tunisie\/wp-content\/uploads\/2022\/09\/Seifeddine-Erraies.jpg","datePublished":"2022-09-23T10:09:26+00:00","dateModified":"2022-09-24T11:05:26+00:00","breadcrumb":{"@id":"https:\/\/kapitalis.com\/tunisie\/2022\/09\/23\/tunisie-seifeddine-erraies-le-jihadiste-que-jai-croise\/#breadcrumb"},"inLanguage":"fr-FR","potentialAction":[{"@type":"ReadAction","target":["https:\/\/kapitalis.com\/tunisie\/2022\/09\/23\/tunisie-seifeddine-erraies-le-jihadiste-que-jai-croise\/"]}]},{"@type":"ImageObject","inLanguage":"fr-FR","@id":"https:\/\/kapitalis.com\/tunisie\/2022\/09\/23\/tunisie-seifeddine-erraies-le-jihadiste-que-jai-croise\/#primaryimage","url":"https:\/\/kapitalis.com\/tunisie\/wp-content\/uploads\/2022\/09\/Seifeddine-Erraies.jpg","contentUrl":"https:\/\/kapitalis.com\/tunisie\/wp-content\/uploads\/2022\/09\/Seifeddine-Erraies.jpg","width":1200,"height":630},{"@type":"BreadcrumbList","@id":"https:\/\/kapitalis.com\/tunisie\/2022\/09\/23\/tunisie-seifeddine-erraies-le-jihadiste-que-jai-croise\/#breadcrumb","itemListElement":[{"@type":"ListItem","position":1,"name":"Accueil","item":"https:\/\/kapitalis.com\/tunisie\/"},{"@type":"ListItem","position":2,"name":"Tunisie\u00a0: Se\u00effeddine Erra\u00efes, le jihadiste \u00a0que j\u2019ai crois\u00e9"}]},{"@type":"WebSite","@id":"https:\/\/kapitalis.com\/tunisie\/#website","url":"https:\/\/kapitalis.com\/tunisie\/","name":"Kapitalis","description":"L&#039;actualit\u00e9 en Tunisie et dans le monde","publisher":{"@id":"https:\/\/kapitalis.com\/tunisie\/#organization"},"potentialAction":[{"@type":"SearchAction","target":{"@type":"EntryPoint","urlTemplate":"https:\/\/kapitalis.com\/tunisie\/?s={search_term_string}"},"query-input":{"@type":"PropertyValueSpecification","valueRequired":true,"valueName":"search_term_string"}}],"inLanguage":"fr-FR"},{"@type":"Organization","@id":"https:\/\/kapitalis.com\/tunisie\/#organization","name":"Kapitalis","url":"https:\/\/kapitalis.com\/tunisie\/","logo":{"@type":"ImageObject","inLanguage":"fr-FR","@id":"https:\/\/kapitalis.com\/tunisie\/#\/schema\/logo\/image\/","url":"https:\/\/kapitalis.com\/tunisie\/wp-content\/uploads\/2022\/05\/Kapitalis-big-size.png","contentUrl":"https:\/\/kapitalis.com\/tunisie\/wp-content\/uploads\/2022\/05\/Kapitalis-big-size.png","width":5000,"height":1500,"caption":"Kapitalis"},"image":{"@id":"https:\/\/kapitalis.com\/tunisie\/#\/schema\/logo\/image\/"},"sameAs":["https:\/\/www.facebook.com\/KapitalisInfo\/","https:\/\/x.com\/KapitalisInfo","https:\/\/www.youtube.com\/channel\/UC-yDYrHyfFBWWZaOw3FPg9Q"]},{"@type":"Person","@id":"https:\/\/kapitalis.com\/tunisie\/#\/schema\/person\/d71f33a9ca44f7bad4698210b480c8e9","name":"webmaster kapitalis","url":"https:\/\/kapitalis.com\/tunisie\/author\/webmaster-kapitalis\/"}]}},"_links":{"self":[{"href":"https:\/\/kapitalis.com\/tunisie\/wp-json\/wp\/v2\/posts\/4219642","targetHints":{"allow":["GET"]}}],"collection":[{"href":"https:\/\/kapitalis.com\/tunisie\/wp-json\/wp\/v2\/posts"}],"about":[{"href":"https:\/\/kapitalis.com\/tunisie\/wp-json\/wp\/v2\/types\/post"}],"author":[{"embeddable":true,"href":"https:\/\/kapitalis.com\/tunisie\/wp-json\/wp\/v2\/users\/8"}],"replies":[{"embeddable":true,"href":"https:\/\/kapitalis.com\/tunisie\/wp-json\/wp\/v2\/comments?post=4219642"}],"version-history":[{"count":0,"href":"https:\/\/kapitalis.com\/tunisie\/wp-json\/wp\/v2\/posts\/4219642\/revisions"}],"wp:featuredmedia":[{"embeddable":true,"href":"https:\/\/kapitalis.com\/tunisie\/wp-json\/wp\/v2\/media\/4219694"}],"wp:attachment":[{"href":"https:\/\/kapitalis.com\/tunisie\/wp-json\/wp\/v2\/media?parent=4219642"}],"wp:term":[{"taxonomy":"category","embeddable":true,"href":"https:\/\/kapitalis.com\/tunisie\/wp-json\/wp\/v2\/categories?post=4219642"},{"taxonomy":"post_tag","embeddable":true,"href":"https:\/\/kapitalis.com\/tunisie\/wp-json\/wp\/v2\/tags?post=4219642"}],"curies":[{"name":"wp","href":"https:\/\/api.w.org\/{rel}","templated":true}]}}