{"id":4233837,"date":"2022-09-24T01:23:22","date_gmt":"2022-09-24T00:23:22","guid":{"rendered":"https:\/\/kapitalis.com\/tunisie\/?p=4233837"},"modified":"2022-09-24T01:26:59","modified_gmt":"2022-09-24T00:26:59","slug":"me-jemai-noureddine-khadmi-reviendra-en-tunisie-pour-faire-face-a-la-justice","status":"publish","type":"post","link":"https:\/\/kapitalis.com\/tunisie\/2022\/09\/24\/me-jemai-noureddine-khadmi-reviendra-en-tunisie-pour-faire-face-a-la-justice\/","title":{"rendered":"Me Jema\u00ef : \u00abNoureddine Khadmi reviendra en Tunisie pour faire face \u00e0 la justice\u00bb"},"content":{"rendered":"\n<p><em><strong>L&rsquo;ancien ministre des Affaires religieuses Noureddine Khadmi, a quitt\u00e9 le territoire tunisien apr\u00e8s la lev\u00e9e de son interdiction de voyage. Entendu par la brigade antiterroriste et maintenu en libert\u00e9, le dirigeant islamiste devra \u00abth\u00e9oriquement\u00ab compara\u00eetre devant la justice, le 18 novembre prochain\u2026<\/strong><\/em><\/p>\n\n\n\n<!--more-->\n\n\n\n<p>Plusieurs parties ont d\u00e9nonc\u00e9, ce d\u00e9part pr\u00e9cipit\u00e9, estimant que Noureddine Khadmi doit faire face \u00e0 la justice dans le cadre de l\u2019affaire des r\u00e9seaux d&rsquo;envoi de Tunisiens dans les zones de conflits et craignant qu&rsquo;il prenne la fuite\u2026 Or son avocat, Me Mokhtar Jemai a affirm\u00e9 pour sa part, dans un post publi\u00e9 ce vendredi 23 septembre 2022, que son client reviendra en Tunisie, lorsque la justice le convoquera&#8230;. (Qui vivra verra!).<\/p>\n\n\n<div class=\"wp-block-image\">\n<figure class=\"aligncenter size-full is-resized\"><img decoding=\"async\" src=\"https:\/\/kapitalis.com\/tunisie\/wp-content\/uploads\/2022\/09\/nn.jpg\" alt=\"\" class=\"wp-image-4233926\" width=\"500\" srcset=\"https:\/\/kapitalis.com\/tunisie\/wp-content\/uploads\/2022\/09\/nn.jpg 720w, https:\/\/kapitalis.com\/tunisie\/wp-content\/uploads\/2022\/09\/nn-300x169.jpg 300w, https:\/\/kapitalis.com\/tunisie\/wp-content\/uploads\/2022\/09\/nn-580x326.jpg 580w\" sizes=\"(max-width: 720px) 100vw, 720px\" \/><figcaption><em>Ph. publi\u00e9e par Khadmi qui se r\u00e9jouit de quitter la Tunisie<\/em><\/figcaption><\/figure>\n<\/div>\n\n\n<p>\u00ab<em>Il reviendra chaque fois que la justice l&rsquo;appellera\u2026 pour montrer l&rsquo;exemple en respectant ses engagements et cela cassera tout ce qui a \u00e9t\u00e9 dit sur lui pendant tout un mois et m\u00eame plus.. Et au final, celui qui n&rsquo;a rien fait, n&rsquo;a rien \u00e0 craindre\u00bb,<\/em> a comment\u00e9 l&rsquo;avocat qui s&rsquo;est sp\u00e9cialis\u00e9 dans la d\u00e9fense des dirigeants islamistes.<\/p>\n\n\n\n<p>Rappelons qu&rsquo;en ao\u00fbt dernier, Noureddine Khadmi avait \u00e9t\u00e9 emp\u00each\u00e9 de se rendre au Qatar suite \u00e0 une interdiction de voyage \u00e9mise \u00e0 son encontre. Il \u00e9tait alors entr\u00e9 en sit-in avec sa famille \u00e0 l\u2019a\u00e9roport de Tunis-Carthage et avait b\u00e9n\u00e9fici\u00e9 du soutien de son parti Ennahdha et de plusieurs dirigeants de l\u2019opposition, qui lui ont rendu visite, \u00e0 l\u2019instar d\u2019Ahmed Nejib Chebbi, Yamina Zoghlami, Samir Dilou, Ayachi Hammami, Jawher Ben Mbarek\u2026<\/p>\n\n\n\n<p class=\"has-text-align-right\"><strong>Y. N.<\/strong><\/p>\n\n\n\n<figure class=\"wp-block-embed is-type-wp-embed is-provider-kapitalis wp-block-embed-kapitalis\"><div class=\"wp-block-embed__wrapper\">\n<blockquote class=\"wp-embedded-content\" data-secret=\"I2TEId3l74\"><a href=\"https:\/\/kapitalis.com\/tunisie\/2022\/08\/20\/tunisie-linterdiction-de-voyage-visant-khadmi-decidee-par-la-justice-selon-le-ministere-de-linterieur\/\">Tunisie : L&rsquo;interdiction de voyage visant Khadmi d\u00e9cid\u00e9e par la justice, selon le minist\u00e8re de l&rsquo;Int\u00e9rieur<\/a><\/blockquote><iframe loading=\"lazy\" class=\"wp-embedded-content\" sandbox=\"allow-scripts\" security=\"restricted\" style=\"position: absolute; clip: rect(1px, 1px, 1px, 1px);\" title=\"\u00ab\u00a0Tunisie : L&rsquo;interdiction de voyage visant Khadmi d\u00e9cid\u00e9e par la justice, selon le minist\u00e8re de l&rsquo;Int\u00e9rieur\u00a0\u00bb &#8212; Kapitalis\" src=\"https:\/\/kapitalis.com\/tunisie\/2022\/08\/20\/tunisie-linterdiction-de-voyage-visant-khadmi-decidee-par-la-justice-selon-le-ministere-de-linterieur\/embed\/#?secret=9CVVVjTByu#?secret=I2TEId3l74\" data-secret=\"I2TEId3l74\" width=\"600\" height=\"338\" frameborder=\"0\" marginwidth=\"0\" marginheight=\"0\" scrolling=\"no\"><\/iframe>\n<\/div><\/figure>\n\n\n\n<figure class=\"wp-block-embed is-type-wp-embed is-provider-kapitalis wp-block-embed-kapitalis\"><div class=\"wp-block-embed__wrapper\">\n<blockquote class=\"wp-embedded-content\" data-secret=\"zZQeZXygDJ\"><a href=\"https:\/\/kapitalis.com\/tunisie\/2022\/08\/22\/aeroport-tunis-carthage-khadmi-nest-soumis-a-aucune-interdiction-judiciaire-selon-dilou\/\">A\u00e9roport Tunis-Carthage : \u00abKhadmi n&rsquo;est soumis \u00e0 aucune interdiction judiciaire\u00bb, selon Dilou<\/a><\/blockquote><iframe loading=\"lazy\" class=\"wp-embedded-content\" sandbox=\"allow-scripts\" security=\"restricted\" style=\"position: absolute; clip: rect(1px, 1px, 1px, 1px);\" title=\"\u00ab\u00a0A\u00e9roport Tunis-Carthage : \u00abKhadmi n&rsquo;est soumis \u00e0 aucune interdiction judiciaire\u00bb, selon Dilou\u00a0\u00bb &#8212; Kapitalis\" src=\"https:\/\/kapitalis.com\/tunisie\/2022\/08\/22\/aeroport-tunis-carthage-khadmi-nest-soumis-a-aucune-interdiction-judiciaire-selon-dilou\/embed\/#?secret=3o4SB3FjFL#?secret=zZQeZXygDJ\" data-secret=\"zZQeZXygDJ\" width=\"600\" height=\"338\" frameborder=\"0\" marginwidth=\"0\" marginheight=\"0\" scrolling=\"no\"><\/iframe>\n<\/div><\/figure>\n\n\n\n<figure class=\"wp-block-embed is-type-wp-embed is-provider-kapitalis wp-block-embed-kapitalis\"><div class=\"wp-block-embed__wrapper\">\n<blockquote class=\"wp-embedded-content\" data-secret=\"0EiULU6RdQ\"><a href=\"https:\/\/kapitalis.com\/tunisie\/2022\/09\/21\/affaire-denvoi-de-tunisiens-dans-les-zones-de-conflit-habib-ellouz-et-noureddine-khadmi-maintenus-en-liberte\/\">Affaire d&rsquo;envoi de Tunisiens dans les zones de conflit : Habib Ellouz et Noureddine Khadmi maintenus en libert\u00e9<\/a><\/blockquote><iframe loading=\"lazy\" class=\"wp-embedded-content\" sandbox=\"allow-scripts\" security=\"restricted\" style=\"position: absolute; clip: rect(1px, 1px, 1px, 1px);\" title=\"\u00ab\u00a0Affaire d&rsquo;envoi de Tunisiens dans les zones de conflit : Habib Ellouz et Noureddine Khadmi maintenus en libert\u00e9\u00a0\u00bb &#8212; Kapitalis\" src=\"https:\/\/kapitalis.com\/tunisie\/2022\/09\/21\/affaire-denvoi-de-tunisiens-dans-les-zones-de-conflit-habib-ellouz-et-noureddine-khadmi-maintenus-en-liberte\/embed\/#?secret=unTyIV4VxJ#?secret=0EiULU6RdQ\" data-secret=\"0EiULU6RdQ\" width=\"600\" height=\"338\" frameborder=\"0\" marginwidth=\"0\" marginheight=\"0\" scrolling=\"no\"><\/iframe>\n<\/div><\/figure>\n","protected":false},"excerpt":{"rendered":"<p>Me Jemai : Noureddine Khadmi reviendra en Tunisie pour faire face \u00e0 la justice<\/p>\n","protected":false},"author":6,"featured_media":4233913,"comment_status":"open","ping_status":"open","sticky":false,"template":"","format":"standard","meta":{"footnotes":""},"categories":[997,2433],"tags":[49543,101864,93901,756,62643,961],"class_list":["post-4233837","post","type-post","status-publish","format-standard","has-post-thumbnail","hentry","category-politique","category-tunisie","tag-ennahdha","tag-mokhtar-jemai","tag-noureddine-khadmi","tag-qatar","tag-tunisie","tag-voyage"],"yoast_head":"<!-- This site is optimized with the Yoast SEO plugin v26.6 - https:\/\/yoast.com\/wordpress\/plugins\/seo\/ -->\n<title>Me Jema\u00ef : \u00abNoureddine Khadmi reviendra en Tunisie pour faire face \u00e0 la justice\u00bb - Kapitalis<\/title>\n<meta name=\"description\" content=\"L&#039;ancien ministre des Affaires religieuses Noureddine Khadmi, a quitt\u00e9 le territoire tunisien apr\u00e8s la lev\u00e9e de son interdiction de voyage. Entendu par la brigade antiterroriste et maintenu en libert\u00e9, le dirigeant islamiste devra th\u00e9oriquement compara\u00eetre devant la justice, le 18 novembre prochain\u2026\" \/>\n<meta name=\"robots\" content=\"index, follow, max-snippet:-1, max-image-preview:large, max-video-preview:-1\" \/>\n<link rel=\"canonical\" href=\"https:\/\/kapitalis.com\/tunisie\/2022\/09\/24\/me-jemai-noureddine-khadmi-reviendra-en-tunisie-pour-faire-face-a-la-justice\/\" \/>\n<meta property=\"og:locale\" content=\"fr_FR\" \/>\n<meta property=\"og:type\" content=\"article\" \/>\n<meta property=\"og:title\" content=\"Me Jema\u00ef : \u00abNoureddine Khadmi reviendra en Tunisie pour faire face \u00e0 la justice\u00bb - Kapitalis\" \/>\n<meta property=\"og:description\" content=\"L&#039;ancien ministre des Affaires religieuses Noureddine Khadmi, a quitt\u00e9 le territoire tunisien apr\u00e8s la lev\u00e9e de son interdiction de voyage. Entendu par la brigade antiterroriste et maintenu en libert\u00e9, le dirigeant islamiste devra th\u00e9oriquement compara\u00eetre devant la justice, le 18 novembre prochain\u2026\" \/>\n<meta property=\"og:url\" content=\"https:\/\/kapitalis.com\/tunisie\/2022\/09\/24\/me-jemai-noureddine-khadmi-reviendra-en-tunisie-pour-faire-face-a-la-justice\/\" \/>\n<meta property=\"og:site_name\" content=\"Kapitalis\" \/>\n<meta property=\"article:publisher\" content=\"https:\/\/www.facebook.com\/KapitalisInfo\/\" \/>\n<meta property=\"article:published_time\" content=\"2022-09-24T00:23:22+00:00\" \/>\n<meta property=\"article:modified_time\" content=\"2022-09-24T00:26:59+00:00\" \/>\n<meta property=\"og:image\" content=\"https:\/\/kapitalis.com\/tunisie\/wp-content\/uploads\/2022\/09\/Me-Jemai-Khadmi.jpg\" \/>\n\t<meta property=\"og:image:width\" content=\"1200\" \/>\n\t<meta property=\"og:image:height\" content=\"630\" \/>\n\t<meta property=\"og:image:type\" content=\"image\/jpeg\" \/>\n<meta name=\"author\" content=\"Yusra NY\" \/>\n<meta name=\"twitter:card\" content=\"summary_large_image\" \/>\n<meta name=\"twitter:creator\" content=\"@KapitalisInfo\" \/>\n<meta name=\"twitter:site\" content=\"@KapitalisInfo\" \/>\n<meta name=\"twitter:label1\" content=\"\u00c9crit par\" \/>\n\t<meta name=\"twitter:data1\" content=\"Yusra NY\" \/>\n\t<meta name=\"twitter:label2\" content=\"Dur\u00e9e de lecture estim\u00e9e\" \/>\n\t<meta name=\"twitter:data2\" content=\"2 minutes\" \/>\n<script type=\"application\/ld+json\" class=\"yoast-schema-graph\">{\"@context\":\"https:\/\/schema.org\",\"@graph\":[{\"@type\":\"Article\",\"@id\":\"https:\/\/kapitalis.com\/tunisie\/2022\/09\/24\/me-jemai-noureddine-khadmi-reviendra-en-tunisie-pour-faire-face-a-la-justice\/#article\",\"isPartOf\":{\"@id\":\"https:\/\/kapitalis.com\/tunisie\/2022\/09\/24\/me-jemai-noureddine-khadmi-reviendra-en-tunisie-pour-faire-face-a-la-justice\/\"},\"author\":{\"name\":\"Yusra NY\",\"@id\":\"https:\/\/kapitalis.com\/tunisie\/#\/schema\/person\/74bbde0154d49d790a92aaeac5bc01d5\"},\"headline\":\"Me Jema\u00ef : \u00abNoureddine Khadmi reviendra en Tunisie pour faire face \u00e0 la justice\u00bb\",\"datePublished\":\"2022-09-24T00:23:22+00:00\",\"dateModified\":\"2022-09-24T00:26:59+00:00\",\"mainEntityOfPage\":{\"@id\":\"https:\/\/kapitalis.com\/tunisie\/2022\/09\/24\/me-jemai-noureddine-khadmi-reviendra-en-tunisie-pour-faire-face-a-la-justice\/\"},\"wordCount\":296,\"commentCount\":3,\"publisher\":{\"@id\":\"https:\/\/kapitalis.com\/tunisie\/#organization\"},\"image\":{\"@id\":\"https:\/\/kapitalis.com\/tunisie\/2022\/09\/24\/me-jemai-noureddine-khadmi-reviendra-en-tunisie-pour-faire-face-a-la-justice\/#primaryimage\"},\"thumbnailUrl\":\"https:\/\/kapitalis.com\/tunisie\/wp-content\/uploads\/2022\/09\/Me-Jemai-Khadmi.jpg\",\"keywords\":[\"Ennahdha\",\"Mokhtar Jema\u00ef\",\"Noureddine Khadmi\",\"Qatar\",\"Tunisie\",\"voyage\"],\"articleSection\":[\"POLITIQUE\",\"Tunisie\"],\"inLanguage\":\"fr-FR\",\"potentialAction\":[{\"@type\":\"CommentAction\",\"name\":\"Comment\",\"target\":[\"https:\/\/kapitalis.com\/tunisie\/2022\/09\/24\/me-jemai-noureddine-khadmi-reviendra-en-tunisie-pour-faire-face-a-la-justice\/#respond\"]}]},{\"@type\":\"WebPage\",\"@id\":\"https:\/\/kapitalis.com\/tunisie\/2022\/09\/24\/me-jemai-noureddine-khadmi-reviendra-en-tunisie-pour-faire-face-a-la-justice\/\",\"url\":\"https:\/\/kapitalis.com\/tunisie\/2022\/09\/24\/me-jemai-noureddine-khadmi-reviendra-en-tunisie-pour-faire-face-a-la-justice\/\",\"name\":\"Me Jema\u00ef : \u00abNoureddine Khadmi reviendra en Tunisie pour faire face \u00e0 la justice\u00bb - Kapitalis\",\"isPartOf\":{\"@id\":\"https:\/\/kapitalis.com\/tunisie\/#website\"},\"primaryImageOfPage\":{\"@id\":\"https:\/\/kapitalis.com\/tunisie\/2022\/09\/24\/me-jemai-noureddine-khadmi-reviendra-en-tunisie-pour-faire-face-a-la-justice\/#primaryimage\"},\"image\":{\"@id\":\"https:\/\/kapitalis.com\/tunisie\/2022\/09\/24\/me-jemai-noureddine-khadmi-reviendra-en-tunisie-pour-faire-face-a-la-justice\/#primaryimage\"},\"thumbnailUrl\":\"https:\/\/kapitalis.com\/tunisie\/wp-content\/uploads\/2022\/09\/Me-Jemai-Khadmi.jpg\",\"datePublished\":\"2022-09-24T00:23:22+00:00\",\"dateModified\":\"2022-09-24T00:26:59+00:00\",\"description\":\"L'ancien ministre des Affaires religieuses Noureddine Khadmi, a quitt\u00e9 le territoire tunisien apr\u00e8s la lev\u00e9e de son interdiction de voyage. Entendu par la brigade antiterroriste et maintenu en libert\u00e9, le dirigeant islamiste devra th\u00e9oriquement compara\u00eetre devant la justice, le 18 novembre prochain\u2026\",\"breadcrumb\":{\"@id\":\"https:\/\/kapitalis.com\/tunisie\/2022\/09\/24\/me-jemai-noureddine-khadmi-reviendra-en-tunisie-pour-faire-face-a-la-justice\/#breadcrumb\"},\"inLanguage\":\"fr-FR\",\"potentialAction\":[{\"@type\":\"ReadAction\",\"target\":[\"https:\/\/kapitalis.com\/tunisie\/2022\/09\/24\/me-jemai-noureddine-khadmi-reviendra-en-tunisie-pour-faire-face-a-la-justice\/\"]}]},{\"@type\":\"ImageObject\",\"inLanguage\":\"fr-FR\",\"@id\":\"https:\/\/kapitalis.com\/tunisie\/2022\/09\/24\/me-jemai-noureddine-khadmi-reviendra-en-tunisie-pour-faire-face-a-la-justice\/#primaryimage\",\"url\":\"https:\/\/kapitalis.com\/tunisie\/wp-content\/uploads\/2022\/09\/Me-Jemai-Khadmi.jpg\",\"contentUrl\":\"https:\/\/kapitalis.com\/tunisie\/wp-content\/uploads\/2022\/09\/Me-Jemai-Khadmi.jpg\",\"width\":1200,\"height\":630},{\"@type\":\"BreadcrumbList\",\"@id\":\"https:\/\/kapitalis.com\/tunisie\/2022\/09\/24\/me-jemai-noureddine-khadmi-reviendra-en-tunisie-pour-faire-face-a-la-justice\/#breadcrumb\",\"itemListElement\":[{\"@type\":\"ListItem\",\"position\":1,\"name\":\"Accueil\",\"item\":\"https:\/\/kapitalis.com\/tunisie\/\"},{\"@type\":\"ListItem\",\"position\":2,\"name\":\"Me Jema\u00ef : \u00abNoureddine Khadmi reviendra en Tunisie pour faire face \u00e0 la justice\u00bb\"}]},{\"@type\":\"WebSite\",\"@id\":\"https:\/\/kapitalis.com\/tunisie\/#website\",\"url\":\"https:\/\/kapitalis.com\/tunisie\/\",\"name\":\"Kapitalis\",\"description\":\"L&#039;actualit\u00e9 en Tunisie et dans le monde\",\"publisher\":{\"@id\":\"https:\/\/kapitalis.com\/tunisie\/#organization\"},\"potentialAction\":[{\"@type\":\"SearchAction\",\"target\":{\"@type\":\"EntryPoint\",\"urlTemplate\":\"https:\/\/kapitalis.com\/tunisie\/?s={search_term_string}\"},\"query-input\":{\"@type\":\"PropertyValueSpecification\",\"valueRequired\":true,\"valueName\":\"search_term_string\"}}],\"inLanguage\":\"fr-FR\"},{\"@type\":\"Organization\",\"@id\":\"https:\/\/kapitalis.com\/tunisie\/#organization\",\"name\":\"Kapitalis\",\"url\":\"https:\/\/kapitalis.com\/tunisie\/\",\"logo\":{\"@type\":\"ImageObject\",\"inLanguage\":\"fr-FR\",\"@id\":\"https:\/\/kapitalis.com\/tunisie\/#\/schema\/logo\/image\/\",\"url\":\"https:\/\/kapitalis.com\/tunisie\/wp-content\/uploads\/2022\/05\/Kapitalis-big-size.png\",\"contentUrl\":\"https:\/\/kapitalis.com\/tunisie\/wp-content\/uploads\/2022\/05\/Kapitalis-big-size.png\",\"width\":5000,\"height\":1500,\"caption\":\"Kapitalis\"},\"image\":{\"@id\":\"https:\/\/kapitalis.com\/tunisie\/#\/schema\/logo\/image\/\"},\"sameAs\":[\"https:\/\/www.facebook.com\/KapitalisInfo\/\",\"https:\/\/x.com\/KapitalisInfo\",\"https:\/\/www.youtube.com\/channel\/UC-yDYrHyfFBWWZaOw3FPg9Q\"]},{\"@type\":\"Person\",\"@id\":\"https:\/\/kapitalis.com\/tunisie\/#\/schema\/person\/74bbde0154d49d790a92aaeac5bc01d5\",\"name\":\"Yusra NY\",\"url\":\"https:\/\/kapitalis.com\/tunisie\/author\/yuza_adam\/\"}]}<\/script>\n<!-- \/ Yoast SEO plugin. -->","yoast_head_json":{"title":"Me Jema\u00ef : \u00abNoureddine Khadmi reviendra en Tunisie pour faire face \u00e0 la justice\u00bb - Kapitalis","description":"L'ancien ministre des Affaires religieuses Noureddine Khadmi, a quitt\u00e9 le territoire tunisien apr\u00e8s la lev\u00e9e de son interdiction de voyage. Entendu par la brigade antiterroriste et maintenu en libert\u00e9, le dirigeant islamiste devra th\u00e9oriquement compara\u00eetre devant la justice, le 18 novembre prochain\u2026","robots":{"index":"index","follow":"follow","max-snippet":"max-snippet:-1","max-image-preview":"max-image-preview:large","max-video-preview":"max-video-preview:-1"},"canonical":"https:\/\/kapitalis.com\/tunisie\/2022\/09\/24\/me-jemai-noureddine-khadmi-reviendra-en-tunisie-pour-faire-face-a-la-justice\/","og_locale":"fr_FR","og_type":"article","og_title":"Me Jema\u00ef : \u00abNoureddine Khadmi reviendra en Tunisie pour faire face \u00e0 la justice\u00bb - Kapitalis","og_description":"L'ancien ministre des Affaires religieuses Noureddine Khadmi, a quitt\u00e9 le territoire tunisien apr\u00e8s la lev\u00e9e de son interdiction de voyage. Entendu par la brigade antiterroriste et maintenu en libert\u00e9, le dirigeant islamiste devra th\u00e9oriquement compara\u00eetre devant la justice, le 18 novembre prochain\u2026","og_url":"https:\/\/kapitalis.com\/tunisie\/2022\/09\/24\/me-jemai-noureddine-khadmi-reviendra-en-tunisie-pour-faire-face-a-la-justice\/","og_site_name":"Kapitalis","article_publisher":"https:\/\/www.facebook.com\/KapitalisInfo\/","article_published_time":"2022-09-24T00:23:22+00:00","article_modified_time":"2022-09-24T00:26:59+00:00","og_image":[{"width":1200,"height":630,"url":"https:\/\/kapitalis.com\/tunisie\/wp-content\/uploads\/2022\/09\/Me-Jemai-Khadmi.jpg","type":"image\/jpeg"}],"author":"Yusra NY","twitter_card":"summary_large_image","twitter_creator":"@KapitalisInfo","twitter_site":"@KapitalisInfo","twitter_misc":{"\u00c9crit par":"Yusra NY","Dur\u00e9e de lecture estim\u00e9e":"2 minutes"},"schema":{"@context":"https:\/\/schema.org","@graph":[{"@type":"Article","@id":"https:\/\/kapitalis.com\/tunisie\/2022\/09\/24\/me-jemai-noureddine-khadmi-reviendra-en-tunisie-pour-faire-face-a-la-justice\/#article","isPartOf":{"@id":"https:\/\/kapitalis.com\/tunisie\/2022\/09\/24\/me-jemai-noureddine-khadmi-reviendra-en-tunisie-pour-faire-face-a-la-justice\/"},"author":{"name":"Yusra NY","@id":"https:\/\/kapitalis.com\/tunisie\/#\/schema\/person\/74bbde0154d49d790a92aaeac5bc01d5"},"headline":"Me Jema\u00ef : \u00abNoureddine Khadmi reviendra en Tunisie pour faire face \u00e0 la justice\u00bb","datePublished":"2022-09-24T00:23:22+00:00","dateModified":"2022-09-24T00:26:59+00:00","mainEntityOfPage":{"@id":"https:\/\/kapitalis.com\/tunisie\/2022\/09\/24\/me-jemai-noureddine-khadmi-reviendra-en-tunisie-pour-faire-face-a-la-justice\/"},"wordCount":296,"commentCount":3,"publisher":{"@id":"https:\/\/kapitalis.com\/tunisie\/#organization"},"image":{"@id":"https:\/\/kapitalis.com\/tunisie\/2022\/09\/24\/me-jemai-noureddine-khadmi-reviendra-en-tunisie-pour-faire-face-a-la-justice\/#primaryimage"},"thumbnailUrl":"https:\/\/kapitalis.com\/tunisie\/wp-content\/uploads\/2022\/09\/Me-Jemai-Khadmi.jpg","keywords":["Ennahdha","Mokhtar Jema\u00ef","Noureddine Khadmi","Qatar","Tunisie","voyage"],"articleSection":["POLITIQUE","Tunisie"],"inLanguage":"fr-FR","potentialAction":[{"@type":"CommentAction","name":"Comment","target":["https:\/\/kapitalis.com\/tunisie\/2022\/09\/24\/me-jemai-noureddine-khadmi-reviendra-en-tunisie-pour-faire-face-a-la-justice\/#respond"]}]},{"@type":"WebPage","@id":"https:\/\/kapitalis.com\/tunisie\/2022\/09\/24\/me-jemai-noureddine-khadmi-reviendra-en-tunisie-pour-faire-face-a-la-justice\/","url":"https:\/\/kapitalis.com\/tunisie\/2022\/09\/24\/me-jemai-noureddine-khadmi-reviendra-en-tunisie-pour-faire-face-a-la-justice\/","name":"Me Jema\u00ef : \u00abNoureddine Khadmi reviendra en Tunisie pour faire face \u00e0 la justice\u00bb - Kapitalis","isPartOf":{"@id":"https:\/\/kapitalis.com\/tunisie\/#website"},"primaryImageOfPage":{"@id":"https:\/\/kapitalis.com\/tunisie\/2022\/09\/24\/me-jemai-noureddine-khadmi-reviendra-en-tunisie-pour-faire-face-a-la-justice\/#primaryimage"},"image":{"@id":"https:\/\/kapitalis.com\/tunisie\/2022\/09\/24\/me-jemai-noureddine-khadmi-reviendra-en-tunisie-pour-faire-face-a-la-justice\/#primaryimage"},"thumbnailUrl":"https:\/\/kapitalis.com\/tunisie\/wp-content\/uploads\/2022\/09\/Me-Jemai-Khadmi.jpg","datePublished":"2022-09-24T00:23:22+00:00","dateModified":"2022-09-24T00:26:59+00:00","description":"L'ancien ministre des Affaires religieuses Noureddine Khadmi, a quitt\u00e9 le territoire tunisien apr\u00e8s la lev\u00e9e de son interdiction de voyage. Entendu par la brigade antiterroriste et maintenu en libert\u00e9, le dirigeant islamiste devra th\u00e9oriquement compara\u00eetre devant la justice, le 18 novembre prochain\u2026","breadcrumb":{"@id":"https:\/\/kapitalis.com\/tunisie\/2022\/09\/24\/me-jemai-noureddine-khadmi-reviendra-en-tunisie-pour-faire-face-a-la-justice\/#breadcrumb"},"inLanguage":"fr-FR","potentialAction":[{"@type":"ReadAction","target":["https:\/\/kapitalis.com\/tunisie\/2022\/09\/24\/me-jemai-noureddine-khadmi-reviendra-en-tunisie-pour-faire-face-a-la-justice\/"]}]},{"@type":"ImageObject","inLanguage":"fr-FR","@id":"https:\/\/kapitalis.com\/tunisie\/2022\/09\/24\/me-jemai-noureddine-khadmi-reviendra-en-tunisie-pour-faire-face-a-la-justice\/#primaryimage","url":"https:\/\/kapitalis.com\/tunisie\/wp-content\/uploads\/2022\/09\/Me-Jemai-Khadmi.jpg","contentUrl":"https:\/\/kapitalis.com\/tunisie\/wp-content\/uploads\/2022\/09\/Me-Jemai-Khadmi.jpg","width":1200,"height":630},{"@type":"BreadcrumbList","@id":"https:\/\/kapitalis.com\/tunisie\/2022\/09\/24\/me-jemai-noureddine-khadmi-reviendra-en-tunisie-pour-faire-face-a-la-justice\/#breadcrumb","itemListElement":[{"@type":"ListItem","position":1,"name":"Accueil","item":"https:\/\/kapitalis.com\/tunisie\/"},{"@type":"ListItem","position":2,"name":"Me Jema\u00ef : \u00abNoureddine Khadmi reviendra en Tunisie pour faire face \u00e0 la justice\u00bb"}]},{"@type":"WebSite","@id":"https:\/\/kapitalis.com\/tunisie\/#website","url":"https:\/\/kapitalis.com\/tunisie\/","name":"Kapitalis","description":"L&#039;actualit\u00e9 en Tunisie et dans le monde","publisher":{"@id":"https:\/\/kapitalis.com\/tunisie\/#organization"},"potentialAction":[{"@type":"SearchAction","target":{"@type":"EntryPoint","urlTemplate":"https:\/\/kapitalis.com\/tunisie\/?s={search_term_string}"},"query-input":{"@type":"PropertyValueSpecification","valueRequired":true,"valueName":"search_term_string"}}],"inLanguage":"fr-FR"},{"@type":"Organization","@id":"https:\/\/kapitalis.com\/tunisie\/#organization","name":"Kapitalis","url":"https:\/\/kapitalis.com\/tunisie\/","logo":{"@type":"ImageObject","inLanguage":"fr-FR","@id":"https:\/\/kapitalis.com\/tunisie\/#\/schema\/logo\/image\/","url":"https:\/\/kapitalis.com\/tunisie\/wp-content\/uploads\/2022\/05\/Kapitalis-big-size.png","contentUrl":"https:\/\/kapitalis.com\/tunisie\/wp-content\/uploads\/2022\/05\/Kapitalis-big-size.png","width":5000,"height":1500,"caption":"Kapitalis"},"image":{"@id":"https:\/\/kapitalis.com\/tunisie\/#\/schema\/logo\/image\/"},"sameAs":["https:\/\/www.facebook.com\/KapitalisInfo\/","https:\/\/x.com\/KapitalisInfo","https:\/\/www.youtube.com\/channel\/UC-yDYrHyfFBWWZaOw3FPg9Q"]},{"@type":"Person","@id":"https:\/\/kapitalis.com\/tunisie\/#\/schema\/person\/74bbde0154d49d790a92aaeac5bc01d5","name":"Yusra NY","url":"https:\/\/kapitalis.com\/tunisie\/author\/yuza_adam\/"}]}},"_links":{"self":[{"href":"https:\/\/kapitalis.com\/tunisie\/wp-json\/wp\/v2\/posts\/4233837","targetHints":{"allow":["GET"]}}],"collection":[{"href":"https:\/\/kapitalis.com\/tunisie\/wp-json\/wp\/v2\/posts"}],"about":[{"href":"https:\/\/kapitalis.com\/tunisie\/wp-json\/wp\/v2\/types\/post"}],"author":[{"embeddable":true,"href":"https:\/\/kapitalis.com\/tunisie\/wp-json\/wp\/v2\/users\/6"}],"replies":[{"embeddable":true,"href":"https:\/\/kapitalis.com\/tunisie\/wp-json\/wp\/v2\/comments?post=4233837"}],"version-history":[{"count":0,"href":"https:\/\/kapitalis.com\/tunisie\/wp-json\/wp\/v2\/posts\/4233837\/revisions"}],"wp:featuredmedia":[{"embeddable":true,"href":"https:\/\/kapitalis.com\/tunisie\/wp-json\/wp\/v2\/media\/4233913"}],"wp:attachment":[{"href":"https:\/\/kapitalis.com\/tunisie\/wp-json\/wp\/v2\/media?parent=4233837"}],"wp:term":[{"taxonomy":"category","embeddable":true,"href":"https:\/\/kapitalis.com\/tunisie\/wp-json\/wp\/v2\/categories?post=4233837"},{"taxonomy":"post_tag","embeddable":true,"href":"https:\/\/kapitalis.com\/tunisie\/wp-json\/wp\/v2\/tags?post=4233837"}],"curies":[{"name":"wp","href":"https:\/\/api.w.org\/{rel}","templated":true}]}}