{"id":4237040,"date":"2022-09-24T07:47:35","date_gmt":"2022-09-24T06:47:35","guid":{"rendered":"https:\/\/kapitalis.com\/tunisie\/?p=4237040"},"modified":"2022-09-24T07:47:36","modified_gmt":"2022-09-24T06:47:36","slug":"des-ong-tunisiennes-deurope-denoncent-la-nouvelle-loi-electorale","status":"publish","type":"post","link":"https:\/\/kapitalis.com\/tunisie\/2022\/09\/24\/des-ong-tunisiennes-deurope-denoncent-la-nouvelle-loi-electorale\/","title":{"rendered":"Des Ong tunisiennes d\u2019Europe d\u00e9noncent \u00a0la nouvelle loi \u00e9lectorale"},"content":{"rendered":"\n<p><strong><em>Des associations de Tunisiens r\u00e9sidents \u00e0 l\u2019\u00e9tranger ont rendu public le communiqu\u00e9 suivant o\u00f9 elles d\u00e9noncent la nouvelle loi \u00e9lectorale tunisienne publi\u00e9e par d\u00e9cret pr\u00e9sidentiel le 15 septembre 2022, et sans consultation d\u2019aucune des parties concern\u00e9es. \u00a0<\/em><\/strong><\/p>\n\n\n\n<!--more-->\n\n\n\n<p>Une nouvelle loi \u00e9lectorale a \u00e9t\u00e9 promulgu\u00e9e au Journal Officiel le jeudi 15 septembre 2022, par le Pr\u00e9sident de la R\u00e9publique Tunisienne Ka\u00efs Sa\u00efed. Elle comprend des mesures inacceptables, que nous d\u00e9non\u00e7ons vivement.<\/p>\n\n\n\n<p><strong>Individualisme parlementaire\u00a0:<\/strong> le Pr\u00e9sident de la R\u00e9publique, apr\u00e8s s&rsquo;\u00eatre octroy\u00e9 la quasi-totalit\u00e9 des pouvoirs, veut affaiblir d\u00e9sormais les formations politiques au Parlement. En effet, cette nouvelle loi \u00e9lectorale appelle les Tunisiens \u00e0 \u00e9lire leurs d\u00e9put\u00e9s individuellement et non plus en votant pour un syst\u00e8me de listes.<\/p>\n\n\n\n<p><strong>Pr\u00e9carisation du mandat \u00e9lectoral de d\u00e9put\u00e9&nbsp;: <\/strong>la menace permanente d\u2019une motion de d\u00e9fiance pr\u00e9carise le mandat de d\u00e9put\u00e9 car il suffit de 10% du corps \u00e9lectoral pour le destituer.<\/p>\n\n\n\n<p><strong>Suppression de la parit\u00e9 horizontale et verticale&nbsp;:<\/strong> cette nouvelle loi supprime la parit\u00e9 horizontale (listes \u00e9lectorales contenant un nombre \u00e9gal de femmes et d\u2019hommes) et la parit\u00e9 verticale (alternance entre les femmes et les hommes dans la m\u00eame liste) impos\u00e9es dans les \u00e9lections pr\u00e9c\u00e9dentes aux listes de candidats. Il s\u2019agit d\u2019une mesure r\u00e9gressive grave car elle supprime un des acquis du pr\u00e9c\u00e9dent mode de scrutin. Maintenir la parit\u00e9 uniquement pour les parrainages des candidats est r\u00e9trograde et scandaleux.<\/p>\n\n\n\n<p><strong>Syst\u00e8me de parrainage excessif&nbsp;:<\/strong> en outre, chaque candidat doit pr\u00e9senter une liste nominative de quatre cents parrainages d\u2019\u00e9lecteurs inscrits dans la circonscription \u00e9lectorale, identifi\u00e9e par des signatures l\u00e9galis\u00e9es. La moiti\u00e9 des signatures doivent \u00eatre des femmes et le nombre de moins de trente-cinq ans ne peut pas \u00eatre inf\u00e9rieur \u00e0 25 %. Cette mesure irr\u00e9aliste et co\u00fbteuse risque de ralentir voire de bloquer les services de l\u2019Etat et les collectivit\u00e9s locales d\u00e9j\u00e0 surcharg\u00e9s. Par ailleurs, cela ne peut qu\u2019encourager l\u2019abstention d\u00e9j\u00e0 \u00e9lev\u00e9e.<\/p>\n\n\n\n<p><strong>R\u00e9duction du nombre de circonscriptions et de si\u00e8ges&nbsp;:<\/strong> cette loi r\u00e9duit le nombre de circonscriptions \u00e0 151 en Tunisie et \u00e0 10 \u00e0 l\u2019\u00e9tranger, soit 161 si\u00e8ges au total (un si\u00e8ge par circonscription) au lieu de 217 si\u00e8ges pr\u00e9c\u00e9demment dont 18 \u00e0 l\u2019\u00e9tranger.<\/p>\n\n\n\n<p><strong>Eviction des candidatures binationales sur le territoire Tunisien&nbsp;: <\/strong>citons l\u2019article 19 de cette nouvelle loi&nbsp;: <em>\u00abLa candidature pour les l\u00e9gislatives est un droit pour tout \u00e9lecteur ou \u00e9lectrice n\u00e9 de p\u00e8re ou de m\u00e8re tunisienne et n\u2019ayant pas une autre nationalit\u00e9 que celle tunisienne pour les circonscriptions du territoire Tunisien au nombre de 151\u00bb<\/em>. Un citoyen Tunisien binational ne peut donc se pr\u00e9senter que dans une circonscription de l\u2019\u00e9tranger. Ainsi, tous les citoyens poss\u00e9dant une double nationalit\u00e9 r\u00e9sidents en Tunisie seront d\u00e9chus de leurs droits civiques d\u2019\u00eatre candidats en Tunisie, en vertu de cette nouvelle loi.<\/p>\n\n\n\n<p><strong>Nombre de si\u00e8ges allou\u00e9es aux TRE amoindri et arbitraire&nbsp;: <\/strong>les Tunisiens r\u00e9sidents \u00e0 l\u2019\u00e9tranger m\u00e9ritent un traitement d\u2019\u00e9quit\u00e9 et une repr\u00e9sentativit\u00e9 \u00e9gale \u00e0 leurs concitoyens en Tunisie. La Tunisie a une population estim\u00e9e \u00e0 12 millions en 2022 et les tunisiens \u00e0 l\u2019\u00e9tranger sont environ 1&nbsp;700&nbsp;000 r\u00e9sidents dans plus de 108 pays, sur les cinq continents (dont plus de la moiti\u00e9 en France). Ils repr\u00e9senteraient plus de 12%, du corps \u00e9lectoral. En cons\u00e9quence, en respectant la proportionnalit\u00e9, une vingtaine de si\u00e8ges devraient leur \u00eatre allou\u00e9s dont la moiti\u00e9 pour la France.<\/p>\n\n\n\n<p>Passer de 18 si\u00e8ges \u00e0 10 si\u00e8ges pour les TRE et les r\u00e9partir d\u2019une mani\u00e8re arbitraire sans aucun respect de la r\u00e9partition r\u00e9elle des TRE dans le monde (en France on passe de 10 si\u00e8ges en 2019 \u00e0 3 avec 1 si\u00e8ge pour France Nord et 2 si\u00e8ges pour France Sud, en Italie on passe de 3 \u00e0 1 si\u00e8ge et on maintient le nombre de si\u00e8ges pour le reste du monde) constituent des discriminations suppl\u00e9mentaires.<\/p>\n\n\n\n<p>Nous, signataires, d\u00e9non\u00e7ons cette loi triplement discriminatoire&nbsp;: parit\u00e9 femmes hommes inexistante, binationaux d\u00e9chus de leur citoyennet\u00e9 et repr\u00e9sentativit\u00e9 des TRE amoindrie et arbitraire.<\/p>\n\n\n\n<p>Nous appelons le Pr\u00e9sident Ka\u00efs Sa\u00efed \u00e0 revoir cette loi pour tenir compte de la place des TRE afin de maintenir les aspirations et les acquis citoyens de la r\u00e9volution du 17 d\u00e9cembre 2010 \/ 14 janvier 2011.<\/p>\n\n\n\n<p>Nous refusons l\u2019exclusion d\u2019une partie de la population et rappelons qu\u2019<em>\u00abune d\u00e9mocratie doit \u00eatre une fraternit\u00e9, sinon, c&rsquo;est une imposture\u00bb<\/em> (Antoine de Saint-Exup\u00e9ry).<\/p>\n\n\n\n<figure class=\"wp-block-embed is-type-wp-embed is-provider-kapitalis wp-block-embed-kapitalis\"><div class=\"wp-block-embed__wrapper\">\n<blockquote class=\"wp-embedded-content\" data-secret=\"N0tXAZqMPU\"><a href=\"https:\/\/kapitalis.com\/tunisie\/2022\/09\/18\/tunisie-la-nouvelle-loi-electorale-marginalise-lassemblee-et-les-corps-intermediaires-observatoire-chahed\/\">Tunisie\u00a0: \u00abLa nouvelle loi \u00e9lectorale marginalise l\u2019assembl\u00e9e et les corps interm\u00e9diaires\u00bb (Observatoire Chahed)<\/a><\/blockquote><iframe loading=\"lazy\" class=\"wp-embedded-content\" sandbox=\"allow-scripts\" security=\"restricted\" style=\"position: absolute; clip: rect(1px, 1px, 1px, 1px);\" title=\"\u00ab\u00a0Tunisie\u00a0: \u00abLa nouvelle loi \u00e9lectorale marginalise l\u2019assembl\u00e9e et les corps interm\u00e9diaires\u00bb (Observatoire Chahed)\u00a0\u00bb &#8212; Kapitalis\" src=\"https:\/\/kapitalis.com\/tunisie\/2022\/09\/18\/tunisie-la-nouvelle-loi-electorale-marginalise-lassemblee-et-les-corps-intermediaires-observatoire-chahed\/embed\/#?secret=FV7UZWuuio#?secret=N0tXAZqMPU\" data-secret=\"N0tXAZqMPU\" width=\"600\" height=\"338\" frameborder=\"0\" marginwidth=\"0\" marginheight=\"0\" scrolling=\"no\"><\/iframe>\n<\/div><\/figure>\n\n\n\n<h2 class=\"wp-block-heading\">Signataires&nbsp;:<\/h2>\n\n\n\n<p><strong><em>Belgique<\/em><\/strong><em><\/em><\/p>\n\n\n\n<p><em>Le Comit\u00e9 de Vigilance pour la D\u00e9mocratie en Tunisie \u2013 Belgique<\/em><\/p>\n\n\n\n<p><strong><em>France<\/em><\/strong><em><\/em><\/p>\n\n\n\n<p><em>Arts et Cultures des Deux Rives (ACDR)<\/em><\/p>\n\n\n\n<p><em>Association D\u00e9mocratique des Tunisiens en France (ADTF)<\/em><\/p>\n\n\n\n<p><em>Association des Tunisiens en France (ATF)<\/em><\/p>\n\n\n\n<p><em>Collectif des Femmes M\u00e9diterran\u00e9ennes (CFM)<\/em><\/p>\n\n\n\n<p><em>Comit\u00e9 pour le Respect des Libert\u00e9s et des Droits de l&rsquo;Homme en Tunisie (CRLDHT)<\/em><\/p>\n\n\n\n<p><em>F\u00e9d\u00e9ration des Tunisiens pour une Citoyennet\u00e9 des deux Rives (FTCR)<\/em><\/p>\n\n\n\n<p><em>Imagecom &#8211; France<\/em><\/p>\n\n\n\n<p><em>Mouvement Citoyen des Tunisiens en France (MCTF)<\/em><\/p>\n\n\n\n<p><em>R\u00e9seau Euro-Maghr\u00e9bin Citoyennet\u00e9 et Culture (REMCC)<\/em><\/p>\n\n\n\n<p><em>Solidarit\u00e9 des Tunisiens en France \u2013 Grenoble (STF)<\/em><\/p>\n\n\n\n<p><em>Union des Associations Tunisiennes du Sud de la France&nbsp;: Marseille, N\u00eemes, Toulon\u2026 (UATSF)<\/em><\/p>\n\n\n\n<p><em>Union des Tunisiens de l\u2019Est (Montb\u00e9liard)<\/em><\/p>\n\n\n\n<p><strong><em>Italie<\/em><\/strong><em><\/em><\/p>\n\n\n\n<p><em>Comitato Immigrati Tunisini In Italia (CITII)<\/em><\/p>\n\n\n\n<p><strong><em>Suisse<\/em><\/strong><\/p>\n\n\n\n<p><em>Le pont Gen\u00e8ve<\/em><\/p>\n\n\n\n<figure class=\"wp-block-embed is-type-wp-embed is-provider-kapitalis wp-block-embed-kapitalis\"><div class=\"wp-block-embed__wrapper\">\n<blockquote class=\"wp-embedded-content\" data-secret=\"XSjyQNw5GV\"><a href=\"https:\/\/kapitalis.com\/tunisie\/2022\/09\/18\/tunisie-nouvelle-loi-electorale-les-serieux-griefs-des-specialistes\/\">Tunisie-nouvelle loi \u00e9lectorale\u00a0: les s\u00e9rieux griefs des sp\u00e9cialistes<\/a><\/blockquote><iframe loading=\"lazy\" class=\"wp-embedded-content\" sandbox=\"allow-scripts\" security=\"restricted\" style=\"position: absolute; clip: rect(1px, 1px, 1px, 1px);\" title=\"\u00ab\u00a0Tunisie-nouvelle loi \u00e9lectorale\u00a0: les s\u00e9rieux griefs des sp\u00e9cialistes\u00a0\u00bb &#8212; Kapitalis\" src=\"https:\/\/kapitalis.com\/tunisie\/2022\/09\/18\/tunisie-nouvelle-loi-electorale-les-serieux-griefs-des-specialistes\/embed\/#?secret=dQHfiSULrx#?secret=XSjyQNw5GV\" data-secret=\"XSjyQNw5GV\" width=\"600\" height=\"338\" frameborder=\"0\" marginwidth=\"0\" marginheight=\"0\" scrolling=\"no\"><\/iframe>\n<\/div><\/figure>\n","protected":false},"excerpt":{"rendered":"<p>Des associations de Tunisiens r\u00e9sidents \u00e0 l\u2019\u00e9tranger d\u00e9noncent la nouvelle loi \u00e9lectorale tunisienne.<\/p>\n","protected":false},"author":8,"featured_media":4237231,"comment_status":"open","ping_status":"open","sticky":false,"template":"","format":"standard","meta":{"footnotes":""},"categories":[997,2433],"tags":[12235,43626,1693],"class_list":["post-4237040","post","type-post","status-publish","format-standard","has-post-thumbnail","hentry","category-politique","category-tunisie","tag-kais-saied","tag-loi-electorale","tag-tunisiens-residents-a-letranger"],"yoast_head":"<!-- This site is optimized with the Yoast SEO plugin v26.6 - https:\/\/yoast.com\/wordpress\/plugins\/seo\/ -->\n<title>Des Ong tunisiennes d\u2019Europe d\u00e9noncent \u00a0la nouvelle loi \u00e9lectorale - Kapitalis<\/title>\n<meta name=\"robots\" content=\"index, follow, max-snippet:-1, max-image-preview:large, max-video-preview:-1\" \/>\n<link rel=\"canonical\" href=\"https:\/\/kapitalis.com\/tunisie\/2022\/09\/24\/des-ong-tunisiennes-deurope-denoncent-la-nouvelle-loi-electorale\/\" \/>\n<meta property=\"og:locale\" content=\"fr_FR\" \/>\n<meta property=\"og:type\" content=\"article\" \/>\n<meta property=\"og:title\" content=\"Des Ong tunisiennes d\u2019Europe d\u00e9noncent \u00a0la nouvelle loi \u00e9lectorale - Kapitalis\" \/>\n<meta property=\"og:description\" content=\"Des associations de Tunisiens r\u00e9sidents \u00e0 l\u2019\u00e9tranger d\u00e9noncent la nouvelle loi \u00e9lectorale tunisienne.\" \/>\n<meta property=\"og:url\" content=\"https:\/\/kapitalis.com\/tunisie\/2022\/09\/24\/des-ong-tunisiennes-deurope-denoncent-la-nouvelle-loi-electorale\/\" \/>\n<meta property=\"og:site_name\" content=\"Kapitalis\" \/>\n<meta property=\"article:publisher\" content=\"https:\/\/www.facebook.com\/KapitalisInfo\/\" \/>\n<meta property=\"article:published_time\" content=\"2022-09-24T06:47:35+00:00\" \/>\n<meta property=\"article:modified_time\" content=\"2022-09-24T06:47:36+00:00\" \/>\n<meta property=\"og:image\" content=\"https:\/\/kapitalis.com\/tunisie\/wp-content\/uploads\/2022\/09\/Elections.jpg\" \/>\n\t<meta property=\"og:image:width\" content=\"1200\" \/>\n\t<meta property=\"og:image:height\" content=\"630\" \/>\n\t<meta property=\"og:image:type\" content=\"image\/jpeg\" \/>\n<meta name=\"author\" content=\"webmaster kapitalis\" \/>\n<meta name=\"twitter:card\" content=\"summary_large_image\" \/>\n<meta name=\"twitter:creator\" content=\"@KapitalisInfo\" \/>\n<meta name=\"twitter:site\" content=\"@KapitalisInfo\" \/>\n<meta name=\"twitter:label1\" content=\"\u00c9crit par\" \/>\n\t<meta name=\"twitter:data1\" content=\"webmaster kapitalis\" \/>\n\t<meta name=\"twitter:label2\" content=\"Dur\u00e9e de lecture estim\u00e9e\" \/>\n\t<meta name=\"twitter:data2\" content=\"5 minutes\" \/>\n<script type=\"application\/ld+json\" class=\"yoast-schema-graph\">{\"@context\":\"https:\/\/schema.org\",\"@graph\":[{\"@type\":\"Article\",\"@id\":\"https:\/\/kapitalis.com\/tunisie\/2022\/09\/24\/des-ong-tunisiennes-deurope-denoncent-la-nouvelle-loi-electorale\/#article\",\"isPartOf\":{\"@id\":\"https:\/\/kapitalis.com\/tunisie\/2022\/09\/24\/des-ong-tunisiennes-deurope-denoncent-la-nouvelle-loi-electorale\/\"},\"author\":{\"name\":\"webmaster kapitalis\",\"@id\":\"https:\/\/kapitalis.com\/tunisie\/#\/schema\/person\/d71f33a9ca44f7bad4698210b480c8e9\"},\"headline\":\"Des Ong tunisiennes d\u2019Europe d\u00e9noncent \u00a0la nouvelle loi \u00e9lectorale\",\"datePublished\":\"2022-09-24T06:47:35+00:00\",\"dateModified\":\"2022-09-24T06:47:36+00:00\",\"mainEntityOfPage\":{\"@id\":\"https:\/\/kapitalis.com\/tunisie\/2022\/09\/24\/des-ong-tunisiennes-deurope-denoncent-la-nouvelle-loi-electorale\/\"},\"wordCount\":926,\"commentCount\":3,\"publisher\":{\"@id\":\"https:\/\/kapitalis.com\/tunisie\/#organization\"},\"image\":{\"@id\":\"https:\/\/kapitalis.com\/tunisie\/2022\/09\/24\/des-ong-tunisiennes-deurope-denoncent-la-nouvelle-loi-electorale\/#primaryimage\"},\"thumbnailUrl\":\"https:\/\/kapitalis.com\/tunisie\/wp-content\/uploads\/2022\/09\/Elections.jpg\",\"keywords\":[\"Ka\u00efs Saied\",\"loi \u00e9lectorale\",\"Tunisiens r\u00e9sidents \u00e0 l'\u00e9tranger\"],\"articleSection\":[\"POLITIQUE\",\"Tunisie\"],\"inLanguage\":\"fr-FR\",\"potentialAction\":[{\"@type\":\"CommentAction\",\"name\":\"Comment\",\"target\":[\"https:\/\/kapitalis.com\/tunisie\/2022\/09\/24\/des-ong-tunisiennes-deurope-denoncent-la-nouvelle-loi-electorale\/#respond\"]}]},{\"@type\":\"WebPage\",\"@id\":\"https:\/\/kapitalis.com\/tunisie\/2022\/09\/24\/des-ong-tunisiennes-deurope-denoncent-la-nouvelle-loi-electorale\/\",\"url\":\"https:\/\/kapitalis.com\/tunisie\/2022\/09\/24\/des-ong-tunisiennes-deurope-denoncent-la-nouvelle-loi-electorale\/\",\"name\":\"Des Ong tunisiennes d\u2019Europe d\u00e9noncent \u00a0la nouvelle loi \u00e9lectorale - Kapitalis\",\"isPartOf\":{\"@id\":\"https:\/\/kapitalis.com\/tunisie\/#website\"},\"primaryImageOfPage\":{\"@id\":\"https:\/\/kapitalis.com\/tunisie\/2022\/09\/24\/des-ong-tunisiennes-deurope-denoncent-la-nouvelle-loi-electorale\/#primaryimage\"},\"image\":{\"@id\":\"https:\/\/kapitalis.com\/tunisie\/2022\/09\/24\/des-ong-tunisiennes-deurope-denoncent-la-nouvelle-loi-electorale\/#primaryimage\"},\"thumbnailUrl\":\"https:\/\/kapitalis.com\/tunisie\/wp-content\/uploads\/2022\/09\/Elections.jpg\",\"datePublished\":\"2022-09-24T06:47:35+00:00\",\"dateModified\":\"2022-09-24T06:47:36+00:00\",\"breadcrumb\":{\"@id\":\"https:\/\/kapitalis.com\/tunisie\/2022\/09\/24\/des-ong-tunisiennes-deurope-denoncent-la-nouvelle-loi-electorale\/#breadcrumb\"},\"inLanguage\":\"fr-FR\",\"potentialAction\":[{\"@type\":\"ReadAction\",\"target\":[\"https:\/\/kapitalis.com\/tunisie\/2022\/09\/24\/des-ong-tunisiennes-deurope-denoncent-la-nouvelle-loi-electorale\/\"]}]},{\"@type\":\"ImageObject\",\"inLanguage\":\"fr-FR\",\"@id\":\"https:\/\/kapitalis.com\/tunisie\/2022\/09\/24\/des-ong-tunisiennes-deurope-denoncent-la-nouvelle-loi-electorale\/#primaryimage\",\"url\":\"https:\/\/kapitalis.com\/tunisie\/wp-content\/uploads\/2022\/09\/Elections.jpg\",\"contentUrl\":\"https:\/\/kapitalis.com\/tunisie\/wp-content\/uploads\/2022\/09\/Elections.jpg\",\"width\":1200,\"height\":630},{\"@type\":\"BreadcrumbList\",\"@id\":\"https:\/\/kapitalis.com\/tunisie\/2022\/09\/24\/des-ong-tunisiennes-deurope-denoncent-la-nouvelle-loi-electorale\/#breadcrumb\",\"itemListElement\":[{\"@type\":\"ListItem\",\"position\":1,\"name\":\"Accueil\",\"item\":\"https:\/\/kapitalis.com\/tunisie\/\"},{\"@type\":\"ListItem\",\"position\":2,\"name\":\"Des Ong tunisiennes d\u2019Europe d\u00e9noncent \u00a0la nouvelle loi \u00e9lectorale\"}]},{\"@type\":\"WebSite\",\"@id\":\"https:\/\/kapitalis.com\/tunisie\/#website\",\"url\":\"https:\/\/kapitalis.com\/tunisie\/\",\"name\":\"Kapitalis\",\"description\":\"L&#039;actualit\u00e9 en Tunisie et dans le monde\",\"publisher\":{\"@id\":\"https:\/\/kapitalis.com\/tunisie\/#organization\"},\"potentialAction\":[{\"@type\":\"SearchAction\",\"target\":{\"@type\":\"EntryPoint\",\"urlTemplate\":\"https:\/\/kapitalis.com\/tunisie\/?s={search_term_string}\"},\"query-input\":{\"@type\":\"PropertyValueSpecification\",\"valueRequired\":true,\"valueName\":\"search_term_string\"}}],\"inLanguage\":\"fr-FR\"},{\"@type\":\"Organization\",\"@id\":\"https:\/\/kapitalis.com\/tunisie\/#organization\",\"name\":\"Kapitalis\",\"url\":\"https:\/\/kapitalis.com\/tunisie\/\",\"logo\":{\"@type\":\"ImageObject\",\"inLanguage\":\"fr-FR\",\"@id\":\"https:\/\/kapitalis.com\/tunisie\/#\/schema\/logo\/image\/\",\"url\":\"https:\/\/kapitalis.com\/tunisie\/wp-content\/uploads\/2022\/05\/Kapitalis-big-size.png\",\"contentUrl\":\"https:\/\/kapitalis.com\/tunisie\/wp-content\/uploads\/2022\/05\/Kapitalis-big-size.png\",\"width\":5000,\"height\":1500,\"caption\":\"Kapitalis\"},\"image\":{\"@id\":\"https:\/\/kapitalis.com\/tunisie\/#\/schema\/logo\/image\/\"},\"sameAs\":[\"https:\/\/www.facebook.com\/KapitalisInfo\/\",\"https:\/\/x.com\/KapitalisInfo\",\"https:\/\/www.youtube.com\/channel\/UC-yDYrHyfFBWWZaOw3FPg9Q\"]},{\"@type\":\"Person\",\"@id\":\"https:\/\/kapitalis.com\/tunisie\/#\/schema\/person\/d71f33a9ca44f7bad4698210b480c8e9\",\"name\":\"webmaster kapitalis\",\"url\":\"https:\/\/kapitalis.com\/tunisie\/author\/webmaster-kapitalis\/\"}]}<\/script>\n<!-- \/ Yoast SEO plugin. -->","yoast_head_json":{"title":"Des Ong tunisiennes d\u2019Europe d\u00e9noncent \u00a0la nouvelle loi \u00e9lectorale - Kapitalis","robots":{"index":"index","follow":"follow","max-snippet":"max-snippet:-1","max-image-preview":"max-image-preview:large","max-video-preview":"max-video-preview:-1"},"canonical":"https:\/\/kapitalis.com\/tunisie\/2022\/09\/24\/des-ong-tunisiennes-deurope-denoncent-la-nouvelle-loi-electorale\/","og_locale":"fr_FR","og_type":"article","og_title":"Des Ong tunisiennes d\u2019Europe d\u00e9noncent \u00a0la nouvelle loi \u00e9lectorale - Kapitalis","og_description":"Des associations de Tunisiens r\u00e9sidents \u00e0 l\u2019\u00e9tranger d\u00e9noncent la nouvelle loi \u00e9lectorale tunisienne.","og_url":"https:\/\/kapitalis.com\/tunisie\/2022\/09\/24\/des-ong-tunisiennes-deurope-denoncent-la-nouvelle-loi-electorale\/","og_site_name":"Kapitalis","article_publisher":"https:\/\/www.facebook.com\/KapitalisInfo\/","article_published_time":"2022-09-24T06:47:35+00:00","article_modified_time":"2022-09-24T06:47:36+00:00","og_image":[{"width":1200,"height":630,"url":"https:\/\/kapitalis.com\/tunisie\/wp-content\/uploads\/2022\/09\/Elections.jpg","type":"image\/jpeg"}],"author":"webmaster kapitalis","twitter_card":"summary_large_image","twitter_creator":"@KapitalisInfo","twitter_site":"@KapitalisInfo","twitter_misc":{"\u00c9crit par":"webmaster kapitalis","Dur\u00e9e de lecture estim\u00e9e":"5 minutes"},"schema":{"@context":"https:\/\/schema.org","@graph":[{"@type":"Article","@id":"https:\/\/kapitalis.com\/tunisie\/2022\/09\/24\/des-ong-tunisiennes-deurope-denoncent-la-nouvelle-loi-electorale\/#article","isPartOf":{"@id":"https:\/\/kapitalis.com\/tunisie\/2022\/09\/24\/des-ong-tunisiennes-deurope-denoncent-la-nouvelle-loi-electorale\/"},"author":{"name":"webmaster kapitalis","@id":"https:\/\/kapitalis.com\/tunisie\/#\/schema\/person\/d71f33a9ca44f7bad4698210b480c8e9"},"headline":"Des Ong tunisiennes d\u2019Europe d\u00e9noncent \u00a0la nouvelle loi \u00e9lectorale","datePublished":"2022-09-24T06:47:35+00:00","dateModified":"2022-09-24T06:47:36+00:00","mainEntityOfPage":{"@id":"https:\/\/kapitalis.com\/tunisie\/2022\/09\/24\/des-ong-tunisiennes-deurope-denoncent-la-nouvelle-loi-electorale\/"},"wordCount":926,"commentCount":3,"publisher":{"@id":"https:\/\/kapitalis.com\/tunisie\/#organization"},"image":{"@id":"https:\/\/kapitalis.com\/tunisie\/2022\/09\/24\/des-ong-tunisiennes-deurope-denoncent-la-nouvelle-loi-electorale\/#primaryimage"},"thumbnailUrl":"https:\/\/kapitalis.com\/tunisie\/wp-content\/uploads\/2022\/09\/Elections.jpg","keywords":["Ka\u00efs Saied","loi \u00e9lectorale","Tunisiens r\u00e9sidents \u00e0 l'\u00e9tranger"],"articleSection":["POLITIQUE","Tunisie"],"inLanguage":"fr-FR","potentialAction":[{"@type":"CommentAction","name":"Comment","target":["https:\/\/kapitalis.com\/tunisie\/2022\/09\/24\/des-ong-tunisiennes-deurope-denoncent-la-nouvelle-loi-electorale\/#respond"]}]},{"@type":"WebPage","@id":"https:\/\/kapitalis.com\/tunisie\/2022\/09\/24\/des-ong-tunisiennes-deurope-denoncent-la-nouvelle-loi-electorale\/","url":"https:\/\/kapitalis.com\/tunisie\/2022\/09\/24\/des-ong-tunisiennes-deurope-denoncent-la-nouvelle-loi-electorale\/","name":"Des Ong tunisiennes d\u2019Europe d\u00e9noncent \u00a0la nouvelle loi \u00e9lectorale - Kapitalis","isPartOf":{"@id":"https:\/\/kapitalis.com\/tunisie\/#website"},"primaryImageOfPage":{"@id":"https:\/\/kapitalis.com\/tunisie\/2022\/09\/24\/des-ong-tunisiennes-deurope-denoncent-la-nouvelle-loi-electorale\/#primaryimage"},"image":{"@id":"https:\/\/kapitalis.com\/tunisie\/2022\/09\/24\/des-ong-tunisiennes-deurope-denoncent-la-nouvelle-loi-electorale\/#primaryimage"},"thumbnailUrl":"https:\/\/kapitalis.com\/tunisie\/wp-content\/uploads\/2022\/09\/Elections.jpg","datePublished":"2022-09-24T06:47:35+00:00","dateModified":"2022-09-24T06:47:36+00:00","breadcrumb":{"@id":"https:\/\/kapitalis.com\/tunisie\/2022\/09\/24\/des-ong-tunisiennes-deurope-denoncent-la-nouvelle-loi-electorale\/#breadcrumb"},"inLanguage":"fr-FR","potentialAction":[{"@type":"ReadAction","target":["https:\/\/kapitalis.com\/tunisie\/2022\/09\/24\/des-ong-tunisiennes-deurope-denoncent-la-nouvelle-loi-electorale\/"]}]},{"@type":"ImageObject","inLanguage":"fr-FR","@id":"https:\/\/kapitalis.com\/tunisie\/2022\/09\/24\/des-ong-tunisiennes-deurope-denoncent-la-nouvelle-loi-electorale\/#primaryimage","url":"https:\/\/kapitalis.com\/tunisie\/wp-content\/uploads\/2022\/09\/Elections.jpg","contentUrl":"https:\/\/kapitalis.com\/tunisie\/wp-content\/uploads\/2022\/09\/Elections.jpg","width":1200,"height":630},{"@type":"BreadcrumbList","@id":"https:\/\/kapitalis.com\/tunisie\/2022\/09\/24\/des-ong-tunisiennes-deurope-denoncent-la-nouvelle-loi-electorale\/#breadcrumb","itemListElement":[{"@type":"ListItem","position":1,"name":"Accueil","item":"https:\/\/kapitalis.com\/tunisie\/"},{"@type":"ListItem","position":2,"name":"Des Ong tunisiennes d\u2019Europe d\u00e9noncent \u00a0la nouvelle loi \u00e9lectorale"}]},{"@type":"WebSite","@id":"https:\/\/kapitalis.com\/tunisie\/#website","url":"https:\/\/kapitalis.com\/tunisie\/","name":"Kapitalis","description":"L&#039;actualit\u00e9 en Tunisie et dans le monde","publisher":{"@id":"https:\/\/kapitalis.com\/tunisie\/#organization"},"potentialAction":[{"@type":"SearchAction","target":{"@type":"EntryPoint","urlTemplate":"https:\/\/kapitalis.com\/tunisie\/?s={search_term_string}"},"query-input":{"@type":"PropertyValueSpecification","valueRequired":true,"valueName":"search_term_string"}}],"inLanguage":"fr-FR"},{"@type":"Organization","@id":"https:\/\/kapitalis.com\/tunisie\/#organization","name":"Kapitalis","url":"https:\/\/kapitalis.com\/tunisie\/","logo":{"@type":"ImageObject","inLanguage":"fr-FR","@id":"https:\/\/kapitalis.com\/tunisie\/#\/schema\/logo\/image\/","url":"https:\/\/kapitalis.com\/tunisie\/wp-content\/uploads\/2022\/05\/Kapitalis-big-size.png","contentUrl":"https:\/\/kapitalis.com\/tunisie\/wp-content\/uploads\/2022\/05\/Kapitalis-big-size.png","width":5000,"height":1500,"caption":"Kapitalis"},"image":{"@id":"https:\/\/kapitalis.com\/tunisie\/#\/schema\/logo\/image\/"},"sameAs":["https:\/\/www.facebook.com\/KapitalisInfo\/","https:\/\/x.com\/KapitalisInfo","https:\/\/www.youtube.com\/channel\/UC-yDYrHyfFBWWZaOw3FPg9Q"]},{"@type":"Person","@id":"https:\/\/kapitalis.com\/tunisie\/#\/schema\/person\/d71f33a9ca44f7bad4698210b480c8e9","name":"webmaster kapitalis","url":"https:\/\/kapitalis.com\/tunisie\/author\/webmaster-kapitalis\/"}]}},"_links":{"self":[{"href":"https:\/\/kapitalis.com\/tunisie\/wp-json\/wp\/v2\/posts\/4237040","targetHints":{"allow":["GET"]}}],"collection":[{"href":"https:\/\/kapitalis.com\/tunisie\/wp-json\/wp\/v2\/posts"}],"about":[{"href":"https:\/\/kapitalis.com\/tunisie\/wp-json\/wp\/v2\/types\/post"}],"author":[{"embeddable":true,"href":"https:\/\/kapitalis.com\/tunisie\/wp-json\/wp\/v2\/users\/8"}],"replies":[{"embeddable":true,"href":"https:\/\/kapitalis.com\/tunisie\/wp-json\/wp\/v2\/comments?post=4237040"}],"version-history":[{"count":0,"href":"https:\/\/kapitalis.com\/tunisie\/wp-json\/wp\/v2\/posts\/4237040\/revisions"}],"wp:featuredmedia":[{"embeddable":true,"href":"https:\/\/kapitalis.com\/tunisie\/wp-json\/wp\/v2\/media\/4237231"}],"wp:attachment":[{"href":"https:\/\/kapitalis.com\/tunisie\/wp-json\/wp\/v2\/media?parent=4237040"}],"wp:term":[{"taxonomy":"category","embeddable":true,"href":"https:\/\/kapitalis.com\/tunisie\/wp-json\/wp\/v2\/categories?post=4237040"},{"taxonomy":"post_tag","embeddable":true,"href":"https:\/\/kapitalis.com\/tunisie\/wp-json\/wp\/v2\/tags?post=4237040"}],"curies":[{"name":"wp","href":"https:\/\/api.w.org\/{rel}","templated":true}]}}