{"id":42372,"date":"2016-03-07T07:48:53","date_gmt":"2016-03-07T06:48:53","guid":{"rendered":"http:\/\/kapitalis.com\/tunisie\/?p=42372"},"modified":"2016-03-07T08:54:20","modified_gmt":"2016-03-07T07:54:20","slug":"attaque-terroriste-de-ben-guerdane-la-route-de-djerba-securisee","status":"publish","type":"post","link":"https:\/\/kapitalis.com\/tunisie\/2016\/03\/07\/attaque-terroriste-de-ben-guerdane-la-route-de-djerba-securisee\/","title":{"rendered":"Attaque terroriste de Ben Guerdane : La route de Djerba s\u00e9curis\u00e9e"},"content":{"rendered":"<p style=\"text-align: center;\"><img loading=\"lazy\" decoding=\"async\" class=\"alignnone size-full wp-image-25942\" src=\"http:\/\/kapitalis.com\/tunisie\/wp-content\/uploads\/2015\/11\/djerba.jpg\" alt=\"djerba\" width=\"626\" height=\"380\" \/><\/p>\n<p style=\"text-align: left;\"><em><strong>Par mesure de s\u00e9curit\u00e9, la ville de Ben Guerdane a \u00e9t\u00e9 encercl\u00e9e par les forces arm\u00e9es et la route entre Ben Guerdane et Djerba s\u00e9curis\u00e9e.<\/strong> <\/em><\/p>\n<p style=\"text-align: left;\"><!--more--><\/p>\n<p style=\"text-align: left;\">Une attaque terroriste a \u00e9t\u00e9 d\u00e9clench\u00e9e ce lundi 7 mars 2016 \u00e0 l\u2019aube contre des postes militaires et s\u00e9curitaires dans la zone de Jallel \u00e0 Ben Guerdane, la ville frontali\u00e8re avec la Libye, d\u2019o\u00f9 les assaillants \u00e9taient venus.<\/p>\n<p style=\"text-align: left;\">Les affrontements se d\u00e9roulent encore et des bruits\u00a0 intermittents de fusillades et d\u2019explosions encore\u00a0 sont entendus au moment o\u00f9 nous mettions sous presse. Des renforts militaires sont arriv\u00e9s de tout le gouvernorat\u00a0 de M\u00e9denine et toutes les issues de la ville sont boucl\u00e9es.<\/p>\n<p style=\"text-align: left;\">La route vers l\u2019\u00eele touristique de Djerba a \u00e9galement \u00e9t\u00e9 s\u00e9curis\u00e9e pour emp\u00eacher les \u00e9l\u00e9ments terroristes, venus de Libye \u00e0 bords de v\u00e9hicules 4&#215;4, de se d\u00e9ployer dans la r\u00e9gion.<\/p>\n<p style=\"text-align: right;\"><strong>I. B.\u00a0<\/strong><\/p>\n","protected":false},"excerpt":{"rendered":"<p>Par mesure de s\u00e9curit\u00e9, la ville de Ben Guerdane a \u00e9t\u00e9 encercl\u00e9e par les forces arm\u00e9es et la route entre Ben Guerdane et Djerba s\u00e9curis\u00e9e.<\/p>\n","protected":false},"author":8,"featured_media":0,"comment_status":"open","ping_status":"open","sticky":false,"template":"","format":"standard","meta":{"footnotes":""},"categories":[998,2433],"tags":[2021,1818,284,5904,9763,591],"class_list":["post-42372","post","type-post","status-publish","format-standard","hentry","category-societe","category-tunisie","tag-attaque-terroriste","tag-ben-guerdane","tag-djerba","tag-explosions","tag-fusillades","tag-medenine"],"yoast_head":"<!-- This site is optimized with the Yoast SEO plugin v26.6 - https:\/\/yoast.com\/wordpress\/plugins\/seo\/ -->\n<title>Attaque terroriste de Ben Guerdane : La route de Djerba s\u00e9curis\u00e9e - Kapitalis<\/title>\n<meta name=\"robots\" content=\"index, follow, max-snippet:-1, max-image-preview:large, max-video-preview:-1\" \/>\n<link rel=\"canonical\" href=\"https:\/\/kapitalis.com\/tunisie\/2016\/03\/07\/attaque-terroriste-de-ben-guerdane-la-route-de-djerba-securisee\/\" \/>\n<meta property=\"og:locale\" content=\"fr_FR\" \/>\n<meta property=\"og:type\" content=\"article\" \/>\n<meta property=\"og:title\" content=\"Attaque terroriste de Ben Guerdane : La route de Djerba s\u00e9curis\u00e9e - Kapitalis\" \/>\n<meta property=\"og:description\" content=\"Par mesure de s\u00e9curit\u00e9, la ville de Ben Guerdane a \u00e9t\u00e9 encercl\u00e9e par les forces arm\u00e9es et la route entre Ben Guerdane et Djerba s\u00e9curis\u00e9e.\" \/>\n<meta property=\"og:url\" content=\"https:\/\/kapitalis.com\/tunisie\/2016\/03\/07\/attaque-terroriste-de-ben-guerdane-la-route-de-djerba-securisee\/\" \/>\n<meta property=\"og:site_name\" content=\"Kapitalis\" \/>\n<meta property=\"article:publisher\" content=\"https:\/\/www.facebook.com\/KapitalisInfo\/\" \/>\n<meta property=\"article:published_time\" content=\"2016-03-07T06:48:53+00:00\" \/>\n<meta property=\"article:modified_time\" content=\"2016-03-07T07:54:20+00:00\" \/>\n<meta property=\"og:image\" content=\"http:\/\/kapitalis.com\/tunisie\/wp-content\/uploads\/2015\/11\/djerba.jpg\" \/>\n<meta name=\"author\" content=\"webmaster kapitalis\" \/>\n<meta name=\"twitter:card\" content=\"summary_large_image\" \/>\n<meta name=\"twitter:creator\" content=\"@KapitalisInfo\" \/>\n<meta name=\"twitter:site\" content=\"@KapitalisInfo\" \/>\n<meta name=\"twitter:label1\" content=\"\u00c9crit par\" \/>\n\t<meta name=\"twitter:data1\" content=\"webmaster kapitalis\" \/>\n\t<meta name=\"twitter:label2\" content=\"Dur\u00e9e de lecture estim\u00e9e\" \/>\n\t<meta name=\"twitter:data2\" content=\"1 minute\" \/>\n<script type=\"application\/ld+json\" class=\"yoast-schema-graph\">{\"@context\":\"https:\/\/schema.org\",\"@graph\":[{\"@type\":\"Article\",\"@id\":\"https:\/\/kapitalis.com\/tunisie\/2016\/03\/07\/attaque-terroriste-de-ben-guerdane-la-route-de-djerba-securisee\/#article\",\"isPartOf\":{\"@id\":\"https:\/\/kapitalis.com\/tunisie\/2016\/03\/07\/attaque-terroriste-de-ben-guerdane-la-route-de-djerba-securisee\/\"},\"author\":{\"name\":\"webmaster kapitalis\",\"@id\":\"https:\/\/kapitalis.com\/tunisie\/#\/schema\/person\/d71f33a9ca44f7bad4698210b480c8e9\"},\"headline\":\"Attaque terroriste de Ben Guerdane : La route de Djerba s\u00e9curis\u00e9e\",\"datePublished\":\"2016-03-07T06:48:53+00:00\",\"dateModified\":\"2016-03-07T07:54:20+00:00\",\"mainEntityOfPage\":{\"@id\":\"https:\/\/kapitalis.com\/tunisie\/2016\/03\/07\/attaque-terroriste-de-ben-guerdane-la-route-de-djerba-securisee\/\"},\"wordCount\":169,\"commentCount\":0,\"publisher\":{\"@id\":\"https:\/\/kapitalis.com\/tunisie\/#organization\"},\"image\":{\"@id\":\"https:\/\/kapitalis.com\/tunisie\/2016\/03\/07\/attaque-terroriste-de-ben-guerdane-la-route-de-djerba-securisee\/#primaryimage\"},\"thumbnailUrl\":\"http:\/\/kapitalis.com\/tunisie\/wp-content\/uploads\/2015\/11\/djerba.jpg\",\"keywords\":[\"attaque terroriste\",\"Ben Guerdane\",\"Djerba\",\"explosions\",\"fusillades\",\"Medenine\"],\"articleSection\":[\"SOCIETE\",\"Tunisie\"],\"inLanguage\":\"fr-FR\",\"potentialAction\":[{\"@type\":\"CommentAction\",\"name\":\"Comment\",\"target\":[\"https:\/\/kapitalis.com\/tunisie\/2016\/03\/07\/attaque-terroriste-de-ben-guerdane-la-route-de-djerba-securisee\/#respond\"]}]},{\"@type\":\"WebPage\",\"@id\":\"https:\/\/kapitalis.com\/tunisie\/2016\/03\/07\/attaque-terroriste-de-ben-guerdane-la-route-de-djerba-securisee\/\",\"url\":\"https:\/\/kapitalis.com\/tunisie\/2016\/03\/07\/attaque-terroriste-de-ben-guerdane-la-route-de-djerba-securisee\/\",\"name\":\"Attaque terroriste de Ben Guerdane : La route de Djerba s\u00e9curis\u00e9e - Kapitalis\",\"isPartOf\":{\"@id\":\"https:\/\/kapitalis.com\/tunisie\/#website\"},\"primaryImageOfPage\":{\"@id\":\"https:\/\/kapitalis.com\/tunisie\/2016\/03\/07\/attaque-terroriste-de-ben-guerdane-la-route-de-djerba-securisee\/#primaryimage\"},\"image\":{\"@id\":\"https:\/\/kapitalis.com\/tunisie\/2016\/03\/07\/attaque-terroriste-de-ben-guerdane-la-route-de-djerba-securisee\/#primaryimage\"},\"thumbnailUrl\":\"http:\/\/kapitalis.com\/tunisie\/wp-content\/uploads\/2015\/11\/djerba.jpg\",\"datePublished\":\"2016-03-07T06:48:53+00:00\",\"dateModified\":\"2016-03-07T07:54:20+00:00\",\"breadcrumb\":{\"@id\":\"https:\/\/kapitalis.com\/tunisie\/2016\/03\/07\/attaque-terroriste-de-ben-guerdane-la-route-de-djerba-securisee\/#breadcrumb\"},\"inLanguage\":\"fr-FR\",\"potentialAction\":[{\"@type\":\"ReadAction\",\"target\":[\"https:\/\/kapitalis.com\/tunisie\/2016\/03\/07\/attaque-terroriste-de-ben-guerdane-la-route-de-djerba-securisee\/\"]}]},{\"@type\":\"ImageObject\",\"inLanguage\":\"fr-FR\",\"@id\":\"https:\/\/kapitalis.com\/tunisie\/2016\/03\/07\/attaque-terroriste-de-ben-guerdane-la-route-de-djerba-securisee\/#primaryimage\",\"url\":\"http:\/\/kapitalis.com\/tunisie\/wp-content\/uploads\/2015\/11\/djerba.jpg\",\"contentUrl\":\"http:\/\/kapitalis.com\/tunisie\/wp-content\/uploads\/2015\/11\/djerba.jpg\"},{\"@type\":\"BreadcrumbList\",\"@id\":\"https:\/\/kapitalis.com\/tunisie\/2016\/03\/07\/attaque-terroriste-de-ben-guerdane-la-route-de-djerba-securisee\/#breadcrumb\",\"itemListElement\":[{\"@type\":\"ListItem\",\"position\":1,\"name\":\"Accueil\",\"item\":\"https:\/\/kapitalis.com\/tunisie\/\"},{\"@type\":\"ListItem\",\"position\":2,\"name\":\"Attaque terroriste de Ben Guerdane : La route de Djerba s\u00e9curis\u00e9e\"}]},{\"@type\":\"WebSite\",\"@id\":\"https:\/\/kapitalis.com\/tunisie\/#website\",\"url\":\"https:\/\/kapitalis.com\/tunisie\/\",\"name\":\"Kapitalis\",\"description\":\"L&#039;actualit\u00e9 en Tunisie et dans le monde\",\"publisher\":{\"@id\":\"https:\/\/kapitalis.com\/tunisie\/#organization\"},\"potentialAction\":[{\"@type\":\"SearchAction\",\"target\":{\"@type\":\"EntryPoint\",\"urlTemplate\":\"https:\/\/kapitalis.com\/tunisie\/?s={search_term_string}\"},\"query-input\":{\"@type\":\"PropertyValueSpecification\",\"valueRequired\":true,\"valueName\":\"search_term_string\"}}],\"inLanguage\":\"fr-FR\"},{\"@type\":\"Organization\",\"@id\":\"https:\/\/kapitalis.com\/tunisie\/#organization\",\"name\":\"Kapitalis\",\"url\":\"https:\/\/kapitalis.com\/tunisie\/\",\"logo\":{\"@type\":\"ImageObject\",\"inLanguage\":\"fr-FR\",\"@id\":\"https:\/\/kapitalis.com\/tunisie\/#\/schema\/logo\/image\/\",\"url\":\"https:\/\/kapitalis.com\/tunisie\/wp-content\/uploads\/2022\/05\/Kapitalis-big-size.png\",\"contentUrl\":\"https:\/\/kapitalis.com\/tunisie\/wp-content\/uploads\/2022\/05\/Kapitalis-big-size.png\",\"width\":5000,\"height\":1500,\"caption\":\"Kapitalis\"},\"image\":{\"@id\":\"https:\/\/kapitalis.com\/tunisie\/#\/schema\/logo\/image\/\"},\"sameAs\":[\"https:\/\/www.facebook.com\/KapitalisInfo\/\",\"https:\/\/x.com\/KapitalisInfo\",\"https:\/\/www.youtube.com\/channel\/UC-yDYrHyfFBWWZaOw3FPg9Q\"]},{\"@type\":\"Person\",\"@id\":\"https:\/\/kapitalis.com\/tunisie\/#\/schema\/person\/d71f33a9ca44f7bad4698210b480c8e9\",\"name\":\"webmaster kapitalis\",\"url\":\"https:\/\/kapitalis.com\/tunisie\/author\/webmaster-kapitalis\/\"}]}<\/script>\n<!-- \/ Yoast SEO plugin. -->","yoast_head_json":{"title":"Attaque terroriste de Ben Guerdane : La route de Djerba s\u00e9curis\u00e9e - Kapitalis","robots":{"index":"index","follow":"follow","max-snippet":"max-snippet:-1","max-image-preview":"max-image-preview:large","max-video-preview":"max-video-preview:-1"},"canonical":"https:\/\/kapitalis.com\/tunisie\/2016\/03\/07\/attaque-terroriste-de-ben-guerdane-la-route-de-djerba-securisee\/","og_locale":"fr_FR","og_type":"article","og_title":"Attaque terroriste de Ben Guerdane : La route de Djerba s\u00e9curis\u00e9e - Kapitalis","og_description":"Par mesure de s\u00e9curit\u00e9, la ville de Ben Guerdane a \u00e9t\u00e9 encercl\u00e9e par les forces arm\u00e9es et la route entre Ben Guerdane et Djerba s\u00e9curis\u00e9e.","og_url":"https:\/\/kapitalis.com\/tunisie\/2016\/03\/07\/attaque-terroriste-de-ben-guerdane-la-route-de-djerba-securisee\/","og_site_name":"Kapitalis","article_publisher":"https:\/\/www.facebook.com\/KapitalisInfo\/","article_published_time":"2016-03-07T06:48:53+00:00","article_modified_time":"2016-03-07T07:54:20+00:00","og_image":[{"url":"http:\/\/kapitalis.com\/tunisie\/wp-content\/uploads\/2015\/11\/djerba.jpg","type":"","width":"","height":""}],"author":"webmaster kapitalis","twitter_card":"summary_large_image","twitter_creator":"@KapitalisInfo","twitter_site":"@KapitalisInfo","twitter_misc":{"\u00c9crit par":"webmaster kapitalis","Dur\u00e9e de lecture estim\u00e9e":"1 minute"},"schema":{"@context":"https:\/\/schema.org","@graph":[{"@type":"Article","@id":"https:\/\/kapitalis.com\/tunisie\/2016\/03\/07\/attaque-terroriste-de-ben-guerdane-la-route-de-djerba-securisee\/#article","isPartOf":{"@id":"https:\/\/kapitalis.com\/tunisie\/2016\/03\/07\/attaque-terroriste-de-ben-guerdane-la-route-de-djerba-securisee\/"},"author":{"name":"webmaster kapitalis","@id":"https:\/\/kapitalis.com\/tunisie\/#\/schema\/person\/d71f33a9ca44f7bad4698210b480c8e9"},"headline":"Attaque terroriste de Ben Guerdane : La route de Djerba s\u00e9curis\u00e9e","datePublished":"2016-03-07T06:48:53+00:00","dateModified":"2016-03-07T07:54:20+00:00","mainEntityOfPage":{"@id":"https:\/\/kapitalis.com\/tunisie\/2016\/03\/07\/attaque-terroriste-de-ben-guerdane-la-route-de-djerba-securisee\/"},"wordCount":169,"commentCount":0,"publisher":{"@id":"https:\/\/kapitalis.com\/tunisie\/#organization"},"image":{"@id":"https:\/\/kapitalis.com\/tunisie\/2016\/03\/07\/attaque-terroriste-de-ben-guerdane-la-route-de-djerba-securisee\/#primaryimage"},"thumbnailUrl":"http:\/\/kapitalis.com\/tunisie\/wp-content\/uploads\/2015\/11\/djerba.jpg","keywords":["attaque terroriste","Ben Guerdane","Djerba","explosions","fusillades","Medenine"],"articleSection":["SOCIETE","Tunisie"],"inLanguage":"fr-FR","potentialAction":[{"@type":"CommentAction","name":"Comment","target":["https:\/\/kapitalis.com\/tunisie\/2016\/03\/07\/attaque-terroriste-de-ben-guerdane-la-route-de-djerba-securisee\/#respond"]}]},{"@type":"WebPage","@id":"https:\/\/kapitalis.com\/tunisie\/2016\/03\/07\/attaque-terroriste-de-ben-guerdane-la-route-de-djerba-securisee\/","url":"https:\/\/kapitalis.com\/tunisie\/2016\/03\/07\/attaque-terroriste-de-ben-guerdane-la-route-de-djerba-securisee\/","name":"Attaque terroriste de Ben Guerdane : La route de Djerba s\u00e9curis\u00e9e - Kapitalis","isPartOf":{"@id":"https:\/\/kapitalis.com\/tunisie\/#website"},"primaryImageOfPage":{"@id":"https:\/\/kapitalis.com\/tunisie\/2016\/03\/07\/attaque-terroriste-de-ben-guerdane-la-route-de-djerba-securisee\/#primaryimage"},"image":{"@id":"https:\/\/kapitalis.com\/tunisie\/2016\/03\/07\/attaque-terroriste-de-ben-guerdane-la-route-de-djerba-securisee\/#primaryimage"},"thumbnailUrl":"http:\/\/kapitalis.com\/tunisie\/wp-content\/uploads\/2015\/11\/djerba.jpg","datePublished":"2016-03-07T06:48:53+00:00","dateModified":"2016-03-07T07:54:20+00:00","breadcrumb":{"@id":"https:\/\/kapitalis.com\/tunisie\/2016\/03\/07\/attaque-terroriste-de-ben-guerdane-la-route-de-djerba-securisee\/#breadcrumb"},"inLanguage":"fr-FR","potentialAction":[{"@type":"ReadAction","target":["https:\/\/kapitalis.com\/tunisie\/2016\/03\/07\/attaque-terroriste-de-ben-guerdane-la-route-de-djerba-securisee\/"]}]},{"@type":"ImageObject","inLanguage":"fr-FR","@id":"https:\/\/kapitalis.com\/tunisie\/2016\/03\/07\/attaque-terroriste-de-ben-guerdane-la-route-de-djerba-securisee\/#primaryimage","url":"http:\/\/kapitalis.com\/tunisie\/wp-content\/uploads\/2015\/11\/djerba.jpg","contentUrl":"http:\/\/kapitalis.com\/tunisie\/wp-content\/uploads\/2015\/11\/djerba.jpg"},{"@type":"BreadcrumbList","@id":"https:\/\/kapitalis.com\/tunisie\/2016\/03\/07\/attaque-terroriste-de-ben-guerdane-la-route-de-djerba-securisee\/#breadcrumb","itemListElement":[{"@type":"ListItem","position":1,"name":"Accueil","item":"https:\/\/kapitalis.com\/tunisie\/"},{"@type":"ListItem","position":2,"name":"Attaque terroriste de Ben Guerdane : La route de Djerba s\u00e9curis\u00e9e"}]},{"@type":"WebSite","@id":"https:\/\/kapitalis.com\/tunisie\/#website","url":"https:\/\/kapitalis.com\/tunisie\/","name":"Kapitalis","description":"L&#039;actualit\u00e9 en Tunisie et dans le monde","publisher":{"@id":"https:\/\/kapitalis.com\/tunisie\/#organization"},"potentialAction":[{"@type":"SearchAction","target":{"@type":"EntryPoint","urlTemplate":"https:\/\/kapitalis.com\/tunisie\/?s={search_term_string}"},"query-input":{"@type":"PropertyValueSpecification","valueRequired":true,"valueName":"search_term_string"}}],"inLanguage":"fr-FR"},{"@type":"Organization","@id":"https:\/\/kapitalis.com\/tunisie\/#organization","name":"Kapitalis","url":"https:\/\/kapitalis.com\/tunisie\/","logo":{"@type":"ImageObject","inLanguage":"fr-FR","@id":"https:\/\/kapitalis.com\/tunisie\/#\/schema\/logo\/image\/","url":"https:\/\/kapitalis.com\/tunisie\/wp-content\/uploads\/2022\/05\/Kapitalis-big-size.png","contentUrl":"https:\/\/kapitalis.com\/tunisie\/wp-content\/uploads\/2022\/05\/Kapitalis-big-size.png","width":5000,"height":1500,"caption":"Kapitalis"},"image":{"@id":"https:\/\/kapitalis.com\/tunisie\/#\/schema\/logo\/image\/"},"sameAs":["https:\/\/www.facebook.com\/KapitalisInfo\/","https:\/\/x.com\/KapitalisInfo","https:\/\/www.youtube.com\/channel\/UC-yDYrHyfFBWWZaOw3FPg9Q"]},{"@type":"Person","@id":"https:\/\/kapitalis.com\/tunisie\/#\/schema\/person\/d71f33a9ca44f7bad4698210b480c8e9","name":"webmaster kapitalis","url":"https:\/\/kapitalis.com\/tunisie\/author\/webmaster-kapitalis\/"}]}},"_links":{"self":[{"href":"https:\/\/kapitalis.com\/tunisie\/wp-json\/wp\/v2\/posts\/42372","targetHints":{"allow":["GET"]}}],"collection":[{"href":"https:\/\/kapitalis.com\/tunisie\/wp-json\/wp\/v2\/posts"}],"about":[{"href":"https:\/\/kapitalis.com\/tunisie\/wp-json\/wp\/v2\/types\/post"}],"author":[{"embeddable":true,"href":"https:\/\/kapitalis.com\/tunisie\/wp-json\/wp\/v2\/users\/8"}],"replies":[{"embeddable":true,"href":"https:\/\/kapitalis.com\/tunisie\/wp-json\/wp\/v2\/comments?post=42372"}],"version-history":[{"count":0,"href":"https:\/\/kapitalis.com\/tunisie\/wp-json\/wp\/v2\/posts\/42372\/revisions"}],"wp:attachment":[{"href":"https:\/\/kapitalis.com\/tunisie\/wp-json\/wp\/v2\/media?parent=42372"}],"wp:term":[{"taxonomy":"category","embeddable":true,"href":"https:\/\/kapitalis.com\/tunisie\/wp-json\/wp\/v2\/categories?post=42372"},{"taxonomy":"post_tag","embeddable":true,"href":"https:\/\/kapitalis.com\/tunisie\/wp-json\/wp\/v2\/tags?post=42372"}],"curies":[{"name":"wp","href":"https:\/\/api.w.org\/{rel}","templated":true}]}}