{"id":4242583,"date":"2022-09-24T13:23:36","date_gmt":"2022-09-24T12:23:36","guid":{"rendered":"https:\/\/kapitalis.com\/tunisie\/?p=4242583"},"modified":"2022-09-24T13:23:38","modified_gmt":"2022-09-24T12:23:38","slug":"tunisie-une-loi-electorale-discriminatoire-et-qui-tue-la-politique-abderrazek-al-mokhtar","status":"publish","type":"post","link":"https:\/\/kapitalis.com\/tunisie\/2022\/09\/24\/tunisie-une-loi-electorale-discriminatoire-et-qui-tue-la-politique-abderrazek-al-mokhtar\/","title":{"rendered":"Tunisie : \u00abUne loi \u00e9lectorale discriminatoire et qui tue la politique\u00bb (Abderrazek Al-Mokhtar)"},"content":{"rendered":"\n<p><strong><em>Le professeur de droit public Abderrazek Al-Mokhtar a estim\u00e9 que le principal danger du d\u00e9cret n\u00b0 55 portant amendement de la loi \u00e9lectorale r\u00e9side dans \u00able glissement dans un carr\u00e9 antid\u00e9mocratique\u00bb, selon ses termes.<\/em><\/strong><\/p>\n\n\n\n<!--more-->\n\n\n\n<p>L\u2019universitaire, qui intervenait lors d\u2019un symposium organis\u00e9 par l\u2019Observatoire Chahed pour la surveillance des \u00e9lections et des transformations d\u00e9mocratiques et consacr\u00e9 aux \u00e9lections l\u00e9gislatives du 17 d\u00e9cembre prochain \u00e0 la lumi\u00e8re des d\u00e9crets-lois n\u00b0 54 et n\u00b0 55 de 2022, a expliqu\u00e9 que le risque r\u00e9side dans le nouveau syst\u00e8me \u00e9lectoral bas\u00e9 sur le scrutin uninominal \u00e0 deux tours.<\/p>\n\n\n\n<p><em>\u00abAussi attrayant qu\u2019il soit en apparence, ce syst\u00e8me implique plus fondamentalement des glissements dangereux dans un carr\u00e9 antid\u00e9mocratique\u00bb,<\/em> a d\u00e9clar\u00e9 M. Al-Mokhtar. Et d\u2019ajouter&nbsp;: <em>\u00abLe premier est qu\u2019il n\u2019y a pas d\u2019identit\u00e9 politique pour les participants, et cela va ouvrir la voie \u00e0 la marginalisation et \u00e0 la mort de la politique, \u00e9tant donn\u00e9 que l\u2019identit\u00e9 politique du candidat sera \u00e9vanescente ou inconnue.\u00bb<\/em><\/p>\n\n\n\n<p>L\u2019autre glissement dangereux concerne la discrimination anticonstitutionnelle que la nouvelle loi \u00e9tablit entre les d\u00e9tenteurs de la nationalit\u00e9 tunisienne et ceux qui en ont une seconde, ce qui affecte le principe constitutionnel d\u2019\u00e9galit\u00e9.<\/p>\n\n\n\n<p>Le troisi\u00e8me glissement concerne les risques li\u00e9s au fait de lier le candidat \u00e0 la circonscription \u00e9lectorale o\u00f9 il se pr\u00e9sente. L\u2019\u00e9ventuel futur d\u00e9put\u00e9 ne sera pas un repr\u00e9sentant du peuple, mais de sa r\u00e9gion, puisqu\u2019il peut se voir retirer son mandat \u00e0 la demande du tiers de ses \u00e9lecteurs. <\/p>\n\n\n\n<figure class=\"wp-block-embed is-type-wp-embed is-provider-kapitalis wp-block-embed-kapitalis\"><div class=\"wp-block-embed__wrapper\">\n<blockquote class=\"wp-embedded-content\" data-secret=\"pMsQ5BLVWE\"><a href=\"https:\/\/kapitalis.com\/tunisie\/2022\/09\/24\/tunisie-kais-saied-viole-sa-constitution-slim-laghmani\/\">Tunisie : \u00abKa\u00efs Sa\u00efed viole \u2018\u2018sa\u2019\u2019 constitution\u00bb (Slim Laghmani)<\/a><\/blockquote><iframe loading=\"lazy\" class=\"wp-embedded-content\" sandbox=\"allow-scripts\" security=\"restricted\" style=\"position: absolute; clip: rect(1px, 1px, 1px, 1px);\" title=\"\u00ab\u00a0Tunisie : \u00abKa\u00efs Sa\u00efed viole \u2018\u2018sa\u2019\u2019 constitution\u00bb (Slim Laghmani)\u00a0\u00bb &#8212; Kapitalis\" src=\"https:\/\/kapitalis.com\/tunisie\/2022\/09\/24\/tunisie-kais-saied-viole-sa-constitution-slim-laghmani\/embed\/#?secret=lD5tAbWjL4#?secret=pMsQ5BLVWE\" data-secret=\"pMsQ5BLVWE\" width=\"600\" height=\"338\" frameborder=\"0\" marginwidth=\"0\" marginheight=\"0\" scrolling=\"no\"><\/iframe>\n<\/div><\/figure>\n\n\n\n<p>Par sa sophistication, qui n\u2019encourage pas les citoyens \u00e0 pr\u00e9senter leur candidature, le syst\u00e8me des parrainages adopt\u00e9 pr\u00e9sente lui aussi des dangers, car il sera difficile \u00e0 un candidat de rassembler les 400 parrainages exig\u00e9s, \u00e0 moiti\u00e9 des femmes et au quart des jeunes, qui plus est exclusivement dans sa circonscription.<\/p>\n\n\n\n<p>Le professeur de droit public a \u00e9galement estim\u00e9 que la loi \u00e9lectorale dans sa nouvelle version marginalise les femmes et les jeunes, qui auront plus de mal \u00e0 rassembler le nombre exig\u00e9 de parrainages, au profit des notables locaux, qui sont g\u00e9n\u00e9ralement des hommes adoss\u00e9s \u00e0 une soci\u00e9t\u00e9 patriarcale, o\u00f9 le lien clanique et\/ou tribal est tr\u00e8s fort. Les candidats seront, par cons\u00e9quent, des personnes d\u2019un certain \u00e2ge, sans identit\u00e9 politique connue, socialement influentes, soutenues par des milieux politiques ou financiers ou issues de grands partis.<\/p>\n\n\n\n<p>Quant au d\u00e9coupage \u00e9lectoral propos\u00e9 par la nouvelle loi, Al-Mokhtar estime qu\u2019il n\u2019est fond\u00e9 sur &nbsp;aucun crit\u00e8re scientifique ou rationnel et qu\u2019il suscitera beaucoup de probl\u00e8mes sur le terrain.<\/p>\n\n\n\n<p>Le professeur de droit public a \u00e9galement exprim\u00e9 des r\u00e9serves vis-\u00e0-vis du d\u00e9cret n\u00b0 54, cens\u00e9 combattre les <em>fake news<\/em> et la diffamation sur les r\u00e9seaux sociaux, qui n\u2019est pas, selon lui, favorable \u00e0 la libert\u00e9 d&rsquo;expression et \u00e0 la libert\u00e9 de pens\u00e9e et constitue une atteinte aux droits de l\u2019homme, ajoutant que les \u00e9lections ne peuvent pas \u00eatre libres en vertu d\u2019un d\u00e9cret qui fait taire les bouches et repr\u00e9sente une \u00e9p\u00e9e de Damocl\u00e8s suspendue sur la t\u00eate des gens.<\/p>\n\n\n\n<p>Les textes juridiques existants auraient largement suffit \u00e0 traiter les ph\u00e9nom\u00e8nes n\u00e9gatifs cibl\u00e9s par le nouveau d\u00e9cret, a encore soulign\u00e9 Al-Mokhtar.<\/p>\n\n\n\n<p class=\"has-text-align-right\"><strong>I. B.<\/strong><\/p>\n","protected":false},"excerpt":{"rendered":"<p>Les candidats aux l\u00e9gislatives du 17 d\u00e9cembre prochain en Tunisie seront des personnes d\u2019un certain \u00e2ge, sans identit\u00e9 politique connue, socialement influentes, soutenues par des milieux politiques ou financiers ou issues de grands partis.<\/p>\n","protected":false},"author":8,"featured_media":4242700,"comment_status":"open","ping_status":"open","sticky":false,"template":"","format":"standard","meta":{"footnotes":""},"categories":[997,2433],"tags":[103081,76012,9031,43626,62643],"class_list":["post-4242583","post","type-post","status-publish","format-standard","has-post-thumbnail","hentry","category-politique","category-tunisie","tag-abderrazek-al-mokhtar","tag-kais-saied-2","tag-legislatives","tag-loi-electorale","tag-tunisie"],"yoast_head":"<!-- This site is optimized with the Yoast SEO plugin v26.6 - https:\/\/yoast.com\/wordpress\/plugins\/seo\/ -->\n<title>Tunisie : \u00abUne loi \u00e9lectorale discriminatoire et qui tue la politique\u00bb (Abderrazek Al-Mokhtar) - Kapitalis<\/title>\n<meta name=\"robots\" content=\"index, follow, max-snippet:-1, max-image-preview:large, max-video-preview:-1\" \/>\n<link rel=\"canonical\" href=\"https:\/\/kapitalis.com\/tunisie\/2022\/09\/24\/tunisie-une-loi-electorale-discriminatoire-et-qui-tue-la-politique-abderrazek-al-mokhtar\/\" \/>\n<meta property=\"og:locale\" content=\"fr_FR\" \/>\n<meta property=\"og:type\" content=\"article\" \/>\n<meta property=\"og:title\" content=\"Tunisie : \u00abUne loi \u00e9lectorale discriminatoire et qui tue la politique\u00bb (Abderrazek Al-Mokhtar) - Kapitalis\" \/>\n<meta property=\"og:description\" content=\"Les candidats aux l\u00e9gislatives du 17 d\u00e9cembre prochain en Tunisie seront des personnes d\u2019un certain \u00e2ge, sans identit\u00e9 politique connue, socialement influentes, soutenues par des milieux politiques ou financiers ou issues de grands partis.\" \/>\n<meta property=\"og:url\" content=\"https:\/\/kapitalis.com\/tunisie\/2022\/09\/24\/tunisie-une-loi-electorale-discriminatoire-et-qui-tue-la-politique-abderrazek-al-mokhtar\/\" \/>\n<meta property=\"og:site_name\" content=\"Kapitalis\" \/>\n<meta property=\"article:publisher\" content=\"https:\/\/www.facebook.com\/KapitalisInfo\/\" \/>\n<meta property=\"article:published_time\" content=\"2022-09-24T12:23:36+00:00\" \/>\n<meta property=\"article:modified_time\" content=\"2022-09-24T12:23:38+00:00\" \/>\n<meta property=\"og:image\" content=\"https:\/\/kapitalis.com\/tunisie\/wp-content\/uploads\/2022\/09\/Abderrazek-Al-Mokhtar.jpg\" \/>\n\t<meta property=\"og:image:width\" content=\"1200\" \/>\n\t<meta property=\"og:image:height\" content=\"630\" \/>\n\t<meta property=\"og:image:type\" content=\"image\/jpeg\" \/>\n<meta name=\"author\" content=\"webmaster kapitalis\" \/>\n<meta name=\"twitter:card\" content=\"summary_large_image\" \/>\n<meta name=\"twitter:creator\" content=\"@KapitalisInfo\" \/>\n<meta name=\"twitter:site\" content=\"@KapitalisInfo\" \/>\n<meta name=\"twitter:label1\" content=\"\u00c9crit par\" \/>\n\t<meta name=\"twitter:data1\" content=\"webmaster kapitalis\" \/>\n\t<meta name=\"twitter:label2\" content=\"Dur\u00e9e de lecture estim\u00e9e\" \/>\n\t<meta name=\"twitter:data2\" content=\"3 minutes\" \/>\n<script type=\"application\/ld+json\" class=\"yoast-schema-graph\">{\"@context\":\"https:\/\/schema.org\",\"@graph\":[{\"@type\":\"Article\",\"@id\":\"https:\/\/kapitalis.com\/tunisie\/2022\/09\/24\/tunisie-une-loi-electorale-discriminatoire-et-qui-tue-la-politique-abderrazek-al-mokhtar\/#article\",\"isPartOf\":{\"@id\":\"https:\/\/kapitalis.com\/tunisie\/2022\/09\/24\/tunisie-une-loi-electorale-discriminatoire-et-qui-tue-la-politique-abderrazek-al-mokhtar\/\"},\"author\":{\"name\":\"webmaster kapitalis\",\"@id\":\"https:\/\/kapitalis.com\/tunisie\/#\/schema\/person\/d71f33a9ca44f7bad4698210b480c8e9\"},\"headline\":\"Tunisie : \u00abUne loi \u00e9lectorale discriminatoire et qui tue la politique\u00bb (Abderrazek Al-Mokhtar)\",\"datePublished\":\"2022-09-24T12:23:36+00:00\",\"dateModified\":\"2022-09-24T12:23:38+00:00\",\"mainEntityOfPage\":{\"@id\":\"https:\/\/kapitalis.com\/tunisie\/2022\/09\/24\/tunisie-une-loi-electorale-discriminatoire-et-qui-tue-la-politique-abderrazek-al-mokhtar\/\"},\"wordCount\":577,\"commentCount\":1,\"publisher\":{\"@id\":\"https:\/\/kapitalis.com\/tunisie\/#organization\"},\"image\":{\"@id\":\"https:\/\/kapitalis.com\/tunisie\/2022\/09\/24\/tunisie-une-loi-electorale-discriminatoire-et-qui-tue-la-politique-abderrazek-al-mokhtar\/#primaryimage\"},\"thumbnailUrl\":\"https:\/\/kapitalis.com\/tunisie\/wp-content\/uploads\/2022\/09\/Abderrazek-Al-Mokhtar.jpg\",\"keywords\":[\"Abderrazek Al-Mokhtar\",\"Ka\u00efs Sa\u00efed\",\"l\u00e9gislatives\",\"loi \u00e9lectorale\",\"Tunisie\"],\"articleSection\":[\"POLITIQUE\",\"Tunisie\"],\"inLanguage\":\"fr-FR\",\"potentialAction\":[{\"@type\":\"CommentAction\",\"name\":\"Comment\",\"target\":[\"https:\/\/kapitalis.com\/tunisie\/2022\/09\/24\/tunisie-une-loi-electorale-discriminatoire-et-qui-tue-la-politique-abderrazek-al-mokhtar\/#respond\"]}]},{\"@type\":\"WebPage\",\"@id\":\"https:\/\/kapitalis.com\/tunisie\/2022\/09\/24\/tunisie-une-loi-electorale-discriminatoire-et-qui-tue-la-politique-abderrazek-al-mokhtar\/\",\"url\":\"https:\/\/kapitalis.com\/tunisie\/2022\/09\/24\/tunisie-une-loi-electorale-discriminatoire-et-qui-tue-la-politique-abderrazek-al-mokhtar\/\",\"name\":\"Tunisie : \u00abUne loi \u00e9lectorale discriminatoire et qui tue la politique\u00bb (Abderrazek Al-Mokhtar) - Kapitalis\",\"isPartOf\":{\"@id\":\"https:\/\/kapitalis.com\/tunisie\/#website\"},\"primaryImageOfPage\":{\"@id\":\"https:\/\/kapitalis.com\/tunisie\/2022\/09\/24\/tunisie-une-loi-electorale-discriminatoire-et-qui-tue-la-politique-abderrazek-al-mokhtar\/#primaryimage\"},\"image\":{\"@id\":\"https:\/\/kapitalis.com\/tunisie\/2022\/09\/24\/tunisie-une-loi-electorale-discriminatoire-et-qui-tue-la-politique-abderrazek-al-mokhtar\/#primaryimage\"},\"thumbnailUrl\":\"https:\/\/kapitalis.com\/tunisie\/wp-content\/uploads\/2022\/09\/Abderrazek-Al-Mokhtar.jpg\",\"datePublished\":\"2022-09-24T12:23:36+00:00\",\"dateModified\":\"2022-09-24T12:23:38+00:00\",\"breadcrumb\":{\"@id\":\"https:\/\/kapitalis.com\/tunisie\/2022\/09\/24\/tunisie-une-loi-electorale-discriminatoire-et-qui-tue-la-politique-abderrazek-al-mokhtar\/#breadcrumb\"},\"inLanguage\":\"fr-FR\",\"potentialAction\":[{\"@type\":\"ReadAction\",\"target\":[\"https:\/\/kapitalis.com\/tunisie\/2022\/09\/24\/tunisie-une-loi-electorale-discriminatoire-et-qui-tue-la-politique-abderrazek-al-mokhtar\/\"]}]},{\"@type\":\"ImageObject\",\"inLanguage\":\"fr-FR\",\"@id\":\"https:\/\/kapitalis.com\/tunisie\/2022\/09\/24\/tunisie-une-loi-electorale-discriminatoire-et-qui-tue-la-politique-abderrazek-al-mokhtar\/#primaryimage\",\"url\":\"https:\/\/kapitalis.com\/tunisie\/wp-content\/uploads\/2022\/09\/Abderrazek-Al-Mokhtar.jpg\",\"contentUrl\":\"https:\/\/kapitalis.com\/tunisie\/wp-content\/uploads\/2022\/09\/Abderrazek-Al-Mokhtar.jpg\",\"width\":1200,\"height\":630},{\"@type\":\"BreadcrumbList\",\"@id\":\"https:\/\/kapitalis.com\/tunisie\/2022\/09\/24\/tunisie-une-loi-electorale-discriminatoire-et-qui-tue-la-politique-abderrazek-al-mokhtar\/#breadcrumb\",\"itemListElement\":[{\"@type\":\"ListItem\",\"position\":1,\"name\":\"Accueil\",\"item\":\"https:\/\/kapitalis.com\/tunisie\/\"},{\"@type\":\"ListItem\",\"position\":2,\"name\":\"Tunisie : \u00abUne loi \u00e9lectorale discriminatoire et qui tue la politique\u00bb (Abderrazek Al-Mokhtar)\"}]},{\"@type\":\"WebSite\",\"@id\":\"https:\/\/kapitalis.com\/tunisie\/#website\",\"url\":\"https:\/\/kapitalis.com\/tunisie\/\",\"name\":\"Kapitalis\",\"description\":\"L&#039;actualit\u00e9 en Tunisie et dans le monde\",\"publisher\":{\"@id\":\"https:\/\/kapitalis.com\/tunisie\/#organization\"},\"potentialAction\":[{\"@type\":\"SearchAction\",\"target\":{\"@type\":\"EntryPoint\",\"urlTemplate\":\"https:\/\/kapitalis.com\/tunisie\/?s={search_term_string}\"},\"query-input\":{\"@type\":\"PropertyValueSpecification\",\"valueRequired\":true,\"valueName\":\"search_term_string\"}}],\"inLanguage\":\"fr-FR\"},{\"@type\":\"Organization\",\"@id\":\"https:\/\/kapitalis.com\/tunisie\/#organization\",\"name\":\"Kapitalis\",\"url\":\"https:\/\/kapitalis.com\/tunisie\/\",\"logo\":{\"@type\":\"ImageObject\",\"inLanguage\":\"fr-FR\",\"@id\":\"https:\/\/kapitalis.com\/tunisie\/#\/schema\/logo\/image\/\",\"url\":\"https:\/\/kapitalis.com\/tunisie\/wp-content\/uploads\/2022\/05\/Kapitalis-big-size.png\",\"contentUrl\":\"https:\/\/kapitalis.com\/tunisie\/wp-content\/uploads\/2022\/05\/Kapitalis-big-size.png\",\"width\":5000,\"height\":1500,\"caption\":\"Kapitalis\"},\"image\":{\"@id\":\"https:\/\/kapitalis.com\/tunisie\/#\/schema\/logo\/image\/\"},\"sameAs\":[\"https:\/\/www.facebook.com\/KapitalisInfo\/\",\"https:\/\/x.com\/KapitalisInfo\",\"https:\/\/www.youtube.com\/channel\/UC-yDYrHyfFBWWZaOw3FPg9Q\"]},{\"@type\":\"Person\",\"@id\":\"https:\/\/kapitalis.com\/tunisie\/#\/schema\/person\/d71f33a9ca44f7bad4698210b480c8e9\",\"name\":\"webmaster kapitalis\",\"url\":\"https:\/\/kapitalis.com\/tunisie\/author\/webmaster-kapitalis\/\"}]}<\/script>\n<!-- \/ Yoast SEO plugin. -->","yoast_head_json":{"title":"Tunisie : \u00abUne loi \u00e9lectorale discriminatoire et qui tue la politique\u00bb (Abderrazek Al-Mokhtar) - Kapitalis","robots":{"index":"index","follow":"follow","max-snippet":"max-snippet:-1","max-image-preview":"max-image-preview:large","max-video-preview":"max-video-preview:-1"},"canonical":"https:\/\/kapitalis.com\/tunisie\/2022\/09\/24\/tunisie-une-loi-electorale-discriminatoire-et-qui-tue-la-politique-abderrazek-al-mokhtar\/","og_locale":"fr_FR","og_type":"article","og_title":"Tunisie : \u00abUne loi \u00e9lectorale discriminatoire et qui tue la politique\u00bb (Abderrazek Al-Mokhtar) - Kapitalis","og_description":"Les candidats aux l\u00e9gislatives du 17 d\u00e9cembre prochain en Tunisie seront des personnes d\u2019un certain \u00e2ge, sans identit\u00e9 politique connue, socialement influentes, soutenues par des milieux politiques ou financiers ou issues de grands partis.","og_url":"https:\/\/kapitalis.com\/tunisie\/2022\/09\/24\/tunisie-une-loi-electorale-discriminatoire-et-qui-tue-la-politique-abderrazek-al-mokhtar\/","og_site_name":"Kapitalis","article_publisher":"https:\/\/www.facebook.com\/KapitalisInfo\/","article_published_time":"2022-09-24T12:23:36+00:00","article_modified_time":"2022-09-24T12:23:38+00:00","og_image":[{"width":1200,"height":630,"url":"https:\/\/kapitalis.com\/tunisie\/wp-content\/uploads\/2022\/09\/Abderrazek-Al-Mokhtar.jpg","type":"image\/jpeg"}],"author":"webmaster kapitalis","twitter_card":"summary_large_image","twitter_creator":"@KapitalisInfo","twitter_site":"@KapitalisInfo","twitter_misc":{"\u00c9crit par":"webmaster kapitalis","Dur\u00e9e de lecture estim\u00e9e":"3 minutes"},"schema":{"@context":"https:\/\/schema.org","@graph":[{"@type":"Article","@id":"https:\/\/kapitalis.com\/tunisie\/2022\/09\/24\/tunisie-une-loi-electorale-discriminatoire-et-qui-tue-la-politique-abderrazek-al-mokhtar\/#article","isPartOf":{"@id":"https:\/\/kapitalis.com\/tunisie\/2022\/09\/24\/tunisie-une-loi-electorale-discriminatoire-et-qui-tue-la-politique-abderrazek-al-mokhtar\/"},"author":{"name":"webmaster kapitalis","@id":"https:\/\/kapitalis.com\/tunisie\/#\/schema\/person\/d71f33a9ca44f7bad4698210b480c8e9"},"headline":"Tunisie : \u00abUne loi \u00e9lectorale discriminatoire et qui tue la politique\u00bb (Abderrazek Al-Mokhtar)","datePublished":"2022-09-24T12:23:36+00:00","dateModified":"2022-09-24T12:23:38+00:00","mainEntityOfPage":{"@id":"https:\/\/kapitalis.com\/tunisie\/2022\/09\/24\/tunisie-une-loi-electorale-discriminatoire-et-qui-tue-la-politique-abderrazek-al-mokhtar\/"},"wordCount":577,"commentCount":1,"publisher":{"@id":"https:\/\/kapitalis.com\/tunisie\/#organization"},"image":{"@id":"https:\/\/kapitalis.com\/tunisie\/2022\/09\/24\/tunisie-une-loi-electorale-discriminatoire-et-qui-tue-la-politique-abderrazek-al-mokhtar\/#primaryimage"},"thumbnailUrl":"https:\/\/kapitalis.com\/tunisie\/wp-content\/uploads\/2022\/09\/Abderrazek-Al-Mokhtar.jpg","keywords":["Abderrazek Al-Mokhtar","Ka\u00efs Sa\u00efed","l\u00e9gislatives","loi \u00e9lectorale","Tunisie"],"articleSection":["POLITIQUE","Tunisie"],"inLanguage":"fr-FR","potentialAction":[{"@type":"CommentAction","name":"Comment","target":["https:\/\/kapitalis.com\/tunisie\/2022\/09\/24\/tunisie-une-loi-electorale-discriminatoire-et-qui-tue-la-politique-abderrazek-al-mokhtar\/#respond"]}]},{"@type":"WebPage","@id":"https:\/\/kapitalis.com\/tunisie\/2022\/09\/24\/tunisie-une-loi-electorale-discriminatoire-et-qui-tue-la-politique-abderrazek-al-mokhtar\/","url":"https:\/\/kapitalis.com\/tunisie\/2022\/09\/24\/tunisie-une-loi-electorale-discriminatoire-et-qui-tue-la-politique-abderrazek-al-mokhtar\/","name":"Tunisie : \u00abUne loi \u00e9lectorale discriminatoire et qui tue la politique\u00bb (Abderrazek Al-Mokhtar) - Kapitalis","isPartOf":{"@id":"https:\/\/kapitalis.com\/tunisie\/#website"},"primaryImageOfPage":{"@id":"https:\/\/kapitalis.com\/tunisie\/2022\/09\/24\/tunisie-une-loi-electorale-discriminatoire-et-qui-tue-la-politique-abderrazek-al-mokhtar\/#primaryimage"},"image":{"@id":"https:\/\/kapitalis.com\/tunisie\/2022\/09\/24\/tunisie-une-loi-electorale-discriminatoire-et-qui-tue-la-politique-abderrazek-al-mokhtar\/#primaryimage"},"thumbnailUrl":"https:\/\/kapitalis.com\/tunisie\/wp-content\/uploads\/2022\/09\/Abderrazek-Al-Mokhtar.jpg","datePublished":"2022-09-24T12:23:36+00:00","dateModified":"2022-09-24T12:23:38+00:00","breadcrumb":{"@id":"https:\/\/kapitalis.com\/tunisie\/2022\/09\/24\/tunisie-une-loi-electorale-discriminatoire-et-qui-tue-la-politique-abderrazek-al-mokhtar\/#breadcrumb"},"inLanguage":"fr-FR","potentialAction":[{"@type":"ReadAction","target":["https:\/\/kapitalis.com\/tunisie\/2022\/09\/24\/tunisie-une-loi-electorale-discriminatoire-et-qui-tue-la-politique-abderrazek-al-mokhtar\/"]}]},{"@type":"ImageObject","inLanguage":"fr-FR","@id":"https:\/\/kapitalis.com\/tunisie\/2022\/09\/24\/tunisie-une-loi-electorale-discriminatoire-et-qui-tue-la-politique-abderrazek-al-mokhtar\/#primaryimage","url":"https:\/\/kapitalis.com\/tunisie\/wp-content\/uploads\/2022\/09\/Abderrazek-Al-Mokhtar.jpg","contentUrl":"https:\/\/kapitalis.com\/tunisie\/wp-content\/uploads\/2022\/09\/Abderrazek-Al-Mokhtar.jpg","width":1200,"height":630},{"@type":"BreadcrumbList","@id":"https:\/\/kapitalis.com\/tunisie\/2022\/09\/24\/tunisie-une-loi-electorale-discriminatoire-et-qui-tue-la-politique-abderrazek-al-mokhtar\/#breadcrumb","itemListElement":[{"@type":"ListItem","position":1,"name":"Accueil","item":"https:\/\/kapitalis.com\/tunisie\/"},{"@type":"ListItem","position":2,"name":"Tunisie : \u00abUne loi \u00e9lectorale discriminatoire et qui tue la politique\u00bb (Abderrazek Al-Mokhtar)"}]},{"@type":"WebSite","@id":"https:\/\/kapitalis.com\/tunisie\/#website","url":"https:\/\/kapitalis.com\/tunisie\/","name":"Kapitalis","description":"L&#039;actualit\u00e9 en Tunisie et dans le monde","publisher":{"@id":"https:\/\/kapitalis.com\/tunisie\/#organization"},"potentialAction":[{"@type":"SearchAction","target":{"@type":"EntryPoint","urlTemplate":"https:\/\/kapitalis.com\/tunisie\/?s={search_term_string}"},"query-input":{"@type":"PropertyValueSpecification","valueRequired":true,"valueName":"search_term_string"}}],"inLanguage":"fr-FR"},{"@type":"Organization","@id":"https:\/\/kapitalis.com\/tunisie\/#organization","name":"Kapitalis","url":"https:\/\/kapitalis.com\/tunisie\/","logo":{"@type":"ImageObject","inLanguage":"fr-FR","@id":"https:\/\/kapitalis.com\/tunisie\/#\/schema\/logo\/image\/","url":"https:\/\/kapitalis.com\/tunisie\/wp-content\/uploads\/2022\/05\/Kapitalis-big-size.png","contentUrl":"https:\/\/kapitalis.com\/tunisie\/wp-content\/uploads\/2022\/05\/Kapitalis-big-size.png","width":5000,"height":1500,"caption":"Kapitalis"},"image":{"@id":"https:\/\/kapitalis.com\/tunisie\/#\/schema\/logo\/image\/"},"sameAs":["https:\/\/www.facebook.com\/KapitalisInfo\/","https:\/\/x.com\/KapitalisInfo","https:\/\/www.youtube.com\/channel\/UC-yDYrHyfFBWWZaOw3FPg9Q"]},{"@type":"Person","@id":"https:\/\/kapitalis.com\/tunisie\/#\/schema\/person\/d71f33a9ca44f7bad4698210b480c8e9","name":"webmaster kapitalis","url":"https:\/\/kapitalis.com\/tunisie\/author\/webmaster-kapitalis\/"}]}},"_links":{"self":[{"href":"https:\/\/kapitalis.com\/tunisie\/wp-json\/wp\/v2\/posts\/4242583","targetHints":{"allow":["GET"]}}],"collection":[{"href":"https:\/\/kapitalis.com\/tunisie\/wp-json\/wp\/v2\/posts"}],"about":[{"href":"https:\/\/kapitalis.com\/tunisie\/wp-json\/wp\/v2\/types\/post"}],"author":[{"embeddable":true,"href":"https:\/\/kapitalis.com\/tunisie\/wp-json\/wp\/v2\/users\/8"}],"replies":[{"embeddable":true,"href":"https:\/\/kapitalis.com\/tunisie\/wp-json\/wp\/v2\/comments?post=4242583"}],"version-history":[{"count":0,"href":"https:\/\/kapitalis.com\/tunisie\/wp-json\/wp\/v2\/posts\/4242583\/revisions"}],"wp:featuredmedia":[{"embeddable":true,"href":"https:\/\/kapitalis.com\/tunisie\/wp-json\/wp\/v2\/media\/4242700"}],"wp:attachment":[{"href":"https:\/\/kapitalis.com\/tunisie\/wp-json\/wp\/v2\/media?parent=4242583"}],"wp:term":[{"taxonomy":"category","embeddable":true,"href":"https:\/\/kapitalis.com\/tunisie\/wp-json\/wp\/v2\/categories?post=4242583"},{"taxonomy":"post_tag","embeddable":true,"href":"https:\/\/kapitalis.com\/tunisie\/wp-json\/wp\/v2\/tags?post=4242583"}],"curies":[{"name":"wp","href":"https:\/\/api.w.org\/{rel}","templated":true}]}}